{"id":1937,"date":"2020-10-23T12:35:48","date_gmt":"2020-10-23T17:35:48","guid":{"rendered":"http:\/\/expressometro.mx\/?p=1937"},"modified":"2020-10-24T00:42:28","modified_gmt":"2020-10-24T05:42:28","slug":"cobija-difem-a-adultos-mayores-mexiquenses-en-esta-temporada-de-frio","status":"publish","type":"post","link":"https:\/\/expressometro.mx\/index.php\/2020\/10\/23\/cobija-difem-a-adultos-mayores-mexiquenses-en-esta-temporada-de-frio\/","title":{"rendered":"COBIJA DIFEM A ADULTOS MAYORES MEXIQUENSES EN ESTA TEMPORADA DE FR\u00cdO"},"content":{"rendered":"\n<p>Para cuidar y proteger a los adultos mayores durante la temporada invernal, el DIF Estado de M\u00e9xico (DIFEM), que preside Fernanda Castillo de Del Mazo, pone en marcha diversas acciones preventivas que ayudar\u00e1n a evitar el riesgo de presentar complicaciones m\u00e1s graves a causa de enfermedades infecciosas.<\/p>\n\n\n\n<p>Al visitar el Asilo de Nuestra Se\u00f1ora de Guadalupe, en Jilotepec, donde 75 adultos mayores fueron vacunados contra la influenza, Miguel \u00c1ngel Torres Cabello, Director General del DIFEM, se\u00f1al\u00f3 que de la mano con la Secretar\u00eda de Salud se aplicar\u00e1n dosis de esta vacuna en los 40 asilos y albergues del Estado de M\u00e9xico.<\/p>\n\n\n\n<p>Acompa\u00f1ado por Ana Mu\u00f1iz Neyra, Coordinadora de Atenci\u00f3n de Adultos Mayores del organismo, Miguel \u00c1ngel Torres, tambi\u00e9n otorg\u00f3 aparatos funcionales y apoyos en especie, adem\u00e1s, reconoci\u00f3 la labor de sus cuidadores, y agradeci\u00f3 la suma de voluntades en apoyo a esta poblaci\u00f3n, que en algunos casos han sido abandonados o violentados, 22 de ellos detectados a trav\u00e9s de la Alerta Plateada Edom\u00e9x.<\/p>\n\n\n\n<p>En este sentido, el titular hizo un llamado a la poblaci\u00f3n en general para respetar los derechos de las personas adultas mayores, y tambi\u00e9n reportar de manera an\u00f3nima los casos de violencia, maltrato y abandono al n\u00famero 089.<\/p>\n\n\n\n<p>Durante su recorrido por este municipio, en donde tambi\u00e9n visit\u00f3 las comunidades de Denjhi y el Ejido de Coscomate, Torres Cabello se\u00f1al\u00f3 que uno de los compromisos de la Presidenta Honoraria, Fernanda Castillo de Del Mazo, es procurar el bienestar de la poblaci\u00f3n, por lo que de manera directa, en cada hogar, entreg\u00f3 cobertores, apoyos alimentarios, aparatos funcionales, l\u00e1minas, entre otros en beneficio de las familias que habitan en situaci\u00f3n de vulnerabilidad.<\/p>\n\n\n\n<p>Miguel \u00c1ngel Torres puntualiz\u00f3 que estos apoyos para prevenir problemas de salud por temporada invernal estar\u00e1n llegando a todas las familias mexiquenses de la entidad que habiten en zonas de mayor riesgo por exposici\u00f3n a las bajas temperaturas.<\/p>\n\n\n\n<figure class=\"wp-block-video\"><video height=\"720\" style=\"aspect-ratio: 1280 \/ 720;\" width=\"1280\" controls src=\"http:\/\/expressometro.mx\/wp-content\/uploads\/2020\/10\/trim.7D89516B-000C-43C4-9402-0754839B1A72.mov\"><\/video><\/figure>\n","protected":false},"excerpt":{"rendered":"<p>Para cuidar y proteger a los adultos mayores durante la temporada invernal, el DIF Estado de M\u00e9xico (DIFEM), que preside Fernanda Castillo de Del Mazo, pone en marcha diversas acciones preventivas que ayudar\u00e1n a evitar el riesgo de presentar complicaciones m\u00e1s graves a causa de enfermedades infecciosas. Al visitar el Asilo de Nuestra Se\u00f1ora de Guadalupe, en Jilotepec, donde 75 adultos mayores fueron vacunados contra la influenza, Miguel \u00c1ngel Torres Cabello, Director General del DIFEM, se\u00f1al\u00f3 que de la mano con la Secretar\u00eda de Salud se aplicar\u00e1n dosis de esta&hellip;<\/p>\n","protected":false},"author":1,"featured_media":1941,"comment_status":"open","ping_status":"open","sticky":false,"template":"","format":"standard","meta":{"footnotes":""},"categories":[3],"tags":[88],"class_list":["post-1937","post","type-post","status-publish","format-standard","has-post-thumbnail","hentry","category-gobierno","tag-difem"],"yoast_head":"<!-- This site is optimized with the Yoast SEO plugin v27.5 - https:\/\/yoast.com\/product\/yoast-seo-wordpress\/ -->\n<title>COBIJA DIFEM A ADULTOS MAYORES MEXIQUENSES EN ESTA TEMPORADA DE FR\u00cdO - Expresso Metropolitano<\/title>\n<meta name=\"robots\" content=\"index, follow, max-snippet:-1, max-image-preview:large, max-video-preview:-1\" \/>\n<link rel=\"canonical\" href=\"https:\/\/expressometro.mx\/index.php\/2020\/10\/23\/cobija-difem-a-adultos-mayores-mexiquenses-en-esta-temporada-de-frio\/\" \/>\n<meta property=\"og:locale\" content=\"es_MX\" \/>\n<meta property=\"og:type\" content=\"article\" \/>\n<meta property=\"og:title\" content=\"COBIJA DIFEM A ADULTOS MAYORES MEXIQUENSES EN ESTA TEMPORADA DE FR\u00cdO - Expresso Metropolitano\" \/>\n<meta property=\"og:description\" content=\"Para cuidar y proteger a los adultos mayores durante la temporada invernal, el DIF Estado de M\u00e9xico (DIFEM), que preside Fernanda Castillo de Del Mazo, pone en marcha diversas acciones preventivas que ayudar\u00e1n a evitar el riesgo de presentar complicaciones m\u00e1s graves a causa de enfermedades infecciosas. Al visitar el Asilo de Nuestra Se\u00f1ora de Guadalupe, en Jilotepec, donde 75 adultos mayores fueron vacunados contra la influenza, Miguel \u00c1ngel Torres Cabello, Director General del DIFEM, se\u00f1al\u00f3 que de la mano con la Secretar\u00eda de Salud se aplicar\u00e1n dosis de esta&hellip;\" \/>\n<meta property=\"og:url\" content=\"https:\/\/expressometro.mx\/index.php\/2020\/10\/23\/cobija-difem-a-adultos-mayores-mexiquenses-en-esta-temporada-de-frio\/\" \/>\n<meta property=\"og:site_name\" content=\"Expresso Metropolitano\" \/>\n<meta property=\"article:published_time\" content=\"2020-10-23T17:35:48+00:00\" \/>\n<meta property=\"article:modified_time\" content=\"2020-10-24T05:42:28+00:00\" \/>\n<meta property=\"og:image\" content=\"https:\/\/expressometro.mx\/wp-content\/uploads\/2020\/10\/A569109E-28EC-490E-8266-1D719594A27C.jpeg\" \/>\n\t<meta property=\"og:image:width\" content=\"1024\" \/>\n\t<meta property=\"og:image:height\" content=\"681\" \/>\n\t<meta property=\"og:image:type\" content=\"image\/jpeg\" \/>\n<meta name=\"author\" content=\"Expresso Metropolitano\" \/>\n<meta name=\"twitter:label1\" content=\"Escrito por\" \/>\n\t<meta name=\"twitter:data1\" content=\"Expresso Metropolitano\" \/>\n\t<meta name=\"twitter:label2\" content=\"Tiempo de lectura\" \/>\n\t<meta name=\"twitter:data2\" content=\"2 minutos\" \/>\n<script type=\"application\/ld+json\" class=\"yoast-schema-graph\">{\"@context\":\"https:\\\/\\\/schema.org\",\"@graph\":[{\"@type\":\"Article\",\"@id\":\"https:\\\/\\\/expressometro.mx\\\/index.php\\\/2020\\\/10\\\/23\\\/cobija-difem-a-adultos-mayores-mexiquenses-en-esta-temporada-de-frio\\\/#article\",\"isPartOf\":{\"@id\":\"https:\\\/\\\/expressometro.mx\\\/index.php\\\/2020\\\/10\\\/23\\\/cobija-difem-a-adultos-mayores-mexiquenses-en-esta-temporada-de-frio\\\/\"},\"author\":{\"name\":\"Expresso Metropolitano\",\"@id\":\"https:\\\/\\\/expressometro.mx\\\/#\\\/schema\\\/person\\\/efa971b4a0664db8ed5c22b1b0dd2f5d\"},\"headline\":\"COBIJA DIFEM A ADULTOS MAYORES MEXIQUENSES EN ESTA TEMPORADA DE FR\u00cdO\",\"datePublished\":\"2020-10-23T17:35:48+00:00\",\"dateModified\":\"2020-10-24T05:42:28+00:00\",\"mainEntityOfPage\":{\"@id\":\"https:\\\/\\\/expressometro.mx\\\/index.php\\\/2020\\\/10\\\/23\\\/cobija-difem-a-adultos-mayores-mexiquenses-en-esta-temporada-de-frio\\\/\"},\"wordCount\":346,\"commentCount\":0,\"publisher\":{\"@id\":\"https:\\\/\\\/expressometro.mx\\\/#organization\"},\"image\":{\"@id\":\"https:\\\/\\\/expressometro.mx\\\/index.php\\\/2020\\\/10\\\/23\\\/cobija-difem-a-adultos-mayores-mexiquenses-en-esta-temporada-de-frio\\\/#primaryimage\"},\"thumbnailUrl\":\"https:\\\/\\\/expressometro.mx\\\/wp-content\\\/uploads\\\/2020\\\/10\\\/A569109E-28EC-490E-8266-1D719594A27C.jpeg\",\"keywords\":[\"DIFEM\"],\"articleSection\":[\"Gobierno\"],\"inLanguage\":\"es\",\"potentialAction\":[{\"@type\":\"CommentAction\",\"name\":\"Comment\",\"target\":[\"https:\\\/\\\/expressometro.mx\\\/index.php\\\/2020\\\/10\\\/23\\\/cobija-difem-a-adultos-mayores-mexiquenses-en-esta-temporada-de-frio\\\/#respond\"]}]},{\"@type\":\"WebPage\",\"@id\":\"https:\\\/\\\/expressometro.mx\\\/index.php\\\/2020\\\/10\\\/23\\\/cobija-difem-a-adultos-mayores-mexiquenses-en-esta-temporada-de-frio\\\/\",\"url\":\"https:\\\/\\\/expressometro.mx\\\/index.php\\\/2020\\\/10\\\/23\\\/cobija-difem-a-adultos-mayores-mexiquenses-en-esta-temporada-de-frio\\\/\",\"name\":\"COBIJA DIFEM A ADULTOS MAYORES MEXIQUENSES EN ESTA TEMPORADA DE FR\u00cdO - Expresso Metropolitano\",\"isPartOf\":{\"@id\":\"https:\\\/\\\/expressometro.mx\\\/#website\"},\"primaryImageOfPage\":{\"@id\":\"https:\\\/\\\/expressometro.mx\\\/index.php\\\/2020\\\/10\\\/23\\\/cobija-difem-a-adultos-mayores-mexiquenses-en-esta-temporada-de-frio\\\/#primaryimage\"},\"image\":{\"@id\":\"https:\\\/\\\/expressometro.mx\\\/index.php\\\/2020\\\/10\\\/23\\\/cobija-difem-a-adultos-mayores-mexiquenses-en-esta-temporada-de-frio\\\/#primaryimage\"},\"thumbnailUrl\":\"https:\\\/\\\/expressometro.mx\\\/wp-content\\\/uploads\\\/2020\\\/10\\\/A569109E-28EC-490E-8266-1D719594A27C.jpeg\",\"datePublished\":\"2020-10-23T17:35:48+00:00\",\"dateModified\":\"2020-10-24T05:42:28+00:00\",\"breadcrumb\":{\"@id\":\"https:\\\/\\\/expressometro.mx\\\/index.php\\\/2020\\\/10\\\/23\\\/cobija-difem-a-adultos-mayores-mexiquenses-en-esta-temporada-de-frio\\\/#breadcrumb\"},\"inLanguage\":\"es\",\"potentialAction\":[{\"@type\":\"ReadAction\",\"target\":[\"https:\\\/\\\/expressometro.mx\\\/index.php\\\/2020\\\/10\\\/23\\\/cobija-difem-a-adultos-mayores-mexiquenses-en-esta-temporada-de-frio\\\/\"]}]},{\"@type\":\"ImageObject\",\"inLanguage\":\"es\",\"@id\":\"https:\\\/\\\/expressometro.mx\\\/index.php\\\/2020\\\/10\\\/23\\\/cobija-difem-a-adultos-mayores-mexiquenses-en-esta-temporada-de-frio\\\/#primaryimage\",\"url\":\"https:\\\/\\\/expressometro.mx\\\/wp-content\\\/uploads\\\/2020\\\/10\\\/A569109E-28EC-490E-8266-1D719594A27C.jpeg\",\"contentUrl\":\"https:\\\/\\\/expressometro.mx\\\/wp-content\\\/uploads\\\/2020\\\/10\\\/A569109E-28EC-490E-8266-1D719594A27C.jpeg\",\"width\":1024,\"height\":681},{\"@type\":\"BreadcrumbList\",\"@id\":\"https:\\\/\\\/expressometro.mx\\\/index.php\\\/2020\\\/10\\\/23\\\/cobija-difem-a-adultos-mayores-mexiquenses-en-esta-temporada-de-frio\\\/#breadcrumb\",\"itemListElement\":[{\"@type\":\"ListItem\",\"position\":1,\"name\":\"Inicio\",\"item\":\"https:\\\/\\\/expressometro.mx\\\/\"},{\"@type\":\"ListItem\",\"position\":2,\"name\":\"COBIJA DIFEM A ADULTOS MAYORES MEXIQUENSES EN ESTA TEMPORADA DE FR\u00cdO\"}]},{\"@type\":\"WebSite\",\"@id\":\"https:\\\/\\\/expressometro.mx\\\/#website\",\"url\":\"https:\\\/\\\/expressometro.mx\\\/\",\"name\":\"Expresso Metropolitano\",\"description\":\"Periodismo comprometido, informaci\u00f3n, investigaci\u00f3n y an\u00e1lisis\",\"publisher\":{\"@id\":\"https:\\\/\\\/expressometro.mx\\\/#organization\"},\"potentialAction\":[{\"@type\":\"SearchAction\",\"target\":{\"@type\":\"EntryPoint\",\"urlTemplate\":\"https:\\\/\\\/expressometro.mx\\\/?s={search_term_string}\"},\"query-input\":{\"@type\":\"PropertyValueSpecification\",\"valueRequired\":true,\"valueName\":\"search_term_string\"}}],\"inLanguage\":\"es\"},{\"@type\":\"Organization\",\"@id\":\"https:\\\/\\\/expressometro.mx\\\/#organization\",\"name\":\"Expresso Metropolitano\",\"url\":\"https:\\\/\\\/expressometro.mx\\\/\",\"logo\":{\"@type\":\"ImageObject\",\"inLanguage\":\"es\",\"@id\":\"https:\\\/\\\/expressometro.mx\\\/#\\\/schema\\\/logo\\\/image\\\/\",\"url\":\"https:\\\/\\\/expressometro.mx\\\/wp-content\\\/uploads\\\/2019\\\/07\\\/cropped-Logo-Expresso-Metropolitano-1-1.jpeg\",\"contentUrl\":\"https:\\\/\\\/expressometro.mx\\\/wp-content\\\/uploads\\\/2019\\\/07\\\/cropped-Logo-Expresso-Metropolitano-1-1.jpeg\",\"width\":290,\"height\":73,\"caption\":\"Expresso Metropolitano\"},\"image\":{\"@id\":\"https:\\\/\\\/expressometro.mx\\\/#\\\/schema\\\/logo\\\/image\\\/\"}},{\"@type\":\"Person\",\"@id\":\"https:\\\/\\\/expressometro.mx\\\/#\\\/schema\\\/person\\\/efa971b4a0664db8ed5c22b1b0dd2f5d\",\"name\":\"Expresso Metropolitano\",\"image\":{\"@type\":\"ImageObject\",\"inLanguage\":\"es\",\"@id\":\"https:\\\/\\\/secure.gravatar.com\\\/avatar\\\/a89f802b8de18c6952f223c88d3d106e9e3679839f4e25a02f4a6cc2ae6ba3b3?s=96&d=mm&r=g\",\"url\":\"https:\\\/\\\/secure.gravatar.com\\\/avatar\\\/a89f802b8de18c6952f223c88d3d106e9e3679839f4e25a02f4a6cc2ae6ba3b3?s=96&d=mm&r=g\",\"contentUrl\":\"https:\\\/\\\/secure.gravatar.com\\\/avatar\\\/a89f802b8de18c6952f223c88d3d106e9e3679839f4e25a02f4a6cc2ae6ba3b3?s=96&d=mm&r=g\",\"caption\":\"Expresso Metropolitano\"},\"url\":\"https:\\\/\\\/expressometro.mx\\\/index.php\\\/author\\\/diego\\\/\"}]}<\/script>\n<!-- \/ Yoast SEO plugin. -->","yoast_head_json":{"title":"COBIJA DIFEM A ADULTOS MAYORES MEXIQUENSES EN ESTA TEMPORADA DE FR\u00cdO - Expresso Metropolitano","robots":{"index":"index","follow":"follow","max-snippet":"max-snippet:-1","max-image-preview":"max-image-preview:large","max-video-preview":"max-video-preview:-1"},"canonical":"https:\/\/expressometro.mx\/index.php\/2020\/10\/23\/cobija-difem-a-adultos-mayores-mexiquenses-en-esta-temporada-de-frio\/","og_locale":"es_MX","og_type":"article","og_title":"COBIJA DIFEM A ADULTOS MAYORES MEXIQUENSES EN ESTA TEMPORADA DE FR\u00cdO - Expresso Metropolitano","og_description":"Para cuidar y proteger a los adultos mayores durante la temporada invernal, el DIF Estado de M\u00e9xico (DIFEM), que preside Fernanda Castillo de Del Mazo, pone en marcha diversas acciones preventivas que ayudar\u00e1n a evitar el riesgo de presentar complicaciones m\u00e1s graves a causa de enfermedades infecciosas. Al visitar el Asilo de Nuestra Se\u00f1ora de Guadalupe, en Jilotepec, donde 75 adultos mayores fueron vacunados contra la influenza, Miguel \u00c1ngel Torres Cabello, Director General del DIFEM, se\u00f1al\u00f3 que de la mano con la Secretar\u00eda de Salud se aplicar\u00e1n dosis de esta&hellip;","og_url":"https:\/\/expressometro.mx\/index.php\/2020\/10\/23\/cobija-difem-a-adultos-mayores-mexiquenses-en-esta-temporada-de-frio\/","og_site_name":"Expresso Metropolitano","article_published_time":"2020-10-23T17:35:48+00:00","article_modified_time":"2020-10-24T05:42:28+00:00","og_image":[{"width":1024,"height":681,"url":"https:\/\/expressometro.mx\/wp-content\/uploads\/2020\/10\/A569109E-28EC-490E-8266-1D719594A27C.jpeg","type":"image\/jpeg"}],"author":"Expresso Metropolitano","twitter_misc":{"Escrito por":"Expresso Metropolitano","Tiempo de lectura":"2 minutos"},"schema":{"@context":"https:\/\/schema.org","@graph":[{"@type":"Article","@id":"https:\/\/expressometro.mx\/index.php\/2020\/10\/23\/cobija-difem-a-adultos-mayores-mexiquenses-en-esta-temporada-de-frio\/#article","isPartOf":{"@id":"https:\/\/expressometro.mx\/index.php\/2020\/10\/23\/cobija-difem-a-adultos-mayores-mexiquenses-en-esta-temporada-de-frio\/"},"author":{"name":"Expresso Metropolitano","@id":"https:\/\/expressometro.mx\/#\/schema\/person\/efa971b4a0664db8ed5c22b1b0dd2f5d"},"headline":"COBIJA DIFEM A ADULTOS MAYORES MEXIQUENSES EN ESTA TEMPORADA DE FR\u00cdO","datePublished":"2020-10-23T17:35:48+00:00","dateModified":"2020-10-24T05:42:28+00:00","mainEntityOfPage":{"@id":"https:\/\/expressometro.mx\/index.php\/2020\/10\/23\/cobija-difem-a-adultos-mayores-mexiquenses-en-esta-temporada-de-frio\/"},"wordCount":346,"commentCount":0,"publisher":{"@id":"https:\/\/expressometro.mx\/#organization"},"image":{"@id":"https:\/\/expressometro.mx\/index.php\/2020\/10\/23\/cobija-difem-a-adultos-mayores-mexiquenses-en-esta-temporada-de-frio\/#primaryimage"},"thumbnailUrl":"https:\/\/expressometro.mx\/wp-content\/uploads\/2020\/10\/A569109E-28EC-490E-8266-1D719594A27C.jpeg","keywords":["DIFEM"],"articleSection":["Gobierno"],"inLanguage":"es","potentialAction":[{"@type":"CommentAction","name":"Comment","target":["https:\/\/expressometro.mx\/index.php\/2020\/10\/23\/cobija-difem-a-adultos-mayores-mexiquenses-en-esta-temporada-de-frio\/#respond"]}]},{"@type":"WebPage","@id":"https:\/\/expressometro.mx\/index.php\/2020\/10\/23\/cobija-difem-a-adultos-mayores-mexiquenses-en-esta-temporada-de-frio\/","url":"https:\/\/expressometro.mx\/index.php\/2020\/10\/23\/cobija-difem-a-adultos-mayores-mexiquenses-en-esta-temporada-de-frio\/","name":"COBIJA DIFEM A ADULTOS MAYORES MEXIQUENSES EN ESTA TEMPORADA DE FR\u00cdO - Expresso Metropolitano","isPartOf":{"@id":"https:\/\/expressometro.mx\/#website"},"primaryImageOfPage":{"@id":"https:\/\/expressometro.mx\/index.php\/2020\/10\/23\/cobija-difem-a-adultos-mayores-mexiquenses-en-esta-temporada-de-frio\/#primaryimage"},"image":{"@id":"https:\/\/expressometro.mx\/index.php\/2020\/10\/23\/cobija-difem-a-adultos-mayores-mexiquenses-en-esta-temporada-de-frio\/#primaryimage"},"thumbnailUrl":"https:\/\/expressometro.mx\/wp-content\/uploads\/2020\/10\/A569109E-28EC-490E-8266-1D719594A27C.jpeg","datePublished":"2020-10-23T17:35:48+00:00","dateModified":"2020-10-24T05:42:28+00:00","breadcrumb":{"@id":"https:\/\/expressometro.mx\/index.php\/2020\/10\/23\/cobija-difem-a-adultos-mayores-mexiquenses-en-esta-temporada-de-frio\/#breadcrumb"},"inLanguage":"es","potentialAction":[{"@type":"ReadAction","target":["https:\/\/expressometro.mx\/index.php\/2020\/10\/23\/cobija-difem-a-adultos-mayores-mexiquenses-en-esta-temporada-de-frio\/"]}]},{"@type":"ImageObject","inLanguage":"es","@id":"https:\/\/expressometro.mx\/index.php\/2020\/10\/23\/cobija-difem-a-adultos-mayores-mexiquenses-en-esta-temporada-de-frio\/#primaryimage","url":"https:\/\/expressometro.mx\/wp-content\/uploads\/2020\/10\/A569109E-28EC-490E-8266-1D719594A27C.jpeg","contentUrl":"https:\/\/expressometro.mx\/wp-content\/uploads\/2020\/10\/A569109E-28EC-490E-8266-1D719594A27C.jpeg","width":1024,"height":681},{"@type":"BreadcrumbList","@id":"https:\/\/expressometro.mx\/index.php\/2020\/10\/23\/cobija-difem-a-adultos-mayores-mexiquenses-en-esta-temporada-de-frio\/#breadcrumb","itemListElement":[{"@type":"ListItem","position":1,"name":"Inicio","item":"https:\/\/expressometro.mx\/"},{"@type":"ListItem","position":2,"name":"COBIJA DIFEM A ADULTOS MAYORES MEXIQUENSES EN ESTA TEMPORADA DE FR\u00cdO"}]},{"@type":"WebSite","@id":"https:\/\/expressometro.mx\/#website","url":"https:\/\/expressometro.mx\/","name":"Expresso Metropolitano","description":"Periodismo comprometido, informaci\u00f3n, investigaci\u00f3n y an\u00e1lisis","publisher":{"@id":"https:\/\/expressometro.mx\/#organization"},"potentialAction":[{"@type":"SearchAction","target":{"@type":"EntryPoint","urlTemplate":"https:\/\/expressometro.mx\/?s={search_term_string}"},"query-input":{"@type":"PropertyValueSpecification","valueRequired":true,"valueName":"search_term_string"}}],"inLanguage":"es"},{"@type":"Organization","@id":"https:\/\/expressometro.mx\/#organization","name":"Expresso Metropolitano","url":"https:\/\/expressometro.mx\/","logo":{"@type":"ImageObject","inLanguage":"es","@id":"https:\/\/expressometro.mx\/#\/schema\/logo\/image\/","url":"https:\/\/expressometro.mx\/wp-content\/uploads\/2019\/07\/cropped-Logo-Expresso-Metropolitano-1-1.jpeg","contentUrl":"https:\/\/expressometro.mx\/wp-content\/uploads\/2019\/07\/cropped-Logo-Expresso-Metropolitano-1-1.jpeg","width":290,"height":73,"caption":"Expresso Metropolitano"},"image":{"@id":"https:\/\/expressometro.mx\/#\/schema\/logo\/image\/"}},{"@type":"Person","@id":"https:\/\/expressometro.mx\/#\/schema\/person\/efa971b4a0664db8ed5c22b1b0dd2f5d","name":"Expresso Metropolitano","image":{"@type":"ImageObject","inLanguage":"es","@id":"https:\/\/secure.gravatar.com\/avatar\/a89f802b8de18c6952f223c88d3d106e9e3679839f4e25a02f4a6cc2ae6ba3b3?s=96&d=mm&r=g","url":"https:\/\/secure.gravatar.com\/avatar\/a89f802b8de18c6952f223c88d3d106e9e3679839f4e25a02f4a6cc2ae6ba3b3?s=96&d=mm&r=g","contentUrl":"https:\/\/secure.gravatar.com\/avatar\/a89f802b8de18c6952f223c88d3d106e9e3679839f4e25a02f4a6cc2ae6ba3b3?s=96&d=mm&r=g","caption":"Expresso Metropolitano"},"url":"https:\/\/expressometro.mx\/index.php\/author\/diego\/"}]}},"amp_enabled":true,"_links":{"self":[{"href":"https:\/\/expressometro.mx\/index.php\/wp-json\/wp\/v2\/posts\/1937","targetHints":{"allow":["GET"]}}],"collection":[{"href":"https:\/\/expressometro.mx\/index.php\/wp-json\/wp\/v2\/posts"}],"about":[{"href":"https:\/\/expressometro.mx\/index.php\/wp-json\/wp\/v2\/types\/post"}],"author":[{"embeddable":true,"href":"https:\/\/expressometro.mx\/index.php\/wp-json\/wp\/v2\/users\/1"}],"replies":[{"embeddable":true,"href":"https:\/\/expressometro.mx\/index.php\/wp-json\/wp\/v2\/comments?post=1937"}],"version-history":[{"count":1,"href":"https:\/\/expressometro.mx\/index.php\/wp-json\/wp\/v2\/posts\/1937\/revisions"}],"predecessor-version":[{"id":1940,"href":"https:\/\/expressometro.mx\/index.php\/wp-json\/wp\/v2\/posts\/1937\/revisions\/1940"}],"wp:featuredmedia":[{"embeddable":true,"href":"https:\/\/expressometro.mx\/index.php\/wp-json\/wp\/v2\/media\/1941"}],"wp:attachment":[{"href":"https:\/\/expressometro.mx\/index.php\/wp-json\/wp\/v2\/media?parent=1937"}],"wp:term":[{"taxonomy":"category","embeddable":true,"href":"https:\/\/expressometro.mx\/index.php\/wp-json\/wp\/v2\/categories?post=1937"},{"taxonomy":"post_tag","embeddable":true,"href":"https:\/\/expressometro.mx\/index.php\/wp-json\/wp\/v2\/tags?post=1937"}],"curies":[{"name":"wp","href":"https:\/\/api.w.org\/{rel}","templated":true}]}}