{"id":1895,"date":"2020-10-02T18:24:07","date_gmt":"2020-10-02T23:24:07","guid":{"rendered":"http:\/\/expressometro.mx\/?p=1895"},"modified":"2020-10-02T18:38:38","modified_gmt":"2020-10-02T23:38:38","slug":"unidad-y-no-guerra-de-descalificaciones-exige-emilio-ulloa","status":"publish","type":"post","link":"https:\/\/expressometro.mx\/index.php\/2020\/10\/02\/unidad-y-no-guerra-de-descalificaciones-exige-emilio-ulloa\/","title":{"rendered":"Unidad y no \u201cguerra de descalificaciones\u201d exige Emilio Ulloa"},"content":{"rendered":"\n<p>Emilio Ulloa P\u00e9rez agradeci\u00f3 a todas las mujeres y hombres de este pa\u00eds que le expresaron su confianza en la encuesta que realiz\u00f3 el Instituto Nacional Electoral para seleccionar a quienes ocupar\u00e1n la Presidencia y la Secretar\u00eda General del Movimiento de Regeneraci\u00f3n Nacional (Morena), en la cual se ubic\u00f3 en segundo lugar para la Secretar\u00eda General con 15.1 por ciento de las preferencias.<br> El aspirante a Secretario General llam\u00f3 a los que quedan en la \u00faltima etapa del proceso de selecci\u00f3n a no hacer de \u00e9ste una \u201cguerra de descalificaciones\u201d, y advirti\u00f3 que el \u00fanico resultado favorable para Morena ser\u00e1 la unidad que favorezca la consolidaci\u00f3n del partido pol\u00edtico para llegar bien preparados al proceso electoral del 2021.<br> \u201cAqu\u00ed aprovecho para destacar que yo no tengo candidato ni candidata a la Presidencia del partido, y no lo voy a tener; yo no me voy a meter porque no me pronunciar\u00e9 por nadie, me sujeto a la resoluci\u00f3n de mi partido, aqu\u00ed acatamos lo que nos marqu\u00e9 la ley, pues no es posible que hagamos de una campa\u00f1a una guerra de descalificaci\u00f3n, yo no me voy a prestar a ello\u201d, indic\u00f3.<br> El ex diputado federal y local por Nezahualc\u00f3yotl anunci\u00f3 que en Toluca puso en marcha la \u00faltima etapa de la gira nacional que ha realizado en este proceso, para hacer un insistente llamado a la unidad y a la participaci\u00f3n de militantes y simpatizantes, recorrido en el que ha recorrido ya m\u00e1s de 10 mil 600 kil\u00f3metros por toda la Rep\u00fablica Mexicana, y sumar\u00e1 m\u00e1s de 5 mil kil\u00f3metros m\u00e1s.<br>  \u201cHoy que estamos aqu\u00ed, con ustedes, en la capital del Estado de M\u00e9xico, quiero agradecer a todas y a todos que se pronunciaron por mi persona, ahora falta notificar c\u00f3mo quedamos y vamos a esperar. Mientras, seguir\u00e9 recorriendo el pa\u00eds, porque hoy estamos en esta tarea y vamos a seguir en los pr\u00f3ximos d\u00edas, e insisto, seguiremos platicando con todas y todos porque es muy importante que se conozca lo que estamos haciendo\u201d, puntualiz\u00f3.<br> Pidi\u00f3 unidad por encima de todo y sumar al partido a los proyectos y para todos los sectores,  sobre todo en apoyo irrestricto al presidente Andr\u00e9s Manuel L\u00f3pez Obrador.<br> Emilio Ulloa reitero que Morena tiene que ser un importante apoyo las pol\u00edticas p\u00fablicas que impulsa el Presidente de M\u00e9xico para la transformaci\u00f3n del pa\u00eds, \u201cpues esa es la demanda de la ciudadan\u00eda\u201d, finaliz\u00f3.<\/p>\n","protected":false},"excerpt":{"rendered":"<p>Emilio Ulloa P\u00e9rez agradeci\u00f3 a todas las mujeres y hombres de este pa\u00eds que le expresaron su confianza en la encuesta que realiz\u00f3 el Instituto Nacional Electoral para seleccionar a quienes ocupar\u00e1n la Presidencia y la Secretar\u00eda General del Movimiento de Regeneraci\u00f3n Nacional (Morena), en la cual se ubic\u00f3 en segundo lugar para la Secretar\u00eda General con 15.1 por ciento de las preferencias. El aspirante a Secretario General llam\u00f3 a los que quedan en la \u00faltima etapa del proceso de selecci\u00f3n a no hacer de \u00e9ste una \u201cguerra de descalificaciones\u201d,&hellip;<\/p>\n","protected":false},"author":1,"featured_media":1898,"comment_status":"open","ping_status":"open","sticky":false,"template":"","format":"standard","meta":{"footnotes":""},"categories":[1],"tags":[],"class_list":["post-1895","post","type-post","status-publish","format-standard","has-post-thumbnail","hentry","category-otros"],"yoast_head":"<!-- This site is optimized with the Yoast SEO plugin v27.5 - https:\/\/yoast.com\/product\/yoast-seo-wordpress\/ -->\n<title>Unidad y no \u201cguerra de descalificaciones\u201d exige Emilio Ulloa - Expresso Metropolitano<\/title>\n<meta name=\"robots\" content=\"index, follow, max-snippet:-1, max-image-preview:large, max-video-preview:-1\" \/>\n<link rel=\"canonical\" href=\"https:\/\/expressometro.mx\/index.php\/2020\/10\/02\/unidad-y-no-guerra-de-descalificaciones-exige-emilio-ulloa\/\" \/>\n<meta property=\"og:locale\" content=\"es_MX\" \/>\n<meta property=\"og:type\" content=\"article\" \/>\n<meta property=\"og:title\" content=\"Unidad y no \u201cguerra de descalificaciones\u201d exige Emilio Ulloa - Expresso Metropolitano\" \/>\n<meta property=\"og:description\" content=\"Emilio Ulloa P\u00e9rez agradeci\u00f3 a todas las mujeres y hombres de este pa\u00eds que le expresaron su confianza en la encuesta que realiz\u00f3 el Instituto Nacional Electoral para seleccionar a quienes ocupar\u00e1n la Presidencia y la Secretar\u00eda General del Movimiento de Regeneraci\u00f3n Nacional (Morena), en la cual se ubic\u00f3 en segundo lugar para la Secretar\u00eda General con 15.1 por ciento de las preferencias. El aspirante a Secretario General llam\u00f3 a los que quedan en la \u00faltima etapa del proceso de selecci\u00f3n a no hacer de \u00e9ste una \u201cguerra de descalificaciones\u201d,&hellip;\" \/>\n<meta property=\"og:url\" content=\"https:\/\/expressometro.mx\/index.php\/2020\/10\/02\/unidad-y-no-guerra-de-descalificaciones-exige-emilio-ulloa\/\" \/>\n<meta property=\"og:site_name\" content=\"Expresso Metropolitano\" \/>\n<meta property=\"article:published_time\" content=\"2020-10-02T23:24:07+00:00\" \/>\n<meta property=\"article:modified_time\" content=\"2020-10-02T23:38:38+00:00\" \/>\n<meta property=\"og:image\" content=\"https:\/\/expressometro.mx\/wp-content\/uploads\/2020\/10\/CF1CE6D3-7E3B-4EE5-9159-A5CECF5DC9D3.jpeg\" \/>\n\t<meta property=\"og:image:width\" content=\"1032\" \/>\n\t<meta property=\"og:image:height\" content=\"774\" \/>\n\t<meta property=\"og:image:type\" content=\"image\/jpeg\" \/>\n<meta name=\"author\" content=\"Expresso Metropolitano\" \/>\n<meta name=\"twitter:label1\" content=\"Escrito por\" \/>\n\t<meta name=\"twitter:data1\" content=\"Expresso Metropolitano\" \/>\n\t<meta name=\"twitter:label2\" content=\"Tiempo de lectura\" \/>\n\t<meta name=\"twitter:data2\" content=\"2 minutos\" \/>\n<script type=\"application\/ld+json\" class=\"yoast-schema-graph\">{\"@context\":\"https:\\\/\\\/schema.org\",\"@graph\":[{\"@type\":\"Article\",\"@id\":\"https:\\\/\\\/expressometro.mx\\\/index.php\\\/2020\\\/10\\\/02\\\/unidad-y-no-guerra-de-descalificaciones-exige-emilio-ulloa\\\/#article\",\"isPartOf\":{\"@id\":\"https:\\\/\\\/expressometro.mx\\\/index.php\\\/2020\\\/10\\\/02\\\/unidad-y-no-guerra-de-descalificaciones-exige-emilio-ulloa\\\/\"},\"author\":{\"name\":\"Expresso Metropolitano\",\"@id\":\"https:\\\/\\\/expressometro.mx\\\/#\\\/schema\\\/person\\\/efa971b4a0664db8ed5c22b1b0dd2f5d\"},\"headline\":\"Unidad y no \u201cguerra de descalificaciones\u201d exige Emilio Ulloa\",\"datePublished\":\"2020-10-02T23:24:07+00:00\",\"dateModified\":\"2020-10-02T23:38:38+00:00\",\"mainEntityOfPage\":{\"@id\":\"https:\\\/\\\/expressometro.mx\\\/index.php\\\/2020\\\/10\\\/02\\\/unidad-y-no-guerra-de-descalificaciones-exige-emilio-ulloa\\\/\"},\"wordCount\":434,\"commentCount\":0,\"publisher\":{\"@id\":\"https:\\\/\\\/expressometro.mx\\\/#organization\"},\"image\":{\"@id\":\"https:\\\/\\\/expressometro.mx\\\/index.php\\\/2020\\\/10\\\/02\\\/unidad-y-no-guerra-de-descalificaciones-exige-emilio-ulloa\\\/#primaryimage\"},\"thumbnailUrl\":\"https:\\\/\\\/expressometro.mx\\\/wp-content\\\/uploads\\\/2020\\\/10\\\/CF1CE6D3-7E3B-4EE5-9159-A5CECF5DC9D3.jpeg\",\"articleSection\":[\"Otros\"],\"inLanguage\":\"es\",\"potentialAction\":[{\"@type\":\"CommentAction\",\"name\":\"Comment\",\"target\":[\"https:\\\/\\\/expressometro.mx\\\/index.php\\\/2020\\\/10\\\/02\\\/unidad-y-no-guerra-de-descalificaciones-exige-emilio-ulloa\\\/#respond\"]}]},{\"@type\":\"WebPage\",\"@id\":\"https:\\\/\\\/expressometro.mx\\\/index.php\\\/2020\\\/10\\\/02\\\/unidad-y-no-guerra-de-descalificaciones-exige-emilio-ulloa\\\/\",\"url\":\"https:\\\/\\\/expressometro.mx\\\/index.php\\\/2020\\\/10\\\/02\\\/unidad-y-no-guerra-de-descalificaciones-exige-emilio-ulloa\\\/\",\"name\":\"Unidad y no \u201cguerra de descalificaciones\u201d exige Emilio Ulloa - Expresso Metropolitano\",\"isPartOf\":{\"@id\":\"https:\\\/\\\/expressometro.mx\\\/#website\"},\"primaryImageOfPage\":{\"@id\":\"https:\\\/\\\/expressometro.mx\\\/index.php\\\/2020\\\/10\\\/02\\\/unidad-y-no-guerra-de-descalificaciones-exige-emilio-ulloa\\\/#primaryimage\"},\"image\":{\"@id\":\"https:\\\/\\\/expressometro.mx\\\/index.php\\\/2020\\\/10\\\/02\\\/unidad-y-no-guerra-de-descalificaciones-exige-emilio-ulloa\\\/#primaryimage\"},\"thumbnailUrl\":\"https:\\\/\\\/expressometro.mx\\\/wp-content\\\/uploads\\\/2020\\\/10\\\/CF1CE6D3-7E3B-4EE5-9159-A5CECF5DC9D3.jpeg\",\"datePublished\":\"2020-10-02T23:24:07+00:00\",\"dateModified\":\"2020-10-02T23:38:38+00:00\",\"breadcrumb\":{\"@id\":\"https:\\\/\\\/expressometro.mx\\\/index.php\\\/2020\\\/10\\\/02\\\/unidad-y-no-guerra-de-descalificaciones-exige-emilio-ulloa\\\/#breadcrumb\"},\"inLanguage\":\"es\",\"potentialAction\":[{\"@type\":\"ReadAction\",\"target\":[\"https:\\\/\\\/expressometro.mx\\\/index.php\\\/2020\\\/10\\\/02\\\/unidad-y-no-guerra-de-descalificaciones-exige-emilio-ulloa\\\/\"]}]},{\"@type\":\"ImageObject\",\"inLanguage\":\"es\",\"@id\":\"https:\\\/\\\/expressometro.mx\\\/index.php\\\/2020\\\/10\\\/02\\\/unidad-y-no-guerra-de-descalificaciones-exige-emilio-ulloa\\\/#primaryimage\",\"url\":\"https:\\\/\\\/expressometro.mx\\\/wp-content\\\/uploads\\\/2020\\\/10\\\/CF1CE6D3-7E3B-4EE5-9159-A5CECF5DC9D3.jpeg\",\"contentUrl\":\"https:\\\/\\\/expressometro.mx\\\/wp-content\\\/uploads\\\/2020\\\/10\\\/CF1CE6D3-7E3B-4EE5-9159-A5CECF5DC9D3.jpeg\",\"width\":1032,\"height\":774},{\"@type\":\"BreadcrumbList\",\"@id\":\"https:\\\/\\\/expressometro.mx\\\/index.php\\\/2020\\\/10\\\/02\\\/unidad-y-no-guerra-de-descalificaciones-exige-emilio-ulloa\\\/#breadcrumb\",\"itemListElement\":[{\"@type\":\"ListItem\",\"position\":1,\"name\":\"Inicio\",\"item\":\"https:\\\/\\\/expressometro.mx\\\/\"},{\"@type\":\"ListItem\",\"position\":2,\"name\":\"Unidad y no \u201cguerra de descalificaciones\u201d exige Emilio Ulloa\"}]},{\"@type\":\"WebSite\",\"@id\":\"https:\\\/\\\/expressometro.mx\\\/#website\",\"url\":\"https:\\\/\\\/expressometro.mx\\\/\",\"name\":\"Expresso Metropolitano\",\"description\":\"Periodismo comprometido, informaci\u00f3n, investigaci\u00f3n y an\u00e1lisis\",\"publisher\":{\"@id\":\"https:\\\/\\\/expressometro.mx\\\/#organization\"},\"potentialAction\":[{\"@type\":\"SearchAction\",\"target\":{\"@type\":\"EntryPoint\",\"urlTemplate\":\"https:\\\/\\\/expressometro.mx\\\/?s={search_term_string}\"},\"query-input\":{\"@type\":\"PropertyValueSpecification\",\"valueRequired\":true,\"valueName\":\"search_term_string\"}}],\"inLanguage\":\"es\"},{\"@type\":\"Organization\",\"@id\":\"https:\\\/\\\/expressometro.mx\\\/#organization\",\"name\":\"Expresso Metropolitano\",\"url\":\"https:\\\/\\\/expressometro.mx\\\/\",\"logo\":{\"@type\":\"ImageObject\",\"inLanguage\":\"es\",\"@id\":\"https:\\\/\\\/expressometro.mx\\\/#\\\/schema\\\/logo\\\/image\\\/\",\"url\":\"https:\\\/\\\/expressometro.mx\\\/wp-content\\\/uploads\\\/2019\\\/07\\\/cropped-Logo-Expresso-Metropolitano-1-1.jpeg\",\"contentUrl\":\"https:\\\/\\\/expressometro.mx\\\/wp-content\\\/uploads\\\/2019\\\/07\\\/cropped-Logo-Expresso-Metropolitano-1-1.jpeg\",\"width\":290,\"height\":73,\"caption\":\"Expresso Metropolitano\"},\"image\":{\"@id\":\"https:\\\/\\\/expressometro.mx\\\/#\\\/schema\\\/logo\\\/image\\\/\"}},{\"@type\":\"Person\",\"@id\":\"https:\\\/\\\/expressometro.mx\\\/#\\\/schema\\\/person\\\/efa971b4a0664db8ed5c22b1b0dd2f5d\",\"name\":\"Expresso Metropolitano\",\"image\":{\"@type\":\"ImageObject\",\"inLanguage\":\"es\",\"@id\":\"https:\\\/\\\/secure.gravatar.com\\\/avatar\\\/a89f802b8de18c6952f223c88d3d106e9e3679839f4e25a02f4a6cc2ae6ba3b3?s=96&d=mm&r=g\",\"url\":\"https:\\\/\\\/secure.gravatar.com\\\/avatar\\\/a89f802b8de18c6952f223c88d3d106e9e3679839f4e25a02f4a6cc2ae6ba3b3?s=96&d=mm&r=g\",\"contentUrl\":\"https:\\\/\\\/secure.gravatar.com\\\/avatar\\\/a89f802b8de18c6952f223c88d3d106e9e3679839f4e25a02f4a6cc2ae6ba3b3?s=96&d=mm&r=g\",\"caption\":\"Expresso Metropolitano\"},\"url\":\"https:\\\/\\\/expressometro.mx\\\/index.php\\\/author\\\/diego\\\/\"}]}<\/script>\n<!-- \/ Yoast SEO plugin. -->","yoast_head_json":{"title":"Unidad y no \u201cguerra de descalificaciones\u201d exige Emilio Ulloa - Expresso Metropolitano","robots":{"index":"index","follow":"follow","max-snippet":"max-snippet:-1","max-image-preview":"max-image-preview:large","max-video-preview":"max-video-preview:-1"},"canonical":"https:\/\/expressometro.mx\/index.php\/2020\/10\/02\/unidad-y-no-guerra-de-descalificaciones-exige-emilio-ulloa\/","og_locale":"es_MX","og_type":"article","og_title":"Unidad y no \u201cguerra de descalificaciones\u201d exige Emilio Ulloa - Expresso Metropolitano","og_description":"Emilio Ulloa P\u00e9rez agradeci\u00f3 a todas las mujeres y hombres de este pa\u00eds que le expresaron su confianza en la encuesta que realiz\u00f3 el Instituto Nacional Electoral para seleccionar a quienes ocupar\u00e1n la Presidencia y la Secretar\u00eda General del Movimiento de Regeneraci\u00f3n Nacional (Morena), en la cual se ubic\u00f3 en segundo lugar para la Secretar\u00eda General con 15.1 por ciento de las preferencias. El aspirante a Secretario General llam\u00f3 a los que quedan en la \u00faltima etapa del proceso de selecci\u00f3n a no hacer de \u00e9ste una \u201cguerra de descalificaciones\u201d,&hellip;","og_url":"https:\/\/expressometro.mx\/index.php\/2020\/10\/02\/unidad-y-no-guerra-de-descalificaciones-exige-emilio-ulloa\/","og_site_name":"Expresso Metropolitano","article_published_time":"2020-10-02T23:24:07+00:00","article_modified_time":"2020-10-02T23:38:38+00:00","og_image":[{"width":1032,"height":774,"url":"https:\/\/expressometro.mx\/wp-content\/uploads\/2020\/10\/CF1CE6D3-7E3B-4EE5-9159-A5CECF5DC9D3.jpeg","type":"image\/jpeg"}],"author":"Expresso Metropolitano","twitter_misc":{"Escrito por":"Expresso Metropolitano","Tiempo de lectura":"2 minutos"},"schema":{"@context":"https:\/\/schema.org","@graph":[{"@type":"Article","@id":"https:\/\/expressometro.mx\/index.php\/2020\/10\/02\/unidad-y-no-guerra-de-descalificaciones-exige-emilio-ulloa\/#article","isPartOf":{"@id":"https:\/\/expressometro.mx\/index.php\/2020\/10\/02\/unidad-y-no-guerra-de-descalificaciones-exige-emilio-ulloa\/"},"author":{"name":"Expresso Metropolitano","@id":"https:\/\/expressometro.mx\/#\/schema\/person\/efa971b4a0664db8ed5c22b1b0dd2f5d"},"headline":"Unidad y no \u201cguerra de descalificaciones\u201d exige Emilio Ulloa","datePublished":"2020-10-02T23:24:07+00:00","dateModified":"2020-10-02T23:38:38+00:00","mainEntityOfPage":{"@id":"https:\/\/expressometro.mx\/index.php\/2020\/10\/02\/unidad-y-no-guerra-de-descalificaciones-exige-emilio-ulloa\/"},"wordCount":434,"commentCount":0,"publisher":{"@id":"https:\/\/expressometro.mx\/#organization"},"image":{"@id":"https:\/\/expressometro.mx\/index.php\/2020\/10\/02\/unidad-y-no-guerra-de-descalificaciones-exige-emilio-ulloa\/#primaryimage"},"thumbnailUrl":"https:\/\/expressometro.mx\/wp-content\/uploads\/2020\/10\/CF1CE6D3-7E3B-4EE5-9159-A5CECF5DC9D3.jpeg","articleSection":["Otros"],"inLanguage":"es","potentialAction":[{"@type":"CommentAction","name":"Comment","target":["https:\/\/expressometro.mx\/index.php\/2020\/10\/02\/unidad-y-no-guerra-de-descalificaciones-exige-emilio-ulloa\/#respond"]}]},{"@type":"WebPage","@id":"https:\/\/expressometro.mx\/index.php\/2020\/10\/02\/unidad-y-no-guerra-de-descalificaciones-exige-emilio-ulloa\/","url":"https:\/\/expressometro.mx\/index.php\/2020\/10\/02\/unidad-y-no-guerra-de-descalificaciones-exige-emilio-ulloa\/","name":"Unidad y no \u201cguerra de descalificaciones\u201d exige Emilio Ulloa - Expresso Metropolitano","isPartOf":{"@id":"https:\/\/expressometro.mx\/#website"},"primaryImageOfPage":{"@id":"https:\/\/expressometro.mx\/index.php\/2020\/10\/02\/unidad-y-no-guerra-de-descalificaciones-exige-emilio-ulloa\/#primaryimage"},"image":{"@id":"https:\/\/expressometro.mx\/index.php\/2020\/10\/02\/unidad-y-no-guerra-de-descalificaciones-exige-emilio-ulloa\/#primaryimage"},"thumbnailUrl":"https:\/\/expressometro.mx\/wp-content\/uploads\/2020\/10\/CF1CE6D3-7E3B-4EE5-9159-A5CECF5DC9D3.jpeg","datePublished":"2020-10-02T23:24:07+00:00","dateModified":"2020-10-02T23:38:38+00:00","breadcrumb":{"@id":"https:\/\/expressometro.mx\/index.php\/2020\/10\/02\/unidad-y-no-guerra-de-descalificaciones-exige-emilio-ulloa\/#breadcrumb"},"inLanguage":"es","potentialAction":[{"@type":"ReadAction","target":["https:\/\/expressometro.mx\/index.php\/2020\/10\/02\/unidad-y-no-guerra-de-descalificaciones-exige-emilio-ulloa\/"]}]},{"@type":"ImageObject","inLanguage":"es","@id":"https:\/\/expressometro.mx\/index.php\/2020\/10\/02\/unidad-y-no-guerra-de-descalificaciones-exige-emilio-ulloa\/#primaryimage","url":"https:\/\/expressometro.mx\/wp-content\/uploads\/2020\/10\/CF1CE6D3-7E3B-4EE5-9159-A5CECF5DC9D3.jpeg","contentUrl":"https:\/\/expressometro.mx\/wp-content\/uploads\/2020\/10\/CF1CE6D3-7E3B-4EE5-9159-A5CECF5DC9D3.jpeg","width":1032,"height":774},{"@type":"BreadcrumbList","@id":"https:\/\/expressometro.mx\/index.php\/2020\/10\/02\/unidad-y-no-guerra-de-descalificaciones-exige-emilio-ulloa\/#breadcrumb","itemListElement":[{"@type":"ListItem","position":1,"name":"Inicio","item":"https:\/\/expressometro.mx\/"},{"@type":"ListItem","position":2,"name":"Unidad y no \u201cguerra de descalificaciones\u201d exige Emilio Ulloa"}]},{"@type":"WebSite","@id":"https:\/\/expressometro.mx\/#website","url":"https:\/\/expressometro.mx\/","name":"Expresso Metropolitano","description":"Periodismo comprometido, informaci\u00f3n, investigaci\u00f3n y an\u00e1lisis","publisher":{"@id":"https:\/\/expressometro.mx\/#organization"},"potentialAction":[{"@type":"SearchAction","target":{"@type":"EntryPoint","urlTemplate":"https:\/\/expressometro.mx\/?s={search_term_string}"},"query-input":{"@type":"PropertyValueSpecification","valueRequired":true,"valueName":"search_term_string"}}],"inLanguage":"es"},{"@type":"Organization","@id":"https:\/\/expressometro.mx\/#organization","name":"Expresso Metropolitano","url":"https:\/\/expressometro.mx\/","logo":{"@type":"ImageObject","inLanguage":"es","@id":"https:\/\/expressometro.mx\/#\/schema\/logo\/image\/","url":"https:\/\/expressometro.mx\/wp-content\/uploads\/2019\/07\/cropped-Logo-Expresso-Metropolitano-1-1.jpeg","contentUrl":"https:\/\/expressometro.mx\/wp-content\/uploads\/2019\/07\/cropped-Logo-Expresso-Metropolitano-1-1.jpeg","width":290,"height":73,"caption":"Expresso Metropolitano"},"image":{"@id":"https:\/\/expressometro.mx\/#\/schema\/logo\/image\/"}},{"@type":"Person","@id":"https:\/\/expressometro.mx\/#\/schema\/person\/efa971b4a0664db8ed5c22b1b0dd2f5d","name":"Expresso Metropolitano","image":{"@type":"ImageObject","inLanguage":"es","@id":"https:\/\/secure.gravatar.com\/avatar\/a89f802b8de18c6952f223c88d3d106e9e3679839f4e25a02f4a6cc2ae6ba3b3?s=96&d=mm&r=g","url":"https:\/\/secure.gravatar.com\/avatar\/a89f802b8de18c6952f223c88d3d106e9e3679839f4e25a02f4a6cc2ae6ba3b3?s=96&d=mm&r=g","contentUrl":"https:\/\/secure.gravatar.com\/avatar\/a89f802b8de18c6952f223c88d3d106e9e3679839f4e25a02f4a6cc2ae6ba3b3?s=96&d=mm&r=g","caption":"Expresso Metropolitano"},"url":"https:\/\/expressometro.mx\/index.php\/author\/diego\/"}]}},"amp_enabled":true,"_links":{"self":[{"href":"https:\/\/expressometro.mx\/index.php\/wp-json\/wp\/v2\/posts\/1895","targetHints":{"allow":["GET"]}}],"collection":[{"href":"https:\/\/expressometro.mx\/index.php\/wp-json\/wp\/v2\/posts"}],"about":[{"href":"https:\/\/expressometro.mx\/index.php\/wp-json\/wp\/v2\/types\/post"}],"author":[{"embeddable":true,"href":"https:\/\/expressometro.mx\/index.php\/wp-json\/wp\/v2\/users\/1"}],"replies":[{"embeddable":true,"href":"https:\/\/expressometro.mx\/index.php\/wp-json\/wp\/v2\/comments?post=1895"}],"version-history":[{"count":1,"href":"https:\/\/expressometro.mx\/index.php\/wp-json\/wp\/v2\/posts\/1895\/revisions"}],"predecessor-version":[{"id":1896,"href":"https:\/\/expressometro.mx\/index.php\/wp-json\/wp\/v2\/posts\/1895\/revisions\/1896"}],"wp:featuredmedia":[{"embeddable":true,"href":"https:\/\/expressometro.mx\/index.php\/wp-json\/wp\/v2\/media\/1898"}],"wp:attachment":[{"href":"https:\/\/expressometro.mx\/index.php\/wp-json\/wp\/v2\/media?parent=1895"}],"wp:term":[{"taxonomy":"category","embeddable":true,"href":"https:\/\/expressometro.mx\/index.php\/wp-json\/wp\/v2\/categories?post=1895"},{"taxonomy":"post_tag","embeddable":true,"href":"https:\/\/expressometro.mx\/index.php\/wp-json\/wp\/v2\/tags?post=1895"}],"curies":[{"name":"wp","href":"https:\/\/api.w.org\/{rel}","templated":true}]}}