{"id":1890,"date":"2020-09-27T23:15:48","date_gmt":"2020-09-28T04:15:48","guid":{"rendered":"http:\/\/expressometro.mx\/?p=1890"},"modified":"2020-09-30T23:22:58","modified_gmt":"2020-10-01T04:22:58","slug":"avala-el-congreso-mexiquense-disminucion-de-sindicaturas-y-regidurias","status":"publish","type":"post","link":"https:\/\/expressometro.mx\/index.php\/2020\/09\/27\/avala-el-congreso-mexiquense-disminucion-de-sindicaturas-y-regidurias\/","title":{"rendered":"AVALA EL CONGRESO MEXIQUENSE DISMINUCI\u00d3N DE SINDICATURAS Y REGIDUR\u00cdAS"},"content":{"rendered":"\n<p>El Congreso mexiquense aprob\u00f3, en lo general, reformas a la Ley Org\u00e1nica Municipal y al C\u00f3digo Electoral del Estado de M\u00e9xico para reducir las sindicaturas y regidur\u00edas, lo que significar\u00e1 un ahorro estimado de mil 500 millones de pesos, en correspondencia al mandato ciudadano, adem\u00e1s de que abona a la austeridad, la gobernabilidad, y fortalece la Hacienda P\u00fablica Municipal.<br>\nDurante el debate, en el que participaron 16 legisladores a favor y en contra de las reformas, a fin de buscar acuerdos, el diputado Maurilio Hern\u00e1ndez Gonz\u00e1lez, presidente de la Junta de Coordinaci\u00f3n Pol\u00edtica y coordinador parlamentario de Morena, adelant\u00f3 ante el Pleno una propuesta de modificaciones al dictamen, votado en comisiones, de la iniciativa ciudadana signada por el senador mexiquense Higinio Mart\u00ednez Miranda, con la que se preserva la representaci\u00f3n de las minor\u00edas al incluir porcentajes de proporcionalidad para regidores de mayor\u00eda y plurinominales, de acuerdo con la legislaci\u00f3n vigente.<br>\nCon la reforma, cuyo an\u00e1lisis en lo particular contin\u00faa en este momento, se reducen, de mil 361 regidur\u00edas, actualmente, a 954, lo que significar\u00e1 la disminuci\u00f3n de 407 cargos, de los que 254 ser\u00e1n de mayor\u00eda relativa y 153 de representaci\u00f3n proporcional.<br>\nEn los municipios de menos de 150 mil habitantes, el ayuntamiento estar\u00e1 integrado por un presidente, un s\u00edndico, cuatro regidores de mayor\u00eda relativa y tres de representaci\u00f3n proporcional.<br>\nEn los municipios de m\u00e1s de 150 mil y menos de 500 mil habitantes, el ayuntamiento se conformar\u00e1 por un presidente, un s\u00edndico, cinco regidores de mayor\u00eda relativa y cuatro de representaci\u00f3n proporcional.<br>\nPor lo que toca a los municipios de m\u00e1s de 500 mil habitantes, el ayuntamiento quedar\u00e1 integrado por un presidente, un s\u00edndico, siete regidores de mayor\u00eda relativa, as\u00ed como un s\u00edndico y cinco regidores de representaci\u00f3n proporcional.<br>\nEs decir, habr\u00e1 99 municipios con menos de 150 mil habitantes en los que se disminuyen dos regidores de mayor\u00eda y un plurinominal; de igual forma, disminuye un total de nueve sindicaturas de mayor\u00eda y no se reduce ning\u00fan s\u00edndico de representaci\u00f3n proporcional.<br>\nTodos los municipios contar\u00e1n con presidente municipal, as\u00ed como un s\u00edndico de mayor\u00eda relativa. En el caso de los nueve municipios con m\u00e1s de 500 mil habitantes, adicionalmente tendr\u00e1n un s\u00edndico plurinominal.<br>\nAJUSTES PROPICIAN DEBATE LEGISLATIVO<br>\nEn favor de la reforma aprobada, el diputado Maurilio Hern\u00e1ndez expres\u00f3 que la iniciativa busca la reducci\u00f3n del aparato burocr\u00e1tico y que no atenta contra la democracia,  porque se plantea la eliminaci\u00f3n en promedio, de un regidor y medio por municipio, por lo que llam\u00f3 a la cordura y el respeto y a elevar el debate escuchando propuestas.<br>\nTambi\u00e9n manifestaron su respaldo a la iniciativa los diputados Max Agust\u00edn Correa Hern\u00e1ndez, Faustino de la Cruz P\u00e9rez, Nazario Guti\u00e9rrez Mart\u00ednez y Valent\u00edn Gonz\u00e1lez Bautista, as\u00ed como la diputada Azucena Cisneros Coss, de Morena. El diputado Faustino de la Cruz detall\u00f3 los ajustes al proyecto de dictamen votado en comisiones, por el que se reducen en 407 el n\u00famero de regidores.<br>\nArgumentaron que la iniciativa valora y respeta los procesos democr\u00e1ticos, la pluralidad, la representaci\u00f3n proporcional y las fuerzas pol\u00edticas en los ayuntamientos; procura un cuerpo edilicio reducido con representaci\u00f3n de las minor\u00edas y reduce 45% los integrantes de los cabildos, lo que representar\u00e1 un ahorro de mil 500 millones de pesos anuales para atender las necesidades urgentes de las y los habitantes, adem\u00e1s de que la Suprema Corte de Justicia de la Naci\u00f3n determin\u00f3 que el Poder Legislativo puede definir el n\u00famero y porcentaje de regidores.<br>\nLos diputados que manifestaron su rechazo fueron los coordinadores parlamentarios del PAN, PRD y PVEM, Anuar Roberto Azar Figueroa, Omar Ortega \u00c1lvarez y Jos\u00e9 Couttolenc Buentello, respectivamente, as\u00ed como las legisladoras Elba Aldana Duarte y Beatriz Garc\u00eda Villegas, y el diputado Mario Gabriel Guti\u00e9rrez Cure\u00f1o, de Morena; los diputados Jos\u00e9 Antonio Garc\u00eda Garc\u00eda y Rene\u00e9 Alfonso Rodr\u00edguez Y\u00e1nez, y las legisladoras Ingrid Krasopani Schemelensky Castro, del PAN, y Mar\u00eda Luisa Mendoza Mondrag\u00f3n, del PVEM.<br>\nSe\u00f1alaron que la reducci\u00f3n no tiene un estudio fundamentado de cu\u00e1nto representa en ahorro ni las causas; se\u00f1alaron que la propuesta presentada fue diferente de la analizada en comisiones y de la discutida en el Pleno, y que no correspond\u00eda a una iniciativa ciudadana, sino del senador Higinio Mart\u00ednez. Expusieron que la reforma atenta contra la democracia representativa y contra las minor\u00edas, y que acabar\u00eda con la representaci\u00f3n proporcional en los cabildos mexiquenses.<br>\nDe manera particular, el diputado Omar Ortega solicit\u00f3 una moci\u00f3n suspensiva para que la iniciativa regresara a las comisiones para un estudio m\u00e1s exhaustivo, lo cual fue rechazado, al igual que su propuesta para modificar la redacci\u00f3n, en tanto que el legislador Jos\u00e9 Couttolenc demand\u00f3 al gobernador Alfredo del Mazo Maza ejercer el derecho de veto y no permitir la promulgaci\u00f3n de estas reformas, as\u00ed como a la Comisi\u00f3n de Derechos Humanos del Estado de M\u00e9xico, pronunciarse con una recomendaci\u00f3n por la violaci\u00f3n de los derechos humanos pol\u00edtico-electorales para efectos de la posible reelecci\u00f3n de regidores y s\u00edndicos. Asimsmo, la diputada Ingrid Krasopani Schemelensky propuso reformas que tambi\u00e9n fueron rechazadas.<\/p>\n","protected":false},"excerpt":{"rendered":"<p>El Congreso mexiquense aprob\u00f3, en lo general, reformas a la Ley Org\u00e1nica Municipal y al C\u00f3digo Electoral del Estado de M\u00e9xico para reducir las sindicaturas y regidur\u00edas, lo que significar\u00e1 un ahorro estimado de mil 500 millones de pesos, en correspondencia al mandato ciudadano, adem\u00e1s de que abona a la austeridad, la gobernabilidad, y fortalece la Hacienda P\u00fablica Municipal. Durante el debate, en el que participaron 16 legisladores a favor y en contra de las reformas, a fin de buscar acuerdos, el diputado Maurilio Hern\u00e1ndez Gonz\u00e1lez, presidente de la Junta&hellip;<\/p>\n","protected":false},"author":1,"featured_media":1891,"comment_status":"open","ping_status":"open","sticky":false,"template":"","format":"standard","meta":{"footnotes":""},"categories":[4,3],"tags":[83],"class_list":["post-1890","post","type-post","status-publish","format-standard","has-post-thumbnail","hentry","category-finanzas","category-gobierno","tag-camara-de-diputados"],"yoast_head":"<!-- This site is optimized with the Yoast SEO plugin v27.5 - https:\/\/yoast.com\/product\/yoast-seo-wordpress\/ -->\n<title>AVALA EL CONGRESO MEXIQUENSE DISMINUCI\u00d3N DE SINDICATURAS Y REGIDUR\u00cdAS - Expresso Metropolitano<\/title>\n<meta name=\"robots\" content=\"index, follow, max-snippet:-1, max-image-preview:large, max-video-preview:-1\" \/>\n<link rel=\"canonical\" href=\"https:\/\/expressometro.mx\/index.php\/2020\/09\/27\/avala-el-congreso-mexiquense-disminucion-de-sindicaturas-y-regidurias\/\" \/>\n<meta property=\"og:locale\" content=\"es_MX\" \/>\n<meta property=\"og:type\" content=\"article\" \/>\n<meta property=\"og:title\" content=\"AVALA EL CONGRESO MEXIQUENSE DISMINUCI\u00d3N DE SINDICATURAS Y REGIDUR\u00cdAS - Expresso Metropolitano\" \/>\n<meta property=\"og:description\" content=\"El Congreso mexiquense aprob\u00f3, en lo general, reformas a la Ley Org\u00e1nica Municipal y al C\u00f3digo Electoral del Estado de M\u00e9xico para reducir las sindicaturas y regidur\u00edas, lo que significar\u00e1 un ahorro estimado de mil 500 millones de pesos, en correspondencia al mandato ciudadano, adem\u00e1s de que abona a la austeridad, la gobernabilidad, y fortalece la Hacienda P\u00fablica Municipal. Durante el debate, en el que participaron 16 legisladores a favor y en contra de las reformas, a fin de buscar acuerdos, el diputado Maurilio Hern\u00e1ndez Gonz\u00e1lez, presidente de la Junta&hellip;\" \/>\n<meta property=\"og:url\" content=\"https:\/\/expressometro.mx\/index.php\/2020\/09\/27\/avala-el-congreso-mexiquense-disminucion-de-sindicaturas-y-regidurias\/\" \/>\n<meta property=\"og:site_name\" content=\"Expresso Metropolitano\" \/>\n<meta property=\"article:published_time\" content=\"2020-09-28T04:15:48+00:00\" \/>\n<meta property=\"article:modified_time\" content=\"2020-10-01T04:22:58+00:00\" \/>\n<meta property=\"og:image\" content=\"https:\/\/expressometro.mx\/wp-content\/uploads\/2020\/09\/8.jpg\" \/>\n\t<meta property=\"og:image:width\" content=\"1024\" \/>\n\t<meta property=\"og:image:height\" content=\"683\" \/>\n\t<meta property=\"og:image:type\" content=\"image\/jpeg\" \/>\n<meta name=\"author\" content=\"Expresso Metropolitano\" \/>\n<meta name=\"twitter:label1\" content=\"Escrito por\" \/>\n\t<meta name=\"twitter:data1\" content=\"Expresso Metropolitano\" \/>\n\t<meta name=\"twitter:label2\" content=\"Tiempo de lectura\" \/>\n\t<meta name=\"twitter:data2\" content=\"5 minutos\" \/>\n<script type=\"application\/ld+json\" class=\"yoast-schema-graph\">{\"@context\":\"https:\\\/\\\/schema.org\",\"@graph\":[{\"@type\":\"Article\",\"@id\":\"https:\\\/\\\/expressometro.mx\\\/index.php\\\/2020\\\/09\\\/27\\\/avala-el-congreso-mexiquense-disminucion-de-sindicaturas-y-regidurias\\\/#article\",\"isPartOf\":{\"@id\":\"https:\\\/\\\/expressometro.mx\\\/index.php\\\/2020\\\/09\\\/27\\\/avala-el-congreso-mexiquense-disminucion-de-sindicaturas-y-regidurias\\\/\"},\"author\":{\"name\":\"Expresso Metropolitano\",\"@id\":\"https:\\\/\\\/expressometro.mx\\\/#\\\/schema\\\/person\\\/efa971b4a0664db8ed5c22b1b0dd2f5d\"},\"headline\":\"AVALA EL CONGRESO MEXIQUENSE DISMINUCI\u00d3N DE SINDICATURAS Y REGIDUR\u00cdAS\",\"datePublished\":\"2020-09-28T04:15:48+00:00\",\"dateModified\":\"2020-10-01T04:22:58+00:00\",\"mainEntityOfPage\":{\"@id\":\"https:\\\/\\\/expressometro.mx\\\/index.php\\\/2020\\\/09\\\/27\\\/avala-el-congreso-mexiquense-disminucion-de-sindicaturas-y-regidurias\\\/\"},\"wordCount\":921,\"commentCount\":0,\"publisher\":{\"@id\":\"https:\\\/\\\/expressometro.mx\\\/#organization\"},\"image\":{\"@id\":\"https:\\\/\\\/expressometro.mx\\\/index.php\\\/2020\\\/09\\\/27\\\/avala-el-congreso-mexiquense-disminucion-de-sindicaturas-y-regidurias\\\/#primaryimage\"},\"thumbnailUrl\":\"https:\\\/\\\/expressometro.mx\\\/wp-content\\\/uploads\\\/2020\\\/09\\\/8.jpg\",\"keywords\":[\"C\u00e1mara de Diputados\"],\"articleSection\":[\"Finanzas\",\"Gobierno\"],\"inLanguage\":\"es\",\"potentialAction\":[{\"@type\":\"CommentAction\",\"name\":\"Comment\",\"target\":[\"https:\\\/\\\/expressometro.mx\\\/index.php\\\/2020\\\/09\\\/27\\\/avala-el-congreso-mexiquense-disminucion-de-sindicaturas-y-regidurias\\\/#respond\"]}]},{\"@type\":\"WebPage\",\"@id\":\"https:\\\/\\\/expressometro.mx\\\/index.php\\\/2020\\\/09\\\/27\\\/avala-el-congreso-mexiquense-disminucion-de-sindicaturas-y-regidurias\\\/\",\"url\":\"https:\\\/\\\/expressometro.mx\\\/index.php\\\/2020\\\/09\\\/27\\\/avala-el-congreso-mexiquense-disminucion-de-sindicaturas-y-regidurias\\\/\",\"name\":\"AVALA EL CONGRESO MEXIQUENSE DISMINUCI\u00d3N DE SINDICATURAS Y REGIDUR\u00cdAS - Expresso Metropolitano\",\"isPartOf\":{\"@id\":\"https:\\\/\\\/expressometro.mx\\\/#website\"},\"primaryImageOfPage\":{\"@id\":\"https:\\\/\\\/expressometro.mx\\\/index.php\\\/2020\\\/09\\\/27\\\/avala-el-congreso-mexiquense-disminucion-de-sindicaturas-y-regidurias\\\/#primaryimage\"},\"image\":{\"@id\":\"https:\\\/\\\/expressometro.mx\\\/index.php\\\/2020\\\/09\\\/27\\\/avala-el-congreso-mexiquense-disminucion-de-sindicaturas-y-regidurias\\\/#primaryimage\"},\"thumbnailUrl\":\"https:\\\/\\\/expressometro.mx\\\/wp-content\\\/uploads\\\/2020\\\/09\\\/8.jpg\",\"datePublished\":\"2020-09-28T04:15:48+00:00\",\"dateModified\":\"2020-10-01T04:22:58+00:00\",\"breadcrumb\":{\"@id\":\"https:\\\/\\\/expressometro.mx\\\/index.php\\\/2020\\\/09\\\/27\\\/avala-el-congreso-mexiquense-disminucion-de-sindicaturas-y-regidurias\\\/#breadcrumb\"},\"inLanguage\":\"es\",\"potentialAction\":[{\"@type\":\"ReadAction\",\"target\":[\"https:\\\/\\\/expressometro.mx\\\/index.php\\\/2020\\\/09\\\/27\\\/avala-el-congreso-mexiquense-disminucion-de-sindicaturas-y-regidurias\\\/\"]}]},{\"@type\":\"ImageObject\",\"inLanguage\":\"es\",\"@id\":\"https:\\\/\\\/expressometro.mx\\\/index.php\\\/2020\\\/09\\\/27\\\/avala-el-congreso-mexiquense-disminucion-de-sindicaturas-y-regidurias\\\/#primaryimage\",\"url\":\"https:\\\/\\\/expressometro.mx\\\/wp-content\\\/uploads\\\/2020\\\/09\\\/8.jpg\",\"contentUrl\":\"https:\\\/\\\/expressometro.mx\\\/wp-content\\\/uploads\\\/2020\\\/09\\\/8.jpg\",\"width\":1024,\"height\":683},{\"@type\":\"BreadcrumbList\",\"@id\":\"https:\\\/\\\/expressometro.mx\\\/index.php\\\/2020\\\/09\\\/27\\\/avala-el-congreso-mexiquense-disminucion-de-sindicaturas-y-regidurias\\\/#breadcrumb\",\"itemListElement\":[{\"@type\":\"ListItem\",\"position\":1,\"name\":\"Inicio\",\"item\":\"https:\\\/\\\/expressometro.mx\\\/\"},{\"@type\":\"ListItem\",\"position\":2,\"name\":\"AVALA EL CONGRESO MEXIQUENSE DISMINUCI\u00d3N DE SINDICATURAS Y REGIDUR\u00cdAS\"}]},{\"@type\":\"WebSite\",\"@id\":\"https:\\\/\\\/expressometro.mx\\\/#website\",\"url\":\"https:\\\/\\\/expressometro.mx\\\/\",\"name\":\"Expresso Metropolitano\",\"description\":\"Periodismo comprometido, informaci\u00f3n, investigaci\u00f3n y an\u00e1lisis\",\"publisher\":{\"@id\":\"https:\\\/\\\/expressometro.mx\\\/#organization\"},\"potentialAction\":[{\"@type\":\"SearchAction\",\"target\":{\"@type\":\"EntryPoint\",\"urlTemplate\":\"https:\\\/\\\/expressometro.mx\\\/?s={search_term_string}\"},\"query-input\":{\"@type\":\"PropertyValueSpecification\",\"valueRequired\":true,\"valueName\":\"search_term_string\"}}],\"inLanguage\":\"es\"},{\"@type\":\"Organization\",\"@id\":\"https:\\\/\\\/expressometro.mx\\\/#organization\",\"name\":\"Expresso Metropolitano\",\"url\":\"https:\\\/\\\/expressometro.mx\\\/\",\"logo\":{\"@type\":\"ImageObject\",\"inLanguage\":\"es\",\"@id\":\"https:\\\/\\\/expressometro.mx\\\/#\\\/schema\\\/logo\\\/image\\\/\",\"url\":\"https:\\\/\\\/expressometro.mx\\\/wp-content\\\/uploads\\\/2019\\\/07\\\/cropped-Logo-Expresso-Metropolitano-1-1.jpeg\",\"contentUrl\":\"https:\\\/\\\/expressometro.mx\\\/wp-content\\\/uploads\\\/2019\\\/07\\\/cropped-Logo-Expresso-Metropolitano-1-1.jpeg\",\"width\":290,\"height\":73,\"caption\":\"Expresso Metropolitano\"},\"image\":{\"@id\":\"https:\\\/\\\/expressometro.mx\\\/#\\\/schema\\\/logo\\\/image\\\/\"}},{\"@type\":\"Person\",\"@id\":\"https:\\\/\\\/expressometro.mx\\\/#\\\/schema\\\/person\\\/efa971b4a0664db8ed5c22b1b0dd2f5d\",\"name\":\"Expresso Metropolitano\",\"image\":{\"@type\":\"ImageObject\",\"inLanguage\":\"es\",\"@id\":\"https:\\\/\\\/secure.gravatar.com\\\/avatar\\\/a89f802b8de18c6952f223c88d3d106e9e3679839f4e25a02f4a6cc2ae6ba3b3?s=96&d=mm&r=g\",\"url\":\"https:\\\/\\\/secure.gravatar.com\\\/avatar\\\/a89f802b8de18c6952f223c88d3d106e9e3679839f4e25a02f4a6cc2ae6ba3b3?s=96&d=mm&r=g\",\"contentUrl\":\"https:\\\/\\\/secure.gravatar.com\\\/avatar\\\/a89f802b8de18c6952f223c88d3d106e9e3679839f4e25a02f4a6cc2ae6ba3b3?s=96&d=mm&r=g\",\"caption\":\"Expresso Metropolitano\"},\"url\":\"https:\\\/\\\/expressometro.mx\\\/index.php\\\/author\\\/diego\\\/\"}]}<\/script>\n<!-- \/ Yoast SEO plugin. -->","yoast_head_json":{"title":"AVALA EL CONGRESO MEXIQUENSE DISMINUCI\u00d3N DE SINDICATURAS Y REGIDUR\u00cdAS - Expresso Metropolitano","robots":{"index":"index","follow":"follow","max-snippet":"max-snippet:-1","max-image-preview":"max-image-preview:large","max-video-preview":"max-video-preview:-1"},"canonical":"https:\/\/expressometro.mx\/index.php\/2020\/09\/27\/avala-el-congreso-mexiquense-disminucion-de-sindicaturas-y-regidurias\/","og_locale":"es_MX","og_type":"article","og_title":"AVALA EL CONGRESO MEXIQUENSE DISMINUCI\u00d3N DE SINDICATURAS Y REGIDUR\u00cdAS - Expresso Metropolitano","og_description":"El Congreso mexiquense aprob\u00f3, en lo general, reformas a la Ley Org\u00e1nica Municipal y al C\u00f3digo Electoral del Estado de M\u00e9xico para reducir las sindicaturas y regidur\u00edas, lo que significar\u00e1 un ahorro estimado de mil 500 millones de pesos, en correspondencia al mandato ciudadano, adem\u00e1s de que abona a la austeridad, la gobernabilidad, y fortalece la Hacienda P\u00fablica Municipal. Durante el debate, en el que participaron 16 legisladores a favor y en contra de las reformas, a fin de buscar acuerdos, el diputado Maurilio Hern\u00e1ndez Gonz\u00e1lez, presidente de la Junta&hellip;","og_url":"https:\/\/expressometro.mx\/index.php\/2020\/09\/27\/avala-el-congreso-mexiquense-disminucion-de-sindicaturas-y-regidurias\/","og_site_name":"Expresso Metropolitano","article_published_time":"2020-09-28T04:15:48+00:00","article_modified_time":"2020-10-01T04:22:58+00:00","og_image":[{"width":1024,"height":683,"url":"https:\/\/expressometro.mx\/wp-content\/uploads\/2020\/09\/8.jpg","type":"image\/jpeg"}],"author":"Expresso Metropolitano","twitter_misc":{"Escrito por":"Expresso Metropolitano","Tiempo de lectura":"5 minutos"},"schema":{"@context":"https:\/\/schema.org","@graph":[{"@type":"Article","@id":"https:\/\/expressometro.mx\/index.php\/2020\/09\/27\/avala-el-congreso-mexiquense-disminucion-de-sindicaturas-y-regidurias\/#article","isPartOf":{"@id":"https:\/\/expressometro.mx\/index.php\/2020\/09\/27\/avala-el-congreso-mexiquense-disminucion-de-sindicaturas-y-regidurias\/"},"author":{"name":"Expresso Metropolitano","@id":"https:\/\/expressometro.mx\/#\/schema\/person\/efa971b4a0664db8ed5c22b1b0dd2f5d"},"headline":"AVALA EL CONGRESO MEXIQUENSE DISMINUCI\u00d3N DE SINDICATURAS Y REGIDUR\u00cdAS","datePublished":"2020-09-28T04:15:48+00:00","dateModified":"2020-10-01T04:22:58+00:00","mainEntityOfPage":{"@id":"https:\/\/expressometro.mx\/index.php\/2020\/09\/27\/avala-el-congreso-mexiquense-disminucion-de-sindicaturas-y-regidurias\/"},"wordCount":921,"commentCount":0,"publisher":{"@id":"https:\/\/expressometro.mx\/#organization"},"image":{"@id":"https:\/\/expressometro.mx\/index.php\/2020\/09\/27\/avala-el-congreso-mexiquense-disminucion-de-sindicaturas-y-regidurias\/#primaryimage"},"thumbnailUrl":"https:\/\/expressometro.mx\/wp-content\/uploads\/2020\/09\/8.jpg","keywords":["C\u00e1mara de Diputados"],"articleSection":["Finanzas","Gobierno"],"inLanguage":"es","potentialAction":[{"@type":"CommentAction","name":"Comment","target":["https:\/\/expressometro.mx\/index.php\/2020\/09\/27\/avala-el-congreso-mexiquense-disminucion-de-sindicaturas-y-regidurias\/#respond"]}]},{"@type":"WebPage","@id":"https:\/\/expressometro.mx\/index.php\/2020\/09\/27\/avala-el-congreso-mexiquense-disminucion-de-sindicaturas-y-regidurias\/","url":"https:\/\/expressometro.mx\/index.php\/2020\/09\/27\/avala-el-congreso-mexiquense-disminucion-de-sindicaturas-y-regidurias\/","name":"AVALA EL CONGRESO MEXIQUENSE DISMINUCI\u00d3N DE SINDICATURAS Y REGIDUR\u00cdAS - Expresso Metropolitano","isPartOf":{"@id":"https:\/\/expressometro.mx\/#website"},"primaryImageOfPage":{"@id":"https:\/\/expressometro.mx\/index.php\/2020\/09\/27\/avala-el-congreso-mexiquense-disminucion-de-sindicaturas-y-regidurias\/#primaryimage"},"image":{"@id":"https:\/\/expressometro.mx\/index.php\/2020\/09\/27\/avala-el-congreso-mexiquense-disminucion-de-sindicaturas-y-regidurias\/#primaryimage"},"thumbnailUrl":"https:\/\/expressometro.mx\/wp-content\/uploads\/2020\/09\/8.jpg","datePublished":"2020-09-28T04:15:48+00:00","dateModified":"2020-10-01T04:22:58+00:00","breadcrumb":{"@id":"https:\/\/expressometro.mx\/index.php\/2020\/09\/27\/avala-el-congreso-mexiquense-disminucion-de-sindicaturas-y-regidurias\/#breadcrumb"},"inLanguage":"es","potentialAction":[{"@type":"ReadAction","target":["https:\/\/expressometro.mx\/index.php\/2020\/09\/27\/avala-el-congreso-mexiquense-disminucion-de-sindicaturas-y-regidurias\/"]}]},{"@type":"ImageObject","inLanguage":"es","@id":"https:\/\/expressometro.mx\/index.php\/2020\/09\/27\/avala-el-congreso-mexiquense-disminucion-de-sindicaturas-y-regidurias\/#primaryimage","url":"https:\/\/expressometro.mx\/wp-content\/uploads\/2020\/09\/8.jpg","contentUrl":"https:\/\/expressometro.mx\/wp-content\/uploads\/2020\/09\/8.jpg","width":1024,"height":683},{"@type":"BreadcrumbList","@id":"https:\/\/expressometro.mx\/index.php\/2020\/09\/27\/avala-el-congreso-mexiquense-disminucion-de-sindicaturas-y-regidurias\/#breadcrumb","itemListElement":[{"@type":"ListItem","position":1,"name":"Inicio","item":"https:\/\/expressometro.mx\/"},{"@type":"ListItem","position":2,"name":"AVALA EL CONGRESO MEXIQUENSE DISMINUCI\u00d3N DE SINDICATURAS Y REGIDUR\u00cdAS"}]},{"@type":"WebSite","@id":"https:\/\/expressometro.mx\/#website","url":"https:\/\/expressometro.mx\/","name":"Expresso Metropolitano","description":"Periodismo comprometido, informaci\u00f3n, investigaci\u00f3n y an\u00e1lisis","publisher":{"@id":"https:\/\/expressometro.mx\/#organization"},"potentialAction":[{"@type":"SearchAction","target":{"@type":"EntryPoint","urlTemplate":"https:\/\/expressometro.mx\/?s={search_term_string}"},"query-input":{"@type":"PropertyValueSpecification","valueRequired":true,"valueName":"search_term_string"}}],"inLanguage":"es"},{"@type":"Organization","@id":"https:\/\/expressometro.mx\/#organization","name":"Expresso Metropolitano","url":"https:\/\/expressometro.mx\/","logo":{"@type":"ImageObject","inLanguage":"es","@id":"https:\/\/expressometro.mx\/#\/schema\/logo\/image\/","url":"https:\/\/expressometro.mx\/wp-content\/uploads\/2019\/07\/cropped-Logo-Expresso-Metropolitano-1-1.jpeg","contentUrl":"https:\/\/expressometro.mx\/wp-content\/uploads\/2019\/07\/cropped-Logo-Expresso-Metropolitano-1-1.jpeg","width":290,"height":73,"caption":"Expresso Metropolitano"},"image":{"@id":"https:\/\/expressometro.mx\/#\/schema\/logo\/image\/"}},{"@type":"Person","@id":"https:\/\/expressometro.mx\/#\/schema\/person\/efa971b4a0664db8ed5c22b1b0dd2f5d","name":"Expresso Metropolitano","image":{"@type":"ImageObject","inLanguage":"es","@id":"https:\/\/secure.gravatar.com\/avatar\/a89f802b8de18c6952f223c88d3d106e9e3679839f4e25a02f4a6cc2ae6ba3b3?s=96&d=mm&r=g","url":"https:\/\/secure.gravatar.com\/avatar\/a89f802b8de18c6952f223c88d3d106e9e3679839f4e25a02f4a6cc2ae6ba3b3?s=96&d=mm&r=g","contentUrl":"https:\/\/secure.gravatar.com\/avatar\/a89f802b8de18c6952f223c88d3d106e9e3679839f4e25a02f4a6cc2ae6ba3b3?s=96&d=mm&r=g","caption":"Expresso Metropolitano"},"url":"https:\/\/expressometro.mx\/index.php\/author\/diego\/"}]}},"amp_enabled":true,"_links":{"self":[{"href":"https:\/\/expressometro.mx\/index.php\/wp-json\/wp\/v2\/posts\/1890","targetHints":{"allow":["GET"]}}],"collection":[{"href":"https:\/\/expressometro.mx\/index.php\/wp-json\/wp\/v2\/posts"}],"about":[{"href":"https:\/\/expressometro.mx\/index.php\/wp-json\/wp\/v2\/types\/post"}],"author":[{"embeddable":true,"href":"https:\/\/expressometro.mx\/index.php\/wp-json\/wp\/v2\/users\/1"}],"replies":[{"embeddable":true,"href":"https:\/\/expressometro.mx\/index.php\/wp-json\/wp\/v2\/comments?post=1890"}],"version-history":[{"count":1,"href":"https:\/\/expressometro.mx\/index.php\/wp-json\/wp\/v2\/posts\/1890\/revisions"}],"predecessor-version":[{"id":1892,"href":"https:\/\/expressometro.mx\/index.php\/wp-json\/wp\/v2\/posts\/1890\/revisions\/1892"}],"wp:featuredmedia":[{"embeddable":true,"href":"https:\/\/expressometro.mx\/index.php\/wp-json\/wp\/v2\/media\/1891"}],"wp:attachment":[{"href":"https:\/\/expressometro.mx\/index.php\/wp-json\/wp\/v2\/media?parent=1890"}],"wp:term":[{"taxonomy":"category","embeddable":true,"href":"https:\/\/expressometro.mx\/index.php\/wp-json\/wp\/v2\/categories?post=1890"},{"taxonomy":"post_tag","embeddable":true,"href":"https:\/\/expressometro.mx\/index.php\/wp-json\/wp\/v2\/tags?post=1890"}],"curies":[{"name":"wp","href":"https:\/\/api.w.org\/{rel}","templated":true}]}}