{"id":188,"date":"2019-08-18T21:04:19","date_gmt":"2019-08-19T02:04:19","guid":{"rendered":"http:\/\/expressometro.mx\/?p=188"},"modified":"2019-09-25T10:41:38","modified_gmt":"2019-09-25T15:41:38","slug":"informa-seduc-que-el-programa-de-atencion-a-educacion-basica-seguira-en-funciones-directo-en-las-escuelas","status":"publish","type":"post","link":"https:\/\/expressometro.mx\/index.php\/2019\/08\/18\/informa-seduc-que-el-programa-de-atencion-a-educacion-basica-seguira-en-funciones-directo-en-las-escuelas\/","title":{"rendered":"INFORMA SEDUC QUE EL PROGRAMA DE ATENCI\u00d3N A EDUCACI\u00d3N B\u00c1SICA SEGUIR\u00c1 EN FUNCIONES DIRECTO EN LAS ESCUELAS"},"content":{"rendered":"\n<p>Con el prop\u00f3sito de prestar un servicio personalizado a padres de familia que a\u00fan deseen realizar cambios de turno o escuela en preescolar, primaria y secundaria, para el ciclo escolar 2019-2020, la Secretar\u00eda de Educaci\u00f3n del Estado de M\u00e9xico informa que el Programa de Atenci\u00f3n a Educaci\u00f3n B\u00e1sica (PAEB) seguir\u00e1 su operaci\u00f3n directamente en los planteles escolares.<\/p>\n\n\n\n<p>Esto a partir del lunes 19 de agosto y hasta el viernes 6 de septiembre de 2019, de lunes a viernes, en horario escolar.<\/p>\n\n\n\n<p>Es importante recordar que se trata de un tr\u00e1mite personal y gratuito, que se autoriza de acuerdo con los lugares disponibles, por grupo y turno, en las escuelas participantes.<\/p>\n\n\n\n<p>Con relaci\u00f3n a los m\u00f3dulos de atenci\u00f3n al p\u00fablico, estos seguir\u00e1n brindando orientaci\u00f3n a los padres de familia y no recibir\u00e1n ni emitir\u00e1n documentos para cambios de turno o escuela.<\/p>\n\n\n\n<p>Tampoco habr\u00e1 recepci\u00f3n de documentos en oficinas centrales, regionales o de supervisi\u00f3n, \u00fanicamente en las escuelas.<\/p>\n\n\n\n<p>El Gobierno del Estado de M\u00e9xico mantiene su compromiso para que todos los ni\u00f1os y adolescentes cuenten con un lugar para estudiar en el nivel b\u00e1sico.<\/p>\n","protected":false},"excerpt":{"rendered":"<p>Con el prop\u00f3sito de prestar un servicio personalizado a padres de familia que a\u00fan deseen realizar cambios de turno o escuela en preescolar, primaria y secundaria, para el ciclo escolar 2019-2020, la Secretar\u00eda de Educaci\u00f3n del Estado de M\u00e9xico informa que el Programa de Atenci\u00f3n a Educaci\u00f3n B\u00e1sica (PAEB) seguir\u00e1 su operaci\u00f3n directamente en los planteles escolares. Esto a partir del lunes 19 de agosto y hasta el viernes 6 de septiembre de 2019, de lunes a viernes, en horario escolar. Es importante recordar que se trata de un tr\u00e1mite&hellip;<\/p>\n","protected":false},"author":1,"featured_media":0,"comment_status":"open","ping_status":"open","sticky":false,"template":"","format":"standard","meta":{"footnotes":""},"categories":[3],"tags":[],"class_list":["post-188","post","type-post","status-publish","format-standard","hentry","category-gobierno"],"yoast_head":"<!-- This site is optimized with the Yoast SEO plugin v27.4 - https:\/\/yoast.com\/product\/yoast-seo-wordpress\/ -->\n<title>INFORMA SEDUC QUE EL PROGRAMA DE ATENCI\u00d3N A EDUCACI\u00d3N B\u00c1SICA SEGUIR\u00c1 EN FUNCIONES DIRECTO EN LAS ESCUELAS - Expresso Metropolitano<\/title>\n<meta name=\"robots\" content=\"index, follow, max-snippet:-1, max-image-preview:large, max-video-preview:-1\" \/>\n<link rel=\"canonical\" href=\"https:\/\/expressometro.mx\/index.php\/2019\/08\/18\/informa-seduc-que-el-programa-de-atencion-a-educacion-basica-seguira-en-funciones-directo-en-las-escuelas\/\" \/>\n<meta property=\"og:locale\" content=\"es_MX\" \/>\n<meta property=\"og:type\" content=\"article\" \/>\n<meta property=\"og:title\" content=\"INFORMA SEDUC QUE EL PROGRAMA DE ATENCI\u00d3N A EDUCACI\u00d3N B\u00c1SICA SEGUIR\u00c1 EN FUNCIONES DIRECTO EN LAS ESCUELAS - Expresso Metropolitano\" \/>\n<meta property=\"og:description\" content=\"Con el prop\u00f3sito de prestar un servicio personalizado a padres de familia que a\u00fan deseen realizar cambios de turno o escuela en preescolar, primaria y secundaria, para el ciclo escolar 2019-2020, la Secretar\u00eda de Educaci\u00f3n del Estado de M\u00e9xico informa que el Programa de Atenci\u00f3n a Educaci\u00f3n B\u00e1sica (PAEB) seguir\u00e1 su operaci\u00f3n directamente en los planteles escolares. Esto a partir del lunes 19 de agosto y hasta el viernes 6 de septiembre de 2019, de lunes a viernes, en horario escolar. Es importante recordar que se trata de un tr\u00e1mite&hellip;\" \/>\n<meta property=\"og:url\" content=\"https:\/\/expressometro.mx\/index.php\/2019\/08\/18\/informa-seduc-que-el-programa-de-atencion-a-educacion-basica-seguira-en-funciones-directo-en-las-escuelas\/\" \/>\n<meta property=\"og:site_name\" content=\"Expresso Metropolitano\" \/>\n<meta property=\"article:published_time\" content=\"2019-08-19T02:04:19+00:00\" \/>\n<meta property=\"article:modified_time\" content=\"2019-09-25T15:41:38+00:00\" \/>\n<meta property=\"og:image\" content=\"https:\/\/expressometro.mx\/wp-content\/uploads\/2019\/08\/w2_8566_2.jpg\" \/>\n\t<meta property=\"og:image:width\" content=\"1024\" \/>\n\t<meta property=\"og:image:height\" content=\"681\" \/>\n\t<meta property=\"og:image:type\" content=\"image\/jpeg\" \/>\n<meta name=\"author\" content=\"Expresso Metropolitano\" \/>\n<meta name=\"twitter:label1\" content=\"Escrito por\" \/>\n\t<meta name=\"twitter:data1\" content=\"Expresso Metropolitano\" \/>\n\t<meta name=\"twitter:label2\" content=\"Tiempo de lectura\" \/>\n\t<meta name=\"twitter:data2\" content=\"1 minuto\" \/>\n<script type=\"application\/ld+json\" class=\"yoast-schema-graph\">{\"@context\":\"https:\\\/\\\/schema.org\",\"@graph\":[{\"@type\":\"Article\",\"@id\":\"https:\\\/\\\/expressometro.mx\\\/index.php\\\/2019\\\/08\\\/18\\\/informa-seduc-que-el-programa-de-atencion-a-educacion-basica-seguira-en-funciones-directo-en-las-escuelas\\\/#article\",\"isPartOf\":{\"@id\":\"https:\\\/\\\/expressometro.mx\\\/index.php\\\/2019\\\/08\\\/18\\\/informa-seduc-que-el-programa-de-atencion-a-educacion-basica-seguira-en-funciones-directo-en-las-escuelas\\\/\"},\"author\":{\"name\":\"Expresso Metropolitano\",\"@id\":\"https:\\\/\\\/expressometro.mx\\\/#\\\/schema\\\/person\\\/efa971b4a0664db8ed5c22b1b0dd2f5d\"},\"headline\":\"INFORMA SEDUC QUE EL PROGRAMA DE ATENCI\u00d3N A EDUCACI\u00d3N B\u00c1SICA SEGUIR\u00c1 EN FUNCIONES DIRECTO EN LAS ESCUELAS\",\"datePublished\":\"2019-08-19T02:04:19+00:00\",\"dateModified\":\"2019-09-25T15:41:38+00:00\",\"mainEntityOfPage\":{\"@id\":\"https:\\\/\\\/expressometro.mx\\\/index.php\\\/2019\\\/08\\\/18\\\/informa-seduc-que-el-programa-de-atencion-a-educacion-basica-seguira-en-funciones-directo-en-las-escuelas\\\/\"},\"wordCount\":222,\"commentCount\":0,\"publisher\":{\"@id\":\"https:\\\/\\\/expressometro.mx\\\/#organization\"},\"articleSection\":[\"Gobierno\"],\"inLanguage\":\"es\",\"potentialAction\":[{\"@type\":\"CommentAction\",\"name\":\"Comment\",\"target\":[\"https:\\\/\\\/expressometro.mx\\\/index.php\\\/2019\\\/08\\\/18\\\/informa-seduc-que-el-programa-de-atencion-a-educacion-basica-seguira-en-funciones-directo-en-las-escuelas\\\/#respond\"]}]},{\"@type\":\"WebPage\",\"@id\":\"https:\\\/\\\/expressometro.mx\\\/index.php\\\/2019\\\/08\\\/18\\\/informa-seduc-que-el-programa-de-atencion-a-educacion-basica-seguira-en-funciones-directo-en-las-escuelas\\\/\",\"url\":\"https:\\\/\\\/expressometro.mx\\\/index.php\\\/2019\\\/08\\\/18\\\/informa-seduc-que-el-programa-de-atencion-a-educacion-basica-seguira-en-funciones-directo-en-las-escuelas\\\/\",\"name\":\"INFORMA SEDUC QUE EL PROGRAMA DE ATENCI\u00d3N A EDUCACI\u00d3N B\u00c1SICA SEGUIR\u00c1 EN FUNCIONES DIRECTO EN LAS ESCUELAS - Expresso Metropolitano\",\"isPartOf\":{\"@id\":\"https:\\\/\\\/expressometro.mx\\\/#website\"},\"datePublished\":\"2019-08-19T02:04:19+00:00\",\"dateModified\":\"2019-09-25T15:41:38+00:00\",\"breadcrumb\":{\"@id\":\"https:\\\/\\\/expressometro.mx\\\/index.php\\\/2019\\\/08\\\/18\\\/informa-seduc-que-el-programa-de-atencion-a-educacion-basica-seguira-en-funciones-directo-en-las-escuelas\\\/#breadcrumb\"},\"inLanguage\":\"es\",\"potentialAction\":[{\"@type\":\"ReadAction\",\"target\":[\"https:\\\/\\\/expressometro.mx\\\/index.php\\\/2019\\\/08\\\/18\\\/informa-seduc-que-el-programa-de-atencion-a-educacion-basica-seguira-en-funciones-directo-en-las-escuelas\\\/\"]}]},{\"@type\":\"BreadcrumbList\",\"@id\":\"https:\\\/\\\/expressometro.mx\\\/index.php\\\/2019\\\/08\\\/18\\\/informa-seduc-que-el-programa-de-atencion-a-educacion-basica-seguira-en-funciones-directo-en-las-escuelas\\\/#breadcrumb\",\"itemListElement\":[{\"@type\":\"ListItem\",\"position\":1,\"name\":\"Inicio\",\"item\":\"https:\\\/\\\/expressometro.mx\\\/\"},{\"@type\":\"ListItem\",\"position\":2,\"name\":\"INFORMA SEDUC QUE EL PROGRAMA DE ATENCI\u00d3N A EDUCACI\u00d3N B\u00c1SICA SEGUIR\u00c1 EN FUNCIONES DIRECTO EN LAS ESCUELAS\"}]},{\"@type\":\"WebSite\",\"@id\":\"https:\\\/\\\/expressometro.mx\\\/#website\",\"url\":\"https:\\\/\\\/expressometro.mx\\\/\",\"name\":\"Expresso Metropolitano\",\"description\":\"Periodismo comprometido, informaci\u00f3n, investigaci\u00f3n y an\u00e1lisis\",\"publisher\":{\"@id\":\"https:\\\/\\\/expressometro.mx\\\/#organization\"},\"potentialAction\":[{\"@type\":\"SearchAction\",\"target\":{\"@type\":\"EntryPoint\",\"urlTemplate\":\"https:\\\/\\\/expressometro.mx\\\/?s={search_term_string}\"},\"query-input\":{\"@type\":\"PropertyValueSpecification\",\"valueRequired\":true,\"valueName\":\"search_term_string\"}}],\"inLanguage\":\"es\"},{\"@type\":\"Organization\",\"@id\":\"https:\\\/\\\/expressometro.mx\\\/#organization\",\"name\":\"Expresso Metropolitano\",\"url\":\"https:\\\/\\\/expressometro.mx\\\/\",\"logo\":{\"@type\":\"ImageObject\",\"inLanguage\":\"es\",\"@id\":\"https:\\\/\\\/expressometro.mx\\\/#\\\/schema\\\/logo\\\/image\\\/\",\"url\":\"https:\\\/\\\/expressometro.mx\\\/wp-content\\\/uploads\\\/2019\\\/07\\\/cropped-Logo-Expresso-Metropolitano-1-1.jpeg\",\"contentUrl\":\"https:\\\/\\\/expressometro.mx\\\/wp-content\\\/uploads\\\/2019\\\/07\\\/cropped-Logo-Expresso-Metropolitano-1-1.jpeg\",\"width\":290,\"height\":73,\"caption\":\"Expresso Metropolitano\"},\"image\":{\"@id\":\"https:\\\/\\\/expressometro.mx\\\/#\\\/schema\\\/logo\\\/image\\\/\"}},{\"@type\":\"Person\",\"@id\":\"https:\\\/\\\/expressometro.mx\\\/#\\\/schema\\\/person\\\/efa971b4a0664db8ed5c22b1b0dd2f5d\",\"name\":\"Expresso Metropolitano\",\"image\":{\"@type\":\"ImageObject\",\"inLanguage\":\"es\",\"@id\":\"https:\\\/\\\/secure.gravatar.com\\\/avatar\\\/a89f802b8de18c6952f223c88d3d106e9e3679839f4e25a02f4a6cc2ae6ba3b3?s=96&d=mm&r=g\",\"url\":\"https:\\\/\\\/secure.gravatar.com\\\/avatar\\\/a89f802b8de18c6952f223c88d3d106e9e3679839f4e25a02f4a6cc2ae6ba3b3?s=96&d=mm&r=g\",\"contentUrl\":\"https:\\\/\\\/secure.gravatar.com\\\/avatar\\\/a89f802b8de18c6952f223c88d3d106e9e3679839f4e25a02f4a6cc2ae6ba3b3?s=96&d=mm&r=g\",\"caption\":\"Expresso Metropolitano\"},\"url\":\"https:\\\/\\\/expressometro.mx\\\/index.php\\\/author\\\/diego\\\/\"}]}<\/script>\n<!-- \/ Yoast SEO plugin. -->","yoast_head_json":{"title":"INFORMA SEDUC QUE EL PROGRAMA DE ATENCI\u00d3N A EDUCACI\u00d3N B\u00c1SICA SEGUIR\u00c1 EN FUNCIONES DIRECTO EN LAS ESCUELAS - Expresso Metropolitano","robots":{"index":"index","follow":"follow","max-snippet":"max-snippet:-1","max-image-preview":"max-image-preview:large","max-video-preview":"max-video-preview:-1"},"canonical":"https:\/\/expressometro.mx\/index.php\/2019\/08\/18\/informa-seduc-que-el-programa-de-atencion-a-educacion-basica-seguira-en-funciones-directo-en-las-escuelas\/","og_locale":"es_MX","og_type":"article","og_title":"INFORMA SEDUC QUE EL PROGRAMA DE ATENCI\u00d3N A EDUCACI\u00d3N B\u00c1SICA SEGUIR\u00c1 EN FUNCIONES DIRECTO EN LAS ESCUELAS - Expresso Metropolitano","og_description":"Con el prop\u00f3sito de prestar un servicio personalizado a padres de familia que a\u00fan deseen realizar cambios de turno o escuela en preescolar, primaria y secundaria, para el ciclo escolar 2019-2020, la Secretar\u00eda de Educaci\u00f3n del Estado de M\u00e9xico informa que el Programa de Atenci\u00f3n a Educaci\u00f3n B\u00e1sica (PAEB) seguir\u00e1 su operaci\u00f3n directamente en los planteles escolares. Esto a partir del lunes 19 de agosto y hasta el viernes 6 de septiembre de 2019, de lunes a viernes, en horario escolar. Es importante recordar que se trata de un tr\u00e1mite&hellip;","og_url":"https:\/\/expressometro.mx\/index.php\/2019\/08\/18\/informa-seduc-que-el-programa-de-atencion-a-educacion-basica-seguira-en-funciones-directo-en-las-escuelas\/","og_site_name":"Expresso Metropolitano","article_published_time":"2019-08-19T02:04:19+00:00","article_modified_time":"2019-09-25T15:41:38+00:00","og_image":[{"width":1024,"height":681,"url":"https:\/\/expressometro.mx\/wp-content\/uploads\/2019\/08\/w2_8566_2.jpg","type":"image\/jpeg"}],"author":"Expresso Metropolitano","twitter_misc":{"Escrito por":"Expresso Metropolitano","Tiempo de lectura":"1 minuto"},"schema":{"@context":"https:\/\/schema.org","@graph":[{"@type":"Article","@id":"https:\/\/expressometro.mx\/index.php\/2019\/08\/18\/informa-seduc-que-el-programa-de-atencion-a-educacion-basica-seguira-en-funciones-directo-en-las-escuelas\/#article","isPartOf":{"@id":"https:\/\/expressometro.mx\/index.php\/2019\/08\/18\/informa-seduc-que-el-programa-de-atencion-a-educacion-basica-seguira-en-funciones-directo-en-las-escuelas\/"},"author":{"name":"Expresso Metropolitano","@id":"https:\/\/expressometro.mx\/#\/schema\/person\/efa971b4a0664db8ed5c22b1b0dd2f5d"},"headline":"INFORMA SEDUC QUE EL PROGRAMA DE ATENCI\u00d3N A EDUCACI\u00d3N B\u00c1SICA SEGUIR\u00c1 EN FUNCIONES DIRECTO EN LAS ESCUELAS","datePublished":"2019-08-19T02:04:19+00:00","dateModified":"2019-09-25T15:41:38+00:00","mainEntityOfPage":{"@id":"https:\/\/expressometro.mx\/index.php\/2019\/08\/18\/informa-seduc-que-el-programa-de-atencion-a-educacion-basica-seguira-en-funciones-directo-en-las-escuelas\/"},"wordCount":222,"commentCount":0,"publisher":{"@id":"https:\/\/expressometro.mx\/#organization"},"articleSection":["Gobierno"],"inLanguage":"es","potentialAction":[{"@type":"CommentAction","name":"Comment","target":["https:\/\/expressometro.mx\/index.php\/2019\/08\/18\/informa-seduc-que-el-programa-de-atencion-a-educacion-basica-seguira-en-funciones-directo-en-las-escuelas\/#respond"]}]},{"@type":"WebPage","@id":"https:\/\/expressometro.mx\/index.php\/2019\/08\/18\/informa-seduc-que-el-programa-de-atencion-a-educacion-basica-seguira-en-funciones-directo-en-las-escuelas\/","url":"https:\/\/expressometro.mx\/index.php\/2019\/08\/18\/informa-seduc-que-el-programa-de-atencion-a-educacion-basica-seguira-en-funciones-directo-en-las-escuelas\/","name":"INFORMA SEDUC QUE EL PROGRAMA DE ATENCI\u00d3N A EDUCACI\u00d3N B\u00c1SICA SEGUIR\u00c1 EN FUNCIONES DIRECTO EN LAS ESCUELAS - Expresso Metropolitano","isPartOf":{"@id":"https:\/\/expressometro.mx\/#website"},"datePublished":"2019-08-19T02:04:19+00:00","dateModified":"2019-09-25T15:41:38+00:00","breadcrumb":{"@id":"https:\/\/expressometro.mx\/index.php\/2019\/08\/18\/informa-seduc-que-el-programa-de-atencion-a-educacion-basica-seguira-en-funciones-directo-en-las-escuelas\/#breadcrumb"},"inLanguage":"es","potentialAction":[{"@type":"ReadAction","target":["https:\/\/expressometro.mx\/index.php\/2019\/08\/18\/informa-seduc-que-el-programa-de-atencion-a-educacion-basica-seguira-en-funciones-directo-en-las-escuelas\/"]}]},{"@type":"BreadcrumbList","@id":"https:\/\/expressometro.mx\/index.php\/2019\/08\/18\/informa-seduc-que-el-programa-de-atencion-a-educacion-basica-seguira-en-funciones-directo-en-las-escuelas\/#breadcrumb","itemListElement":[{"@type":"ListItem","position":1,"name":"Inicio","item":"https:\/\/expressometro.mx\/"},{"@type":"ListItem","position":2,"name":"INFORMA SEDUC QUE EL PROGRAMA DE ATENCI\u00d3N A EDUCACI\u00d3N B\u00c1SICA SEGUIR\u00c1 EN FUNCIONES DIRECTO EN LAS ESCUELAS"}]},{"@type":"WebSite","@id":"https:\/\/expressometro.mx\/#website","url":"https:\/\/expressometro.mx\/","name":"Expresso Metropolitano","description":"Periodismo comprometido, informaci\u00f3n, investigaci\u00f3n y an\u00e1lisis","publisher":{"@id":"https:\/\/expressometro.mx\/#organization"},"potentialAction":[{"@type":"SearchAction","target":{"@type":"EntryPoint","urlTemplate":"https:\/\/expressometro.mx\/?s={search_term_string}"},"query-input":{"@type":"PropertyValueSpecification","valueRequired":true,"valueName":"search_term_string"}}],"inLanguage":"es"},{"@type":"Organization","@id":"https:\/\/expressometro.mx\/#organization","name":"Expresso Metropolitano","url":"https:\/\/expressometro.mx\/","logo":{"@type":"ImageObject","inLanguage":"es","@id":"https:\/\/expressometro.mx\/#\/schema\/logo\/image\/","url":"https:\/\/expressometro.mx\/wp-content\/uploads\/2019\/07\/cropped-Logo-Expresso-Metropolitano-1-1.jpeg","contentUrl":"https:\/\/expressometro.mx\/wp-content\/uploads\/2019\/07\/cropped-Logo-Expresso-Metropolitano-1-1.jpeg","width":290,"height":73,"caption":"Expresso Metropolitano"},"image":{"@id":"https:\/\/expressometro.mx\/#\/schema\/logo\/image\/"}},{"@type":"Person","@id":"https:\/\/expressometro.mx\/#\/schema\/person\/efa971b4a0664db8ed5c22b1b0dd2f5d","name":"Expresso Metropolitano","image":{"@type":"ImageObject","inLanguage":"es","@id":"https:\/\/secure.gravatar.com\/avatar\/a89f802b8de18c6952f223c88d3d106e9e3679839f4e25a02f4a6cc2ae6ba3b3?s=96&d=mm&r=g","url":"https:\/\/secure.gravatar.com\/avatar\/a89f802b8de18c6952f223c88d3d106e9e3679839f4e25a02f4a6cc2ae6ba3b3?s=96&d=mm&r=g","contentUrl":"https:\/\/secure.gravatar.com\/avatar\/a89f802b8de18c6952f223c88d3d106e9e3679839f4e25a02f4a6cc2ae6ba3b3?s=96&d=mm&r=g","caption":"Expresso Metropolitano"},"url":"https:\/\/expressometro.mx\/index.php\/author\/diego\/"}]}},"amp_enabled":true,"_links":{"self":[{"href":"https:\/\/expressometro.mx\/index.php\/wp-json\/wp\/v2\/posts\/188","targetHints":{"allow":["GET"]}}],"collection":[{"href":"https:\/\/expressometro.mx\/index.php\/wp-json\/wp\/v2\/posts"}],"about":[{"href":"https:\/\/expressometro.mx\/index.php\/wp-json\/wp\/v2\/types\/post"}],"author":[{"embeddable":true,"href":"https:\/\/expressometro.mx\/index.php\/wp-json\/wp\/v2\/users\/1"}],"replies":[{"embeddable":true,"href":"https:\/\/expressometro.mx\/index.php\/wp-json\/wp\/v2\/comments?post=188"}],"version-history":[{"count":1,"href":"https:\/\/expressometro.mx\/index.php\/wp-json\/wp\/v2\/posts\/188\/revisions"}],"predecessor-version":[{"id":190,"href":"https:\/\/expressometro.mx\/index.php\/wp-json\/wp\/v2\/posts\/188\/revisions\/190"}],"wp:attachment":[{"href":"https:\/\/expressometro.mx\/index.php\/wp-json\/wp\/v2\/media?parent=188"}],"wp:term":[{"taxonomy":"category","embeddable":true,"href":"https:\/\/expressometro.mx\/index.php\/wp-json\/wp\/v2\/categories?post=188"},{"taxonomy":"post_tag","embeddable":true,"href":"https:\/\/expressometro.mx\/index.php\/wp-json\/wp\/v2\/tags?post=188"}],"curies":[{"name":"wp","href":"https:\/\/api.w.org\/{rel}","templated":true}]}}