{"id":1879,"date":"2020-09-25T10:45:14","date_gmt":"2020-09-25T15:45:14","guid":{"rendered":"http:\/\/expressometro.mx\/?p=1879"},"modified":"2020-09-25T10:45:15","modified_gmt":"2020-09-25T15:45:15","slug":"en-edomex-se-ha-logrado-equilibrar-el-cuidado-de-la-salud-de-la-poblacion-y-la-reactivacion-economica-alfredo-del-mazo","status":"publish","type":"post","link":"https:\/\/expressometro.mx\/index.php\/2020\/09\/25\/en-edomex-se-ha-logrado-equilibrar-el-cuidado-de-la-salud-de-la-poblacion-y-la-reactivacion-economica-alfredo-del-mazo\/","title":{"rendered":"EN EDOM\u00c9X SE HA LOGRADO EQUILIBRAR EL CUIDADO DE LA SALUD DE LA POBLACI\u00d3N Y LA REACTIVACI\u00d3N ECON\u00d3MICA: ALFREDO DEL MAZO"},"content":{"rendered":"\n<p>El Gobernador Alfredo Del Mazo Maza se\u00f1al\u00f3 que en el Estado de M\u00e9xico se ha logrado equilibrar la apertura de actividades econ\u00f3micas y el cuidado de la salud de los mexiquenses, por lo que inform\u00f3 que la entidad lleva siete semanas con \u00edndices a la baja en el ritmo de contagios y disminuci\u00f3n en hospitalizaciones.<\/p>\n\n\n\n<p>Apunt\u00f3 que esto es resultado del esfuerzo de los mexiquenses, lo que a su vez ha permitido que el regreso a las actividades se realice poco a poco, e inform\u00f3 que las pr\u00f3ximas dos semanas, el Estado de M\u00e9xico seguir\u00e1 en sem\u00e1foro naranja.<\/p>\n\n\n\n<p>\u201cEsto significa que estamos logrando el equilibrio entre el cuidado de la salud, que es una prioridad, y la reactivaci\u00f3n econ\u00f3mica. Este logro es muy importante porque nos permite seguir avanzando.<\/p>\n\n\n\n<p>\u201cDurante las pr\u00f3ximas dos semanas seguiremos en sem\u00e1foro naranja, esto nos permite continuar con las actividades econ\u00f3micas de manera muy responsable\u201d, precis\u00f3.<\/p>\n\n\n\n<p>A trav\u00e9s de un mensaje en sus redes sociales, el Gobernador Alfredo Del Mazo record\u00f3 que se han retomado la mayor\u00eda de las actividades, como la apertura de los peque\u00f1os negocios, restaurantes, hoteles, centros comerciales, tiendas departamentales, cines, teatros, museos, deportivos, gimnasios, entre otros.<\/p>\n\n\n\n<p>En este sentido, sostuvo que el regreso paulatino de las actividades ha permitido ayudar a la econom\u00eda de las familias.<\/p>\n\n\n\n<p>\u201cYa vimos que s\u00ed es posible retomar nuestras actividades y seguir disminuyendo el ritmo de contagios y de hospitalizados. De continuar as\u00ed, pronto podremos cambiar al sem\u00e1foro amarillo\u201d, afirm\u00f3.<\/p>\n\n\n\n<p>Del Mazo Maza indic\u00f3 que otras acciones que se han impulsado para reactivar la econom\u00eda y apoyar a las familias mexiquenses, son la entrega de microcr\u00e9ditos para los peque\u00f1os negocios, los cuales generan la mayor\u00eda de los empleos.<\/p>\n\n\n\n<p>Asimismo, puntualiz\u00f3 que para proteger las fuentes laborales se apoya a las grandes empresas e industrias, para que salgan adelante, adem\u00e1s de otorgar apoyos sociales a las familias m\u00e1s vulnerables.<\/p>\n\n\n\n<p>\u201cPara que la reactivaci\u00f3n de nuestra econom\u00eda pueda acelerarse, necesitamos todos seguir actuando de manera muy responsable, tambi\u00e9n es necesario mantener y fortalecer los apoyos a las familias m\u00e1s vulnerables, por eso seguimos entregando apoyos sociales como las canastas alimentarias y el apoyo al desempleo que se entregan a las familias m\u00e1s afectadas\u201d, manifest\u00f3.<\/p>\n\n\n\n<p>Para evitar regresar al escenario de m\u00e1s alto riesgo de contagios, destac\u00f3 que todos debemos actuar de manera responsable, sin relajar las medidas sanitarias de prevenci\u00f3n, por lo que es indispensable ser solidarios para cuidarnos.<\/p>\n\n\n\n<p>\u201cEstamos frente a un gran reto y la mejor manera de enfrentarlo es hacerlo juntos, cuidando la salud y apoyando la econom\u00eda familiar, estamos en el punto donde debemos de seguir cuid\u00e1ndonos para seguir avanzando\u201d, agreg\u00f3.<\/p>\n","protected":false},"excerpt":{"rendered":"<p>El Gobernador Alfredo Del Mazo Maza se\u00f1al\u00f3 que en el Estado de M\u00e9xico se ha logrado equilibrar la apertura de actividades econ\u00f3micas y el cuidado de la salud de los mexiquenses, por lo que inform\u00f3 que la entidad lleva siete semanas con \u00edndices a la baja en el ritmo de contagios y disminuci\u00f3n en hospitalizaciones. Apunt\u00f3 que esto es resultado del esfuerzo de los mexiquenses, lo que a su vez ha permitido que el regreso a las actividades se realice poco a poco, e inform\u00f3 que las pr\u00f3ximas dos semanas,&hellip;<\/p>\n","protected":false},"author":1,"featured_media":1880,"comment_status":"open","ping_status":"open","sticky":false,"template":"","format":"standard","meta":{"footnotes":""},"categories":[1],"tags":[],"class_list":["post-1879","post","type-post","status-publish","format-standard","has-post-thumbnail","hentry","category-otros"],"yoast_head":"<!-- This site is optimized with the Yoast SEO plugin v27.5 - https:\/\/yoast.com\/product\/yoast-seo-wordpress\/ -->\n<title>EN EDOM\u00c9X SE HA LOGRADO EQUILIBRAR EL CUIDADO DE LA SALUD DE LA POBLACI\u00d3N Y LA REACTIVACI\u00d3N ECON\u00d3MICA: ALFREDO DEL MAZO - Expresso Metropolitano<\/title>\n<meta name=\"robots\" content=\"index, follow, max-snippet:-1, max-image-preview:large, max-video-preview:-1\" \/>\n<link rel=\"canonical\" href=\"https:\/\/expressometro.mx\/index.php\/2020\/09\/25\/en-edomex-se-ha-logrado-equilibrar-el-cuidado-de-la-salud-de-la-poblacion-y-la-reactivacion-economica-alfredo-del-mazo\/\" \/>\n<meta property=\"og:locale\" content=\"es_MX\" \/>\n<meta property=\"og:type\" content=\"article\" \/>\n<meta property=\"og:title\" content=\"EN EDOM\u00c9X SE HA LOGRADO EQUILIBRAR EL CUIDADO DE LA SALUD DE LA POBLACI\u00d3N Y LA REACTIVACI\u00d3N ECON\u00d3MICA: ALFREDO DEL MAZO - Expresso Metropolitano\" \/>\n<meta property=\"og:description\" content=\"El Gobernador Alfredo Del Mazo Maza se\u00f1al\u00f3 que en el Estado de M\u00e9xico se ha logrado equilibrar la apertura de actividades econ\u00f3micas y el cuidado de la salud de los mexiquenses, por lo que inform\u00f3 que la entidad lleva siete semanas con \u00edndices a la baja en el ritmo de contagios y disminuci\u00f3n en hospitalizaciones. Apunt\u00f3 que esto es resultado del esfuerzo de los mexiquenses, lo que a su vez ha permitido que el regreso a las actividades se realice poco a poco, e inform\u00f3 que las pr\u00f3ximas dos semanas,&hellip;\" \/>\n<meta property=\"og:url\" content=\"https:\/\/expressometro.mx\/index.php\/2020\/09\/25\/en-edomex-se-ha-logrado-equilibrar-el-cuidado-de-la-salud-de-la-poblacion-y-la-reactivacion-economica-alfredo-del-mazo\/\" \/>\n<meta property=\"og:site_name\" content=\"Expresso Metropolitano\" \/>\n<meta property=\"article:published_time\" content=\"2020-09-25T15:45:14+00:00\" \/>\n<meta property=\"article:modified_time\" content=\"2020-09-25T15:45:15+00:00\" \/>\n<meta property=\"og:image\" content=\"https:\/\/expressometro.mx\/wp-content\/uploads\/2020\/09\/9ea733a0-03bc-4168-b192-3d2ddc756e64.jpg\" \/>\n\t<meta property=\"og:image:width\" content=\"1280\" \/>\n\t<meta property=\"og:image:height\" content=\"716\" \/>\n\t<meta property=\"og:image:type\" content=\"image\/jpeg\" \/>\n<meta name=\"author\" content=\"Expresso Metropolitano\" \/>\n<meta name=\"twitter:label1\" content=\"Escrito por\" \/>\n\t<meta name=\"twitter:data1\" content=\"Expresso Metropolitano\" \/>\n\t<meta name=\"twitter:label2\" content=\"Tiempo de lectura\" \/>\n\t<meta name=\"twitter:data2\" content=\"2 minutos\" \/>\n<script type=\"application\/ld+json\" class=\"yoast-schema-graph\">{\"@context\":\"https:\\\/\\\/schema.org\",\"@graph\":[{\"@type\":\"Article\",\"@id\":\"https:\\\/\\\/expressometro.mx\\\/index.php\\\/2020\\\/09\\\/25\\\/en-edomex-se-ha-logrado-equilibrar-el-cuidado-de-la-salud-de-la-poblacion-y-la-reactivacion-economica-alfredo-del-mazo\\\/#article\",\"isPartOf\":{\"@id\":\"https:\\\/\\\/expressometro.mx\\\/index.php\\\/2020\\\/09\\\/25\\\/en-edomex-se-ha-logrado-equilibrar-el-cuidado-de-la-salud-de-la-poblacion-y-la-reactivacion-economica-alfredo-del-mazo\\\/\"},\"author\":{\"name\":\"Expresso Metropolitano\",\"@id\":\"https:\\\/\\\/expressometro.mx\\\/#\\\/schema\\\/person\\\/efa971b4a0664db8ed5c22b1b0dd2f5d\"},\"headline\":\"EN EDOM\u00c9X SE HA LOGRADO EQUILIBRAR EL CUIDADO DE LA SALUD DE LA POBLACI\u00d3N Y LA REACTIVACI\u00d3N ECON\u00d3MICA: ALFREDO DEL MAZO\",\"datePublished\":\"2020-09-25T15:45:14+00:00\",\"dateModified\":\"2020-09-25T15:45:15+00:00\",\"mainEntityOfPage\":{\"@id\":\"https:\\\/\\\/expressometro.mx\\\/index.php\\\/2020\\\/09\\\/25\\\/en-edomex-se-ha-logrado-equilibrar-el-cuidado-de-la-salud-de-la-poblacion-y-la-reactivacion-economica-alfredo-del-mazo\\\/\"},\"wordCount\":494,\"commentCount\":0,\"publisher\":{\"@id\":\"https:\\\/\\\/expressometro.mx\\\/#organization\"},\"image\":{\"@id\":\"https:\\\/\\\/expressometro.mx\\\/index.php\\\/2020\\\/09\\\/25\\\/en-edomex-se-ha-logrado-equilibrar-el-cuidado-de-la-salud-de-la-poblacion-y-la-reactivacion-economica-alfredo-del-mazo\\\/#primaryimage\"},\"thumbnailUrl\":\"https:\\\/\\\/expressometro.mx\\\/wp-content\\\/uploads\\\/2020\\\/09\\\/9ea733a0-03bc-4168-b192-3d2ddc756e64.jpg\",\"articleSection\":[\"Otros\"],\"inLanguage\":\"es\",\"potentialAction\":[{\"@type\":\"CommentAction\",\"name\":\"Comment\",\"target\":[\"https:\\\/\\\/expressometro.mx\\\/index.php\\\/2020\\\/09\\\/25\\\/en-edomex-se-ha-logrado-equilibrar-el-cuidado-de-la-salud-de-la-poblacion-y-la-reactivacion-economica-alfredo-del-mazo\\\/#respond\"]}]},{\"@type\":\"WebPage\",\"@id\":\"https:\\\/\\\/expressometro.mx\\\/index.php\\\/2020\\\/09\\\/25\\\/en-edomex-se-ha-logrado-equilibrar-el-cuidado-de-la-salud-de-la-poblacion-y-la-reactivacion-economica-alfredo-del-mazo\\\/\",\"url\":\"https:\\\/\\\/expressometro.mx\\\/index.php\\\/2020\\\/09\\\/25\\\/en-edomex-se-ha-logrado-equilibrar-el-cuidado-de-la-salud-de-la-poblacion-y-la-reactivacion-economica-alfredo-del-mazo\\\/\",\"name\":\"EN EDOM\u00c9X SE HA LOGRADO EQUILIBRAR EL CUIDADO DE LA SALUD DE LA POBLACI\u00d3N Y LA REACTIVACI\u00d3N ECON\u00d3MICA: ALFREDO DEL MAZO - Expresso Metropolitano\",\"isPartOf\":{\"@id\":\"https:\\\/\\\/expressometro.mx\\\/#website\"},\"primaryImageOfPage\":{\"@id\":\"https:\\\/\\\/expressometro.mx\\\/index.php\\\/2020\\\/09\\\/25\\\/en-edomex-se-ha-logrado-equilibrar-el-cuidado-de-la-salud-de-la-poblacion-y-la-reactivacion-economica-alfredo-del-mazo\\\/#primaryimage\"},\"image\":{\"@id\":\"https:\\\/\\\/expressometro.mx\\\/index.php\\\/2020\\\/09\\\/25\\\/en-edomex-se-ha-logrado-equilibrar-el-cuidado-de-la-salud-de-la-poblacion-y-la-reactivacion-economica-alfredo-del-mazo\\\/#primaryimage\"},\"thumbnailUrl\":\"https:\\\/\\\/expressometro.mx\\\/wp-content\\\/uploads\\\/2020\\\/09\\\/9ea733a0-03bc-4168-b192-3d2ddc756e64.jpg\",\"datePublished\":\"2020-09-25T15:45:14+00:00\",\"dateModified\":\"2020-09-25T15:45:15+00:00\",\"breadcrumb\":{\"@id\":\"https:\\\/\\\/expressometro.mx\\\/index.php\\\/2020\\\/09\\\/25\\\/en-edomex-se-ha-logrado-equilibrar-el-cuidado-de-la-salud-de-la-poblacion-y-la-reactivacion-economica-alfredo-del-mazo\\\/#breadcrumb\"},\"inLanguage\":\"es\",\"potentialAction\":[{\"@type\":\"ReadAction\",\"target\":[\"https:\\\/\\\/expressometro.mx\\\/index.php\\\/2020\\\/09\\\/25\\\/en-edomex-se-ha-logrado-equilibrar-el-cuidado-de-la-salud-de-la-poblacion-y-la-reactivacion-economica-alfredo-del-mazo\\\/\"]}]},{\"@type\":\"ImageObject\",\"inLanguage\":\"es\",\"@id\":\"https:\\\/\\\/expressometro.mx\\\/index.php\\\/2020\\\/09\\\/25\\\/en-edomex-se-ha-logrado-equilibrar-el-cuidado-de-la-salud-de-la-poblacion-y-la-reactivacion-economica-alfredo-del-mazo\\\/#primaryimage\",\"url\":\"https:\\\/\\\/expressometro.mx\\\/wp-content\\\/uploads\\\/2020\\\/09\\\/9ea733a0-03bc-4168-b192-3d2ddc756e64.jpg\",\"contentUrl\":\"https:\\\/\\\/expressometro.mx\\\/wp-content\\\/uploads\\\/2020\\\/09\\\/9ea733a0-03bc-4168-b192-3d2ddc756e64.jpg\",\"width\":1280,\"height\":716},{\"@type\":\"BreadcrumbList\",\"@id\":\"https:\\\/\\\/expressometro.mx\\\/index.php\\\/2020\\\/09\\\/25\\\/en-edomex-se-ha-logrado-equilibrar-el-cuidado-de-la-salud-de-la-poblacion-y-la-reactivacion-economica-alfredo-del-mazo\\\/#breadcrumb\",\"itemListElement\":[{\"@type\":\"ListItem\",\"position\":1,\"name\":\"Inicio\",\"item\":\"https:\\\/\\\/expressometro.mx\\\/\"},{\"@type\":\"ListItem\",\"position\":2,\"name\":\"EN EDOM\u00c9X SE HA LOGRADO EQUILIBRAR EL CUIDADO DE LA SALUD DE LA POBLACI\u00d3N Y LA REACTIVACI\u00d3N ECON\u00d3MICA: ALFREDO DEL MAZO\"}]},{\"@type\":\"WebSite\",\"@id\":\"https:\\\/\\\/expressometro.mx\\\/#website\",\"url\":\"https:\\\/\\\/expressometro.mx\\\/\",\"name\":\"Expresso Metropolitano\",\"description\":\"Periodismo comprometido, informaci\u00f3n, investigaci\u00f3n y an\u00e1lisis\",\"publisher\":{\"@id\":\"https:\\\/\\\/expressometro.mx\\\/#organization\"},\"potentialAction\":[{\"@type\":\"SearchAction\",\"target\":{\"@type\":\"EntryPoint\",\"urlTemplate\":\"https:\\\/\\\/expressometro.mx\\\/?s={search_term_string}\"},\"query-input\":{\"@type\":\"PropertyValueSpecification\",\"valueRequired\":true,\"valueName\":\"search_term_string\"}}],\"inLanguage\":\"es\"},{\"@type\":\"Organization\",\"@id\":\"https:\\\/\\\/expressometro.mx\\\/#organization\",\"name\":\"Expresso Metropolitano\",\"url\":\"https:\\\/\\\/expressometro.mx\\\/\",\"logo\":{\"@type\":\"ImageObject\",\"inLanguage\":\"es\",\"@id\":\"https:\\\/\\\/expressometro.mx\\\/#\\\/schema\\\/logo\\\/image\\\/\",\"url\":\"https:\\\/\\\/expressometro.mx\\\/wp-content\\\/uploads\\\/2019\\\/07\\\/cropped-Logo-Expresso-Metropolitano-1-1.jpeg\",\"contentUrl\":\"https:\\\/\\\/expressometro.mx\\\/wp-content\\\/uploads\\\/2019\\\/07\\\/cropped-Logo-Expresso-Metropolitano-1-1.jpeg\",\"width\":290,\"height\":73,\"caption\":\"Expresso Metropolitano\"},\"image\":{\"@id\":\"https:\\\/\\\/expressometro.mx\\\/#\\\/schema\\\/logo\\\/image\\\/\"}},{\"@type\":\"Person\",\"@id\":\"https:\\\/\\\/expressometro.mx\\\/#\\\/schema\\\/person\\\/efa971b4a0664db8ed5c22b1b0dd2f5d\",\"name\":\"Expresso Metropolitano\",\"image\":{\"@type\":\"ImageObject\",\"inLanguage\":\"es\",\"@id\":\"https:\\\/\\\/secure.gravatar.com\\\/avatar\\\/a89f802b8de18c6952f223c88d3d106e9e3679839f4e25a02f4a6cc2ae6ba3b3?s=96&d=mm&r=g\",\"url\":\"https:\\\/\\\/secure.gravatar.com\\\/avatar\\\/a89f802b8de18c6952f223c88d3d106e9e3679839f4e25a02f4a6cc2ae6ba3b3?s=96&d=mm&r=g\",\"contentUrl\":\"https:\\\/\\\/secure.gravatar.com\\\/avatar\\\/a89f802b8de18c6952f223c88d3d106e9e3679839f4e25a02f4a6cc2ae6ba3b3?s=96&d=mm&r=g\",\"caption\":\"Expresso Metropolitano\"},\"url\":\"https:\\\/\\\/expressometro.mx\\\/index.php\\\/author\\\/diego\\\/\"}]}<\/script>\n<!-- \/ Yoast SEO plugin. -->","yoast_head_json":{"title":"EN EDOM\u00c9X SE HA LOGRADO EQUILIBRAR EL CUIDADO DE LA SALUD DE LA POBLACI\u00d3N Y LA REACTIVACI\u00d3N ECON\u00d3MICA: ALFREDO DEL MAZO - Expresso Metropolitano","robots":{"index":"index","follow":"follow","max-snippet":"max-snippet:-1","max-image-preview":"max-image-preview:large","max-video-preview":"max-video-preview:-1"},"canonical":"https:\/\/expressometro.mx\/index.php\/2020\/09\/25\/en-edomex-se-ha-logrado-equilibrar-el-cuidado-de-la-salud-de-la-poblacion-y-la-reactivacion-economica-alfredo-del-mazo\/","og_locale":"es_MX","og_type":"article","og_title":"EN EDOM\u00c9X SE HA LOGRADO EQUILIBRAR EL CUIDADO DE LA SALUD DE LA POBLACI\u00d3N Y LA REACTIVACI\u00d3N ECON\u00d3MICA: ALFREDO DEL MAZO - Expresso Metropolitano","og_description":"El Gobernador Alfredo Del Mazo Maza se\u00f1al\u00f3 que en el Estado de M\u00e9xico se ha logrado equilibrar la apertura de actividades econ\u00f3micas y el cuidado de la salud de los mexiquenses, por lo que inform\u00f3 que la entidad lleva siete semanas con \u00edndices a la baja en el ritmo de contagios y disminuci\u00f3n en hospitalizaciones. Apunt\u00f3 que esto es resultado del esfuerzo de los mexiquenses, lo que a su vez ha permitido que el regreso a las actividades se realice poco a poco, e inform\u00f3 que las pr\u00f3ximas dos semanas,&hellip;","og_url":"https:\/\/expressometro.mx\/index.php\/2020\/09\/25\/en-edomex-se-ha-logrado-equilibrar-el-cuidado-de-la-salud-de-la-poblacion-y-la-reactivacion-economica-alfredo-del-mazo\/","og_site_name":"Expresso Metropolitano","article_published_time":"2020-09-25T15:45:14+00:00","article_modified_time":"2020-09-25T15:45:15+00:00","og_image":[{"width":1280,"height":716,"url":"https:\/\/expressometro.mx\/wp-content\/uploads\/2020\/09\/9ea733a0-03bc-4168-b192-3d2ddc756e64.jpg","type":"image\/jpeg"}],"author":"Expresso Metropolitano","twitter_misc":{"Escrito por":"Expresso Metropolitano","Tiempo de lectura":"2 minutos"},"schema":{"@context":"https:\/\/schema.org","@graph":[{"@type":"Article","@id":"https:\/\/expressometro.mx\/index.php\/2020\/09\/25\/en-edomex-se-ha-logrado-equilibrar-el-cuidado-de-la-salud-de-la-poblacion-y-la-reactivacion-economica-alfredo-del-mazo\/#article","isPartOf":{"@id":"https:\/\/expressometro.mx\/index.php\/2020\/09\/25\/en-edomex-se-ha-logrado-equilibrar-el-cuidado-de-la-salud-de-la-poblacion-y-la-reactivacion-economica-alfredo-del-mazo\/"},"author":{"name":"Expresso Metropolitano","@id":"https:\/\/expressometro.mx\/#\/schema\/person\/efa971b4a0664db8ed5c22b1b0dd2f5d"},"headline":"EN EDOM\u00c9X SE HA LOGRADO EQUILIBRAR EL CUIDADO DE LA SALUD DE LA POBLACI\u00d3N Y LA REACTIVACI\u00d3N ECON\u00d3MICA: ALFREDO DEL MAZO","datePublished":"2020-09-25T15:45:14+00:00","dateModified":"2020-09-25T15:45:15+00:00","mainEntityOfPage":{"@id":"https:\/\/expressometro.mx\/index.php\/2020\/09\/25\/en-edomex-se-ha-logrado-equilibrar-el-cuidado-de-la-salud-de-la-poblacion-y-la-reactivacion-economica-alfredo-del-mazo\/"},"wordCount":494,"commentCount":0,"publisher":{"@id":"https:\/\/expressometro.mx\/#organization"},"image":{"@id":"https:\/\/expressometro.mx\/index.php\/2020\/09\/25\/en-edomex-se-ha-logrado-equilibrar-el-cuidado-de-la-salud-de-la-poblacion-y-la-reactivacion-economica-alfredo-del-mazo\/#primaryimage"},"thumbnailUrl":"https:\/\/expressometro.mx\/wp-content\/uploads\/2020\/09\/9ea733a0-03bc-4168-b192-3d2ddc756e64.jpg","articleSection":["Otros"],"inLanguage":"es","potentialAction":[{"@type":"CommentAction","name":"Comment","target":["https:\/\/expressometro.mx\/index.php\/2020\/09\/25\/en-edomex-se-ha-logrado-equilibrar-el-cuidado-de-la-salud-de-la-poblacion-y-la-reactivacion-economica-alfredo-del-mazo\/#respond"]}]},{"@type":"WebPage","@id":"https:\/\/expressometro.mx\/index.php\/2020\/09\/25\/en-edomex-se-ha-logrado-equilibrar-el-cuidado-de-la-salud-de-la-poblacion-y-la-reactivacion-economica-alfredo-del-mazo\/","url":"https:\/\/expressometro.mx\/index.php\/2020\/09\/25\/en-edomex-se-ha-logrado-equilibrar-el-cuidado-de-la-salud-de-la-poblacion-y-la-reactivacion-economica-alfredo-del-mazo\/","name":"EN EDOM\u00c9X SE HA LOGRADO EQUILIBRAR EL CUIDADO DE LA SALUD DE LA POBLACI\u00d3N Y LA REACTIVACI\u00d3N ECON\u00d3MICA: ALFREDO DEL MAZO - Expresso Metropolitano","isPartOf":{"@id":"https:\/\/expressometro.mx\/#website"},"primaryImageOfPage":{"@id":"https:\/\/expressometro.mx\/index.php\/2020\/09\/25\/en-edomex-se-ha-logrado-equilibrar-el-cuidado-de-la-salud-de-la-poblacion-y-la-reactivacion-economica-alfredo-del-mazo\/#primaryimage"},"image":{"@id":"https:\/\/expressometro.mx\/index.php\/2020\/09\/25\/en-edomex-se-ha-logrado-equilibrar-el-cuidado-de-la-salud-de-la-poblacion-y-la-reactivacion-economica-alfredo-del-mazo\/#primaryimage"},"thumbnailUrl":"https:\/\/expressometro.mx\/wp-content\/uploads\/2020\/09\/9ea733a0-03bc-4168-b192-3d2ddc756e64.jpg","datePublished":"2020-09-25T15:45:14+00:00","dateModified":"2020-09-25T15:45:15+00:00","breadcrumb":{"@id":"https:\/\/expressometro.mx\/index.php\/2020\/09\/25\/en-edomex-se-ha-logrado-equilibrar-el-cuidado-de-la-salud-de-la-poblacion-y-la-reactivacion-economica-alfredo-del-mazo\/#breadcrumb"},"inLanguage":"es","potentialAction":[{"@type":"ReadAction","target":["https:\/\/expressometro.mx\/index.php\/2020\/09\/25\/en-edomex-se-ha-logrado-equilibrar-el-cuidado-de-la-salud-de-la-poblacion-y-la-reactivacion-economica-alfredo-del-mazo\/"]}]},{"@type":"ImageObject","inLanguage":"es","@id":"https:\/\/expressometro.mx\/index.php\/2020\/09\/25\/en-edomex-se-ha-logrado-equilibrar-el-cuidado-de-la-salud-de-la-poblacion-y-la-reactivacion-economica-alfredo-del-mazo\/#primaryimage","url":"https:\/\/expressometro.mx\/wp-content\/uploads\/2020\/09\/9ea733a0-03bc-4168-b192-3d2ddc756e64.jpg","contentUrl":"https:\/\/expressometro.mx\/wp-content\/uploads\/2020\/09\/9ea733a0-03bc-4168-b192-3d2ddc756e64.jpg","width":1280,"height":716},{"@type":"BreadcrumbList","@id":"https:\/\/expressometro.mx\/index.php\/2020\/09\/25\/en-edomex-se-ha-logrado-equilibrar-el-cuidado-de-la-salud-de-la-poblacion-y-la-reactivacion-economica-alfredo-del-mazo\/#breadcrumb","itemListElement":[{"@type":"ListItem","position":1,"name":"Inicio","item":"https:\/\/expressometro.mx\/"},{"@type":"ListItem","position":2,"name":"EN EDOM\u00c9X SE HA LOGRADO EQUILIBRAR EL CUIDADO DE LA SALUD DE LA POBLACI\u00d3N Y LA REACTIVACI\u00d3N ECON\u00d3MICA: ALFREDO DEL MAZO"}]},{"@type":"WebSite","@id":"https:\/\/expressometro.mx\/#website","url":"https:\/\/expressometro.mx\/","name":"Expresso Metropolitano","description":"Periodismo comprometido, informaci\u00f3n, investigaci\u00f3n y an\u00e1lisis","publisher":{"@id":"https:\/\/expressometro.mx\/#organization"},"potentialAction":[{"@type":"SearchAction","target":{"@type":"EntryPoint","urlTemplate":"https:\/\/expressometro.mx\/?s={search_term_string}"},"query-input":{"@type":"PropertyValueSpecification","valueRequired":true,"valueName":"search_term_string"}}],"inLanguage":"es"},{"@type":"Organization","@id":"https:\/\/expressometro.mx\/#organization","name":"Expresso Metropolitano","url":"https:\/\/expressometro.mx\/","logo":{"@type":"ImageObject","inLanguage":"es","@id":"https:\/\/expressometro.mx\/#\/schema\/logo\/image\/","url":"https:\/\/expressometro.mx\/wp-content\/uploads\/2019\/07\/cropped-Logo-Expresso-Metropolitano-1-1.jpeg","contentUrl":"https:\/\/expressometro.mx\/wp-content\/uploads\/2019\/07\/cropped-Logo-Expresso-Metropolitano-1-1.jpeg","width":290,"height":73,"caption":"Expresso Metropolitano"},"image":{"@id":"https:\/\/expressometro.mx\/#\/schema\/logo\/image\/"}},{"@type":"Person","@id":"https:\/\/expressometro.mx\/#\/schema\/person\/efa971b4a0664db8ed5c22b1b0dd2f5d","name":"Expresso Metropolitano","image":{"@type":"ImageObject","inLanguage":"es","@id":"https:\/\/secure.gravatar.com\/avatar\/a89f802b8de18c6952f223c88d3d106e9e3679839f4e25a02f4a6cc2ae6ba3b3?s=96&d=mm&r=g","url":"https:\/\/secure.gravatar.com\/avatar\/a89f802b8de18c6952f223c88d3d106e9e3679839f4e25a02f4a6cc2ae6ba3b3?s=96&d=mm&r=g","contentUrl":"https:\/\/secure.gravatar.com\/avatar\/a89f802b8de18c6952f223c88d3d106e9e3679839f4e25a02f4a6cc2ae6ba3b3?s=96&d=mm&r=g","caption":"Expresso Metropolitano"},"url":"https:\/\/expressometro.mx\/index.php\/author\/diego\/"}]}},"amp_enabled":true,"_links":{"self":[{"href":"https:\/\/expressometro.mx\/index.php\/wp-json\/wp\/v2\/posts\/1879","targetHints":{"allow":["GET"]}}],"collection":[{"href":"https:\/\/expressometro.mx\/index.php\/wp-json\/wp\/v2\/posts"}],"about":[{"href":"https:\/\/expressometro.mx\/index.php\/wp-json\/wp\/v2\/types\/post"}],"author":[{"embeddable":true,"href":"https:\/\/expressometro.mx\/index.php\/wp-json\/wp\/v2\/users\/1"}],"replies":[{"embeddable":true,"href":"https:\/\/expressometro.mx\/index.php\/wp-json\/wp\/v2\/comments?post=1879"}],"version-history":[{"count":1,"href":"https:\/\/expressometro.mx\/index.php\/wp-json\/wp\/v2\/posts\/1879\/revisions"}],"predecessor-version":[{"id":1881,"href":"https:\/\/expressometro.mx\/index.php\/wp-json\/wp\/v2\/posts\/1879\/revisions\/1881"}],"wp:featuredmedia":[{"embeddable":true,"href":"https:\/\/expressometro.mx\/index.php\/wp-json\/wp\/v2\/media\/1880"}],"wp:attachment":[{"href":"https:\/\/expressometro.mx\/index.php\/wp-json\/wp\/v2\/media?parent=1879"}],"wp:term":[{"taxonomy":"category","embeddable":true,"href":"https:\/\/expressometro.mx\/index.php\/wp-json\/wp\/v2\/categories?post=1879"},{"taxonomy":"post_tag","embeddable":true,"href":"https:\/\/expressometro.mx\/index.php\/wp-json\/wp\/v2\/tags?post=1879"}],"curies":[{"name":"wp","href":"https:\/\/api.w.org\/{rel}","templated":true}]}}