{"id":1876,"date":"2020-09-22T23:24:40","date_gmt":"2020-09-23T04:24:40","guid":{"rendered":"http:\/\/expressometro.mx\/?p=1876"},"modified":"2020-09-22T23:24:41","modified_gmt":"2020-09-23T04:24:41","slug":"congreso-da-ultimatum-al-rector-de-la-uaem-alfredo-barrera","status":"publish","type":"post","link":"https:\/\/expressometro.mx\/index.php\/2020\/09\/22\/congreso-da-ultimatum-al-rector-de-la-uaem-alfredo-barrera\/","title":{"rendered":"CONGRESO DA ULTIM\u00c1TUM AL RECTOR DE LA UAEM ALFREDO BARRERA"},"content":{"rendered":"\n<p>El Poder Legislativo advirti\u00f3 que el rector de la Universidad Aut\u00f3noma del Estado de M\u00e9xico (UAEM\u00e9x) tiene de plazo a m\u00e1s tardar este jueves para respetar la designaci\u00f3n de Victorino Barrios D\u00e1valos como contralor interno de esa instituci\u00f3n, de lo contrario, la C\u00e1mara de Diputados recurrir\u00e1 a la Fiscal\u00eda General de Justicia de la entidad para denunciar el acto de desacato.<br>\nAl referirse a la facultad que tiene el Poder Legislativo de designar a un contralor externo e independiente en la Universidad, como lo establece la Ley del Sistema Estatal Anticorrupci\u00f3n, el presidente de la Junta de Coordinaci\u00f3n Pol\u00edtica, diputado Maurilio Hern\u00e1ndez Gonz\u00e1lez, aclar\u00f3 que el Congreso no ha recibido ninguna notificaci\u00f3n de amparo y m\u00e1s parece un acto de rebeld\u00eda para proteger intereses de grupos internos que controlan a la universidad, y que las diputadas y diputados locales no van a permitir.<br>\nPor lo anterior, el rector est\u00e1 obligado a acatar la resoluci\u00f3n de pleno a m\u00e1s tardar este jueves, de lo contrario, el Poder Legislativo estar\u00e1 en condiciones de recurrir a la Fiscal\u00eda para hacer valer la decisi\u00f3n de un \u00f3rgano de Estado.<br>\nDio a conocer que el contralor designado, Barrios D\u00e1valos, se reuni\u00f3 ya con el rector Alfredo Barrera Baca, quien pidi\u00f3 tres d\u00edas para procesar el nombramiento, mismos que se cumplir\u00e1n este mi\u00e9rcoles 23 de septiembre, por lo que el Poder Legislativo podr\u00eda tomar la decisi\u00f3n de llevarlo a las instancias penales en caso de incurrir en desacato.<br>\n\u201cNosotros tenemos un recurso de acudir ante la Fiscal\u00eda precisamente para que se intervenga ante lo que es un desacato a una determinaci\u00f3n del congreso del Estado\u201d.<br>\nDijo que en el Congreso del estado esperan tener una respuesta entre hoy y ma\u00f1ana para tener una contestaci\u00f3n sin necesidad de tener que intervenir en un sentido o en otro, pero es definitivo que el jueves se tomar\u00e1 una decisi\u00f3n al respecto, porque no ha llegado ninguna notificaci\u00f3n de amparo y ese es un dicho del rector Barrera que ha tergiversado el tema de la autonom\u00eda universitaria.<br>\nEn su opini\u00f3n, pretender llevar nuevamente a la Corte la designaci\u00f3n de un contralor es improcedente y el resultado ser\u00e1 igual, en el sentido de que el m\u00e1ximo Tribunal lo va a desechar porque no se puede buscar amparar por un mismo tema hasta por dos ocasiones.<br>\n\u201cEso lo \u00fanico que refleja son una de dos cosas: o es un desconocimiento total del procedimiento, que yo lo dudo, o es un acto de rebeld\u00eda y que quiera crear presi\u00f3n, por lo que es un tema que nosotros aqu\u00ed en la Legislatura no estaremos dispuestos a aceptar por ning\u00fan concepto\u201d.<\/p>\n","protected":false},"excerpt":{"rendered":"<p>El Poder Legislativo advirti\u00f3 que el rector de la Universidad Aut\u00f3noma del Estado de M\u00e9xico (UAEM\u00e9x) tiene de plazo a m\u00e1s tardar este jueves para respetar la designaci\u00f3n de Victorino Barrios D\u00e1valos como contralor interno de esa instituci\u00f3n, de lo contrario, la C\u00e1mara de Diputados recurrir\u00e1 a la Fiscal\u00eda General de Justicia de la entidad para denunciar el acto de desacato. Al referirse a la facultad que tiene el Poder Legislativo de designar a un contralor externo e independiente en la Universidad, como lo establece la Ley del Sistema Estatal&hellip;<\/p>\n","protected":false},"author":1,"featured_media":1877,"comment_status":"open","ping_status":"open","sticky":false,"template":"","format":"standard","meta":{"footnotes":""},"categories":[1],"tags":[],"class_list":["post-1876","post","type-post","status-publish","format-standard","has-post-thumbnail","hentry","category-otros"],"yoast_head":"<!-- This site is optimized with the Yoast SEO plugin v27.5 - https:\/\/yoast.com\/product\/yoast-seo-wordpress\/ -->\n<title>CONGRESO DA ULTIM\u00c1TUM AL RECTOR DE LA UAEM ALFREDO BARRERA - Expresso Metropolitano<\/title>\n<meta name=\"robots\" content=\"index, follow, max-snippet:-1, max-image-preview:large, max-video-preview:-1\" \/>\n<link rel=\"canonical\" href=\"https:\/\/expressometro.mx\/index.php\/2020\/09\/22\/congreso-da-ultimatum-al-rector-de-la-uaem-alfredo-barrera\/\" \/>\n<meta property=\"og:locale\" content=\"es_MX\" \/>\n<meta property=\"og:type\" content=\"article\" \/>\n<meta property=\"og:title\" content=\"CONGRESO DA ULTIM\u00c1TUM AL RECTOR DE LA UAEM ALFREDO BARRERA - Expresso Metropolitano\" \/>\n<meta property=\"og:description\" content=\"El Poder Legislativo advirti\u00f3 que el rector de la Universidad Aut\u00f3noma del Estado de M\u00e9xico (UAEM\u00e9x) tiene de plazo a m\u00e1s tardar este jueves para respetar la designaci\u00f3n de Victorino Barrios D\u00e1valos como contralor interno de esa instituci\u00f3n, de lo contrario, la C\u00e1mara de Diputados recurrir\u00e1 a la Fiscal\u00eda General de Justicia de la entidad para denunciar el acto de desacato. Al referirse a la facultad que tiene el Poder Legislativo de designar a un contralor externo e independiente en la Universidad, como lo establece la Ley del Sistema Estatal&hellip;\" \/>\n<meta property=\"og:url\" content=\"https:\/\/expressometro.mx\/index.php\/2020\/09\/22\/congreso-da-ultimatum-al-rector-de-la-uaem-alfredo-barrera\/\" \/>\n<meta property=\"og:site_name\" content=\"Expresso Metropolitano\" \/>\n<meta property=\"article:published_time\" content=\"2020-09-23T04:24:40+00:00\" \/>\n<meta property=\"article:modified_time\" content=\"2020-09-23T04:24:41+00:00\" \/>\n<meta property=\"og:image\" content=\"https:\/\/expressometro.mx\/wp-content\/uploads\/2020\/09\/566a64d9-9bcc-4028-8172-e9dc4b1f23fe.jpg\" \/>\n\t<meta property=\"og:image:width\" content=\"1024\" \/>\n\t<meta property=\"og:image:height\" content=\"682\" \/>\n\t<meta property=\"og:image:type\" content=\"image\/jpeg\" \/>\n<meta name=\"author\" content=\"Expresso Metropolitano\" \/>\n<meta name=\"twitter:label1\" content=\"Escrito por\" \/>\n\t<meta name=\"twitter:data1\" content=\"Expresso Metropolitano\" \/>\n\t<meta name=\"twitter:label2\" content=\"Tiempo de lectura\" \/>\n\t<meta name=\"twitter:data2\" content=\"2 minutos\" \/>\n<script type=\"application\/ld+json\" class=\"yoast-schema-graph\">{\"@context\":\"https:\\\/\\\/schema.org\",\"@graph\":[{\"@type\":\"Article\",\"@id\":\"https:\\\/\\\/expressometro.mx\\\/index.php\\\/2020\\\/09\\\/22\\\/congreso-da-ultimatum-al-rector-de-la-uaem-alfredo-barrera\\\/#article\",\"isPartOf\":{\"@id\":\"https:\\\/\\\/expressometro.mx\\\/index.php\\\/2020\\\/09\\\/22\\\/congreso-da-ultimatum-al-rector-de-la-uaem-alfredo-barrera\\\/\"},\"author\":{\"name\":\"Expresso Metropolitano\",\"@id\":\"https:\\\/\\\/expressometro.mx\\\/#\\\/schema\\\/person\\\/efa971b4a0664db8ed5c22b1b0dd2f5d\"},\"headline\":\"CONGRESO DA ULTIM\u00c1TUM AL RECTOR DE LA UAEM ALFREDO BARRERA\",\"datePublished\":\"2020-09-23T04:24:40+00:00\",\"dateModified\":\"2020-09-23T04:24:41+00:00\",\"mainEntityOfPage\":{\"@id\":\"https:\\\/\\\/expressometro.mx\\\/index.php\\\/2020\\\/09\\\/22\\\/congreso-da-ultimatum-al-rector-de-la-uaem-alfredo-barrera\\\/\"},\"wordCount\":486,\"commentCount\":0,\"publisher\":{\"@id\":\"https:\\\/\\\/expressometro.mx\\\/#organization\"},\"image\":{\"@id\":\"https:\\\/\\\/expressometro.mx\\\/index.php\\\/2020\\\/09\\\/22\\\/congreso-da-ultimatum-al-rector-de-la-uaem-alfredo-barrera\\\/#primaryimage\"},\"thumbnailUrl\":\"https:\\\/\\\/expressometro.mx\\\/wp-content\\\/uploads\\\/2020\\\/09\\\/566a64d9-9bcc-4028-8172-e9dc4b1f23fe.jpg\",\"articleSection\":[\"Otros\"],\"inLanguage\":\"es\",\"potentialAction\":[{\"@type\":\"CommentAction\",\"name\":\"Comment\",\"target\":[\"https:\\\/\\\/expressometro.mx\\\/index.php\\\/2020\\\/09\\\/22\\\/congreso-da-ultimatum-al-rector-de-la-uaem-alfredo-barrera\\\/#respond\"]}]},{\"@type\":\"WebPage\",\"@id\":\"https:\\\/\\\/expressometro.mx\\\/index.php\\\/2020\\\/09\\\/22\\\/congreso-da-ultimatum-al-rector-de-la-uaem-alfredo-barrera\\\/\",\"url\":\"https:\\\/\\\/expressometro.mx\\\/index.php\\\/2020\\\/09\\\/22\\\/congreso-da-ultimatum-al-rector-de-la-uaem-alfredo-barrera\\\/\",\"name\":\"CONGRESO DA ULTIM\u00c1TUM AL RECTOR DE LA UAEM ALFREDO BARRERA - Expresso Metropolitano\",\"isPartOf\":{\"@id\":\"https:\\\/\\\/expressometro.mx\\\/#website\"},\"primaryImageOfPage\":{\"@id\":\"https:\\\/\\\/expressometro.mx\\\/index.php\\\/2020\\\/09\\\/22\\\/congreso-da-ultimatum-al-rector-de-la-uaem-alfredo-barrera\\\/#primaryimage\"},\"image\":{\"@id\":\"https:\\\/\\\/expressometro.mx\\\/index.php\\\/2020\\\/09\\\/22\\\/congreso-da-ultimatum-al-rector-de-la-uaem-alfredo-barrera\\\/#primaryimage\"},\"thumbnailUrl\":\"https:\\\/\\\/expressometro.mx\\\/wp-content\\\/uploads\\\/2020\\\/09\\\/566a64d9-9bcc-4028-8172-e9dc4b1f23fe.jpg\",\"datePublished\":\"2020-09-23T04:24:40+00:00\",\"dateModified\":\"2020-09-23T04:24:41+00:00\",\"breadcrumb\":{\"@id\":\"https:\\\/\\\/expressometro.mx\\\/index.php\\\/2020\\\/09\\\/22\\\/congreso-da-ultimatum-al-rector-de-la-uaem-alfredo-barrera\\\/#breadcrumb\"},\"inLanguage\":\"es\",\"potentialAction\":[{\"@type\":\"ReadAction\",\"target\":[\"https:\\\/\\\/expressometro.mx\\\/index.php\\\/2020\\\/09\\\/22\\\/congreso-da-ultimatum-al-rector-de-la-uaem-alfredo-barrera\\\/\"]}]},{\"@type\":\"ImageObject\",\"inLanguage\":\"es\",\"@id\":\"https:\\\/\\\/expressometro.mx\\\/index.php\\\/2020\\\/09\\\/22\\\/congreso-da-ultimatum-al-rector-de-la-uaem-alfredo-barrera\\\/#primaryimage\",\"url\":\"https:\\\/\\\/expressometro.mx\\\/wp-content\\\/uploads\\\/2020\\\/09\\\/566a64d9-9bcc-4028-8172-e9dc4b1f23fe.jpg\",\"contentUrl\":\"https:\\\/\\\/expressometro.mx\\\/wp-content\\\/uploads\\\/2020\\\/09\\\/566a64d9-9bcc-4028-8172-e9dc4b1f23fe.jpg\",\"width\":1024,\"height\":682},{\"@type\":\"BreadcrumbList\",\"@id\":\"https:\\\/\\\/expressometro.mx\\\/index.php\\\/2020\\\/09\\\/22\\\/congreso-da-ultimatum-al-rector-de-la-uaem-alfredo-barrera\\\/#breadcrumb\",\"itemListElement\":[{\"@type\":\"ListItem\",\"position\":1,\"name\":\"Inicio\",\"item\":\"https:\\\/\\\/expressometro.mx\\\/\"},{\"@type\":\"ListItem\",\"position\":2,\"name\":\"CONGRESO DA ULTIM\u00c1TUM AL RECTOR DE LA UAEM ALFREDO BARRERA\"}]},{\"@type\":\"WebSite\",\"@id\":\"https:\\\/\\\/expressometro.mx\\\/#website\",\"url\":\"https:\\\/\\\/expressometro.mx\\\/\",\"name\":\"Expresso Metropolitano\",\"description\":\"Periodismo comprometido, informaci\u00f3n, investigaci\u00f3n y an\u00e1lisis\",\"publisher\":{\"@id\":\"https:\\\/\\\/expressometro.mx\\\/#organization\"},\"potentialAction\":[{\"@type\":\"SearchAction\",\"target\":{\"@type\":\"EntryPoint\",\"urlTemplate\":\"https:\\\/\\\/expressometro.mx\\\/?s={search_term_string}\"},\"query-input\":{\"@type\":\"PropertyValueSpecification\",\"valueRequired\":true,\"valueName\":\"search_term_string\"}}],\"inLanguage\":\"es\"},{\"@type\":\"Organization\",\"@id\":\"https:\\\/\\\/expressometro.mx\\\/#organization\",\"name\":\"Expresso Metropolitano\",\"url\":\"https:\\\/\\\/expressometro.mx\\\/\",\"logo\":{\"@type\":\"ImageObject\",\"inLanguage\":\"es\",\"@id\":\"https:\\\/\\\/expressometro.mx\\\/#\\\/schema\\\/logo\\\/image\\\/\",\"url\":\"https:\\\/\\\/expressometro.mx\\\/wp-content\\\/uploads\\\/2019\\\/07\\\/cropped-Logo-Expresso-Metropolitano-1-1.jpeg\",\"contentUrl\":\"https:\\\/\\\/expressometro.mx\\\/wp-content\\\/uploads\\\/2019\\\/07\\\/cropped-Logo-Expresso-Metropolitano-1-1.jpeg\",\"width\":290,\"height\":73,\"caption\":\"Expresso Metropolitano\"},\"image\":{\"@id\":\"https:\\\/\\\/expressometro.mx\\\/#\\\/schema\\\/logo\\\/image\\\/\"}},{\"@type\":\"Person\",\"@id\":\"https:\\\/\\\/expressometro.mx\\\/#\\\/schema\\\/person\\\/efa971b4a0664db8ed5c22b1b0dd2f5d\",\"name\":\"Expresso Metropolitano\",\"image\":{\"@type\":\"ImageObject\",\"inLanguage\":\"es\",\"@id\":\"https:\\\/\\\/secure.gravatar.com\\\/avatar\\\/a89f802b8de18c6952f223c88d3d106e9e3679839f4e25a02f4a6cc2ae6ba3b3?s=96&d=mm&r=g\",\"url\":\"https:\\\/\\\/secure.gravatar.com\\\/avatar\\\/a89f802b8de18c6952f223c88d3d106e9e3679839f4e25a02f4a6cc2ae6ba3b3?s=96&d=mm&r=g\",\"contentUrl\":\"https:\\\/\\\/secure.gravatar.com\\\/avatar\\\/a89f802b8de18c6952f223c88d3d106e9e3679839f4e25a02f4a6cc2ae6ba3b3?s=96&d=mm&r=g\",\"caption\":\"Expresso Metropolitano\"},\"url\":\"https:\\\/\\\/expressometro.mx\\\/index.php\\\/author\\\/diego\\\/\"}]}<\/script>\n<!-- \/ Yoast SEO plugin. -->","yoast_head_json":{"title":"CONGRESO DA ULTIM\u00c1TUM AL RECTOR DE LA UAEM ALFREDO BARRERA - Expresso Metropolitano","robots":{"index":"index","follow":"follow","max-snippet":"max-snippet:-1","max-image-preview":"max-image-preview:large","max-video-preview":"max-video-preview:-1"},"canonical":"https:\/\/expressometro.mx\/index.php\/2020\/09\/22\/congreso-da-ultimatum-al-rector-de-la-uaem-alfredo-barrera\/","og_locale":"es_MX","og_type":"article","og_title":"CONGRESO DA ULTIM\u00c1TUM AL RECTOR DE LA UAEM ALFREDO BARRERA - Expresso Metropolitano","og_description":"El Poder Legislativo advirti\u00f3 que el rector de la Universidad Aut\u00f3noma del Estado de M\u00e9xico (UAEM\u00e9x) tiene de plazo a m\u00e1s tardar este jueves para respetar la designaci\u00f3n de Victorino Barrios D\u00e1valos como contralor interno de esa instituci\u00f3n, de lo contrario, la C\u00e1mara de Diputados recurrir\u00e1 a la Fiscal\u00eda General de Justicia de la entidad para denunciar el acto de desacato. Al referirse a la facultad que tiene el Poder Legislativo de designar a un contralor externo e independiente en la Universidad, como lo establece la Ley del Sistema Estatal&hellip;","og_url":"https:\/\/expressometro.mx\/index.php\/2020\/09\/22\/congreso-da-ultimatum-al-rector-de-la-uaem-alfredo-barrera\/","og_site_name":"Expresso Metropolitano","article_published_time":"2020-09-23T04:24:40+00:00","article_modified_time":"2020-09-23T04:24:41+00:00","og_image":[{"width":1024,"height":682,"url":"https:\/\/expressometro.mx\/wp-content\/uploads\/2020\/09\/566a64d9-9bcc-4028-8172-e9dc4b1f23fe.jpg","type":"image\/jpeg"}],"author":"Expresso Metropolitano","twitter_misc":{"Escrito por":"Expresso Metropolitano","Tiempo de lectura":"2 minutos"},"schema":{"@context":"https:\/\/schema.org","@graph":[{"@type":"Article","@id":"https:\/\/expressometro.mx\/index.php\/2020\/09\/22\/congreso-da-ultimatum-al-rector-de-la-uaem-alfredo-barrera\/#article","isPartOf":{"@id":"https:\/\/expressometro.mx\/index.php\/2020\/09\/22\/congreso-da-ultimatum-al-rector-de-la-uaem-alfredo-barrera\/"},"author":{"name":"Expresso Metropolitano","@id":"https:\/\/expressometro.mx\/#\/schema\/person\/efa971b4a0664db8ed5c22b1b0dd2f5d"},"headline":"CONGRESO DA ULTIM\u00c1TUM AL RECTOR DE LA UAEM ALFREDO BARRERA","datePublished":"2020-09-23T04:24:40+00:00","dateModified":"2020-09-23T04:24:41+00:00","mainEntityOfPage":{"@id":"https:\/\/expressometro.mx\/index.php\/2020\/09\/22\/congreso-da-ultimatum-al-rector-de-la-uaem-alfredo-barrera\/"},"wordCount":486,"commentCount":0,"publisher":{"@id":"https:\/\/expressometro.mx\/#organization"},"image":{"@id":"https:\/\/expressometro.mx\/index.php\/2020\/09\/22\/congreso-da-ultimatum-al-rector-de-la-uaem-alfredo-barrera\/#primaryimage"},"thumbnailUrl":"https:\/\/expressometro.mx\/wp-content\/uploads\/2020\/09\/566a64d9-9bcc-4028-8172-e9dc4b1f23fe.jpg","articleSection":["Otros"],"inLanguage":"es","potentialAction":[{"@type":"CommentAction","name":"Comment","target":["https:\/\/expressometro.mx\/index.php\/2020\/09\/22\/congreso-da-ultimatum-al-rector-de-la-uaem-alfredo-barrera\/#respond"]}]},{"@type":"WebPage","@id":"https:\/\/expressometro.mx\/index.php\/2020\/09\/22\/congreso-da-ultimatum-al-rector-de-la-uaem-alfredo-barrera\/","url":"https:\/\/expressometro.mx\/index.php\/2020\/09\/22\/congreso-da-ultimatum-al-rector-de-la-uaem-alfredo-barrera\/","name":"CONGRESO DA ULTIM\u00c1TUM AL RECTOR DE LA UAEM ALFREDO BARRERA - Expresso Metropolitano","isPartOf":{"@id":"https:\/\/expressometro.mx\/#website"},"primaryImageOfPage":{"@id":"https:\/\/expressometro.mx\/index.php\/2020\/09\/22\/congreso-da-ultimatum-al-rector-de-la-uaem-alfredo-barrera\/#primaryimage"},"image":{"@id":"https:\/\/expressometro.mx\/index.php\/2020\/09\/22\/congreso-da-ultimatum-al-rector-de-la-uaem-alfredo-barrera\/#primaryimage"},"thumbnailUrl":"https:\/\/expressometro.mx\/wp-content\/uploads\/2020\/09\/566a64d9-9bcc-4028-8172-e9dc4b1f23fe.jpg","datePublished":"2020-09-23T04:24:40+00:00","dateModified":"2020-09-23T04:24:41+00:00","breadcrumb":{"@id":"https:\/\/expressometro.mx\/index.php\/2020\/09\/22\/congreso-da-ultimatum-al-rector-de-la-uaem-alfredo-barrera\/#breadcrumb"},"inLanguage":"es","potentialAction":[{"@type":"ReadAction","target":["https:\/\/expressometro.mx\/index.php\/2020\/09\/22\/congreso-da-ultimatum-al-rector-de-la-uaem-alfredo-barrera\/"]}]},{"@type":"ImageObject","inLanguage":"es","@id":"https:\/\/expressometro.mx\/index.php\/2020\/09\/22\/congreso-da-ultimatum-al-rector-de-la-uaem-alfredo-barrera\/#primaryimage","url":"https:\/\/expressometro.mx\/wp-content\/uploads\/2020\/09\/566a64d9-9bcc-4028-8172-e9dc4b1f23fe.jpg","contentUrl":"https:\/\/expressometro.mx\/wp-content\/uploads\/2020\/09\/566a64d9-9bcc-4028-8172-e9dc4b1f23fe.jpg","width":1024,"height":682},{"@type":"BreadcrumbList","@id":"https:\/\/expressometro.mx\/index.php\/2020\/09\/22\/congreso-da-ultimatum-al-rector-de-la-uaem-alfredo-barrera\/#breadcrumb","itemListElement":[{"@type":"ListItem","position":1,"name":"Inicio","item":"https:\/\/expressometro.mx\/"},{"@type":"ListItem","position":2,"name":"CONGRESO DA ULTIM\u00c1TUM AL RECTOR DE LA UAEM ALFREDO BARRERA"}]},{"@type":"WebSite","@id":"https:\/\/expressometro.mx\/#website","url":"https:\/\/expressometro.mx\/","name":"Expresso Metropolitano","description":"Periodismo comprometido, informaci\u00f3n, investigaci\u00f3n y an\u00e1lisis","publisher":{"@id":"https:\/\/expressometro.mx\/#organization"},"potentialAction":[{"@type":"SearchAction","target":{"@type":"EntryPoint","urlTemplate":"https:\/\/expressometro.mx\/?s={search_term_string}"},"query-input":{"@type":"PropertyValueSpecification","valueRequired":true,"valueName":"search_term_string"}}],"inLanguage":"es"},{"@type":"Organization","@id":"https:\/\/expressometro.mx\/#organization","name":"Expresso Metropolitano","url":"https:\/\/expressometro.mx\/","logo":{"@type":"ImageObject","inLanguage":"es","@id":"https:\/\/expressometro.mx\/#\/schema\/logo\/image\/","url":"https:\/\/expressometro.mx\/wp-content\/uploads\/2019\/07\/cropped-Logo-Expresso-Metropolitano-1-1.jpeg","contentUrl":"https:\/\/expressometro.mx\/wp-content\/uploads\/2019\/07\/cropped-Logo-Expresso-Metropolitano-1-1.jpeg","width":290,"height":73,"caption":"Expresso Metropolitano"},"image":{"@id":"https:\/\/expressometro.mx\/#\/schema\/logo\/image\/"}},{"@type":"Person","@id":"https:\/\/expressometro.mx\/#\/schema\/person\/efa971b4a0664db8ed5c22b1b0dd2f5d","name":"Expresso Metropolitano","image":{"@type":"ImageObject","inLanguage":"es","@id":"https:\/\/secure.gravatar.com\/avatar\/a89f802b8de18c6952f223c88d3d106e9e3679839f4e25a02f4a6cc2ae6ba3b3?s=96&d=mm&r=g","url":"https:\/\/secure.gravatar.com\/avatar\/a89f802b8de18c6952f223c88d3d106e9e3679839f4e25a02f4a6cc2ae6ba3b3?s=96&d=mm&r=g","contentUrl":"https:\/\/secure.gravatar.com\/avatar\/a89f802b8de18c6952f223c88d3d106e9e3679839f4e25a02f4a6cc2ae6ba3b3?s=96&d=mm&r=g","caption":"Expresso Metropolitano"},"url":"https:\/\/expressometro.mx\/index.php\/author\/diego\/"}]}},"amp_enabled":true,"_links":{"self":[{"href":"https:\/\/expressometro.mx\/index.php\/wp-json\/wp\/v2\/posts\/1876","targetHints":{"allow":["GET"]}}],"collection":[{"href":"https:\/\/expressometro.mx\/index.php\/wp-json\/wp\/v2\/posts"}],"about":[{"href":"https:\/\/expressometro.mx\/index.php\/wp-json\/wp\/v2\/types\/post"}],"author":[{"embeddable":true,"href":"https:\/\/expressometro.mx\/index.php\/wp-json\/wp\/v2\/users\/1"}],"replies":[{"embeddable":true,"href":"https:\/\/expressometro.mx\/index.php\/wp-json\/wp\/v2\/comments?post=1876"}],"version-history":[{"count":1,"href":"https:\/\/expressometro.mx\/index.php\/wp-json\/wp\/v2\/posts\/1876\/revisions"}],"predecessor-version":[{"id":1878,"href":"https:\/\/expressometro.mx\/index.php\/wp-json\/wp\/v2\/posts\/1876\/revisions\/1878"}],"wp:featuredmedia":[{"embeddable":true,"href":"https:\/\/expressometro.mx\/index.php\/wp-json\/wp\/v2\/media\/1877"}],"wp:attachment":[{"href":"https:\/\/expressometro.mx\/index.php\/wp-json\/wp\/v2\/media?parent=1876"}],"wp:term":[{"taxonomy":"category","embeddable":true,"href":"https:\/\/expressometro.mx\/index.php\/wp-json\/wp\/v2\/categories?post=1876"},{"taxonomy":"post_tag","embeddable":true,"href":"https:\/\/expressometro.mx\/index.php\/wp-json\/wp\/v2\/tags?post=1876"}],"curies":[{"name":"wp","href":"https:\/\/api.w.org\/{rel}","templated":true}]}}