{"id":1873,"date":"2020-09-22T23:22:13","date_gmt":"2020-09-23T04:22:13","guid":{"rendered":"http:\/\/expressometro.mx\/?p=1873"},"modified":"2020-09-22T23:22:15","modified_gmt":"2020-09-23T04:22:15","slug":"recibira-la-legislatura-el-tercer-informe-de-gobierno-el-lunes-28-de-septiembre","status":"publish","type":"post","link":"https:\/\/expressometro.mx\/index.php\/2020\/09\/22\/recibira-la-legislatura-el-tercer-informe-de-gobierno-el-lunes-28-de-septiembre\/","title":{"rendered":"RECIBIR\u00c1 LA LEGISLATURA EL TERCER INFORME DE GOBIERNO EL LUNES 28 DE SEPTIEMBRE"},"content":{"rendered":"\n<p>El Congreso mexiquense recibir\u00e1 el pr\u00f3ximo lunes 28 de septiembre el Tercer Informe del gobernador Alfredo del Mazo Maza, el cual ser\u00e1 entregado por el secretario General de Gobierno, Alejandro Ozuna Rivero.<br>\n\u200bAs\u00ed lo dio a conocer la diputada Lilia Urbina Salazar (PRI), vicepresidenta de la Directiva de la Legislatura, al dar lectura al comunicado remitido por el propio secretario de Gobierno, en el cual precisa que la entrega del informe y sus anexos ser\u00e1 a las 10:00 horas.<br>\nLa diputada Karina Labastida Sotelo, presidenta de la Directiva, indic\u00f3 que la Legislatura se da por enterada del comunicado por el que se da cumplimiento a la fracci\u00f3n XVIII del art\u00edculo 77 de la Constituci\u00f3n Pol\u00edtica estatal, que establece, entre las facultades y obligaciones del gobernador, el rendir a la Legislatura, a trav\u00e9s de la entrega, por s\u00ed mismo o por medio de un representante, de un documento impreso o de un archivo en medio magn\u00e9tico o electr\u00f3nico con el informe acerca del estado que guarde la administraci\u00f3n p\u00fablica, dentro del mes de septiembre de cada a\u00f1o, previo aviso a la Legislatura.<\/p>\n","protected":false},"excerpt":{"rendered":"<p>El Congreso mexiquense recibir\u00e1 el pr\u00f3ximo lunes 28 de septiembre el Tercer Informe del gobernador Alfredo del Mazo Maza, el cual ser\u00e1 entregado por el secretario General de Gobierno, Alejandro Ozuna Rivero. \u200bAs\u00ed lo dio a conocer la diputada Lilia Urbina Salazar (PRI), vicepresidenta de la Directiva de la Legislatura, al dar lectura al comunicado remitido por el propio secretario de Gobierno, en el cual precisa que la entrega del informe y sus anexos ser\u00e1 a las 10:00 horas. La diputada Karina Labastida Sotelo, presidenta de la Directiva, indic\u00f3 que&hellip;<\/p>\n","protected":false},"author":1,"featured_media":1874,"comment_status":"open","ping_status":"open","sticky":false,"template":"","format":"standard","meta":{"footnotes":""},"categories":[1],"tags":[],"class_list":["post-1873","post","type-post","status-publish","format-standard","has-post-thumbnail","hentry","category-otros"],"yoast_head":"<!-- This site is optimized with the Yoast SEO plugin v27.5 - https:\/\/yoast.com\/product\/yoast-seo-wordpress\/ -->\n<title>RECIBIR\u00c1 LA LEGISLATURA EL TERCER INFORME DE GOBIERNO EL LUNES 28 DE SEPTIEMBRE - Expresso Metropolitano<\/title>\n<meta name=\"robots\" content=\"index, follow, max-snippet:-1, max-image-preview:large, max-video-preview:-1\" \/>\n<link rel=\"canonical\" href=\"https:\/\/expressometro.mx\/index.php\/2020\/09\/22\/recibira-la-legislatura-el-tercer-informe-de-gobierno-el-lunes-28-de-septiembre\/\" \/>\n<meta property=\"og:locale\" content=\"es_MX\" \/>\n<meta property=\"og:type\" content=\"article\" \/>\n<meta property=\"og:title\" content=\"RECIBIR\u00c1 LA LEGISLATURA EL TERCER INFORME DE GOBIERNO EL LUNES 28 DE SEPTIEMBRE - Expresso Metropolitano\" \/>\n<meta property=\"og:description\" content=\"El Congreso mexiquense recibir\u00e1 el pr\u00f3ximo lunes 28 de septiembre el Tercer Informe del gobernador Alfredo del Mazo Maza, el cual ser\u00e1 entregado por el secretario General de Gobierno, Alejandro Ozuna Rivero. \u200bAs\u00ed lo dio a conocer la diputada Lilia Urbina Salazar (PRI), vicepresidenta de la Directiva de la Legislatura, al dar lectura al comunicado remitido por el propio secretario de Gobierno, en el cual precisa que la entrega del informe y sus anexos ser\u00e1 a las 10:00 horas. La diputada Karina Labastida Sotelo, presidenta de la Directiva, indic\u00f3 que&hellip;\" \/>\n<meta property=\"og:url\" content=\"https:\/\/expressometro.mx\/index.php\/2020\/09\/22\/recibira-la-legislatura-el-tercer-informe-de-gobierno-el-lunes-28-de-septiembre\/\" \/>\n<meta property=\"og:site_name\" content=\"Expresso Metropolitano\" \/>\n<meta property=\"article:published_time\" content=\"2020-09-23T04:22:13+00:00\" \/>\n<meta property=\"article:modified_time\" content=\"2020-09-23T04:22:15+00:00\" \/>\n<meta property=\"og:image\" content=\"https:\/\/expressometro.mx\/wp-content\/uploads\/2020\/09\/WhatsApp-Image-2020-09-22-at-15.42.04.jpeg\" \/>\n\t<meta property=\"og:image:width\" content=\"1024\" \/>\n\t<meta property=\"og:image:height\" content=\"683\" \/>\n\t<meta property=\"og:image:type\" content=\"image\/jpeg\" \/>\n<meta name=\"author\" content=\"Expresso Metropolitano\" \/>\n<meta name=\"twitter:label1\" content=\"Escrito por\" \/>\n\t<meta name=\"twitter:data1\" content=\"Expresso Metropolitano\" \/>\n\t<meta name=\"twitter:label2\" content=\"Tiempo de lectura\" \/>\n\t<meta name=\"twitter:data2\" content=\"1 minuto\" \/>\n<script type=\"application\/ld+json\" class=\"yoast-schema-graph\">{\"@context\":\"https:\\\/\\\/schema.org\",\"@graph\":[{\"@type\":\"Article\",\"@id\":\"https:\\\/\\\/expressometro.mx\\\/index.php\\\/2020\\\/09\\\/22\\\/recibira-la-legislatura-el-tercer-informe-de-gobierno-el-lunes-28-de-septiembre\\\/#article\",\"isPartOf\":{\"@id\":\"https:\\\/\\\/expressometro.mx\\\/index.php\\\/2020\\\/09\\\/22\\\/recibira-la-legislatura-el-tercer-informe-de-gobierno-el-lunes-28-de-septiembre\\\/\"},\"author\":{\"name\":\"Expresso Metropolitano\",\"@id\":\"https:\\\/\\\/expressometro.mx\\\/#\\\/schema\\\/person\\\/efa971b4a0664db8ed5c22b1b0dd2f5d\"},\"headline\":\"RECIBIR\u00c1 LA LEGISLATURA EL TERCER INFORME DE GOBIERNO EL LUNES 28 DE SEPTIEMBRE\",\"datePublished\":\"2020-09-23T04:22:13+00:00\",\"dateModified\":\"2020-09-23T04:22:15+00:00\",\"mainEntityOfPage\":{\"@id\":\"https:\\\/\\\/expressometro.mx\\\/index.php\\\/2020\\\/09\\\/22\\\/recibira-la-legislatura-el-tercer-informe-de-gobierno-el-lunes-28-de-septiembre\\\/\"},\"wordCount\":201,\"commentCount\":0,\"publisher\":{\"@id\":\"https:\\\/\\\/expressometro.mx\\\/#organization\"},\"image\":{\"@id\":\"https:\\\/\\\/expressometro.mx\\\/index.php\\\/2020\\\/09\\\/22\\\/recibira-la-legislatura-el-tercer-informe-de-gobierno-el-lunes-28-de-septiembre\\\/#primaryimage\"},\"thumbnailUrl\":\"https:\\\/\\\/expressometro.mx\\\/wp-content\\\/uploads\\\/2020\\\/09\\\/WhatsApp-Image-2020-09-22-at-15.42.04.jpeg\",\"articleSection\":[\"Otros\"],\"inLanguage\":\"es\",\"potentialAction\":[{\"@type\":\"CommentAction\",\"name\":\"Comment\",\"target\":[\"https:\\\/\\\/expressometro.mx\\\/index.php\\\/2020\\\/09\\\/22\\\/recibira-la-legislatura-el-tercer-informe-de-gobierno-el-lunes-28-de-septiembre\\\/#respond\"]}]},{\"@type\":\"WebPage\",\"@id\":\"https:\\\/\\\/expressometro.mx\\\/index.php\\\/2020\\\/09\\\/22\\\/recibira-la-legislatura-el-tercer-informe-de-gobierno-el-lunes-28-de-septiembre\\\/\",\"url\":\"https:\\\/\\\/expressometro.mx\\\/index.php\\\/2020\\\/09\\\/22\\\/recibira-la-legislatura-el-tercer-informe-de-gobierno-el-lunes-28-de-septiembre\\\/\",\"name\":\"RECIBIR\u00c1 LA LEGISLATURA EL TERCER INFORME DE GOBIERNO EL LUNES 28 DE SEPTIEMBRE - Expresso Metropolitano\",\"isPartOf\":{\"@id\":\"https:\\\/\\\/expressometro.mx\\\/#website\"},\"primaryImageOfPage\":{\"@id\":\"https:\\\/\\\/expressometro.mx\\\/index.php\\\/2020\\\/09\\\/22\\\/recibira-la-legislatura-el-tercer-informe-de-gobierno-el-lunes-28-de-septiembre\\\/#primaryimage\"},\"image\":{\"@id\":\"https:\\\/\\\/expressometro.mx\\\/index.php\\\/2020\\\/09\\\/22\\\/recibira-la-legislatura-el-tercer-informe-de-gobierno-el-lunes-28-de-septiembre\\\/#primaryimage\"},\"thumbnailUrl\":\"https:\\\/\\\/expressometro.mx\\\/wp-content\\\/uploads\\\/2020\\\/09\\\/WhatsApp-Image-2020-09-22-at-15.42.04.jpeg\",\"datePublished\":\"2020-09-23T04:22:13+00:00\",\"dateModified\":\"2020-09-23T04:22:15+00:00\",\"breadcrumb\":{\"@id\":\"https:\\\/\\\/expressometro.mx\\\/index.php\\\/2020\\\/09\\\/22\\\/recibira-la-legislatura-el-tercer-informe-de-gobierno-el-lunes-28-de-septiembre\\\/#breadcrumb\"},\"inLanguage\":\"es\",\"potentialAction\":[{\"@type\":\"ReadAction\",\"target\":[\"https:\\\/\\\/expressometro.mx\\\/index.php\\\/2020\\\/09\\\/22\\\/recibira-la-legislatura-el-tercer-informe-de-gobierno-el-lunes-28-de-septiembre\\\/\"]}]},{\"@type\":\"ImageObject\",\"inLanguage\":\"es\",\"@id\":\"https:\\\/\\\/expressometro.mx\\\/index.php\\\/2020\\\/09\\\/22\\\/recibira-la-legislatura-el-tercer-informe-de-gobierno-el-lunes-28-de-septiembre\\\/#primaryimage\",\"url\":\"https:\\\/\\\/expressometro.mx\\\/wp-content\\\/uploads\\\/2020\\\/09\\\/WhatsApp-Image-2020-09-22-at-15.42.04.jpeg\",\"contentUrl\":\"https:\\\/\\\/expressometro.mx\\\/wp-content\\\/uploads\\\/2020\\\/09\\\/WhatsApp-Image-2020-09-22-at-15.42.04.jpeg\",\"width\":1024,\"height\":683},{\"@type\":\"BreadcrumbList\",\"@id\":\"https:\\\/\\\/expressometro.mx\\\/index.php\\\/2020\\\/09\\\/22\\\/recibira-la-legislatura-el-tercer-informe-de-gobierno-el-lunes-28-de-septiembre\\\/#breadcrumb\",\"itemListElement\":[{\"@type\":\"ListItem\",\"position\":1,\"name\":\"Inicio\",\"item\":\"https:\\\/\\\/expressometro.mx\\\/\"},{\"@type\":\"ListItem\",\"position\":2,\"name\":\"RECIBIR\u00c1 LA LEGISLATURA EL TERCER INFORME DE GOBIERNO EL LUNES 28 DE SEPTIEMBRE\"}]},{\"@type\":\"WebSite\",\"@id\":\"https:\\\/\\\/expressometro.mx\\\/#website\",\"url\":\"https:\\\/\\\/expressometro.mx\\\/\",\"name\":\"Expresso Metropolitano\",\"description\":\"Periodismo comprometido, informaci\u00f3n, investigaci\u00f3n y an\u00e1lisis\",\"publisher\":{\"@id\":\"https:\\\/\\\/expressometro.mx\\\/#organization\"},\"potentialAction\":[{\"@type\":\"SearchAction\",\"target\":{\"@type\":\"EntryPoint\",\"urlTemplate\":\"https:\\\/\\\/expressometro.mx\\\/?s={search_term_string}\"},\"query-input\":{\"@type\":\"PropertyValueSpecification\",\"valueRequired\":true,\"valueName\":\"search_term_string\"}}],\"inLanguage\":\"es\"},{\"@type\":\"Organization\",\"@id\":\"https:\\\/\\\/expressometro.mx\\\/#organization\",\"name\":\"Expresso Metropolitano\",\"url\":\"https:\\\/\\\/expressometro.mx\\\/\",\"logo\":{\"@type\":\"ImageObject\",\"inLanguage\":\"es\",\"@id\":\"https:\\\/\\\/expressometro.mx\\\/#\\\/schema\\\/logo\\\/image\\\/\",\"url\":\"https:\\\/\\\/expressometro.mx\\\/wp-content\\\/uploads\\\/2019\\\/07\\\/cropped-Logo-Expresso-Metropolitano-1-1.jpeg\",\"contentUrl\":\"https:\\\/\\\/expressometro.mx\\\/wp-content\\\/uploads\\\/2019\\\/07\\\/cropped-Logo-Expresso-Metropolitano-1-1.jpeg\",\"width\":290,\"height\":73,\"caption\":\"Expresso Metropolitano\"},\"image\":{\"@id\":\"https:\\\/\\\/expressometro.mx\\\/#\\\/schema\\\/logo\\\/image\\\/\"}},{\"@type\":\"Person\",\"@id\":\"https:\\\/\\\/expressometro.mx\\\/#\\\/schema\\\/person\\\/efa971b4a0664db8ed5c22b1b0dd2f5d\",\"name\":\"Expresso Metropolitano\",\"image\":{\"@type\":\"ImageObject\",\"inLanguage\":\"es\",\"@id\":\"https:\\\/\\\/secure.gravatar.com\\\/avatar\\\/a89f802b8de18c6952f223c88d3d106e9e3679839f4e25a02f4a6cc2ae6ba3b3?s=96&d=mm&r=g\",\"url\":\"https:\\\/\\\/secure.gravatar.com\\\/avatar\\\/a89f802b8de18c6952f223c88d3d106e9e3679839f4e25a02f4a6cc2ae6ba3b3?s=96&d=mm&r=g\",\"contentUrl\":\"https:\\\/\\\/secure.gravatar.com\\\/avatar\\\/a89f802b8de18c6952f223c88d3d106e9e3679839f4e25a02f4a6cc2ae6ba3b3?s=96&d=mm&r=g\",\"caption\":\"Expresso Metropolitano\"},\"url\":\"https:\\\/\\\/expressometro.mx\\\/index.php\\\/author\\\/diego\\\/\"}]}<\/script>\n<!-- \/ Yoast SEO plugin. -->","yoast_head_json":{"title":"RECIBIR\u00c1 LA LEGISLATURA EL TERCER INFORME DE GOBIERNO EL LUNES 28 DE SEPTIEMBRE - Expresso Metropolitano","robots":{"index":"index","follow":"follow","max-snippet":"max-snippet:-1","max-image-preview":"max-image-preview:large","max-video-preview":"max-video-preview:-1"},"canonical":"https:\/\/expressometro.mx\/index.php\/2020\/09\/22\/recibira-la-legislatura-el-tercer-informe-de-gobierno-el-lunes-28-de-septiembre\/","og_locale":"es_MX","og_type":"article","og_title":"RECIBIR\u00c1 LA LEGISLATURA EL TERCER INFORME DE GOBIERNO EL LUNES 28 DE SEPTIEMBRE - Expresso Metropolitano","og_description":"El Congreso mexiquense recibir\u00e1 el pr\u00f3ximo lunes 28 de septiembre el Tercer Informe del gobernador Alfredo del Mazo Maza, el cual ser\u00e1 entregado por el secretario General de Gobierno, Alejandro Ozuna Rivero. \u200bAs\u00ed lo dio a conocer la diputada Lilia Urbina Salazar (PRI), vicepresidenta de la Directiva de la Legislatura, al dar lectura al comunicado remitido por el propio secretario de Gobierno, en el cual precisa que la entrega del informe y sus anexos ser\u00e1 a las 10:00 horas. La diputada Karina Labastida Sotelo, presidenta de la Directiva, indic\u00f3 que&hellip;","og_url":"https:\/\/expressometro.mx\/index.php\/2020\/09\/22\/recibira-la-legislatura-el-tercer-informe-de-gobierno-el-lunes-28-de-septiembre\/","og_site_name":"Expresso Metropolitano","article_published_time":"2020-09-23T04:22:13+00:00","article_modified_time":"2020-09-23T04:22:15+00:00","og_image":[{"width":1024,"height":683,"url":"https:\/\/expressometro.mx\/wp-content\/uploads\/2020\/09\/WhatsApp-Image-2020-09-22-at-15.42.04.jpeg","type":"image\/jpeg"}],"author":"Expresso Metropolitano","twitter_misc":{"Escrito por":"Expresso Metropolitano","Tiempo de lectura":"1 minuto"},"schema":{"@context":"https:\/\/schema.org","@graph":[{"@type":"Article","@id":"https:\/\/expressometro.mx\/index.php\/2020\/09\/22\/recibira-la-legislatura-el-tercer-informe-de-gobierno-el-lunes-28-de-septiembre\/#article","isPartOf":{"@id":"https:\/\/expressometro.mx\/index.php\/2020\/09\/22\/recibira-la-legislatura-el-tercer-informe-de-gobierno-el-lunes-28-de-septiembre\/"},"author":{"name":"Expresso Metropolitano","@id":"https:\/\/expressometro.mx\/#\/schema\/person\/efa971b4a0664db8ed5c22b1b0dd2f5d"},"headline":"RECIBIR\u00c1 LA LEGISLATURA EL TERCER INFORME DE GOBIERNO EL LUNES 28 DE SEPTIEMBRE","datePublished":"2020-09-23T04:22:13+00:00","dateModified":"2020-09-23T04:22:15+00:00","mainEntityOfPage":{"@id":"https:\/\/expressometro.mx\/index.php\/2020\/09\/22\/recibira-la-legislatura-el-tercer-informe-de-gobierno-el-lunes-28-de-septiembre\/"},"wordCount":201,"commentCount":0,"publisher":{"@id":"https:\/\/expressometro.mx\/#organization"},"image":{"@id":"https:\/\/expressometro.mx\/index.php\/2020\/09\/22\/recibira-la-legislatura-el-tercer-informe-de-gobierno-el-lunes-28-de-septiembre\/#primaryimage"},"thumbnailUrl":"https:\/\/expressometro.mx\/wp-content\/uploads\/2020\/09\/WhatsApp-Image-2020-09-22-at-15.42.04.jpeg","articleSection":["Otros"],"inLanguage":"es","potentialAction":[{"@type":"CommentAction","name":"Comment","target":["https:\/\/expressometro.mx\/index.php\/2020\/09\/22\/recibira-la-legislatura-el-tercer-informe-de-gobierno-el-lunes-28-de-septiembre\/#respond"]}]},{"@type":"WebPage","@id":"https:\/\/expressometro.mx\/index.php\/2020\/09\/22\/recibira-la-legislatura-el-tercer-informe-de-gobierno-el-lunes-28-de-septiembre\/","url":"https:\/\/expressometro.mx\/index.php\/2020\/09\/22\/recibira-la-legislatura-el-tercer-informe-de-gobierno-el-lunes-28-de-septiembre\/","name":"RECIBIR\u00c1 LA LEGISLATURA EL TERCER INFORME DE GOBIERNO EL LUNES 28 DE SEPTIEMBRE - Expresso Metropolitano","isPartOf":{"@id":"https:\/\/expressometro.mx\/#website"},"primaryImageOfPage":{"@id":"https:\/\/expressometro.mx\/index.php\/2020\/09\/22\/recibira-la-legislatura-el-tercer-informe-de-gobierno-el-lunes-28-de-septiembre\/#primaryimage"},"image":{"@id":"https:\/\/expressometro.mx\/index.php\/2020\/09\/22\/recibira-la-legislatura-el-tercer-informe-de-gobierno-el-lunes-28-de-septiembre\/#primaryimage"},"thumbnailUrl":"https:\/\/expressometro.mx\/wp-content\/uploads\/2020\/09\/WhatsApp-Image-2020-09-22-at-15.42.04.jpeg","datePublished":"2020-09-23T04:22:13+00:00","dateModified":"2020-09-23T04:22:15+00:00","breadcrumb":{"@id":"https:\/\/expressometro.mx\/index.php\/2020\/09\/22\/recibira-la-legislatura-el-tercer-informe-de-gobierno-el-lunes-28-de-septiembre\/#breadcrumb"},"inLanguage":"es","potentialAction":[{"@type":"ReadAction","target":["https:\/\/expressometro.mx\/index.php\/2020\/09\/22\/recibira-la-legislatura-el-tercer-informe-de-gobierno-el-lunes-28-de-septiembre\/"]}]},{"@type":"ImageObject","inLanguage":"es","@id":"https:\/\/expressometro.mx\/index.php\/2020\/09\/22\/recibira-la-legislatura-el-tercer-informe-de-gobierno-el-lunes-28-de-septiembre\/#primaryimage","url":"https:\/\/expressometro.mx\/wp-content\/uploads\/2020\/09\/WhatsApp-Image-2020-09-22-at-15.42.04.jpeg","contentUrl":"https:\/\/expressometro.mx\/wp-content\/uploads\/2020\/09\/WhatsApp-Image-2020-09-22-at-15.42.04.jpeg","width":1024,"height":683},{"@type":"BreadcrumbList","@id":"https:\/\/expressometro.mx\/index.php\/2020\/09\/22\/recibira-la-legislatura-el-tercer-informe-de-gobierno-el-lunes-28-de-septiembre\/#breadcrumb","itemListElement":[{"@type":"ListItem","position":1,"name":"Inicio","item":"https:\/\/expressometro.mx\/"},{"@type":"ListItem","position":2,"name":"RECIBIR\u00c1 LA LEGISLATURA EL TERCER INFORME DE GOBIERNO EL LUNES 28 DE SEPTIEMBRE"}]},{"@type":"WebSite","@id":"https:\/\/expressometro.mx\/#website","url":"https:\/\/expressometro.mx\/","name":"Expresso Metropolitano","description":"Periodismo comprometido, informaci\u00f3n, investigaci\u00f3n y an\u00e1lisis","publisher":{"@id":"https:\/\/expressometro.mx\/#organization"},"potentialAction":[{"@type":"SearchAction","target":{"@type":"EntryPoint","urlTemplate":"https:\/\/expressometro.mx\/?s={search_term_string}"},"query-input":{"@type":"PropertyValueSpecification","valueRequired":true,"valueName":"search_term_string"}}],"inLanguage":"es"},{"@type":"Organization","@id":"https:\/\/expressometro.mx\/#organization","name":"Expresso Metropolitano","url":"https:\/\/expressometro.mx\/","logo":{"@type":"ImageObject","inLanguage":"es","@id":"https:\/\/expressometro.mx\/#\/schema\/logo\/image\/","url":"https:\/\/expressometro.mx\/wp-content\/uploads\/2019\/07\/cropped-Logo-Expresso-Metropolitano-1-1.jpeg","contentUrl":"https:\/\/expressometro.mx\/wp-content\/uploads\/2019\/07\/cropped-Logo-Expresso-Metropolitano-1-1.jpeg","width":290,"height":73,"caption":"Expresso Metropolitano"},"image":{"@id":"https:\/\/expressometro.mx\/#\/schema\/logo\/image\/"}},{"@type":"Person","@id":"https:\/\/expressometro.mx\/#\/schema\/person\/efa971b4a0664db8ed5c22b1b0dd2f5d","name":"Expresso Metropolitano","image":{"@type":"ImageObject","inLanguage":"es","@id":"https:\/\/secure.gravatar.com\/avatar\/a89f802b8de18c6952f223c88d3d106e9e3679839f4e25a02f4a6cc2ae6ba3b3?s=96&d=mm&r=g","url":"https:\/\/secure.gravatar.com\/avatar\/a89f802b8de18c6952f223c88d3d106e9e3679839f4e25a02f4a6cc2ae6ba3b3?s=96&d=mm&r=g","contentUrl":"https:\/\/secure.gravatar.com\/avatar\/a89f802b8de18c6952f223c88d3d106e9e3679839f4e25a02f4a6cc2ae6ba3b3?s=96&d=mm&r=g","caption":"Expresso Metropolitano"},"url":"https:\/\/expressometro.mx\/index.php\/author\/diego\/"}]}},"amp_enabled":true,"_links":{"self":[{"href":"https:\/\/expressometro.mx\/index.php\/wp-json\/wp\/v2\/posts\/1873","targetHints":{"allow":["GET"]}}],"collection":[{"href":"https:\/\/expressometro.mx\/index.php\/wp-json\/wp\/v2\/posts"}],"about":[{"href":"https:\/\/expressometro.mx\/index.php\/wp-json\/wp\/v2\/types\/post"}],"author":[{"embeddable":true,"href":"https:\/\/expressometro.mx\/index.php\/wp-json\/wp\/v2\/users\/1"}],"replies":[{"embeddable":true,"href":"https:\/\/expressometro.mx\/index.php\/wp-json\/wp\/v2\/comments?post=1873"}],"version-history":[{"count":1,"href":"https:\/\/expressometro.mx\/index.php\/wp-json\/wp\/v2\/posts\/1873\/revisions"}],"predecessor-version":[{"id":1875,"href":"https:\/\/expressometro.mx\/index.php\/wp-json\/wp\/v2\/posts\/1873\/revisions\/1875"}],"wp:featuredmedia":[{"embeddable":true,"href":"https:\/\/expressometro.mx\/index.php\/wp-json\/wp\/v2\/media\/1874"}],"wp:attachment":[{"href":"https:\/\/expressometro.mx\/index.php\/wp-json\/wp\/v2\/media?parent=1873"}],"wp:term":[{"taxonomy":"category","embeddable":true,"href":"https:\/\/expressometro.mx\/index.php\/wp-json\/wp\/v2\/categories?post=1873"},{"taxonomy":"post_tag","embeddable":true,"href":"https:\/\/expressometro.mx\/index.php\/wp-json\/wp\/v2\/tags?post=1873"}],"curies":[{"name":"wp","href":"https:\/\/api.w.org\/{rel}","templated":true}]}}