{"id":1864,"date":"2020-09-20T14:06:22","date_gmt":"2020-09-20T19:06:22","guid":{"rendered":"http:\/\/expressometro.mx\/?p=1864"},"modified":"2020-09-22T14:14:33","modified_gmt":"2020-09-22T19:14:33","slug":"proyectan-triatlon-astri-valle-de-bravo-2020","status":"publish","type":"post","link":"https:\/\/expressometro.mx\/index.php\/2020\/09\/20\/proyectan-triatlon-astri-valle-de-bravo-2020\/","title":{"rendered":"PROYECTAN TRIATL\u00d3N ASTRI VALLE DE BRAVO 2020"},"content":{"rendered":"\n<p>El Estado de M\u00e9xico es sede de importantes eventos deportivos, como el Triatl\u00f3n AsTri que, desde su creaci\u00f3n en 1988, se lleva a cabo en Valle de Bravo.<\/p>\n\n\n\n<p>Este a\u00f1o, para reactivar las actividades deportivas,, la Secretar\u00eda de Cultura y Deporte une esfuerzos con el Ayuntamiento de Valle de Bravo y el Comit\u00e9 organizador del Triatl\u00f3n, para la 32 edici\u00f3n de este encuentro.<\/p>\n\n\n\n<p>El d\u00eda propuesto para el evento es el 7 de noviembre, sin embargo, teniendo en cuenta que lo m\u00e1s importante es la salud de las personas, se confirmar\u00e1 la fecha de acuerdo con las normas sanitarias cuando se acerque el momento del evento, siguiendo los lineamientos de la Organizaci\u00f3n Mundial de la Salud y de la Uni\u00f3n Internacional de Triatl\u00f3n.<\/p>\n\n\n\n<p>Esta tradicional competici\u00f3n representa un reto para los deportistas, desde nadar en agua fr\u00eda, hasta la subida y bajada en bicicleta de las monta\u00f1as y la carrera final al lado del lago.<\/p>\n\n\n\n<p>El AsTri Valle de Bravo es un evento del Serial Premium de la Federaci\u00f3n Mexicana de Triatl\u00f3n y contar\u00e1 con triatlones Sprint y Ol\u00edmpico para atletas desde los 16 a\u00f1os de edad.<\/p>\n\n\n\n<p>Con la garant\u00eda en la seguridad de los competidores, comunidad y staff, invitan a conocer algunas de las acciones que se implementar\u00e1n en materia de salud, para que participen con toda confianza a trav\u00e9s de https:\/\/www.youtube.com\/watch?v=IR0lpncaoEQ.<\/p>\n\n\n\n<p>Cabe destacar que quedan eliminadas las actividades no esenciales y eventos alternos, reduciendo los servicios requeridos y el n\u00famero de voluntarios, habr\u00e1 monitoreo de los competidores, oficiales, staff y voluntarios con la intenci\u00f3n de verificar la buena condici\u00f3n de salud y notificar a la comunidad y se modificar\u00e1n los espacios y procesos en \u00e1reas como: registro, expo, transici\u00f3n, arranque, meta y recuperaci\u00f3n, y permitir un mayor distanciamiento  entre personas.<\/p>\n\n\n\n<p>Para mayores informes e inscripciones la Secretar\u00eda de Cultura y Deporte invita a los interesados a visitar el sitio web https:\/\/asdeporte.com\/evento\/astri-valle-de-bravo-2020-dn0q.<\/p>\n","protected":false},"excerpt":{"rendered":"<p>El Estado de M\u00e9xico es sede de importantes eventos deportivos, como el Triatl\u00f3n AsTri que, desde su creaci\u00f3n en 1988, se lleva a cabo en Valle de Bravo. Este a\u00f1o, para reactivar las actividades deportivas,, la Secretar\u00eda de Cultura y Deporte une esfuerzos con el Ayuntamiento de Valle de Bravo y el Comit\u00e9 organizador del Triatl\u00f3n, para la 32 edici\u00f3n de este encuentro. El d\u00eda propuesto para el evento es el 7 de noviembre, sin embargo, teniendo en cuenta que lo m\u00e1s importante es la salud de las personas, se&hellip;<\/p>\n","protected":false},"author":1,"featured_media":1865,"comment_status":"open","ping_status":"open","sticky":false,"template":"","format":"standard","meta":{"footnotes":""},"categories":[1],"tags":[],"class_list":["post-1864","post","type-post","status-publish","format-standard","has-post-thumbnail","hentry","category-otros"],"yoast_head":"<!-- This site is optimized with the Yoast SEO plugin v27.5 - https:\/\/yoast.com\/product\/yoast-seo-wordpress\/ -->\n<title>PROYECTAN TRIATL\u00d3N ASTRI VALLE DE BRAVO 2020 - Expresso Metropolitano<\/title>\n<meta name=\"robots\" content=\"index, follow, max-snippet:-1, max-image-preview:large, max-video-preview:-1\" \/>\n<link rel=\"canonical\" href=\"https:\/\/expressometro.mx\/index.php\/2020\/09\/20\/proyectan-triatlon-astri-valle-de-bravo-2020\/\" \/>\n<meta property=\"og:locale\" content=\"es_MX\" \/>\n<meta property=\"og:type\" content=\"article\" \/>\n<meta property=\"og:title\" content=\"PROYECTAN TRIATL\u00d3N ASTRI VALLE DE BRAVO 2020 - Expresso Metropolitano\" \/>\n<meta property=\"og:description\" content=\"El Estado de M\u00e9xico es sede de importantes eventos deportivos, como el Triatl\u00f3n AsTri que, desde su creaci\u00f3n en 1988, se lleva a cabo en Valle de Bravo. Este a\u00f1o, para reactivar las actividades deportivas,, la Secretar\u00eda de Cultura y Deporte une esfuerzos con el Ayuntamiento de Valle de Bravo y el Comit\u00e9 organizador del Triatl\u00f3n, para la 32 edici\u00f3n de este encuentro. El d\u00eda propuesto para el evento es el 7 de noviembre, sin embargo, teniendo en cuenta que lo m\u00e1s importante es la salud de las personas, se&hellip;\" \/>\n<meta property=\"og:url\" content=\"https:\/\/expressometro.mx\/index.php\/2020\/09\/20\/proyectan-triatlon-astri-valle-de-bravo-2020\/\" \/>\n<meta property=\"og:site_name\" content=\"Expresso Metropolitano\" \/>\n<meta property=\"article:published_time\" content=\"2020-09-20T19:06:22+00:00\" \/>\n<meta property=\"article:modified_time\" content=\"2020-09-22T19:14:33+00:00\" \/>\n<meta property=\"og:image\" content=\"https:\/\/expressometro.mx\/wp-content\/uploads\/2020\/09\/ccbb5a01-ff71-4df3-8df5-648823643ea6.jpg\" \/>\n\t<meta property=\"og:image:width\" content=\"1280\" \/>\n\t<meta property=\"og:image:height\" content=\"853\" \/>\n\t<meta property=\"og:image:type\" content=\"image\/jpeg\" \/>\n<meta name=\"author\" content=\"Expresso Metropolitano\" \/>\n<meta name=\"twitter:label1\" content=\"Escrito por\" \/>\n\t<meta name=\"twitter:data1\" content=\"Expresso Metropolitano\" \/>\n\t<meta name=\"twitter:label2\" content=\"Tiempo de lectura\" \/>\n\t<meta name=\"twitter:data2\" content=\"2 minutos\" \/>\n<script type=\"application\/ld+json\" class=\"yoast-schema-graph\">{\"@context\":\"https:\\\/\\\/schema.org\",\"@graph\":[{\"@type\":\"Article\",\"@id\":\"https:\\\/\\\/expressometro.mx\\\/index.php\\\/2020\\\/09\\\/20\\\/proyectan-triatlon-astri-valle-de-bravo-2020\\\/#article\",\"isPartOf\":{\"@id\":\"https:\\\/\\\/expressometro.mx\\\/index.php\\\/2020\\\/09\\\/20\\\/proyectan-triatlon-astri-valle-de-bravo-2020\\\/\"},\"author\":{\"name\":\"Expresso Metropolitano\",\"@id\":\"https:\\\/\\\/expressometro.mx\\\/#\\\/schema\\\/person\\\/efa971b4a0664db8ed5c22b1b0dd2f5d\"},\"headline\":\"PROYECTAN TRIATL\u00d3N ASTRI VALLE DE BRAVO 2020\",\"datePublished\":\"2020-09-20T19:06:22+00:00\",\"dateModified\":\"2020-09-22T19:14:33+00:00\",\"mainEntityOfPage\":{\"@id\":\"https:\\\/\\\/expressometro.mx\\\/index.php\\\/2020\\\/09\\\/20\\\/proyectan-triatlon-astri-valle-de-bravo-2020\\\/\"},\"wordCount\":358,\"commentCount\":0,\"publisher\":{\"@id\":\"https:\\\/\\\/expressometro.mx\\\/#organization\"},\"image\":{\"@id\":\"https:\\\/\\\/expressometro.mx\\\/index.php\\\/2020\\\/09\\\/20\\\/proyectan-triatlon-astri-valle-de-bravo-2020\\\/#primaryimage\"},\"thumbnailUrl\":\"https:\\\/\\\/expressometro.mx\\\/wp-content\\\/uploads\\\/2020\\\/09\\\/ccbb5a01-ff71-4df3-8df5-648823643ea6.jpg\",\"articleSection\":[\"Otros\"],\"inLanguage\":\"es\",\"potentialAction\":[{\"@type\":\"CommentAction\",\"name\":\"Comment\",\"target\":[\"https:\\\/\\\/expressometro.mx\\\/index.php\\\/2020\\\/09\\\/20\\\/proyectan-triatlon-astri-valle-de-bravo-2020\\\/#respond\"]}]},{\"@type\":\"WebPage\",\"@id\":\"https:\\\/\\\/expressometro.mx\\\/index.php\\\/2020\\\/09\\\/20\\\/proyectan-triatlon-astri-valle-de-bravo-2020\\\/\",\"url\":\"https:\\\/\\\/expressometro.mx\\\/index.php\\\/2020\\\/09\\\/20\\\/proyectan-triatlon-astri-valle-de-bravo-2020\\\/\",\"name\":\"PROYECTAN TRIATL\u00d3N ASTRI VALLE DE BRAVO 2020 - Expresso Metropolitano\",\"isPartOf\":{\"@id\":\"https:\\\/\\\/expressometro.mx\\\/#website\"},\"primaryImageOfPage\":{\"@id\":\"https:\\\/\\\/expressometro.mx\\\/index.php\\\/2020\\\/09\\\/20\\\/proyectan-triatlon-astri-valle-de-bravo-2020\\\/#primaryimage\"},\"image\":{\"@id\":\"https:\\\/\\\/expressometro.mx\\\/index.php\\\/2020\\\/09\\\/20\\\/proyectan-triatlon-astri-valle-de-bravo-2020\\\/#primaryimage\"},\"thumbnailUrl\":\"https:\\\/\\\/expressometro.mx\\\/wp-content\\\/uploads\\\/2020\\\/09\\\/ccbb5a01-ff71-4df3-8df5-648823643ea6.jpg\",\"datePublished\":\"2020-09-20T19:06:22+00:00\",\"dateModified\":\"2020-09-22T19:14:33+00:00\",\"breadcrumb\":{\"@id\":\"https:\\\/\\\/expressometro.mx\\\/index.php\\\/2020\\\/09\\\/20\\\/proyectan-triatlon-astri-valle-de-bravo-2020\\\/#breadcrumb\"},\"inLanguage\":\"es\",\"potentialAction\":[{\"@type\":\"ReadAction\",\"target\":[\"https:\\\/\\\/expressometro.mx\\\/index.php\\\/2020\\\/09\\\/20\\\/proyectan-triatlon-astri-valle-de-bravo-2020\\\/\"]}]},{\"@type\":\"ImageObject\",\"inLanguage\":\"es\",\"@id\":\"https:\\\/\\\/expressometro.mx\\\/index.php\\\/2020\\\/09\\\/20\\\/proyectan-triatlon-astri-valle-de-bravo-2020\\\/#primaryimage\",\"url\":\"https:\\\/\\\/expressometro.mx\\\/wp-content\\\/uploads\\\/2020\\\/09\\\/ccbb5a01-ff71-4df3-8df5-648823643ea6.jpg\",\"contentUrl\":\"https:\\\/\\\/expressometro.mx\\\/wp-content\\\/uploads\\\/2020\\\/09\\\/ccbb5a01-ff71-4df3-8df5-648823643ea6.jpg\",\"width\":1280,\"height\":853},{\"@type\":\"BreadcrumbList\",\"@id\":\"https:\\\/\\\/expressometro.mx\\\/index.php\\\/2020\\\/09\\\/20\\\/proyectan-triatlon-astri-valle-de-bravo-2020\\\/#breadcrumb\",\"itemListElement\":[{\"@type\":\"ListItem\",\"position\":1,\"name\":\"Inicio\",\"item\":\"https:\\\/\\\/expressometro.mx\\\/\"},{\"@type\":\"ListItem\",\"position\":2,\"name\":\"PROYECTAN TRIATL\u00d3N ASTRI VALLE DE BRAVO 2020\"}]},{\"@type\":\"WebSite\",\"@id\":\"https:\\\/\\\/expressometro.mx\\\/#website\",\"url\":\"https:\\\/\\\/expressometro.mx\\\/\",\"name\":\"Expresso Metropolitano\",\"description\":\"Periodismo comprometido, informaci\u00f3n, investigaci\u00f3n y an\u00e1lisis\",\"publisher\":{\"@id\":\"https:\\\/\\\/expressometro.mx\\\/#organization\"},\"potentialAction\":[{\"@type\":\"SearchAction\",\"target\":{\"@type\":\"EntryPoint\",\"urlTemplate\":\"https:\\\/\\\/expressometro.mx\\\/?s={search_term_string}\"},\"query-input\":{\"@type\":\"PropertyValueSpecification\",\"valueRequired\":true,\"valueName\":\"search_term_string\"}}],\"inLanguage\":\"es\"},{\"@type\":\"Organization\",\"@id\":\"https:\\\/\\\/expressometro.mx\\\/#organization\",\"name\":\"Expresso Metropolitano\",\"url\":\"https:\\\/\\\/expressometro.mx\\\/\",\"logo\":{\"@type\":\"ImageObject\",\"inLanguage\":\"es\",\"@id\":\"https:\\\/\\\/expressometro.mx\\\/#\\\/schema\\\/logo\\\/image\\\/\",\"url\":\"https:\\\/\\\/expressometro.mx\\\/wp-content\\\/uploads\\\/2019\\\/07\\\/cropped-Logo-Expresso-Metropolitano-1-1.jpeg\",\"contentUrl\":\"https:\\\/\\\/expressometro.mx\\\/wp-content\\\/uploads\\\/2019\\\/07\\\/cropped-Logo-Expresso-Metropolitano-1-1.jpeg\",\"width\":290,\"height\":73,\"caption\":\"Expresso Metropolitano\"},\"image\":{\"@id\":\"https:\\\/\\\/expressometro.mx\\\/#\\\/schema\\\/logo\\\/image\\\/\"}},{\"@type\":\"Person\",\"@id\":\"https:\\\/\\\/expressometro.mx\\\/#\\\/schema\\\/person\\\/efa971b4a0664db8ed5c22b1b0dd2f5d\",\"name\":\"Expresso Metropolitano\",\"image\":{\"@type\":\"ImageObject\",\"inLanguage\":\"es\",\"@id\":\"https:\\\/\\\/secure.gravatar.com\\\/avatar\\\/a89f802b8de18c6952f223c88d3d106e9e3679839f4e25a02f4a6cc2ae6ba3b3?s=96&d=mm&r=g\",\"url\":\"https:\\\/\\\/secure.gravatar.com\\\/avatar\\\/a89f802b8de18c6952f223c88d3d106e9e3679839f4e25a02f4a6cc2ae6ba3b3?s=96&d=mm&r=g\",\"contentUrl\":\"https:\\\/\\\/secure.gravatar.com\\\/avatar\\\/a89f802b8de18c6952f223c88d3d106e9e3679839f4e25a02f4a6cc2ae6ba3b3?s=96&d=mm&r=g\",\"caption\":\"Expresso Metropolitano\"},\"url\":\"https:\\\/\\\/expressometro.mx\\\/index.php\\\/author\\\/diego\\\/\"}]}<\/script>\n<!-- \/ Yoast SEO plugin. -->","yoast_head_json":{"title":"PROYECTAN TRIATL\u00d3N ASTRI VALLE DE BRAVO 2020 - Expresso Metropolitano","robots":{"index":"index","follow":"follow","max-snippet":"max-snippet:-1","max-image-preview":"max-image-preview:large","max-video-preview":"max-video-preview:-1"},"canonical":"https:\/\/expressometro.mx\/index.php\/2020\/09\/20\/proyectan-triatlon-astri-valle-de-bravo-2020\/","og_locale":"es_MX","og_type":"article","og_title":"PROYECTAN TRIATL\u00d3N ASTRI VALLE DE BRAVO 2020 - Expresso Metropolitano","og_description":"El Estado de M\u00e9xico es sede de importantes eventos deportivos, como el Triatl\u00f3n AsTri que, desde su creaci\u00f3n en 1988, se lleva a cabo en Valle de Bravo. Este a\u00f1o, para reactivar las actividades deportivas,, la Secretar\u00eda de Cultura y Deporte une esfuerzos con el Ayuntamiento de Valle de Bravo y el Comit\u00e9 organizador del Triatl\u00f3n, para la 32 edici\u00f3n de este encuentro. El d\u00eda propuesto para el evento es el 7 de noviembre, sin embargo, teniendo en cuenta que lo m\u00e1s importante es la salud de las personas, se&hellip;","og_url":"https:\/\/expressometro.mx\/index.php\/2020\/09\/20\/proyectan-triatlon-astri-valle-de-bravo-2020\/","og_site_name":"Expresso Metropolitano","article_published_time":"2020-09-20T19:06:22+00:00","article_modified_time":"2020-09-22T19:14:33+00:00","og_image":[{"width":1280,"height":853,"url":"https:\/\/expressometro.mx\/wp-content\/uploads\/2020\/09\/ccbb5a01-ff71-4df3-8df5-648823643ea6.jpg","type":"image\/jpeg"}],"author":"Expresso Metropolitano","twitter_misc":{"Escrito por":"Expresso Metropolitano","Tiempo de lectura":"2 minutos"},"schema":{"@context":"https:\/\/schema.org","@graph":[{"@type":"Article","@id":"https:\/\/expressometro.mx\/index.php\/2020\/09\/20\/proyectan-triatlon-astri-valle-de-bravo-2020\/#article","isPartOf":{"@id":"https:\/\/expressometro.mx\/index.php\/2020\/09\/20\/proyectan-triatlon-astri-valle-de-bravo-2020\/"},"author":{"name":"Expresso Metropolitano","@id":"https:\/\/expressometro.mx\/#\/schema\/person\/efa971b4a0664db8ed5c22b1b0dd2f5d"},"headline":"PROYECTAN TRIATL\u00d3N ASTRI VALLE DE BRAVO 2020","datePublished":"2020-09-20T19:06:22+00:00","dateModified":"2020-09-22T19:14:33+00:00","mainEntityOfPage":{"@id":"https:\/\/expressometro.mx\/index.php\/2020\/09\/20\/proyectan-triatlon-astri-valle-de-bravo-2020\/"},"wordCount":358,"commentCount":0,"publisher":{"@id":"https:\/\/expressometro.mx\/#organization"},"image":{"@id":"https:\/\/expressometro.mx\/index.php\/2020\/09\/20\/proyectan-triatlon-astri-valle-de-bravo-2020\/#primaryimage"},"thumbnailUrl":"https:\/\/expressometro.mx\/wp-content\/uploads\/2020\/09\/ccbb5a01-ff71-4df3-8df5-648823643ea6.jpg","articleSection":["Otros"],"inLanguage":"es","potentialAction":[{"@type":"CommentAction","name":"Comment","target":["https:\/\/expressometro.mx\/index.php\/2020\/09\/20\/proyectan-triatlon-astri-valle-de-bravo-2020\/#respond"]}]},{"@type":"WebPage","@id":"https:\/\/expressometro.mx\/index.php\/2020\/09\/20\/proyectan-triatlon-astri-valle-de-bravo-2020\/","url":"https:\/\/expressometro.mx\/index.php\/2020\/09\/20\/proyectan-triatlon-astri-valle-de-bravo-2020\/","name":"PROYECTAN TRIATL\u00d3N ASTRI VALLE DE BRAVO 2020 - Expresso Metropolitano","isPartOf":{"@id":"https:\/\/expressometro.mx\/#website"},"primaryImageOfPage":{"@id":"https:\/\/expressometro.mx\/index.php\/2020\/09\/20\/proyectan-triatlon-astri-valle-de-bravo-2020\/#primaryimage"},"image":{"@id":"https:\/\/expressometro.mx\/index.php\/2020\/09\/20\/proyectan-triatlon-astri-valle-de-bravo-2020\/#primaryimage"},"thumbnailUrl":"https:\/\/expressometro.mx\/wp-content\/uploads\/2020\/09\/ccbb5a01-ff71-4df3-8df5-648823643ea6.jpg","datePublished":"2020-09-20T19:06:22+00:00","dateModified":"2020-09-22T19:14:33+00:00","breadcrumb":{"@id":"https:\/\/expressometro.mx\/index.php\/2020\/09\/20\/proyectan-triatlon-astri-valle-de-bravo-2020\/#breadcrumb"},"inLanguage":"es","potentialAction":[{"@type":"ReadAction","target":["https:\/\/expressometro.mx\/index.php\/2020\/09\/20\/proyectan-triatlon-astri-valle-de-bravo-2020\/"]}]},{"@type":"ImageObject","inLanguage":"es","@id":"https:\/\/expressometro.mx\/index.php\/2020\/09\/20\/proyectan-triatlon-astri-valle-de-bravo-2020\/#primaryimage","url":"https:\/\/expressometro.mx\/wp-content\/uploads\/2020\/09\/ccbb5a01-ff71-4df3-8df5-648823643ea6.jpg","contentUrl":"https:\/\/expressometro.mx\/wp-content\/uploads\/2020\/09\/ccbb5a01-ff71-4df3-8df5-648823643ea6.jpg","width":1280,"height":853},{"@type":"BreadcrumbList","@id":"https:\/\/expressometro.mx\/index.php\/2020\/09\/20\/proyectan-triatlon-astri-valle-de-bravo-2020\/#breadcrumb","itemListElement":[{"@type":"ListItem","position":1,"name":"Inicio","item":"https:\/\/expressometro.mx\/"},{"@type":"ListItem","position":2,"name":"PROYECTAN TRIATL\u00d3N ASTRI VALLE DE BRAVO 2020"}]},{"@type":"WebSite","@id":"https:\/\/expressometro.mx\/#website","url":"https:\/\/expressometro.mx\/","name":"Expresso Metropolitano","description":"Periodismo comprometido, informaci\u00f3n, investigaci\u00f3n y an\u00e1lisis","publisher":{"@id":"https:\/\/expressometro.mx\/#organization"},"potentialAction":[{"@type":"SearchAction","target":{"@type":"EntryPoint","urlTemplate":"https:\/\/expressometro.mx\/?s={search_term_string}"},"query-input":{"@type":"PropertyValueSpecification","valueRequired":true,"valueName":"search_term_string"}}],"inLanguage":"es"},{"@type":"Organization","@id":"https:\/\/expressometro.mx\/#organization","name":"Expresso Metropolitano","url":"https:\/\/expressometro.mx\/","logo":{"@type":"ImageObject","inLanguage":"es","@id":"https:\/\/expressometro.mx\/#\/schema\/logo\/image\/","url":"https:\/\/expressometro.mx\/wp-content\/uploads\/2019\/07\/cropped-Logo-Expresso-Metropolitano-1-1.jpeg","contentUrl":"https:\/\/expressometro.mx\/wp-content\/uploads\/2019\/07\/cropped-Logo-Expresso-Metropolitano-1-1.jpeg","width":290,"height":73,"caption":"Expresso Metropolitano"},"image":{"@id":"https:\/\/expressometro.mx\/#\/schema\/logo\/image\/"}},{"@type":"Person","@id":"https:\/\/expressometro.mx\/#\/schema\/person\/efa971b4a0664db8ed5c22b1b0dd2f5d","name":"Expresso Metropolitano","image":{"@type":"ImageObject","inLanguage":"es","@id":"https:\/\/secure.gravatar.com\/avatar\/a89f802b8de18c6952f223c88d3d106e9e3679839f4e25a02f4a6cc2ae6ba3b3?s=96&d=mm&r=g","url":"https:\/\/secure.gravatar.com\/avatar\/a89f802b8de18c6952f223c88d3d106e9e3679839f4e25a02f4a6cc2ae6ba3b3?s=96&d=mm&r=g","contentUrl":"https:\/\/secure.gravatar.com\/avatar\/a89f802b8de18c6952f223c88d3d106e9e3679839f4e25a02f4a6cc2ae6ba3b3?s=96&d=mm&r=g","caption":"Expresso Metropolitano"},"url":"https:\/\/expressometro.mx\/index.php\/author\/diego\/"}]}},"amp_enabled":true,"_links":{"self":[{"href":"https:\/\/expressometro.mx\/index.php\/wp-json\/wp\/v2\/posts\/1864","targetHints":{"allow":["GET"]}}],"collection":[{"href":"https:\/\/expressometro.mx\/index.php\/wp-json\/wp\/v2\/posts"}],"about":[{"href":"https:\/\/expressometro.mx\/index.php\/wp-json\/wp\/v2\/types\/post"}],"author":[{"embeddable":true,"href":"https:\/\/expressometro.mx\/index.php\/wp-json\/wp\/v2\/users\/1"}],"replies":[{"embeddable":true,"href":"https:\/\/expressometro.mx\/index.php\/wp-json\/wp\/v2\/comments?post=1864"}],"version-history":[{"count":1,"href":"https:\/\/expressometro.mx\/index.php\/wp-json\/wp\/v2\/posts\/1864\/revisions"}],"predecessor-version":[{"id":1866,"href":"https:\/\/expressometro.mx\/index.php\/wp-json\/wp\/v2\/posts\/1864\/revisions\/1866"}],"wp:featuredmedia":[{"embeddable":true,"href":"https:\/\/expressometro.mx\/index.php\/wp-json\/wp\/v2\/media\/1865"}],"wp:attachment":[{"href":"https:\/\/expressometro.mx\/index.php\/wp-json\/wp\/v2\/media?parent=1864"}],"wp:term":[{"taxonomy":"category","embeddable":true,"href":"https:\/\/expressometro.mx\/index.php\/wp-json\/wp\/v2\/categories?post=1864"},{"taxonomy":"post_tag","embeddable":true,"href":"https:\/\/expressometro.mx\/index.php\/wp-json\/wp\/v2\/tags?post=1864"}],"curies":[{"name":"wp","href":"https:\/\/api.w.org\/{rel}","templated":true}]}}