{"id":1861,"date":"2020-09-19T14:00:52","date_gmt":"2020-09-19T19:00:52","guid":{"rendered":"http:\/\/expressometro.mx\/?p=1861"},"modified":"2020-09-22T14:04:47","modified_gmt":"2020-09-22T19:04:47","slug":"inicio-de-obra-en-villa-del-carbon","status":"publish","type":"post","link":"https:\/\/expressometro.mx\/index.php\/2020\/09\/19\/inicio-de-obra-en-villa-del-carbon\/","title":{"rendered":"INICIO DE OBRA EN VILLA DEL CARB\u00d3N"},"content":{"rendered":"\n<p>El d\u00eda de hoy se llev\u00f3 a cabo la colocaci\u00f3n de la primera piedra de lo que ser\u00e1 La Unidad de Servicios Educativos en su primera etapa, en la cual estar\u00e1n ubicadas las oficinas de algunas Supervisiones Escolares de diferentes niveles educativos, adem\u00e1s del Centro de Maestros, cabe mencionar que despu\u00e9s de muchos a\u00f1os de no contar con un espacio que cubriera estas necesidades hoy gracias al trabajo del Gobierno Municipal se ha logrado conseguir tanto el terreno y empezar esta construcci\u00f3n en la comunidad de Las Hect\u00e1reas, con una superficie aproximada de 350 m2, se contar\u00e1 con oficinas, cub\u00edculos, m\u00f3dulos sanitarios y una sala de juntas, todo esto con el \u00fanico objetivo de ofrecerle a los docentes un espacio digno. Tambi\u00e9n es de reconocer la disposici\u00f3n de los maestros para la realizaci\u00f3n de esta importante obra. <\/p>\n","protected":false},"excerpt":{"rendered":"<p>El d\u00eda de hoy se llev\u00f3 a cabo la colocaci\u00f3n de la primera piedra de lo que ser\u00e1 La Unidad de Servicios Educativos en su primera etapa, en la cual estar\u00e1n ubicadas las oficinas de algunas Supervisiones Escolares de diferentes niveles educativos, adem\u00e1s del Centro de Maestros, cabe mencionar que despu\u00e9s de muchos a\u00f1os de no contar con un espacio que cubriera estas necesidades hoy gracias al trabajo del Gobierno Municipal se ha logrado conseguir tanto el terreno y empezar esta construcci\u00f3n en la comunidad de Las Hect\u00e1reas, con una&hellip;<\/p>\n","protected":false},"author":1,"featured_media":1862,"comment_status":"open","ping_status":"open","sticky":false,"template":"","format":"standard","meta":{"footnotes":""},"categories":[1],"tags":[],"class_list":["post-1861","post","type-post","status-publish","format-standard","has-post-thumbnail","hentry","category-otros"],"yoast_head":"<!-- This site is optimized with the Yoast SEO plugin v27.5 - https:\/\/yoast.com\/product\/yoast-seo-wordpress\/ -->\n<title>INICIO DE OBRA EN VILLA DEL CARB\u00d3N - Expresso Metropolitano<\/title>\n<meta name=\"robots\" content=\"index, follow, max-snippet:-1, max-image-preview:large, max-video-preview:-1\" \/>\n<link rel=\"canonical\" href=\"https:\/\/expressometro.mx\/index.php\/2020\/09\/19\/inicio-de-obra-en-villa-del-carbon\/\" \/>\n<meta property=\"og:locale\" content=\"es_MX\" \/>\n<meta property=\"og:type\" content=\"article\" \/>\n<meta property=\"og:title\" content=\"INICIO DE OBRA EN VILLA DEL CARB\u00d3N - Expresso Metropolitano\" \/>\n<meta property=\"og:description\" content=\"El d\u00eda de hoy se llev\u00f3 a cabo la colocaci\u00f3n de la primera piedra de lo que ser\u00e1 La Unidad de Servicios Educativos en su primera etapa, en la cual estar\u00e1n ubicadas las oficinas de algunas Supervisiones Escolares de diferentes niveles educativos, adem\u00e1s del Centro de Maestros, cabe mencionar que despu\u00e9s de muchos a\u00f1os de no contar con un espacio que cubriera estas necesidades hoy gracias al trabajo del Gobierno Municipal se ha logrado conseguir tanto el terreno y empezar esta construcci\u00f3n en la comunidad de Las Hect\u00e1reas, con una&hellip;\" \/>\n<meta property=\"og:url\" content=\"https:\/\/expressometro.mx\/index.php\/2020\/09\/19\/inicio-de-obra-en-villa-del-carbon\/\" \/>\n<meta property=\"og:site_name\" content=\"Expresso Metropolitano\" \/>\n<meta property=\"article:published_time\" content=\"2020-09-19T19:00:52+00:00\" \/>\n<meta property=\"article:modified_time\" content=\"2020-09-22T19:04:47+00:00\" \/>\n<meta property=\"og:image\" content=\"https:\/\/expressometro.mx\/wp-content\/uploads\/2020\/09\/119722209_3306771182744392_8364160157353416360_n.jpg\" \/>\n\t<meta property=\"og:image:width\" content=\"960\" \/>\n\t<meta property=\"og:image:height\" content=\"640\" \/>\n\t<meta property=\"og:image:type\" content=\"image\/jpeg\" \/>\n<meta name=\"author\" content=\"Expresso Metropolitano\" \/>\n<meta name=\"twitter:label1\" content=\"Escrito por\" \/>\n\t<meta name=\"twitter:data1\" content=\"Expresso Metropolitano\" \/>\n\t<meta name=\"twitter:label2\" content=\"Tiempo de lectura\" \/>\n\t<meta name=\"twitter:data2\" content=\"1 minuto\" \/>\n<script type=\"application\/ld+json\" class=\"yoast-schema-graph\">{\"@context\":\"https:\\\/\\\/schema.org\",\"@graph\":[{\"@type\":\"Article\",\"@id\":\"https:\\\/\\\/expressometro.mx\\\/index.php\\\/2020\\\/09\\\/19\\\/inicio-de-obra-en-villa-del-carbon\\\/#article\",\"isPartOf\":{\"@id\":\"https:\\\/\\\/expressometro.mx\\\/index.php\\\/2020\\\/09\\\/19\\\/inicio-de-obra-en-villa-del-carbon\\\/\"},\"author\":{\"name\":\"Expresso Metropolitano\",\"@id\":\"https:\\\/\\\/expressometro.mx\\\/#\\\/schema\\\/person\\\/efa971b4a0664db8ed5c22b1b0dd2f5d\"},\"headline\":\"INICIO DE OBRA EN VILLA DEL CARB\u00d3N\",\"datePublished\":\"2020-09-19T19:00:52+00:00\",\"dateModified\":\"2020-09-22T19:04:47+00:00\",\"mainEntityOfPage\":{\"@id\":\"https:\\\/\\\/expressometro.mx\\\/index.php\\\/2020\\\/09\\\/19\\\/inicio-de-obra-en-villa-del-carbon\\\/\"},\"wordCount\":157,\"commentCount\":0,\"publisher\":{\"@id\":\"https:\\\/\\\/expressometro.mx\\\/#organization\"},\"image\":{\"@id\":\"https:\\\/\\\/expressometro.mx\\\/index.php\\\/2020\\\/09\\\/19\\\/inicio-de-obra-en-villa-del-carbon\\\/#primaryimage\"},\"thumbnailUrl\":\"https:\\\/\\\/expressometro.mx\\\/wp-content\\\/uploads\\\/2020\\\/09\\\/119722209_3306771182744392_8364160157353416360_n.jpg\",\"articleSection\":[\"Otros\"],\"inLanguage\":\"es\",\"potentialAction\":[{\"@type\":\"CommentAction\",\"name\":\"Comment\",\"target\":[\"https:\\\/\\\/expressometro.mx\\\/index.php\\\/2020\\\/09\\\/19\\\/inicio-de-obra-en-villa-del-carbon\\\/#respond\"]}]},{\"@type\":\"WebPage\",\"@id\":\"https:\\\/\\\/expressometro.mx\\\/index.php\\\/2020\\\/09\\\/19\\\/inicio-de-obra-en-villa-del-carbon\\\/\",\"url\":\"https:\\\/\\\/expressometro.mx\\\/index.php\\\/2020\\\/09\\\/19\\\/inicio-de-obra-en-villa-del-carbon\\\/\",\"name\":\"INICIO DE OBRA EN VILLA DEL CARB\u00d3N - Expresso Metropolitano\",\"isPartOf\":{\"@id\":\"https:\\\/\\\/expressometro.mx\\\/#website\"},\"primaryImageOfPage\":{\"@id\":\"https:\\\/\\\/expressometro.mx\\\/index.php\\\/2020\\\/09\\\/19\\\/inicio-de-obra-en-villa-del-carbon\\\/#primaryimage\"},\"image\":{\"@id\":\"https:\\\/\\\/expressometro.mx\\\/index.php\\\/2020\\\/09\\\/19\\\/inicio-de-obra-en-villa-del-carbon\\\/#primaryimage\"},\"thumbnailUrl\":\"https:\\\/\\\/expressometro.mx\\\/wp-content\\\/uploads\\\/2020\\\/09\\\/119722209_3306771182744392_8364160157353416360_n.jpg\",\"datePublished\":\"2020-09-19T19:00:52+00:00\",\"dateModified\":\"2020-09-22T19:04:47+00:00\",\"breadcrumb\":{\"@id\":\"https:\\\/\\\/expressometro.mx\\\/index.php\\\/2020\\\/09\\\/19\\\/inicio-de-obra-en-villa-del-carbon\\\/#breadcrumb\"},\"inLanguage\":\"es\",\"potentialAction\":[{\"@type\":\"ReadAction\",\"target\":[\"https:\\\/\\\/expressometro.mx\\\/index.php\\\/2020\\\/09\\\/19\\\/inicio-de-obra-en-villa-del-carbon\\\/\"]}]},{\"@type\":\"ImageObject\",\"inLanguage\":\"es\",\"@id\":\"https:\\\/\\\/expressometro.mx\\\/index.php\\\/2020\\\/09\\\/19\\\/inicio-de-obra-en-villa-del-carbon\\\/#primaryimage\",\"url\":\"https:\\\/\\\/expressometro.mx\\\/wp-content\\\/uploads\\\/2020\\\/09\\\/119722209_3306771182744392_8364160157353416360_n.jpg\",\"contentUrl\":\"https:\\\/\\\/expressometro.mx\\\/wp-content\\\/uploads\\\/2020\\\/09\\\/119722209_3306771182744392_8364160157353416360_n.jpg\",\"width\":960,\"height\":640},{\"@type\":\"BreadcrumbList\",\"@id\":\"https:\\\/\\\/expressometro.mx\\\/index.php\\\/2020\\\/09\\\/19\\\/inicio-de-obra-en-villa-del-carbon\\\/#breadcrumb\",\"itemListElement\":[{\"@type\":\"ListItem\",\"position\":1,\"name\":\"Inicio\",\"item\":\"https:\\\/\\\/expressometro.mx\\\/\"},{\"@type\":\"ListItem\",\"position\":2,\"name\":\"INICIO DE OBRA EN VILLA DEL CARB\u00d3N\"}]},{\"@type\":\"WebSite\",\"@id\":\"https:\\\/\\\/expressometro.mx\\\/#website\",\"url\":\"https:\\\/\\\/expressometro.mx\\\/\",\"name\":\"Expresso Metropolitano\",\"description\":\"Periodismo comprometido, informaci\u00f3n, investigaci\u00f3n y an\u00e1lisis\",\"publisher\":{\"@id\":\"https:\\\/\\\/expressometro.mx\\\/#organization\"},\"potentialAction\":[{\"@type\":\"SearchAction\",\"target\":{\"@type\":\"EntryPoint\",\"urlTemplate\":\"https:\\\/\\\/expressometro.mx\\\/?s={search_term_string}\"},\"query-input\":{\"@type\":\"PropertyValueSpecification\",\"valueRequired\":true,\"valueName\":\"search_term_string\"}}],\"inLanguage\":\"es\"},{\"@type\":\"Organization\",\"@id\":\"https:\\\/\\\/expressometro.mx\\\/#organization\",\"name\":\"Expresso Metropolitano\",\"url\":\"https:\\\/\\\/expressometro.mx\\\/\",\"logo\":{\"@type\":\"ImageObject\",\"inLanguage\":\"es\",\"@id\":\"https:\\\/\\\/expressometro.mx\\\/#\\\/schema\\\/logo\\\/image\\\/\",\"url\":\"https:\\\/\\\/expressometro.mx\\\/wp-content\\\/uploads\\\/2019\\\/07\\\/cropped-Logo-Expresso-Metropolitano-1-1.jpeg\",\"contentUrl\":\"https:\\\/\\\/expressometro.mx\\\/wp-content\\\/uploads\\\/2019\\\/07\\\/cropped-Logo-Expresso-Metropolitano-1-1.jpeg\",\"width\":290,\"height\":73,\"caption\":\"Expresso Metropolitano\"},\"image\":{\"@id\":\"https:\\\/\\\/expressometro.mx\\\/#\\\/schema\\\/logo\\\/image\\\/\"}},{\"@type\":\"Person\",\"@id\":\"https:\\\/\\\/expressometro.mx\\\/#\\\/schema\\\/person\\\/efa971b4a0664db8ed5c22b1b0dd2f5d\",\"name\":\"Expresso Metropolitano\",\"image\":{\"@type\":\"ImageObject\",\"inLanguage\":\"es\",\"@id\":\"https:\\\/\\\/secure.gravatar.com\\\/avatar\\\/a89f802b8de18c6952f223c88d3d106e9e3679839f4e25a02f4a6cc2ae6ba3b3?s=96&d=mm&r=g\",\"url\":\"https:\\\/\\\/secure.gravatar.com\\\/avatar\\\/a89f802b8de18c6952f223c88d3d106e9e3679839f4e25a02f4a6cc2ae6ba3b3?s=96&d=mm&r=g\",\"contentUrl\":\"https:\\\/\\\/secure.gravatar.com\\\/avatar\\\/a89f802b8de18c6952f223c88d3d106e9e3679839f4e25a02f4a6cc2ae6ba3b3?s=96&d=mm&r=g\",\"caption\":\"Expresso Metropolitano\"},\"url\":\"https:\\\/\\\/expressometro.mx\\\/index.php\\\/author\\\/diego\\\/\"}]}<\/script>\n<!-- \/ Yoast SEO plugin. -->","yoast_head_json":{"title":"INICIO DE OBRA EN VILLA DEL CARB\u00d3N - Expresso Metropolitano","robots":{"index":"index","follow":"follow","max-snippet":"max-snippet:-1","max-image-preview":"max-image-preview:large","max-video-preview":"max-video-preview:-1"},"canonical":"https:\/\/expressometro.mx\/index.php\/2020\/09\/19\/inicio-de-obra-en-villa-del-carbon\/","og_locale":"es_MX","og_type":"article","og_title":"INICIO DE OBRA EN VILLA DEL CARB\u00d3N - Expresso Metropolitano","og_description":"El d\u00eda de hoy se llev\u00f3 a cabo la colocaci\u00f3n de la primera piedra de lo que ser\u00e1 La Unidad de Servicios Educativos en su primera etapa, en la cual estar\u00e1n ubicadas las oficinas de algunas Supervisiones Escolares de diferentes niveles educativos, adem\u00e1s del Centro de Maestros, cabe mencionar que despu\u00e9s de muchos a\u00f1os de no contar con un espacio que cubriera estas necesidades hoy gracias al trabajo del Gobierno Municipal se ha logrado conseguir tanto el terreno y empezar esta construcci\u00f3n en la comunidad de Las Hect\u00e1reas, con una&hellip;","og_url":"https:\/\/expressometro.mx\/index.php\/2020\/09\/19\/inicio-de-obra-en-villa-del-carbon\/","og_site_name":"Expresso Metropolitano","article_published_time":"2020-09-19T19:00:52+00:00","article_modified_time":"2020-09-22T19:04:47+00:00","og_image":[{"width":960,"height":640,"url":"https:\/\/expressometro.mx\/wp-content\/uploads\/2020\/09\/119722209_3306771182744392_8364160157353416360_n.jpg","type":"image\/jpeg"}],"author":"Expresso Metropolitano","twitter_misc":{"Escrito por":"Expresso Metropolitano","Tiempo de lectura":"1 minuto"},"schema":{"@context":"https:\/\/schema.org","@graph":[{"@type":"Article","@id":"https:\/\/expressometro.mx\/index.php\/2020\/09\/19\/inicio-de-obra-en-villa-del-carbon\/#article","isPartOf":{"@id":"https:\/\/expressometro.mx\/index.php\/2020\/09\/19\/inicio-de-obra-en-villa-del-carbon\/"},"author":{"name":"Expresso Metropolitano","@id":"https:\/\/expressometro.mx\/#\/schema\/person\/efa971b4a0664db8ed5c22b1b0dd2f5d"},"headline":"INICIO DE OBRA EN VILLA DEL CARB\u00d3N","datePublished":"2020-09-19T19:00:52+00:00","dateModified":"2020-09-22T19:04:47+00:00","mainEntityOfPage":{"@id":"https:\/\/expressometro.mx\/index.php\/2020\/09\/19\/inicio-de-obra-en-villa-del-carbon\/"},"wordCount":157,"commentCount":0,"publisher":{"@id":"https:\/\/expressometro.mx\/#organization"},"image":{"@id":"https:\/\/expressometro.mx\/index.php\/2020\/09\/19\/inicio-de-obra-en-villa-del-carbon\/#primaryimage"},"thumbnailUrl":"https:\/\/expressometro.mx\/wp-content\/uploads\/2020\/09\/119722209_3306771182744392_8364160157353416360_n.jpg","articleSection":["Otros"],"inLanguage":"es","potentialAction":[{"@type":"CommentAction","name":"Comment","target":["https:\/\/expressometro.mx\/index.php\/2020\/09\/19\/inicio-de-obra-en-villa-del-carbon\/#respond"]}]},{"@type":"WebPage","@id":"https:\/\/expressometro.mx\/index.php\/2020\/09\/19\/inicio-de-obra-en-villa-del-carbon\/","url":"https:\/\/expressometro.mx\/index.php\/2020\/09\/19\/inicio-de-obra-en-villa-del-carbon\/","name":"INICIO DE OBRA EN VILLA DEL CARB\u00d3N - Expresso Metropolitano","isPartOf":{"@id":"https:\/\/expressometro.mx\/#website"},"primaryImageOfPage":{"@id":"https:\/\/expressometro.mx\/index.php\/2020\/09\/19\/inicio-de-obra-en-villa-del-carbon\/#primaryimage"},"image":{"@id":"https:\/\/expressometro.mx\/index.php\/2020\/09\/19\/inicio-de-obra-en-villa-del-carbon\/#primaryimage"},"thumbnailUrl":"https:\/\/expressometro.mx\/wp-content\/uploads\/2020\/09\/119722209_3306771182744392_8364160157353416360_n.jpg","datePublished":"2020-09-19T19:00:52+00:00","dateModified":"2020-09-22T19:04:47+00:00","breadcrumb":{"@id":"https:\/\/expressometro.mx\/index.php\/2020\/09\/19\/inicio-de-obra-en-villa-del-carbon\/#breadcrumb"},"inLanguage":"es","potentialAction":[{"@type":"ReadAction","target":["https:\/\/expressometro.mx\/index.php\/2020\/09\/19\/inicio-de-obra-en-villa-del-carbon\/"]}]},{"@type":"ImageObject","inLanguage":"es","@id":"https:\/\/expressometro.mx\/index.php\/2020\/09\/19\/inicio-de-obra-en-villa-del-carbon\/#primaryimage","url":"https:\/\/expressometro.mx\/wp-content\/uploads\/2020\/09\/119722209_3306771182744392_8364160157353416360_n.jpg","contentUrl":"https:\/\/expressometro.mx\/wp-content\/uploads\/2020\/09\/119722209_3306771182744392_8364160157353416360_n.jpg","width":960,"height":640},{"@type":"BreadcrumbList","@id":"https:\/\/expressometro.mx\/index.php\/2020\/09\/19\/inicio-de-obra-en-villa-del-carbon\/#breadcrumb","itemListElement":[{"@type":"ListItem","position":1,"name":"Inicio","item":"https:\/\/expressometro.mx\/"},{"@type":"ListItem","position":2,"name":"INICIO DE OBRA EN VILLA DEL CARB\u00d3N"}]},{"@type":"WebSite","@id":"https:\/\/expressometro.mx\/#website","url":"https:\/\/expressometro.mx\/","name":"Expresso Metropolitano","description":"Periodismo comprometido, informaci\u00f3n, investigaci\u00f3n y an\u00e1lisis","publisher":{"@id":"https:\/\/expressometro.mx\/#organization"},"potentialAction":[{"@type":"SearchAction","target":{"@type":"EntryPoint","urlTemplate":"https:\/\/expressometro.mx\/?s={search_term_string}"},"query-input":{"@type":"PropertyValueSpecification","valueRequired":true,"valueName":"search_term_string"}}],"inLanguage":"es"},{"@type":"Organization","@id":"https:\/\/expressometro.mx\/#organization","name":"Expresso Metropolitano","url":"https:\/\/expressometro.mx\/","logo":{"@type":"ImageObject","inLanguage":"es","@id":"https:\/\/expressometro.mx\/#\/schema\/logo\/image\/","url":"https:\/\/expressometro.mx\/wp-content\/uploads\/2019\/07\/cropped-Logo-Expresso-Metropolitano-1-1.jpeg","contentUrl":"https:\/\/expressometro.mx\/wp-content\/uploads\/2019\/07\/cropped-Logo-Expresso-Metropolitano-1-1.jpeg","width":290,"height":73,"caption":"Expresso Metropolitano"},"image":{"@id":"https:\/\/expressometro.mx\/#\/schema\/logo\/image\/"}},{"@type":"Person","@id":"https:\/\/expressometro.mx\/#\/schema\/person\/efa971b4a0664db8ed5c22b1b0dd2f5d","name":"Expresso Metropolitano","image":{"@type":"ImageObject","inLanguage":"es","@id":"https:\/\/secure.gravatar.com\/avatar\/a89f802b8de18c6952f223c88d3d106e9e3679839f4e25a02f4a6cc2ae6ba3b3?s=96&d=mm&r=g","url":"https:\/\/secure.gravatar.com\/avatar\/a89f802b8de18c6952f223c88d3d106e9e3679839f4e25a02f4a6cc2ae6ba3b3?s=96&d=mm&r=g","contentUrl":"https:\/\/secure.gravatar.com\/avatar\/a89f802b8de18c6952f223c88d3d106e9e3679839f4e25a02f4a6cc2ae6ba3b3?s=96&d=mm&r=g","caption":"Expresso Metropolitano"},"url":"https:\/\/expressometro.mx\/index.php\/author\/diego\/"}]}},"amp_enabled":true,"_links":{"self":[{"href":"https:\/\/expressometro.mx\/index.php\/wp-json\/wp\/v2\/posts\/1861","targetHints":{"allow":["GET"]}}],"collection":[{"href":"https:\/\/expressometro.mx\/index.php\/wp-json\/wp\/v2\/posts"}],"about":[{"href":"https:\/\/expressometro.mx\/index.php\/wp-json\/wp\/v2\/types\/post"}],"author":[{"embeddable":true,"href":"https:\/\/expressometro.mx\/index.php\/wp-json\/wp\/v2\/users\/1"}],"replies":[{"embeddable":true,"href":"https:\/\/expressometro.mx\/index.php\/wp-json\/wp\/v2\/comments?post=1861"}],"version-history":[{"count":1,"href":"https:\/\/expressometro.mx\/index.php\/wp-json\/wp\/v2\/posts\/1861\/revisions"}],"predecessor-version":[{"id":1863,"href":"https:\/\/expressometro.mx\/index.php\/wp-json\/wp\/v2\/posts\/1861\/revisions\/1863"}],"wp:featuredmedia":[{"embeddable":true,"href":"https:\/\/expressometro.mx\/index.php\/wp-json\/wp\/v2\/media\/1862"}],"wp:attachment":[{"href":"https:\/\/expressometro.mx\/index.php\/wp-json\/wp\/v2\/media?parent=1861"}],"wp:term":[{"taxonomy":"category","embeddable":true,"href":"https:\/\/expressometro.mx\/index.php\/wp-json\/wp\/v2\/categories?post=1861"},{"taxonomy":"post_tag","embeddable":true,"href":"https:\/\/expressometro.mx\/index.php\/wp-json\/wp\/v2\/tags?post=1861"}],"curies":[{"name":"wp","href":"https:\/\/api.w.org\/{rel}","templated":true}]}}