{"id":1858,"date":"2020-09-18T13:29:43","date_gmt":"2020-09-18T18:29:43","guid":{"rendered":"http:\/\/expressometro.mx\/?p=1858"},"modified":"2020-09-22T13:57:48","modified_gmt":"2020-09-22T18:57:48","slug":"lidera-el-congreso-mexiquense-la-transformacion-en-edomex-maurilio-hernandez","status":"publish","type":"post","link":"https:\/\/expressometro.mx\/index.php\/2020\/09\/18\/lidera-el-congreso-mexiquense-la-transformacion-en-edomex-maurilio-hernandez\/","title":{"rendered":"LIDERA EL CONGRESO MEXIQUENSE LA TRANSFORMACI\u00d3N EN EDOMEX: MAURILIO HERN\u00c1NDEZ"},"content":{"rendered":"\n<p>El Congreso lidera la transformaci\u00f3n del Estado de M\u00e9xico con la actualizaci\u00f3n del marco jur\u00eddico y la creaci\u00f3n de una nueva Constituci\u00f3n Pol\u00edtica estatal, subray\u00f3 el diputado Maurilio Hern\u00e1ndez Gonz\u00e1lez, al reconocer el trabajo social y comunitario de la diputada Rosa Mar\u00eda Pineda Campos quien este viernes rindi\u00f3 su segundo informe de labores y relanz\u00f3 los servicios de su oficina distrital en el municipio de Nezahualc\u00f3yotl.<br>\n\u200bDespu\u00e9s de que la legisladora anunci\u00f3 su adhesi\u00f3n al grupo parlamentario de Morena, Maurilio Hern\u00e1ndez reconoci\u00f3 el compromiso de servicio de la legisladora, el cual, indic\u00f3, es necesario para seguir impulsando la Cuarta Transformaci\u00f3n encabezada por el presidente Andr\u00e9s Manuel L\u00f3pez Obrador, que ya est\u00e1 inscrita en la historia de M\u00e9xico como una revoluci\u00f3n de conciencias.<br>\nEn presencia de la senadora Martha Guerrero S\u00e1nchez, el coordinador parlamentario de Morena dijo que se vive una nueva era legislativa, en la que el Congreso se ha planteado expedir una nueva Constituci\u00f3n Pol\u00edtica para lo que ya aprob\u00f3 crear un secretariado t\u00e9cnico que dirija esa tarea.  <br>\nEn su momento, Rosa Mar\u00eda Pineda, representante del distrito 41 de Nezahualc\u00f3yotl, explic\u00f3 que su decisi\u00f3n de sumarse a la bancada morenista se debi\u00f3 a las coincidencias que tienen y al inter\u00e9s de impulsar el cambio, porque el ejercicio del poder es una oportunidad de garantizar libertad, justicia e igualdad, as\u00ed como el ejercicio de los derechos y la responsabilidad de actuar contra la corrupci\u00f3n e injusticia.<br>\nDe su trabajo legislativo del segundo a\u00f1o de gesti\u00f3n destac\u00f3 la presentaci\u00f3n de la iniciativa para de reforma al C\u00f3digo de Procedimientos Civiles del Estado de M\u00e9xico a fin de reconocer el valor cient\u00edfico del dictamen pericial en los sistemas procesales, e inform\u00f3 sobre sus aportaciones en las sesiones de comisiones y del Pleno legislativo, primordialmente en el fortalecimiento de los derechos de las mujeres y en contra de la violencia de g\u00e9nero.<br>\nDe su trabajo social dijo que, en apoyo al personal m\u00e9dico en la lucha contra el covid-19, contribuy\u00f3 a la fabricaci\u00f3n de 25 mil cubrebocas y 10 mil caretas que entreg\u00f3 en hospitales como La Perla, Gustavo Baz y 90 camas del municipio de Chimalhuac\u00e1n, sin olvidar a la polic\u00eda municipal de Neza, adem\u00e1s de entregar 5 mil kits de limpieza.<br>\nSubray\u00f3 tambi\u00e9n la apertura de 10 casas de enlace en Nezahualc\u00f3yotl para atender la violencia en contra de las mujeres, y la capacitaci\u00f3n en materia financiera y uso de herramientas digitales para 210 comercios locales a fin de contribuir a la reactivaci\u00f3n econ\u00f3mica, adem\u00e1s de ayudar a 323 j\u00f3venes a concluir sus estudios en educaci\u00f3n media superior y llevar jornadas m\u00e9dicas a 50 puntos del municipio.<br>\nAntes de iniciar el informe de labores, los asistentes guardaron un minuto de silencio en honor de las v\u00edctimas del nuevo coronavirus y rindieron un minuto de aplausos al personal del sector salud por su acci\u00f3n firme frente a la pandemia.<br>\nAcudieron al informe, las diputadas Ana\u00eds Burgos Hern\u00e1ndez, X\u00f3chitl Flores Jim\u00e9nez y Nancy N\u00e1poles Pacheco, y los diputados Valent\u00edn Gonz\u00e1lez Bautista, Gerardo Ulloa P\u00e9rez, Jorge Garc\u00eda S\u00e1nchez, Emiliano Aguirre Cruz y Nazario Guti\u00e9rrez Mart\u00ednez, as\u00ed como l\u00edderes sociales y representantes de comerciantes y empresarios del municipio.<\/p>\n","protected":false},"excerpt":{"rendered":"<p>El Congreso lidera la transformaci\u00f3n del Estado de M\u00e9xico con la actualizaci\u00f3n del marco jur\u00eddico y la creaci\u00f3n de una nueva Constituci\u00f3n Pol\u00edtica estatal, subray\u00f3 el diputado Maurilio Hern\u00e1ndez Gonz\u00e1lez, al reconocer el trabajo social y comunitario de la diputada Rosa Mar\u00eda Pineda Campos quien este viernes rindi\u00f3 su segundo informe de labores y relanz\u00f3 los servicios de su oficina distrital en el municipio de Nezahualc\u00f3yotl. \u200bDespu\u00e9s de que la legisladora anunci\u00f3 su adhesi\u00f3n al grupo parlamentario de Morena, Maurilio Hern\u00e1ndez reconoci\u00f3 el compromiso de servicio de la legisladora, el&hellip;<\/p>\n","protected":false},"author":1,"featured_media":1859,"comment_status":"open","ping_status":"open","sticky":false,"template":"","format":"standard","meta":{"footnotes":""},"categories":[1],"tags":[],"class_list":["post-1858","post","type-post","status-publish","format-standard","has-post-thumbnail","hentry","category-otros"],"yoast_head":"<!-- This site is optimized with the Yoast SEO plugin v27.5 - https:\/\/yoast.com\/product\/yoast-seo-wordpress\/ -->\n<title>LIDERA EL CONGRESO MEXIQUENSE LA TRANSFORMACI\u00d3N EN EDOMEX: MAURILIO HERN\u00c1NDEZ - Expresso Metropolitano<\/title>\n<meta name=\"robots\" content=\"index, follow, max-snippet:-1, max-image-preview:large, max-video-preview:-1\" \/>\n<link rel=\"canonical\" href=\"https:\/\/expressometro.mx\/index.php\/2020\/09\/18\/lidera-el-congreso-mexiquense-la-transformacion-en-edomex-maurilio-hernandez\/\" \/>\n<meta property=\"og:locale\" content=\"es_MX\" \/>\n<meta property=\"og:type\" content=\"article\" \/>\n<meta property=\"og:title\" content=\"LIDERA EL CONGRESO MEXIQUENSE LA TRANSFORMACI\u00d3N EN EDOMEX: MAURILIO HERN\u00c1NDEZ - Expresso Metropolitano\" \/>\n<meta property=\"og:description\" content=\"El Congreso lidera la transformaci\u00f3n del Estado de M\u00e9xico con la actualizaci\u00f3n del marco jur\u00eddico y la creaci\u00f3n de una nueva Constituci\u00f3n Pol\u00edtica estatal, subray\u00f3 el diputado Maurilio Hern\u00e1ndez Gonz\u00e1lez, al reconocer el trabajo social y comunitario de la diputada Rosa Mar\u00eda Pineda Campos quien este viernes rindi\u00f3 su segundo informe de labores y relanz\u00f3 los servicios de su oficina distrital en el municipio de Nezahualc\u00f3yotl. \u200bDespu\u00e9s de que la legisladora anunci\u00f3 su adhesi\u00f3n al grupo parlamentario de Morena, Maurilio Hern\u00e1ndez reconoci\u00f3 el compromiso de servicio de la legisladora, el&hellip;\" \/>\n<meta property=\"og:url\" content=\"https:\/\/expressometro.mx\/index.php\/2020\/09\/18\/lidera-el-congreso-mexiquense-la-transformacion-en-edomex-maurilio-hernandez\/\" \/>\n<meta property=\"og:site_name\" content=\"Expresso Metropolitano\" \/>\n<meta property=\"article:published_time\" content=\"2020-09-18T18:29:43+00:00\" \/>\n<meta property=\"article:modified_time\" content=\"2020-09-22T18:57:48+00:00\" \/>\n<meta property=\"og:image\" content=\"https:\/\/expressometro.mx\/wp-content\/uploads\/2020\/09\/WhatsApp-Image-2020-09-18-at-18.09.44.jpeg\" \/>\n\t<meta property=\"og:image:width\" content=\"1024\" \/>\n\t<meta property=\"og:image:height\" content=\"683\" \/>\n\t<meta property=\"og:image:type\" content=\"image\/jpeg\" \/>\n<meta name=\"author\" content=\"Expresso Metropolitano\" \/>\n<meta name=\"twitter:label1\" content=\"Escrito por\" \/>\n\t<meta name=\"twitter:data1\" content=\"Expresso Metropolitano\" \/>\n\t<meta name=\"twitter:label2\" content=\"Tiempo de lectura\" \/>\n\t<meta name=\"twitter:data2\" content=\"3 minutos\" \/>\n<script type=\"application\/ld+json\" class=\"yoast-schema-graph\">{\"@context\":\"https:\\\/\\\/schema.org\",\"@graph\":[{\"@type\":\"Article\",\"@id\":\"https:\\\/\\\/expressometro.mx\\\/index.php\\\/2020\\\/09\\\/18\\\/lidera-el-congreso-mexiquense-la-transformacion-en-edomex-maurilio-hernandez\\\/#article\",\"isPartOf\":{\"@id\":\"https:\\\/\\\/expressometro.mx\\\/index.php\\\/2020\\\/09\\\/18\\\/lidera-el-congreso-mexiquense-la-transformacion-en-edomex-maurilio-hernandez\\\/\"},\"author\":{\"name\":\"Expresso Metropolitano\",\"@id\":\"https:\\\/\\\/expressometro.mx\\\/#\\\/schema\\\/person\\\/efa971b4a0664db8ed5c22b1b0dd2f5d\"},\"headline\":\"LIDERA EL CONGRESO MEXIQUENSE LA TRANSFORMACI\u00d3N EN EDOMEX: MAURILIO HERN\u00c1NDEZ\",\"datePublished\":\"2020-09-18T18:29:43+00:00\",\"dateModified\":\"2020-09-22T18:57:48+00:00\",\"mainEntityOfPage\":{\"@id\":\"https:\\\/\\\/expressometro.mx\\\/index.php\\\/2020\\\/09\\\/18\\\/lidera-el-congreso-mexiquense-la-transformacion-en-edomex-maurilio-hernandez\\\/\"},\"wordCount\":590,\"commentCount\":0,\"publisher\":{\"@id\":\"https:\\\/\\\/expressometro.mx\\\/#organization\"},\"image\":{\"@id\":\"https:\\\/\\\/expressometro.mx\\\/index.php\\\/2020\\\/09\\\/18\\\/lidera-el-congreso-mexiquense-la-transformacion-en-edomex-maurilio-hernandez\\\/#primaryimage\"},\"thumbnailUrl\":\"https:\\\/\\\/expressometro.mx\\\/wp-content\\\/uploads\\\/2020\\\/09\\\/WhatsApp-Image-2020-09-18-at-18.09.44.jpeg\",\"articleSection\":[\"Otros\"],\"inLanguage\":\"es\",\"potentialAction\":[{\"@type\":\"CommentAction\",\"name\":\"Comment\",\"target\":[\"https:\\\/\\\/expressometro.mx\\\/index.php\\\/2020\\\/09\\\/18\\\/lidera-el-congreso-mexiquense-la-transformacion-en-edomex-maurilio-hernandez\\\/#respond\"]}]},{\"@type\":\"WebPage\",\"@id\":\"https:\\\/\\\/expressometro.mx\\\/index.php\\\/2020\\\/09\\\/18\\\/lidera-el-congreso-mexiquense-la-transformacion-en-edomex-maurilio-hernandez\\\/\",\"url\":\"https:\\\/\\\/expressometro.mx\\\/index.php\\\/2020\\\/09\\\/18\\\/lidera-el-congreso-mexiquense-la-transformacion-en-edomex-maurilio-hernandez\\\/\",\"name\":\"LIDERA EL CONGRESO MEXIQUENSE LA TRANSFORMACI\u00d3N EN EDOMEX: MAURILIO HERN\u00c1NDEZ - Expresso Metropolitano\",\"isPartOf\":{\"@id\":\"https:\\\/\\\/expressometro.mx\\\/#website\"},\"primaryImageOfPage\":{\"@id\":\"https:\\\/\\\/expressometro.mx\\\/index.php\\\/2020\\\/09\\\/18\\\/lidera-el-congreso-mexiquense-la-transformacion-en-edomex-maurilio-hernandez\\\/#primaryimage\"},\"image\":{\"@id\":\"https:\\\/\\\/expressometro.mx\\\/index.php\\\/2020\\\/09\\\/18\\\/lidera-el-congreso-mexiquense-la-transformacion-en-edomex-maurilio-hernandez\\\/#primaryimage\"},\"thumbnailUrl\":\"https:\\\/\\\/expressometro.mx\\\/wp-content\\\/uploads\\\/2020\\\/09\\\/WhatsApp-Image-2020-09-18-at-18.09.44.jpeg\",\"datePublished\":\"2020-09-18T18:29:43+00:00\",\"dateModified\":\"2020-09-22T18:57:48+00:00\",\"breadcrumb\":{\"@id\":\"https:\\\/\\\/expressometro.mx\\\/index.php\\\/2020\\\/09\\\/18\\\/lidera-el-congreso-mexiquense-la-transformacion-en-edomex-maurilio-hernandez\\\/#breadcrumb\"},\"inLanguage\":\"es\",\"potentialAction\":[{\"@type\":\"ReadAction\",\"target\":[\"https:\\\/\\\/expressometro.mx\\\/index.php\\\/2020\\\/09\\\/18\\\/lidera-el-congreso-mexiquense-la-transformacion-en-edomex-maurilio-hernandez\\\/\"]}]},{\"@type\":\"ImageObject\",\"inLanguage\":\"es\",\"@id\":\"https:\\\/\\\/expressometro.mx\\\/index.php\\\/2020\\\/09\\\/18\\\/lidera-el-congreso-mexiquense-la-transformacion-en-edomex-maurilio-hernandez\\\/#primaryimage\",\"url\":\"https:\\\/\\\/expressometro.mx\\\/wp-content\\\/uploads\\\/2020\\\/09\\\/WhatsApp-Image-2020-09-18-at-18.09.44.jpeg\",\"contentUrl\":\"https:\\\/\\\/expressometro.mx\\\/wp-content\\\/uploads\\\/2020\\\/09\\\/WhatsApp-Image-2020-09-18-at-18.09.44.jpeg\",\"width\":1024,\"height\":683},{\"@type\":\"BreadcrumbList\",\"@id\":\"https:\\\/\\\/expressometro.mx\\\/index.php\\\/2020\\\/09\\\/18\\\/lidera-el-congreso-mexiquense-la-transformacion-en-edomex-maurilio-hernandez\\\/#breadcrumb\",\"itemListElement\":[{\"@type\":\"ListItem\",\"position\":1,\"name\":\"Inicio\",\"item\":\"https:\\\/\\\/expressometro.mx\\\/\"},{\"@type\":\"ListItem\",\"position\":2,\"name\":\"LIDERA EL CONGRESO MEXIQUENSE LA TRANSFORMACI\u00d3N EN EDOMEX: MAURILIO HERN\u00c1NDEZ\"}]},{\"@type\":\"WebSite\",\"@id\":\"https:\\\/\\\/expressometro.mx\\\/#website\",\"url\":\"https:\\\/\\\/expressometro.mx\\\/\",\"name\":\"Expresso Metropolitano\",\"description\":\"Periodismo comprometido, informaci\u00f3n, investigaci\u00f3n y an\u00e1lisis\",\"publisher\":{\"@id\":\"https:\\\/\\\/expressometro.mx\\\/#organization\"},\"potentialAction\":[{\"@type\":\"SearchAction\",\"target\":{\"@type\":\"EntryPoint\",\"urlTemplate\":\"https:\\\/\\\/expressometro.mx\\\/?s={search_term_string}\"},\"query-input\":{\"@type\":\"PropertyValueSpecification\",\"valueRequired\":true,\"valueName\":\"search_term_string\"}}],\"inLanguage\":\"es\"},{\"@type\":\"Organization\",\"@id\":\"https:\\\/\\\/expressometro.mx\\\/#organization\",\"name\":\"Expresso Metropolitano\",\"url\":\"https:\\\/\\\/expressometro.mx\\\/\",\"logo\":{\"@type\":\"ImageObject\",\"inLanguage\":\"es\",\"@id\":\"https:\\\/\\\/expressometro.mx\\\/#\\\/schema\\\/logo\\\/image\\\/\",\"url\":\"https:\\\/\\\/expressometro.mx\\\/wp-content\\\/uploads\\\/2019\\\/07\\\/cropped-Logo-Expresso-Metropolitano-1-1.jpeg\",\"contentUrl\":\"https:\\\/\\\/expressometro.mx\\\/wp-content\\\/uploads\\\/2019\\\/07\\\/cropped-Logo-Expresso-Metropolitano-1-1.jpeg\",\"width\":290,\"height\":73,\"caption\":\"Expresso Metropolitano\"},\"image\":{\"@id\":\"https:\\\/\\\/expressometro.mx\\\/#\\\/schema\\\/logo\\\/image\\\/\"}},{\"@type\":\"Person\",\"@id\":\"https:\\\/\\\/expressometro.mx\\\/#\\\/schema\\\/person\\\/efa971b4a0664db8ed5c22b1b0dd2f5d\",\"name\":\"Expresso Metropolitano\",\"image\":{\"@type\":\"ImageObject\",\"inLanguage\":\"es\",\"@id\":\"https:\\\/\\\/secure.gravatar.com\\\/avatar\\\/a89f802b8de18c6952f223c88d3d106e9e3679839f4e25a02f4a6cc2ae6ba3b3?s=96&d=mm&r=g\",\"url\":\"https:\\\/\\\/secure.gravatar.com\\\/avatar\\\/a89f802b8de18c6952f223c88d3d106e9e3679839f4e25a02f4a6cc2ae6ba3b3?s=96&d=mm&r=g\",\"contentUrl\":\"https:\\\/\\\/secure.gravatar.com\\\/avatar\\\/a89f802b8de18c6952f223c88d3d106e9e3679839f4e25a02f4a6cc2ae6ba3b3?s=96&d=mm&r=g\",\"caption\":\"Expresso Metropolitano\"},\"url\":\"https:\\\/\\\/expressometro.mx\\\/index.php\\\/author\\\/diego\\\/\"}]}<\/script>\n<!-- \/ Yoast SEO plugin. -->","yoast_head_json":{"title":"LIDERA EL CONGRESO MEXIQUENSE LA TRANSFORMACI\u00d3N EN EDOMEX: MAURILIO HERN\u00c1NDEZ - Expresso Metropolitano","robots":{"index":"index","follow":"follow","max-snippet":"max-snippet:-1","max-image-preview":"max-image-preview:large","max-video-preview":"max-video-preview:-1"},"canonical":"https:\/\/expressometro.mx\/index.php\/2020\/09\/18\/lidera-el-congreso-mexiquense-la-transformacion-en-edomex-maurilio-hernandez\/","og_locale":"es_MX","og_type":"article","og_title":"LIDERA EL CONGRESO MEXIQUENSE LA TRANSFORMACI\u00d3N EN EDOMEX: MAURILIO HERN\u00c1NDEZ - Expresso Metropolitano","og_description":"El Congreso lidera la transformaci\u00f3n del Estado de M\u00e9xico con la actualizaci\u00f3n del marco jur\u00eddico y la creaci\u00f3n de una nueva Constituci\u00f3n Pol\u00edtica estatal, subray\u00f3 el diputado Maurilio Hern\u00e1ndez Gonz\u00e1lez, al reconocer el trabajo social y comunitario de la diputada Rosa Mar\u00eda Pineda Campos quien este viernes rindi\u00f3 su segundo informe de labores y relanz\u00f3 los servicios de su oficina distrital en el municipio de Nezahualc\u00f3yotl. \u200bDespu\u00e9s de que la legisladora anunci\u00f3 su adhesi\u00f3n al grupo parlamentario de Morena, Maurilio Hern\u00e1ndez reconoci\u00f3 el compromiso de servicio de la legisladora, el&hellip;","og_url":"https:\/\/expressometro.mx\/index.php\/2020\/09\/18\/lidera-el-congreso-mexiquense-la-transformacion-en-edomex-maurilio-hernandez\/","og_site_name":"Expresso Metropolitano","article_published_time":"2020-09-18T18:29:43+00:00","article_modified_time":"2020-09-22T18:57:48+00:00","og_image":[{"width":1024,"height":683,"url":"https:\/\/expressometro.mx\/wp-content\/uploads\/2020\/09\/WhatsApp-Image-2020-09-18-at-18.09.44.jpeg","type":"image\/jpeg"}],"author":"Expresso Metropolitano","twitter_misc":{"Escrito por":"Expresso Metropolitano","Tiempo de lectura":"3 minutos"},"schema":{"@context":"https:\/\/schema.org","@graph":[{"@type":"Article","@id":"https:\/\/expressometro.mx\/index.php\/2020\/09\/18\/lidera-el-congreso-mexiquense-la-transformacion-en-edomex-maurilio-hernandez\/#article","isPartOf":{"@id":"https:\/\/expressometro.mx\/index.php\/2020\/09\/18\/lidera-el-congreso-mexiquense-la-transformacion-en-edomex-maurilio-hernandez\/"},"author":{"name":"Expresso Metropolitano","@id":"https:\/\/expressometro.mx\/#\/schema\/person\/efa971b4a0664db8ed5c22b1b0dd2f5d"},"headline":"LIDERA EL CONGRESO MEXIQUENSE LA TRANSFORMACI\u00d3N EN EDOMEX: MAURILIO HERN\u00c1NDEZ","datePublished":"2020-09-18T18:29:43+00:00","dateModified":"2020-09-22T18:57:48+00:00","mainEntityOfPage":{"@id":"https:\/\/expressometro.mx\/index.php\/2020\/09\/18\/lidera-el-congreso-mexiquense-la-transformacion-en-edomex-maurilio-hernandez\/"},"wordCount":590,"commentCount":0,"publisher":{"@id":"https:\/\/expressometro.mx\/#organization"},"image":{"@id":"https:\/\/expressometro.mx\/index.php\/2020\/09\/18\/lidera-el-congreso-mexiquense-la-transformacion-en-edomex-maurilio-hernandez\/#primaryimage"},"thumbnailUrl":"https:\/\/expressometro.mx\/wp-content\/uploads\/2020\/09\/WhatsApp-Image-2020-09-18-at-18.09.44.jpeg","articleSection":["Otros"],"inLanguage":"es","potentialAction":[{"@type":"CommentAction","name":"Comment","target":["https:\/\/expressometro.mx\/index.php\/2020\/09\/18\/lidera-el-congreso-mexiquense-la-transformacion-en-edomex-maurilio-hernandez\/#respond"]}]},{"@type":"WebPage","@id":"https:\/\/expressometro.mx\/index.php\/2020\/09\/18\/lidera-el-congreso-mexiquense-la-transformacion-en-edomex-maurilio-hernandez\/","url":"https:\/\/expressometro.mx\/index.php\/2020\/09\/18\/lidera-el-congreso-mexiquense-la-transformacion-en-edomex-maurilio-hernandez\/","name":"LIDERA EL CONGRESO MEXIQUENSE LA TRANSFORMACI\u00d3N EN EDOMEX: MAURILIO HERN\u00c1NDEZ - Expresso Metropolitano","isPartOf":{"@id":"https:\/\/expressometro.mx\/#website"},"primaryImageOfPage":{"@id":"https:\/\/expressometro.mx\/index.php\/2020\/09\/18\/lidera-el-congreso-mexiquense-la-transformacion-en-edomex-maurilio-hernandez\/#primaryimage"},"image":{"@id":"https:\/\/expressometro.mx\/index.php\/2020\/09\/18\/lidera-el-congreso-mexiquense-la-transformacion-en-edomex-maurilio-hernandez\/#primaryimage"},"thumbnailUrl":"https:\/\/expressometro.mx\/wp-content\/uploads\/2020\/09\/WhatsApp-Image-2020-09-18-at-18.09.44.jpeg","datePublished":"2020-09-18T18:29:43+00:00","dateModified":"2020-09-22T18:57:48+00:00","breadcrumb":{"@id":"https:\/\/expressometro.mx\/index.php\/2020\/09\/18\/lidera-el-congreso-mexiquense-la-transformacion-en-edomex-maurilio-hernandez\/#breadcrumb"},"inLanguage":"es","potentialAction":[{"@type":"ReadAction","target":["https:\/\/expressometro.mx\/index.php\/2020\/09\/18\/lidera-el-congreso-mexiquense-la-transformacion-en-edomex-maurilio-hernandez\/"]}]},{"@type":"ImageObject","inLanguage":"es","@id":"https:\/\/expressometro.mx\/index.php\/2020\/09\/18\/lidera-el-congreso-mexiquense-la-transformacion-en-edomex-maurilio-hernandez\/#primaryimage","url":"https:\/\/expressometro.mx\/wp-content\/uploads\/2020\/09\/WhatsApp-Image-2020-09-18-at-18.09.44.jpeg","contentUrl":"https:\/\/expressometro.mx\/wp-content\/uploads\/2020\/09\/WhatsApp-Image-2020-09-18-at-18.09.44.jpeg","width":1024,"height":683},{"@type":"BreadcrumbList","@id":"https:\/\/expressometro.mx\/index.php\/2020\/09\/18\/lidera-el-congreso-mexiquense-la-transformacion-en-edomex-maurilio-hernandez\/#breadcrumb","itemListElement":[{"@type":"ListItem","position":1,"name":"Inicio","item":"https:\/\/expressometro.mx\/"},{"@type":"ListItem","position":2,"name":"LIDERA EL CONGRESO MEXIQUENSE LA TRANSFORMACI\u00d3N EN EDOMEX: MAURILIO HERN\u00c1NDEZ"}]},{"@type":"WebSite","@id":"https:\/\/expressometro.mx\/#website","url":"https:\/\/expressometro.mx\/","name":"Expresso Metropolitano","description":"Periodismo comprometido, informaci\u00f3n, investigaci\u00f3n y an\u00e1lisis","publisher":{"@id":"https:\/\/expressometro.mx\/#organization"},"potentialAction":[{"@type":"SearchAction","target":{"@type":"EntryPoint","urlTemplate":"https:\/\/expressometro.mx\/?s={search_term_string}"},"query-input":{"@type":"PropertyValueSpecification","valueRequired":true,"valueName":"search_term_string"}}],"inLanguage":"es"},{"@type":"Organization","@id":"https:\/\/expressometro.mx\/#organization","name":"Expresso Metropolitano","url":"https:\/\/expressometro.mx\/","logo":{"@type":"ImageObject","inLanguage":"es","@id":"https:\/\/expressometro.mx\/#\/schema\/logo\/image\/","url":"https:\/\/expressometro.mx\/wp-content\/uploads\/2019\/07\/cropped-Logo-Expresso-Metropolitano-1-1.jpeg","contentUrl":"https:\/\/expressometro.mx\/wp-content\/uploads\/2019\/07\/cropped-Logo-Expresso-Metropolitano-1-1.jpeg","width":290,"height":73,"caption":"Expresso Metropolitano"},"image":{"@id":"https:\/\/expressometro.mx\/#\/schema\/logo\/image\/"}},{"@type":"Person","@id":"https:\/\/expressometro.mx\/#\/schema\/person\/efa971b4a0664db8ed5c22b1b0dd2f5d","name":"Expresso Metropolitano","image":{"@type":"ImageObject","inLanguage":"es","@id":"https:\/\/secure.gravatar.com\/avatar\/a89f802b8de18c6952f223c88d3d106e9e3679839f4e25a02f4a6cc2ae6ba3b3?s=96&d=mm&r=g","url":"https:\/\/secure.gravatar.com\/avatar\/a89f802b8de18c6952f223c88d3d106e9e3679839f4e25a02f4a6cc2ae6ba3b3?s=96&d=mm&r=g","contentUrl":"https:\/\/secure.gravatar.com\/avatar\/a89f802b8de18c6952f223c88d3d106e9e3679839f4e25a02f4a6cc2ae6ba3b3?s=96&d=mm&r=g","caption":"Expresso Metropolitano"},"url":"https:\/\/expressometro.mx\/index.php\/author\/diego\/"}]}},"amp_enabled":true,"_links":{"self":[{"href":"https:\/\/expressometro.mx\/index.php\/wp-json\/wp\/v2\/posts\/1858","targetHints":{"allow":["GET"]}}],"collection":[{"href":"https:\/\/expressometro.mx\/index.php\/wp-json\/wp\/v2\/posts"}],"about":[{"href":"https:\/\/expressometro.mx\/index.php\/wp-json\/wp\/v2\/types\/post"}],"author":[{"embeddable":true,"href":"https:\/\/expressometro.mx\/index.php\/wp-json\/wp\/v2\/users\/1"}],"replies":[{"embeddable":true,"href":"https:\/\/expressometro.mx\/index.php\/wp-json\/wp\/v2\/comments?post=1858"}],"version-history":[{"count":1,"href":"https:\/\/expressometro.mx\/index.php\/wp-json\/wp\/v2\/posts\/1858\/revisions"}],"predecessor-version":[{"id":1860,"href":"https:\/\/expressometro.mx\/index.php\/wp-json\/wp\/v2\/posts\/1858\/revisions\/1860"}],"wp:featuredmedia":[{"embeddable":true,"href":"https:\/\/expressometro.mx\/index.php\/wp-json\/wp\/v2\/media\/1859"}],"wp:attachment":[{"href":"https:\/\/expressometro.mx\/index.php\/wp-json\/wp\/v2\/media?parent=1858"}],"wp:term":[{"taxonomy":"category","embeddable":true,"href":"https:\/\/expressometro.mx\/index.php\/wp-json\/wp\/v2\/categories?post=1858"},{"taxonomy":"post_tag","embeddable":true,"href":"https:\/\/expressometro.mx\/index.php\/wp-json\/wp\/v2\/tags?post=1858"}],"curies":[{"name":"wp","href":"https:\/\/api.w.org\/{rel}","templated":true}]}}