{"id":1848,"date":"2020-09-17T21:35:06","date_gmt":"2020-09-18T02:35:06","guid":{"rendered":"http:\/\/expressometro.mx\/?p=1848"},"modified":"2020-09-17T21:35:07","modified_gmt":"2020-09-18T02:35:07","slug":"solicita-el-congreso-mexiquense-a-la-codhem-y-la-fgjem-a-que-informen-sobre-desalojo-violento-de-activistas-en-ecatepec","status":"publish","type":"post","link":"https:\/\/expressometro.mx\/index.php\/2020\/09\/17\/solicita-el-congreso-mexiquense-a-la-codhem-y-la-fgjem-a-que-informen-sobre-desalojo-violento-de-activistas-en-ecatepec\/","title":{"rendered":"SOLICITA EL CONGRESO MEXIQUENSE A LA CODHEM Y LA FGJEM A QUE INFORMEN  SOBRE DESALOJO VIOLENTO DE ACTIVISTAS EN ECATEPEC"},"content":{"rendered":"\n<p>Por unanimidad, la LX Legislatura mexiquense exhort\u00f3 a los titulares de la Comisi\u00f3n de Derechos Humanos del Estado de M\u00e9xico (Codhem), Jorge Olvera Garc\u00eda, y de la Fiscal\u00eda General de Justicia (FGJEM), Alejandro G\u00f3mez S\u00e1nchez, a que informen a la brevedad sobre el desalojo violento de mujeres activistas que se manifestaron y ocuparon la Visitadur\u00eda General de Ecatepec, la semana pasada.<br>\nDe igual forma, llam\u00f3 a la FGJEM, a la Codhem y a la Secretar\u00eda de Seguridad a que informen respecto a su responsabilidad en el desalojo y que se investigue a los funcionarios que ordenaron la represi\u00f3n y abuso contra las mujeres que luchan contra la violencia de g\u00e9nero y los feminicidios.<br>\nCon el aval de todos los grupos parlamentarios, el Pleno legislativo aprob\u00f3 la propuesta de la Comisi\u00f3n Legislativa de Derechos Humanos. <\/p>\n\n\n\n<p>El pasado 10 de septiembre mujeres activistas tomaron de manera pac\u00edfica las oficinas de la Codhem ubicadas en Ecatepec, al igual que ha sucedido en las oficinas de la Comisi\u00f3n Nacional de Derechos Humanos en la Ciudad de M\u00e9xico, Michoac\u00e1n, Veracruz, Aguascalientes y Puebla.<br>\nEl saldo fue de trece personas presentadas ante el Ministerio P\u00fablico por su probable participaci\u00f3n en el delito de ocupaci\u00f3n ilegal de un inmueble destinado al servicio p\u00fablico, quienes, posteriormente, fueron puestas en libertad. <\/p>\n\n\n\n<p>En el mismo sentido, el diputado Armando Bautista G\u00f3mez (PT) resalt\u00f3 que se escribe una p\u00e1gina negra m\u00e1s de violencia contra las y los mexiquenses, como ya sucedi\u00f3 con los casos de Tlatlaya y Atenco, por lo que propuso otro punto de acuerdo, tambi\u00e9n avalado por el Pleno, por el que se pide al gobernador Alfredo del Mazo Maza reforzar las acciones de protecci\u00f3n de los derechos humanos de las mujeres.<\/p>\n","protected":false},"excerpt":{"rendered":"<p>Por unanimidad, la LX Legislatura mexiquense exhort\u00f3 a los titulares de la Comisi\u00f3n de Derechos Humanos del Estado de M\u00e9xico (Codhem), Jorge Olvera Garc\u00eda, y de la Fiscal\u00eda General de Justicia (FGJEM), Alejandro G\u00f3mez S\u00e1nchez, a que informen a la brevedad sobre el desalojo violento de mujeres activistas que se manifestaron y ocuparon la Visitadur\u00eda General de Ecatepec, la semana pasada. De igual forma, llam\u00f3 a la FGJEM, a la Codhem y a la Secretar\u00eda de Seguridad a que informen respecto a su responsabilidad en el desalojo y que se&hellip;<\/p>\n","protected":false},"author":1,"featured_media":1849,"comment_status":"open","ping_status":"open","sticky":false,"template":"","format":"standard","meta":{"footnotes":""},"categories":[1],"tags":[],"class_list":["post-1848","post","type-post","status-publish","format-standard","has-post-thumbnail","hentry","category-otros"],"yoast_head":"<!-- This site is optimized with the Yoast SEO plugin v27.5 - https:\/\/yoast.com\/product\/yoast-seo-wordpress\/ -->\n<title>SOLICITA EL CONGRESO MEXIQUENSE A LA CODHEM Y LA FGJEM A QUE INFORMEN SOBRE DESALOJO VIOLENTO DE ACTIVISTAS EN ECATEPEC - Expresso Metropolitano<\/title>\n<meta name=\"robots\" content=\"index, follow, max-snippet:-1, max-image-preview:large, max-video-preview:-1\" \/>\n<link rel=\"canonical\" href=\"https:\/\/expressometro.mx\/index.php\/2020\/09\/17\/solicita-el-congreso-mexiquense-a-la-codhem-y-la-fgjem-a-que-informen-sobre-desalojo-violento-de-activistas-en-ecatepec\/\" \/>\n<meta property=\"og:locale\" content=\"es_MX\" \/>\n<meta property=\"og:type\" content=\"article\" \/>\n<meta property=\"og:title\" content=\"SOLICITA EL CONGRESO MEXIQUENSE A LA CODHEM Y LA FGJEM A QUE INFORMEN SOBRE DESALOJO VIOLENTO DE ACTIVISTAS EN ECATEPEC - Expresso Metropolitano\" \/>\n<meta property=\"og:description\" content=\"Por unanimidad, la LX Legislatura mexiquense exhort\u00f3 a los titulares de la Comisi\u00f3n de Derechos Humanos del Estado de M\u00e9xico (Codhem), Jorge Olvera Garc\u00eda, y de la Fiscal\u00eda General de Justicia (FGJEM), Alejandro G\u00f3mez S\u00e1nchez, a que informen a la brevedad sobre el desalojo violento de mujeres activistas que se manifestaron y ocuparon la Visitadur\u00eda General de Ecatepec, la semana pasada. De igual forma, llam\u00f3 a la FGJEM, a la Codhem y a la Secretar\u00eda de Seguridad a que informen respecto a su responsabilidad en el desalojo y que se&hellip;\" \/>\n<meta property=\"og:url\" content=\"https:\/\/expressometro.mx\/index.php\/2020\/09\/17\/solicita-el-congreso-mexiquense-a-la-codhem-y-la-fgjem-a-que-informen-sobre-desalojo-violento-de-activistas-en-ecatepec\/\" \/>\n<meta property=\"og:site_name\" content=\"Expresso Metropolitano\" \/>\n<meta property=\"article:published_time\" content=\"2020-09-18T02:35:06+00:00\" \/>\n<meta property=\"article:modified_time\" content=\"2020-09-18T02:35:07+00:00\" \/>\n<meta property=\"og:image\" content=\"https:\/\/expressometro.mx\/wp-content\/uploads\/2020\/09\/07C65DC8-F115-4936-8038-776791146995.jpeg\" \/>\n\t<meta property=\"og:image:width\" content=\"1024\" \/>\n\t<meta property=\"og:image:height\" content=\"683\" \/>\n\t<meta property=\"og:image:type\" content=\"image\/jpeg\" \/>\n<meta name=\"author\" content=\"Expresso Metropolitano\" \/>\n<meta name=\"twitter:label1\" content=\"Escrito por\" \/>\n\t<meta name=\"twitter:data1\" content=\"Expresso Metropolitano\" \/>\n\t<meta name=\"twitter:label2\" content=\"Tiempo de lectura\" \/>\n\t<meta name=\"twitter:data2\" content=\"2 minutos\" \/>\n<script type=\"application\/ld+json\" class=\"yoast-schema-graph\">{\"@context\":\"https:\\\/\\\/schema.org\",\"@graph\":[{\"@type\":\"Article\",\"@id\":\"https:\\\/\\\/expressometro.mx\\\/index.php\\\/2020\\\/09\\\/17\\\/solicita-el-congreso-mexiquense-a-la-codhem-y-la-fgjem-a-que-informen-sobre-desalojo-violento-de-activistas-en-ecatepec\\\/#article\",\"isPartOf\":{\"@id\":\"https:\\\/\\\/expressometro.mx\\\/index.php\\\/2020\\\/09\\\/17\\\/solicita-el-congreso-mexiquense-a-la-codhem-y-la-fgjem-a-que-informen-sobre-desalojo-violento-de-activistas-en-ecatepec\\\/\"},\"author\":{\"name\":\"Expresso Metropolitano\",\"@id\":\"https:\\\/\\\/expressometro.mx\\\/#\\\/schema\\\/person\\\/efa971b4a0664db8ed5c22b1b0dd2f5d\"},\"headline\":\"SOLICITA EL CONGRESO MEXIQUENSE A LA CODHEM Y LA FGJEM A QUE INFORMEN SOBRE DESALOJO VIOLENTO DE ACTIVISTAS EN ECATEPEC\",\"datePublished\":\"2020-09-18T02:35:06+00:00\",\"dateModified\":\"2020-09-18T02:35:07+00:00\",\"mainEntityOfPage\":{\"@id\":\"https:\\\/\\\/expressometro.mx\\\/index.php\\\/2020\\\/09\\\/17\\\/solicita-el-congreso-mexiquense-a-la-codhem-y-la-fgjem-a-que-informen-sobre-desalojo-violento-de-activistas-en-ecatepec\\\/\"},\"wordCount\":326,\"commentCount\":0,\"publisher\":{\"@id\":\"https:\\\/\\\/expressometro.mx\\\/#organization\"},\"image\":{\"@id\":\"https:\\\/\\\/expressometro.mx\\\/index.php\\\/2020\\\/09\\\/17\\\/solicita-el-congreso-mexiquense-a-la-codhem-y-la-fgjem-a-que-informen-sobre-desalojo-violento-de-activistas-en-ecatepec\\\/#primaryimage\"},\"thumbnailUrl\":\"https:\\\/\\\/expressometro.mx\\\/wp-content\\\/uploads\\\/2020\\\/09\\\/07C65DC8-F115-4936-8038-776791146995.jpeg\",\"articleSection\":[\"Otros\"],\"inLanguage\":\"es\",\"potentialAction\":[{\"@type\":\"CommentAction\",\"name\":\"Comment\",\"target\":[\"https:\\\/\\\/expressometro.mx\\\/index.php\\\/2020\\\/09\\\/17\\\/solicita-el-congreso-mexiquense-a-la-codhem-y-la-fgjem-a-que-informen-sobre-desalojo-violento-de-activistas-en-ecatepec\\\/#respond\"]}]},{\"@type\":\"WebPage\",\"@id\":\"https:\\\/\\\/expressometro.mx\\\/index.php\\\/2020\\\/09\\\/17\\\/solicita-el-congreso-mexiquense-a-la-codhem-y-la-fgjem-a-que-informen-sobre-desalojo-violento-de-activistas-en-ecatepec\\\/\",\"url\":\"https:\\\/\\\/expressometro.mx\\\/index.php\\\/2020\\\/09\\\/17\\\/solicita-el-congreso-mexiquense-a-la-codhem-y-la-fgjem-a-que-informen-sobre-desalojo-violento-de-activistas-en-ecatepec\\\/\",\"name\":\"SOLICITA EL CONGRESO MEXIQUENSE A LA CODHEM Y LA FGJEM A QUE INFORMEN SOBRE DESALOJO VIOLENTO DE ACTIVISTAS EN ECATEPEC - Expresso Metropolitano\",\"isPartOf\":{\"@id\":\"https:\\\/\\\/expressometro.mx\\\/#website\"},\"primaryImageOfPage\":{\"@id\":\"https:\\\/\\\/expressometro.mx\\\/index.php\\\/2020\\\/09\\\/17\\\/solicita-el-congreso-mexiquense-a-la-codhem-y-la-fgjem-a-que-informen-sobre-desalojo-violento-de-activistas-en-ecatepec\\\/#primaryimage\"},\"image\":{\"@id\":\"https:\\\/\\\/expressometro.mx\\\/index.php\\\/2020\\\/09\\\/17\\\/solicita-el-congreso-mexiquense-a-la-codhem-y-la-fgjem-a-que-informen-sobre-desalojo-violento-de-activistas-en-ecatepec\\\/#primaryimage\"},\"thumbnailUrl\":\"https:\\\/\\\/expressometro.mx\\\/wp-content\\\/uploads\\\/2020\\\/09\\\/07C65DC8-F115-4936-8038-776791146995.jpeg\",\"datePublished\":\"2020-09-18T02:35:06+00:00\",\"dateModified\":\"2020-09-18T02:35:07+00:00\",\"breadcrumb\":{\"@id\":\"https:\\\/\\\/expressometro.mx\\\/index.php\\\/2020\\\/09\\\/17\\\/solicita-el-congreso-mexiquense-a-la-codhem-y-la-fgjem-a-que-informen-sobre-desalojo-violento-de-activistas-en-ecatepec\\\/#breadcrumb\"},\"inLanguage\":\"es\",\"potentialAction\":[{\"@type\":\"ReadAction\",\"target\":[\"https:\\\/\\\/expressometro.mx\\\/index.php\\\/2020\\\/09\\\/17\\\/solicita-el-congreso-mexiquense-a-la-codhem-y-la-fgjem-a-que-informen-sobre-desalojo-violento-de-activistas-en-ecatepec\\\/\"]}]},{\"@type\":\"ImageObject\",\"inLanguage\":\"es\",\"@id\":\"https:\\\/\\\/expressometro.mx\\\/index.php\\\/2020\\\/09\\\/17\\\/solicita-el-congreso-mexiquense-a-la-codhem-y-la-fgjem-a-que-informen-sobre-desalojo-violento-de-activistas-en-ecatepec\\\/#primaryimage\",\"url\":\"https:\\\/\\\/expressometro.mx\\\/wp-content\\\/uploads\\\/2020\\\/09\\\/07C65DC8-F115-4936-8038-776791146995.jpeg\",\"contentUrl\":\"https:\\\/\\\/expressometro.mx\\\/wp-content\\\/uploads\\\/2020\\\/09\\\/07C65DC8-F115-4936-8038-776791146995.jpeg\",\"width\":1024,\"height\":683},{\"@type\":\"BreadcrumbList\",\"@id\":\"https:\\\/\\\/expressometro.mx\\\/index.php\\\/2020\\\/09\\\/17\\\/solicita-el-congreso-mexiquense-a-la-codhem-y-la-fgjem-a-que-informen-sobre-desalojo-violento-de-activistas-en-ecatepec\\\/#breadcrumb\",\"itemListElement\":[{\"@type\":\"ListItem\",\"position\":1,\"name\":\"Inicio\",\"item\":\"https:\\\/\\\/expressometro.mx\\\/\"},{\"@type\":\"ListItem\",\"position\":2,\"name\":\"SOLICITA EL CONGRESO MEXIQUENSE A LA CODHEM Y LA FGJEM A QUE INFORMEN SOBRE DESALOJO VIOLENTO DE ACTIVISTAS EN ECATEPEC\"}]},{\"@type\":\"WebSite\",\"@id\":\"https:\\\/\\\/expressometro.mx\\\/#website\",\"url\":\"https:\\\/\\\/expressometro.mx\\\/\",\"name\":\"Expresso Metropolitano\",\"description\":\"Periodismo comprometido, informaci\u00f3n, investigaci\u00f3n y an\u00e1lisis\",\"publisher\":{\"@id\":\"https:\\\/\\\/expressometro.mx\\\/#organization\"},\"potentialAction\":[{\"@type\":\"SearchAction\",\"target\":{\"@type\":\"EntryPoint\",\"urlTemplate\":\"https:\\\/\\\/expressometro.mx\\\/?s={search_term_string}\"},\"query-input\":{\"@type\":\"PropertyValueSpecification\",\"valueRequired\":true,\"valueName\":\"search_term_string\"}}],\"inLanguage\":\"es\"},{\"@type\":\"Organization\",\"@id\":\"https:\\\/\\\/expressometro.mx\\\/#organization\",\"name\":\"Expresso Metropolitano\",\"url\":\"https:\\\/\\\/expressometro.mx\\\/\",\"logo\":{\"@type\":\"ImageObject\",\"inLanguage\":\"es\",\"@id\":\"https:\\\/\\\/expressometro.mx\\\/#\\\/schema\\\/logo\\\/image\\\/\",\"url\":\"https:\\\/\\\/expressometro.mx\\\/wp-content\\\/uploads\\\/2019\\\/07\\\/cropped-Logo-Expresso-Metropolitano-1-1.jpeg\",\"contentUrl\":\"https:\\\/\\\/expressometro.mx\\\/wp-content\\\/uploads\\\/2019\\\/07\\\/cropped-Logo-Expresso-Metropolitano-1-1.jpeg\",\"width\":290,\"height\":73,\"caption\":\"Expresso Metropolitano\"},\"image\":{\"@id\":\"https:\\\/\\\/expressometro.mx\\\/#\\\/schema\\\/logo\\\/image\\\/\"}},{\"@type\":\"Person\",\"@id\":\"https:\\\/\\\/expressometro.mx\\\/#\\\/schema\\\/person\\\/efa971b4a0664db8ed5c22b1b0dd2f5d\",\"name\":\"Expresso Metropolitano\",\"image\":{\"@type\":\"ImageObject\",\"inLanguage\":\"es\",\"@id\":\"https:\\\/\\\/secure.gravatar.com\\\/avatar\\\/a89f802b8de18c6952f223c88d3d106e9e3679839f4e25a02f4a6cc2ae6ba3b3?s=96&d=mm&r=g\",\"url\":\"https:\\\/\\\/secure.gravatar.com\\\/avatar\\\/a89f802b8de18c6952f223c88d3d106e9e3679839f4e25a02f4a6cc2ae6ba3b3?s=96&d=mm&r=g\",\"contentUrl\":\"https:\\\/\\\/secure.gravatar.com\\\/avatar\\\/a89f802b8de18c6952f223c88d3d106e9e3679839f4e25a02f4a6cc2ae6ba3b3?s=96&d=mm&r=g\",\"caption\":\"Expresso Metropolitano\"},\"url\":\"https:\\\/\\\/expressometro.mx\\\/index.php\\\/author\\\/diego\\\/\"}]}<\/script>\n<!-- \/ Yoast SEO plugin. -->","yoast_head_json":{"title":"SOLICITA EL CONGRESO MEXIQUENSE A LA CODHEM Y LA FGJEM A QUE INFORMEN SOBRE DESALOJO VIOLENTO DE ACTIVISTAS EN ECATEPEC - Expresso Metropolitano","robots":{"index":"index","follow":"follow","max-snippet":"max-snippet:-1","max-image-preview":"max-image-preview:large","max-video-preview":"max-video-preview:-1"},"canonical":"https:\/\/expressometro.mx\/index.php\/2020\/09\/17\/solicita-el-congreso-mexiquense-a-la-codhem-y-la-fgjem-a-que-informen-sobre-desalojo-violento-de-activistas-en-ecatepec\/","og_locale":"es_MX","og_type":"article","og_title":"SOLICITA EL CONGRESO MEXIQUENSE A LA CODHEM Y LA FGJEM A QUE INFORMEN SOBRE DESALOJO VIOLENTO DE ACTIVISTAS EN ECATEPEC - Expresso Metropolitano","og_description":"Por unanimidad, la LX Legislatura mexiquense exhort\u00f3 a los titulares de la Comisi\u00f3n de Derechos Humanos del Estado de M\u00e9xico (Codhem), Jorge Olvera Garc\u00eda, y de la Fiscal\u00eda General de Justicia (FGJEM), Alejandro G\u00f3mez S\u00e1nchez, a que informen a la brevedad sobre el desalojo violento de mujeres activistas que se manifestaron y ocuparon la Visitadur\u00eda General de Ecatepec, la semana pasada. De igual forma, llam\u00f3 a la FGJEM, a la Codhem y a la Secretar\u00eda de Seguridad a que informen respecto a su responsabilidad en el desalojo y que se&hellip;","og_url":"https:\/\/expressometro.mx\/index.php\/2020\/09\/17\/solicita-el-congreso-mexiquense-a-la-codhem-y-la-fgjem-a-que-informen-sobre-desalojo-violento-de-activistas-en-ecatepec\/","og_site_name":"Expresso Metropolitano","article_published_time":"2020-09-18T02:35:06+00:00","article_modified_time":"2020-09-18T02:35:07+00:00","og_image":[{"width":1024,"height":683,"url":"https:\/\/expressometro.mx\/wp-content\/uploads\/2020\/09\/07C65DC8-F115-4936-8038-776791146995.jpeg","type":"image\/jpeg"}],"author":"Expresso Metropolitano","twitter_misc":{"Escrito por":"Expresso Metropolitano","Tiempo de lectura":"2 minutos"},"schema":{"@context":"https:\/\/schema.org","@graph":[{"@type":"Article","@id":"https:\/\/expressometro.mx\/index.php\/2020\/09\/17\/solicita-el-congreso-mexiquense-a-la-codhem-y-la-fgjem-a-que-informen-sobre-desalojo-violento-de-activistas-en-ecatepec\/#article","isPartOf":{"@id":"https:\/\/expressometro.mx\/index.php\/2020\/09\/17\/solicita-el-congreso-mexiquense-a-la-codhem-y-la-fgjem-a-que-informen-sobre-desalojo-violento-de-activistas-en-ecatepec\/"},"author":{"name":"Expresso Metropolitano","@id":"https:\/\/expressometro.mx\/#\/schema\/person\/efa971b4a0664db8ed5c22b1b0dd2f5d"},"headline":"SOLICITA EL CONGRESO MEXIQUENSE A LA CODHEM Y LA FGJEM A QUE INFORMEN SOBRE DESALOJO VIOLENTO DE ACTIVISTAS EN ECATEPEC","datePublished":"2020-09-18T02:35:06+00:00","dateModified":"2020-09-18T02:35:07+00:00","mainEntityOfPage":{"@id":"https:\/\/expressometro.mx\/index.php\/2020\/09\/17\/solicita-el-congreso-mexiquense-a-la-codhem-y-la-fgjem-a-que-informen-sobre-desalojo-violento-de-activistas-en-ecatepec\/"},"wordCount":326,"commentCount":0,"publisher":{"@id":"https:\/\/expressometro.mx\/#organization"},"image":{"@id":"https:\/\/expressometro.mx\/index.php\/2020\/09\/17\/solicita-el-congreso-mexiquense-a-la-codhem-y-la-fgjem-a-que-informen-sobre-desalojo-violento-de-activistas-en-ecatepec\/#primaryimage"},"thumbnailUrl":"https:\/\/expressometro.mx\/wp-content\/uploads\/2020\/09\/07C65DC8-F115-4936-8038-776791146995.jpeg","articleSection":["Otros"],"inLanguage":"es","potentialAction":[{"@type":"CommentAction","name":"Comment","target":["https:\/\/expressometro.mx\/index.php\/2020\/09\/17\/solicita-el-congreso-mexiquense-a-la-codhem-y-la-fgjem-a-que-informen-sobre-desalojo-violento-de-activistas-en-ecatepec\/#respond"]}]},{"@type":"WebPage","@id":"https:\/\/expressometro.mx\/index.php\/2020\/09\/17\/solicita-el-congreso-mexiquense-a-la-codhem-y-la-fgjem-a-que-informen-sobre-desalojo-violento-de-activistas-en-ecatepec\/","url":"https:\/\/expressometro.mx\/index.php\/2020\/09\/17\/solicita-el-congreso-mexiquense-a-la-codhem-y-la-fgjem-a-que-informen-sobre-desalojo-violento-de-activistas-en-ecatepec\/","name":"SOLICITA EL CONGRESO MEXIQUENSE A LA CODHEM Y LA FGJEM A QUE INFORMEN SOBRE DESALOJO VIOLENTO DE ACTIVISTAS EN ECATEPEC - Expresso Metropolitano","isPartOf":{"@id":"https:\/\/expressometro.mx\/#website"},"primaryImageOfPage":{"@id":"https:\/\/expressometro.mx\/index.php\/2020\/09\/17\/solicita-el-congreso-mexiquense-a-la-codhem-y-la-fgjem-a-que-informen-sobre-desalojo-violento-de-activistas-en-ecatepec\/#primaryimage"},"image":{"@id":"https:\/\/expressometro.mx\/index.php\/2020\/09\/17\/solicita-el-congreso-mexiquense-a-la-codhem-y-la-fgjem-a-que-informen-sobre-desalojo-violento-de-activistas-en-ecatepec\/#primaryimage"},"thumbnailUrl":"https:\/\/expressometro.mx\/wp-content\/uploads\/2020\/09\/07C65DC8-F115-4936-8038-776791146995.jpeg","datePublished":"2020-09-18T02:35:06+00:00","dateModified":"2020-09-18T02:35:07+00:00","breadcrumb":{"@id":"https:\/\/expressometro.mx\/index.php\/2020\/09\/17\/solicita-el-congreso-mexiquense-a-la-codhem-y-la-fgjem-a-que-informen-sobre-desalojo-violento-de-activistas-en-ecatepec\/#breadcrumb"},"inLanguage":"es","potentialAction":[{"@type":"ReadAction","target":["https:\/\/expressometro.mx\/index.php\/2020\/09\/17\/solicita-el-congreso-mexiquense-a-la-codhem-y-la-fgjem-a-que-informen-sobre-desalojo-violento-de-activistas-en-ecatepec\/"]}]},{"@type":"ImageObject","inLanguage":"es","@id":"https:\/\/expressometro.mx\/index.php\/2020\/09\/17\/solicita-el-congreso-mexiquense-a-la-codhem-y-la-fgjem-a-que-informen-sobre-desalojo-violento-de-activistas-en-ecatepec\/#primaryimage","url":"https:\/\/expressometro.mx\/wp-content\/uploads\/2020\/09\/07C65DC8-F115-4936-8038-776791146995.jpeg","contentUrl":"https:\/\/expressometro.mx\/wp-content\/uploads\/2020\/09\/07C65DC8-F115-4936-8038-776791146995.jpeg","width":1024,"height":683},{"@type":"BreadcrumbList","@id":"https:\/\/expressometro.mx\/index.php\/2020\/09\/17\/solicita-el-congreso-mexiquense-a-la-codhem-y-la-fgjem-a-que-informen-sobre-desalojo-violento-de-activistas-en-ecatepec\/#breadcrumb","itemListElement":[{"@type":"ListItem","position":1,"name":"Inicio","item":"https:\/\/expressometro.mx\/"},{"@type":"ListItem","position":2,"name":"SOLICITA EL CONGRESO MEXIQUENSE A LA CODHEM Y LA FGJEM A QUE INFORMEN SOBRE DESALOJO VIOLENTO DE ACTIVISTAS EN ECATEPEC"}]},{"@type":"WebSite","@id":"https:\/\/expressometro.mx\/#website","url":"https:\/\/expressometro.mx\/","name":"Expresso Metropolitano","description":"Periodismo comprometido, informaci\u00f3n, investigaci\u00f3n y an\u00e1lisis","publisher":{"@id":"https:\/\/expressometro.mx\/#organization"},"potentialAction":[{"@type":"SearchAction","target":{"@type":"EntryPoint","urlTemplate":"https:\/\/expressometro.mx\/?s={search_term_string}"},"query-input":{"@type":"PropertyValueSpecification","valueRequired":true,"valueName":"search_term_string"}}],"inLanguage":"es"},{"@type":"Organization","@id":"https:\/\/expressometro.mx\/#organization","name":"Expresso Metropolitano","url":"https:\/\/expressometro.mx\/","logo":{"@type":"ImageObject","inLanguage":"es","@id":"https:\/\/expressometro.mx\/#\/schema\/logo\/image\/","url":"https:\/\/expressometro.mx\/wp-content\/uploads\/2019\/07\/cropped-Logo-Expresso-Metropolitano-1-1.jpeg","contentUrl":"https:\/\/expressometro.mx\/wp-content\/uploads\/2019\/07\/cropped-Logo-Expresso-Metropolitano-1-1.jpeg","width":290,"height":73,"caption":"Expresso Metropolitano"},"image":{"@id":"https:\/\/expressometro.mx\/#\/schema\/logo\/image\/"}},{"@type":"Person","@id":"https:\/\/expressometro.mx\/#\/schema\/person\/efa971b4a0664db8ed5c22b1b0dd2f5d","name":"Expresso Metropolitano","image":{"@type":"ImageObject","inLanguage":"es","@id":"https:\/\/secure.gravatar.com\/avatar\/a89f802b8de18c6952f223c88d3d106e9e3679839f4e25a02f4a6cc2ae6ba3b3?s=96&d=mm&r=g","url":"https:\/\/secure.gravatar.com\/avatar\/a89f802b8de18c6952f223c88d3d106e9e3679839f4e25a02f4a6cc2ae6ba3b3?s=96&d=mm&r=g","contentUrl":"https:\/\/secure.gravatar.com\/avatar\/a89f802b8de18c6952f223c88d3d106e9e3679839f4e25a02f4a6cc2ae6ba3b3?s=96&d=mm&r=g","caption":"Expresso Metropolitano"},"url":"https:\/\/expressometro.mx\/index.php\/author\/diego\/"}]}},"amp_enabled":true,"_links":{"self":[{"href":"https:\/\/expressometro.mx\/index.php\/wp-json\/wp\/v2\/posts\/1848","targetHints":{"allow":["GET"]}}],"collection":[{"href":"https:\/\/expressometro.mx\/index.php\/wp-json\/wp\/v2\/posts"}],"about":[{"href":"https:\/\/expressometro.mx\/index.php\/wp-json\/wp\/v2\/types\/post"}],"author":[{"embeddable":true,"href":"https:\/\/expressometro.mx\/index.php\/wp-json\/wp\/v2\/users\/1"}],"replies":[{"embeddable":true,"href":"https:\/\/expressometro.mx\/index.php\/wp-json\/wp\/v2\/comments?post=1848"}],"version-history":[{"count":1,"href":"https:\/\/expressometro.mx\/index.php\/wp-json\/wp\/v2\/posts\/1848\/revisions"}],"predecessor-version":[{"id":1850,"href":"https:\/\/expressometro.mx\/index.php\/wp-json\/wp\/v2\/posts\/1848\/revisions\/1850"}],"wp:featuredmedia":[{"embeddable":true,"href":"https:\/\/expressometro.mx\/index.php\/wp-json\/wp\/v2\/media\/1849"}],"wp:attachment":[{"href":"https:\/\/expressometro.mx\/index.php\/wp-json\/wp\/v2\/media?parent=1848"}],"wp:term":[{"taxonomy":"category","embeddable":true,"href":"https:\/\/expressometro.mx\/index.php\/wp-json\/wp\/v2\/categories?post=1848"},{"taxonomy":"post_tag","embeddable":true,"href":"https:\/\/expressometro.mx\/index.php\/wp-json\/wp\/v2\/tags?post=1848"}],"curies":[{"name":"wp","href":"https:\/\/api.w.org\/{rel}","templated":true}]}}