{"id":1845,"date":"2020-09-17T21:28:00","date_gmt":"2020-09-18T02:28:00","guid":{"rendered":"http:\/\/expressometro.mx\/?p=1845"},"modified":"2020-09-17T21:28:01","modified_gmt":"2020-09-18T02:28:01","slug":"llaman-a-revocar-la-concesion-del-tramo-toluca-atlacomulco-de-la-carretera-panamericana","status":"publish","type":"post","link":"https:\/\/expressometro.mx\/index.php\/2020\/09\/17\/llaman-a-revocar-la-concesion-del-tramo-toluca-atlacomulco-de-la-carretera-panamericana\/","title":{"rendered":"LLAMAN A REVOCAR LA CONCESION DEL TRAMO TOLUCA-ATLACOMULCO DE LA CARRETERA PANAMERICANA"},"content":{"rendered":"\n<p>La LX Legislatura mexiquense exhort\u00f3 al titular del Ejecutivo y a la Secretar\u00eda de Comunicaciones estatales a iniciar acciones para rescatar y revocar la concesi\u00f3n del tramo Toluca-Atlacomulco correspondiente a la carretera Panamericana, as\u00ed como investigar posibles hechos de corrupci\u00f3n en la pr\u00f3rroga de la concesi\u00f3n otorgada hasta marzo de 2053.<br>\nAl exponer en tribuna sus argumentos, el diputado proponente, Max Agust\u00edn Correa Hern\u00e1ndez (Morena), record\u00f3 que desde que se otorg\u00f3 la concesi\u00f3n en 1984 se han realizado modificaciones en 1993, 1995, 1999, 2003, 2006 y la \u00faltima en 2015 de manera ilegal, violando la Constituci\u00f3n y leyes federales para favorecer a grupos pol\u00edticos.<br>\nExplic\u00f3 que a pesar de que esta v\u00eda forma parte de la carretera Panamericana, que es una ruta internacional tulelada por tratados internacionales como una vialidad de libre paso, desde 1984 se privatiz\u00f3 al entregar la concesi\u00f3n a la empresa denominada Promotora del Desarrollo del Empleo de Am\u00e9rica Latina, S. A. de C. V.<br>\nAnte ello, tanto la C\u00e1mara de Diputados federal, como el Congreso local han emitido puntos de acuerdo desde 1998 en los que se solicita revocar la concesi\u00f3n modificada en seis ocasiones y que permitir\u00edan a la empresa su operaci\u00f3n hasta el 31 de marzo de 2053, llamados que no se han atendido.<br>\n\u201cNo son ajenos a la realidad nacional y de los estados los numerosos conflictos que existen en torno a la posesi\u00f3n, aprovechamiento y explotaci\u00f3n de las v\u00edas generales de comunicaci\u00f3n. A lo largo de casi 40 a\u00f1os los gobiernos federales y estatales han modificado y violado las leyes para poner en manos de grupos pol\u00edticos, familiares y caciques las concesiones sobre las v\u00edas de comunicaci\u00f3n\u201d, sostuvo el legislador.<br>\nRefiri\u00f3 que esta v\u00eda es una de las m\u00e1s transitadas del estado y del centro del pa\u00eds, pues el tr\u00e1nsito diario promedio en las casetas de cobro, hasta mayo del presente a\u00f1o, fue de 48 mil 476 veh\u00edculos, a pesar de que se han detenido los procesos de movilidad por la pandemia de covid-19.<br>\n\u201cLa \u00fanica manera de resarcir los da\u00f1os ocasionados por la ilegal entrega de la v\u00eda es regresar con acci\u00f3n inmediata a los ciudadanos del Estado de M\u00e9xico una carretera Panamericana modernizada y libre, y que se finquen las responsabilidades civiles, penales y administrativas a los servidores p\u00fablicos e inversionistas privados que han hecho negocio y quieren seguir haci\u00e9ndolo con una v\u00eda de comunicaci\u00f3n protegida por un Tratado Internacional\u201d.<br>\nEl punto de acuerdo exhorta al gobernador Alfredo del Mazo y al secretario de Comunicaciones, Luis Gilberto Lim\u00f3n Ch\u00e1vez, para que ejecuten acciones coordinadas tendientes a garantizar los derechos de rescate y reversi\u00f3n que les impone la Ley Org\u00e1nica de la Administraci\u00f3n P\u00fablica del Estado de M\u00e9xico.<\/p>\n","protected":false},"excerpt":{"rendered":"<p>La LX Legislatura mexiquense exhort\u00f3 al titular del Ejecutivo y a la Secretar\u00eda de Comunicaciones estatales a iniciar acciones para rescatar y revocar la concesi\u00f3n del tramo Toluca-Atlacomulco correspondiente a la carretera Panamericana, as\u00ed como investigar posibles hechos de corrupci\u00f3n en la pr\u00f3rroga de la concesi\u00f3n otorgada hasta marzo de 2053. Al exponer en tribuna sus argumentos, el diputado proponente, Max Agust\u00edn Correa Hern\u00e1ndez (Morena), record\u00f3 que desde que se otorg\u00f3 la concesi\u00f3n en 1984 se han realizado modificaciones en 1993, 1995, 1999, 2003, 2006 y la \u00faltima en 2015&hellip;<\/p>\n","protected":false},"author":1,"featured_media":1846,"comment_status":"open","ping_status":"open","sticky":false,"template":"","format":"standard","meta":{"footnotes":""},"categories":[1],"tags":[],"class_list":["post-1845","post","type-post","status-publish","format-standard","has-post-thumbnail","hentry","category-otros"],"yoast_head":"<!-- This site is optimized with the Yoast SEO plugin v27.5 - https:\/\/yoast.com\/product\/yoast-seo-wordpress\/ -->\n<title>LLAMAN A REVOCAR LA CONCESION DEL TRAMO TOLUCA-ATLACOMULCO DE LA CARRETERA PANAMERICANA - Expresso Metropolitano<\/title>\n<meta name=\"robots\" content=\"index, follow, max-snippet:-1, max-image-preview:large, max-video-preview:-1\" \/>\n<link rel=\"canonical\" href=\"https:\/\/expressometro.mx\/index.php\/2020\/09\/17\/llaman-a-revocar-la-concesion-del-tramo-toluca-atlacomulco-de-la-carretera-panamericana\/\" \/>\n<meta property=\"og:locale\" content=\"es_MX\" \/>\n<meta property=\"og:type\" content=\"article\" \/>\n<meta property=\"og:title\" content=\"LLAMAN A REVOCAR LA CONCESION DEL TRAMO TOLUCA-ATLACOMULCO DE LA CARRETERA PANAMERICANA - Expresso Metropolitano\" \/>\n<meta property=\"og:description\" content=\"La LX Legislatura mexiquense exhort\u00f3 al titular del Ejecutivo y a la Secretar\u00eda de Comunicaciones estatales a iniciar acciones para rescatar y revocar la concesi\u00f3n del tramo Toluca-Atlacomulco correspondiente a la carretera Panamericana, as\u00ed como investigar posibles hechos de corrupci\u00f3n en la pr\u00f3rroga de la concesi\u00f3n otorgada hasta marzo de 2053. Al exponer en tribuna sus argumentos, el diputado proponente, Max Agust\u00edn Correa Hern\u00e1ndez (Morena), record\u00f3 que desde que se otorg\u00f3 la concesi\u00f3n en 1984 se han realizado modificaciones en 1993, 1995, 1999, 2003, 2006 y la \u00faltima en 2015&hellip;\" \/>\n<meta property=\"og:url\" content=\"https:\/\/expressometro.mx\/index.php\/2020\/09\/17\/llaman-a-revocar-la-concesion-del-tramo-toluca-atlacomulco-de-la-carretera-panamericana\/\" \/>\n<meta property=\"og:site_name\" content=\"Expresso Metropolitano\" \/>\n<meta property=\"article:published_time\" content=\"2020-09-18T02:28:00+00:00\" \/>\n<meta property=\"article:modified_time\" content=\"2020-09-18T02:28:01+00:00\" \/>\n<meta property=\"og:image\" content=\"https:\/\/expressometro.mx\/wp-content\/uploads\/2020\/09\/90A6B031-0FF5-4E30-B536-AC432AED2821.jpeg\" \/>\n\t<meta property=\"og:image:width\" content=\"1024\" \/>\n\t<meta property=\"og:image:height\" content=\"683\" \/>\n\t<meta property=\"og:image:type\" content=\"image\/jpeg\" \/>\n<meta name=\"author\" content=\"Expresso Metropolitano\" \/>\n<meta name=\"twitter:label1\" content=\"Escrito por\" \/>\n\t<meta name=\"twitter:data1\" content=\"Expresso Metropolitano\" \/>\n\t<meta name=\"twitter:label2\" content=\"Tiempo de lectura\" \/>\n\t<meta name=\"twitter:data2\" content=\"2 minutos\" \/>\n<script type=\"application\/ld+json\" class=\"yoast-schema-graph\">{\"@context\":\"https:\\\/\\\/schema.org\",\"@graph\":[{\"@type\":\"Article\",\"@id\":\"https:\\\/\\\/expressometro.mx\\\/index.php\\\/2020\\\/09\\\/17\\\/llaman-a-revocar-la-concesion-del-tramo-toluca-atlacomulco-de-la-carretera-panamericana\\\/#article\",\"isPartOf\":{\"@id\":\"https:\\\/\\\/expressometro.mx\\\/index.php\\\/2020\\\/09\\\/17\\\/llaman-a-revocar-la-concesion-del-tramo-toluca-atlacomulco-de-la-carretera-panamericana\\\/\"},\"author\":{\"name\":\"Expresso Metropolitano\",\"@id\":\"https:\\\/\\\/expressometro.mx\\\/#\\\/schema\\\/person\\\/efa971b4a0664db8ed5c22b1b0dd2f5d\"},\"headline\":\"LLAMAN A REVOCAR LA CONCESION DEL TRAMO TOLUCA-ATLACOMULCO DE LA CARRETERA PANAMERICANA\",\"datePublished\":\"2020-09-18T02:28:00+00:00\",\"dateModified\":\"2020-09-18T02:28:01+00:00\",\"mainEntityOfPage\":{\"@id\":\"https:\\\/\\\/expressometro.mx\\\/index.php\\\/2020\\\/09\\\/17\\\/llaman-a-revocar-la-concesion-del-tramo-toluca-atlacomulco-de-la-carretera-panamericana\\\/\"},\"wordCount\":490,\"commentCount\":0,\"publisher\":{\"@id\":\"https:\\\/\\\/expressometro.mx\\\/#organization\"},\"image\":{\"@id\":\"https:\\\/\\\/expressometro.mx\\\/index.php\\\/2020\\\/09\\\/17\\\/llaman-a-revocar-la-concesion-del-tramo-toluca-atlacomulco-de-la-carretera-panamericana\\\/#primaryimage\"},\"thumbnailUrl\":\"https:\\\/\\\/expressometro.mx\\\/wp-content\\\/uploads\\\/2020\\\/09\\\/90A6B031-0FF5-4E30-B536-AC432AED2821.jpeg\",\"articleSection\":[\"Otros\"],\"inLanguage\":\"es\",\"potentialAction\":[{\"@type\":\"CommentAction\",\"name\":\"Comment\",\"target\":[\"https:\\\/\\\/expressometro.mx\\\/index.php\\\/2020\\\/09\\\/17\\\/llaman-a-revocar-la-concesion-del-tramo-toluca-atlacomulco-de-la-carretera-panamericana\\\/#respond\"]}]},{\"@type\":\"WebPage\",\"@id\":\"https:\\\/\\\/expressometro.mx\\\/index.php\\\/2020\\\/09\\\/17\\\/llaman-a-revocar-la-concesion-del-tramo-toluca-atlacomulco-de-la-carretera-panamericana\\\/\",\"url\":\"https:\\\/\\\/expressometro.mx\\\/index.php\\\/2020\\\/09\\\/17\\\/llaman-a-revocar-la-concesion-del-tramo-toluca-atlacomulco-de-la-carretera-panamericana\\\/\",\"name\":\"LLAMAN A REVOCAR LA CONCESION DEL TRAMO TOLUCA-ATLACOMULCO DE LA CARRETERA PANAMERICANA - Expresso Metropolitano\",\"isPartOf\":{\"@id\":\"https:\\\/\\\/expressometro.mx\\\/#website\"},\"primaryImageOfPage\":{\"@id\":\"https:\\\/\\\/expressometro.mx\\\/index.php\\\/2020\\\/09\\\/17\\\/llaman-a-revocar-la-concesion-del-tramo-toluca-atlacomulco-de-la-carretera-panamericana\\\/#primaryimage\"},\"image\":{\"@id\":\"https:\\\/\\\/expressometro.mx\\\/index.php\\\/2020\\\/09\\\/17\\\/llaman-a-revocar-la-concesion-del-tramo-toluca-atlacomulco-de-la-carretera-panamericana\\\/#primaryimage\"},\"thumbnailUrl\":\"https:\\\/\\\/expressometro.mx\\\/wp-content\\\/uploads\\\/2020\\\/09\\\/90A6B031-0FF5-4E30-B536-AC432AED2821.jpeg\",\"datePublished\":\"2020-09-18T02:28:00+00:00\",\"dateModified\":\"2020-09-18T02:28:01+00:00\",\"breadcrumb\":{\"@id\":\"https:\\\/\\\/expressometro.mx\\\/index.php\\\/2020\\\/09\\\/17\\\/llaman-a-revocar-la-concesion-del-tramo-toluca-atlacomulco-de-la-carretera-panamericana\\\/#breadcrumb\"},\"inLanguage\":\"es\",\"potentialAction\":[{\"@type\":\"ReadAction\",\"target\":[\"https:\\\/\\\/expressometro.mx\\\/index.php\\\/2020\\\/09\\\/17\\\/llaman-a-revocar-la-concesion-del-tramo-toluca-atlacomulco-de-la-carretera-panamericana\\\/\"]}]},{\"@type\":\"ImageObject\",\"inLanguage\":\"es\",\"@id\":\"https:\\\/\\\/expressometro.mx\\\/index.php\\\/2020\\\/09\\\/17\\\/llaman-a-revocar-la-concesion-del-tramo-toluca-atlacomulco-de-la-carretera-panamericana\\\/#primaryimage\",\"url\":\"https:\\\/\\\/expressometro.mx\\\/wp-content\\\/uploads\\\/2020\\\/09\\\/90A6B031-0FF5-4E30-B536-AC432AED2821.jpeg\",\"contentUrl\":\"https:\\\/\\\/expressometro.mx\\\/wp-content\\\/uploads\\\/2020\\\/09\\\/90A6B031-0FF5-4E30-B536-AC432AED2821.jpeg\",\"width\":1024,\"height\":683},{\"@type\":\"BreadcrumbList\",\"@id\":\"https:\\\/\\\/expressometro.mx\\\/index.php\\\/2020\\\/09\\\/17\\\/llaman-a-revocar-la-concesion-del-tramo-toluca-atlacomulco-de-la-carretera-panamericana\\\/#breadcrumb\",\"itemListElement\":[{\"@type\":\"ListItem\",\"position\":1,\"name\":\"Inicio\",\"item\":\"https:\\\/\\\/expressometro.mx\\\/\"},{\"@type\":\"ListItem\",\"position\":2,\"name\":\"LLAMAN A REVOCAR LA CONCESION DEL TRAMO TOLUCA-ATLACOMULCO DE LA CARRETERA PANAMERICANA\"}]},{\"@type\":\"WebSite\",\"@id\":\"https:\\\/\\\/expressometro.mx\\\/#website\",\"url\":\"https:\\\/\\\/expressometro.mx\\\/\",\"name\":\"Expresso Metropolitano\",\"description\":\"Periodismo comprometido, informaci\u00f3n, investigaci\u00f3n y an\u00e1lisis\",\"publisher\":{\"@id\":\"https:\\\/\\\/expressometro.mx\\\/#organization\"},\"potentialAction\":[{\"@type\":\"SearchAction\",\"target\":{\"@type\":\"EntryPoint\",\"urlTemplate\":\"https:\\\/\\\/expressometro.mx\\\/?s={search_term_string}\"},\"query-input\":{\"@type\":\"PropertyValueSpecification\",\"valueRequired\":true,\"valueName\":\"search_term_string\"}}],\"inLanguage\":\"es\"},{\"@type\":\"Organization\",\"@id\":\"https:\\\/\\\/expressometro.mx\\\/#organization\",\"name\":\"Expresso Metropolitano\",\"url\":\"https:\\\/\\\/expressometro.mx\\\/\",\"logo\":{\"@type\":\"ImageObject\",\"inLanguage\":\"es\",\"@id\":\"https:\\\/\\\/expressometro.mx\\\/#\\\/schema\\\/logo\\\/image\\\/\",\"url\":\"https:\\\/\\\/expressometro.mx\\\/wp-content\\\/uploads\\\/2019\\\/07\\\/cropped-Logo-Expresso-Metropolitano-1-1.jpeg\",\"contentUrl\":\"https:\\\/\\\/expressometro.mx\\\/wp-content\\\/uploads\\\/2019\\\/07\\\/cropped-Logo-Expresso-Metropolitano-1-1.jpeg\",\"width\":290,\"height\":73,\"caption\":\"Expresso Metropolitano\"},\"image\":{\"@id\":\"https:\\\/\\\/expressometro.mx\\\/#\\\/schema\\\/logo\\\/image\\\/\"}},{\"@type\":\"Person\",\"@id\":\"https:\\\/\\\/expressometro.mx\\\/#\\\/schema\\\/person\\\/efa971b4a0664db8ed5c22b1b0dd2f5d\",\"name\":\"Expresso Metropolitano\",\"image\":{\"@type\":\"ImageObject\",\"inLanguage\":\"es\",\"@id\":\"https:\\\/\\\/secure.gravatar.com\\\/avatar\\\/a89f802b8de18c6952f223c88d3d106e9e3679839f4e25a02f4a6cc2ae6ba3b3?s=96&d=mm&r=g\",\"url\":\"https:\\\/\\\/secure.gravatar.com\\\/avatar\\\/a89f802b8de18c6952f223c88d3d106e9e3679839f4e25a02f4a6cc2ae6ba3b3?s=96&d=mm&r=g\",\"contentUrl\":\"https:\\\/\\\/secure.gravatar.com\\\/avatar\\\/a89f802b8de18c6952f223c88d3d106e9e3679839f4e25a02f4a6cc2ae6ba3b3?s=96&d=mm&r=g\",\"caption\":\"Expresso Metropolitano\"},\"url\":\"https:\\\/\\\/expressometro.mx\\\/index.php\\\/author\\\/diego\\\/\"}]}<\/script>\n<!-- \/ Yoast SEO plugin. -->","yoast_head_json":{"title":"LLAMAN A REVOCAR LA CONCESION DEL TRAMO TOLUCA-ATLACOMULCO DE LA CARRETERA PANAMERICANA - Expresso Metropolitano","robots":{"index":"index","follow":"follow","max-snippet":"max-snippet:-1","max-image-preview":"max-image-preview:large","max-video-preview":"max-video-preview:-1"},"canonical":"https:\/\/expressometro.mx\/index.php\/2020\/09\/17\/llaman-a-revocar-la-concesion-del-tramo-toluca-atlacomulco-de-la-carretera-panamericana\/","og_locale":"es_MX","og_type":"article","og_title":"LLAMAN A REVOCAR LA CONCESION DEL TRAMO TOLUCA-ATLACOMULCO DE LA CARRETERA PANAMERICANA - Expresso Metropolitano","og_description":"La LX Legislatura mexiquense exhort\u00f3 al titular del Ejecutivo y a la Secretar\u00eda de Comunicaciones estatales a iniciar acciones para rescatar y revocar la concesi\u00f3n del tramo Toluca-Atlacomulco correspondiente a la carretera Panamericana, as\u00ed como investigar posibles hechos de corrupci\u00f3n en la pr\u00f3rroga de la concesi\u00f3n otorgada hasta marzo de 2053. Al exponer en tribuna sus argumentos, el diputado proponente, Max Agust\u00edn Correa Hern\u00e1ndez (Morena), record\u00f3 que desde que se otorg\u00f3 la concesi\u00f3n en 1984 se han realizado modificaciones en 1993, 1995, 1999, 2003, 2006 y la \u00faltima en 2015&hellip;","og_url":"https:\/\/expressometro.mx\/index.php\/2020\/09\/17\/llaman-a-revocar-la-concesion-del-tramo-toluca-atlacomulco-de-la-carretera-panamericana\/","og_site_name":"Expresso Metropolitano","article_published_time":"2020-09-18T02:28:00+00:00","article_modified_time":"2020-09-18T02:28:01+00:00","og_image":[{"width":1024,"height":683,"url":"https:\/\/expressometro.mx\/wp-content\/uploads\/2020\/09\/90A6B031-0FF5-4E30-B536-AC432AED2821.jpeg","type":"image\/jpeg"}],"author":"Expresso Metropolitano","twitter_misc":{"Escrito por":"Expresso Metropolitano","Tiempo de lectura":"2 minutos"},"schema":{"@context":"https:\/\/schema.org","@graph":[{"@type":"Article","@id":"https:\/\/expressometro.mx\/index.php\/2020\/09\/17\/llaman-a-revocar-la-concesion-del-tramo-toluca-atlacomulco-de-la-carretera-panamericana\/#article","isPartOf":{"@id":"https:\/\/expressometro.mx\/index.php\/2020\/09\/17\/llaman-a-revocar-la-concesion-del-tramo-toluca-atlacomulco-de-la-carretera-panamericana\/"},"author":{"name":"Expresso Metropolitano","@id":"https:\/\/expressometro.mx\/#\/schema\/person\/efa971b4a0664db8ed5c22b1b0dd2f5d"},"headline":"LLAMAN A REVOCAR LA CONCESION DEL TRAMO TOLUCA-ATLACOMULCO DE LA CARRETERA PANAMERICANA","datePublished":"2020-09-18T02:28:00+00:00","dateModified":"2020-09-18T02:28:01+00:00","mainEntityOfPage":{"@id":"https:\/\/expressometro.mx\/index.php\/2020\/09\/17\/llaman-a-revocar-la-concesion-del-tramo-toluca-atlacomulco-de-la-carretera-panamericana\/"},"wordCount":490,"commentCount":0,"publisher":{"@id":"https:\/\/expressometro.mx\/#organization"},"image":{"@id":"https:\/\/expressometro.mx\/index.php\/2020\/09\/17\/llaman-a-revocar-la-concesion-del-tramo-toluca-atlacomulco-de-la-carretera-panamericana\/#primaryimage"},"thumbnailUrl":"https:\/\/expressometro.mx\/wp-content\/uploads\/2020\/09\/90A6B031-0FF5-4E30-B536-AC432AED2821.jpeg","articleSection":["Otros"],"inLanguage":"es","potentialAction":[{"@type":"CommentAction","name":"Comment","target":["https:\/\/expressometro.mx\/index.php\/2020\/09\/17\/llaman-a-revocar-la-concesion-del-tramo-toluca-atlacomulco-de-la-carretera-panamericana\/#respond"]}]},{"@type":"WebPage","@id":"https:\/\/expressometro.mx\/index.php\/2020\/09\/17\/llaman-a-revocar-la-concesion-del-tramo-toluca-atlacomulco-de-la-carretera-panamericana\/","url":"https:\/\/expressometro.mx\/index.php\/2020\/09\/17\/llaman-a-revocar-la-concesion-del-tramo-toluca-atlacomulco-de-la-carretera-panamericana\/","name":"LLAMAN A REVOCAR LA CONCESION DEL TRAMO TOLUCA-ATLACOMULCO DE LA CARRETERA PANAMERICANA - Expresso Metropolitano","isPartOf":{"@id":"https:\/\/expressometro.mx\/#website"},"primaryImageOfPage":{"@id":"https:\/\/expressometro.mx\/index.php\/2020\/09\/17\/llaman-a-revocar-la-concesion-del-tramo-toluca-atlacomulco-de-la-carretera-panamericana\/#primaryimage"},"image":{"@id":"https:\/\/expressometro.mx\/index.php\/2020\/09\/17\/llaman-a-revocar-la-concesion-del-tramo-toluca-atlacomulco-de-la-carretera-panamericana\/#primaryimage"},"thumbnailUrl":"https:\/\/expressometro.mx\/wp-content\/uploads\/2020\/09\/90A6B031-0FF5-4E30-B536-AC432AED2821.jpeg","datePublished":"2020-09-18T02:28:00+00:00","dateModified":"2020-09-18T02:28:01+00:00","breadcrumb":{"@id":"https:\/\/expressometro.mx\/index.php\/2020\/09\/17\/llaman-a-revocar-la-concesion-del-tramo-toluca-atlacomulco-de-la-carretera-panamericana\/#breadcrumb"},"inLanguage":"es","potentialAction":[{"@type":"ReadAction","target":["https:\/\/expressometro.mx\/index.php\/2020\/09\/17\/llaman-a-revocar-la-concesion-del-tramo-toluca-atlacomulco-de-la-carretera-panamericana\/"]}]},{"@type":"ImageObject","inLanguage":"es","@id":"https:\/\/expressometro.mx\/index.php\/2020\/09\/17\/llaman-a-revocar-la-concesion-del-tramo-toluca-atlacomulco-de-la-carretera-panamericana\/#primaryimage","url":"https:\/\/expressometro.mx\/wp-content\/uploads\/2020\/09\/90A6B031-0FF5-4E30-B536-AC432AED2821.jpeg","contentUrl":"https:\/\/expressometro.mx\/wp-content\/uploads\/2020\/09\/90A6B031-0FF5-4E30-B536-AC432AED2821.jpeg","width":1024,"height":683},{"@type":"BreadcrumbList","@id":"https:\/\/expressometro.mx\/index.php\/2020\/09\/17\/llaman-a-revocar-la-concesion-del-tramo-toluca-atlacomulco-de-la-carretera-panamericana\/#breadcrumb","itemListElement":[{"@type":"ListItem","position":1,"name":"Inicio","item":"https:\/\/expressometro.mx\/"},{"@type":"ListItem","position":2,"name":"LLAMAN A REVOCAR LA CONCESION DEL TRAMO TOLUCA-ATLACOMULCO DE LA CARRETERA PANAMERICANA"}]},{"@type":"WebSite","@id":"https:\/\/expressometro.mx\/#website","url":"https:\/\/expressometro.mx\/","name":"Expresso Metropolitano","description":"Periodismo comprometido, informaci\u00f3n, investigaci\u00f3n y an\u00e1lisis","publisher":{"@id":"https:\/\/expressometro.mx\/#organization"},"potentialAction":[{"@type":"SearchAction","target":{"@type":"EntryPoint","urlTemplate":"https:\/\/expressometro.mx\/?s={search_term_string}"},"query-input":{"@type":"PropertyValueSpecification","valueRequired":true,"valueName":"search_term_string"}}],"inLanguage":"es"},{"@type":"Organization","@id":"https:\/\/expressometro.mx\/#organization","name":"Expresso Metropolitano","url":"https:\/\/expressometro.mx\/","logo":{"@type":"ImageObject","inLanguage":"es","@id":"https:\/\/expressometro.mx\/#\/schema\/logo\/image\/","url":"https:\/\/expressometro.mx\/wp-content\/uploads\/2019\/07\/cropped-Logo-Expresso-Metropolitano-1-1.jpeg","contentUrl":"https:\/\/expressometro.mx\/wp-content\/uploads\/2019\/07\/cropped-Logo-Expresso-Metropolitano-1-1.jpeg","width":290,"height":73,"caption":"Expresso Metropolitano"},"image":{"@id":"https:\/\/expressometro.mx\/#\/schema\/logo\/image\/"}},{"@type":"Person","@id":"https:\/\/expressometro.mx\/#\/schema\/person\/efa971b4a0664db8ed5c22b1b0dd2f5d","name":"Expresso Metropolitano","image":{"@type":"ImageObject","inLanguage":"es","@id":"https:\/\/secure.gravatar.com\/avatar\/a89f802b8de18c6952f223c88d3d106e9e3679839f4e25a02f4a6cc2ae6ba3b3?s=96&d=mm&r=g","url":"https:\/\/secure.gravatar.com\/avatar\/a89f802b8de18c6952f223c88d3d106e9e3679839f4e25a02f4a6cc2ae6ba3b3?s=96&d=mm&r=g","contentUrl":"https:\/\/secure.gravatar.com\/avatar\/a89f802b8de18c6952f223c88d3d106e9e3679839f4e25a02f4a6cc2ae6ba3b3?s=96&d=mm&r=g","caption":"Expresso Metropolitano"},"url":"https:\/\/expressometro.mx\/index.php\/author\/diego\/"}]}},"amp_enabled":true,"_links":{"self":[{"href":"https:\/\/expressometro.mx\/index.php\/wp-json\/wp\/v2\/posts\/1845","targetHints":{"allow":["GET"]}}],"collection":[{"href":"https:\/\/expressometro.mx\/index.php\/wp-json\/wp\/v2\/posts"}],"about":[{"href":"https:\/\/expressometro.mx\/index.php\/wp-json\/wp\/v2\/types\/post"}],"author":[{"embeddable":true,"href":"https:\/\/expressometro.mx\/index.php\/wp-json\/wp\/v2\/users\/1"}],"replies":[{"embeddable":true,"href":"https:\/\/expressometro.mx\/index.php\/wp-json\/wp\/v2\/comments?post=1845"}],"version-history":[{"count":1,"href":"https:\/\/expressometro.mx\/index.php\/wp-json\/wp\/v2\/posts\/1845\/revisions"}],"predecessor-version":[{"id":1847,"href":"https:\/\/expressometro.mx\/index.php\/wp-json\/wp\/v2\/posts\/1845\/revisions\/1847"}],"wp:featuredmedia":[{"embeddable":true,"href":"https:\/\/expressometro.mx\/index.php\/wp-json\/wp\/v2\/media\/1846"}],"wp:attachment":[{"href":"https:\/\/expressometro.mx\/index.php\/wp-json\/wp\/v2\/media?parent=1845"}],"wp:term":[{"taxonomy":"category","embeddable":true,"href":"https:\/\/expressometro.mx\/index.php\/wp-json\/wp\/v2\/categories?post=1845"},{"taxonomy":"post_tag","embeddable":true,"href":"https:\/\/expressometro.mx\/index.php\/wp-json\/wp\/v2\/tags?post=1845"}],"curies":[{"name":"wp","href":"https:\/\/api.w.org\/{rel}","templated":true}]}}