{"id":184,"date":"2019-08-18T18:58:14","date_gmt":"2019-08-18T23:58:14","guid":{"rendered":"http:\/\/expressometro.mx\/?p=184"},"modified":"2019-09-25T10:41:43","modified_gmt":"2019-09-25T15:41:43","slug":"es-prioridad-del-gem-atender-a-sectores-vulnerables-para-elevar-su-calidad-de-vida","status":"publish","type":"post","link":"https:\/\/expressometro.mx\/index.php\/2019\/08\/18\/es-prioridad-del-gem-atender-a-sectores-vulnerables-para-elevar-su-calidad-de-vida\/","title":{"rendered":"ES PRIORIDAD DEL GEM ATENDER A SECTORES VULNERABLES PARA ELEVAR SU CALIDAD DE VIDA"},"content":{"rendered":"\n<p>Las pol\u00edticas p\u00fablicas del Gobernador Alfredo Del Mazo Maza tienen como prioridad seguir trabajando en atender a los sectores vulnerables de la poblaci\u00f3n, con acciones encaminadas a beneficiar a las familias mexiquenses, sobre todo a las mujeres, quienes representan el eje central de la presente administraci\u00f3n, se\u00f1al\u00f3 la Secretar\u00eda de Desarrollo Social.<\/p>\n\n\n\n<p>Tanto en el municipio de Joquicingo como en el de Malinalco fueron entregados diversos programas de car\u00e1cter social; en el primero, vales para el mejoramiento de la vivienda como parte del recurso del Fondo de Infraestructura Social para Entidades (FISE).<\/p>\n\n\n\n<p>Ah\u00ed se proporcion\u00f3 un monto de 12 millones de pesos, el cual ser\u00e1 empleado para 35 cuartos dormitorios, 27 techos firmes, 35 cuartos para ba\u00f1o y 282 calentadores solares, entre otras acciones.<\/p>\n\n\n\n<p>Asimismo, se favoreci\u00f3 a la ni\u00f1ez de tres a 15 a\u00f1os con el programa Familias Fuertes Ni\u00f1ez Ind\u00edgena, que adem\u00e1s de brindar canastas alimentarias y \u00fatiles escolares, se busca asignarles un padrino que los apoye en sus diferentes circunstancias y necesidades.<\/p>\n\n\n\n<p>Referente a los adultos mayores, el titular de esta Secretar\u00eda, Eric Sevilla Montes de Oca, expres\u00f3 que en el 2019 se atender\u00e1n a 100 mil personas en todo el Estado de M\u00e9xico, por medio de canastas alimentarias y brigadas m\u00e9dicas compuestas por geront\u00f3logos, atenci\u00f3n psicol\u00f3gica y orientaci\u00f3n legal, las cuales han prestado m\u00e1s de 76 mil servicios.<\/p>\n\n\n\n<p>Al encabezar la entrega del Programa Familias Fuertes Canasta Edom\u00e9x, record\u00f3 que se atender\u00e1n a m\u00e1s de 560 mil personas de 18 a 59 a\u00f1os de edad en condiciones de pobreza alimentaria.<\/p>\n\n\n\n<p>En su oportunidad, el Presidente municipal de Joquicingo, Dionisio Becerril L\u00f3pez, manifest\u00f3 su agradecimiento por el trabajo coordinado del gobierno para impulsar acciones de mejoramiento a la vivienda.<\/p>\n\n\n\n<p>En tanto Mariano Camacho San Mart\u00edn, Director General de Programas Sociales, indic\u00f3 que se continuar\u00e1 trabajando con el municipio para mejorar la calidad de vida de los pobladores.<\/p>\n\n\n\n<p>Posteriormente, en el municipio de Malinalco tambi\u00e9n se entregaron canastas alimentarias de los programas Familias Fuertes Ni\u00f1ez Ind\u00edgena y Familias Fuertes Canasta Edom\u00e9x, as\u00ed como 80 aparatos funcionales compuestos por 20 sillas de ruedas, 20 bastones, 20 andaderas y 20 juegos de muletas y vales del recurso FISE que se emplear\u00e1n para 300 calentadores solares, destinando as\u00ed un monto de 3 millones de pesos.<\/p>\n\n\n\n<p>Finalmente, el Presidente municipal Roberto Caba\u00f1as Poblete, agradeci\u00f3 la entrega de apoyos para las familias vulnerables, mientras que Dora Elena Real Salinas, Vocal Ejecutiva del Consejo Estatal Para el Desarrollo Integral de los Pueblos Ind\u00edgenas (CEDIPIEM), refrend\u00f3 el compromiso que se tiene a favor de la ni\u00f1ez ind\u00edgena.<\/p>\n","protected":false},"excerpt":{"rendered":"<p>Las pol\u00edticas p\u00fablicas del Gobernador Alfredo Del Mazo Maza tienen como prioridad seguir trabajando en atender a los sectores vulnerables de la poblaci\u00f3n, con acciones encaminadas a beneficiar a las familias mexiquenses, sobre todo a las mujeres, quienes representan el eje central de la presente administraci\u00f3n, se\u00f1al\u00f3 la Secretar\u00eda de Desarrollo Social. Tanto en el municipio de Joquicingo como en el de Malinalco fueron entregados diversos programas de car\u00e1cter social; en el primero, vales para el mejoramiento de la vivienda como parte del recurso del Fondo de Infraestructura Social para&hellip;<\/p>\n","protected":false},"author":1,"featured_media":0,"comment_status":"open","ping_status":"open","sticky":false,"template":"","format":"standard","meta":{"footnotes":""},"categories":[4,3],"tags":[],"class_list":["post-184","post","type-post","status-publish","format-standard","hentry","category-finanzas","category-gobierno"],"yoast_head":"<!-- This site is optimized with the Yoast SEO plugin v27.4 - https:\/\/yoast.com\/product\/yoast-seo-wordpress\/ -->\n<title>ES PRIORIDAD DEL GEM ATENDER A SECTORES VULNERABLES PARA ELEVAR SU CALIDAD DE VIDA - Expresso Metropolitano<\/title>\n<meta name=\"robots\" content=\"index, follow, max-snippet:-1, max-image-preview:large, max-video-preview:-1\" \/>\n<link rel=\"canonical\" href=\"https:\/\/expressometro.mx\/index.php\/2019\/08\/18\/es-prioridad-del-gem-atender-a-sectores-vulnerables-para-elevar-su-calidad-de-vida\/\" \/>\n<meta property=\"og:locale\" content=\"es_MX\" \/>\n<meta property=\"og:type\" content=\"article\" \/>\n<meta property=\"og:title\" content=\"ES PRIORIDAD DEL GEM ATENDER A SECTORES VULNERABLES PARA ELEVAR SU CALIDAD DE VIDA - Expresso Metropolitano\" \/>\n<meta property=\"og:description\" content=\"Las pol\u00edticas p\u00fablicas del Gobernador Alfredo Del Mazo Maza tienen como prioridad seguir trabajando en atender a los sectores vulnerables de la poblaci\u00f3n, con acciones encaminadas a beneficiar a las familias mexiquenses, sobre todo a las mujeres, quienes representan el eje central de la presente administraci\u00f3n, se\u00f1al\u00f3 la Secretar\u00eda de Desarrollo Social. Tanto en el municipio de Joquicingo como en el de Malinalco fueron entregados diversos programas de car\u00e1cter social; en el primero, vales para el mejoramiento de la vivienda como parte del recurso del Fondo de Infraestructura Social para&hellip;\" \/>\n<meta property=\"og:url\" content=\"https:\/\/expressometro.mx\/index.php\/2019\/08\/18\/es-prioridad-del-gem-atender-a-sectores-vulnerables-para-elevar-su-calidad-de-vida\/\" \/>\n<meta property=\"og:site_name\" content=\"Expresso Metropolitano\" \/>\n<meta property=\"article:published_time\" content=\"2019-08-18T23:58:14+00:00\" \/>\n<meta property=\"article:modified_time\" content=\"2019-09-25T15:41:43+00:00\" \/>\n<meta property=\"og:image\" content=\"https:\/\/expressometro.mx\/wp-content\/uploads\/2019\/08\/w2_8563_2.jpg\" \/>\n\t<meta property=\"og:image:width\" content=\"1471\" \/>\n\t<meta property=\"og:image:height\" content=\"981\" \/>\n\t<meta property=\"og:image:type\" content=\"image\/jpeg\" \/>\n<meta name=\"author\" content=\"Expresso Metropolitano\" \/>\n<meta name=\"twitter:label1\" content=\"Escrito por\" \/>\n\t<meta name=\"twitter:data1\" content=\"Expresso Metropolitano\" \/>\n\t<meta name=\"twitter:label2\" content=\"Tiempo de lectura\" \/>\n\t<meta name=\"twitter:data2\" content=\"2 minutos\" \/>\n<script type=\"application\/ld+json\" class=\"yoast-schema-graph\">{\"@context\":\"https:\\\/\\\/schema.org\",\"@graph\":[{\"@type\":\"Article\",\"@id\":\"https:\\\/\\\/expressometro.mx\\\/index.php\\\/2019\\\/08\\\/18\\\/es-prioridad-del-gem-atender-a-sectores-vulnerables-para-elevar-su-calidad-de-vida\\\/#article\",\"isPartOf\":{\"@id\":\"https:\\\/\\\/expressometro.mx\\\/index.php\\\/2019\\\/08\\\/18\\\/es-prioridad-del-gem-atender-a-sectores-vulnerables-para-elevar-su-calidad-de-vida\\\/\"},\"author\":{\"name\":\"Expresso Metropolitano\",\"@id\":\"https:\\\/\\\/expressometro.mx\\\/#\\\/schema\\\/person\\\/efa971b4a0664db8ed5c22b1b0dd2f5d\"},\"headline\":\"ES PRIORIDAD DEL GEM ATENDER A SECTORES VULNERABLES PARA ELEVAR SU CALIDAD DE VIDA\",\"datePublished\":\"2019-08-18T23:58:14+00:00\",\"dateModified\":\"2019-09-25T15:41:43+00:00\",\"mainEntityOfPage\":{\"@id\":\"https:\\\/\\\/expressometro.mx\\\/index.php\\\/2019\\\/08\\\/18\\\/es-prioridad-del-gem-atender-a-sectores-vulnerables-para-elevar-su-calidad-de-vida\\\/\"},\"wordCount\":454,\"commentCount\":0,\"publisher\":{\"@id\":\"https:\\\/\\\/expressometro.mx\\\/#organization\"},\"articleSection\":[\"Finanzas\",\"Gobierno\"],\"inLanguage\":\"es\",\"potentialAction\":[{\"@type\":\"CommentAction\",\"name\":\"Comment\",\"target\":[\"https:\\\/\\\/expressometro.mx\\\/index.php\\\/2019\\\/08\\\/18\\\/es-prioridad-del-gem-atender-a-sectores-vulnerables-para-elevar-su-calidad-de-vida\\\/#respond\"]}]},{\"@type\":\"WebPage\",\"@id\":\"https:\\\/\\\/expressometro.mx\\\/index.php\\\/2019\\\/08\\\/18\\\/es-prioridad-del-gem-atender-a-sectores-vulnerables-para-elevar-su-calidad-de-vida\\\/\",\"url\":\"https:\\\/\\\/expressometro.mx\\\/index.php\\\/2019\\\/08\\\/18\\\/es-prioridad-del-gem-atender-a-sectores-vulnerables-para-elevar-su-calidad-de-vida\\\/\",\"name\":\"ES PRIORIDAD DEL GEM ATENDER A SECTORES VULNERABLES PARA ELEVAR SU CALIDAD DE VIDA - Expresso Metropolitano\",\"isPartOf\":{\"@id\":\"https:\\\/\\\/expressometro.mx\\\/#website\"},\"datePublished\":\"2019-08-18T23:58:14+00:00\",\"dateModified\":\"2019-09-25T15:41:43+00:00\",\"breadcrumb\":{\"@id\":\"https:\\\/\\\/expressometro.mx\\\/index.php\\\/2019\\\/08\\\/18\\\/es-prioridad-del-gem-atender-a-sectores-vulnerables-para-elevar-su-calidad-de-vida\\\/#breadcrumb\"},\"inLanguage\":\"es\",\"potentialAction\":[{\"@type\":\"ReadAction\",\"target\":[\"https:\\\/\\\/expressometro.mx\\\/index.php\\\/2019\\\/08\\\/18\\\/es-prioridad-del-gem-atender-a-sectores-vulnerables-para-elevar-su-calidad-de-vida\\\/\"]}]},{\"@type\":\"BreadcrumbList\",\"@id\":\"https:\\\/\\\/expressometro.mx\\\/index.php\\\/2019\\\/08\\\/18\\\/es-prioridad-del-gem-atender-a-sectores-vulnerables-para-elevar-su-calidad-de-vida\\\/#breadcrumb\",\"itemListElement\":[{\"@type\":\"ListItem\",\"position\":1,\"name\":\"Inicio\",\"item\":\"https:\\\/\\\/expressometro.mx\\\/\"},{\"@type\":\"ListItem\",\"position\":2,\"name\":\"ES PRIORIDAD DEL GEM ATENDER A SECTORES VULNERABLES PARA ELEVAR SU CALIDAD DE VIDA\"}]},{\"@type\":\"WebSite\",\"@id\":\"https:\\\/\\\/expressometro.mx\\\/#website\",\"url\":\"https:\\\/\\\/expressometro.mx\\\/\",\"name\":\"Expresso Metropolitano\",\"description\":\"Periodismo comprometido, informaci\u00f3n, investigaci\u00f3n y an\u00e1lisis\",\"publisher\":{\"@id\":\"https:\\\/\\\/expressometro.mx\\\/#organization\"},\"potentialAction\":[{\"@type\":\"SearchAction\",\"target\":{\"@type\":\"EntryPoint\",\"urlTemplate\":\"https:\\\/\\\/expressometro.mx\\\/?s={search_term_string}\"},\"query-input\":{\"@type\":\"PropertyValueSpecification\",\"valueRequired\":true,\"valueName\":\"search_term_string\"}}],\"inLanguage\":\"es\"},{\"@type\":\"Organization\",\"@id\":\"https:\\\/\\\/expressometro.mx\\\/#organization\",\"name\":\"Expresso Metropolitano\",\"url\":\"https:\\\/\\\/expressometro.mx\\\/\",\"logo\":{\"@type\":\"ImageObject\",\"inLanguage\":\"es\",\"@id\":\"https:\\\/\\\/expressometro.mx\\\/#\\\/schema\\\/logo\\\/image\\\/\",\"url\":\"https:\\\/\\\/expressometro.mx\\\/wp-content\\\/uploads\\\/2019\\\/07\\\/cropped-Logo-Expresso-Metropolitano-1-1.jpeg\",\"contentUrl\":\"https:\\\/\\\/expressometro.mx\\\/wp-content\\\/uploads\\\/2019\\\/07\\\/cropped-Logo-Expresso-Metropolitano-1-1.jpeg\",\"width\":290,\"height\":73,\"caption\":\"Expresso Metropolitano\"},\"image\":{\"@id\":\"https:\\\/\\\/expressometro.mx\\\/#\\\/schema\\\/logo\\\/image\\\/\"}},{\"@type\":\"Person\",\"@id\":\"https:\\\/\\\/expressometro.mx\\\/#\\\/schema\\\/person\\\/efa971b4a0664db8ed5c22b1b0dd2f5d\",\"name\":\"Expresso Metropolitano\",\"image\":{\"@type\":\"ImageObject\",\"inLanguage\":\"es\",\"@id\":\"https:\\\/\\\/secure.gravatar.com\\\/avatar\\\/a89f802b8de18c6952f223c88d3d106e9e3679839f4e25a02f4a6cc2ae6ba3b3?s=96&d=mm&r=g\",\"url\":\"https:\\\/\\\/secure.gravatar.com\\\/avatar\\\/a89f802b8de18c6952f223c88d3d106e9e3679839f4e25a02f4a6cc2ae6ba3b3?s=96&d=mm&r=g\",\"contentUrl\":\"https:\\\/\\\/secure.gravatar.com\\\/avatar\\\/a89f802b8de18c6952f223c88d3d106e9e3679839f4e25a02f4a6cc2ae6ba3b3?s=96&d=mm&r=g\",\"caption\":\"Expresso Metropolitano\"},\"url\":\"https:\\\/\\\/expressometro.mx\\\/index.php\\\/author\\\/diego\\\/\"}]}<\/script>\n<!-- \/ Yoast SEO plugin. -->","yoast_head_json":{"title":"ES PRIORIDAD DEL GEM ATENDER A SECTORES VULNERABLES PARA ELEVAR SU CALIDAD DE VIDA - Expresso Metropolitano","robots":{"index":"index","follow":"follow","max-snippet":"max-snippet:-1","max-image-preview":"max-image-preview:large","max-video-preview":"max-video-preview:-1"},"canonical":"https:\/\/expressometro.mx\/index.php\/2019\/08\/18\/es-prioridad-del-gem-atender-a-sectores-vulnerables-para-elevar-su-calidad-de-vida\/","og_locale":"es_MX","og_type":"article","og_title":"ES PRIORIDAD DEL GEM ATENDER A SECTORES VULNERABLES PARA ELEVAR SU CALIDAD DE VIDA - Expresso Metropolitano","og_description":"Las pol\u00edticas p\u00fablicas del Gobernador Alfredo Del Mazo Maza tienen como prioridad seguir trabajando en atender a los sectores vulnerables de la poblaci\u00f3n, con acciones encaminadas a beneficiar a las familias mexiquenses, sobre todo a las mujeres, quienes representan el eje central de la presente administraci\u00f3n, se\u00f1al\u00f3 la Secretar\u00eda de Desarrollo Social. Tanto en el municipio de Joquicingo como en el de Malinalco fueron entregados diversos programas de car\u00e1cter social; en el primero, vales para el mejoramiento de la vivienda como parte del recurso del Fondo de Infraestructura Social para&hellip;","og_url":"https:\/\/expressometro.mx\/index.php\/2019\/08\/18\/es-prioridad-del-gem-atender-a-sectores-vulnerables-para-elevar-su-calidad-de-vida\/","og_site_name":"Expresso Metropolitano","article_published_time":"2019-08-18T23:58:14+00:00","article_modified_time":"2019-09-25T15:41:43+00:00","og_image":[{"width":1471,"height":981,"url":"https:\/\/expressometro.mx\/wp-content\/uploads\/2019\/08\/w2_8563_2.jpg","type":"image\/jpeg"}],"author":"Expresso Metropolitano","twitter_misc":{"Escrito por":"Expresso Metropolitano","Tiempo de lectura":"2 minutos"},"schema":{"@context":"https:\/\/schema.org","@graph":[{"@type":"Article","@id":"https:\/\/expressometro.mx\/index.php\/2019\/08\/18\/es-prioridad-del-gem-atender-a-sectores-vulnerables-para-elevar-su-calidad-de-vida\/#article","isPartOf":{"@id":"https:\/\/expressometro.mx\/index.php\/2019\/08\/18\/es-prioridad-del-gem-atender-a-sectores-vulnerables-para-elevar-su-calidad-de-vida\/"},"author":{"name":"Expresso Metropolitano","@id":"https:\/\/expressometro.mx\/#\/schema\/person\/efa971b4a0664db8ed5c22b1b0dd2f5d"},"headline":"ES PRIORIDAD DEL GEM ATENDER A SECTORES VULNERABLES PARA ELEVAR SU CALIDAD DE VIDA","datePublished":"2019-08-18T23:58:14+00:00","dateModified":"2019-09-25T15:41:43+00:00","mainEntityOfPage":{"@id":"https:\/\/expressometro.mx\/index.php\/2019\/08\/18\/es-prioridad-del-gem-atender-a-sectores-vulnerables-para-elevar-su-calidad-de-vida\/"},"wordCount":454,"commentCount":0,"publisher":{"@id":"https:\/\/expressometro.mx\/#organization"},"articleSection":["Finanzas","Gobierno"],"inLanguage":"es","potentialAction":[{"@type":"CommentAction","name":"Comment","target":["https:\/\/expressometro.mx\/index.php\/2019\/08\/18\/es-prioridad-del-gem-atender-a-sectores-vulnerables-para-elevar-su-calidad-de-vida\/#respond"]}]},{"@type":"WebPage","@id":"https:\/\/expressometro.mx\/index.php\/2019\/08\/18\/es-prioridad-del-gem-atender-a-sectores-vulnerables-para-elevar-su-calidad-de-vida\/","url":"https:\/\/expressometro.mx\/index.php\/2019\/08\/18\/es-prioridad-del-gem-atender-a-sectores-vulnerables-para-elevar-su-calidad-de-vida\/","name":"ES PRIORIDAD DEL GEM ATENDER A SECTORES VULNERABLES PARA ELEVAR SU CALIDAD DE VIDA - Expresso Metropolitano","isPartOf":{"@id":"https:\/\/expressometro.mx\/#website"},"datePublished":"2019-08-18T23:58:14+00:00","dateModified":"2019-09-25T15:41:43+00:00","breadcrumb":{"@id":"https:\/\/expressometro.mx\/index.php\/2019\/08\/18\/es-prioridad-del-gem-atender-a-sectores-vulnerables-para-elevar-su-calidad-de-vida\/#breadcrumb"},"inLanguage":"es","potentialAction":[{"@type":"ReadAction","target":["https:\/\/expressometro.mx\/index.php\/2019\/08\/18\/es-prioridad-del-gem-atender-a-sectores-vulnerables-para-elevar-su-calidad-de-vida\/"]}]},{"@type":"BreadcrumbList","@id":"https:\/\/expressometro.mx\/index.php\/2019\/08\/18\/es-prioridad-del-gem-atender-a-sectores-vulnerables-para-elevar-su-calidad-de-vida\/#breadcrumb","itemListElement":[{"@type":"ListItem","position":1,"name":"Inicio","item":"https:\/\/expressometro.mx\/"},{"@type":"ListItem","position":2,"name":"ES PRIORIDAD DEL GEM ATENDER A SECTORES VULNERABLES PARA ELEVAR SU CALIDAD DE VIDA"}]},{"@type":"WebSite","@id":"https:\/\/expressometro.mx\/#website","url":"https:\/\/expressometro.mx\/","name":"Expresso Metropolitano","description":"Periodismo comprometido, informaci\u00f3n, investigaci\u00f3n y an\u00e1lisis","publisher":{"@id":"https:\/\/expressometro.mx\/#organization"},"potentialAction":[{"@type":"SearchAction","target":{"@type":"EntryPoint","urlTemplate":"https:\/\/expressometro.mx\/?s={search_term_string}"},"query-input":{"@type":"PropertyValueSpecification","valueRequired":true,"valueName":"search_term_string"}}],"inLanguage":"es"},{"@type":"Organization","@id":"https:\/\/expressometro.mx\/#organization","name":"Expresso Metropolitano","url":"https:\/\/expressometro.mx\/","logo":{"@type":"ImageObject","inLanguage":"es","@id":"https:\/\/expressometro.mx\/#\/schema\/logo\/image\/","url":"https:\/\/expressometro.mx\/wp-content\/uploads\/2019\/07\/cropped-Logo-Expresso-Metropolitano-1-1.jpeg","contentUrl":"https:\/\/expressometro.mx\/wp-content\/uploads\/2019\/07\/cropped-Logo-Expresso-Metropolitano-1-1.jpeg","width":290,"height":73,"caption":"Expresso Metropolitano"},"image":{"@id":"https:\/\/expressometro.mx\/#\/schema\/logo\/image\/"}},{"@type":"Person","@id":"https:\/\/expressometro.mx\/#\/schema\/person\/efa971b4a0664db8ed5c22b1b0dd2f5d","name":"Expresso Metropolitano","image":{"@type":"ImageObject","inLanguage":"es","@id":"https:\/\/secure.gravatar.com\/avatar\/a89f802b8de18c6952f223c88d3d106e9e3679839f4e25a02f4a6cc2ae6ba3b3?s=96&d=mm&r=g","url":"https:\/\/secure.gravatar.com\/avatar\/a89f802b8de18c6952f223c88d3d106e9e3679839f4e25a02f4a6cc2ae6ba3b3?s=96&d=mm&r=g","contentUrl":"https:\/\/secure.gravatar.com\/avatar\/a89f802b8de18c6952f223c88d3d106e9e3679839f4e25a02f4a6cc2ae6ba3b3?s=96&d=mm&r=g","caption":"Expresso Metropolitano"},"url":"https:\/\/expressometro.mx\/index.php\/author\/diego\/"}]}},"amp_enabled":true,"_links":{"self":[{"href":"https:\/\/expressometro.mx\/index.php\/wp-json\/wp\/v2\/posts\/184","targetHints":{"allow":["GET"]}}],"collection":[{"href":"https:\/\/expressometro.mx\/index.php\/wp-json\/wp\/v2\/posts"}],"about":[{"href":"https:\/\/expressometro.mx\/index.php\/wp-json\/wp\/v2\/types\/post"}],"author":[{"embeddable":true,"href":"https:\/\/expressometro.mx\/index.php\/wp-json\/wp\/v2\/users\/1"}],"replies":[{"embeddable":true,"href":"https:\/\/expressometro.mx\/index.php\/wp-json\/wp\/v2\/comments?post=184"}],"version-history":[{"count":1,"href":"https:\/\/expressometro.mx\/index.php\/wp-json\/wp\/v2\/posts\/184\/revisions"}],"predecessor-version":[{"id":186,"href":"https:\/\/expressometro.mx\/index.php\/wp-json\/wp\/v2\/posts\/184\/revisions\/186"}],"wp:attachment":[{"href":"https:\/\/expressometro.mx\/index.php\/wp-json\/wp\/v2\/media?parent=184"}],"wp:term":[{"taxonomy":"category","embeddable":true,"href":"https:\/\/expressometro.mx\/index.php\/wp-json\/wp\/v2\/categories?post=184"},{"taxonomy":"post_tag","embeddable":true,"href":"https:\/\/expressometro.mx\/index.php\/wp-json\/wp\/v2\/tags?post=184"}],"curies":[{"name":"wp","href":"https:\/\/api.w.org\/{rel}","templated":true}]}}