{"id":1821,"date":"2020-08-25T14:55:26","date_gmt":"2020-08-25T19:55:26","guid":{"rendered":"http:\/\/expressometro.mx\/?p=1821"},"modified":"2020-08-25T14:55:28","modified_gmt":"2020-08-25T19:55:28","slug":"villa-del-carbon","status":"publish","type":"post","link":"https:\/\/expressometro.mx\/index.php\/2020\/08\/25\/villa-del-carbon\/","title":{"rendered":"VILLA DEL CARB\u00d3N"},"content":{"rendered":"\n<p>Con el fin de reactivar paulatinamente la econom\u00eda del municipio de Villa del Carb\u00f3n se mantendr\u00e1 el 30% de aforo en lugares destinados al comercio y al turismo.  <\/p>\n\n\n\n<p>Esto derivado de las medidas de sanidad que se mantienen en el Estado de M\u00e9xico. Pero que con esa prevenci\u00f3n se pueda salir adelante en la comunidad, reconoci\u00f3 el director de Desarrollo Econ\u00f3mico, Ricardo Flores Castillo.  <\/p>\n\n\n\n<p>Lo mejor es mantener esta capacidad, cuidando siempre las medidas de sana distancia, considerar el uso de cubrebocas y el lavado frecuente de manos, agreg\u00f3 el funcionario municipal.<\/p>\n\n\n\n<p>\u201cCon la reactivaci\u00f3n econ\u00f3mica siempre atentos al sem\u00e1foro, estamos retomando las actividades comerciales y tur\u00edsticas, pensando en el empleo, los peque\u00f1os negocios y la econom\u00eda de las familias villacarbonenses sin descuidar de ninguna manera la salud de todos\u201d.<\/p>\n\n\n\n<p>Incluso como medida de reactivaci\u00f3n, el alcalde Gustavo Mancilla Rend\u00f3n dio la facilidad para que los vecinos propietarios de terrenos aleda\u00f1os al primer cuadro puedan usar sus predios como estacionamientos.&nbsp;<\/p>\n\n\n\n<p>El director del IMCUFIDE de Villa del Carb\u00f3n, Walter Tinoco Jacinto, asegur\u00f3 que tambi\u00e9n han impartido pl\u00e1ticas con los deportistas del municipio para compartirles las medidas que deben de seguir en esta nueva normalidad para evitar enfermar por covid-19.<\/p>\n\n\n\n<p>Nos encontramos realizando un acercamiento con los responsables encargados de las distintas ligas deportivas, de diferentes disciplinas para darles a conocer los protocolos a seguir dentro de esta nueva normalidad para as\u00ed evitar poner en riesgo a este importante sector de la sociedad.<\/p>\n","protected":false},"excerpt":{"rendered":"<p>Con el fin de reactivar paulatinamente la econom\u00eda del municipio de Villa del Carb\u00f3n se mantendr\u00e1 el 30% de aforo en lugares destinados al comercio y al turismo. Esto derivado de las medidas de sanidad que se mantienen en el Estado de M\u00e9xico. Pero que con esa prevenci\u00f3n se pueda salir adelante en la comunidad, reconoci\u00f3 el director de Desarrollo Econ\u00f3mico, Ricardo Flores Castillo. Lo mejor es mantener esta capacidad, cuidando siempre las medidas de sana distancia, considerar el uso de cubrebocas y el lavado frecuente de manos, agreg\u00f3 el&hellip;<\/p>\n","protected":false},"author":1,"featured_media":1822,"comment_status":"open","ping_status":"open","sticky":false,"template":"","format":"standard","meta":{"footnotes":""},"categories":[3],"tags":[],"class_list":["post-1821","post","type-post","status-publish","format-standard","has-post-thumbnail","hentry","category-gobierno"],"yoast_head":"<!-- This site is optimized with the Yoast SEO plugin v27.4 - https:\/\/yoast.com\/product\/yoast-seo-wordpress\/ -->\n<title>VILLA DEL CARB\u00d3N - Expresso Metropolitano<\/title>\n<meta name=\"robots\" content=\"index, follow, max-snippet:-1, max-image-preview:large, max-video-preview:-1\" \/>\n<link rel=\"canonical\" href=\"https:\/\/expressometro.mx\/index.php\/2020\/08\/25\/villa-del-carbon\/\" \/>\n<meta property=\"og:locale\" content=\"es_MX\" \/>\n<meta property=\"og:type\" content=\"article\" \/>\n<meta property=\"og:title\" content=\"VILLA DEL CARB\u00d3N - Expresso Metropolitano\" \/>\n<meta property=\"og:description\" content=\"Con el fin de reactivar paulatinamente la econom\u00eda del municipio de Villa del Carb\u00f3n se mantendr\u00e1 el 30% de aforo en lugares destinados al comercio y al turismo. Esto derivado de las medidas de sanidad que se mantienen en el Estado de M\u00e9xico. Pero que con esa prevenci\u00f3n se pueda salir adelante en la comunidad, reconoci\u00f3 el director de Desarrollo Econ\u00f3mico, Ricardo Flores Castillo. Lo mejor es mantener esta capacidad, cuidando siempre las medidas de sana distancia, considerar el uso de cubrebocas y el lavado frecuente de manos, agreg\u00f3 el&hellip;\" \/>\n<meta property=\"og:url\" content=\"https:\/\/expressometro.mx\/index.php\/2020\/08\/25\/villa-del-carbon\/\" \/>\n<meta property=\"og:site_name\" content=\"Expresso Metropolitano\" \/>\n<meta property=\"article:published_time\" content=\"2020-08-25T19:55:26+00:00\" \/>\n<meta property=\"article:modified_time\" content=\"2020-08-25T19:55:28+00:00\" \/>\n<meta property=\"og:image\" content=\"https:\/\/expressometro.mx\/wp-content\/uploads\/2020\/08\/A21C2D27-349D-43F8-82D5-239A813F7A6D.jpeg\" \/>\n\t<meta property=\"og:image:width\" content=\"715\" \/>\n\t<meta property=\"og:image:height\" content=\"429\" \/>\n\t<meta property=\"og:image:type\" content=\"image\/jpeg\" \/>\n<meta name=\"author\" content=\"Expresso Metropolitano\" \/>\n<meta name=\"twitter:label1\" content=\"Escrito por\" \/>\n\t<meta name=\"twitter:data1\" content=\"Expresso Metropolitano\" \/>\n\t<meta name=\"twitter:label2\" content=\"Tiempo de lectura\" \/>\n\t<meta name=\"twitter:data2\" content=\"1 minuto\" \/>\n<script type=\"application\/ld+json\" class=\"yoast-schema-graph\">{\"@context\":\"https:\\\/\\\/schema.org\",\"@graph\":[{\"@type\":\"Article\",\"@id\":\"https:\\\/\\\/expressometro.mx\\\/index.php\\\/2020\\\/08\\\/25\\\/villa-del-carbon\\\/#article\",\"isPartOf\":{\"@id\":\"https:\\\/\\\/expressometro.mx\\\/index.php\\\/2020\\\/08\\\/25\\\/villa-del-carbon\\\/\"},\"author\":{\"name\":\"Expresso Metropolitano\",\"@id\":\"https:\\\/\\\/expressometro.mx\\\/#\\\/schema\\\/person\\\/efa971b4a0664db8ed5c22b1b0dd2f5d\"},\"headline\":\"VILLA DEL CARB\u00d3N\",\"datePublished\":\"2020-08-25T19:55:26+00:00\",\"dateModified\":\"2020-08-25T19:55:28+00:00\",\"mainEntityOfPage\":{\"@id\":\"https:\\\/\\\/expressometro.mx\\\/index.php\\\/2020\\\/08\\\/25\\\/villa-del-carbon\\\/\"},\"wordCount\":263,\"commentCount\":0,\"publisher\":{\"@id\":\"https:\\\/\\\/expressometro.mx\\\/#organization\"},\"image\":{\"@id\":\"https:\\\/\\\/expressometro.mx\\\/index.php\\\/2020\\\/08\\\/25\\\/villa-del-carbon\\\/#primaryimage\"},\"thumbnailUrl\":\"https:\\\/\\\/expressometro.mx\\\/wp-content\\\/uploads\\\/2020\\\/08\\\/A21C2D27-349D-43F8-82D5-239A813F7A6D.jpeg\",\"articleSection\":[\"Gobierno\"],\"inLanguage\":\"es\",\"potentialAction\":[{\"@type\":\"CommentAction\",\"name\":\"Comment\",\"target\":[\"https:\\\/\\\/expressometro.mx\\\/index.php\\\/2020\\\/08\\\/25\\\/villa-del-carbon\\\/#respond\"]}]},{\"@type\":\"WebPage\",\"@id\":\"https:\\\/\\\/expressometro.mx\\\/index.php\\\/2020\\\/08\\\/25\\\/villa-del-carbon\\\/\",\"url\":\"https:\\\/\\\/expressometro.mx\\\/index.php\\\/2020\\\/08\\\/25\\\/villa-del-carbon\\\/\",\"name\":\"VILLA DEL CARB\u00d3N - Expresso Metropolitano\",\"isPartOf\":{\"@id\":\"https:\\\/\\\/expressometro.mx\\\/#website\"},\"primaryImageOfPage\":{\"@id\":\"https:\\\/\\\/expressometro.mx\\\/index.php\\\/2020\\\/08\\\/25\\\/villa-del-carbon\\\/#primaryimage\"},\"image\":{\"@id\":\"https:\\\/\\\/expressometro.mx\\\/index.php\\\/2020\\\/08\\\/25\\\/villa-del-carbon\\\/#primaryimage\"},\"thumbnailUrl\":\"https:\\\/\\\/expressometro.mx\\\/wp-content\\\/uploads\\\/2020\\\/08\\\/A21C2D27-349D-43F8-82D5-239A813F7A6D.jpeg\",\"datePublished\":\"2020-08-25T19:55:26+00:00\",\"dateModified\":\"2020-08-25T19:55:28+00:00\",\"breadcrumb\":{\"@id\":\"https:\\\/\\\/expressometro.mx\\\/index.php\\\/2020\\\/08\\\/25\\\/villa-del-carbon\\\/#breadcrumb\"},\"inLanguage\":\"es\",\"potentialAction\":[{\"@type\":\"ReadAction\",\"target\":[\"https:\\\/\\\/expressometro.mx\\\/index.php\\\/2020\\\/08\\\/25\\\/villa-del-carbon\\\/\"]}]},{\"@type\":\"ImageObject\",\"inLanguage\":\"es\",\"@id\":\"https:\\\/\\\/expressometro.mx\\\/index.php\\\/2020\\\/08\\\/25\\\/villa-del-carbon\\\/#primaryimage\",\"url\":\"https:\\\/\\\/expressometro.mx\\\/wp-content\\\/uploads\\\/2020\\\/08\\\/A21C2D27-349D-43F8-82D5-239A813F7A6D.jpeg\",\"contentUrl\":\"https:\\\/\\\/expressometro.mx\\\/wp-content\\\/uploads\\\/2020\\\/08\\\/A21C2D27-349D-43F8-82D5-239A813F7A6D.jpeg\",\"width\":715,\"height\":429},{\"@type\":\"BreadcrumbList\",\"@id\":\"https:\\\/\\\/expressometro.mx\\\/index.php\\\/2020\\\/08\\\/25\\\/villa-del-carbon\\\/#breadcrumb\",\"itemListElement\":[{\"@type\":\"ListItem\",\"position\":1,\"name\":\"Inicio\",\"item\":\"https:\\\/\\\/expressometro.mx\\\/\"},{\"@type\":\"ListItem\",\"position\":2,\"name\":\"VILLA DEL CARB\u00d3N\"}]},{\"@type\":\"WebSite\",\"@id\":\"https:\\\/\\\/expressometro.mx\\\/#website\",\"url\":\"https:\\\/\\\/expressometro.mx\\\/\",\"name\":\"Expresso Metropolitano\",\"description\":\"Periodismo comprometido, informaci\u00f3n, investigaci\u00f3n y an\u00e1lisis\",\"publisher\":{\"@id\":\"https:\\\/\\\/expressometro.mx\\\/#organization\"},\"potentialAction\":[{\"@type\":\"SearchAction\",\"target\":{\"@type\":\"EntryPoint\",\"urlTemplate\":\"https:\\\/\\\/expressometro.mx\\\/?s={search_term_string}\"},\"query-input\":{\"@type\":\"PropertyValueSpecification\",\"valueRequired\":true,\"valueName\":\"search_term_string\"}}],\"inLanguage\":\"es\"},{\"@type\":\"Organization\",\"@id\":\"https:\\\/\\\/expressometro.mx\\\/#organization\",\"name\":\"Expresso Metropolitano\",\"url\":\"https:\\\/\\\/expressometro.mx\\\/\",\"logo\":{\"@type\":\"ImageObject\",\"inLanguage\":\"es\",\"@id\":\"https:\\\/\\\/expressometro.mx\\\/#\\\/schema\\\/logo\\\/image\\\/\",\"url\":\"https:\\\/\\\/expressometro.mx\\\/wp-content\\\/uploads\\\/2019\\\/07\\\/cropped-Logo-Expresso-Metropolitano-1-1.jpeg\",\"contentUrl\":\"https:\\\/\\\/expressometro.mx\\\/wp-content\\\/uploads\\\/2019\\\/07\\\/cropped-Logo-Expresso-Metropolitano-1-1.jpeg\",\"width\":290,\"height\":73,\"caption\":\"Expresso Metropolitano\"},\"image\":{\"@id\":\"https:\\\/\\\/expressometro.mx\\\/#\\\/schema\\\/logo\\\/image\\\/\"}},{\"@type\":\"Person\",\"@id\":\"https:\\\/\\\/expressometro.mx\\\/#\\\/schema\\\/person\\\/efa971b4a0664db8ed5c22b1b0dd2f5d\",\"name\":\"Expresso Metropolitano\",\"image\":{\"@type\":\"ImageObject\",\"inLanguage\":\"es\",\"@id\":\"https:\\\/\\\/secure.gravatar.com\\\/avatar\\\/a89f802b8de18c6952f223c88d3d106e9e3679839f4e25a02f4a6cc2ae6ba3b3?s=96&d=mm&r=g\",\"url\":\"https:\\\/\\\/secure.gravatar.com\\\/avatar\\\/a89f802b8de18c6952f223c88d3d106e9e3679839f4e25a02f4a6cc2ae6ba3b3?s=96&d=mm&r=g\",\"contentUrl\":\"https:\\\/\\\/secure.gravatar.com\\\/avatar\\\/a89f802b8de18c6952f223c88d3d106e9e3679839f4e25a02f4a6cc2ae6ba3b3?s=96&d=mm&r=g\",\"caption\":\"Expresso Metropolitano\"},\"url\":\"https:\\\/\\\/expressometro.mx\\\/index.php\\\/author\\\/diego\\\/\"}]}<\/script>\n<!-- \/ Yoast SEO plugin. -->","yoast_head_json":{"title":"VILLA DEL CARB\u00d3N - Expresso Metropolitano","robots":{"index":"index","follow":"follow","max-snippet":"max-snippet:-1","max-image-preview":"max-image-preview:large","max-video-preview":"max-video-preview:-1"},"canonical":"https:\/\/expressometro.mx\/index.php\/2020\/08\/25\/villa-del-carbon\/","og_locale":"es_MX","og_type":"article","og_title":"VILLA DEL CARB\u00d3N - Expresso Metropolitano","og_description":"Con el fin de reactivar paulatinamente la econom\u00eda del municipio de Villa del Carb\u00f3n se mantendr\u00e1 el 30% de aforo en lugares destinados al comercio y al turismo. Esto derivado de las medidas de sanidad que se mantienen en el Estado de M\u00e9xico. Pero que con esa prevenci\u00f3n se pueda salir adelante en la comunidad, reconoci\u00f3 el director de Desarrollo Econ\u00f3mico, Ricardo Flores Castillo. Lo mejor es mantener esta capacidad, cuidando siempre las medidas de sana distancia, considerar el uso de cubrebocas y el lavado frecuente de manos, agreg\u00f3 el&hellip;","og_url":"https:\/\/expressometro.mx\/index.php\/2020\/08\/25\/villa-del-carbon\/","og_site_name":"Expresso Metropolitano","article_published_time":"2020-08-25T19:55:26+00:00","article_modified_time":"2020-08-25T19:55:28+00:00","og_image":[{"width":715,"height":429,"url":"https:\/\/expressometro.mx\/wp-content\/uploads\/2020\/08\/A21C2D27-349D-43F8-82D5-239A813F7A6D.jpeg","type":"image\/jpeg"}],"author":"Expresso Metropolitano","twitter_misc":{"Escrito por":"Expresso Metropolitano","Tiempo de lectura":"1 minuto"},"schema":{"@context":"https:\/\/schema.org","@graph":[{"@type":"Article","@id":"https:\/\/expressometro.mx\/index.php\/2020\/08\/25\/villa-del-carbon\/#article","isPartOf":{"@id":"https:\/\/expressometro.mx\/index.php\/2020\/08\/25\/villa-del-carbon\/"},"author":{"name":"Expresso Metropolitano","@id":"https:\/\/expressometro.mx\/#\/schema\/person\/efa971b4a0664db8ed5c22b1b0dd2f5d"},"headline":"VILLA DEL CARB\u00d3N","datePublished":"2020-08-25T19:55:26+00:00","dateModified":"2020-08-25T19:55:28+00:00","mainEntityOfPage":{"@id":"https:\/\/expressometro.mx\/index.php\/2020\/08\/25\/villa-del-carbon\/"},"wordCount":263,"commentCount":0,"publisher":{"@id":"https:\/\/expressometro.mx\/#organization"},"image":{"@id":"https:\/\/expressometro.mx\/index.php\/2020\/08\/25\/villa-del-carbon\/#primaryimage"},"thumbnailUrl":"https:\/\/expressometro.mx\/wp-content\/uploads\/2020\/08\/A21C2D27-349D-43F8-82D5-239A813F7A6D.jpeg","articleSection":["Gobierno"],"inLanguage":"es","potentialAction":[{"@type":"CommentAction","name":"Comment","target":["https:\/\/expressometro.mx\/index.php\/2020\/08\/25\/villa-del-carbon\/#respond"]}]},{"@type":"WebPage","@id":"https:\/\/expressometro.mx\/index.php\/2020\/08\/25\/villa-del-carbon\/","url":"https:\/\/expressometro.mx\/index.php\/2020\/08\/25\/villa-del-carbon\/","name":"VILLA DEL CARB\u00d3N - Expresso Metropolitano","isPartOf":{"@id":"https:\/\/expressometro.mx\/#website"},"primaryImageOfPage":{"@id":"https:\/\/expressometro.mx\/index.php\/2020\/08\/25\/villa-del-carbon\/#primaryimage"},"image":{"@id":"https:\/\/expressometro.mx\/index.php\/2020\/08\/25\/villa-del-carbon\/#primaryimage"},"thumbnailUrl":"https:\/\/expressometro.mx\/wp-content\/uploads\/2020\/08\/A21C2D27-349D-43F8-82D5-239A813F7A6D.jpeg","datePublished":"2020-08-25T19:55:26+00:00","dateModified":"2020-08-25T19:55:28+00:00","breadcrumb":{"@id":"https:\/\/expressometro.mx\/index.php\/2020\/08\/25\/villa-del-carbon\/#breadcrumb"},"inLanguage":"es","potentialAction":[{"@type":"ReadAction","target":["https:\/\/expressometro.mx\/index.php\/2020\/08\/25\/villa-del-carbon\/"]}]},{"@type":"ImageObject","inLanguage":"es","@id":"https:\/\/expressometro.mx\/index.php\/2020\/08\/25\/villa-del-carbon\/#primaryimage","url":"https:\/\/expressometro.mx\/wp-content\/uploads\/2020\/08\/A21C2D27-349D-43F8-82D5-239A813F7A6D.jpeg","contentUrl":"https:\/\/expressometro.mx\/wp-content\/uploads\/2020\/08\/A21C2D27-349D-43F8-82D5-239A813F7A6D.jpeg","width":715,"height":429},{"@type":"BreadcrumbList","@id":"https:\/\/expressometro.mx\/index.php\/2020\/08\/25\/villa-del-carbon\/#breadcrumb","itemListElement":[{"@type":"ListItem","position":1,"name":"Inicio","item":"https:\/\/expressometro.mx\/"},{"@type":"ListItem","position":2,"name":"VILLA DEL CARB\u00d3N"}]},{"@type":"WebSite","@id":"https:\/\/expressometro.mx\/#website","url":"https:\/\/expressometro.mx\/","name":"Expresso Metropolitano","description":"Periodismo comprometido, informaci\u00f3n, investigaci\u00f3n y an\u00e1lisis","publisher":{"@id":"https:\/\/expressometro.mx\/#organization"},"potentialAction":[{"@type":"SearchAction","target":{"@type":"EntryPoint","urlTemplate":"https:\/\/expressometro.mx\/?s={search_term_string}"},"query-input":{"@type":"PropertyValueSpecification","valueRequired":true,"valueName":"search_term_string"}}],"inLanguage":"es"},{"@type":"Organization","@id":"https:\/\/expressometro.mx\/#organization","name":"Expresso Metropolitano","url":"https:\/\/expressometro.mx\/","logo":{"@type":"ImageObject","inLanguage":"es","@id":"https:\/\/expressometro.mx\/#\/schema\/logo\/image\/","url":"https:\/\/expressometro.mx\/wp-content\/uploads\/2019\/07\/cropped-Logo-Expresso-Metropolitano-1-1.jpeg","contentUrl":"https:\/\/expressometro.mx\/wp-content\/uploads\/2019\/07\/cropped-Logo-Expresso-Metropolitano-1-1.jpeg","width":290,"height":73,"caption":"Expresso Metropolitano"},"image":{"@id":"https:\/\/expressometro.mx\/#\/schema\/logo\/image\/"}},{"@type":"Person","@id":"https:\/\/expressometro.mx\/#\/schema\/person\/efa971b4a0664db8ed5c22b1b0dd2f5d","name":"Expresso Metropolitano","image":{"@type":"ImageObject","inLanguage":"es","@id":"https:\/\/secure.gravatar.com\/avatar\/a89f802b8de18c6952f223c88d3d106e9e3679839f4e25a02f4a6cc2ae6ba3b3?s=96&d=mm&r=g","url":"https:\/\/secure.gravatar.com\/avatar\/a89f802b8de18c6952f223c88d3d106e9e3679839f4e25a02f4a6cc2ae6ba3b3?s=96&d=mm&r=g","contentUrl":"https:\/\/secure.gravatar.com\/avatar\/a89f802b8de18c6952f223c88d3d106e9e3679839f4e25a02f4a6cc2ae6ba3b3?s=96&d=mm&r=g","caption":"Expresso Metropolitano"},"url":"https:\/\/expressometro.mx\/index.php\/author\/diego\/"}]}},"amp_enabled":true,"_links":{"self":[{"href":"https:\/\/expressometro.mx\/index.php\/wp-json\/wp\/v2\/posts\/1821","targetHints":{"allow":["GET"]}}],"collection":[{"href":"https:\/\/expressometro.mx\/index.php\/wp-json\/wp\/v2\/posts"}],"about":[{"href":"https:\/\/expressometro.mx\/index.php\/wp-json\/wp\/v2\/types\/post"}],"author":[{"embeddable":true,"href":"https:\/\/expressometro.mx\/index.php\/wp-json\/wp\/v2\/users\/1"}],"replies":[{"embeddable":true,"href":"https:\/\/expressometro.mx\/index.php\/wp-json\/wp\/v2\/comments?post=1821"}],"version-history":[{"count":1,"href":"https:\/\/expressometro.mx\/index.php\/wp-json\/wp\/v2\/posts\/1821\/revisions"}],"predecessor-version":[{"id":1823,"href":"https:\/\/expressometro.mx\/index.php\/wp-json\/wp\/v2\/posts\/1821\/revisions\/1823"}],"wp:featuredmedia":[{"embeddable":true,"href":"https:\/\/expressometro.mx\/index.php\/wp-json\/wp\/v2\/media\/1822"}],"wp:attachment":[{"href":"https:\/\/expressometro.mx\/index.php\/wp-json\/wp\/v2\/media?parent=1821"}],"wp:term":[{"taxonomy":"category","embeddable":true,"href":"https:\/\/expressometro.mx\/index.php\/wp-json\/wp\/v2\/categories?post=1821"},{"taxonomy":"post_tag","embeddable":true,"href":"https:\/\/expressometro.mx\/index.php\/wp-json\/wp\/v2\/tags?post=1821"}],"curies":[{"name":"wp","href":"https:\/\/api.w.org\/{rel}","templated":true}]}}