{"id":1811,"date":"2020-08-12T22:56:17","date_gmt":"2020-08-13T03:56:17","guid":{"rendered":"http:\/\/expressometro.mx\/?p=1811"},"modified":"2020-08-12T22:56:19","modified_gmt":"2020-08-13T03:56:19","slug":"entrega-alfredo-del-mazo-centro-regional-de-atencion-a-mujeres-rurales-e-indigenas-que-brindara-capacitacion-y-orientacion-a-este-sector-de-la-poblacion","status":"publish","type":"post","link":"https:\/\/expressometro.mx\/index.php\/2020\/08\/12\/entrega-alfredo-del-mazo-centro-regional-de-atencion-a-mujeres-rurales-e-indigenas-que-brindara-capacitacion-y-orientacion-a-este-sector-de-la-poblacion\/","title":{"rendered":"ENTREGA ALFREDO DEL MAZO CENTRO REGIONAL DE ATENCI\u00d3N A MUJERES RURALES E IND\u00cdGENAS, QUE BRINDAR\u00c1 CAPACITACI\u00d3N Y ORIENTACI\u00d3N A ESTE SECTOR DE LA POBLACI\u00d3N"},"content":{"rendered":"\n<p><em>Aculco, Estado de M\u00e9xico, 12 de agosto de 2020.<\/em> Como parte de las acciones que el Gobierno del Estado de M\u00e9xico lleva a cabo para empoderar a las mujeres mexiquenses para que tengan mejores oportunidades de desarrollo, el Gobernador Alfredo Del Mazo Maza puso en operaci\u00f3n el Centro Regional de Atenci\u00f3n a Mujeres Rurales e Ind\u00edgenas, as\u00ed como jornadas itinerantes que permitir\u00e1n a este sector de la poblaci\u00f3n acercarse a diferentes servicios como capacitaci\u00f3n, apoyo psicol\u00f3gico y jur\u00eddico, asistencia m\u00e9dica, entre otros.  <\/p>\n\n\n\n<p>\u201cHoy ponemos en marcha este Centro Regional de apoyo a las mujeres rurales e ind\u00edgenas, con una serie de servicios, de asesor\u00eda, de orientaci\u00f3n, de capacitaci\u00f3n, de apoyo psicol\u00f3gico, jur\u00eddico, orientaci\u00f3n, ayuda m\u00e9dica, impulso para proyectos productivos, que nos permitan darles m\u00e1s herramientas a cada una de ustedes y a los m\u00e1s de 450 mil mexiquenses que pertenecen a nuestros cinco pueblos originarios\u201d, se\u00f1al\u00f3 el mandatario estatal.<\/p>\n\n\n\n<p>Luego de recorrer el Centro Regional de Atenci\u00f3n a Mujeres Rurales e Ind\u00edgenas, el Gobernador Alfredo Del Mazo indic\u00f3 que es el primero en su tipo en la entidad, mediante el cual las mujeres podr\u00e1n contar con 24 cursos de capacitaci\u00f3n como regularizaci\u00f3n para concluir y obtener su certificado de primaria y secundaria, servicios educativos como preparatoria en l\u00ednea, as\u00ed como cocina, proyectos productivos de lombricomposta, hortalizas y hongos. <\/p>\n\n\n\n<p>Adem\u00e1s tendr\u00e1n acceso a 17 talleres dedicados a temas como hacer conciencia sobre los tipos de violencia y la orientaci\u00f3n para que puedan realizar las demandas correspondientes cuando se requiera, ya que las mujeres de este sector de la poblaci\u00f3n llegan a sufrir de restricciones por creencias machistas o culturales, donde no tienen la oportunidad de decidir sobre su futuro. <\/p>\n\n\n\n<p>A\u00f1adi\u00f3 que tambi\u00e9n se brindar\u00e1n los talleres de lenguaje incluyente, igualdad laboral, sororidad, participaci\u00f3n pol\u00edtica, derechos humanos, pol\u00edticos y sociales. <\/p>\n\n\n\n<p>Precis\u00f3 que en este Centro recibir\u00e1n servicios de atenci\u00f3n jur\u00eddica y psicol\u00f3gica, as\u00ed como bolsa de trabajo, m\u00f3dulo de atenci\u00f3n m\u00e9dica, capacitaci\u00f3n a mujeres parteras, orientaci\u00f3n en salud sexual, reproductiva, materna, infantil, as\u00ed como el apoyo para realizarse ex\u00e1menes de mastograf\u00eda y papanicolaou de manera gratuita. <\/p>\n\n\n\n<p>Apunt\u00f3 que aunado a todo esto, se realizar\u00e1n actividades culturales como conciertos, cursos de danza y obras de teatro intercultural, entre otras. <\/p>\n\n\n\n<p>Alfredo Del Mazo inform\u00f3 que tambi\u00e9n se llevar\u00e1n a cabo en las zonas ind\u00edgenas de la entidad Jornadas Itinerantes. <\/p>\n\n\n\n<p>Explic\u00f3 que a trav\u00e9s de estas jornadas se acercar\u00e1 a las mujeres servicios m\u00e9dicos, bolsa de empleo, orientaci\u00f3n sexual y un M\u00f3dulo de Denuncia Expr\u00e9s, adem\u00e1s les brindar\u00e1n apoyo en temas como violencia de g\u00e9nero. <\/p>\n\n\n\n<p>\u201cAs\u00ed como estamos haciendo hoy la entrega de este Centro Regional, tambi\u00e9n estamos lanzando un programa muy interesante de jornadas itinerantes, que nos permitan acercarle varios servicios a las mujeres ind\u00edgenas, a mujeres rurales en distintos municipios del Estado de M\u00e9xico, hoy arrancamos con cinco jornadas itinerantes en los municipios de San Jos\u00e9 del Rinc\u00f3n, de Toluca, Tenango del Valle, Temoaya y Villa Victoria\u201d, sostuvo. <\/p>\n\n\n\n<p>\u201cSe trata de acercarles a ustedes estas herramientas, estas oportunidades para que lo puedan hacer, y con esto empoderar a las mujeres ind\u00edgenas, a las mujeres rurales y que sepan que cuentan con el apoyo y el respaldo del Gobierno del Estado\u201d, expres\u00f3.  <\/p>\n\n\n\n<p>Detall\u00f3 que a trav\u00e9s de estas Jornadas Itinerantes se busca recorrer 56 municipios mexiquenses para acercar estos servicios a las mujeres, adem\u00e1s de que el objetivo es contar con 15 m\u00f3dulos de este tipo. <\/p>\n\n\n\n<p>El titular del Ejecutivo estatal manifest\u00f3 que la puesta en operaci\u00f3n de este centro es parte de los compromisos que tiene la administraci\u00f3n estatal para apoyar a las mujeres mexiquenses, en el caso de quienes son ind\u00edgenas o viven en comunidades rurales, dijo, sufren una triple discriminaci\u00f3n por ser mujeres, por vivir en condiciones de pobreza y por pertenecer a alguna etnia ind\u00edgena.  <\/p>\n\n\n\n<p>Asimismo, reconoci\u00f3 el trabajo del Consejo Estatal de la Mujer y Bienestar Social (CEMyBS) por el esfuerzo y trabajo que realiz\u00f3 para concretar este proyecto, adem\u00e1s de seguir apoyando a las mujeres. <\/p>\n\n\n\n<p>El Gobernador mexiquense puntualiz\u00f3 que el Estado de M\u00e9xico es la cuarta entidad a nivel nacional en n\u00famero de etnias ind\u00edgenas, en este sentido, dijo que los cinco pueblos originarios del estado que son mazahua, otom\u00ed, matlatzinca, nahua y tlahuica, generan orgullo e identidad. <\/p>\n\n\n\n<p>Por su parte, el Secretario de Desarrollo Social, Eric Sevilla Monte de Oca, precis\u00f3 que el Centro Regional de Atenci\u00f3n a Mujeres Rurales e Ind\u00edgenas forma parte de la agenda de g\u00e9nero que se impulsa en el Estado de M\u00e9xico, para erradicar la violencia y discriminaci\u00f3n, as\u00ed como incentivar sus capacidades para que sean promotoras de su propio bienestar. <\/p>\n\n\n\n<p>Se\u00f1al\u00f3 que adem\u00e1s de la puesta en marcha de este Centro, se impulsar\u00e1n 56 acciones en seis ejes: prevenci\u00f3n de la violencia de g\u00e9nero, salud y maternidad segura, autoempleo y regularizaci\u00f3n educativa, asistencia a la producci\u00f3n artesanal, desarrollo cultural, deportivo y recreativo y proyectos de autoconsumo.<\/p>\n","protected":false},"excerpt":{"rendered":"<p>Aculco, Estado de M\u00e9xico, 12 de agosto de 2020. Como parte de las acciones que el Gobierno del Estado de M\u00e9xico lleva a cabo para empoderar a las mujeres mexiquenses para que tengan mejores oportunidades de desarrollo, el Gobernador Alfredo Del Mazo Maza puso en operaci\u00f3n el Centro Regional de Atenci\u00f3n a Mujeres Rurales e Ind\u00edgenas, as\u00ed como jornadas itinerantes que permitir\u00e1n a este sector de la poblaci\u00f3n acercarse a diferentes servicios como capacitaci\u00f3n, apoyo psicol\u00f3gico y jur\u00eddico, asistencia m\u00e9dica, entre otros. \u201cHoy ponemos en marcha este Centro Regional de&hellip;<\/p>\n","protected":false},"author":1,"featured_media":1812,"comment_status":"open","ping_status":"open","sticky":false,"template":"","format":"standard","meta":{"footnotes":""},"categories":[3],"tags":[],"class_list":["post-1811","post","type-post","status-publish","format-standard","has-post-thumbnail","hentry","category-gobierno"],"yoast_head":"<!-- This site is optimized with the Yoast SEO plugin v27.4 - https:\/\/yoast.com\/product\/yoast-seo-wordpress\/ -->\n<title>ENTREGA ALFREDO DEL MAZO CENTRO REGIONAL DE ATENCI\u00d3N A MUJERES RURALES E IND\u00cdGENAS, QUE BRINDAR\u00c1 CAPACITACI\u00d3N Y ORIENTACI\u00d3N A ESTE SECTOR DE LA POBLACI\u00d3N - Expresso Metropolitano<\/title>\n<meta name=\"robots\" content=\"index, follow, max-snippet:-1, max-image-preview:large, max-video-preview:-1\" \/>\n<link rel=\"canonical\" href=\"https:\/\/expressometro.mx\/index.php\/2020\/08\/12\/entrega-alfredo-del-mazo-centro-regional-de-atencion-a-mujeres-rurales-e-indigenas-que-brindara-capacitacion-y-orientacion-a-este-sector-de-la-poblacion\/\" \/>\n<meta property=\"og:locale\" content=\"es_MX\" \/>\n<meta property=\"og:type\" content=\"article\" \/>\n<meta property=\"og:title\" content=\"ENTREGA ALFREDO DEL MAZO CENTRO REGIONAL DE ATENCI\u00d3N A MUJERES RURALES E IND\u00cdGENAS, QUE BRINDAR\u00c1 CAPACITACI\u00d3N Y ORIENTACI\u00d3N A ESTE SECTOR DE LA POBLACI\u00d3N - Expresso Metropolitano\" \/>\n<meta property=\"og:description\" content=\"Aculco, Estado de M\u00e9xico, 12 de agosto de 2020. Como parte de las acciones que el Gobierno del Estado de M\u00e9xico lleva a cabo para empoderar a las mujeres mexiquenses para que tengan mejores oportunidades de desarrollo, el Gobernador Alfredo Del Mazo Maza puso en operaci\u00f3n el Centro Regional de Atenci\u00f3n a Mujeres Rurales e Ind\u00edgenas, as\u00ed como jornadas itinerantes que permitir\u00e1n a este sector de la poblaci\u00f3n acercarse a diferentes servicios como capacitaci\u00f3n, apoyo psicol\u00f3gico y jur\u00eddico, asistencia m\u00e9dica, entre otros. \u201cHoy ponemos en marcha este Centro Regional de&hellip;\" \/>\n<meta property=\"og:url\" content=\"https:\/\/expressometro.mx\/index.php\/2020\/08\/12\/entrega-alfredo-del-mazo-centro-regional-de-atencion-a-mujeres-rurales-e-indigenas-que-brindara-capacitacion-y-orientacion-a-este-sector-de-la-poblacion\/\" \/>\n<meta property=\"og:site_name\" content=\"Expresso Metropolitano\" \/>\n<meta property=\"article:published_time\" content=\"2020-08-13T03:56:17+00:00\" \/>\n<meta property=\"article:modified_time\" content=\"2020-08-13T03:56:19+00:00\" \/>\n<meta property=\"og:image\" content=\"https:\/\/expressometro.mx\/wp-content\/uploads\/2020\/08\/CBD01BFC-5A99-48ED-A0A4-AB2C3866AC19.jpeg\" \/>\n\t<meta property=\"og:image:width\" content=\"1024\" \/>\n\t<meta property=\"og:image:height\" content=\"682\" \/>\n\t<meta property=\"og:image:type\" content=\"image\/jpeg\" \/>\n<meta name=\"author\" content=\"Expresso Metropolitano\" \/>\n<meta name=\"twitter:label1\" content=\"Escrito por\" \/>\n\t<meta name=\"twitter:data1\" content=\"Expresso Metropolitano\" \/>\n\t<meta name=\"twitter:label2\" content=\"Tiempo de lectura\" \/>\n\t<meta name=\"twitter:data2\" content=\"4 minutos\" \/>\n<script type=\"application\/ld+json\" class=\"yoast-schema-graph\">{\"@context\":\"https:\\\/\\\/schema.org\",\"@graph\":[{\"@type\":\"Article\",\"@id\":\"https:\\\/\\\/expressometro.mx\\\/index.php\\\/2020\\\/08\\\/12\\\/entrega-alfredo-del-mazo-centro-regional-de-atencion-a-mujeres-rurales-e-indigenas-que-brindara-capacitacion-y-orientacion-a-este-sector-de-la-poblacion\\\/#article\",\"isPartOf\":{\"@id\":\"https:\\\/\\\/expressometro.mx\\\/index.php\\\/2020\\\/08\\\/12\\\/entrega-alfredo-del-mazo-centro-regional-de-atencion-a-mujeres-rurales-e-indigenas-que-brindara-capacitacion-y-orientacion-a-este-sector-de-la-poblacion\\\/\"},\"author\":{\"name\":\"Expresso Metropolitano\",\"@id\":\"https:\\\/\\\/expressometro.mx\\\/#\\\/schema\\\/person\\\/efa971b4a0664db8ed5c22b1b0dd2f5d\"},\"headline\":\"ENTREGA ALFREDO DEL MAZO CENTRO REGIONAL DE ATENCI\u00d3N A MUJERES RURALES E IND\u00cdGENAS, QUE BRINDAR\u00c1 CAPACITACI\u00d3N Y ORIENTACI\u00d3N A ESTE SECTOR DE LA POBLACI\u00d3N\",\"datePublished\":\"2020-08-13T03:56:17+00:00\",\"dateModified\":\"2020-08-13T03:56:19+00:00\",\"mainEntityOfPage\":{\"@id\":\"https:\\\/\\\/expressometro.mx\\\/index.php\\\/2020\\\/08\\\/12\\\/entrega-alfredo-del-mazo-centro-regional-de-atencion-a-mujeres-rurales-e-indigenas-que-brindara-capacitacion-y-orientacion-a-este-sector-de-la-poblacion\\\/\"},\"wordCount\":917,\"commentCount\":0,\"publisher\":{\"@id\":\"https:\\\/\\\/expressometro.mx\\\/#organization\"},\"image\":{\"@id\":\"https:\\\/\\\/expressometro.mx\\\/index.php\\\/2020\\\/08\\\/12\\\/entrega-alfredo-del-mazo-centro-regional-de-atencion-a-mujeres-rurales-e-indigenas-que-brindara-capacitacion-y-orientacion-a-este-sector-de-la-poblacion\\\/#primaryimage\"},\"thumbnailUrl\":\"https:\\\/\\\/expressometro.mx\\\/wp-content\\\/uploads\\\/2020\\\/08\\\/CBD01BFC-5A99-48ED-A0A4-AB2C3866AC19.jpeg\",\"articleSection\":[\"Gobierno\"],\"inLanguage\":\"es\",\"potentialAction\":[{\"@type\":\"CommentAction\",\"name\":\"Comment\",\"target\":[\"https:\\\/\\\/expressometro.mx\\\/index.php\\\/2020\\\/08\\\/12\\\/entrega-alfredo-del-mazo-centro-regional-de-atencion-a-mujeres-rurales-e-indigenas-que-brindara-capacitacion-y-orientacion-a-este-sector-de-la-poblacion\\\/#respond\"]}]},{\"@type\":\"WebPage\",\"@id\":\"https:\\\/\\\/expressometro.mx\\\/index.php\\\/2020\\\/08\\\/12\\\/entrega-alfredo-del-mazo-centro-regional-de-atencion-a-mujeres-rurales-e-indigenas-que-brindara-capacitacion-y-orientacion-a-este-sector-de-la-poblacion\\\/\",\"url\":\"https:\\\/\\\/expressometro.mx\\\/index.php\\\/2020\\\/08\\\/12\\\/entrega-alfredo-del-mazo-centro-regional-de-atencion-a-mujeres-rurales-e-indigenas-que-brindara-capacitacion-y-orientacion-a-este-sector-de-la-poblacion\\\/\",\"name\":\"ENTREGA ALFREDO DEL MAZO CENTRO REGIONAL DE ATENCI\u00d3N A MUJERES RURALES E IND\u00cdGENAS, QUE BRINDAR\u00c1 CAPACITACI\u00d3N Y ORIENTACI\u00d3N A ESTE SECTOR DE LA POBLACI\u00d3N - Expresso Metropolitano\",\"isPartOf\":{\"@id\":\"https:\\\/\\\/expressometro.mx\\\/#website\"},\"primaryImageOfPage\":{\"@id\":\"https:\\\/\\\/expressometro.mx\\\/index.php\\\/2020\\\/08\\\/12\\\/entrega-alfredo-del-mazo-centro-regional-de-atencion-a-mujeres-rurales-e-indigenas-que-brindara-capacitacion-y-orientacion-a-este-sector-de-la-poblacion\\\/#primaryimage\"},\"image\":{\"@id\":\"https:\\\/\\\/expressometro.mx\\\/index.php\\\/2020\\\/08\\\/12\\\/entrega-alfredo-del-mazo-centro-regional-de-atencion-a-mujeres-rurales-e-indigenas-que-brindara-capacitacion-y-orientacion-a-este-sector-de-la-poblacion\\\/#primaryimage\"},\"thumbnailUrl\":\"https:\\\/\\\/expressometro.mx\\\/wp-content\\\/uploads\\\/2020\\\/08\\\/CBD01BFC-5A99-48ED-A0A4-AB2C3866AC19.jpeg\",\"datePublished\":\"2020-08-13T03:56:17+00:00\",\"dateModified\":\"2020-08-13T03:56:19+00:00\",\"breadcrumb\":{\"@id\":\"https:\\\/\\\/expressometro.mx\\\/index.php\\\/2020\\\/08\\\/12\\\/entrega-alfredo-del-mazo-centro-regional-de-atencion-a-mujeres-rurales-e-indigenas-que-brindara-capacitacion-y-orientacion-a-este-sector-de-la-poblacion\\\/#breadcrumb\"},\"inLanguage\":\"es\",\"potentialAction\":[{\"@type\":\"ReadAction\",\"target\":[\"https:\\\/\\\/expressometro.mx\\\/index.php\\\/2020\\\/08\\\/12\\\/entrega-alfredo-del-mazo-centro-regional-de-atencion-a-mujeres-rurales-e-indigenas-que-brindara-capacitacion-y-orientacion-a-este-sector-de-la-poblacion\\\/\"]}]},{\"@type\":\"ImageObject\",\"inLanguage\":\"es\",\"@id\":\"https:\\\/\\\/expressometro.mx\\\/index.php\\\/2020\\\/08\\\/12\\\/entrega-alfredo-del-mazo-centro-regional-de-atencion-a-mujeres-rurales-e-indigenas-que-brindara-capacitacion-y-orientacion-a-este-sector-de-la-poblacion\\\/#primaryimage\",\"url\":\"https:\\\/\\\/expressometro.mx\\\/wp-content\\\/uploads\\\/2020\\\/08\\\/CBD01BFC-5A99-48ED-A0A4-AB2C3866AC19.jpeg\",\"contentUrl\":\"https:\\\/\\\/expressometro.mx\\\/wp-content\\\/uploads\\\/2020\\\/08\\\/CBD01BFC-5A99-48ED-A0A4-AB2C3866AC19.jpeg\",\"width\":1024,\"height\":682},{\"@type\":\"BreadcrumbList\",\"@id\":\"https:\\\/\\\/expressometro.mx\\\/index.php\\\/2020\\\/08\\\/12\\\/entrega-alfredo-del-mazo-centro-regional-de-atencion-a-mujeres-rurales-e-indigenas-que-brindara-capacitacion-y-orientacion-a-este-sector-de-la-poblacion\\\/#breadcrumb\",\"itemListElement\":[{\"@type\":\"ListItem\",\"position\":1,\"name\":\"Inicio\",\"item\":\"https:\\\/\\\/expressometro.mx\\\/\"},{\"@type\":\"ListItem\",\"position\":2,\"name\":\"ENTREGA ALFREDO DEL MAZO CENTRO REGIONAL DE ATENCI\u00d3N A MUJERES RURALES E IND\u00cdGENAS, QUE BRINDAR\u00c1 CAPACITACI\u00d3N Y ORIENTACI\u00d3N A ESTE SECTOR DE LA POBLACI\u00d3N\"}]},{\"@type\":\"WebSite\",\"@id\":\"https:\\\/\\\/expressometro.mx\\\/#website\",\"url\":\"https:\\\/\\\/expressometro.mx\\\/\",\"name\":\"Expresso Metropolitano\",\"description\":\"Periodismo comprometido, informaci\u00f3n, investigaci\u00f3n y an\u00e1lisis\",\"publisher\":{\"@id\":\"https:\\\/\\\/expressometro.mx\\\/#organization\"},\"potentialAction\":[{\"@type\":\"SearchAction\",\"target\":{\"@type\":\"EntryPoint\",\"urlTemplate\":\"https:\\\/\\\/expressometro.mx\\\/?s={search_term_string}\"},\"query-input\":{\"@type\":\"PropertyValueSpecification\",\"valueRequired\":true,\"valueName\":\"search_term_string\"}}],\"inLanguage\":\"es\"},{\"@type\":\"Organization\",\"@id\":\"https:\\\/\\\/expressometro.mx\\\/#organization\",\"name\":\"Expresso Metropolitano\",\"url\":\"https:\\\/\\\/expressometro.mx\\\/\",\"logo\":{\"@type\":\"ImageObject\",\"inLanguage\":\"es\",\"@id\":\"https:\\\/\\\/expressometro.mx\\\/#\\\/schema\\\/logo\\\/image\\\/\",\"url\":\"https:\\\/\\\/expressometro.mx\\\/wp-content\\\/uploads\\\/2019\\\/07\\\/cropped-Logo-Expresso-Metropolitano-1-1.jpeg\",\"contentUrl\":\"https:\\\/\\\/expressometro.mx\\\/wp-content\\\/uploads\\\/2019\\\/07\\\/cropped-Logo-Expresso-Metropolitano-1-1.jpeg\",\"width\":290,\"height\":73,\"caption\":\"Expresso Metropolitano\"},\"image\":{\"@id\":\"https:\\\/\\\/expressometro.mx\\\/#\\\/schema\\\/logo\\\/image\\\/\"}},{\"@type\":\"Person\",\"@id\":\"https:\\\/\\\/expressometro.mx\\\/#\\\/schema\\\/person\\\/efa971b4a0664db8ed5c22b1b0dd2f5d\",\"name\":\"Expresso Metropolitano\",\"image\":{\"@type\":\"ImageObject\",\"inLanguage\":\"es\",\"@id\":\"https:\\\/\\\/secure.gravatar.com\\\/avatar\\\/a89f802b8de18c6952f223c88d3d106e9e3679839f4e25a02f4a6cc2ae6ba3b3?s=96&d=mm&r=g\",\"url\":\"https:\\\/\\\/secure.gravatar.com\\\/avatar\\\/a89f802b8de18c6952f223c88d3d106e9e3679839f4e25a02f4a6cc2ae6ba3b3?s=96&d=mm&r=g\",\"contentUrl\":\"https:\\\/\\\/secure.gravatar.com\\\/avatar\\\/a89f802b8de18c6952f223c88d3d106e9e3679839f4e25a02f4a6cc2ae6ba3b3?s=96&d=mm&r=g\",\"caption\":\"Expresso Metropolitano\"},\"url\":\"https:\\\/\\\/expressometro.mx\\\/index.php\\\/author\\\/diego\\\/\"}]}<\/script>\n<!-- \/ Yoast SEO plugin. -->","yoast_head_json":{"title":"ENTREGA ALFREDO DEL MAZO CENTRO REGIONAL DE ATENCI\u00d3N A MUJERES RURALES E IND\u00cdGENAS, QUE BRINDAR\u00c1 CAPACITACI\u00d3N Y ORIENTACI\u00d3N A ESTE SECTOR DE LA POBLACI\u00d3N - Expresso Metropolitano","robots":{"index":"index","follow":"follow","max-snippet":"max-snippet:-1","max-image-preview":"max-image-preview:large","max-video-preview":"max-video-preview:-1"},"canonical":"https:\/\/expressometro.mx\/index.php\/2020\/08\/12\/entrega-alfredo-del-mazo-centro-regional-de-atencion-a-mujeres-rurales-e-indigenas-que-brindara-capacitacion-y-orientacion-a-este-sector-de-la-poblacion\/","og_locale":"es_MX","og_type":"article","og_title":"ENTREGA ALFREDO DEL MAZO CENTRO REGIONAL DE ATENCI\u00d3N A MUJERES RURALES E IND\u00cdGENAS, QUE BRINDAR\u00c1 CAPACITACI\u00d3N Y ORIENTACI\u00d3N A ESTE SECTOR DE LA POBLACI\u00d3N - Expresso Metropolitano","og_description":"Aculco, Estado de M\u00e9xico, 12 de agosto de 2020. Como parte de las acciones que el Gobierno del Estado de M\u00e9xico lleva a cabo para empoderar a las mujeres mexiquenses para que tengan mejores oportunidades de desarrollo, el Gobernador Alfredo Del Mazo Maza puso en operaci\u00f3n el Centro Regional de Atenci\u00f3n a Mujeres Rurales e Ind\u00edgenas, as\u00ed como jornadas itinerantes que permitir\u00e1n a este sector de la poblaci\u00f3n acercarse a diferentes servicios como capacitaci\u00f3n, apoyo psicol\u00f3gico y jur\u00eddico, asistencia m\u00e9dica, entre otros. \u201cHoy ponemos en marcha este Centro Regional de&hellip;","og_url":"https:\/\/expressometro.mx\/index.php\/2020\/08\/12\/entrega-alfredo-del-mazo-centro-regional-de-atencion-a-mujeres-rurales-e-indigenas-que-brindara-capacitacion-y-orientacion-a-este-sector-de-la-poblacion\/","og_site_name":"Expresso Metropolitano","article_published_time":"2020-08-13T03:56:17+00:00","article_modified_time":"2020-08-13T03:56:19+00:00","og_image":[{"width":1024,"height":682,"url":"https:\/\/expressometro.mx\/wp-content\/uploads\/2020\/08\/CBD01BFC-5A99-48ED-A0A4-AB2C3866AC19.jpeg","type":"image\/jpeg"}],"author":"Expresso Metropolitano","twitter_misc":{"Escrito por":"Expresso Metropolitano","Tiempo de lectura":"4 minutos"},"schema":{"@context":"https:\/\/schema.org","@graph":[{"@type":"Article","@id":"https:\/\/expressometro.mx\/index.php\/2020\/08\/12\/entrega-alfredo-del-mazo-centro-regional-de-atencion-a-mujeres-rurales-e-indigenas-que-brindara-capacitacion-y-orientacion-a-este-sector-de-la-poblacion\/#article","isPartOf":{"@id":"https:\/\/expressometro.mx\/index.php\/2020\/08\/12\/entrega-alfredo-del-mazo-centro-regional-de-atencion-a-mujeres-rurales-e-indigenas-que-brindara-capacitacion-y-orientacion-a-este-sector-de-la-poblacion\/"},"author":{"name":"Expresso Metropolitano","@id":"https:\/\/expressometro.mx\/#\/schema\/person\/efa971b4a0664db8ed5c22b1b0dd2f5d"},"headline":"ENTREGA ALFREDO DEL MAZO CENTRO REGIONAL DE ATENCI\u00d3N A MUJERES RURALES E IND\u00cdGENAS, QUE BRINDAR\u00c1 CAPACITACI\u00d3N Y ORIENTACI\u00d3N A ESTE SECTOR DE LA POBLACI\u00d3N","datePublished":"2020-08-13T03:56:17+00:00","dateModified":"2020-08-13T03:56:19+00:00","mainEntityOfPage":{"@id":"https:\/\/expressometro.mx\/index.php\/2020\/08\/12\/entrega-alfredo-del-mazo-centro-regional-de-atencion-a-mujeres-rurales-e-indigenas-que-brindara-capacitacion-y-orientacion-a-este-sector-de-la-poblacion\/"},"wordCount":917,"commentCount":0,"publisher":{"@id":"https:\/\/expressometro.mx\/#organization"},"image":{"@id":"https:\/\/expressometro.mx\/index.php\/2020\/08\/12\/entrega-alfredo-del-mazo-centro-regional-de-atencion-a-mujeres-rurales-e-indigenas-que-brindara-capacitacion-y-orientacion-a-este-sector-de-la-poblacion\/#primaryimage"},"thumbnailUrl":"https:\/\/expressometro.mx\/wp-content\/uploads\/2020\/08\/CBD01BFC-5A99-48ED-A0A4-AB2C3866AC19.jpeg","articleSection":["Gobierno"],"inLanguage":"es","potentialAction":[{"@type":"CommentAction","name":"Comment","target":["https:\/\/expressometro.mx\/index.php\/2020\/08\/12\/entrega-alfredo-del-mazo-centro-regional-de-atencion-a-mujeres-rurales-e-indigenas-que-brindara-capacitacion-y-orientacion-a-este-sector-de-la-poblacion\/#respond"]}]},{"@type":"WebPage","@id":"https:\/\/expressometro.mx\/index.php\/2020\/08\/12\/entrega-alfredo-del-mazo-centro-regional-de-atencion-a-mujeres-rurales-e-indigenas-que-brindara-capacitacion-y-orientacion-a-este-sector-de-la-poblacion\/","url":"https:\/\/expressometro.mx\/index.php\/2020\/08\/12\/entrega-alfredo-del-mazo-centro-regional-de-atencion-a-mujeres-rurales-e-indigenas-que-brindara-capacitacion-y-orientacion-a-este-sector-de-la-poblacion\/","name":"ENTREGA ALFREDO DEL MAZO CENTRO REGIONAL DE ATENCI\u00d3N A MUJERES RURALES E IND\u00cdGENAS, QUE BRINDAR\u00c1 CAPACITACI\u00d3N Y ORIENTACI\u00d3N A ESTE SECTOR DE LA POBLACI\u00d3N - Expresso Metropolitano","isPartOf":{"@id":"https:\/\/expressometro.mx\/#website"},"primaryImageOfPage":{"@id":"https:\/\/expressometro.mx\/index.php\/2020\/08\/12\/entrega-alfredo-del-mazo-centro-regional-de-atencion-a-mujeres-rurales-e-indigenas-que-brindara-capacitacion-y-orientacion-a-este-sector-de-la-poblacion\/#primaryimage"},"image":{"@id":"https:\/\/expressometro.mx\/index.php\/2020\/08\/12\/entrega-alfredo-del-mazo-centro-regional-de-atencion-a-mujeres-rurales-e-indigenas-que-brindara-capacitacion-y-orientacion-a-este-sector-de-la-poblacion\/#primaryimage"},"thumbnailUrl":"https:\/\/expressometro.mx\/wp-content\/uploads\/2020\/08\/CBD01BFC-5A99-48ED-A0A4-AB2C3866AC19.jpeg","datePublished":"2020-08-13T03:56:17+00:00","dateModified":"2020-08-13T03:56:19+00:00","breadcrumb":{"@id":"https:\/\/expressometro.mx\/index.php\/2020\/08\/12\/entrega-alfredo-del-mazo-centro-regional-de-atencion-a-mujeres-rurales-e-indigenas-que-brindara-capacitacion-y-orientacion-a-este-sector-de-la-poblacion\/#breadcrumb"},"inLanguage":"es","potentialAction":[{"@type":"ReadAction","target":["https:\/\/expressometro.mx\/index.php\/2020\/08\/12\/entrega-alfredo-del-mazo-centro-regional-de-atencion-a-mujeres-rurales-e-indigenas-que-brindara-capacitacion-y-orientacion-a-este-sector-de-la-poblacion\/"]}]},{"@type":"ImageObject","inLanguage":"es","@id":"https:\/\/expressometro.mx\/index.php\/2020\/08\/12\/entrega-alfredo-del-mazo-centro-regional-de-atencion-a-mujeres-rurales-e-indigenas-que-brindara-capacitacion-y-orientacion-a-este-sector-de-la-poblacion\/#primaryimage","url":"https:\/\/expressometro.mx\/wp-content\/uploads\/2020\/08\/CBD01BFC-5A99-48ED-A0A4-AB2C3866AC19.jpeg","contentUrl":"https:\/\/expressometro.mx\/wp-content\/uploads\/2020\/08\/CBD01BFC-5A99-48ED-A0A4-AB2C3866AC19.jpeg","width":1024,"height":682},{"@type":"BreadcrumbList","@id":"https:\/\/expressometro.mx\/index.php\/2020\/08\/12\/entrega-alfredo-del-mazo-centro-regional-de-atencion-a-mujeres-rurales-e-indigenas-que-brindara-capacitacion-y-orientacion-a-este-sector-de-la-poblacion\/#breadcrumb","itemListElement":[{"@type":"ListItem","position":1,"name":"Inicio","item":"https:\/\/expressometro.mx\/"},{"@type":"ListItem","position":2,"name":"ENTREGA ALFREDO DEL MAZO CENTRO REGIONAL DE ATENCI\u00d3N A MUJERES RURALES E IND\u00cdGENAS, QUE BRINDAR\u00c1 CAPACITACI\u00d3N Y ORIENTACI\u00d3N A ESTE SECTOR DE LA POBLACI\u00d3N"}]},{"@type":"WebSite","@id":"https:\/\/expressometro.mx\/#website","url":"https:\/\/expressometro.mx\/","name":"Expresso Metropolitano","description":"Periodismo comprometido, informaci\u00f3n, investigaci\u00f3n y an\u00e1lisis","publisher":{"@id":"https:\/\/expressometro.mx\/#organization"},"potentialAction":[{"@type":"SearchAction","target":{"@type":"EntryPoint","urlTemplate":"https:\/\/expressometro.mx\/?s={search_term_string}"},"query-input":{"@type":"PropertyValueSpecification","valueRequired":true,"valueName":"search_term_string"}}],"inLanguage":"es"},{"@type":"Organization","@id":"https:\/\/expressometro.mx\/#organization","name":"Expresso Metropolitano","url":"https:\/\/expressometro.mx\/","logo":{"@type":"ImageObject","inLanguage":"es","@id":"https:\/\/expressometro.mx\/#\/schema\/logo\/image\/","url":"https:\/\/expressometro.mx\/wp-content\/uploads\/2019\/07\/cropped-Logo-Expresso-Metropolitano-1-1.jpeg","contentUrl":"https:\/\/expressometro.mx\/wp-content\/uploads\/2019\/07\/cropped-Logo-Expresso-Metropolitano-1-1.jpeg","width":290,"height":73,"caption":"Expresso Metropolitano"},"image":{"@id":"https:\/\/expressometro.mx\/#\/schema\/logo\/image\/"}},{"@type":"Person","@id":"https:\/\/expressometro.mx\/#\/schema\/person\/efa971b4a0664db8ed5c22b1b0dd2f5d","name":"Expresso Metropolitano","image":{"@type":"ImageObject","inLanguage":"es","@id":"https:\/\/secure.gravatar.com\/avatar\/a89f802b8de18c6952f223c88d3d106e9e3679839f4e25a02f4a6cc2ae6ba3b3?s=96&d=mm&r=g","url":"https:\/\/secure.gravatar.com\/avatar\/a89f802b8de18c6952f223c88d3d106e9e3679839f4e25a02f4a6cc2ae6ba3b3?s=96&d=mm&r=g","contentUrl":"https:\/\/secure.gravatar.com\/avatar\/a89f802b8de18c6952f223c88d3d106e9e3679839f4e25a02f4a6cc2ae6ba3b3?s=96&d=mm&r=g","caption":"Expresso Metropolitano"},"url":"https:\/\/expressometro.mx\/index.php\/author\/diego\/"}]}},"amp_enabled":true,"_links":{"self":[{"href":"https:\/\/expressometro.mx\/index.php\/wp-json\/wp\/v2\/posts\/1811","targetHints":{"allow":["GET"]}}],"collection":[{"href":"https:\/\/expressometro.mx\/index.php\/wp-json\/wp\/v2\/posts"}],"about":[{"href":"https:\/\/expressometro.mx\/index.php\/wp-json\/wp\/v2\/types\/post"}],"author":[{"embeddable":true,"href":"https:\/\/expressometro.mx\/index.php\/wp-json\/wp\/v2\/users\/1"}],"replies":[{"embeddable":true,"href":"https:\/\/expressometro.mx\/index.php\/wp-json\/wp\/v2\/comments?post=1811"}],"version-history":[{"count":1,"href":"https:\/\/expressometro.mx\/index.php\/wp-json\/wp\/v2\/posts\/1811\/revisions"}],"predecessor-version":[{"id":1813,"href":"https:\/\/expressometro.mx\/index.php\/wp-json\/wp\/v2\/posts\/1811\/revisions\/1813"}],"wp:featuredmedia":[{"embeddable":true,"href":"https:\/\/expressometro.mx\/index.php\/wp-json\/wp\/v2\/media\/1812"}],"wp:attachment":[{"href":"https:\/\/expressometro.mx\/index.php\/wp-json\/wp\/v2\/media?parent=1811"}],"wp:term":[{"taxonomy":"category","embeddable":true,"href":"https:\/\/expressometro.mx\/index.php\/wp-json\/wp\/v2\/categories?post=1811"},{"taxonomy":"post_tag","embeddable":true,"href":"https:\/\/expressometro.mx\/index.php\/wp-json\/wp\/v2\/tags?post=1811"}],"curies":[{"name":"wp","href":"https:\/\/api.w.org\/{rel}","templated":true}]}}