{"id":181,"date":"2019-08-18T17:55:40","date_gmt":"2019-08-18T22:55:40","guid":{"rendered":"http:\/\/expressometro.mx\/?p=181"},"modified":"2019-09-25T10:41:49","modified_gmt":"2019-09-25T15:41:49","slug":"ampliar-becas-para-estudiar-en-el-extranjero-llamado-de-monica-alvarez","status":"publish","type":"post","link":"https:\/\/expressometro.mx\/index.php\/2019\/08\/18\/ampliar-becas-para-estudiar-en-el-extranjero-llamado-de-monica-alvarez\/","title":{"rendered":"AMPLIAR BECAS PARA ESTUDIAR EN EL EXTRANJERO, LLAMADO DE M\u00d3NICA \u00c1LVAREZ"},"content":{"rendered":"\n<p>Al encabezar la recepci\u00f3n de 170 estudiantes procedentes de diversas partes del mundo que residir\u00e1n en Toluca durante los pr\u00f3ximos meses, la diputada M\u00f3nica Ang\u00e9lica \u00c1lvarez Nemer pidi\u00f3 a las autoridades federales, estatales y municipales, ampliar el n\u00famero de becas para mexiquenses en el extranjero e incrementar las oportunidades para que los j\u00f3venes viajen a otros estados y pa\u00edses.<\/p>\n\n\n\n<p>Durante la inauguraci\u00f3n del International Student Welcome Day Toluca 2019-B feria de servicios al bienestar estudiantil, la legisladora de morena inform\u00f3 que en 2018 se otorgaron mil 79 becas a alumnos que visitaron Canad\u00e1, Argentina, Chile, Irlanda, Inglaterra y Corea del Sur, y pidi\u00f3 ampliarlas mediante el esfuerzo de los tres \u00e1mbitos de gobierno, pues afirm\u00f3, no se deben construir muros sino quitar fronteras.<\/p>\n\n\n\n<p>En este sentido, la representante popular del XXXIV distrito electoral local con sede en Toluca, propuso que el gobierno federal abra nuevamente las becas del Consejo Nacional de Ciencia y Tecnolog\u00eda (Conacyt) para estudiar en el extranjero, que la Universidad Aut\u00f3noma del Estado de M\u00e9xico ampl\u00ede las oportunidades para que los j\u00f3venes viajen a otros pa\u00edses y que el gobierno estatal incremente las becas a estudiantes mexiquenses en el extranjero.<\/p>\n\n\n\n<p>El ayuntamiento de Toluca, en coordinaci\u00f3n con el Patronato Pro Centro Hist\u00f3rico, A.C., agreg\u00f3 la legisladora, podr\u00eda acordar convenios de descuentos y beneficios para estudiantes extranjeros en los restaurantes, comercios y tiendas de la localidad.<\/p>\n\n\n\n<p>En el sal\u00f3n Benito Ju\u00e1rez de la sede legislativa estatal, ante estudiantes de intercambio internacional y nacional, representantes del gobierno estatal y municipal, as\u00ed como instituciones de educaci\u00f3n superior, la legisladora reconoci\u00f3 los trabajos realizados de forma transversal entre el gobierno estatal y la 60 Legislatura a trav\u00e9s de la firma de convenios internacionales de hermanamiento que han impulsado la econom\u00eda estatal con programas espec\u00edficos, y elogi\u00f3 la tecnolog\u00eda colaborativa impulsada desde el sector juvenil, cuyos esfuerzos han concluido en aplicaciones como las de Uber, Cabify o Airbnb.<\/p>\n\n\n\n<p>Como presidenta de la asociaci\u00f3n Ciudades Hermanas de Toluca, la legisladora inform\u00f3 que la capital del Estado tiene convenios con 17 ciudades, a trav\u00e9s de los cuales se impulsan intercambios acad\u00e9micos internacionales y programas econ\u00f3micos municipales y estatales.<\/p>\n\n\n\n<p>V\u00edctor Hugo Escobar Mendoza, presidente de Erasmus Club M\u00e9xico, A.C., que facilit\u00f3 el intercambio de estudiantes extranjeros con la ciudad, detall\u00f3 que son la organizaci\u00f3n de movilizaci\u00f3n estudiantil m\u00e1s grande de Europa y con creciente ascenso en Latinoam\u00e9rica, y se encargan de otorgar becas y asesor\u00edas para que los estudiantes obtengan los mejores precios en transporte, comercio, hospedaje y seguro de gastos m\u00e9dicos.<\/p>\n\n\n\n<p>Carlos Romero Medina, director de Cooperaci\u00f3n Internacional del Estado de M\u00e9xico, expuso que en la entidad se pueden estudiar 399 licenciaturas distintas, 122 especialidades, 251 maestr\u00edas y 65 doctorados, adem\u00e1s de que cuenta con cuatro sitios declarados como patrimonio de la humanidad, nueve pueblos m\u00e1gicos y 22 pueblos con encanto, por lo que invit\u00f3 a los estudiantes a disfrutar de su estancia.<\/p>\n\n\n\n<p>Despu\u00e9s de que la estudiante Krissty Gil, proveniente de Ecuador, comparti\u00f3 su experiencia de vivir en Toluca, la coordinadora de Asuntos Internacionales del ayuntamiento, Ericka Hern\u00e1ndez Chamorro, y la primera s\u00edndica, Alma Am\u00e9rica Rivera Taviz\u00f3n, resaltaron los atractivos tur\u00edsticos de la ciudad para que los estudiantes puedan disfrutarlos, como los portales, la Feria del Alfe\u00f1ique, la Plaza Gonz\u00e1lez Arratia, el Jard\u00edn Bot\u00e1nico Cosmovitral y el volc\u00e1n Xinant\u00e9catl, entre otros.<\/p>\n\n\n\n<p>En el evento participaron 170 estudiantes de movilidad internacional y nacional de nuevo ingreso que residir\u00e1n en Toluca y asistir\u00e1n a la Universidad Aut\u00f3noma del Estado de M\u00e9xico (UAEM\u00e9x) y al Instituto Tecnol\u00f3gico y de Estudios Superiores de Monterrey campus Estado de M\u00e9xico.<\/p>\n","protected":false},"excerpt":{"rendered":"<p>Al encabezar la recepci\u00f3n de 170 estudiantes procedentes de diversas partes del mundo que residir\u00e1n en Toluca durante los pr\u00f3ximos meses, la diputada M\u00f3nica Ang\u00e9lica \u00c1lvarez Nemer pidi\u00f3 a las autoridades federales, estatales y municipales, ampliar el n\u00famero de becas para mexiquenses en el extranjero e incrementar las oportunidades para que los j\u00f3venes viajen a otros estados y pa\u00edses. Durante la inauguraci\u00f3n del International Student Welcome Day Toluca 2019-B feria de servicios al bienestar estudiantil, la legisladora de morena inform\u00f3 que en 2018 se otorgaron mil 79 becas a alumnos&hellip;<\/p>\n","protected":false},"author":1,"featured_media":0,"comment_status":"open","ping_status":"open","sticky":false,"template":"","format":"standard","meta":{"footnotes":""},"categories":[11,4,3],"tags":[],"class_list":["post-181","post","type-post","status-publish","format-standard","hentry","category-cultura","category-finanzas","category-gobierno"],"yoast_head":"<!-- This site is optimized with the Yoast SEO plugin v27.4 - https:\/\/yoast.com\/product\/yoast-seo-wordpress\/ -->\n<title>AMPLIAR BECAS PARA ESTUDIAR EN EL EXTRANJERO, LLAMADO DE M\u00d3NICA \u00c1LVAREZ - Expresso Metropolitano<\/title>\n<meta name=\"robots\" content=\"index, follow, max-snippet:-1, max-image-preview:large, max-video-preview:-1\" \/>\n<link rel=\"canonical\" href=\"https:\/\/expressometro.mx\/index.php\/2019\/08\/18\/ampliar-becas-para-estudiar-en-el-extranjero-llamado-de-monica-alvarez\/\" \/>\n<meta property=\"og:locale\" content=\"es_MX\" \/>\n<meta property=\"og:type\" content=\"article\" \/>\n<meta property=\"og:title\" content=\"AMPLIAR BECAS PARA ESTUDIAR EN EL EXTRANJERO, LLAMADO DE M\u00d3NICA \u00c1LVAREZ - Expresso Metropolitano\" \/>\n<meta property=\"og:description\" content=\"Al encabezar la recepci\u00f3n de 170 estudiantes procedentes de diversas partes del mundo que residir\u00e1n en Toluca durante los pr\u00f3ximos meses, la diputada M\u00f3nica Ang\u00e9lica \u00c1lvarez Nemer pidi\u00f3 a las autoridades federales, estatales y municipales, ampliar el n\u00famero de becas para mexiquenses en el extranjero e incrementar las oportunidades para que los j\u00f3venes viajen a otros estados y pa\u00edses. Durante la inauguraci\u00f3n del International Student Welcome Day Toluca 2019-B feria de servicios al bienestar estudiantil, la legisladora de morena inform\u00f3 que en 2018 se otorgaron mil 79 becas a alumnos&hellip;\" \/>\n<meta property=\"og:url\" content=\"https:\/\/expressometro.mx\/index.php\/2019\/08\/18\/ampliar-becas-para-estudiar-en-el-extranjero-llamado-de-monica-alvarez\/\" \/>\n<meta property=\"og:site_name\" content=\"Expresso Metropolitano\" \/>\n<meta property=\"article:published_time\" content=\"2019-08-18T22:55:40+00:00\" \/>\n<meta property=\"article:modified_time\" content=\"2019-09-25T15:41:49+00:00\" \/>\n<meta property=\"og:image\" content=\"https:\/\/expressometro.mx\/wp-content\/uploads\/2019\/08\/1075a.jpg\" \/>\n\t<meta property=\"og:image:width\" content=\"850\" \/>\n\t<meta property=\"og:image:height\" content=\"568\" \/>\n\t<meta property=\"og:image:type\" content=\"image\/jpeg\" \/>\n<meta name=\"author\" content=\"Expresso Metropolitano\" \/>\n<meta name=\"twitter:label1\" content=\"Escrito por\" \/>\n\t<meta name=\"twitter:data1\" content=\"Expresso Metropolitano\" \/>\n\t<meta name=\"twitter:label2\" content=\"Tiempo de lectura\" \/>\n\t<meta name=\"twitter:data2\" content=\"3 minutos\" \/>\n<script type=\"application\/ld+json\" class=\"yoast-schema-graph\">{\"@context\":\"https:\\\/\\\/schema.org\",\"@graph\":[{\"@type\":\"Article\",\"@id\":\"https:\\\/\\\/expressometro.mx\\\/index.php\\\/2019\\\/08\\\/18\\\/ampliar-becas-para-estudiar-en-el-extranjero-llamado-de-monica-alvarez\\\/#article\",\"isPartOf\":{\"@id\":\"https:\\\/\\\/expressometro.mx\\\/index.php\\\/2019\\\/08\\\/18\\\/ampliar-becas-para-estudiar-en-el-extranjero-llamado-de-monica-alvarez\\\/\"},\"author\":{\"name\":\"Expresso Metropolitano\",\"@id\":\"https:\\\/\\\/expressometro.mx\\\/#\\\/schema\\\/person\\\/efa971b4a0664db8ed5c22b1b0dd2f5d\"},\"headline\":\"AMPLIAR BECAS PARA ESTUDIAR EN EL EXTRANJERO, LLAMADO DE M\u00d3NICA \u00c1LVAREZ\",\"datePublished\":\"2019-08-18T22:55:40+00:00\",\"dateModified\":\"2019-09-25T15:41:49+00:00\",\"mainEntityOfPage\":{\"@id\":\"https:\\\/\\\/expressometro.mx\\\/index.php\\\/2019\\\/08\\\/18\\\/ampliar-becas-para-estudiar-en-el-extranjero-llamado-de-monica-alvarez\\\/\"},\"wordCount\":655,\"commentCount\":0,\"publisher\":{\"@id\":\"https:\\\/\\\/expressometro.mx\\\/#organization\"},\"articleSection\":[\"Cultura\",\"Finanzas\",\"Gobierno\"],\"inLanguage\":\"es\",\"potentialAction\":[{\"@type\":\"CommentAction\",\"name\":\"Comment\",\"target\":[\"https:\\\/\\\/expressometro.mx\\\/index.php\\\/2019\\\/08\\\/18\\\/ampliar-becas-para-estudiar-en-el-extranjero-llamado-de-monica-alvarez\\\/#respond\"]}]},{\"@type\":\"WebPage\",\"@id\":\"https:\\\/\\\/expressometro.mx\\\/index.php\\\/2019\\\/08\\\/18\\\/ampliar-becas-para-estudiar-en-el-extranjero-llamado-de-monica-alvarez\\\/\",\"url\":\"https:\\\/\\\/expressometro.mx\\\/index.php\\\/2019\\\/08\\\/18\\\/ampliar-becas-para-estudiar-en-el-extranjero-llamado-de-monica-alvarez\\\/\",\"name\":\"AMPLIAR BECAS PARA ESTUDIAR EN EL EXTRANJERO, LLAMADO DE M\u00d3NICA \u00c1LVAREZ - Expresso Metropolitano\",\"isPartOf\":{\"@id\":\"https:\\\/\\\/expressometro.mx\\\/#website\"},\"datePublished\":\"2019-08-18T22:55:40+00:00\",\"dateModified\":\"2019-09-25T15:41:49+00:00\",\"breadcrumb\":{\"@id\":\"https:\\\/\\\/expressometro.mx\\\/index.php\\\/2019\\\/08\\\/18\\\/ampliar-becas-para-estudiar-en-el-extranjero-llamado-de-monica-alvarez\\\/#breadcrumb\"},\"inLanguage\":\"es\",\"potentialAction\":[{\"@type\":\"ReadAction\",\"target\":[\"https:\\\/\\\/expressometro.mx\\\/index.php\\\/2019\\\/08\\\/18\\\/ampliar-becas-para-estudiar-en-el-extranjero-llamado-de-monica-alvarez\\\/\"]}]},{\"@type\":\"BreadcrumbList\",\"@id\":\"https:\\\/\\\/expressometro.mx\\\/index.php\\\/2019\\\/08\\\/18\\\/ampliar-becas-para-estudiar-en-el-extranjero-llamado-de-monica-alvarez\\\/#breadcrumb\",\"itemListElement\":[{\"@type\":\"ListItem\",\"position\":1,\"name\":\"Inicio\",\"item\":\"https:\\\/\\\/expressometro.mx\\\/\"},{\"@type\":\"ListItem\",\"position\":2,\"name\":\"AMPLIAR BECAS PARA ESTUDIAR EN EL EXTRANJERO, LLAMADO DE M\u00d3NICA \u00c1LVAREZ\"}]},{\"@type\":\"WebSite\",\"@id\":\"https:\\\/\\\/expressometro.mx\\\/#website\",\"url\":\"https:\\\/\\\/expressometro.mx\\\/\",\"name\":\"Expresso Metropolitano\",\"description\":\"Periodismo comprometido, informaci\u00f3n, investigaci\u00f3n y an\u00e1lisis\",\"publisher\":{\"@id\":\"https:\\\/\\\/expressometro.mx\\\/#organization\"},\"potentialAction\":[{\"@type\":\"SearchAction\",\"target\":{\"@type\":\"EntryPoint\",\"urlTemplate\":\"https:\\\/\\\/expressometro.mx\\\/?s={search_term_string}\"},\"query-input\":{\"@type\":\"PropertyValueSpecification\",\"valueRequired\":true,\"valueName\":\"search_term_string\"}}],\"inLanguage\":\"es\"},{\"@type\":\"Organization\",\"@id\":\"https:\\\/\\\/expressometro.mx\\\/#organization\",\"name\":\"Expresso Metropolitano\",\"url\":\"https:\\\/\\\/expressometro.mx\\\/\",\"logo\":{\"@type\":\"ImageObject\",\"inLanguage\":\"es\",\"@id\":\"https:\\\/\\\/expressometro.mx\\\/#\\\/schema\\\/logo\\\/image\\\/\",\"url\":\"https:\\\/\\\/expressometro.mx\\\/wp-content\\\/uploads\\\/2019\\\/07\\\/cropped-Logo-Expresso-Metropolitano-1-1.jpeg\",\"contentUrl\":\"https:\\\/\\\/expressometro.mx\\\/wp-content\\\/uploads\\\/2019\\\/07\\\/cropped-Logo-Expresso-Metropolitano-1-1.jpeg\",\"width\":290,\"height\":73,\"caption\":\"Expresso Metropolitano\"},\"image\":{\"@id\":\"https:\\\/\\\/expressometro.mx\\\/#\\\/schema\\\/logo\\\/image\\\/\"}},{\"@type\":\"Person\",\"@id\":\"https:\\\/\\\/expressometro.mx\\\/#\\\/schema\\\/person\\\/efa971b4a0664db8ed5c22b1b0dd2f5d\",\"name\":\"Expresso Metropolitano\",\"image\":{\"@type\":\"ImageObject\",\"inLanguage\":\"es\",\"@id\":\"https:\\\/\\\/secure.gravatar.com\\\/avatar\\\/a89f802b8de18c6952f223c88d3d106e9e3679839f4e25a02f4a6cc2ae6ba3b3?s=96&d=mm&r=g\",\"url\":\"https:\\\/\\\/secure.gravatar.com\\\/avatar\\\/a89f802b8de18c6952f223c88d3d106e9e3679839f4e25a02f4a6cc2ae6ba3b3?s=96&d=mm&r=g\",\"contentUrl\":\"https:\\\/\\\/secure.gravatar.com\\\/avatar\\\/a89f802b8de18c6952f223c88d3d106e9e3679839f4e25a02f4a6cc2ae6ba3b3?s=96&d=mm&r=g\",\"caption\":\"Expresso Metropolitano\"},\"url\":\"https:\\\/\\\/expressometro.mx\\\/index.php\\\/author\\\/diego\\\/\"}]}<\/script>\n<!-- \/ Yoast SEO plugin. -->","yoast_head_json":{"title":"AMPLIAR BECAS PARA ESTUDIAR EN EL EXTRANJERO, LLAMADO DE M\u00d3NICA \u00c1LVAREZ - Expresso Metropolitano","robots":{"index":"index","follow":"follow","max-snippet":"max-snippet:-1","max-image-preview":"max-image-preview:large","max-video-preview":"max-video-preview:-1"},"canonical":"https:\/\/expressometro.mx\/index.php\/2019\/08\/18\/ampliar-becas-para-estudiar-en-el-extranjero-llamado-de-monica-alvarez\/","og_locale":"es_MX","og_type":"article","og_title":"AMPLIAR BECAS PARA ESTUDIAR EN EL EXTRANJERO, LLAMADO DE M\u00d3NICA \u00c1LVAREZ - Expresso Metropolitano","og_description":"Al encabezar la recepci\u00f3n de 170 estudiantes procedentes de diversas partes del mundo que residir\u00e1n en Toluca durante los pr\u00f3ximos meses, la diputada M\u00f3nica Ang\u00e9lica \u00c1lvarez Nemer pidi\u00f3 a las autoridades federales, estatales y municipales, ampliar el n\u00famero de becas para mexiquenses en el extranjero e incrementar las oportunidades para que los j\u00f3venes viajen a otros estados y pa\u00edses. Durante la inauguraci\u00f3n del International Student Welcome Day Toluca 2019-B feria de servicios al bienestar estudiantil, la legisladora de morena inform\u00f3 que en 2018 se otorgaron mil 79 becas a alumnos&hellip;","og_url":"https:\/\/expressometro.mx\/index.php\/2019\/08\/18\/ampliar-becas-para-estudiar-en-el-extranjero-llamado-de-monica-alvarez\/","og_site_name":"Expresso Metropolitano","article_published_time":"2019-08-18T22:55:40+00:00","article_modified_time":"2019-09-25T15:41:49+00:00","og_image":[{"width":850,"height":568,"url":"https:\/\/expressometro.mx\/wp-content\/uploads\/2019\/08\/1075a.jpg","type":"image\/jpeg"}],"author":"Expresso Metropolitano","twitter_misc":{"Escrito por":"Expresso Metropolitano","Tiempo de lectura":"3 minutos"},"schema":{"@context":"https:\/\/schema.org","@graph":[{"@type":"Article","@id":"https:\/\/expressometro.mx\/index.php\/2019\/08\/18\/ampliar-becas-para-estudiar-en-el-extranjero-llamado-de-monica-alvarez\/#article","isPartOf":{"@id":"https:\/\/expressometro.mx\/index.php\/2019\/08\/18\/ampliar-becas-para-estudiar-en-el-extranjero-llamado-de-monica-alvarez\/"},"author":{"name":"Expresso Metropolitano","@id":"https:\/\/expressometro.mx\/#\/schema\/person\/efa971b4a0664db8ed5c22b1b0dd2f5d"},"headline":"AMPLIAR BECAS PARA ESTUDIAR EN EL EXTRANJERO, LLAMADO DE M\u00d3NICA \u00c1LVAREZ","datePublished":"2019-08-18T22:55:40+00:00","dateModified":"2019-09-25T15:41:49+00:00","mainEntityOfPage":{"@id":"https:\/\/expressometro.mx\/index.php\/2019\/08\/18\/ampliar-becas-para-estudiar-en-el-extranjero-llamado-de-monica-alvarez\/"},"wordCount":655,"commentCount":0,"publisher":{"@id":"https:\/\/expressometro.mx\/#organization"},"articleSection":["Cultura","Finanzas","Gobierno"],"inLanguage":"es","potentialAction":[{"@type":"CommentAction","name":"Comment","target":["https:\/\/expressometro.mx\/index.php\/2019\/08\/18\/ampliar-becas-para-estudiar-en-el-extranjero-llamado-de-monica-alvarez\/#respond"]}]},{"@type":"WebPage","@id":"https:\/\/expressometro.mx\/index.php\/2019\/08\/18\/ampliar-becas-para-estudiar-en-el-extranjero-llamado-de-monica-alvarez\/","url":"https:\/\/expressometro.mx\/index.php\/2019\/08\/18\/ampliar-becas-para-estudiar-en-el-extranjero-llamado-de-monica-alvarez\/","name":"AMPLIAR BECAS PARA ESTUDIAR EN EL EXTRANJERO, LLAMADO DE M\u00d3NICA \u00c1LVAREZ - Expresso Metropolitano","isPartOf":{"@id":"https:\/\/expressometro.mx\/#website"},"datePublished":"2019-08-18T22:55:40+00:00","dateModified":"2019-09-25T15:41:49+00:00","breadcrumb":{"@id":"https:\/\/expressometro.mx\/index.php\/2019\/08\/18\/ampliar-becas-para-estudiar-en-el-extranjero-llamado-de-monica-alvarez\/#breadcrumb"},"inLanguage":"es","potentialAction":[{"@type":"ReadAction","target":["https:\/\/expressometro.mx\/index.php\/2019\/08\/18\/ampliar-becas-para-estudiar-en-el-extranjero-llamado-de-monica-alvarez\/"]}]},{"@type":"BreadcrumbList","@id":"https:\/\/expressometro.mx\/index.php\/2019\/08\/18\/ampliar-becas-para-estudiar-en-el-extranjero-llamado-de-monica-alvarez\/#breadcrumb","itemListElement":[{"@type":"ListItem","position":1,"name":"Inicio","item":"https:\/\/expressometro.mx\/"},{"@type":"ListItem","position":2,"name":"AMPLIAR BECAS PARA ESTUDIAR EN EL EXTRANJERO, LLAMADO DE M\u00d3NICA \u00c1LVAREZ"}]},{"@type":"WebSite","@id":"https:\/\/expressometro.mx\/#website","url":"https:\/\/expressometro.mx\/","name":"Expresso Metropolitano","description":"Periodismo comprometido, informaci\u00f3n, investigaci\u00f3n y an\u00e1lisis","publisher":{"@id":"https:\/\/expressometro.mx\/#organization"},"potentialAction":[{"@type":"SearchAction","target":{"@type":"EntryPoint","urlTemplate":"https:\/\/expressometro.mx\/?s={search_term_string}"},"query-input":{"@type":"PropertyValueSpecification","valueRequired":true,"valueName":"search_term_string"}}],"inLanguage":"es"},{"@type":"Organization","@id":"https:\/\/expressometro.mx\/#organization","name":"Expresso Metropolitano","url":"https:\/\/expressometro.mx\/","logo":{"@type":"ImageObject","inLanguage":"es","@id":"https:\/\/expressometro.mx\/#\/schema\/logo\/image\/","url":"https:\/\/expressometro.mx\/wp-content\/uploads\/2019\/07\/cropped-Logo-Expresso-Metropolitano-1-1.jpeg","contentUrl":"https:\/\/expressometro.mx\/wp-content\/uploads\/2019\/07\/cropped-Logo-Expresso-Metropolitano-1-1.jpeg","width":290,"height":73,"caption":"Expresso Metropolitano"},"image":{"@id":"https:\/\/expressometro.mx\/#\/schema\/logo\/image\/"}},{"@type":"Person","@id":"https:\/\/expressometro.mx\/#\/schema\/person\/efa971b4a0664db8ed5c22b1b0dd2f5d","name":"Expresso Metropolitano","image":{"@type":"ImageObject","inLanguage":"es","@id":"https:\/\/secure.gravatar.com\/avatar\/a89f802b8de18c6952f223c88d3d106e9e3679839f4e25a02f4a6cc2ae6ba3b3?s=96&d=mm&r=g","url":"https:\/\/secure.gravatar.com\/avatar\/a89f802b8de18c6952f223c88d3d106e9e3679839f4e25a02f4a6cc2ae6ba3b3?s=96&d=mm&r=g","contentUrl":"https:\/\/secure.gravatar.com\/avatar\/a89f802b8de18c6952f223c88d3d106e9e3679839f4e25a02f4a6cc2ae6ba3b3?s=96&d=mm&r=g","caption":"Expresso Metropolitano"},"url":"https:\/\/expressometro.mx\/index.php\/author\/diego\/"}]}},"amp_enabled":true,"_links":{"self":[{"href":"https:\/\/expressometro.mx\/index.php\/wp-json\/wp\/v2\/posts\/181","targetHints":{"allow":["GET"]}}],"collection":[{"href":"https:\/\/expressometro.mx\/index.php\/wp-json\/wp\/v2\/posts"}],"about":[{"href":"https:\/\/expressometro.mx\/index.php\/wp-json\/wp\/v2\/types\/post"}],"author":[{"embeddable":true,"href":"https:\/\/expressometro.mx\/index.php\/wp-json\/wp\/v2\/users\/1"}],"replies":[{"embeddable":true,"href":"https:\/\/expressometro.mx\/index.php\/wp-json\/wp\/v2\/comments?post=181"}],"version-history":[{"count":1,"href":"https:\/\/expressometro.mx\/index.php\/wp-json\/wp\/v2\/posts\/181\/revisions"}],"predecessor-version":[{"id":183,"href":"https:\/\/expressometro.mx\/index.php\/wp-json\/wp\/v2\/posts\/181\/revisions\/183"}],"wp:attachment":[{"href":"https:\/\/expressometro.mx\/index.php\/wp-json\/wp\/v2\/media?parent=181"}],"wp:term":[{"taxonomy":"category","embeddable":true,"href":"https:\/\/expressometro.mx\/index.php\/wp-json\/wp\/v2\/categories?post=181"},{"taxonomy":"post_tag","embeddable":true,"href":"https:\/\/expressometro.mx\/index.php\/wp-json\/wp\/v2\/tags?post=181"}],"curies":[{"name":"wp","href":"https:\/\/api.w.org\/{rel}","templated":true}]}}