{"id":1745,"date":"2020-06-07T10:19:48","date_gmt":"2020-06-07T15:19:48","guid":{"rendered":"http:\/\/expressometro.mx\/?p=1745"},"modified":"2020-08-04T22:23:39","modified_gmt":"2020-08-05T03:23:39","slug":"solo-establecimientos-esenciales-en-apaxco-por-covid-19","status":"publish","type":"post","link":"https:\/\/expressometro.mx\/index.php\/2020\/06\/07\/solo-establecimientos-esenciales-en-apaxco-por-covid-19\/","title":{"rendered":"SOLO ESTABLECIMIENTOS ESENCIALES EN APAXCO POR COVID-19"},"content":{"rendered":"\n<p>Recuerda que a partir del lunes 8 de Junio los establecimientos  considerados esenciales son los \u00fanicos que deber\u00e1n permanecer abiertos. <\/p>\n\n\n\n<ul class=\"wp-block-gallery columns-1 is-cropped wp-block-gallery-1 is-layout-flex wp-block-gallery-is-layout-flex\"><li class=\"blocks-gallery-item\"><figure><img decoding=\"async\" width=\"500\" height=\"480\" src=\"http:\/\/expressometro.mx\/wp-content\/uploads\/2020\/08\/103364014_2100923513384483_3499608274676240253_o-500x480.jpg\" alt=\"\" data-id=\"1746\" data-link=\"http:\/\/expressometro.mx\/?attachment_id=1746\" class=\"wp-image-1746\" srcset=\"https:\/\/expressometro.mx\/wp-content\/uploads\/2020\/08\/103364014_2100923513384483_3499608274676240253_o-500x480.jpg 500w, https:\/\/expressometro.mx\/wp-content\/uploads\/2020\/08\/103364014_2100923513384483_3499608274676240253_o-380x365.jpg 380w, https:\/\/expressometro.mx\/wp-content\/uploads\/2020\/08\/103364014_2100923513384483_3499608274676240253_o-768x737.jpg 768w, https:\/\/expressometro.mx\/wp-content\/uploads\/2020\/08\/103364014_2100923513384483_3499608274676240253_o.jpg 960w\" sizes=\"(max-width: 500px) 100vw, 500px\" \/><\/figure><\/li><\/ul>\n","protected":false},"excerpt":{"rendered":"<p>Recuerda que a partir del lunes 8 de Junio los establecimientos considerados esenciales son los \u00fanicos que deber\u00e1n permanecer abiertos.<\/p>\n","protected":false},"author":1,"featured_media":1747,"comment_status":"open","ping_status":"open","sticky":false,"template":"","format":"standard","meta":{"footnotes":""},"categories":[5,6],"tags":[],"class_list":["post-1745","post","type-post","status-publish","format-standard","has-post-thumbnail","hentry","category-salud","category-seguridad"],"yoast_head":"<!-- This site is optimized with the Yoast SEO plugin v27.5 - https:\/\/yoast.com\/product\/yoast-seo-wordpress\/ -->\n<title>SOLO ESTABLECIMIENTOS ESENCIALES EN APAXCO POR COVID-19 - Expresso Metropolitano<\/title>\n<meta name=\"robots\" content=\"index, follow, max-snippet:-1, max-image-preview:large, max-video-preview:-1\" \/>\n<link rel=\"canonical\" href=\"https:\/\/expressometro.mx\/index.php\/2020\/06\/07\/solo-establecimientos-esenciales-en-apaxco-por-covid-19\/\" \/>\n<meta property=\"og:locale\" content=\"es_MX\" \/>\n<meta property=\"og:type\" content=\"article\" \/>\n<meta property=\"og:title\" content=\"SOLO ESTABLECIMIENTOS ESENCIALES EN APAXCO POR COVID-19 - Expresso Metropolitano\" \/>\n<meta property=\"og:description\" content=\"Recuerda que a partir del lunes 8 de Junio los establecimientos considerados esenciales son los \u00fanicos que deber\u00e1n permanecer abiertos.\" \/>\n<meta property=\"og:url\" content=\"https:\/\/expressometro.mx\/index.php\/2020\/06\/07\/solo-establecimientos-esenciales-en-apaxco-por-covid-19\/\" \/>\n<meta property=\"og:site_name\" content=\"Expresso Metropolitano\" \/>\n<meta property=\"article:published_time\" content=\"2020-06-07T15:19:48+00:00\" \/>\n<meta property=\"article:modified_time\" content=\"2020-08-05T03:23:39+00:00\" \/>\n<meta property=\"og:image\" content=\"https:\/\/expressometro.mx\/wp-content\/uploads\/2020\/08\/106915410_2133305086812992_7137901269649133314_n.jpg\" \/>\n\t<meta property=\"og:image:width\" content=\"800\" \/>\n\t<meta property=\"og:image:height\" content=\"800\" \/>\n\t<meta property=\"og:image:type\" content=\"image\/jpeg\" \/>\n<meta name=\"author\" content=\"Expresso Metropolitano\" \/>\n<meta name=\"twitter:label1\" content=\"Escrito por\" \/>\n\t<meta name=\"twitter:data1\" content=\"Expresso Metropolitano\" \/>\n<script type=\"application\/ld+json\" class=\"yoast-schema-graph\">{\"@context\":\"https:\\\/\\\/schema.org\",\"@graph\":[{\"@type\":\"Article\",\"@id\":\"https:\\\/\\\/expressometro.mx\\\/index.php\\\/2020\\\/06\\\/07\\\/solo-establecimientos-esenciales-en-apaxco-por-covid-19\\\/#article\",\"isPartOf\":{\"@id\":\"https:\\\/\\\/expressometro.mx\\\/index.php\\\/2020\\\/06\\\/07\\\/solo-establecimientos-esenciales-en-apaxco-por-covid-19\\\/\"},\"author\":{\"name\":\"Expresso Metropolitano\",\"@id\":\"https:\\\/\\\/expressometro.mx\\\/#\\\/schema\\\/person\\\/efa971b4a0664db8ed5c22b1b0dd2f5d\"},\"headline\":\"SOLO ESTABLECIMIENTOS ESENCIALES EN APAXCO POR COVID-19\",\"datePublished\":\"2020-06-07T15:19:48+00:00\",\"dateModified\":\"2020-08-05T03:23:39+00:00\",\"mainEntityOfPage\":{\"@id\":\"https:\\\/\\\/expressometro.mx\\\/index.php\\\/2020\\\/06\\\/07\\\/solo-establecimientos-esenciales-en-apaxco-por-covid-19\\\/\"},\"wordCount\":27,\"commentCount\":0,\"publisher\":{\"@id\":\"https:\\\/\\\/expressometro.mx\\\/#organization\"},\"image\":{\"@id\":\"https:\\\/\\\/expressometro.mx\\\/index.php\\\/2020\\\/06\\\/07\\\/solo-establecimientos-esenciales-en-apaxco-por-covid-19\\\/#primaryimage\"},\"thumbnailUrl\":\"https:\\\/\\\/expressometro.mx\\\/wp-content\\\/uploads\\\/2020\\\/08\\\/106915410_2133305086812992_7137901269649133314_n.jpg\",\"articleSection\":[\"Salud\",\"Seguridad\"],\"inLanguage\":\"es\",\"potentialAction\":[{\"@type\":\"CommentAction\",\"name\":\"Comment\",\"target\":[\"https:\\\/\\\/expressometro.mx\\\/index.php\\\/2020\\\/06\\\/07\\\/solo-establecimientos-esenciales-en-apaxco-por-covid-19\\\/#respond\"]}]},{\"@type\":\"WebPage\",\"@id\":\"https:\\\/\\\/expressometro.mx\\\/index.php\\\/2020\\\/06\\\/07\\\/solo-establecimientos-esenciales-en-apaxco-por-covid-19\\\/\",\"url\":\"https:\\\/\\\/expressometro.mx\\\/index.php\\\/2020\\\/06\\\/07\\\/solo-establecimientos-esenciales-en-apaxco-por-covid-19\\\/\",\"name\":\"SOLO ESTABLECIMIENTOS ESENCIALES EN APAXCO POR COVID-19 - Expresso Metropolitano\",\"isPartOf\":{\"@id\":\"https:\\\/\\\/expressometro.mx\\\/#website\"},\"primaryImageOfPage\":{\"@id\":\"https:\\\/\\\/expressometro.mx\\\/index.php\\\/2020\\\/06\\\/07\\\/solo-establecimientos-esenciales-en-apaxco-por-covid-19\\\/#primaryimage\"},\"image\":{\"@id\":\"https:\\\/\\\/expressometro.mx\\\/index.php\\\/2020\\\/06\\\/07\\\/solo-establecimientos-esenciales-en-apaxco-por-covid-19\\\/#primaryimage\"},\"thumbnailUrl\":\"https:\\\/\\\/expressometro.mx\\\/wp-content\\\/uploads\\\/2020\\\/08\\\/106915410_2133305086812992_7137901269649133314_n.jpg\",\"datePublished\":\"2020-06-07T15:19:48+00:00\",\"dateModified\":\"2020-08-05T03:23:39+00:00\",\"breadcrumb\":{\"@id\":\"https:\\\/\\\/expressometro.mx\\\/index.php\\\/2020\\\/06\\\/07\\\/solo-establecimientos-esenciales-en-apaxco-por-covid-19\\\/#breadcrumb\"},\"inLanguage\":\"es\",\"potentialAction\":[{\"@type\":\"ReadAction\",\"target\":[\"https:\\\/\\\/expressometro.mx\\\/index.php\\\/2020\\\/06\\\/07\\\/solo-establecimientos-esenciales-en-apaxco-por-covid-19\\\/\"]}]},{\"@type\":\"ImageObject\",\"inLanguage\":\"es\",\"@id\":\"https:\\\/\\\/expressometro.mx\\\/index.php\\\/2020\\\/06\\\/07\\\/solo-establecimientos-esenciales-en-apaxco-por-covid-19\\\/#primaryimage\",\"url\":\"https:\\\/\\\/expressometro.mx\\\/wp-content\\\/uploads\\\/2020\\\/08\\\/106915410_2133305086812992_7137901269649133314_n.jpg\",\"contentUrl\":\"https:\\\/\\\/expressometro.mx\\\/wp-content\\\/uploads\\\/2020\\\/08\\\/106915410_2133305086812992_7137901269649133314_n.jpg\",\"width\":800,\"height\":800},{\"@type\":\"BreadcrumbList\",\"@id\":\"https:\\\/\\\/expressometro.mx\\\/index.php\\\/2020\\\/06\\\/07\\\/solo-establecimientos-esenciales-en-apaxco-por-covid-19\\\/#breadcrumb\",\"itemListElement\":[{\"@type\":\"ListItem\",\"position\":1,\"name\":\"Inicio\",\"item\":\"https:\\\/\\\/expressometro.mx\\\/\"},{\"@type\":\"ListItem\",\"position\":2,\"name\":\"SOLO ESTABLECIMIENTOS ESENCIALES EN APAXCO POR COVID-19\"}]},{\"@type\":\"WebSite\",\"@id\":\"https:\\\/\\\/expressometro.mx\\\/#website\",\"url\":\"https:\\\/\\\/expressometro.mx\\\/\",\"name\":\"Expresso Metropolitano\",\"description\":\"Periodismo comprometido, informaci\u00f3n, investigaci\u00f3n y an\u00e1lisis\",\"publisher\":{\"@id\":\"https:\\\/\\\/expressometro.mx\\\/#organization\"},\"potentialAction\":[{\"@type\":\"SearchAction\",\"target\":{\"@type\":\"EntryPoint\",\"urlTemplate\":\"https:\\\/\\\/expressometro.mx\\\/?s={search_term_string}\"},\"query-input\":{\"@type\":\"PropertyValueSpecification\",\"valueRequired\":true,\"valueName\":\"search_term_string\"}}],\"inLanguage\":\"es\"},{\"@type\":\"Organization\",\"@id\":\"https:\\\/\\\/expressometro.mx\\\/#organization\",\"name\":\"Expresso Metropolitano\",\"url\":\"https:\\\/\\\/expressometro.mx\\\/\",\"logo\":{\"@type\":\"ImageObject\",\"inLanguage\":\"es\",\"@id\":\"https:\\\/\\\/expressometro.mx\\\/#\\\/schema\\\/logo\\\/image\\\/\",\"url\":\"https:\\\/\\\/expressometro.mx\\\/wp-content\\\/uploads\\\/2019\\\/07\\\/cropped-Logo-Expresso-Metropolitano-1-1.jpeg\",\"contentUrl\":\"https:\\\/\\\/expressometro.mx\\\/wp-content\\\/uploads\\\/2019\\\/07\\\/cropped-Logo-Expresso-Metropolitano-1-1.jpeg\",\"width\":290,\"height\":73,\"caption\":\"Expresso Metropolitano\"},\"image\":{\"@id\":\"https:\\\/\\\/expressometro.mx\\\/#\\\/schema\\\/logo\\\/image\\\/\"}},{\"@type\":\"Person\",\"@id\":\"https:\\\/\\\/expressometro.mx\\\/#\\\/schema\\\/person\\\/efa971b4a0664db8ed5c22b1b0dd2f5d\",\"name\":\"Expresso Metropolitano\",\"image\":{\"@type\":\"ImageObject\",\"inLanguage\":\"es\",\"@id\":\"https:\\\/\\\/secure.gravatar.com\\\/avatar\\\/a89f802b8de18c6952f223c88d3d106e9e3679839f4e25a02f4a6cc2ae6ba3b3?s=96&d=mm&r=g\",\"url\":\"https:\\\/\\\/secure.gravatar.com\\\/avatar\\\/a89f802b8de18c6952f223c88d3d106e9e3679839f4e25a02f4a6cc2ae6ba3b3?s=96&d=mm&r=g\",\"contentUrl\":\"https:\\\/\\\/secure.gravatar.com\\\/avatar\\\/a89f802b8de18c6952f223c88d3d106e9e3679839f4e25a02f4a6cc2ae6ba3b3?s=96&d=mm&r=g\",\"caption\":\"Expresso Metropolitano\"},\"url\":\"https:\\\/\\\/expressometro.mx\\\/index.php\\\/author\\\/diego\\\/\"}]}<\/script>\n<!-- \/ Yoast SEO plugin. -->","yoast_head_json":{"title":"SOLO ESTABLECIMIENTOS ESENCIALES EN APAXCO POR COVID-19 - Expresso Metropolitano","robots":{"index":"index","follow":"follow","max-snippet":"max-snippet:-1","max-image-preview":"max-image-preview:large","max-video-preview":"max-video-preview:-1"},"canonical":"https:\/\/expressometro.mx\/index.php\/2020\/06\/07\/solo-establecimientos-esenciales-en-apaxco-por-covid-19\/","og_locale":"es_MX","og_type":"article","og_title":"SOLO ESTABLECIMIENTOS ESENCIALES EN APAXCO POR COVID-19 - Expresso Metropolitano","og_description":"Recuerda que a partir del lunes 8 de Junio los establecimientos considerados esenciales son los \u00fanicos que deber\u00e1n permanecer abiertos.","og_url":"https:\/\/expressometro.mx\/index.php\/2020\/06\/07\/solo-establecimientos-esenciales-en-apaxco-por-covid-19\/","og_site_name":"Expresso Metropolitano","article_published_time":"2020-06-07T15:19:48+00:00","article_modified_time":"2020-08-05T03:23:39+00:00","og_image":[{"width":800,"height":800,"url":"https:\/\/expressometro.mx\/wp-content\/uploads\/2020\/08\/106915410_2133305086812992_7137901269649133314_n.jpg","type":"image\/jpeg"}],"author":"Expresso Metropolitano","twitter_misc":{"Escrito por":"Expresso Metropolitano"},"schema":{"@context":"https:\/\/schema.org","@graph":[{"@type":"Article","@id":"https:\/\/expressometro.mx\/index.php\/2020\/06\/07\/solo-establecimientos-esenciales-en-apaxco-por-covid-19\/#article","isPartOf":{"@id":"https:\/\/expressometro.mx\/index.php\/2020\/06\/07\/solo-establecimientos-esenciales-en-apaxco-por-covid-19\/"},"author":{"name":"Expresso Metropolitano","@id":"https:\/\/expressometro.mx\/#\/schema\/person\/efa971b4a0664db8ed5c22b1b0dd2f5d"},"headline":"SOLO ESTABLECIMIENTOS ESENCIALES EN APAXCO POR COVID-19","datePublished":"2020-06-07T15:19:48+00:00","dateModified":"2020-08-05T03:23:39+00:00","mainEntityOfPage":{"@id":"https:\/\/expressometro.mx\/index.php\/2020\/06\/07\/solo-establecimientos-esenciales-en-apaxco-por-covid-19\/"},"wordCount":27,"commentCount":0,"publisher":{"@id":"https:\/\/expressometro.mx\/#organization"},"image":{"@id":"https:\/\/expressometro.mx\/index.php\/2020\/06\/07\/solo-establecimientos-esenciales-en-apaxco-por-covid-19\/#primaryimage"},"thumbnailUrl":"https:\/\/expressometro.mx\/wp-content\/uploads\/2020\/08\/106915410_2133305086812992_7137901269649133314_n.jpg","articleSection":["Salud","Seguridad"],"inLanguage":"es","potentialAction":[{"@type":"CommentAction","name":"Comment","target":["https:\/\/expressometro.mx\/index.php\/2020\/06\/07\/solo-establecimientos-esenciales-en-apaxco-por-covid-19\/#respond"]}]},{"@type":"WebPage","@id":"https:\/\/expressometro.mx\/index.php\/2020\/06\/07\/solo-establecimientos-esenciales-en-apaxco-por-covid-19\/","url":"https:\/\/expressometro.mx\/index.php\/2020\/06\/07\/solo-establecimientos-esenciales-en-apaxco-por-covid-19\/","name":"SOLO ESTABLECIMIENTOS ESENCIALES EN APAXCO POR COVID-19 - Expresso Metropolitano","isPartOf":{"@id":"https:\/\/expressometro.mx\/#website"},"primaryImageOfPage":{"@id":"https:\/\/expressometro.mx\/index.php\/2020\/06\/07\/solo-establecimientos-esenciales-en-apaxco-por-covid-19\/#primaryimage"},"image":{"@id":"https:\/\/expressometro.mx\/index.php\/2020\/06\/07\/solo-establecimientos-esenciales-en-apaxco-por-covid-19\/#primaryimage"},"thumbnailUrl":"https:\/\/expressometro.mx\/wp-content\/uploads\/2020\/08\/106915410_2133305086812992_7137901269649133314_n.jpg","datePublished":"2020-06-07T15:19:48+00:00","dateModified":"2020-08-05T03:23:39+00:00","breadcrumb":{"@id":"https:\/\/expressometro.mx\/index.php\/2020\/06\/07\/solo-establecimientos-esenciales-en-apaxco-por-covid-19\/#breadcrumb"},"inLanguage":"es","potentialAction":[{"@type":"ReadAction","target":["https:\/\/expressometro.mx\/index.php\/2020\/06\/07\/solo-establecimientos-esenciales-en-apaxco-por-covid-19\/"]}]},{"@type":"ImageObject","inLanguage":"es","@id":"https:\/\/expressometro.mx\/index.php\/2020\/06\/07\/solo-establecimientos-esenciales-en-apaxco-por-covid-19\/#primaryimage","url":"https:\/\/expressometro.mx\/wp-content\/uploads\/2020\/08\/106915410_2133305086812992_7137901269649133314_n.jpg","contentUrl":"https:\/\/expressometro.mx\/wp-content\/uploads\/2020\/08\/106915410_2133305086812992_7137901269649133314_n.jpg","width":800,"height":800},{"@type":"BreadcrumbList","@id":"https:\/\/expressometro.mx\/index.php\/2020\/06\/07\/solo-establecimientos-esenciales-en-apaxco-por-covid-19\/#breadcrumb","itemListElement":[{"@type":"ListItem","position":1,"name":"Inicio","item":"https:\/\/expressometro.mx\/"},{"@type":"ListItem","position":2,"name":"SOLO ESTABLECIMIENTOS ESENCIALES EN APAXCO POR COVID-19"}]},{"@type":"WebSite","@id":"https:\/\/expressometro.mx\/#website","url":"https:\/\/expressometro.mx\/","name":"Expresso Metropolitano","description":"Periodismo comprometido, informaci\u00f3n, investigaci\u00f3n y an\u00e1lisis","publisher":{"@id":"https:\/\/expressometro.mx\/#organization"},"potentialAction":[{"@type":"SearchAction","target":{"@type":"EntryPoint","urlTemplate":"https:\/\/expressometro.mx\/?s={search_term_string}"},"query-input":{"@type":"PropertyValueSpecification","valueRequired":true,"valueName":"search_term_string"}}],"inLanguage":"es"},{"@type":"Organization","@id":"https:\/\/expressometro.mx\/#organization","name":"Expresso Metropolitano","url":"https:\/\/expressometro.mx\/","logo":{"@type":"ImageObject","inLanguage":"es","@id":"https:\/\/expressometro.mx\/#\/schema\/logo\/image\/","url":"https:\/\/expressometro.mx\/wp-content\/uploads\/2019\/07\/cropped-Logo-Expresso-Metropolitano-1-1.jpeg","contentUrl":"https:\/\/expressometro.mx\/wp-content\/uploads\/2019\/07\/cropped-Logo-Expresso-Metropolitano-1-1.jpeg","width":290,"height":73,"caption":"Expresso Metropolitano"},"image":{"@id":"https:\/\/expressometro.mx\/#\/schema\/logo\/image\/"}},{"@type":"Person","@id":"https:\/\/expressometro.mx\/#\/schema\/person\/efa971b4a0664db8ed5c22b1b0dd2f5d","name":"Expresso Metropolitano","image":{"@type":"ImageObject","inLanguage":"es","@id":"https:\/\/secure.gravatar.com\/avatar\/a89f802b8de18c6952f223c88d3d106e9e3679839f4e25a02f4a6cc2ae6ba3b3?s=96&d=mm&r=g","url":"https:\/\/secure.gravatar.com\/avatar\/a89f802b8de18c6952f223c88d3d106e9e3679839f4e25a02f4a6cc2ae6ba3b3?s=96&d=mm&r=g","contentUrl":"https:\/\/secure.gravatar.com\/avatar\/a89f802b8de18c6952f223c88d3d106e9e3679839f4e25a02f4a6cc2ae6ba3b3?s=96&d=mm&r=g","caption":"Expresso Metropolitano"},"url":"https:\/\/expressometro.mx\/index.php\/author\/diego\/"}]}},"amp_enabled":true,"_links":{"self":[{"href":"https:\/\/expressometro.mx\/index.php\/wp-json\/wp\/v2\/posts\/1745","targetHints":{"allow":["GET"]}}],"collection":[{"href":"https:\/\/expressometro.mx\/index.php\/wp-json\/wp\/v2\/posts"}],"about":[{"href":"https:\/\/expressometro.mx\/index.php\/wp-json\/wp\/v2\/types\/post"}],"author":[{"embeddable":true,"href":"https:\/\/expressometro.mx\/index.php\/wp-json\/wp\/v2\/users\/1"}],"replies":[{"embeddable":true,"href":"https:\/\/expressometro.mx\/index.php\/wp-json\/wp\/v2\/comments?post=1745"}],"version-history":[{"count":1,"href":"https:\/\/expressometro.mx\/index.php\/wp-json\/wp\/v2\/posts\/1745\/revisions"}],"predecessor-version":[{"id":1748,"href":"https:\/\/expressometro.mx\/index.php\/wp-json\/wp\/v2\/posts\/1745\/revisions\/1748"}],"wp:featuredmedia":[{"embeddable":true,"href":"https:\/\/expressometro.mx\/index.php\/wp-json\/wp\/v2\/media\/1747"}],"wp:attachment":[{"href":"https:\/\/expressometro.mx\/index.php\/wp-json\/wp\/v2\/media?parent=1745"}],"wp:term":[{"taxonomy":"category","embeddable":true,"href":"https:\/\/expressometro.mx\/index.php\/wp-json\/wp\/v2\/categories?post=1745"},{"taxonomy":"post_tag","embeddable":true,"href":"https:\/\/expressometro.mx\/index.php\/wp-json\/wp\/v2\/tags?post=1745"}],"curies":[{"name":"wp","href":"https:\/\/api.w.org\/{rel}","templated":true}]}}