{"id":174,"date":"2019-08-17T21:52:34","date_gmt":"2019-08-18T02:52:34","guid":{"rendered":"http:\/\/expressometro.mx\/?p=174"},"modified":"2019-09-25T10:41:59","modified_gmt":"2019-09-25T15:41:59","slug":"gobierno-de-coacalco-nombra-titular-del-instituto-para-la-defensa-de-los-derechos-de-la-mujer","status":"publish","type":"post","link":"https:\/\/expressometro.mx\/index.php\/2019\/08\/17\/gobierno-de-coacalco-nombra-titular-del-instituto-para-la-defensa-de-los-derechos-de-la-mujer\/","title":{"rendered":"GOBIERNO DE COACALCO NOMBRA TITULAR DEL INSTITUTO PARA LA DEFENSA DE LOS DERECHOS DE LA MUJER"},"content":{"rendered":"\n<p>Para reforzar las acciones que realizan en beneficio del desarrollo de las coacalquenses, el Alcalde Darwin Eslava tom\u00f3 protesta a Guadalupe Victoria Ocampo Ocampo como nueva titular del Instituto para la Defensa de los Derechos de la Mujer.<\/p>\n\n\n\n<p>Durante la Vig\u00e9sima Novena Sesi\u00f3n Ordinaria de Cabildo, el Presidente Municipal destac\u00f3 que Victoria Ocampo ser\u00e1 la responsable de dirigir las estrategias encaminadas a fomentar el desarrollo integral de las mujeres.<\/p>\n\n\n\n<p>Exhort\u00f3 a la nueva titular a redoblar esfuerzos y que dicho Instituto contin\u00fae ejecutando acciones que promuevan el bienestar de las mujeres.<\/p>\n\n\n\n<p>La funcionaria tiene la licenciatura en Trabajo Social, cuenta con la certificaci\u00f3n nacional en Atenci\u00f3n a mujeres v\u00edctimas de violencia de primer contacto, as\u00ed como 17 de a\u00f1os de experiencia en trabajo con v\u00edctimas de violencia. &nbsp;<\/p>\n","protected":false},"excerpt":{"rendered":"<p>Para reforzar las acciones que realizan en beneficio del desarrollo de las coacalquenses, el Alcalde Darwin Eslava tom\u00f3 protesta a Guadalupe Victoria Ocampo Ocampo como nueva titular del Instituto para la Defensa de los Derechos de la Mujer. Durante la Vig\u00e9sima Novena Sesi\u00f3n Ordinaria de Cabildo, el Presidente Municipal destac\u00f3 que Victoria Ocampo ser\u00e1 la responsable de dirigir las estrategias encaminadas a fomentar el desarrollo integral de las mujeres. Exhort\u00f3 a la nueva titular a redoblar esfuerzos y que dicho Instituto contin\u00fae ejecutando acciones que promuevan el bienestar de las&hellip;<\/p>\n","protected":false},"author":1,"featured_media":0,"comment_status":"open","ping_status":"open","sticky":false,"template":"","format":"standard","meta":{"footnotes":""},"categories":[3],"tags":[],"class_list":["post-174","post","type-post","status-publish","format-standard","hentry","category-gobierno"],"yoast_head":"<!-- This site is optimized with the Yoast SEO plugin v27.4 - https:\/\/yoast.com\/product\/yoast-seo-wordpress\/ -->\n<title>GOBIERNO DE COACALCO NOMBRA TITULAR DEL INSTITUTO PARA LA DEFENSA DE LOS DERECHOS DE LA MUJER - Expresso Metropolitano<\/title>\n<meta name=\"robots\" content=\"index, follow, max-snippet:-1, max-image-preview:large, max-video-preview:-1\" \/>\n<link rel=\"canonical\" href=\"https:\/\/expressometro.mx\/index.php\/2019\/08\/17\/gobierno-de-coacalco-nombra-titular-del-instituto-para-la-defensa-de-los-derechos-de-la-mujer\/\" \/>\n<meta property=\"og:locale\" content=\"es_MX\" \/>\n<meta property=\"og:type\" content=\"article\" \/>\n<meta property=\"og:title\" content=\"GOBIERNO DE COACALCO NOMBRA TITULAR DEL INSTITUTO PARA LA DEFENSA DE LOS DERECHOS DE LA MUJER - Expresso Metropolitano\" \/>\n<meta property=\"og:description\" content=\"Para reforzar las acciones que realizan en beneficio del desarrollo de las coacalquenses, el Alcalde Darwin Eslava tom\u00f3 protesta a Guadalupe Victoria Ocampo Ocampo como nueva titular del Instituto para la Defensa de los Derechos de la Mujer. Durante la Vig\u00e9sima Novena Sesi\u00f3n Ordinaria de Cabildo, el Presidente Municipal destac\u00f3 que Victoria Ocampo ser\u00e1 la responsable de dirigir las estrategias encaminadas a fomentar el desarrollo integral de las mujeres. Exhort\u00f3 a la nueva titular a redoblar esfuerzos y que dicho Instituto contin\u00fae ejecutando acciones que promuevan el bienestar de las&hellip;\" \/>\n<meta property=\"og:url\" content=\"https:\/\/expressometro.mx\/index.php\/2019\/08\/17\/gobierno-de-coacalco-nombra-titular-del-instituto-para-la-defensa-de-los-derechos-de-la-mujer\/\" \/>\n<meta property=\"og:site_name\" content=\"Expresso Metropolitano\" \/>\n<meta property=\"article:published_time\" content=\"2019-08-18T02:52:34+00:00\" \/>\n<meta property=\"article:modified_time\" content=\"2019-09-25T15:41:59+00:00\" \/>\n<meta property=\"og:image\" content=\"https:\/\/expressometro.mx\/wp-content\/uploads\/2019\/08\/Titular-1.jpeg\" \/>\n\t<meta property=\"og:image:width\" content=\"1280\" \/>\n\t<meta property=\"og:image:height\" content=\"853\" \/>\n\t<meta property=\"og:image:type\" content=\"image\/jpeg\" \/>\n<meta name=\"author\" content=\"Expresso Metropolitano\" \/>\n<meta name=\"twitter:label1\" content=\"Escrito por\" \/>\n\t<meta name=\"twitter:data1\" content=\"Expresso Metropolitano\" \/>\n\t<meta name=\"twitter:label2\" content=\"Tiempo de lectura\" \/>\n\t<meta name=\"twitter:data2\" content=\"1 minuto\" \/>\n<script type=\"application\/ld+json\" class=\"yoast-schema-graph\">{\"@context\":\"https:\\\/\\\/schema.org\",\"@graph\":[{\"@type\":\"Article\",\"@id\":\"https:\\\/\\\/expressometro.mx\\\/index.php\\\/2019\\\/08\\\/17\\\/gobierno-de-coacalco-nombra-titular-del-instituto-para-la-defensa-de-los-derechos-de-la-mujer\\\/#article\",\"isPartOf\":{\"@id\":\"https:\\\/\\\/expressometro.mx\\\/index.php\\\/2019\\\/08\\\/17\\\/gobierno-de-coacalco-nombra-titular-del-instituto-para-la-defensa-de-los-derechos-de-la-mujer\\\/\"},\"author\":{\"name\":\"Expresso Metropolitano\",\"@id\":\"https:\\\/\\\/expressometro.mx\\\/#\\\/schema\\\/person\\\/efa971b4a0664db8ed5c22b1b0dd2f5d\"},\"headline\":\"GOBIERNO DE COACALCO NOMBRA TITULAR DEL INSTITUTO PARA LA DEFENSA DE LOS DERECHOS DE LA MUJER\",\"datePublished\":\"2019-08-18T02:52:34+00:00\",\"dateModified\":\"2019-09-25T15:41:59+00:00\",\"mainEntityOfPage\":{\"@id\":\"https:\\\/\\\/expressometro.mx\\\/index.php\\\/2019\\\/08\\\/17\\\/gobierno-de-coacalco-nombra-titular-del-instituto-para-la-defensa-de-los-derechos-de-la-mujer\\\/\"},\"wordCount\":151,\"commentCount\":0,\"publisher\":{\"@id\":\"https:\\\/\\\/expressometro.mx\\\/#organization\"},\"articleSection\":[\"Gobierno\"],\"inLanguage\":\"es\",\"potentialAction\":[{\"@type\":\"CommentAction\",\"name\":\"Comment\",\"target\":[\"https:\\\/\\\/expressometro.mx\\\/index.php\\\/2019\\\/08\\\/17\\\/gobierno-de-coacalco-nombra-titular-del-instituto-para-la-defensa-de-los-derechos-de-la-mujer\\\/#respond\"]}]},{\"@type\":\"WebPage\",\"@id\":\"https:\\\/\\\/expressometro.mx\\\/index.php\\\/2019\\\/08\\\/17\\\/gobierno-de-coacalco-nombra-titular-del-instituto-para-la-defensa-de-los-derechos-de-la-mujer\\\/\",\"url\":\"https:\\\/\\\/expressometro.mx\\\/index.php\\\/2019\\\/08\\\/17\\\/gobierno-de-coacalco-nombra-titular-del-instituto-para-la-defensa-de-los-derechos-de-la-mujer\\\/\",\"name\":\"GOBIERNO DE COACALCO NOMBRA TITULAR DEL INSTITUTO PARA LA DEFENSA DE LOS DERECHOS DE LA MUJER - Expresso Metropolitano\",\"isPartOf\":{\"@id\":\"https:\\\/\\\/expressometro.mx\\\/#website\"},\"datePublished\":\"2019-08-18T02:52:34+00:00\",\"dateModified\":\"2019-09-25T15:41:59+00:00\",\"breadcrumb\":{\"@id\":\"https:\\\/\\\/expressometro.mx\\\/index.php\\\/2019\\\/08\\\/17\\\/gobierno-de-coacalco-nombra-titular-del-instituto-para-la-defensa-de-los-derechos-de-la-mujer\\\/#breadcrumb\"},\"inLanguage\":\"es\",\"potentialAction\":[{\"@type\":\"ReadAction\",\"target\":[\"https:\\\/\\\/expressometro.mx\\\/index.php\\\/2019\\\/08\\\/17\\\/gobierno-de-coacalco-nombra-titular-del-instituto-para-la-defensa-de-los-derechos-de-la-mujer\\\/\"]}]},{\"@type\":\"BreadcrumbList\",\"@id\":\"https:\\\/\\\/expressometro.mx\\\/index.php\\\/2019\\\/08\\\/17\\\/gobierno-de-coacalco-nombra-titular-del-instituto-para-la-defensa-de-los-derechos-de-la-mujer\\\/#breadcrumb\",\"itemListElement\":[{\"@type\":\"ListItem\",\"position\":1,\"name\":\"Inicio\",\"item\":\"https:\\\/\\\/expressometro.mx\\\/\"},{\"@type\":\"ListItem\",\"position\":2,\"name\":\"GOBIERNO DE COACALCO NOMBRA TITULAR DEL INSTITUTO PARA LA DEFENSA DE LOS DERECHOS DE LA MUJER\"}]},{\"@type\":\"WebSite\",\"@id\":\"https:\\\/\\\/expressometro.mx\\\/#website\",\"url\":\"https:\\\/\\\/expressometro.mx\\\/\",\"name\":\"Expresso Metropolitano\",\"description\":\"Periodismo comprometido, informaci\u00f3n, investigaci\u00f3n y an\u00e1lisis\",\"publisher\":{\"@id\":\"https:\\\/\\\/expressometro.mx\\\/#organization\"},\"potentialAction\":[{\"@type\":\"SearchAction\",\"target\":{\"@type\":\"EntryPoint\",\"urlTemplate\":\"https:\\\/\\\/expressometro.mx\\\/?s={search_term_string}\"},\"query-input\":{\"@type\":\"PropertyValueSpecification\",\"valueRequired\":true,\"valueName\":\"search_term_string\"}}],\"inLanguage\":\"es\"},{\"@type\":\"Organization\",\"@id\":\"https:\\\/\\\/expressometro.mx\\\/#organization\",\"name\":\"Expresso Metropolitano\",\"url\":\"https:\\\/\\\/expressometro.mx\\\/\",\"logo\":{\"@type\":\"ImageObject\",\"inLanguage\":\"es\",\"@id\":\"https:\\\/\\\/expressometro.mx\\\/#\\\/schema\\\/logo\\\/image\\\/\",\"url\":\"https:\\\/\\\/expressometro.mx\\\/wp-content\\\/uploads\\\/2019\\\/07\\\/cropped-Logo-Expresso-Metropolitano-1-1.jpeg\",\"contentUrl\":\"https:\\\/\\\/expressometro.mx\\\/wp-content\\\/uploads\\\/2019\\\/07\\\/cropped-Logo-Expresso-Metropolitano-1-1.jpeg\",\"width\":290,\"height\":73,\"caption\":\"Expresso Metropolitano\"},\"image\":{\"@id\":\"https:\\\/\\\/expressometro.mx\\\/#\\\/schema\\\/logo\\\/image\\\/\"}},{\"@type\":\"Person\",\"@id\":\"https:\\\/\\\/expressometro.mx\\\/#\\\/schema\\\/person\\\/efa971b4a0664db8ed5c22b1b0dd2f5d\",\"name\":\"Expresso Metropolitano\",\"image\":{\"@type\":\"ImageObject\",\"inLanguage\":\"es\",\"@id\":\"https:\\\/\\\/secure.gravatar.com\\\/avatar\\\/a89f802b8de18c6952f223c88d3d106e9e3679839f4e25a02f4a6cc2ae6ba3b3?s=96&d=mm&r=g\",\"url\":\"https:\\\/\\\/secure.gravatar.com\\\/avatar\\\/a89f802b8de18c6952f223c88d3d106e9e3679839f4e25a02f4a6cc2ae6ba3b3?s=96&d=mm&r=g\",\"contentUrl\":\"https:\\\/\\\/secure.gravatar.com\\\/avatar\\\/a89f802b8de18c6952f223c88d3d106e9e3679839f4e25a02f4a6cc2ae6ba3b3?s=96&d=mm&r=g\",\"caption\":\"Expresso Metropolitano\"},\"url\":\"https:\\\/\\\/expressometro.mx\\\/index.php\\\/author\\\/diego\\\/\"}]}<\/script>\n<!-- \/ Yoast SEO plugin. -->","yoast_head_json":{"title":"GOBIERNO DE COACALCO NOMBRA TITULAR DEL INSTITUTO PARA LA DEFENSA DE LOS DERECHOS DE LA MUJER - Expresso Metropolitano","robots":{"index":"index","follow":"follow","max-snippet":"max-snippet:-1","max-image-preview":"max-image-preview:large","max-video-preview":"max-video-preview:-1"},"canonical":"https:\/\/expressometro.mx\/index.php\/2019\/08\/17\/gobierno-de-coacalco-nombra-titular-del-instituto-para-la-defensa-de-los-derechos-de-la-mujer\/","og_locale":"es_MX","og_type":"article","og_title":"GOBIERNO DE COACALCO NOMBRA TITULAR DEL INSTITUTO PARA LA DEFENSA DE LOS DERECHOS DE LA MUJER - Expresso Metropolitano","og_description":"Para reforzar las acciones que realizan en beneficio del desarrollo de las coacalquenses, el Alcalde Darwin Eslava tom\u00f3 protesta a Guadalupe Victoria Ocampo Ocampo como nueva titular del Instituto para la Defensa de los Derechos de la Mujer. Durante la Vig\u00e9sima Novena Sesi\u00f3n Ordinaria de Cabildo, el Presidente Municipal destac\u00f3 que Victoria Ocampo ser\u00e1 la responsable de dirigir las estrategias encaminadas a fomentar el desarrollo integral de las mujeres. Exhort\u00f3 a la nueva titular a redoblar esfuerzos y que dicho Instituto contin\u00fae ejecutando acciones que promuevan el bienestar de las&hellip;","og_url":"https:\/\/expressometro.mx\/index.php\/2019\/08\/17\/gobierno-de-coacalco-nombra-titular-del-instituto-para-la-defensa-de-los-derechos-de-la-mujer\/","og_site_name":"Expresso Metropolitano","article_published_time":"2019-08-18T02:52:34+00:00","article_modified_time":"2019-09-25T15:41:59+00:00","og_image":[{"width":1280,"height":853,"url":"https:\/\/expressometro.mx\/wp-content\/uploads\/2019\/08\/Titular-1.jpeg","type":"image\/jpeg"}],"author":"Expresso Metropolitano","twitter_misc":{"Escrito por":"Expresso Metropolitano","Tiempo de lectura":"1 minuto"},"schema":{"@context":"https:\/\/schema.org","@graph":[{"@type":"Article","@id":"https:\/\/expressometro.mx\/index.php\/2019\/08\/17\/gobierno-de-coacalco-nombra-titular-del-instituto-para-la-defensa-de-los-derechos-de-la-mujer\/#article","isPartOf":{"@id":"https:\/\/expressometro.mx\/index.php\/2019\/08\/17\/gobierno-de-coacalco-nombra-titular-del-instituto-para-la-defensa-de-los-derechos-de-la-mujer\/"},"author":{"name":"Expresso Metropolitano","@id":"https:\/\/expressometro.mx\/#\/schema\/person\/efa971b4a0664db8ed5c22b1b0dd2f5d"},"headline":"GOBIERNO DE COACALCO NOMBRA TITULAR DEL INSTITUTO PARA LA DEFENSA DE LOS DERECHOS DE LA MUJER","datePublished":"2019-08-18T02:52:34+00:00","dateModified":"2019-09-25T15:41:59+00:00","mainEntityOfPage":{"@id":"https:\/\/expressometro.mx\/index.php\/2019\/08\/17\/gobierno-de-coacalco-nombra-titular-del-instituto-para-la-defensa-de-los-derechos-de-la-mujer\/"},"wordCount":151,"commentCount":0,"publisher":{"@id":"https:\/\/expressometro.mx\/#organization"},"articleSection":["Gobierno"],"inLanguage":"es","potentialAction":[{"@type":"CommentAction","name":"Comment","target":["https:\/\/expressometro.mx\/index.php\/2019\/08\/17\/gobierno-de-coacalco-nombra-titular-del-instituto-para-la-defensa-de-los-derechos-de-la-mujer\/#respond"]}]},{"@type":"WebPage","@id":"https:\/\/expressometro.mx\/index.php\/2019\/08\/17\/gobierno-de-coacalco-nombra-titular-del-instituto-para-la-defensa-de-los-derechos-de-la-mujer\/","url":"https:\/\/expressometro.mx\/index.php\/2019\/08\/17\/gobierno-de-coacalco-nombra-titular-del-instituto-para-la-defensa-de-los-derechos-de-la-mujer\/","name":"GOBIERNO DE COACALCO NOMBRA TITULAR DEL INSTITUTO PARA LA DEFENSA DE LOS DERECHOS DE LA MUJER - Expresso Metropolitano","isPartOf":{"@id":"https:\/\/expressometro.mx\/#website"},"datePublished":"2019-08-18T02:52:34+00:00","dateModified":"2019-09-25T15:41:59+00:00","breadcrumb":{"@id":"https:\/\/expressometro.mx\/index.php\/2019\/08\/17\/gobierno-de-coacalco-nombra-titular-del-instituto-para-la-defensa-de-los-derechos-de-la-mujer\/#breadcrumb"},"inLanguage":"es","potentialAction":[{"@type":"ReadAction","target":["https:\/\/expressometro.mx\/index.php\/2019\/08\/17\/gobierno-de-coacalco-nombra-titular-del-instituto-para-la-defensa-de-los-derechos-de-la-mujer\/"]}]},{"@type":"BreadcrumbList","@id":"https:\/\/expressometro.mx\/index.php\/2019\/08\/17\/gobierno-de-coacalco-nombra-titular-del-instituto-para-la-defensa-de-los-derechos-de-la-mujer\/#breadcrumb","itemListElement":[{"@type":"ListItem","position":1,"name":"Inicio","item":"https:\/\/expressometro.mx\/"},{"@type":"ListItem","position":2,"name":"GOBIERNO DE COACALCO NOMBRA TITULAR DEL INSTITUTO PARA LA DEFENSA DE LOS DERECHOS DE LA MUJER"}]},{"@type":"WebSite","@id":"https:\/\/expressometro.mx\/#website","url":"https:\/\/expressometro.mx\/","name":"Expresso Metropolitano","description":"Periodismo comprometido, informaci\u00f3n, investigaci\u00f3n y an\u00e1lisis","publisher":{"@id":"https:\/\/expressometro.mx\/#organization"},"potentialAction":[{"@type":"SearchAction","target":{"@type":"EntryPoint","urlTemplate":"https:\/\/expressometro.mx\/?s={search_term_string}"},"query-input":{"@type":"PropertyValueSpecification","valueRequired":true,"valueName":"search_term_string"}}],"inLanguage":"es"},{"@type":"Organization","@id":"https:\/\/expressometro.mx\/#organization","name":"Expresso Metropolitano","url":"https:\/\/expressometro.mx\/","logo":{"@type":"ImageObject","inLanguage":"es","@id":"https:\/\/expressometro.mx\/#\/schema\/logo\/image\/","url":"https:\/\/expressometro.mx\/wp-content\/uploads\/2019\/07\/cropped-Logo-Expresso-Metropolitano-1-1.jpeg","contentUrl":"https:\/\/expressometro.mx\/wp-content\/uploads\/2019\/07\/cropped-Logo-Expresso-Metropolitano-1-1.jpeg","width":290,"height":73,"caption":"Expresso Metropolitano"},"image":{"@id":"https:\/\/expressometro.mx\/#\/schema\/logo\/image\/"}},{"@type":"Person","@id":"https:\/\/expressometro.mx\/#\/schema\/person\/efa971b4a0664db8ed5c22b1b0dd2f5d","name":"Expresso Metropolitano","image":{"@type":"ImageObject","inLanguage":"es","@id":"https:\/\/secure.gravatar.com\/avatar\/a89f802b8de18c6952f223c88d3d106e9e3679839f4e25a02f4a6cc2ae6ba3b3?s=96&d=mm&r=g","url":"https:\/\/secure.gravatar.com\/avatar\/a89f802b8de18c6952f223c88d3d106e9e3679839f4e25a02f4a6cc2ae6ba3b3?s=96&d=mm&r=g","contentUrl":"https:\/\/secure.gravatar.com\/avatar\/a89f802b8de18c6952f223c88d3d106e9e3679839f4e25a02f4a6cc2ae6ba3b3?s=96&d=mm&r=g","caption":"Expresso Metropolitano"},"url":"https:\/\/expressometro.mx\/index.php\/author\/diego\/"}]}},"amp_enabled":true,"_links":{"self":[{"href":"https:\/\/expressometro.mx\/index.php\/wp-json\/wp\/v2\/posts\/174","targetHints":{"allow":["GET"]}}],"collection":[{"href":"https:\/\/expressometro.mx\/index.php\/wp-json\/wp\/v2\/posts"}],"about":[{"href":"https:\/\/expressometro.mx\/index.php\/wp-json\/wp\/v2\/types\/post"}],"author":[{"embeddable":true,"href":"https:\/\/expressometro.mx\/index.php\/wp-json\/wp\/v2\/users\/1"}],"replies":[{"embeddable":true,"href":"https:\/\/expressometro.mx\/index.php\/wp-json\/wp\/v2\/comments?post=174"}],"version-history":[{"count":1,"href":"https:\/\/expressometro.mx\/index.php\/wp-json\/wp\/v2\/posts\/174\/revisions"}],"predecessor-version":[{"id":176,"href":"https:\/\/expressometro.mx\/index.php\/wp-json\/wp\/v2\/posts\/174\/revisions\/176"}],"wp:attachment":[{"href":"https:\/\/expressometro.mx\/index.php\/wp-json\/wp\/v2\/media?parent=174"}],"wp:term":[{"taxonomy":"category","embeddable":true,"href":"https:\/\/expressometro.mx\/index.php\/wp-json\/wp\/v2\/categories?post=174"},{"taxonomy":"post_tag","embeddable":true,"href":"https:\/\/expressometro.mx\/index.php\/wp-json\/wp\/v2\/tags?post=174"}],"curies":[{"name":"wp","href":"https:\/\/api.w.org\/{rel}","templated":true}]}}