{"id":1728,"date":"2020-07-24T14:49:08","date_gmt":"2020-07-24T19:49:08","guid":{"rendered":"http:\/\/expressometro.mx\/?p=1728"},"modified":"2020-08-04T21:53:34","modified_gmt":"2020-08-05T02:53:34","slug":"programa-seguro-catastroficoen-apaxco","status":"publish","type":"post","link":"https:\/\/expressometro.mx\/index.php\/2020\/07\/24\/programa-seguro-catastroficoen-apaxco\/","title":{"rendered":"PROGRAMA SEGURO CATASTR\u00d3FICO EN APAXCO"},"content":{"rendered":"\n<p>Agradecemos al Lic. Alfredo del Mazo Maza y a la Secretar\u00eda de  Desarrollo Agropecuario del Estado de M\u00e9xico, encabezada por su titular,  Roc\u00edo D\u00edaz Montoya, por llevar a cabo en conjunto con el Gobierno  Municipal de Apaxco, la entrega de cheques del programa seguro  catastr\u00f3fico a los productores apaxquenses. El cual, representa un  fuerte apoyo para todos ellos debido a la p\u00e9rdida de su cosecha por  eventos climatol\u00f3gicos, con este apoyo se reactiva la actividad  econ\u00f3mica en Apaxco. <\/p>\n","protected":false},"excerpt":{"rendered":"<p>Agradecemos al Lic. Alfredo del Mazo Maza y a la Secretar\u00eda de Desarrollo Agropecuario del Estado de M\u00e9xico, encabezada por su titular, Roc\u00edo D\u00edaz Montoya, por llevar a cabo en conjunto con el Gobierno Municipal de Apaxco, la entrega de cheques del programa seguro catastr\u00f3fico a los productores apaxquenses. El cual, representa un fuerte apoyo para todos ellos debido a la p\u00e9rdida de su cosecha por eventos climatol\u00f3gicos, con este apoyo se reactiva la actividad econ\u00f3mica en Apaxco.<\/p>\n","protected":false},"author":1,"featured_media":1729,"comment_status":"open","ping_status":"open","sticky":false,"template":"","format":"standard","meta":{"footnotes":""},"categories":[4],"tags":[],"class_list":["post-1728","post","type-post","status-publish","format-standard","has-post-thumbnail","hentry","category-finanzas"],"yoast_head":"<!-- This site is optimized with the Yoast SEO plugin v27.5 - https:\/\/yoast.com\/product\/yoast-seo-wordpress\/ -->\n<title>PROGRAMA SEGURO CATASTR\u00d3FICO EN APAXCO - Expresso Metropolitano<\/title>\n<meta name=\"robots\" content=\"index, follow, max-snippet:-1, max-image-preview:large, max-video-preview:-1\" \/>\n<link rel=\"canonical\" href=\"https:\/\/expressometro.mx\/index.php\/2020\/07\/24\/programa-seguro-catastroficoen-apaxco\/\" \/>\n<meta property=\"og:locale\" content=\"es_MX\" \/>\n<meta property=\"og:type\" content=\"article\" \/>\n<meta property=\"og:title\" content=\"PROGRAMA SEGURO CATASTR\u00d3FICO EN APAXCO - Expresso Metropolitano\" \/>\n<meta property=\"og:description\" content=\"Agradecemos al Lic. Alfredo del Mazo Maza y a la Secretar\u00eda de Desarrollo Agropecuario del Estado de M\u00e9xico, encabezada por su titular, Roc\u00edo D\u00edaz Montoya, por llevar a cabo en conjunto con el Gobierno Municipal de Apaxco, la entrega de cheques del programa seguro catastr\u00f3fico a los productores apaxquenses. El cual, representa un fuerte apoyo para todos ellos debido a la p\u00e9rdida de su cosecha por eventos climatol\u00f3gicos, con este apoyo se reactiva la actividad econ\u00f3mica en Apaxco.\" \/>\n<meta property=\"og:url\" content=\"https:\/\/expressometro.mx\/index.php\/2020\/07\/24\/programa-seguro-catastroficoen-apaxco\/\" \/>\n<meta property=\"og:site_name\" content=\"Expresso Metropolitano\" \/>\n<meta property=\"article:published_time\" content=\"2020-07-24T19:49:08+00:00\" \/>\n<meta property=\"article:modified_time\" content=\"2020-08-05T02:53:34+00:00\" \/>\n<meta property=\"og:image\" content=\"https:\/\/expressometro.mx\/wp-content\/uploads\/2020\/08\/109420870_2152825654860935_4522668396955324549_n.jpg\" \/>\n\t<meta property=\"og:image:width\" content=\"960\" \/>\n\t<meta property=\"og:image:height\" content=\"457\" \/>\n\t<meta property=\"og:image:type\" content=\"image\/jpeg\" \/>\n<meta name=\"author\" content=\"Expresso Metropolitano\" \/>\n<meta name=\"twitter:label1\" content=\"Escrito por\" \/>\n\t<meta name=\"twitter:data1\" content=\"Expresso Metropolitano\" \/>\n<script type=\"application\/ld+json\" class=\"yoast-schema-graph\">{\"@context\":\"https:\\\/\\\/schema.org\",\"@graph\":[{\"@type\":\"Article\",\"@id\":\"https:\\\/\\\/expressometro.mx\\\/index.php\\\/2020\\\/07\\\/24\\\/programa-seguro-catastroficoen-apaxco\\\/#article\",\"isPartOf\":{\"@id\":\"https:\\\/\\\/expressometro.mx\\\/index.php\\\/2020\\\/07\\\/24\\\/programa-seguro-catastroficoen-apaxco\\\/\"},\"author\":{\"name\":\"Expresso Metropolitano\",\"@id\":\"https:\\\/\\\/expressometro.mx\\\/#\\\/schema\\\/person\\\/efa971b4a0664db8ed5c22b1b0dd2f5d\"},\"headline\":\"PROGRAMA SEGURO CATASTR\u00d3FICO EN APAXCO\",\"datePublished\":\"2020-07-24T19:49:08+00:00\",\"dateModified\":\"2020-08-05T02:53:34+00:00\",\"mainEntityOfPage\":{\"@id\":\"https:\\\/\\\/expressometro.mx\\\/index.php\\\/2020\\\/07\\\/24\\\/programa-seguro-catastroficoen-apaxco\\\/\"},\"wordCount\":92,\"commentCount\":0,\"publisher\":{\"@id\":\"https:\\\/\\\/expressometro.mx\\\/#organization\"},\"image\":{\"@id\":\"https:\\\/\\\/expressometro.mx\\\/index.php\\\/2020\\\/07\\\/24\\\/programa-seguro-catastroficoen-apaxco\\\/#primaryimage\"},\"thumbnailUrl\":\"https:\\\/\\\/expressometro.mx\\\/wp-content\\\/uploads\\\/2020\\\/08\\\/109420870_2152825654860935_4522668396955324549_n.jpg\",\"articleSection\":[\"Finanzas\"],\"inLanguage\":\"es\",\"potentialAction\":[{\"@type\":\"CommentAction\",\"name\":\"Comment\",\"target\":[\"https:\\\/\\\/expressometro.mx\\\/index.php\\\/2020\\\/07\\\/24\\\/programa-seguro-catastroficoen-apaxco\\\/#respond\"]}]},{\"@type\":\"WebPage\",\"@id\":\"https:\\\/\\\/expressometro.mx\\\/index.php\\\/2020\\\/07\\\/24\\\/programa-seguro-catastroficoen-apaxco\\\/\",\"url\":\"https:\\\/\\\/expressometro.mx\\\/index.php\\\/2020\\\/07\\\/24\\\/programa-seguro-catastroficoen-apaxco\\\/\",\"name\":\"PROGRAMA SEGURO CATASTR\u00d3FICO EN APAXCO - Expresso Metropolitano\",\"isPartOf\":{\"@id\":\"https:\\\/\\\/expressometro.mx\\\/#website\"},\"primaryImageOfPage\":{\"@id\":\"https:\\\/\\\/expressometro.mx\\\/index.php\\\/2020\\\/07\\\/24\\\/programa-seguro-catastroficoen-apaxco\\\/#primaryimage\"},\"image\":{\"@id\":\"https:\\\/\\\/expressometro.mx\\\/index.php\\\/2020\\\/07\\\/24\\\/programa-seguro-catastroficoen-apaxco\\\/#primaryimage\"},\"thumbnailUrl\":\"https:\\\/\\\/expressometro.mx\\\/wp-content\\\/uploads\\\/2020\\\/08\\\/109420870_2152825654860935_4522668396955324549_n.jpg\",\"datePublished\":\"2020-07-24T19:49:08+00:00\",\"dateModified\":\"2020-08-05T02:53:34+00:00\",\"breadcrumb\":{\"@id\":\"https:\\\/\\\/expressometro.mx\\\/index.php\\\/2020\\\/07\\\/24\\\/programa-seguro-catastroficoen-apaxco\\\/#breadcrumb\"},\"inLanguage\":\"es\",\"potentialAction\":[{\"@type\":\"ReadAction\",\"target\":[\"https:\\\/\\\/expressometro.mx\\\/index.php\\\/2020\\\/07\\\/24\\\/programa-seguro-catastroficoen-apaxco\\\/\"]}]},{\"@type\":\"ImageObject\",\"inLanguage\":\"es\",\"@id\":\"https:\\\/\\\/expressometro.mx\\\/index.php\\\/2020\\\/07\\\/24\\\/programa-seguro-catastroficoen-apaxco\\\/#primaryimage\",\"url\":\"https:\\\/\\\/expressometro.mx\\\/wp-content\\\/uploads\\\/2020\\\/08\\\/109420870_2152825654860935_4522668396955324549_n.jpg\",\"contentUrl\":\"https:\\\/\\\/expressometro.mx\\\/wp-content\\\/uploads\\\/2020\\\/08\\\/109420870_2152825654860935_4522668396955324549_n.jpg\",\"width\":960,\"height\":457},{\"@type\":\"BreadcrumbList\",\"@id\":\"https:\\\/\\\/expressometro.mx\\\/index.php\\\/2020\\\/07\\\/24\\\/programa-seguro-catastroficoen-apaxco\\\/#breadcrumb\",\"itemListElement\":[{\"@type\":\"ListItem\",\"position\":1,\"name\":\"Inicio\",\"item\":\"https:\\\/\\\/expressometro.mx\\\/\"},{\"@type\":\"ListItem\",\"position\":2,\"name\":\"PROGRAMA SEGURO CATASTR\u00d3FICO EN APAXCO\"}]},{\"@type\":\"WebSite\",\"@id\":\"https:\\\/\\\/expressometro.mx\\\/#website\",\"url\":\"https:\\\/\\\/expressometro.mx\\\/\",\"name\":\"Expresso Metropolitano\",\"description\":\"Periodismo comprometido, informaci\u00f3n, investigaci\u00f3n y an\u00e1lisis\",\"publisher\":{\"@id\":\"https:\\\/\\\/expressometro.mx\\\/#organization\"},\"potentialAction\":[{\"@type\":\"SearchAction\",\"target\":{\"@type\":\"EntryPoint\",\"urlTemplate\":\"https:\\\/\\\/expressometro.mx\\\/?s={search_term_string}\"},\"query-input\":{\"@type\":\"PropertyValueSpecification\",\"valueRequired\":true,\"valueName\":\"search_term_string\"}}],\"inLanguage\":\"es\"},{\"@type\":\"Organization\",\"@id\":\"https:\\\/\\\/expressometro.mx\\\/#organization\",\"name\":\"Expresso Metropolitano\",\"url\":\"https:\\\/\\\/expressometro.mx\\\/\",\"logo\":{\"@type\":\"ImageObject\",\"inLanguage\":\"es\",\"@id\":\"https:\\\/\\\/expressometro.mx\\\/#\\\/schema\\\/logo\\\/image\\\/\",\"url\":\"https:\\\/\\\/expressometro.mx\\\/wp-content\\\/uploads\\\/2019\\\/07\\\/cropped-Logo-Expresso-Metropolitano-1-1.jpeg\",\"contentUrl\":\"https:\\\/\\\/expressometro.mx\\\/wp-content\\\/uploads\\\/2019\\\/07\\\/cropped-Logo-Expresso-Metropolitano-1-1.jpeg\",\"width\":290,\"height\":73,\"caption\":\"Expresso Metropolitano\"},\"image\":{\"@id\":\"https:\\\/\\\/expressometro.mx\\\/#\\\/schema\\\/logo\\\/image\\\/\"}},{\"@type\":\"Person\",\"@id\":\"https:\\\/\\\/expressometro.mx\\\/#\\\/schema\\\/person\\\/efa971b4a0664db8ed5c22b1b0dd2f5d\",\"name\":\"Expresso Metropolitano\",\"image\":{\"@type\":\"ImageObject\",\"inLanguage\":\"es\",\"@id\":\"https:\\\/\\\/secure.gravatar.com\\\/avatar\\\/a89f802b8de18c6952f223c88d3d106e9e3679839f4e25a02f4a6cc2ae6ba3b3?s=96&d=mm&r=g\",\"url\":\"https:\\\/\\\/secure.gravatar.com\\\/avatar\\\/a89f802b8de18c6952f223c88d3d106e9e3679839f4e25a02f4a6cc2ae6ba3b3?s=96&d=mm&r=g\",\"contentUrl\":\"https:\\\/\\\/secure.gravatar.com\\\/avatar\\\/a89f802b8de18c6952f223c88d3d106e9e3679839f4e25a02f4a6cc2ae6ba3b3?s=96&d=mm&r=g\",\"caption\":\"Expresso Metropolitano\"},\"url\":\"https:\\\/\\\/expressometro.mx\\\/index.php\\\/author\\\/diego\\\/\"}]}<\/script>\n<!-- \/ Yoast SEO plugin. -->","yoast_head_json":{"title":"PROGRAMA SEGURO CATASTR\u00d3FICO EN APAXCO - Expresso Metropolitano","robots":{"index":"index","follow":"follow","max-snippet":"max-snippet:-1","max-image-preview":"max-image-preview:large","max-video-preview":"max-video-preview:-1"},"canonical":"https:\/\/expressometro.mx\/index.php\/2020\/07\/24\/programa-seguro-catastroficoen-apaxco\/","og_locale":"es_MX","og_type":"article","og_title":"PROGRAMA SEGURO CATASTR\u00d3FICO EN APAXCO - Expresso Metropolitano","og_description":"Agradecemos al Lic. Alfredo del Mazo Maza y a la Secretar\u00eda de Desarrollo Agropecuario del Estado de M\u00e9xico, encabezada por su titular, Roc\u00edo D\u00edaz Montoya, por llevar a cabo en conjunto con el Gobierno Municipal de Apaxco, la entrega de cheques del programa seguro catastr\u00f3fico a los productores apaxquenses. El cual, representa un fuerte apoyo para todos ellos debido a la p\u00e9rdida de su cosecha por eventos climatol\u00f3gicos, con este apoyo se reactiva la actividad econ\u00f3mica en Apaxco.","og_url":"https:\/\/expressometro.mx\/index.php\/2020\/07\/24\/programa-seguro-catastroficoen-apaxco\/","og_site_name":"Expresso Metropolitano","article_published_time":"2020-07-24T19:49:08+00:00","article_modified_time":"2020-08-05T02:53:34+00:00","og_image":[{"width":960,"height":457,"url":"https:\/\/expressometro.mx\/wp-content\/uploads\/2020\/08\/109420870_2152825654860935_4522668396955324549_n.jpg","type":"image\/jpeg"}],"author":"Expresso Metropolitano","twitter_misc":{"Escrito por":"Expresso Metropolitano"},"schema":{"@context":"https:\/\/schema.org","@graph":[{"@type":"Article","@id":"https:\/\/expressometro.mx\/index.php\/2020\/07\/24\/programa-seguro-catastroficoen-apaxco\/#article","isPartOf":{"@id":"https:\/\/expressometro.mx\/index.php\/2020\/07\/24\/programa-seguro-catastroficoen-apaxco\/"},"author":{"name":"Expresso Metropolitano","@id":"https:\/\/expressometro.mx\/#\/schema\/person\/efa971b4a0664db8ed5c22b1b0dd2f5d"},"headline":"PROGRAMA SEGURO CATASTR\u00d3FICO EN APAXCO","datePublished":"2020-07-24T19:49:08+00:00","dateModified":"2020-08-05T02:53:34+00:00","mainEntityOfPage":{"@id":"https:\/\/expressometro.mx\/index.php\/2020\/07\/24\/programa-seguro-catastroficoen-apaxco\/"},"wordCount":92,"commentCount":0,"publisher":{"@id":"https:\/\/expressometro.mx\/#organization"},"image":{"@id":"https:\/\/expressometro.mx\/index.php\/2020\/07\/24\/programa-seguro-catastroficoen-apaxco\/#primaryimage"},"thumbnailUrl":"https:\/\/expressometro.mx\/wp-content\/uploads\/2020\/08\/109420870_2152825654860935_4522668396955324549_n.jpg","articleSection":["Finanzas"],"inLanguage":"es","potentialAction":[{"@type":"CommentAction","name":"Comment","target":["https:\/\/expressometro.mx\/index.php\/2020\/07\/24\/programa-seguro-catastroficoen-apaxco\/#respond"]}]},{"@type":"WebPage","@id":"https:\/\/expressometro.mx\/index.php\/2020\/07\/24\/programa-seguro-catastroficoen-apaxco\/","url":"https:\/\/expressometro.mx\/index.php\/2020\/07\/24\/programa-seguro-catastroficoen-apaxco\/","name":"PROGRAMA SEGURO CATASTR\u00d3FICO EN APAXCO - Expresso Metropolitano","isPartOf":{"@id":"https:\/\/expressometro.mx\/#website"},"primaryImageOfPage":{"@id":"https:\/\/expressometro.mx\/index.php\/2020\/07\/24\/programa-seguro-catastroficoen-apaxco\/#primaryimage"},"image":{"@id":"https:\/\/expressometro.mx\/index.php\/2020\/07\/24\/programa-seguro-catastroficoen-apaxco\/#primaryimage"},"thumbnailUrl":"https:\/\/expressometro.mx\/wp-content\/uploads\/2020\/08\/109420870_2152825654860935_4522668396955324549_n.jpg","datePublished":"2020-07-24T19:49:08+00:00","dateModified":"2020-08-05T02:53:34+00:00","breadcrumb":{"@id":"https:\/\/expressometro.mx\/index.php\/2020\/07\/24\/programa-seguro-catastroficoen-apaxco\/#breadcrumb"},"inLanguage":"es","potentialAction":[{"@type":"ReadAction","target":["https:\/\/expressometro.mx\/index.php\/2020\/07\/24\/programa-seguro-catastroficoen-apaxco\/"]}]},{"@type":"ImageObject","inLanguage":"es","@id":"https:\/\/expressometro.mx\/index.php\/2020\/07\/24\/programa-seguro-catastroficoen-apaxco\/#primaryimage","url":"https:\/\/expressometro.mx\/wp-content\/uploads\/2020\/08\/109420870_2152825654860935_4522668396955324549_n.jpg","contentUrl":"https:\/\/expressometro.mx\/wp-content\/uploads\/2020\/08\/109420870_2152825654860935_4522668396955324549_n.jpg","width":960,"height":457},{"@type":"BreadcrumbList","@id":"https:\/\/expressometro.mx\/index.php\/2020\/07\/24\/programa-seguro-catastroficoen-apaxco\/#breadcrumb","itemListElement":[{"@type":"ListItem","position":1,"name":"Inicio","item":"https:\/\/expressometro.mx\/"},{"@type":"ListItem","position":2,"name":"PROGRAMA SEGURO CATASTR\u00d3FICO EN APAXCO"}]},{"@type":"WebSite","@id":"https:\/\/expressometro.mx\/#website","url":"https:\/\/expressometro.mx\/","name":"Expresso Metropolitano","description":"Periodismo comprometido, informaci\u00f3n, investigaci\u00f3n y an\u00e1lisis","publisher":{"@id":"https:\/\/expressometro.mx\/#organization"},"potentialAction":[{"@type":"SearchAction","target":{"@type":"EntryPoint","urlTemplate":"https:\/\/expressometro.mx\/?s={search_term_string}"},"query-input":{"@type":"PropertyValueSpecification","valueRequired":true,"valueName":"search_term_string"}}],"inLanguage":"es"},{"@type":"Organization","@id":"https:\/\/expressometro.mx\/#organization","name":"Expresso Metropolitano","url":"https:\/\/expressometro.mx\/","logo":{"@type":"ImageObject","inLanguage":"es","@id":"https:\/\/expressometro.mx\/#\/schema\/logo\/image\/","url":"https:\/\/expressometro.mx\/wp-content\/uploads\/2019\/07\/cropped-Logo-Expresso-Metropolitano-1-1.jpeg","contentUrl":"https:\/\/expressometro.mx\/wp-content\/uploads\/2019\/07\/cropped-Logo-Expresso-Metropolitano-1-1.jpeg","width":290,"height":73,"caption":"Expresso Metropolitano"},"image":{"@id":"https:\/\/expressometro.mx\/#\/schema\/logo\/image\/"}},{"@type":"Person","@id":"https:\/\/expressometro.mx\/#\/schema\/person\/efa971b4a0664db8ed5c22b1b0dd2f5d","name":"Expresso Metropolitano","image":{"@type":"ImageObject","inLanguage":"es","@id":"https:\/\/secure.gravatar.com\/avatar\/a89f802b8de18c6952f223c88d3d106e9e3679839f4e25a02f4a6cc2ae6ba3b3?s=96&d=mm&r=g","url":"https:\/\/secure.gravatar.com\/avatar\/a89f802b8de18c6952f223c88d3d106e9e3679839f4e25a02f4a6cc2ae6ba3b3?s=96&d=mm&r=g","contentUrl":"https:\/\/secure.gravatar.com\/avatar\/a89f802b8de18c6952f223c88d3d106e9e3679839f4e25a02f4a6cc2ae6ba3b3?s=96&d=mm&r=g","caption":"Expresso Metropolitano"},"url":"https:\/\/expressometro.mx\/index.php\/author\/diego\/"}]}},"amp_enabled":true,"_links":{"self":[{"href":"https:\/\/expressometro.mx\/index.php\/wp-json\/wp\/v2\/posts\/1728","targetHints":{"allow":["GET"]}}],"collection":[{"href":"https:\/\/expressometro.mx\/index.php\/wp-json\/wp\/v2\/posts"}],"about":[{"href":"https:\/\/expressometro.mx\/index.php\/wp-json\/wp\/v2\/types\/post"}],"author":[{"embeddable":true,"href":"https:\/\/expressometro.mx\/index.php\/wp-json\/wp\/v2\/users\/1"}],"replies":[{"embeddable":true,"href":"https:\/\/expressometro.mx\/index.php\/wp-json\/wp\/v2\/comments?post=1728"}],"version-history":[{"count":2,"href":"https:\/\/expressometro.mx\/index.php\/wp-json\/wp\/v2\/posts\/1728\/revisions"}],"predecessor-version":[{"id":1731,"href":"https:\/\/expressometro.mx\/index.php\/wp-json\/wp\/v2\/posts\/1728\/revisions\/1731"}],"wp:featuredmedia":[{"embeddable":true,"href":"https:\/\/expressometro.mx\/index.php\/wp-json\/wp\/v2\/media\/1729"}],"wp:attachment":[{"href":"https:\/\/expressometro.mx\/index.php\/wp-json\/wp\/v2\/media?parent=1728"}],"wp:term":[{"taxonomy":"category","embeddable":true,"href":"https:\/\/expressometro.mx\/index.php\/wp-json\/wp\/v2\/categories?post=1728"},{"taxonomy":"post_tag","embeddable":true,"href":"https:\/\/expressometro.mx\/index.php\/wp-json\/wp\/v2\/tags?post=1728"}],"curies":[{"name":"wp","href":"https:\/\/api.w.org\/{rel}","templated":true}]}}