{"id":1720,"date":"2020-07-30T23:56:27","date_gmt":"2020-07-31T04:56:27","guid":{"rendered":"http:\/\/expressometro.mx\/?p=1720"},"modified":"2020-07-30T23:56:28","modified_gmt":"2020-07-31T04:56:28","slug":"permite-programa-de-apoyo-para-el-desempleo-reactivar-economia-familiar-afectada-por-la-pandemia-alfredo-del-mazo","status":"publish","type":"post","link":"https:\/\/expressometro.mx\/index.php\/2020\/07\/30\/permite-programa-de-apoyo-para-el-desempleo-reactivar-economia-familiar-afectada-por-la-pandemia-alfredo-del-mazo\/","title":{"rendered":"PERMITE PROGRAMA DE APOYO PARA EL DESEMPLEO REACTIVAR ECONOM\u00cdA FAMILIAR AFECTADA POR LA PANDEMIA: ALFREDO DEL MAZO"},"content":{"rendered":"\n<p>Como parte de los programas en beneficio de la econom\u00eda familiar, el Gobernador Alfredo Del Mazo Maza entreg\u00f3 recursos del programa Apoyo al Desempleo , a personas que se quedaron sin trabajo debido a la pandemia.<\/p>\n\n\n\n<p>En el CECyTEM Plantel Metepec, el mandatario estatal subray\u00f3 la necesidad de apoyar a las familias que han visto reducidos sus ingresos por el cierre de negocios o empresas debido a la contingencia sanitaria, y precis\u00f3 que este programa apoyar\u00e1 a 50 mil familias en la entidad. <\/p>\n\n\n\n<p>&#8220;Lanzamos este programa de Apoyo para el Desempleo, para ayudarles a muchas familias de todo el Estado de M\u00e9xico; vamos a estar apoyando a m\u00e1s de 50 mil familias, a que tengan un apoyo econ\u00f3mico por haber perdido ese empleo, ya sea formal o informal, pero que cuenten con este apoyo que se va a dar en dos ministraciones y que esto les ayude a ir apoyando el gasto de la econom\u00eda familiar que se vio afectada y que se est\u00e1 viendo afectada todav\u00eda, debido a esta situaci\u00f3n que estamos viviendo en todo el mundo&#8221;, explic\u00f3.  <\/p>\n\n\n\n<p>En este evento, en el que entreg\u00f3 cheques a vecinos de los municipios de Metepec, Mexicaltzingo, San Mateo Atenco y Chapultepec, el Gobernador especific\u00f3  que otro beneficio de este programa son los talleres y capacitaciones virtuales, donde los ciudadanos  podr\u00e1n visitar una bolsa de trabajo en l\u00ednea, adem\u00e1s de recibir consejos para mejorar su curr\u00edculum y otras recomendaciones que les ayudar\u00e1n a tener una entrevista laboral exitosa. <\/p>\n\n\n\n<p>Del Mazo Maza puntualiz\u00f3 que ante la dif\u00edcil situaci\u00f3n  econ\u00f3mica que atraviesan muchas familias por la p\u00e9rdida de sus fuentes de ingresos, la administraci\u00f3n estatal implement\u00f3 varios programas de apoyo como microcr\u00e9ditos sin tasa de inter\u00e9s y un periodo de gracia de hasta seis meses, incentivos de 25 mil pesos a proyectos productivos, cr\u00e9ditos a peque\u00f1as y medianas empresas, entre otras acciones. <\/p>\n\n\n\n<p>Subray\u00f3 que ante el actual panorama de incertidumbre, el Gobierno estatal respalda a las familias y confi\u00f3 en que la sociedad lograr\u00e1 superar esta contingencia, con el apoyo de todos los sectores. <\/p>\n\n\n\n<p>&#8220;Estoy seguro de que vamos a salir adelante de esta situaci\u00f3n tan complicada, tan dif\u00edcil, con el apoyo de todos, con el apoyo de todas, con el apoyo de todos, y que sepan que cuentan con el Gobierno del estado, que estamos haciendo un esfuerzo muy importante con muchos programas para apoyar, sobre todo, a la econom\u00eda familiar y a muchas familias que como ustedes han perdido su trabajo y necesitan un ingreso para apoyar a sus familias, y as\u00ed seguiremos, apoyando muchas familias como ustedes&#8221;, extern\u00f3. <\/p>\n\n\n\n<p>Acompa\u00f1ado por Gabriela Gamboa S\u00e1nchez, Presidenta Municipal de Metepec y por Martha Hilda Gonz\u00e1lez Calder\u00f3n, Secretaria del Trabajo, el mandatario mexiquense consider\u00f3 que tras los meses en los que las actividades econ\u00f3micas fueron suspendidas, hoy la prioridad es activar nuevamente a las empresas familiares, sin descuidar el cuidado de la salud para evitar que la propagaci\u00f3n del COVID-19 se incremente. <\/p>\n\n\n\n<p>&#8220;As\u00ed como est\u00e1 la salud, por otro lado, tenemos a la econom\u00eda familiar, que se ha visto afectada por la pandemia, y tenemos que tener un equilibrio entre cuidar, por supuesto, la salud, que es una prioridad, pero tambi\u00e9n darle oportunidad a que la econom\u00eda vaya caminando y se vaya retomando las actividades para que podamos ir recuperando esos empleos que se han perdido e ir recuperando esa actividad econ\u00f3mica&#8221;, indic\u00f3. <\/p>\n\n\n\n<p>Alfredo Del Mazo insisti\u00f3 en mantener las medidas preventivas como la sana distancia, el lavado constante de manos y el uso de cubrebocas, ya que pese a estar en la fase naranja del sem\u00e1foro epidemiol\u00f3gico, los contagios por COVID-19 contin\u00faan representando un riesgo para la poblaci\u00f3n.<\/p>\n\n\n\n<figure class=\"wp-block-video\"><video height=\"360\" style=\"aspect-ratio: 480 \/ 360;\" width=\"480\" controls src=\"http:\/\/expressometro.mx\/wp-content\/uploads\/2020\/07\/trim.05F06EBF-C42F-441B-BD7B-FABFE746F9ED.mov\"><\/video><\/figure>\n","protected":false},"excerpt":{"rendered":"<p>Como parte de los programas en beneficio de la econom\u00eda familiar, el Gobernador Alfredo Del Mazo Maza entreg\u00f3 recursos del programa Apoyo al Desempleo , a personas que se quedaron sin trabajo debido a la pandemia. En el CECyTEM Plantel Metepec, el mandatario estatal subray\u00f3 la necesidad de apoyar a las familias que han visto reducidos sus ingresos por el cierre de negocios o empresas debido a la contingencia sanitaria, y precis\u00f3 que este programa apoyar\u00e1 a 50 mil familias en la entidad. &#8220;Lanzamos este programa de Apoyo para el&hellip;<\/p>\n","protected":false},"author":1,"featured_media":1722,"comment_status":"open","ping_status":"open","sticky":false,"template":"","format":"standard","meta":{"footnotes":""},"categories":[1],"tags":[],"class_list":["post-1720","post","type-post","status-publish","format-standard","has-post-thumbnail","hentry","category-otros"],"yoast_head":"<!-- This site is optimized with the Yoast SEO plugin v27.4 - https:\/\/yoast.com\/product\/yoast-seo-wordpress\/ -->\n<title>PERMITE PROGRAMA DE APOYO PARA EL DESEMPLEO REACTIVAR ECONOM\u00cdA FAMILIAR AFECTADA POR LA PANDEMIA: ALFREDO DEL MAZO - Expresso Metropolitano<\/title>\n<meta name=\"robots\" content=\"index, follow, max-snippet:-1, max-image-preview:large, max-video-preview:-1\" \/>\n<link rel=\"canonical\" href=\"https:\/\/expressometro.mx\/index.php\/2020\/07\/30\/permite-programa-de-apoyo-para-el-desempleo-reactivar-economia-familiar-afectada-por-la-pandemia-alfredo-del-mazo\/\" \/>\n<meta property=\"og:locale\" content=\"es_MX\" \/>\n<meta property=\"og:type\" content=\"article\" \/>\n<meta property=\"og:title\" content=\"PERMITE PROGRAMA DE APOYO PARA EL DESEMPLEO REACTIVAR ECONOM\u00cdA FAMILIAR AFECTADA POR LA PANDEMIA: ALFREDO DEL MAZO - Expresso Metropolitano\" \/>\n<meta property=\"og:description\" content=\"Como parte de los programas en beneficio de la econom\u00eda familiar, el Gobernador Alfredo Del Mazo Maza entreg\u00f3 recursos del programa Apoyo al Desempleo , a personas que se quedaron sin trabajo debido a la pandemia. En el CECyTEM Plantel Metepec, el mandatario estatal subray\u00f3 la necesidad de apoyar a las familias que han visto reducidos sus ingresos por el cierre de negocios o empresas debido a la contingencia sanitaria, y precis\u00f3 que este programa apoyar\u00e1 a 50 mil familias en la entidad. &#8220;Lanzamos este programa de Apoyo para el&hellip;\" \/>\n<meta property=\"og:url\" content=\"https:\/\/expressometro.mx\/index.php\/2020\/07\/30\/permite-programa-de-apoyo-para-el-desempleo-reactivar-economia-familiar-afectada-por-la-pandemia-alfredo-del-mazo\/\" \/>\n<meta property=\"og:site_name\" content=\"Expresso Metropolitano\" \/>\n<meta property=\"article:published_time\" content=\"2020-07-31T04:56:27+00:00\" \/>\n<meta property=\"article:modified_time\" content=\"2020-07-31T04:56:28+00:00\" \/>\n<meta property=\"og:image\" content=\"https:\/\/expressometro.mx\/wp-content\/uploads\/2020\/07\/46F40060-CE1B-4450-9092-ACC958DD0F3A.jpeg\" \/>\n\t<meta property=\"og:image:width\" content=\"946\" \/>\n\t<meta property=\"og:image:height\" content=\"1280\" \/>\n\t<meta property=\"og:image:type\" content=\"image\/jpeg\" \/>\n<meta name=\"author\" content=\"Expresso Metropolitano\" \/>\n<meta name=\"twitter:label1\" content=\"Escrito por\" \/>\n\t<meta name=\"twitter:data1\" content=\"Expresso Metropolitano\" \/>\n\t<meta name=\"twitter:label2\" content=\"Tiempo de lectura\" \/>\n\t<meta name=\"twitter:data2\" content=\"3 minutos\" \/>\n<script type=\"application\/ld+json\" class=\"yoast-schema-graph\">{\"@context\":\"https:\\\/\\\/schema.org\",\"@graph\":[{\"@type\":\"Article\",\"@id\":\"https:\\\/\\\/expressometro.mx\\\/index.php\\\/2020\\\/07\\\/30\\\/permite-programa-de-apoyo-para-el-desempleo-reactivar-economia-familiar-afectada-por-la-pandemia-alfredo-del-mazo\\\/#article\",\"isPartOf\":{\"@id\":\"https:\\\/\\\/expressometro.mx\\\/index.php\\\/2020\\\/07\\\/30\\\/permite-programa-de-apoyo-para-el-desempleo-reactivar-economia-familiar-afectada-por-la-pandemia-alfredo-del-mazo\\\/\"},\"author\":{\"name\":\"Expresso Metropolitano\",\"@id\":\"https:\\\/\\\/expressometro.mx\\\/#\\\/schema\\\/person\\\/efa971b4a0664db8ed5c22b1b0dd2f5d\"},\"headline\":\"PERMITE PROGRAMA DE APOYO PARA EL DESEMPLEO REACTIVAR ECONOM\u00cdA FAMILIAR AFECTADA POR LA PANDEMIA: ALFREDO DEL MAZO\",\"datePublished\":\"2020-07-31T04:56:27+00:00\",\"dateModified\":\"2020-07-31T04:56:28+00:00\",\"mainEntityOfPage\":{\"@id\":\"https:\\\/\\\/expressometro.mx\\\/index.php\\\/2020\\\/07\\\/30\\\/permite-programa-de-apoyo-para-el-desempleo-reactivar-economia-familiar-afectada-por-la-pandemia-alfredo-del-mazo\\\/\"},\"wordCount\":656,\"commentCount\":0,\"publisher\":{\"@id\":\"https:\\\/\\\/expressometro.mx\\\/#organization\"},\"image\":{\"@id\":\"https:\\\/\\\/expressometro.mx\\\/index.php\\\/2020\\\/07\\\/30\\\/permite-programa-de-apoyo-para-el-desempleo-reactivar-economia-familiar-afectada-por-la-pandemia-alfredo-del-mazo\\\/#primaryimage\"},\"thumbnailUrl\":\"https:\\\/\\\/expressometro.mx\\\/wp-content\\\/uploads\\\/2020\\\/07\\\/46F40060-CE1B-4450-9092-ACC958DD0F3A.jpeg\",\"articleSection\":[\"Otros\"],\"inLanguage\":\"es\",\"potentialAction\":[{\"@type\":\"CommentAction\",\"name\":\"Comment\",\"target\":[\"https:\\\/\\\/expressometro.mx\\\/index.php\\\/2020\\\/07\\\/30\\\/permite-programa-de-apoyo-para-el-desempleo-reactivar-economia-familiar-afectada-por-la-pandemia-alfredo-del-mazo\\\/#respond\"]}]},{\"@type\":\"WebPage\",\"@id\":\"https:\\\/\\\/expressometro.mx\\\/index.php\\\/2020\\\/07\\\/30\\\/permite-programa-de-apoyo-para-el-desempleo-reactivar-economia-familiar-afectada-por-la-pandemia-alfredo-del-mazo\\\/\",\"url\":\"https:\\\/\\\/expressometro.mx\\\/index.php\\\/2020\\\/07\\\/30\\\/permite-programa-de-apoyo-para-el-desempleo-reactivar-economia-familiar-afectada-por-la-pandemia-alfredo-del-mazo\\\/\",\"name\":\"PERMITE PROGRAMA DE APOYO PARA EL DESEMPLEO REACTIVAR ECONOM\u00cdA FAMILIAR AFECTADA POR LA PANDEMIA: ALFREDO DEL MAZO - Expresso Metropolitano\",\"isPartOf\":{\"@id\":\"https:\\\/\\\/expressometro.mx\\\/#website\"},\"primaryImageOfPage\":{\"@id\":\"https:\\\/\\\/expressometro.mx\\\/index.php\\\/2020\\\/07\\\/30\\\/permite-programa-de-apoyo-para-el-desempleo-reactivar-economia-familiar-afectada-por-la-pandemia-alfredo-del-mazo\\\/#primaryimage\"},\"image\":{\"@id\":\"https:\\\/\\\/expressometro.mx\\\/index.php\\\/2020\\\/07\\\/30\\\/permite-programa-de-apoyo-para-el-desempleo-reactivar-economia-familiar-afectada-por-la-pandemia-alfredo-del-mazo\\\/#primaryimage\"},\"thumbnailUrl\":\"https:\\\/\\\/expressometro.mx\\\/wp-content\\\/uploads\\\/2020\\\/07\\\/46F40060-CE1B-4450-9092-ACC958DD0F3A.jpeg\",\"datePublished\":\"2020-07-31T04:56:27+00:00\",\"dateModified\":\"2020-07-31T04:56:28+00:00\",\"breadcrumb\":{\"@id\":\"https:\\\/\\\/expressometro.mx\\\/index.php\\\/2020\\\/07\\\/30\\\/permite-programa-de-apoyo-para-el-desempleo-reactivar-economia-familiar-afectada-por-la-pandemia-alfredo-del-mazo\\\/#breadcrumb\"},\"inLanguage\":\"es\",\"potentialAction\":[{\"@type\":\"ReadAction\",\"target\":[\"https:\\\/\\\/expressometro.mx\\\/index.php\\\/2020\\\/07\\\/30\\\/permite-programa-de-apoyo-para-el-desempleo-reactivar-economia-familiar-afectada-por-la-pandemia-alfredo-del-mazo\\\/\"]}]},{\"@type\":\"ImageObject\",\"inLanguage\":\"es\",\"@id\":\"https:\\\/\\\/expressometro.mx\\\/index.php\\\/2020\\\/07\\\/30\\\/permite-programa-de-apoyo-para-el-desempleo-reactivar-economia-familiar-afectada-por-la-pandemia-alfredo-del-mazo\\\/#primaryimage\",\"url\":\"https:\\\/\\\/expressometro.mx\\\/wp-content\\\/uploads\\\/2020\\\/07\\\/46F40060-CE1B-4450-9092-ACC958DD0F3A.jpeg\",\"contentUrl\":\"https:\\\/\\\/expressometro.mx\\\/wp-content\\\/uploads\\\/2020\\\/07\\\/46F40060-CE1B-4450-9092-ACC958DD0F3A.jpeg\",\"width\":946,\"height\":1280},{\"@type\":\"BreadcrumbList\",\"@id\":\"https:\\\/\\\/expressometro.mx\\\/index.php\\\/2020\\\/07\\\/30\\\/permite-programa-de-apoyo-para-el-desempleo-reactivar-economia-familiar-afectada-por-la-pandemia-alfredo-del-mazo\\\/#breadcrumb\",\"itemListElement\":[{\"@type\":\"ListItem\",\"position\":1,\"name\":\"Inicio\",\"item\":\"https:\\\/\\\/expressometro.mx\\\/\"},{\"@type\":\"ListItem\",\"position\":2,\"name\":\"PERMITE PROGRAMA DE APOYO PARA EL DESEMPLEO REACTIVAR ECONOM\u00cdA FAMILIAR AFECTADA POR LA PANDEMIA: ALFREDO DEL MAZO\"}]},{\"@type\":\"WebSite\",\"@id\":\"https:\\\/\\\/expressometro.mx\\\/#website\",\"url\":\"https:\\\/\\\/expressometro.mx\\\/\",\"name\":\"Expresso Metropolitano\",\"description\":\"Periodismo comprometido, informaci\u00f3n, investigaci\u00f3n y an\u00e1lisis\",\"publisher\":{\"@id\":\"https:\\\/\\\/expressometro.mx\\\/#organization\"},\"potentialAction\":[{\"@type\":\"SearchAction\",\"target\":{\"@type\":\"EntryPoint\",\"urlTemplate\":\"https:\\\/\\\/expressometro.mx\\\/?s={search_term_string}\"},\"query-input\":{\"@type\":\"PropertyValueSpecification\",\"valueRequired\":true,\"valueName\":\"search_term_string\"}}],\"inLanguage\":\"es\"},{\"@type\":\"Organization\",\"@id\":\"https:\\\/\\\/expressometro.mx\\\/#organization\",\"name\":\"Expresso Metropolitano\",\"url\":\"https:\\\/\\\/expressometro.mx\\\/\",\"logo\":{\"@type\":\"ImageObject\",\"inLanguage\":\"es\",\"@id\":\"https:\\\/\\\/expressometro.mx\\\/#\\\/schema\\\/logo\\\/image\\\/\",\"url\":\"https:\\\/\\\/expressometro.mx\\\/wp-content\\\/uploads\\\/2019\\\/07\\\/cropped-Logo-Expresso-Metropolitano-1-1.jpeg\",\"contentUrl\":\"https:\\\/\\\/expressometro.mx\\\/wp-content\\\/uploads\\\/2019\\\/07\\\/cropped-Logo-Expresso-Metropolitano-1-1.jpeg\",\"width\":290,\"height\":73,\"caption\":\"Expresso Metropolitano\"},\"image\":{\"@id\":\"https:\\\/\\\/expressometro.mx\\\/#\\\/schema\\\/logo\\\/image\\\/\"}},{\"@type\":\"Person\",\"@id\":\"https:\\\/\\\/expressometro.mx\\\/#\\\/schema\\\/person\\\/efa971b4a0664db8ed5c22b1b0dd2f5d\",\"name\":\"Expresso Metropolitano\",\"image\":{\"@type\":\"ImageObject\",\"inLanguage\":\"es\",\"@id\":\"https:\\\/\\\/secure.gravatar.com\\\/avatar\\\/a89f802b8de18c6952f223c88d3d106e9e3679839f4e25a02f4a6cc2ae6ba3b3?s=96&d=mm&r=g\",\"url\":\"https:\\\/\\\/secure.gravatar.com\\\/avatar\\\/a89f802b8de18c6952f223c88d3d106e9e3679839f4e25a02f4a6cc2ae6ba3b3?s=96&d=mm&r=g\",\"contentUrl\":\"https:\\\/\\\/secure.gravatar.com\\\/avatar\\\/a89f802b8de18c6952f223c88d3d106e9e3679839f4e25a02f4a6cc2ae6ba3b3?s=96&d=mm&r=g\",\"caption\":\"Expresso Metropolitano\"},\"url\":\"https:\\\/\\\/expressometro.mx\\\/index.php\\\/author\\\/diego\\\/\"}]}<\/script>\n<!-- \/ Yoast SEO plugin. -->","yoast_head_json":{"title":"PERMITE PROGRAMA DE APOYO PARA EL DESEMPLEO REACTIVAR ECONOM\u00cdA FAMILIAR AFECTADA POR LA PANDEMIA: ALFREDO DEL MAZO - Expresso Metropolitano","robots":{"index":"index","follow":"follow","max-snippet":"max-snippet:-1","max-image-preview":"max-image-preview:large","max-video-preview":"max-video-preview:-1"},"canonical":"https:\/\/expressometro.mx\/index.php\/2020\/07\/30\/permite-programa-de-apoyo-para-el-desempleo-reactivar-economia-familiar-afectada-por-la-pandemia-alfredo-del-mazo\/","og_locale":"es_MX","og_type":"article","og_title":"PERMITE PROGRAMA DE APOYO PARA EL DESEMPLEO REACTIVAR ECONOM\u00cdA FAMILIAR AFECTADA POR LA PANDEMIA: ALFREDO DEL MAZO - Expresso Metropolitano","og_description":"Como parte de los programas en beneficio de la econom\u00eda familiar, el Gobernador Alfredo Del Mazo Maza entreg\u00f3 recursos del programa Apoyo al Desempleo , a personas que se quedaron sin trabajo debido a la pandemia. En el CECyTEM Plantel Metepec, el mandatario estatal subray\u00f3 la necesidad de apoyar a las familias que han visto reducidos sus ingresos por el cierre de negocios o empresas debido a la contingencia sanitaria, y precis\u00f3 que este programa apoyar\u00e1 a 50 mil familias en la entidad. &#8220;Lanzamos este programa de Apoyo para el&hellip;","og_url":"https:\/\/expressometro.mx\/index.php\/2020\/07\/30\/permite-programa-de-apoyo-para-el-desempleo-reactivar-economia-familiar-afectada-por-la-pandemia-alfredo-del-mazo\/","og_site_name":"Expresso Metropolitano","article_published_time":"2020-07-31T04:56:27+00:00","article_modified_time":"2020-07-31T04:56:28+00:00","og_image":[{"width":946,"height":1280,"url":"https:\/\/expressometro.mx\/wp-content\/uploads\/2020\/07\/46F40060-CE1B-4450-9092-ACC958DD0F3A.jpeg","type":"image\/jpeg"}],"author":"Expresso Metropolitano","twitter_misc":{"Escrito por":"Expresso Metropolitano","Tiempo de lectura":"3 minutos"},"schema":{"@context":"https:\/\/schema.org","@graph":[{"@type":"Article","@id":"https:\/\/expressometro.mx\/index.php\/2020\/07\/30\/permite-programa-de-apoyo-para-el-desempleo-reactivar-economia-familiar-afectada-por-la-pandemia-alfredo-del-mazo\/#article","isPartOf":{"@id":"https:\/\/expressometro.mx\/index.php\/2020\/07\/30\/permite-programa-de-apoyo-para-el-desempleo-reactivar-economia-familiar-afectada-por-la-pandemia-alfredo-del-mazo\/"},"author":{"name":"Expresso Metropolitano","@id":"https:\/\/expressometro.mx\/#\/schema\/person\/efa971b4a0664db8ed5c22b1b0dd2f5d"},"headline":"PERMITE PROGRAMA DE APOYO PARA EL DESEMPLEO REACTIVAR ECONOM\u00cdA FAMILIAR AFECTADA POR LA PANDEMIA: ALFREDO DEL MAZO","datePublished":"2020-07-31T04:56:27+00:00","dateModified":"2020-07-31T04:56:28+00:00","mainEntityOfPage":{"@id":"https:\/\/expressometro.mx\/index.php\/2020\/07\/30\/permite-programa-de-apoyo-para-el-desempleo-reactivar-economia-familiar-afectada-por-la-pandemia-alfredo-del-mazo\/"},"wordCount":656,"commentCount":0,"publisher":{"@id":"https:\/\/expressometro.mx\/#organization"},"image":{"@id":"https:\/\/expressometro.mx\/index.php\/2020\/07\/30\/permite-programa-de-apoyo-para-el-desempleo-reactivar-economia-familiar-afectada-por-la-pandemia-alfredo-del-mazo\/#primaryimage"},"thumbnailUrl":"https:\/\/expressometro.mx\/wp-content\/uploads\/2020\/07\/46F40060-CE1B-4450-9092-ACC958DD0F3A.jpeg","articleSection":["Otros"],"inLanguage":"es","potentialAction":[{"@type":"CommentAction","name":"Comment","target":["https:\/\/expressometro.mx\/index.php\/2020\/07\/30\/permite-programa-de-apoyo-para-el-desempleo-reactivar-economia-familiar-afectada-por-la-pandemia-alfredo-del-mazo\/#respond"]}]},{"@type":"WebPage","@id":"https:\/\/expressometro.mx\/index.php\/2020\/07\/30\/permite-programa-de-apoyo-para-el-desempleo-reactivar-economia-familiar-afectada-por-la-pandemia-alfredo-del-mazo\/","url":"https:\/\/expressometro.mx\/index.php\/2020\/07\/30\/permite-programa-de-apoyo-para-el-desempleo-reactivar-economia-familiar-afectada-por-la-pandemia-alfredo-del-mazo\/","name":"PERMITE PROGRAMA DE APOYO PARA EL DESEMPLEO REACTIVAR ECONOM\u00cdA FAMILIAR AFECTADA POR LA PANDEMIA: ALFREDO DEL MAZO - Expresso Metropolitano","isPartOf":{"@id":"https:\/\/expressometro.mx\/#website"},"primaryImageOfPage":{"@id":"https:\/\/expressometro.mx\/index.php\/2020\/07\/30\/permite-programa-de-apoyo-para-el-desempleo-reactivar-economia-familiar-afectada-por-la-pandemia-alfredo-del-mazo\/#primaryimage"},"image":{"@id":"https:\/\/expressometro.mx\/index.php\/2020\/07\/30\/permite-programa-de-apoyo-para-el-desempleo-reactivar-economia-familiar-afectada-por-la-pandemia-alfredo-del-mazo\/#primaryimage"},"thumbnailUrl":"https:\/\/expressometro.mx\/wp-content\/uploads\/2020\/07\/46F40060-CE1B-4450-9092-ACC958DD0F3A.jpeg","datePublished":"2020-07-31T04:56:27+00:00","dateModified":"2020-07-31T04:56:28+00:00","breadcrumb":{"@id":"https:\/\/expressometro.mx\/index.php\/2020\/07\/30\/permite-programa-de-apoyo-para-el-desempleo-reactivar-economia-familiar-afectada-por-la-pandemia-alfredo-del-mazo\/#breadcrumb"},"inLanguage":"es","potentialAction":[{"@type":"ReadAction","target":["https:\/\/expressometro.mx\/index.php\/2020\/07\/30\/permite-programa-de-apoyo-para-el-desempleo-reactivar-economia-familiar-afectada-por-la-pandemia-alfredo-del-mazo\/"]}]},{"@type":"ImageObject","inLanguage":"es","@id":"https:\/\/expressometro.mx\/index.php\/2020\/07\/30\/permite-programa-de-apoyo-para-el-desempleo-reactivar-economia-familiar-afectada-por-la-pandemia-alfredo-del-mazo\/#primaryimage","url":"https:\/\/expressometro.mx\/wp-content\/uploads\/2020\/07\/46F40060-CE1B-4450-9092-ACC958DD0F3A.jpeg","contentUrl":"https:\/\/expressometro.mx\/wp-content\/uploads\/2020\/07\/46F40060-CE1B-4450-9092-ACC958DD0F3A.jpeg","width":946,"height":1280},{"@type":"BreadcrumbList","@id":"https:\/\/expressometro.mx\/index.php\/2020\/07\/30\/permite-programa-de-apoyo-para-el-desempleo-reactivar-economia-familiar-afectada-por-la-pandemia-alfredo-del-mazo\/#breadcrumb","itemListElement":[{"@type":"ListItem","position":1,"name":"Inicio","item":"https:\/\/expressometro.mx\/"},{"@type":"ListItem","position":2,"name":"PERMITE PROGRAMA DE APOYO PARA EL DESEMPLEO REACTIVAR ECONOM\u00cdA FAMILIAR AFECTADA POR LA PANDEMIA: ALFREDO DEL MAZO"}]},{"@type":"WebSite","@id":"https:\/\/expressometro.mx\/#website","url":"https:\/\/expressometro.mx\/","name":"Expresso Metropolitano","description":"Periodismo comprometido, informaci\u00f3n, investigaci\u00f3n y an\u00e1lisis","publisher":{"@id":"https:\/\/expressometro.mx\/#organization"},"potentialAction":[{"@type":"SearchAction","target":{"@type":"EntryPoint","urlTemplate":"https:\/\/expressometro.mx\/?s={search_term_string}"},"query-input":{"@type":"PropertyValueSpecification","valueRequired":true,"valueName":"search_term_string"}}],"inLanguage":"es"},{"@type":"Organization","@id":"https:\/\/expressometro.mx\/#organization","name":"Expresso Metropolitano","url":"https:\/\/expressometro.mx\/","logo":{"@type":"ImageObject","inLanguage":"es","@id":"https:\/\/expressometro.mx\/#\/schema\/logo\/image\/","url":"https:\/\/expressometro.mx\/wp-content\/uploads\/2019\/07\/cropped-Logo-Expresso-Metropolitano-1-1.jpeg","contentUrl":"https:\/\/expressometro.mx\/wp-content\/uploads\/2019\/07\/cropped-Logo-Expresso-Metropolitano-1-1.jpeg","width":290,"height":73,"caption":"Expresso Metropolitano"},"image":{"@id":"https:\/\/expressometro.mx\/#\/schema\/logo\/image\/"}},{"@type":"Person","@id":"https:\/\/expressometro.mx\/#\/schema\/person\/efa971b4a0664db8ed5c22b1b0dd2f5d","name":"Expresso Metropolitano","image":{"@type":"ImageObject","inLanguage":"es","@id":"https:\/\/secure.gravatar.com\/avatar\/a89f802b8de18c6952f223c88d3d106e9e3679839f4e25a02f4a6cc2ae6ba3b3?s=96&d=mm&r=g","url":"https:\/\/secure.gravatar.com\/avatar\/a89f802b8de18c6952f223c88d3d106e9e3679839f4e25a02f4a6cc2ae6ba3b3?s=96&d=mm&r=g","contentUrl":"https:\/\/secure.gravatar.com\/avatar\/a89f802b8de18c6952f223c88d3d106e9e3679839f4e25a02f4a6cc2ae6ba3b3?s=96&d=mm&r=g","caption":"Expresso Metropolitano"},"url":"https:\/\/expressometro.mx\/index.php\/author\/diego\/"}]}},"amp_enabled":true,"_links":{"self":[{"href":"https:\/\/expressometro.mx\/index.php\/wp-json\/wp\/v2\/posts\/1720","targetHints":{"allow":["GET"]}}],"collection":[{"href":"https:\/\/expressometro.mx\/index.php\/wp-json\/wp\/v2\/posts"}],"about":[{"href":"https:\/\/expressometro.mx\/index.php\/wp-json\/wp\/v2\/types\/post"}],"author":[{"embeddable":true,"href":"https:\/\/expressometro.mx\/index.php\/wp-json\/wp\/v2\/users\/1"}],"replies":[{"embeddable":true,"href":"https:\/\/expressometro.mx\/index.php\/wp-json\/wp\/v2\/comments?post=1720"}],"version-history":[{"count":1,"href":"https:\/\/expressometro.mx\/index.php\/wp-json\/wp\/v2\/posts\/1720\/revisions"}],"predecessor-version":[{"id":1723,"href":"https:\/\/expressometro.mx\/index.php\/wp-json\/wp\/v2\/posts\/1720\/revisions\/1723"}],"wp:featuredmedia":[{"embeddable":true,"href":"https:\/\/expressometro.mx\/index.php\/wp-json\/wp\/v2\/media\/1722"}],"wp:attachment":[{"href":"https:\/\/expressometro.mx\/index.php\/wp-json\/wp\/v2\/media?parent=1720"}],"wp:term":[{"taxonomy":"category","embeddable":true,"href":"https:\/\/expressometro.mx\/index.php\/wp-json\/wp\/v2\/categories?post=1720"},{"taxonomy":"post_tag","embeddable":true,"href":"https:\/\/expressometro.mx\/index.php\/wp-json\/wp\/v2\/tags?post=1720"}],"curies":[{"name":"wp","href":"https:\/\/api.w.org\/{rel}","templated":true}]}}