{"id":171,"date":"2019-08-16T21:46:48","date_gmt":"2019-08-17T02:46:48","guid":{"rendered":"http:\/\/expressometro.mx\/?p=171"},"modified":"2019-09-25T10:42:10","modified_gmt":"2019-09-25T15:42:10","slug":"gobierno-municipal-abre-un-espacio-cultural-mas","status":"publish","type":"post","link":"https:\/\/expressometro.mx\/index.php\/2019\/08\/16\/gobierno-municipal-abre-un-espacio-cultural-mas\/","title":{"rendered":"GOBIERNO MUNICIPAL ABRE UN ESPACIO CULTURAL M\u00c1S"},"content":{"rendered":"\n<p>Con la finalidad de contar con m\u00e1s espacios para la difusi\u00f3n de la cultura y las artes, el Gobierno de Coacalco, que preside el Alcalde Darwin Eslava, inaugur\u00f3 el Centro Cultural Comunitario en la Unidad Morelos, en el que se impartir\u00e1n distintos talleres gratuitos.<\/p>\n\n\n\n<p>La Direcci\u00f3n de Cultura, Turismo y Artes inform\u00f3 que este espacio es resultado de la suma de voluntades entre sociedad y gobierno, ya que dicho inmueble es propiedad de un particular interesado en generar m\u00e1s oportunidades de desarrollo para los coacalquenses.<\/p>\n\n\n\n<p>Puntualiz\u00f3 que el objetivo es que la ciudadan\u00eda de esta comunidad, que durante a\u00f1os fue olvidada por las administraciones municipales anteriores, acuda a aprender o practicar alguna de las disciplinas art\u00edsticas que se impartir\u00e1n, evitando as\u00ed que la ni\u00f1ez y juventud caigan en conductas indebidas.<\/p>\n\n\n\n<p>Detall\u00f3 que entre las actividades, que de manera gratuita, se realizar\u00e1n destacan: piano, gimnasia art\u00edstica, cuenta cuentos, jazz, teatro, c\u00edrculo de lectura, c\u00f3mic, danza folkl\u00f3rica kids y para adultos, adem\u00e1s de que este centro tambi\u00e9n ser\u00e1 sede del programa federal&nbsp;<em>Semilleros Creativos<\/em>.<\/p>\n\n\n\n<p>Al respecto, Alberto Ceballos, propietario del inmueble, agradeci\u00f3 al Alcalde Darwin Eslava su voluntad para concretar este proyecto que durante 20 a\u00f1os estuvo buscando y nunca recibi\u00f3 respuesta de la autoridad municipal.<\/p>\n\n\n\n<p>Por lo que hizo un llamado a la poblaci\u00f3n de este municipio, a aprovechar la oportunidad de tener un espacio en el que puedan desarrollar sus habilidades.<\/p>\n","protected":false},"excerpt":{"rendered":"<p>Con la finalidad de contar con m\u00e1s espacios para la difusi\u00f3n de la cultura y las artes, el Gobierno de Coacalco, que preside el Alcalde Darwin Eslava, inaugur\u00f3 el Centro Cultural Comunitario en la Unidad Morelos, en el que se impartir\u00e1n distintos talleres gratuitos. La Direcci\u00f3n de Cultura, Turismo y Artes inform\u00f3 que este espacio es resultado de la suma de voluntades entre sociedad y gobierno, ya que dicho inmueble es propiedad de un particular interesado en generar m\u00e1s oportunidades de desarrollo para los coacalquenses. Puntualiz\u00f3 que el objetivo es&hellip;<\/p>\n","protected":false},"author":1,"featured_media":0,"comment_status":"open","ping_status":"open","sticky":false,"template":"","format":"standard","meta":{"footnotes":""},"categories":[11,3],"tags":[],"class_list":["post-171","post","type-post","status-publish","format-standard","hentry","category-cultura","category-gobierno"],"yoast_head":"<!-- This site is optimized with the Yoast SEO plugin v27.4 - https:\/\/yoast.com\/product\/yoast-seo-wordpress\/ -->\n<title>GOBIERNO MUNICIPAL ABRE UN ESPACIO CULTURAL M\u00c1S - Expresso Metropolitano<\/title>\n<meta name=\"robots\" content=\"index, follow, max-snippet:-1, max-image-preview:large, max-video-preview:-1\" \/>\n<link rel=\"canonical\" href=\"https:\/\/expressometro.mx\/index.php\/2019\/08\/16\/gobierno-municipal-abre-un-espacio-cultural-mas\/\" \/>\n<meta property=\"og:locale\" content=\"es_MX\" \/>\n<meta property=\"og:type\" content=\"article\" \/>\n<meta property=\"og:title\" content=\"GOBIERNO MUNICIPAL ABRE UN ESPACIO CULTURAL M\u00c1S - Expresso Metropolitano\" \/>\n<meta property=\"og:description\" content=\"Con la finalidad de contar con m\u00e1s espacios para la difusi\u00f3n de la cultura y las artes, el Gobierno de Coacalco, que preside el Alcalde Darwin Eslava, inaugur\u00f3 el Centro Cultural Comunitario en la Unidad Morelos, en el que se impartir\u00e1n distintos talleres gratuitos. La Direcci\u00f3n de Cultura, Turismo y Artes inform\u00f3 que este espacio es resultado de la suma de voluntades entre sociedad y gobierno, ya que dicho inmueble es propiedad de un particular interesado en generar m\u00e1s oportunidades de desarrollo para los coacalquenses. Puntualiz\u00f3 que el objetivo es&hellip;\" \/>\n<meta property=\"og:url\" content=\"https:\/\/expressometro.mx\/index.php\/2019\/08\/16\/gobierno-municipal-abre-un-espacio-cultural-mas\/\" \/>\n<meta property=\"og:site_name\" content=\"Expresso Metropolitano\" \/>\n<meta property=\"article:published_time\" content=\"2019-08-17T02:46:48+00:00\" \/>\n<meta property=\"article:modified_time\" content=\"2019-09-25T15:42:10+00:00\" \/>\n<meta property=\"og:image\" content=\"https:\/\/expressometro.mx\/wp-content\/uploads\/2019\/08\/CentroCultural-2.jpeg\" \/>\n\t<meta property=\"og:image:width\" content=\"1280\" \/>\n\t<meta property=\"og:image:height\" content=\"853\" \/>\n\t<meta property=\"og:image:type\" content=\"image\/jpeg\" \/>\n<meta name=\"author\" content=\"Expresso Metropolitano\" \/>\n<meta name=\"twitter:label1\" content=\"Escrito por\" \/>\n\t<meta name=\"twitter:data1\" content=\"Expresso Metropolitano\" \/>\n\t<meta name=\"twitter:label2\" content=\"Tiempo de lectura\" \/>\n\t<meta name=\"twitter:data2\" content=\"1 minuto\" \/>\n<script type=\"application\/ld+json\" class=\"yoast-schema-graph\">{\"@context\":\"https:\\\/\\\/schema.org\",\"@graph\":[{\"@type\":\"Article\",\"@id\":\"https:\\\/\\\/expressometro.mx\\\/index.php\\\/2019\\\/08\\\/16\\\/gobierno-municipal-abre-un-espacio-cultural-mas\\\/#article\",\"isPartOf\":{\"@id\":\"https:\\\/\\\/expressometro.mx\\\/index.php\\\/2019\\\/08\\\/16\\\/gobierno-municipal-abre-un-espacio-cultural-mas\\\/\"},\"author\":{\"name\":\"Expresso Metropolitano\",\"@id\":\"https:\\\/\\\/expressometro.mx\\\/#\\\/schema\\\/person\\\/efa971b4a0664db8ed5c22b1b0dd2f5d\"},\"headline\":\"GOBIERNO MUNICIPAL ABRE UN ESPACIO CULTURAL M\u00c1S\",\"datePublished\":\"2019-08-17T02:46:48+00:00\",\"dateModified\":\"2019-09-25T15:42:10+00:00\",\"mainEntityOfPage\":{\"@id\":\"https:\\\/\\\/expressometro.mx\\\/index.php\\\/2019\\\/08\\\/16\\\/gobierno-municipal-abre-un-espacio-cultural-mas\\\/\"},\"wordCount\":258,\"commentCount\":0,\"publisher\":{\"@id\":\"https:\\\/\\\/expressometro.mx\\\/#organization\"},\"articleSection\":[\"Cultura\",\"Gobierno\"],\"inLanguage\":\"es\",\"potentialAction\":[{\"@type\":\"CommentAction\",\"name\":\"Comment\",\"target\":[\"https:\\\/\\\/expressometro.mx\\\/index.php\\\/2019\\\/08\\\/16\\\/gobierno-municipal-abre-un-espacio-cultural-mas\\\/#respond\"]}]},{\"@type\":\"WebPage\",\"@id\":\"https:\\\/\\\/expressometro.mx\\\/index.php\\\/2019\\\/08\\\/16\\\/gobierno-municipal-abre-un-espacio-cultural-mas\\\/\",\"url\":\"https:\\\/\\\/expressometro.mx\\\/index.php\\\/2019\\\/08\\\/16\\\/gobierno-municipal-abre-un-espacio-cultural-mas\\\/\",\"name\":\"GOBIERNO MUNICIPAL ABRE UN ESPACIO CULTURAL M\u00c1S - Expresso Metropolitano\",\"isPartOf\":{\"@id\":\"https:\\\/\\\/expressometro.mx\\\/#website\"},\"datePublished\":\"2019-08-17T02:46:48+00:00\",\"dateModified\":\"2019-09-25T15:42:10+00:00\",\"breadcrumb\":{\"@id\":\"https:\\\/\\\/expressometro.mx\\\/index.php\\\/2019\\\/08\\\/16\\\/gobierno-municipal-abre-un-espacio-cultural-mas\\\/#breadcrumb\"},\"inLanguage\":\"es\",\"potentialAction\":[{\"@type\":\"ReadAction\",\"target\":[\"https:\\\/\\\/expressometro.mx\\\/index.php\\\/2019\\\/08\\\/16\\\/gobierno-municipal-abre-un-espacio-cultural-mas\\\/\"]}]},{\"@type\":\"BreadcrumbList\",\"@id\":\"https:\\\/\\\/expressometro.mx\\\/index.php\\\/2019\\\/08\\\/16\\\/gobierno-municipal-abre-un-espacio-cultural-mas\\\/#breadcrumb\",\"itemListElement\":[{\"@type\":\"ListItem\",\"position\":1,\"name\":\"Inicio\",\"item\":\"https:\\\/\\\/expressometro.mx\\\/\"},{\"@type\":\"ListItem\",\"position\":2,\"name\":\"GOBIERNO MUNICIPAL ABRE UN ESPACIO CULTURAL M\u00c1S\"}]},{\"@type\":\"WebSite\",\"@id\":\"https:\\\/\\\/expressometro.mx\\\/#website\",\"url\":\"https:\\\/\\\/expressometro.mx\\\/\",\"name\":\"Expresso Metropolitano\",\"description\":\"Periodismo comprometido, informaci\u00f3n, investigaci\u00f3n y an\u00e1lisis\",\"publisher\":{\"@id\":\"https:\\\/\\\/expressometro.mx\\\/#organization\"},\"potentialAction\":[{\"@type\":\"SearchAction\",\"target\":{\"@type\":\"EntryPoint\",\"urlTemplate\":\"https:\\\/\\\/expressometro.mx\\\/?s={search_term_string}\"},\"query-input\":{\"@type\":\"PropertyValueSpecification\",\"valueRequired\":true,\"valueName\":\"search_term_string\"}}],\"inLanguage\":\"es\"},{\"@type\":\"Organization\",\"@id\":\"https:\\\/\\\/expressometro.mx\\\/#organization\",\"name\":\"Expresso Metropolitano\",\"url\":\"https:\\\/\\\/expressometro.mx\\\/\",\"logo\":{\"@type\":\"ImageObject\",\"inLanguage\":\"es\",\"@id\":\"https:\\\/\\\/expressometro.mx\\\/#\\\/schema\\\/logo\\\/image\\\/\",\"url\":\"https:\\\/\\\/expressometro.mx\\\/wp-content\\\/uploads\\\/2019\\\/07\\\/cropped-Logo-Expresso-Metropolitano-1-1.jpeg\",\"contentUrl\":\"https:\\\/\\\/expressometro.mx\\\/wp-content\\\/uploads\\\/2019\\\/07\\\/cropped-Logo-Expresso-Metropolitano-1-1.jpeg\",\"width\":290,\"height\":73,\"caption\":\"Expresso Metropolitano\"},\"image\":{\"@id\":\"https:\\\/\\\/expressometro.mx\\\/#\\\/schema\\\/logo\\\/image\\\/\"}},{\"@type\":\"Person\",\"@id\":\"https:\\\/\\\/expressometro.mx\\\/#\\\/schema\\\/person\\\/efa971b4a0664db8ed5c22b1b0dd2f5d\",\"name\":\"Expresso Metropolitano\",\"image\":{\"@type\":\"ImageObject\",\"inLanguage\":\"es\",\"@id\":\"https:\\\/\\\/secure.gravatar.com\\\/avatar\\\/a89f802b8de18c6952f223c88d3d106e9e3679839f4e25a02f4a6cc2ae6ba3b3?s=96&d=mm&r=g\",\"url\":\"https:\\\/\\\/secure.gravatar.com\\\/avatar\\\/a89f802b8de18c6952f223c88d3d106e9e3679839f4e25a02f4a6cc2ae6ba3b3?s=96&d=mm&r=g\",\"contentUrl\":\"https:\\\/\\\/secure.gravatar.com\\\/avatar\\\/a89f802b8de18c6952f223c88d3d106e9e3679839f4e25a02f4a6cc2ae6ba3b3?s=96&d=mm&r=g\",\"caption\":\"Expresso Metropolitano\"},\"url\":\"https:\\\/\\\/expressometro.mx\\\/index.php\\\/author\\\/diego\\\/\"}]}<\/script>\n<!-- \/ Yoast SEO plugin. -->","yoast_head_json":{"title":"GOBIERNO MUNICIPAL ABRE UN ESPACIO CULTURAL M\u00c1S - Expresso Metropolitano","robots":{"index":"index","follow":"follow","max-snippet":"max-snippet:-1","max-image-preview":"max-image-preview:large","max-video-preview":"max-video-preview:-1"},"canonical":"https:\/\/expressometro.mx\/index.php\/2019\/08\/16\/gobierno-municipal-abre-un-espacio-cultural-mas\/","og_locale":"es_MX","og_type":"article","og_title":"GOBIERNO MUNICIPAL ABRE UN ESPACIO CULTURAL M\u00c1S - Expresso Metropolitano","og_description":"Con la finalidad de contar con m\u00e1s espacios para la difusi\u00f3n de la cultura y las artes, el Gobierno de Coacalco, que preside el Alcalde Darwin Eslava, inaugur\u00f3 el Centro Cultural Comunitario en la Unidad Morelos, en el que se impartir\u00e1n distintos talleres gratuitos. La Direcci\u00f3n de Cultura, Turismo y Artes inform\u00f3 que este espacio es resultado de la suma de voluntades entre sociedad y gobierno, ya que dicho inmueble es propiedad de un particular interesado en generar m\u00e1s oportunidades de desarrollo para los coacalquenses. Puntualiz\u00f3 que el objetivo es&hellip;","og_url":"https:\/\/expressometro.mx\/index.php\/2019\/08\/16\/gobierno-municipal-abre-un-espacio-cultural-mas\/","og_site_name":"Expresso Metropolitano","article_published_time":"2019-08-17T02:46:48+00:00","article_modified_time":"2019-09-25T15:42:10+00:00","og_image":[{"width":1280,"height":853,"url":"https:\/\/expressometro.mx\/wp-content\/uploads\/2019\/08\/CentroCultural-2.jpeg","type":"image\/jpeg"}],"author":"Expresso Metropolitano","twitter_misc":{"Escrito por":"Expresso Metropolitano","Tiempo de lectura":"1 minuto"},"schema":{"@context":"https:\/\/schema.org","@graph":[{"@type":"Article","@id":"https:\/\/expressometro.mx\/index.php\/2019\/08\/16\/gobierno-municipal-abre-un-espacio-cultural-mas\/#article","isPartOf":{"@id":"https:\/\/expressometro.mx\/index.php\/2019\/08\/16\/gobierno-municipal-abre-un-espacio-cultural-mas\/"},"author":{"name":"Expresso Metropolitano","@id":"https:\/\/expressometro.mx\/#\/schema\/person\/efa971b4a0664db8ed5c22b1b0dd2f5d"},"headline":"GOBIERNO MUNICIPAL ABRE UN ESPACIO CULTURAL M\u00c1S","datePublished":"2019-08-17T02:46:48+00:00","dateModified":"2019-09-25T15:42:10+00:00","mainEntityOfPage":{"@id":"https:\/\/expressometro.mx\/index.php\/2019\/08\/16\/gobierno-municipal-abre-un-espacio-cultural-mas\/"},"wordCount":258,"commentCount":0,"publisher":{"@id":"https:\/\/expressometro.mx\/#organization"},"articleSection":["Cultura","Gobierno"],"inLanguage":"es","potentialAction":[{"@type":"CommentAction","name":"Comment","target":["https:\/\/expressometro.mx\/index.php\/2019\/08\/16\/gobierno-municipal-abre-un-espacio-cultural-mas\/#respond"]}]},{"@type":"WebPage","@id":"https:\/\/expressometro.mx\/index.php\/2019\/08\/16\/gobierno-municipal-abre-un-espacio-cultural-mas\/","url":"https:\/\/expressometro.mx\/index.php\/2019\/08\/16\/gobierno-municipal-abre-un-espacio-cultural-mas\/","name":"GOBIERNO MUNICIPAL ABRE UN ESPACIO CULTURAL M\u00c1S - Expresso Metropolitano","isPartOf":{"@id":"https:\/\/expressometro.mx\/#website"},"datePublished":"2019-08-17T02:46:48+00:00","dateModified":"2019-09-25T15:42:10+00:00","breadcrumb":{"@id":"https:\/\/expressometro.mx\/index.php\/2019\/08\/16\/gobierno-municipal-abre-un-espacio-cultural-mas\/#breadcrumb"},"inLanguage":"es","potentialAction":[{"@type":"ReadAction","target":["https:\/\/expressometro.mx\/index.php\/2019\/08\/16\/gobierno-municipal-abre-un-espacio-cultural-mas\/"]}]},{"@type":"BreadcrumbList","@id":"https:\/\/expressometro.mx\/index.php\/2019\/08\/16\/gobierno-municipal-abre-un-espacio-cultural-mas\/#breadcrumb","itemListElement":[{"@type":"ListItem","position":1,"name":"Inicio","item":"https:\/\/expressometro.mx\/"},{"@type":"ListItem","position":2,"name":"GOBIERNO MUNICIPAL ABRE UN ESPACIO CULTURAL M\u00c1S"}]},{"@type":"WebSite","@id":"https:\/\/expressometro.mx\/#website","url":"https:\/\/expressometro.mx\/","name":"Expresso Metropolitano","description":"Periodismo comprometido, informaci\u00f3n, investigaci\u00f3n y an\u00e1lisis","publisher":{"@id":"https:\/\/expressometro.mx\/#organization"},"potentialAction":[{"@type":"SearchAction","target":{"@type":"EntryPoint","urlTemplate":"https:\/\/expressometro.mx\/?s={search_term_string}"},"query-input":{"@type":"PropertyValueSpecification","valueRequired":true,"valueName":"search_term_string"}}],"inLanguage":"es"},{"@type":"Organization","@id":"https:\/\/expressometro.mx\/#organization","name":"Expresso Metropolitano","url":"https:\/\/expressometro.mx\/","logo":{"@type":"ImageObject","inLanguage":"es","@id":"https:\/\/expressometro.mx\/#\/schema\/logo\/image\/","url":"https:\/\/expressometro.mx\/wp-content\/uploads\/2019\/07\/cropped-Logo-Expresso-Metropolitano-1-1.jpeg","contentUrl":"https:\/\/expressometro.mx\/wp-content\/uploads\/2019\/07\/cropped-Logo-Expresso-Metropolitano-1-1.jpeg","width":290,"height":73,"caption":"Expresso Metropolitano"},"image":{"@id":"https:\/\/expressometro.mx\/#\/schema\/logo\/image\/"}},{"@type":"Person","@id":"https:\/\/expressometro.mx\/#\/schema\/person\/efa971b4a0664db8ed5c22b1b0dd2f5d","name":"Expresso Metropolitano","image":{"@type":"ImageObject","inLanguage":"es","@id":"https:\/\/secure.gravatar.com\/avatar\/a89f802b8de18c6952f223c88d3d106e9e3679839f4e25a02f4a6cc2ae6ba3b3?s=96&d=mm&r=g","url":"https:\/\/secure.gravatar.com\/avatar\/a89f802b8de18c6952f223c88d3d106e9e3679839f4e25a02f4a6cc2ae6ba3b3?s=96&d=mm&r=g","contentUrl":"https:\/\/secure.gravatar.com\/avatar\/a89f802b8de18c6952f223c88d3d106e9e3679839f4e25a02f4a6cc2ae6ba3b3?s=96&d=mm&r=g","caption":"Expresso Metropolitano"},"url":"https:\/\/expressometro.mx\/index.php\/author\/diego\/"}]}},"amp_enabled":true,"_links":{"self":[{"href":"https:\/\/expressometro.mx\/index.php\/wp-json\/wp\/v2\/posts\/171","targetHints":{"allow":["GET"]}}],"collection":[{"href":"https:\/\/expressometro.mx\/index.php\/wp-json\/wp\/v2\/posts"}],"about":[{"href":"https:\/\/expressometro.mx\/index.php\/wp-json\/wp\/v2\/types\/post"}],"author":[{"embeddable":true,"href":"https:\/\/expressometro.mx\/index.php\/wp-json\/wp\/v2\/users\/1"}],"replies":[{"embeddable":true,"href":"https:\/\/expressometro.mx\/index.php\/wp-json\/wp\/v2\/comments?post=171"}],"version-history":[{"count":1,"href":"https:\/\/expressometro.mx\/index.php\/wp-json\/wp\/v2\/posts\/171\/revisions"}],"predecessor-version":[{"id":173,"href":"https:\/\/expressometro.mx\/index.php\/wp-json\/wp\/v2\/posts\/171\/revisions\/173"}],"wp:attachment":[{"href":"https:\/\/expressometro.mx\/index.php\/wp-json\/wp\/v2\/media?parent=171"}],"wp:term":[{"taxonomy":"category","embeddable":true,"href":"https:\/\/expressometro.mx\/index.php\/wp-json\/wp\/v2\/categories?post=171"},{"taxonomy":"post_tag","embeddable":true,"href":"https:\/\/expressometro.mx\/index.php\/wp-json\/wp\/v2\/tags?post=171"}],"curies":[{"name":"wp","href":"https:\/\/api.w.org\/{rel}","templated":true}]}}