{"id":1704,"date":"2020-07-22T14:03:27","date_gmt":"2020-07-22T19:03:27","guid":{"rendered":"http:\/\/expressometro.mx\/?p=1704"},"modified":"2020-07-22T14:03:28","modified_gmt":"2020-07-22T19:03:28","slug":"impulsan-en-villa-del-carbon-acciones-por-la-educacion","status":"publish","type":"post","link":"https:\/\/expressometro.mx\/index.php\/2020\/07\/22\/impulsan-en-villa-del-carbon-acciones-por-la-educacion\/","title":{"rendered":"IMPULSAN EN VILLA DEL CARB\u00d3N  ACCIONES POR LA EDUCACI\u00d3N"},"content":{"rendered":"\n<p>Con el fin de impulsar las condiciones necesarias para que la educaci\u00f3n sea una realidad en Villa del Carb\u00f3n se trazaron las estrategias y acciones concretas para lograrlo.  <\/p>\n\n\n\n<p>Se buscar\u00e1n todos los apoyos de los diferentes sectores de la sociedad para relanzar la calidad educativa y se empezar\u00e1 por su infraestructura.  <\/p>\n\n\n\n<p>Consider\u00f3 lo anterior el presidente municipal de Vila del Carb\u00f3n, Gustavo Mancilla Rend\u00f3n, quien hizo entrega de una techumbre en la escuela \u201cMiguel Hidalgo\u201d de la comunidad de Llano de Zacapexco.<\/p>\n\n\n\n<p>Dijo que ampliar\u00e1n la estructura educativa en el municipio y muestra de ello es la obra. \u201cUna escuela que tiene casi 60 a\u00f1os de existencia. Son estas acciones que fortalecen la educaci\u00f3n en el municipio\u201d.<\/p>\n\n\n\n<p>Adem\u00e1s el ayuntamiento destac\u00f3 que el alcalde opt\u00f3 por adquirir el terreno continuo a la escuela para construir la techumbre y a su vez ampliar la infraestructura. <\/p>\n\n\n\n<p>Pensando a futuro y viendo que la escuela tiene demasiada demanda nos hizo la proposici\u00f3n de adquirir el terreno, dijo una de las beneficiarias.<\/p>\n\n\n\n<p>Con esta infraestructura, decenas de estudiantes de la comunidad podr\u00e1n acceder a un espacio educativo con dignidad que permita a los estudiantes contar con un \u00e1rea de esparcimiento segura una vez que regresen a las actividades normales pasando la crisis sanitaria por el coronavirus. \u201cQueremos agradecer al presidente municipal Gustavo Mancilla porque tuvo la propuesta con esta gesti\u00f3n con la techumbre que se hizo en la escuela\u201d<\/p>\n","protected":false},"excerpt":{"rendered":"<p>Con el fin de impulsar las condiciones necesarias para que la educaci\u00f3n sea una realidad en Villa del Carb\u00f3n se trazaron las estrategias y acciones concretas para lograrlo. Se buscar\u00e1n todos los apoyos de los diferentes sectores de la sociedad para relanzar la calidad educativa y se empezar\u00e1 por su infraestructura. Consider\u00f3 lo anterior el presidente municipal de Vila del Carb\u00f3n, Gustavo Mancilla Rend\u00f3n, quien hizo entrega de una techumbre en la escuela \u201cMiguel Hidalgo\u201d de la comunidad de Llano de Zacapexco. Dijo que ampliar\u00e1n la estructura educativa en el&hellip;<\/p>\n","protected":false},"author":1,"featured_media":1705,"comment_status":"open","ping_status":"open","sticky":false,"template":"","format":"standard","meta":{"footnotes":""},"categories":[1],"tags":[],"class_list":["post-1704","post","type-post","status-publish","format-standard","has-post-thumbnail","hentry","category-otros"],"yoast_head":"<!-- This site is optimized with the Yoast SEO plugin v27.4 - https:\/\/yoast.com\/product\/yoast-seo-wordpress\/ -->\n<title>IMPULSAN EN VILLA DEL CARB\u00d3N ACCIONES POR LA EDUCACI\u00d3N - Expresso Metropolitano<\/title>\n<meta name=\"robots\" content=\"index, follow, max-snippet:-1, max-image-preview:large, max-video-preview:-1\" \/>\n<link rel=\"canonical\" href=\"https:\/\/expressometro.mx\/index.php\/2020\/07\/22\/impulsan-en-villa-del-carbon-acciones-por-la-educacion\/\" \/>\n<meta property=\"og:locale\" content=\"es_MX\" \/>\n<meta property=\"og:type\" content=\"article\" \/>\n<meta property=\"og:title\" content=\"IMPULSAN EN VILLA DEL CARB\u00d3N ACCIONES POR LA EDUCACI\u00d3N - Expresso Metropolitano\" \/>\n<meta property=\"og:description\" content=\"Con el fin de impulsar las condiciones necesarias para que la educaci\u00f3n sea una realidad en Villa del Carb\u00f3n se trazaron las estrategias y acciones concretas para lograrlo. Se buscar\u00e1n todos los apoyos de los diferentes sectores de la sociedad para relanzar la calidad educativa y se empezar\u00e1 por su infraestructura. Consider\u00f3 lo anterior el presidente municipal de Vila del Carb\u00f3n, Gustavo Mancilla Rend\u00f3n, quien hizo entrega de una techumbre en la escuela \u201cMiguel Hidalgo\u201d de la comunidad de Llano de Zacapexco. Dijo que ampliar\u00e1n la estructura educativa en el&hellip;\" \/>\n<meta property=\"og:url\" content=\"https:\/\/expressometro.mx\/index.php\/2020\/07\/22\/impulsan-en-villa-del-carbon-acciones-por-la-educacion\/\" \/>\n<meta property=\"og:site_name\" content=\"Expresso Metropolitano\" \/>\n<meta property=\"article:published_time\" content=\"2020-07-22T19:03:27+00:00\" \/>\n<meta property=\"article:modified_time\" content=\"2020-07-22T19:03:28+00:00\" \/>\n<meta property=\"og:image\" content=\"https:\/\/expressometro.mx\/wp-content\/uploads\/2020\/07\/A8F801BE-1D78-4298-9B85-D9C7E5B06F15.jpeg\" \/>\n\t<meta property=\"og:image:width\" content=\"1280\" \/>\n\t<meta property=\"og:image:height\" content=\"723\" \/>\n\t<meta property=\"og:image:type\" content=\"image\/jpeg\" \/>\n<meta name=\"author\" content=\"Expresso Metropolitano\" \/>\n<meta name=\"twitter:label1\" content=\"Escrito por\" \/>\n\t<meta name=\"twitter:data1\" content=\"Expresso Metropolitano\" \/>\n\t<meta name=\"twitter:label2\" content=\"Tiempo de lectura\" \/>\n\t<meta name=\"twitter:data2\" content=\"1 minuto\" \/>\n<script type=\"application\/ld+json\" class=\"yoast-schema-graph\">{\"@context\":\"https:\\\/\\\/schema.org\",\"@graph\":[{\"@type\":\"Article\",\"@id\":\"https:\\\/\\\/expressometro.mx\\\/index.php\\\/2020\\\/07\\\/22\\\/impulsan-en-villa-del-carbon-acciones-por-la-educacion\\\/#article\",\"isPartOf\":{\"@id\":\"https:\\\/\\\/expressometro.mx\\\/index.php\\\/2020\\\/07\\\/22\\\/impulsan-en-villa-del-carbon-acciones-por-la-educacion\\\/\"},\"author\":{\"name\":\"Expresso Metropolitano\",\"@id\":\"https:\\\/\\\/expressometro.mx\\\/#\\\/schema\\\/person\\\/efa971b4a0664db8ed5c22b1b0dd2f5d\"},\"headline\":\"IMPULSAN EN VILLA DEL CARB\u00d3N ACCIONES POR LA EDUCACI\u00d3N\",\"datePublished\":\"2020-07-22T19:03:27+00:00\",\"dateModified\":\"2020-07-22T19:03:28+00:00\",\"mainEntityOfPage\":{\"@id\":\"https:\\\/\\\/expressometro.mx\\\/index.php\\\/2020\\\/07\\\/22\\\/impulsan-en-villa-del-carbon-acciones-por-la-educacion\\\/\"},\"wordCount\":257,\"commentCount\":0,\"publisher\":{\"@id\":\"https:\\\/\\\/expressometro.mx\\\/#organization\"},\"image\":{\"@id\":\"https:\\\/\\\/expressometro.mx\\\/index.php\\\/2020\\\/07\\\/22\\\/impulsan-en-villa-del-carbon-acciones-por-la-educacion\\\/#primaryimage\"},\"thumbnailUrl\":\"https:\\\/\\\/expressometro.mx\\\/wp-content\\\/uploads\\\/2020\\\/07\\\/A8F801BE-1D78-4298-9B85-D9C7E5B06F15.jpeg\",\"articleSection\":[\"Otros\"],\"inLanguage\":\"es\",\"potentialAction\":[{\"@type\":\"CommentAction\",\"name\":\"Comment\",\"target\":[\"https:\\\/\\\/expressometro.mx\\\/index.php\\\/2020\\\/07\\\/22\\\/impulsan-en-villa-del-carbon-acciones-por-la-educacion\\\/#respond\"]}]},{\"@type\":\"WebPage\",\"@id\":\"https:\\\/\\\/expressometro.mx\\\/index.php\\\/2020\\\/07\\\/22\\\/impulsan-en-villa-del-carbon-acciones-por-la-educacion\\\/\",\"url\":\"https:\\\/\\\/expressometro.mx\\\/index.php\\\/2020\\\/07\\\/22\\\/impulsan-en-villa-del-carbon-acciones-por-la-educacion\\\/\",\"name\":\"IMPULSAN EN VILLA DEL CARB\u00d3N ACCIONES POR LA EDUCACI\u00d3N - Expresso Metropolitano\",\"isPartOf\":{\"@id\":\"https:\\\/\\\/expressometro.mx\\\/#website\"},\"primaryImageOfPage\":{\"@id\":\"https:\\\/\\\/expressometro.mx\\\/index.php\\\/2020\\\/07\\\/22\\\/impulsan-en-villa-del-carbon-acciones-por-la-educacion\\\/#primaryimage\"},\"image\":{\"@id\":\"https:\\\/\\\/expressometro.mx\\\/index.php\\\/2020\\\/07\\\/22\\\/impulsan-en-villa-del-carbon-acciones-por-la-educacion\\\/#primaryimage\"},\"thumbnailUrl\":\"https:\\\/\\\/expressometro.mx\\\/wp-content\\\/uploads\\\/2020\\\/07\\\/A8F801BE-1D78-4298-9B85-D9C7E5B06F15.jpeg\",\"datePublished\":\"2020-07-22T19:03:27+00:00\",\"dateModified\":\"2020-07-22T19:03:28+00:00\",\"breadcrumb\":{\"@id\":\"https:\\\/\\\/expressometro.mx\\\/index.php\\\/2020\\\/07\\\/22\\\/impulsan-en-villa-del-carbon-acciones-por-la-educacion\\\/#breadcrumb\"},\"inLanguage\":\"es\",\"potentialAction\":[{\"@type\":\"ReadAction\",\"target\":[\"https:\\\/\\\/expressometro.mx\\\/index.php\\\/2020\\\/07\\\/22\\\/impulsan-en-villa-del-carbon-acciones-por-la-educacion\\\/\"]}]},{\"@type\":\"ImageObject\",\"inLanguage\":\"es\",\"@id\":\"https:\\\/\\\/expressometro.mx\\\/index.php\\\/2020\\\/07\\\/22\\\/impulsan-en-villa-del-carbon-acciones-por-la-educacion\\\/#primaryimage\",\"url\":\"https:\\\/\\\/expressometro.mx\\\/wp-content\\\/uploads\\\/2020\\\/07\\\/A8F801BE-1D78-4298-9B85-D9C7E5B06F15.jpeg\",\"contentUrl\":\"https:\\\/\\\/expressometro.mx\\\/wp-content\\\/uploads\\\/2020\\\/07\\\/A8F801BE-1D78-4298-9B85-D9C7E5B06F15.jpeg\",\"width\":1280,\"height\":723},{\"@type\":\"BreadcrumbList\",\"@id\":\"https:\\\/\\\/expressometro.mx\\\/index.php\\\/2020\\\/07\\\/22\\\/impulsan-en-villa-del-carbon-acciones-por-la-educacion\\\/#breadcrumb\",\"itemListElement\":[{\"@type\":\"ListItem\",\"position\":1,\"name\":\"Inicio\",\"item\":\"https:\\\/\\\/expressometro.mx\\\/\"},{\"@type\":\"ListItem\",\"position\":2,\"name\":\"IMPULSAN EN VILLA DEL CARB\u00d3N ACCIONES POR LA EDUCACI\u00d3N\"}]},{\"@type\":\"WebSite\",\"@id\":\"https:\\\/\\\/expressometro.mx\\\/#website\",\"url\":\"https:\\\/\\\/expressometro.mx\\\/\",\"name\":\"Expresso Metropolitano\",\"description\":\"Periodismo comprometido, informaci\u00f3n, investigaci\u00f3n y an\u00e1lisis\",\"publisher\":{\"@id\":\"https:\\\/\\\/expressometro.mx\\\/#organization\"},\"potentialAction\":[{\"@type\":\"SearchAction\",\"target\":{\"@type\":\"EntryPoint\",\"urlTemplate\":\"https:\\\/\\\/expressometro.mx\\\/?s={search_term_string}\"},\"query-input\":{\"@type\":\"PropertyValueSpecification\",\"valueRequired\":true,\"valueName\":\"search_term_string\"}}],\"inLanguage\":\"es\"},{\"@type\":\"Organization\",\"@id\":\"https:\\\/\\\/expressometro.mx\\\/#organization\",\"name\":\"Expresso Metropolitano\",\"url\":\"https:\\\/\\\/expressometro.mx\\\/\",\"logo\":{\"@type\":\"ImageObject\",\"inLanguage\":\"es\",\"@id\":\"https:\\\/\\\/expressometro.mx\\\/#\\\/schema\\\/logo\\\/image\\\/\",\"url\":\"https:\\\/\\\/expressometro.mx\\\/wp-content\\\/uploads\\\/2019\\\/07\\\/cropped-Logo-Expresso-Metropolitano-1-1.jpeg\",\"contentUrl\":\"https:\\\/\\\/expressometro.mx\\\/wp-content\\\/uploads\\\/2019\\\/07\\\/cropped-Logo-Expresso-Metropolitano-1-1.jpeg\",\"width\":290,\"height\":73,\"caption\":\"Expresso Metropolitano\"},\"image\":{\"@id\":\"https:\\\/\\\/expressometro.mx\\\/#\\\/schema\\\/logo\\\/image\\\/\"}},{\"@type\":\"Person\",\"@id\":\"https:\\\/\\\/expressometro.mx\\\/#\\\/schema\\\/person\\\/efa971b4a0664db8ed5c22b1b0dd2f5d\",\"name\":\"Expresso Metropolitano\",\"image\":{\"@type\":\"ImageObject\",\"inLanguage\":\"es\",\"@id\":\"https:\\\/\\\/secure.gravatar.com\\\/avatar\\\/a89f802b8de18c6952f223c88d3d106e9e3679839f4e25a02f4a6cc2ae6ba3b3?s=96&d=mm&r=g\",\"url\":\"https:\\\/\\\/secure.gravatar.com\\\/avatar\\\/a89f802b8de18c6952f223c88d3d106e9e3679839f4e25a02f4a6cc2ae6ba3b3?s=96&d=mm&r=g\",\"contentUrl\":\"https:\\\/\\\/secure.gravatar.com\\\/avatar\\\/a89f802b8de18c6952f223c88d3d106e9e3679839f4e25a02f4a6cc2ae6ba3b3?s=96&d=mm&r=g\",\"caption\":\"Expresso Metropolitano\"},\"url\":\"https:\\\/\\\/expressometro.mx\\\/index.php\\\/author\\\/diego\\\/\"}]}<\/script>\n<!-- \/ Yoast SEO plugin. -->","yoast_head_json":{"title":"IMPULSAN EN VILLA DEL CARB\u00d3N ACCIONES POR LA EDUCACI\u00d3N - Expresso Metropolitano","robots":{"index":"index","follow":"follow","max-snippet":"max-snippet:-1","max-image-preview":"max-image-preview:large","max-video-preview":"max-video-preview:-1"},"canonical":"https:\/\/expressometro.mx\/index.php\/2020\/07\/22\/impulsan-en-villa-del-carbon-acciones-por-la-educacion\/","og_locale":"es_MX","og_type":"article","og_title":"IMPULSAN EN VILLA DEL CARB\u00d3N ACCIONES POR LA EDUCACI\u00d3N - Expresso Metropolitano","og_description":"Con el fin de impulsar las condiciones necesarias para que la educaci\u00f3n sea una realidad en Villa del Carb\u00f3n se trazaron las estrategias y acciones concretas para lograrlo. Se buscar\u00e1n todos los apoyos de los diferentes sectores de la sociedad para relanzar la calidad educativa y se empezar\u00e1 por su infraestructura. Consider\u00f3 lo anterior el presidente municipal de Vila del Carb\u00f3n, Gustavo Mancilla Rend\u00f3n, quien hizo entrega de una techumbre en la escuela \u201cMiguel Hidalgo\u201d de la comunidad de Llano de Zacapexco. Dijo que ampliar\u00e1n la estructura educativa en el&hellip;","og_url":"https:\/\/expressometro.mx\/index.php\/2020\/07\/22\/impulsan-en-villa-del-carbon-acciones-por-la-educacion\/","og_site_name":"Expresso Metropolitano","article_published_time":"2020-07-22T19:03:27+00:00","article_modified_time":"2020-07-22T19:03:28+00:00","og_image":[{"width":1280,"height":723,"url":"https:\/\/expressometro.mx\/wp-content\/uploads\/2020\/07\/A8F801BE-1D78-4298-9B85-D9C7E5B06F15.jpeg","type":"image\/jpeg"}],"author":"Expresso Metropolitano","twitter_misc":{"Escrito por":"Expresso Metropolitano","Tiempo de lectura":"1 minuto"},"schema":{"@context":"https:\/\/schema.org","@graph":[{"@type":"Article","@id":"https:\/\/expressometro.mx\/index.php\/2020\/07\/22\/impulsan-en-villa-del-carbon-acciones-por-la-educacion\/#article","isPartOf":{"@id":"https:\/\/expressometro.mx\/index.php\/2020\/07\/22\/impulsan-en-villa-del-carbon-acciones-por-la-educacion\/"},"author":{"name":"Expresso Metropolitano","@id":"https:\/\/expressometro.mx\/#\/schema\/person\/efa971b4a0664db8ed5c22b1b0dd2f5d"},"headline":"IMPULSAN EN VILLA DEL CARB\u00d3N ACCIONES POR LA EDUCACI\u00d3N","datePublished":"2020-07-22T19:03:27+00:00","dateModified":"2020-07-22T19:03:28+00:00","mainEntityOfPage":{"@id":"https:\/\/expressometro.mx\/index.php\/2020\/07\/22\/impulsan-en-villa-del-carbon-acciones-por-la-educacion\/"},"wordCount":257,"commentCount":0,"publisher":{"@id":"https:\/\/expressometro.mx\/#organization"},"image":{"@id":"https:\/\/expressometro.mx\/index.php\/2020\/07\/22\/impulsan-en-villa-del-carbon-acciones-por-la-educacion\/#primaryimage"},"thumbnailUrl":"https:\/\/expressometro.mx\/wp-content\/uploads\/2020\/07\/A8F801BE-1D78-4298-9B85-D9C7E5B06F15.jpeg","articleSection":["Otros"],"inLanguage":"es","potentialAction":[{"@type":"CommentAction","name":"Comment","target":["https:\/\/expressometro.mx\/index.php\/2020\/07\/22\/impulsan-en-villa-del-carbon-acciones-por-la-educacion\/#respond"]}]},{"@type":"WebPage","@id":"https:\/\/expressometro.mx\/index.php\/2020\/07\/22\/impulsan-en-villa-del-carbon-acciones-por-la-educacion\/","url":"https:\/\/expressometro.mx\/index.php\/2020\/07\/22\/impulsan-en-villa-del-carbon-acciones-por-la-educacion\/","name":"IMPULSAN EN VILLA DEL CARB\u00d3N ACCIONES POR LA EDUCACI\u00d3N - Expresso Metropolitano","isPartOf":{"@id":"https:\/\/expressometro.mx\/#website"},"primaryImageOfPage":{"@id":"https:\/\/expressometro.mx\/index.php\/2020\/07\/22\/impulsan-en-villa-del-carbon-acciones-por-la-educacion\/#primaryimage"},"image":{"@id":"https:\/\/expressometro.mx\/index.php\/2020\/07\/22\/impulsan-en-villa-del-carbon-acciones-por-la-educacion\/#primaryimage"},"thumbnailUrl":"https:\/\/expressometro.mx\/wp-content\/uploads\/2020\/07\/A8F801BE-1D78-4298-9B85-D9C7E5B06F15.jpeg","datePublished":"2020-07-22T19:03:27+00:00","dateModified":"2020-07-22T19:03:28+00:00","breadcrumb":{"@id":"https:\/\/expressometro.mx\/index.php\/2020\/07\/22\/impulsan-en-villa-del-carbon-acciones-por-la-educacion\/#breadcrumb"},"inLanguage":"es","potentialAction":[{"@type":"ReadAction","target":["https:\/\/expressometro.mx\/index.php\/2020\/07\/22\/impulsan-en-villa-del-carbon-acciones-por-la-educacion\/"]}]},{"@type":"ImageObject","inLanguage":"es","@id":"https:\/\/expressometro.mx\/index.php\/2020\/07\/22\/impulsan-en-villa-del-carbon-acciones-por-la-educacion\/#primaryimage","url":"https:\/\/expressometro.mx\/wp-content\/uploads\/2020\/07\/A8F801BE-1D78-4298-9B85-D9C7E5B06F15.jpeg","contentUrl":"https:\/\/expressometro.mx\/wp-content\/uploads\/2020\/07\/A8F801BE-1D78-4298-9B85-D9C7E5B06F15.jpeg","width":1280,"height":723},{"@type":"BreadcrumbList","@id":"https:\/\/expressometro.mx\/index.php\/2020\/07\/22\/impulsan-en-villa-del-carbon-acciones-por-la-educacion\/#breadcrumb","itemListElement":[{"@type":"ListItem","position":1,"name":"Inicio","item":"https:\/\/expressometro.mx\/"},{"@type":"ListItem","position":2,"name":"IMPULSAN EN VILLA DEL CARB\u00d3N ACCIONES POR LA EDUCACI\u00d3N"}]},{"@type":"WebSite","@id":"https:\/\/expressometro.mx\/#website","url":"https:\/\/expressometro.mx\/","name":"Expresso Metropolitano","description":"Periodismo comprometido, informaci\u00f3n, investigaci\u00f3n y an\u00e1lisis","publisher":{"@id":"https:\/\/expressometro.mx\/#organization"},"potentialAction":[{"@type":"SearchAction","target":{"@type":"EntryPoint","urlTemplate":"https:\/\/expressometro.mx\/?s={search_term_string}"},"query-input":{"@type":"PropertyValueSpecification","valueRequired":true,"valueName":"search_term_string"}}],"inLanguage":"es"},{"@type":"Organization","@id":"https:\/\/expressometro.mx\/#organization","name":"Expresso Metropolitano","url":"https:\/\/expressometro.mx\/","logo":{"@type":"ImageObject","inLanguage":"es","@id":"https:\/\/expressometro.mx\/#\/schema\/logo\/image\/","url":"https:\/\/expressometro.mx\/wp-content\/uploads\/2019\/07\/cropped-Logo-Expresso-Metropolitano-1-1.jpeg","contentUrl":"https:\/\/expressometro.mx\/wp-content\/uploads\/2019\/07\/cropped-Logo-Expresso-Metropolitano-1-1.jpeg","width":290,"height":73,"caption":"Expresso Metropolitano"},"image":{"@id":"https:\/\/expressometro.mx\/#\/schema\/logo\/image\/"}},{"@type":"Person","@id":"https:\/\/expressometro.mx\/#\/schema\/person\/efa971b4a0664db8ed5c22b1b0dd2f5d","name":"Expresso Metropolitano","image":{"@type":"ImageObject","inLanguage":"es","@id":"https:\/\/secure.gravatar.com\/avatar\/a89f802b8de18c6952f223c88d3d106e9e3679839f4e25a02f4a6cc2ae6ba3b3?s=96&d=mm&r=g","url":"https:\/\/secure.gravatar.com\/avatar\/a89f802b8de18c6952f223c88d3d106e9e3679839f4e25a02f4a6cc2ae6ba3b3?s=96&d=mm&r=g","contentUrl":"https:\/\/secure.gravatar.com\/avatar\/a89f802b8de18c6952f223c88d3d106e9e3679839f4e25a02f4a6cc2ae6ba3b3?s=96&d=mm&r=g","caption":"Expresso Metropolitano"},"url":"https:\/\/expressometro.mx\/index.php\/author\/diego\/"}]}},"amp_enabled":true,"_links":{"self":[{"href":"https:\/\/expressometro.mx\/index.php\/wp-json\/wp\/v2\/posts\/1704","targetHints":{"allow":["GET"]}}],"collection":[{"href":"https:\/\/expressometro.mx\/index.php\/wp-json\/wp\/v2\/posts"}],"about":[{"href":"https:\/\/expressometro.mx\/index.php\/wp-json\/wp\/v2\/types\/post"}],"author":[{"embeddable":true,"href":"https:\/\/expressometro.mx\/index.php\/wp-json\/wp\/v2\/users\/1"}],"replies":[{"embeddable":true,"href":"https:\/\/expressometro.mx\/index.php\/wp-json\/wp\/v2\/comments?post=1704"}],"version-history":[{"count":1,"href":"https:\/\/expressometro.mx\/index.php\/wp-json\/wp\/v2\/posts\/1704\/revisions"}],"predecessor-version":[{"id":1706,"href":"https:\/\/expressometro.mx\/index.php\/wp-json\/wp\/v2\/posts\/1704\/revisions\/1706"}],"wp:featuredmedia":[{"embeddable":true,"href":"https:\/\/expressometro.mx\/index.php\/wp-json\/wp\/v2\/media\/1705"}],"wp:attachment":[{"href":"https:\/\/expressometro.mx\/index.php\/wp-json\/wp\/v2\/media?parent=1704"}],"wp:term":[{"taxonomy":"category","embeddable":true,"href":"https:\/\/expressometro.mx\/index.php\/wp-json\/wp\/v2\/categories?post=1704"},{"taxonomy":"post_tag","embeddable":true,"href":"https:\/\/expressometro.mx\/index.php\/wp-json\/wp\/v2\/tags?post=1704"}],"curies":[{"name":"wp","href":"https:\/\/api.w.org\/{rel}","templated":true}]}}