{"id":168,"date":"2019-08-17T17:32:11","date_gmt":"2019-08-17T22:32:11","guid":{"rendered":"http:\/\/expressometro.mx\/?p=168"},"modified":"2019-09-25T10:42:04","modified_gmt":"2019-09-25T15:42:04","slug":"inicia-este-domingo-el-festival-de-chiles-en-nogada-de-la-region-de-los-volcanes","status":"publish","type":"post","link":"https:\/\/expressometro.mx\/index.php\/2019\/08\/17\/inicia-este-domingo-el-festival-de-chiles-en-nogada-de-la-region-de-los-volcanes\/","title":{"rendered":"INICIA ESTE DOMINGO EL FESTIVAL DE CHILES EN NOGADA DE LA REGI\u00d3N DE LOS VOLCANES"},"content":{"rendered":"\n<p>De este domingo 18 al 25 de agosto los 14 municipios de la Regi\u00f3n de los Volcanes celebran el Sexto Festival de Chiles en Nogada, que tiene el prop\u00f3sito de mostrar su riqueza gastron\u00f3mica y cultural, al tiempo de fomentar el empleo y generar derrama econ\u00f3mica, inform\u00f3 la diputada Lorena Mar\u00edn Moreno.<\/p>\n\n\n\n<p>Como secretaria del Comit\u00e9 Organizador, la diputada del PRI explic\u00f3 que el festival surgi\u00f3 en 2014 a iniciativa de la asociaci\u00f3n civil Claustro Gastron\u00f3mico de los Volcanes, para encontrar el chile en nogada m\u00e1s representativo de la regi\u00f3n integrada por los municipios de Amecameca, Atlautla, Ayapango, Chalco, Cocotitl\u00e1n, Ecatzingo, Ixtapaluca, Juchitepec, Ozumba, Tlalmanalco, Temamatla, Tenango del Aire, Tepetlixpa y Valle de Chalco.<\/p>\n\n\n\n<p>\u201cEste proyecto ha permitido que la regi\u00f3n de los volcanes sea visitada para vivir la experiencia del festival, que en este a\u00f1o cumple su sexta edici\u00f3n, y que comenz\u00f3 como una tradici\u00f3n que actualmente los restauranteros y comensales esperan con gran gusto\u201d, expres\u00f3 la legisladora, quien reconoci\u00f3 la labor realizada por el Comit\u00e9 Organizador del Festival, y especialmente por su presidente Guillermo Cruz Ponce, quien tambi\u00e9n preside el Claustro Gastron\u00f3mico de los Vocales.<\/p>\n\n\n\n<p>En la edici\u00f3n de este a\u00f1o participan restaurantes de los 14 municipios de la regi\u00f3n, entre estos: La Due\u00f1a, Cremer\u00eda Chalco, La Ranita Tapat\u00eda, Sabor a Miel, La Casa del Arco, Restaurante Paradise, Saz\u00f3n-Cocina Antigua, Casa Tenamaxtli, La Vaca Pinta, El Tepoz\u00e1n, Bistro, Gourmettis y La Bamba, los cuales inician su servicio a partir de las 14:30 horas.<\/p>\n\n\n\n<p>Al finalizar el festival, que tambi\u00e9n es organizado por la C\u00e1mara Nacional de la Industria de Restaurantes y Alimentos Condimentados (Canirac), entre otros patrocinadores, y apoyado por el gobierno estatal, se entregar\u00e1n distintivos a los restaurantes que tengan los mejores platillos, donde se calificar\u00e1n la presentaci\u00f3n, sabor, maridaje, explicaci\u00f3n, experiencia sensorial, t\u00e9cnica, entre otros aspectos.<\/p>\n\n\n\n<p>Es posible obtener m\u00e1s informaci\u00f3n en las redes sociales del festival:<\/p>\n\n\n\n<blockquote class=\"wp-block-quote is-layout-flow wp-block-quote-is-layout-flow\"><p>\u2022\t<a href=\"https:\/\/www.facebook.com\/festnogada\/\" target=\"_blank\" rel=\"noreferrer noopener\">https:\/\/www.facebook.com\/festnogada\/<\/a><br>\u2022\t<a href=\"https:\/\/twitter.com\/festnogada\" target=\"_blank\" rel=\"noreferrer noopener\">https:\/\/twitter.com\/festnogada<\/a><\/p><\/blockquote>\n","protected":false},"excerpt":{"rendered":"<p>De este domingo 18 al 25 de agosto los 14 municipios de la Regi\u00f3n de los Volcanes celebran el Sexto Festival de Chiles en Nogada, que tiene el prop\u00f3sito de mostrar su riqueza gastron\u00f3mica y cultural, al tiempo de fomentar el empleo y generar derrama econ\u00f3mica, inform\u00f3 la diputada Lorena Mar\u00edn Moreno. Como secretaria del Comit\u00e9 Organizador, la diputada del PRI explic\u00f3 que el festival surgi\u00f3 en 2014 a iniciativa de la asociaci\u00f3n civil Claustro Gastron\u00f3mico de los Volcanes, para encontrar el chile en nogada m\u00e1s representativo de la regi\u00f3n&hellip;<\/p>\n","protected":false},"author":1,"featured_media":0,"comment_status":"open","ping_status":"open","sticky":false,"template":"","format":"standard","meta":{"footnotes":""},"categories":[11,3],"tags":[],"class_list":["post-168","post","type-post","status-publish","format-standard","hentry","category-cultura","category-gobierno"],"yoast_head":"<!-- This site is optimized with the Yoast SEO plugin v27.4 - https:\/\/yoast.com\/product\/yoast-seo-wordpress\/ -->\n<title>INICIA ESTE DOMINGO EL FESTIVAL DE CHILES EN NOGADA DE LA REGI\u00d3N DE LOS VOLCANES - Expresso Metropolitano<\/title>\n<meta name=\"robots\" content=\"index, follow, max-snippet:-1, max-image-preview:large, max-video-preview:-1\" \/>\n<link rel=\"canonical\" href=\"https:\/\/expressometro.mx\/index.php\/2019\/08\/17\/inicia-este-domingo-el-festival-de-chiles-en-nogada-de-la-region-de-los-volcanes\/\" \/>\n<meta property=\"og:locale\" content=\"es_MX\" \/>\n<meta property=\"og:type\" content=\"article\" \/>\n<meta property=\"og:title\" content=\"INICIA ESTE DOMINGO EL FESTIVAL DE CHILES EN NOGADA DE LA REGI\u00d3N DE LOS VOLCANES - Expresso Metropolitano\" \/>\n<meta property=\"og:description\" content=\"De este domingo 18 al 25 de agosto los 14 municipios de la Regi\u00f3n de los Volcanes celebran el Sexto Festival de Chiles en Nogada, que tiene el prop\u00f3sito de mostrar su riqueza gastron\u00f3mica y cultural, al tiempo de fomentar el empleo y generar derrama econ\u00f3mica, inform\u00f3 la diputada Lorena Mar\u00edn Moreno. Como secretaria del Comit\u00e9 Organizador, la diputada del PRI explic\u00f3 que el festival surgi\u00f3 en 2014 a iniciativa de la asociaci\u00f3n civil Claustro Gastron\u00f3mico de los Volcanes, para encontrar el chile en nogada m\u00e1s representativo de la regi\u00f3n&hellip;\" \/>\n<meta property=\"og:url\" content=\"https:\/\/expressometro.mx\/index.php\/2019\/08\/17\/inicia-este-domingo-el-festival-de-chiles-en-nogada-de-la-region-de-los-volcanes\/\" \/>\n<meta property=\"og:site_name\" content=\"Expresso Metropolitano\" \/>\n<meta property=\"article:published_time\" content=\"2019-08-17T22:32:11+00:00\" \/>\n<meta property=\"article:modified_time\" content=\"2019-09-25T15:42:04+00:00\" \/>\n<meta property=\"og:image\" content=\"https:\/\/expressometro.mx\/wp-content\/uploads\/2019\/08\/1074a.jpg\" \/>\n\t<meta property=\"og:image:width\" content=\"850\" \/>\n\t<meta property=\"og:image:height\" content=\"567\" \/>\n\t<meta property=\"og:image:type\" content=\"image\/jpeg\" \/>\n<meta name=\"author\" content=\"Expresso Metropolitano\" \/>\n<meta name=\"twitter:label1\" content=\"Escrito por\" \/>\n\t<meta name=\"twitter:data1\" content=\"Expresso Metropolitano\" \/>\n\t<meta name=\"twitter:label2\" content=\"Tiempo de lectura\" \/>\n\t<meta name=\"twitter:data2\" content=\"2 minutos\" \/>\n<script type=\"application\/ld+json\" class=\"yoast-schema-graph\">{\"@context\":\"https:\\\/\\\/schema.org\",\"@graph\":[{\"@type\":\"Article\",\"@id\":\"https:\\\/\\\/expressometro.mx\\\/index.php\\\/2019\\\/08\\\/17\\\/inicia-este-domingo-el-festival-de-chiles-en-nogada-de-la-region-de-los-volcanes\\\/#article\",\"isPartOf\":{\"@id\":\"https:\\\/\\\/expressometro.mx\\\/index.php\\\/2019\\\/08\\\/17\\\/inicia-este-domingo-el-festival-de-chiles-en-nogada-de-la-region-de-los-volcanes\\\/\"},\"author\":{\"name\":\"Expresso Metropolitano\",\"@id\":\"https:\\\/\\\/expressometro.mx\\\/#\\\/schema\\\/person\\\/efa971b4a0664db8ed5c22b1b0dd2f5d\"},\"headline\":\"INICIA ESTE DOMINGO EL FESTIVAL DE CHILES EN NOGADA DE LA REGI\u00d3N DE LOS VOLCANES\",\"datePublished\":\"2019-08-17T22:32:11+00:00\",\"dateModified\":\"2019-09-25T15:42:04+00:00\",\"mainEntityOfPage\":{\"@id\":\"https:\\\/\\\/expressometro.mx\\\/index.php\\\/2019\\\/08\\\/17\\\/inicia-este-domingo-el-festival-de-chiles-en-nogada-de-la-region-de-los-volcanes\\\/\"},\"wordCount\":363,\"commentCount\":0,\"publisher\":{\"@id\":\"https:\\\/\\\/expressometro.mx\\\/#organization\"},\"articleSection\":[\"Cultura\",\"Gobierno\"],\"inLanguage\":\"es\",\"potentialAction\":[{\"@type\":\"CommentAction\",\"name\":\"Comment\",\"target\":[\"https:\\\/\\\/expressometro.mx\\\/index.php\\\/2019\\\/08\\\/17\\\/inicia-este-domingo-el-festival-de-chiles-en-nogada-de-la-region-de-los-volcanes\\\/#respond\"]}]},{\"@type\":\"WebPage\",\"@id\":\"https:\\\/\\\/expressometro.mx\\\/index.php\\\/2019\\\/08\\\/17\\\/inicia-este-domingo-el-festival-de-chiles-en-nogada-de-la-region-de-los-volcanes\\\/\",\"url\":\"https:\\\/\\\/expressometro.mx\\\/index.php\\\/2019\\\/08\\\/17\\\/inicia-este-domingo-el-festival-de-chiles-en-nogada-de-la-region-de-los-volcanes\\\/\",\"name\":\"INICIA ESTE DOMINGO EL FESTIVAL DE CHILES EN NOGADA DE LA REGI\u00d3N DE LOS VOLCANES - Expresso Metropolitano\",\"isPartOf\":{\"@id\":\"https:\\\/\\\/expressometro.mx\\\/#website\"},\"datePublished\":\"2019-08-17T22:32:11+00:00\",\"dateModified\":\"2019-09-25T15:42:04+00:00\",\"breadcrumb\":{\"@id\":\"https:\\\/\\\/expressometro.mx\\\/index.php\\\/2019\\\/08\\\/17\\\/inicia-este-domingo-el-festival-de-chiles-en-nogada-de-la-region-de-los-volcanes\\\/#breadcrumb\"},\"inLanguage\":\"es\",\"potentialAction\":[{\"@type\":\"ReadAction\",\"target\":[\"https:\\\/\\\/expressometro.mx\\\/index.php\\\/2019\\\/08\\\/17\\\/inicia-este-domingo-el-festival-de-chiles-en-nogada-de-la-region-de-los-volcanes\\\/\"]}]},{\"@type\":\"BreadcrumbList\",\"@id\":\"https:\\\/\\\/expressometro.mx\\\/index.php\\\/2019\\\/08\\\/17\\\/inicia-este-domingo-el-festival-de-chiles-en-nogada-de-la-region-de-los-volcanes\\\/#breadcrumb\",\"itemListElement\":[{\"@type\":\"ListItem\",\"position\":1,\"name\":\"Inicio\",\"item\":\"https:\\\/\\\/expressometro.mx\\\/\"},{\"@type\":\"ListItem\",\"position\":2,\"name\":\"INICIA ESTE DOMINGO EL FESTIVAL DE CHILES EN NOGADA DE LA REGI\u00d3N DE LOS VOLCANES\"}]},{\"@type\":\"WebSite\",\"@id\":\"https:\\\/\\\/expressometro.mx\\\/#website\",\"url\":\"https:\\\/\\\/expressometro.mx\\\/\",\"name\":\"Expresso Metropolitano\",\"description\":\"Periodismo comprometido, informaci\u00f3n, investigaci\u00f3n y an\u00e1lisis\",\"publisher\":{\"@id\":\"https:\\\/\\\/expressometro.mx\\\/#organization\"},\"potentialAction\":[{\"@type\":\"SearchAction\",\"target\":{\"@type\":\"EntryPoint\",\"urlTemplate\":\"https:\\\/\\\/expressometro.mx\\\/?s={search_term_string}\"},\"query-input\":{\"@type\":\"PropertyValueSpecification\",\"valueRequired\":true,\"valueName\":\"search_term_string\"}}],\"inLanguage\":\"es\"},{\"@type\":\"Organization\",\"@id\":\"https:\\\/\\\/expressometro.mx\\\/#organization\",\"name\":\"Expresso Metropolitano\",\"url\":\"https:\\\/\\\/expressometro.mx\\\/\",\"logo\":{\"@type\":\"ImageObject\",\"inLanguage\":\"es\",\"@id\":\"https:\\\/\\\/expressometro.mx\\\/#\\\/schema\\\/logo\\\/image\\\/\",\"url\":\"https:\\\/\\\/expressometro.mx\\\/wp-content\\\/uploads\\\/2019\\\/07\\\/cropped-Logo-Expresso-Metropolitano-1-1.jpeg\",\"contentUrl\":\"https:\\\/\\\/expressometro.mx\\\/wp-content\\\/uploads\\\/2019\\\/07\\\/cropped-Logo-Expresso-Metropolitano-1-1.jpeg\",\"width\":290,\"height\":73,\"caption\":\"Expresso Metropolitano\"},\"image\":{\"@id\":\"https:\\\/\\\/expressometro.mx\\\/#\\\/schema\\\/logo\\\/image\\\/\"}},{\"@type\":\"Person\",\"@id\":\"https:\\\/\\\/expressometro.mx\\\/#\\\/schema\\\/person\\\/efa971b4a0664db8ed5c22b1b0dd2f5d\",\"name\":\"Expresso Metropolitano\",\"image\":{\"@type\":\"ImageObject\",\"inLanguage\":\"es\",\"@id\":\"https:\\\/\\\/secure.gravatar.com\\\/avatar\\\/a89f802b8de18c6952f223c88d3d106e9e3679839f4e25a02f4a6cc2ae6ba3b3?s=96&d=mm&r=g\",\"url\":\"https:\\\/\\\/secure.gravatar.com\\\/avatar\\\/a89f802b8de18c6952f223c88d3d106e9e3679839f4e25a02f4a6cc2ae6ba3b3?s=96&d=mm&r=g\",\"contentUrl\":\"https:\\\/\\\/secure.gravatar.com\\\/avatar\\\/a89f802b8de18c6952f223c88d3d106e9e3679839f4e25a02f4a6cc2ae6ba3b3?s=96&d=mm&r=g\",\"caption\":\"Expresso Metropolitano\"},\"url\":\"https:\\\/\\\/expressometro.mx\\\/index.php\\\/author\\\/diego\\\/\"}]}<\/script>\n<!-- \/ Yoast SEO plugin. -->","yoast_head_json":{"title":"INICIA ESTE DOMINGO EL FESTIVAL DE CHILES EN NOGADA DE LA REGI\u00d3N DE LOS VOLCANES - Expresso Metropolitano","robots":{"index":"index","follow":"follow","max-snippet":"max-snippet:-1","max-image-preview":"max-image-preview:large","max-video-preview":"max-video-preview:-1"},"canonical":"https:\/\/expressometro.mx\/index.php\/2019\/08\/17\/inicia-este-domingo-el-festival-de-chiles-en-nogada-de-la-region-de-los-volcanes\/","og_locale":"es_MX","og_type":"article","og_title":"INICIA ESTE DOMINGO EL FESTIVAL DE CHILES EN NOGADA DE LA REGI\u00d3N DE LOS VOLCANES - Expresso Metropolitano","og_description":"De este domingo 18 al 25 de agosto los 14 municipios de la Regi\u00f3n de los Volcanes celebran el Sexto Festival de Chiles en Nogada, que tiene el prop\u00f3sito de mostrar su riqueza gastron\u00f3mica y cultural, al tiempo de fomentar el empleo y generar derrama econ\u00f3mica, inform\u00f3 la diputada Lorena Mar\u00edn Moreno. Como secretaria del Comit\u00e9 Organizador, la diputada del PRI explic\u00f3 que el festival surgi\u00f3 en 2014 a iniciativa de la asociaci\u00f3n civil Claustro Gastron\u00f3mico de los Volcanes, para encontrar el chile en nogada m\u00e1s representativo de la regi\u00f3n&hellip;","og_url":"https:\/\/expressometro.mx\/index.php\/2019\/08\/17\/inicia-este-domingo-el-festival-de-chiles-en-nogada-de-la-region-de-los-volcanes\/","og_site_name":"Expresso Metropolitano","article_published_time":"2019-08-17T22:32:11+00:00","article_modified_time":"2019-09-25T15:42:04+00:00","og_image":[{"width":850,"height":567,"url":"https:\/\/expressometro.mx\/wp-content\/uploads\/2019\/08\/1074a.jpg","type":"image\/jpeg"}],"author":"Expresso Metropolitano","twitter_misc":{"Escrito por":"Expresso Metropolitano","Tiempo de lectura":"2 minutos"},"schema":{"@context":"https:\/\/schema.org","@graph":[{"@type":"Article","@id":"https:\/\/expressometro.mx\/index.php\/2019\/08\/17\/inicia-este-domingo-el-festival-de-chiles-en-nogada-de-la-region-de-los-volcanes\/#article","isPartOf":{"@id":"https:\/\/expressometro.mx\/index.php\/2019\/08\/17\/inicia-este-domingo-el-festival-de-chiles-en-nogada-de-la-region-de-los-volcanes\/"},"author":{"name":"Expresso Metropolitano","@id":"https:\/\/expressometro.mx\/#\/schema\/person\/efa971b4a0664db8ed5c22b1b0dd2f5d"},"headline":"INICIA ESTE DOMINGO EL FESTIVAL DE CHILES EN NOGADA DE LA REGI\u00d3N DE LOS VOLCANES","datePublished":"2019-08-17T22:32:11+00:00","dateModified":"2019-09-25T15:42:04+00:00","mainEntityOfPage":{"@id":"https:\/\/expressometro.mx\/index.php\/2019\/08\/17\/inicia-este-domingo-el-festival-de-chiles-en-nogada-de-la-region-de-los-volcanes\/"},"wordCount":363,"commentCount":0,"publisher":{"@id":"https:\/\/expressometro.mx\/#organization"},"articleSection":["Cultura","Gobierno"],"inLanguage":"es","potentialAction":[{"@type":"CommentAction","name":"Comment","target":["https:\/\/expressometro.mx\/index.php\/2019\/08\/17\/inicia-este-domingo-el-festival-de-chiles-en-nogada-de-la-region-de-los-volcanes\/#respond"]}]},{"@type":"WebPage","@id":"https:\/\/expressometro.mx\/index.php\/2019\/08\/17\/inicia-este-domingo-el-festival-de-chiles-en-nogada-de-la-region-de-los-volcanes\/","url":"https:\/\/expressometro.mx\/index.php\/2019\/08\/17\/inicia-este-domingo-el-festival-de-chiles-en-nogada-de-la-region-de-los-volcanes\/","name":"INICIA ESTE DOMINGO EL FESTIVAL DE CHILES EN NOGADA DE LA REGI\u00d3N DE LOS VOLCANES - Expresso Metropolitano","isPartOf":{"@id":"https:\/\/expressometro.mx\/#website"},"datePublished":"2019-08-17T22:32:11+00:00","dateModified":"2019-09-25T15:42:04+00:00","breadcrumb":{"@id":"https:\/\/expressometro.mx\/index.php\/2019\/08\/17\/inicia-este-domingo-el-festival-de-chiles-en-nogada-de-la-region-de-los-volcanes\/#breadcrumb"},"inLanguage":"es","potentialAction":[{"@type":"ReadAction","target":["https:\/\/expressometro.mx\/index.php\/2019\/08\/17\/inicia-este-domingo-el-festival-de-chiles-en-nogada-de-la-region-de-los-volcanes\/"]}]},{"@type":"BreadcrumbList","@id":"https:\/\/expressometro.mx\/index.php\/2019\/08\/17\/inicia-este-domingo-el-festival-de-chiles-en-nogada-de-la-region-de-los-volcanes\/#breadcrumb","itemListElement":[{"@type":"ListItem","position":1,"name":"Inicio","item":"https:\/\/expressometro.mx\/"},{"@type":"ListItem","position":2,"name":"INICIA ESTE DOMINGO EL FESTIVAL DE CHILES EN NOGADA DE LA REGI\u00d3N DE LOS VOLCANES"}]},{"@type":"WebSite","@id":"https:\/\/expressometro.mx\/#website","url":"https:\/\/expressometro.mx\/","name":"Expresso Metropolitano","description":"Periodismo comprometido, informaci\u00f3n, investigaci\u00f3n y an\u00e1lisis","publisher":{"@id":"https:\/\/expressometro.mx\/#organization"},"potentialAction":[{"@type":"SearchAction","target":{"@type":"EntryPoint","urlTemplate":"https:\/\/expressometro.mx\/?s={search_term_string}"},"query-input":{"@type":"PropertyValueSpecification","valueRequired":true,"valueName":"search_term_string"}}],"inLanguage":"es"},{"@type":"Organization","@id":"https:\/\/expressometro.mx\/#organization","name":"Expresso Metropolitano","url":"https:\/\/expressometro.mx\/","logo":{"@type":"ImageObject","inLanguage":"es","@id":"https:\/\/expressometro.mx\/#\/schema\/logo\/image\/","url":"https:\/\/expressometro.mx\/wp-content\/uploads\/2019\/07\/cropped-Logo-Expresso-Metropolitano-1-1.jpeg","contentUrl":"https:\/\/expressometro.mx\/wp-content\/uploads\/2019\/07\/cropped-Logo-Expresso-Metropolitano-1-1.jpeg","width":290,"height":73,"caption":"Expresso Metropolitano"},"image":{"@id":"https:\/\/expressometro.mx\/#\/schema\/logo\/image\/"}},{"@type":"Person","@id":"https:\/\/expressometro.mx\/#\/schema\/person\/efa971b4a0664db8ed5c22b1b0dd2f5d","name":"Expresso Metropolitano","image":{"@type":"ImageObject","inLanguage":"es","@id":"https:\/\/secure.gravatar.com\/avatar\/a89f802b8de18c6952f223c88d3d106e9e3679839f4e25a02f4a6cc2ae6ba3b3?s=96&d=mm&r=g","url":"https:\/\/secure.gravatar.com\/avatar\/a89f802b8de18c6952f223c88d3d106e9e3679839f4e25a02f4a6cc2ae6ba3b3?s=96&d=mm&r=g","contentUrl":"https:\/\/secure.gravatar.com\/avatar\/a89f802b8de18c6952f223c88d3d106e9e3679839f4e25a02f4a6cc2ae6ba3b3?s=96&d=mm&r=g","caption":"Expresso Metropolitano"},"url":"https:\/\/expressometro.mx\/index.php\/author\/diego\/"}]}},"amp_enabled":true,"_links":{"self":[{"href":"https:\/\/expressometro.mx\/index.php\/wp-json\/wp\/v2\/posts\/168","targetHints":{"allow":["GET"]}}],"collection":[{"href":"https:\/\/expressometro.mx\/index.php\/wp-json\/wp\/v2\/posts"}],"about":[{"href":"https:\/\/expressometro.mx\/index.php\/wp-json\/wp\/v2\/types\/post"}],"author":[{"embeddable":true,"href":"https:\/\/expressometro.mx\/index.php\/wp-json\/wp\/v2\/users\/1"}],"replies":[{"embeddable":true,"href":"https:\/\/expressometro.mx\/index.php\/wp-json\/wp\/v2\/comments?post=168"}],"version-history":[{"count":1,"href":"https:\/\/expressometro.mx\/index.php\/wp-json\/wp\/v2\/posts\/168\/revisions"}],"predecessor-version":[{"id":170,"href":"https:\/\/expressometro.mx\/index.php\/wp-json\/wp\/v2\/posts\/168\/revisions\/170"}],"wp:attachment":[{"href":"https:\/\/expressometro.mx\/index.php\/wp-json\/wp\/v2\/media?parent=168"}],"wp:term":[{"taxonomy":"category","embeddable":true,"href":"https:\/\/expressometro.mx\/index.php\/wp-json\/wp\/v2\/categories?post=168"},{"taxonomy":"post_tag","embeddable":true,"href":"https:\/\/expressometro.mx\/index.php\/wp-json\/wp\/v2\/tags?post=168"}],"curies":[{"name":"wp","href":"https:\/\/api.w.org\/{rel}","templated":true}]}}