{"id":1679,"date":"2020-07-16T13:52:05","date_gmt":"2020-07-16T18:52:05","guid":{"rendered":"http:\/\/expressometro.mx\/?p=1679"},"modified":"2020-07-16T13:52:06","modified_gmt":"2020-07-16T18:52:06","slug":"con-la-entrega-de-canastas-alimentarias-apoyamos-a-la-economia-familiar-y-se-promueve-una-alimentacion-sana-para-los-mexiquenses-alfredo-del-mazo","status":"publish","type":"post","link":"https:\/\/expressometro.mx\/index.php\/2020\/07\/16\/con-la-entrega-de-canastas-alimentarias-apoyamos-a-la-economia-familiar-y-se-promueve-una-alimentacion-sana-para-los-mexiquenses-alfredo-del-mazo\/","title":{"rendered":"CON LA ENTREGA DE CANASTAS ALIMENTARIAS APOYAMOS A LA ECONOM\u00cdA FAMILIAR Y SE PROMUEVE UNA ALIMENTACI\u00d3N SANA PARA LOS MEXIQUENSES: ALFREDO DEL MAZO"},"content":{"rendered":"\n<p>Como parte de las acciones que lleva a cabo la administraci\u00f3n estatal para apoyar a la econom\u00eda familiar, el Gobernador Alfredo Del Mazo Maza inform\u00f3 que se entregar\u00e1n m\u00e1s de 570 mil canastas alimentarias a familias de los 125 municipios de la entidad, con lo cual se promueve una sana alimentaci\u00f3n, as\u00ed como el generar ahorros en los hogares de los beneficiarios.<\/p>\n\n\n\n<p>\u201cHan sido meses muy dif\u00edciles para la econom\u00eda familiar y con este tipo de programas como estamos entregando el d\u00eda de hoy, de apoyo, de canastas alimentarias para las familias del Estado de M\u00e9xico, vamos a ayudar a la econom\u00eda familiar poco a poco, para que vayamos recuper\u00e1ndonos, para que vayamos avanzando de estos meses que han sido tan dif\u00edciles.<\/p>\n\n\n\n<p>\u201cEsta gran cruzada de entrega de canastas alimentarias es en todo el Estado de M\u00e9xico, en los 125 municipios, para llegar a m\u00e1s de 570 mil familias que van a estar recibiendo estos apoyos de manera permanente, y que as\u00ed apoyamos a la econom\u00eda familiar, pero que tambi\u00e9n apoyamos a tener una buena alimentaci\u00f3n, una alimentaci\u00f3n sana\u201d, expres\u00f3.<\/p>\n\n\n\n<p>El Gobernador Alfredo Del Mazo se\u00f1al\u00f3 que la pandemia por COVID-19 ha afectado la salud y la econom\u00eda de los mexiquenses, de ah\u00ed la importancia de impulsar programas como el de Canastas Alimentarias Edom\u00e9x.<\/p>\n\n\n\n<p>Detall\u00f3 que las canastas alimentarias contienen 14 art\u00edculos, tanto de higiene personal como alimentos ricos en vitaminas y minerales, y dio a conocer algunos de los productos que se entregan, entre ellos at\u00fan, arroz, lenteja y avena.<\/p>\n\n\n\n<p>Inform\u00f3 que este programa sigui\u00f3 entreg\u00e1ndose durante los \u00faltimos tres meses, e incluso durante la etapa m\u00e1s fuerte de la pandemia por COVID-19, se otorgaron m\u00e1s de 1 mill\u00f3n de canastas alimentarias, siempre cuidando las medidas de sanidad en 236 centros de distribuci\u00f3n.<\/p>\n\n\n\n<p>\u201cQue quiero adem\u00e1s decirlo, una alimentaci\u00f3n sana nos ayuda tambi\u00e9n a prevenir enfermedades, una alimentaci\u00f3n buena nos ayuda a tener mejores defensas ante cualquier enfermedad, y por eso, con las canastas alimentarias que estamos entregando el d\u00eda de hoy estamos ayudando a la econom\u00eda familiar, y tambi\u00e9n estamos ayudando a que haya una mejor alimentaci\u00f3n, m\u00e1s nutritiva y esto nos permita tener una alimentaci\u00f3n m\u00e1s sana y estar m\u00e1s preparados para evitar los riesgos de contagio ante las enfermedades\u201d, afirm\u00f3.<\/p>\n\n\n\n<p>Del Mazo Maza puntualiz\u00f3 que dicho programa est\u00e1 dirigido a sectores vulnerables, como comunidades ind\u00edgenas y rurales, personas con discapacidad, pero principalmente a las mujeres, quienes dijo, son quienes m\u00e1s cuidan la econom\u00eda familiar.<\/p>\n\n\n\n<p>\u201cEst\u00e1n dirigidas a las familias que m\u00e1s necesidades tienen y que est\u00e1n dirigidos de manera muy especial, adem\u00e1s, a las mujeres, de 10 canastas que entregamos ocho son para mujeres, ocho de cada 10 canastas que estamos entregando son para las mujeres\u201d, enfatiz\u00f3.<\/p>\n\n\n\n<p>\u201cEst\u00e1 dirigido tambi\u00e9n a comunidades rurales de nuestro estado, a comunidades ind\u00edgenas de nuestro estado, est\u00e1 dirigido tambi\u00e9n a familias que tengan alg\u00fan familiar con alguna discapacidad\u201d, agreg\u00f3.<\/p>\n\n\n\n<p>El mandatario se\u00f1al\u00f3 que el Gobierno estatal trabaja para cuidar de la salud de las familias del Estado de M\u00e9xico, a la par de ir retomando las actividades econ\u00f3micas, por lo que reiter\u00f3 que los negocios y comercios deben respetar el aforo para evitar el riesgo de contagios.<\/p>\n\n\n\n<p>En este sentido, apunt\u00f3 que el Estado de M\u00e9xico est\u00e1 avanzando para que pronto la entidad se encuentre en sem\u00e1foro naranja, para retomar m\u00e1s actividades, y dio a conocer que la ocupaci\u00f3n hospitalaria est\u00e1 disminuyendo, lo que significa que cada vez son menos los pacientes hospitalizados por COVID-19, sin embargo, dijo, es necesario continuar con las medidas sanitarias como la sana distancia y el uso de cubrebocas para evitar contagios.<\/p>\n\n\n\n<p>El Gobernador mexiquense reiter\u00f3 que su administraci\u00f3n apoya a la econom\u00eda familiar, con programas como la entrega de microcr\u00e9ditos, apoyos a proyectos productivos, apoyo al desempleo y entrega de fertilizantes, entre otros.<\/p>\n\n\n\n<p>Por su parte, el Secretario de Desarrollo Social, Eric Sevilla Montes de Oca, indic\u00f3 que con la entrega de estas canastas alimentarias, se atienden 11 de los 17 objetivos de la Agenda 2030, y 14 de las 169 metas, adem\u00e1s de cubrir el derecho a la alimentaci\u00f3n.<\/p>\n\n\n\n<p>El mandatario estatal hizo entrega de canastas alimentarias a beneficiarios de los municipios de Villa Victoria, Villa de Allende, Amanalco, Donato Guerra e Ixtapan del Oro.<\/p>\n\n\n\n<figure class=\"wp-block-video\"><video height=\"360\" style=\"aspect-ratio: 480 \/ 360;\" width=\"480\" controls src=\"http:\/\/expressometro.mx\/wp-content\/uploads\/2020\/07\/trim.370ACA18-DFB4-4843-9434-9B7DEE5720F8.mov\"><\/video><\/figure>\n","protected":false},"excerpt":{"rendered":"<p>Como parte de las acciones que lleva a cabo la administraci\u00f3n estatal para apoyar a la econom\u00eda familiar, el Gobernador Alfredo Del Mazo Maza inform\u00f3 que se entregar\u00e1n m\u00e1s de 570 mil canastas alimentarias a familias de los 125 municipios de la entidad, con lo cual se promueve una sana alimentaci\u00f3n, as\u00ed como el generar ahorros en los hogares de los beneficiarios. \u201cHan sido meses muy dif\u00edciles para la econom\u00eda familiar y con este tipo de programas como estamos entregando el d\u00eda de hoy, de apoyo, de canastas alimentarias para&hellip;<\/p>\n","protected":false},"author":1,"featured_media":1681,"comment_status":"open","ping_status":"open","sticky":false,"template":"","format":"standard","meta":{"footnotes":""},"categories":[1],"tags":[],"class_list":["post-1679","post","type-post","status-publish","format-standard","has-post-thumbnail","hentry","category-otros"],"yoast_head":"<!-- This site is optimized with the Yoast SEO plugin v27.4 - https:\/\/yoast.com\/product\/yoast-seo-wordpress\/ -->\n<title>CON LA ENTREGA DE CANASTAS ALIMENTARIAS APOYAMOS A LA ECONOM\u00cdA FAMILIAR Y SE PROMUEVE UNA ALIMENTACI\u00d3N SANA PARA LOS MEXIQUENSES: ALFREDO DEL MAZO - Expresso Metropolitano<\/title>\n<meta name=\"robots\" content=\"index, follow, max-snippet:-1, max-image-preview:large, max-video-preview:-1\" \/>\n<link rel=\"canonical\" href=\"https:\/\/expressometro.mx\/index.php\/2020\/07\/16\/con-la-entrega-de-canastas-alimentarias-apoyamos-a-la-economia-familiar-y-se-promueve-una-alimentacion-sana-para-los-mexiquenses-alfredo-del-mazo\/\" \/>\n<meta property=\"og:locale\" content=\"es_MX\" \/>\n<meta property=\"og:type\" content=\"article\" \/>\n<meta property=\"og:title\" content=\"CON LA ENTREGA DE CANASTAS ALIMENTARIAS APOYAMOS A LA ECONOM\u00cdA FAMILIAR Y SE PROMUEVE UNA ALIMENTACI\u00d3N SANA PARA LOS MEXIQUENSES: ALFREDO DEL MAZO - Expresso Metropolitano\" \/>\n<meta property=\"og:description\" content=\"Como parte de las acciones que lleva a cabo la administraci\u00f3n estatal para apoyar a la econom\u00eda familiar, el Gobernador Alfredo Del Mazo Maza inform\u00f3 que se entregar\u00e1n m\u00e1s de 570 mil canastas alimentarias a familias de los 125 municipios de la entidad, con lo cual se promueve una sana alimentaci\u00f3n, as\u00ed como el generar ahorros en los hogares de los beneficiarios. \u201cHan sido meses muy dif\u00edciles para la econom\u00eda familiar y con este tipo de programas como estamos entregando el d\u00eda de hoy, de apoyo, de canastas alimentarias para&hellip;\" \/>\n<meta property=\"og:url\" content=\"https:\/\/expressometro.mx\/index.php\/2020\/07\/16\/con-la-entrega-de-canastas-alimentarias-apoyamos-a-la-economia-familiar-y-se-promueve-una-alimentacion-sana-para-los-mexiquenses-alfredo-del-mazo\/\" \/>\n<meta property=\"og:site_name\" content=\"Expresso Metropolitano\" \/>\n<meta property=\"article:published_time\" content=\"2020-07-16T18:52:05+00:00\" \/>\n<meta property=\"article:modified_time\" content=\"2020-07-16T18:52:06+00:00\" \/>\n<meta property=\"og:image\" content=\"https:\/\/expressometro.mx\/wp-content\/uploads\/2020\/07\/416BF791-1B7F-40E8-8DFE-0F299BE17723.jpeg\" \/>\n\t<meta property=\"og:image:width\" content=\"1215\" \/>\n\t<meta property=\"og:image:height\" content=\"1280\" \/>\n\t<meta property=\"og:image:type\" content=\"image\/jpeg\" \/>\n<meta name=\"author\" content=\"Expresso Metropolitano\" \/>\n<meta name=\"twitter:label1\" content=\"Escrito por\" \/>\n\t<meta name=\"twitter:data1\" content=\"Expresso Metropolitano\" \/>\n\t<meta name=\"twitter:label2\" content=\"Tiempo de lectura\" \/>\n\t<meta name=\"twitter:data2\" content=\"4 minutos\" \/>\n<script type=\"application\/ld+json\" class=\"yoast-schema-graph\">{\"@context\":\"https:\\\/\\\/schema.org\",\"@graph\":[{\"@type\":\"Article\",\"@id\":\"https:\\\/\\\/expressometro.mx\\\/index.php\\\/2020\\\/07\\\/16\\\/con-la-entrega-de-canastas-alimentarias-apoyamos-a-la-economia-familiar-y-se-promueve-una-alimentacion-sana-para-los-mexiquenses-alfredo-del-mazo\\\/#article\",\"isPartOf\":{\"@id\":\"https:\\\/\\\/expressometro.mx\\\/index.php\\\/2020\\\/07\\\/16\\\/con-la-entrega-de-canastas-alimentarias-apoyamos-a-la-economia-familiar-y-se-promueve-una-alimentacion-sana-para-los-mexiquenses-alfredo-del-mazo\\\/\"},\"author\":{\"name\":\"Expresso Metropolitano\",\"@id\":\"https:\\\/\\\/expressometro.mx\\\/#\\\/schema\\\/person\\\/efa971b4a0664db8ed5c22b1b0dd2f5d\"},\"headline\":\"CON LA ENTREGA DE CANASTAS ALIMENTARIAS APOYAMOS A LA ECONOM\u00cdA FAMILIAR Y SE PROMUEVE UNA ALIMENTACI\u00d3N SANA PARA LOS MEXIQUENSES: ALFREDO DEL MAZO\",\"datePublished\":\"2020-07-16T18:52:05+00:00\",\"dateModified\":\"2020-07-16T18:52:06+00:00\",\"mainEntityOfPage\":{\"@id\":\"https:\\\/\\\/expressometro.mx\\\/index.php\\\/2020\\\/07\\\/16\\\/con-la-entrega-de-canastas-alimentarias-apoyamos-a-la-economia-familiar-y-se-promueve-una-alimentacion-sana-para-los-mexiquenses-alfredo-del-mazo\\\/\"},\"wordCount\":776,\"commentCount\":0,\"publisher\":{\"@id\":\"https:\\\/\\\/expressometro.mx\\\/#organization\"},\"image\":{\"@id\":\"https:\\\/\\\/expressometro.mx\\\/index.php\\\/2020\\\/07\\\/16\\\/con-la-entrega-de-canastas-alimentarias-apoyamos-a-la-economia-familiar-y-se-promueve-una-alimentacion-sana-para-los-mexiquenses-alfredo-del-mazo\\\/#primaryimage\"},\"thumbnailUrl\":\"https:\\\/\\\/expressometro.mx\\\/wp-content\\\/uploads\\\/2020\\\/07\\\/416BF791-1B7F-40E8-8DFE-0F299BE17723.jpeg\",\"articleSection\":[\"Otros\"],\"inLanguage\":\"es\",\"potentialAction\":[{\"@type\":\"CommentAction\",\"name\":\"Comment\",\"target\":[\"https:\\\/\\\/expressometro.mx\\\/index.php\\\/2020\\\/07\\\/16\\\/con-la-entrega-de-canastas-alimentarias-apoyamos-a-la-economia-familiar-y-se-promueve-una-alimentacion-sana-para-los-mexiquenses-alfredo-del-mazo\\\/#respond\"]}]},{\"@type\":\"WebPage\",\"@id\":\"https:\\\/\\\/expressometro.mx\\\/index.php\\\/2020\\\/07\\\/16\\\/con-la-entrega-de-canastas-alimentarias-apoyamos-a-la-economia-familiar-y-se-promueve-una-alimentacion-sana-para-los-mexiquenses-alfredo-del-mazo\\\/\",\"url\":\"https:\\\/\\\/expressometro.mx\\\/index.php\\\/2020\\\/07\\\/16\\\/con-la-entrega-de-canastas-alimentarias-apoyamos-a-la-economia-familiar-y-se-promueve-una-alimentacion-sana-para-los-mexiquenses-alfredo-del-mazo\\\/\",\"name\":\"CON LA ENTREGA DE CANASTAS ALIMENTARIAS APOYAMOS A LA ECONOM\u00cdA FAMILIAR Y SE PROMUEVE UNA ALIMENTACI\u00d3N SANA PARA LOS MEXIQUENSES: ALFREDO DEL MAZO - Expresso Metropolitano\",\"isPartOf\":{\"@id\":\"https:\\\/\\\/expressometro.mx\\\/#website\"},\"primaryImageOfPage\":{\"@id\":\"https:\\\/\\\/expressometro.mx\\\/index.php\\\/2020\\\/07\\\/16\\\/con-la-entrega-de-canastas-alimentarias-apoyamos-a-la-economia-familiar-y-se-promueve-una-alimentacion-sana-para-los-mexiquenses-alfredo-del-mazo\\\/#primaryimage\"},\"image\":{\"@id\":\"https:\\\/\\\/expressometro.mx\\\/index.php\\\/2020\\\/07\\\/16\\\/con-la-entrega-de-canastas-alimentarias-apoyamos-a-la-economia-familiar-y-se-promueve-una-alimentacion-sana-para-los-mexiquenses-alfredo-del-mazo\\\/#primaryimage\"},\"thumbnailUrl\":\"https:\\\/\\\/expressometro.mx\\\/wp-content\\\/uploads\\\/2020\\\/07\\\/416BF791-1B7F-40E8-8DFE-0F299BE17723.jpeg\",\"datePublished\":\"2020-07-16T18:52:05+00:00\",\"dateModified\":\"2020-07-16T18:52:06+00:00\",\"breadcrumb\":{\"@id\":\"https:\\\/\\\/expressometro.mx\\\/index.php\\\/2020\\\/07\\\/16\\\/con-la-entrega-de-canastas-alimentarias-apoyamos-a-la-economia-familiar-y-se-promueve-una-alimentacion-sana-para-los-mexiquenses-alfredo-del-mazo\\\/#breadcrumb\"},\"inLanguage\":\"es\",\"potentialAction\":[{\"@type\":\"ReadAction\",\"target\":[\"https:\\\/\\\/expressometro.mx\\\/index.php\\\/2020\\\/07\\\/16\\\/con-la-entrega-de-canastas-alimentarias-apoyamos-a-la-economia-familiar-y-se-promueve-una-alimentacion-sana-para-los-mexiquenses-alfredo-del-mazo\\\/\"]}]},{\"@type\":\"ImageObject\",\"inLanguage\":\"es\",\"@id\":\"https:\\\/\\\/expressometro.mx\\\/index.php\\\/2020\\\/07\\\/16\\\/con-la-entrega-de-canastas-alimentarias-apoyamos-a-la-economia-familiar-y-se-promueve-una-alimentacion-sana-para-los-mexiquenses-alfredo-del-mazo\\\/#primaryimage\",\"url\":\"https:\\\/\\\/expressometro.mx\\\/wp-content\\\/uploads\\\/2020\\\/07\\\/416BF791-1B7F-40E8-8DFE-0F299BE17723.jpeg\",\"contentUrl\":\"https:\\\/\\\/expressometro.mx\\\/wp-content\\\/uploads\\\/2020\\\/07\\\/416BF791-1B7F-40E8-8DFE-0F299BE17723.jpeg\",\"width\":1215,\"height\":1280},{\"@type\":\"BreadcrumbList\",\"@id\":\"https:\\\/\\\/expressometro.mx\\\/index.php\\\/2020\\\/07\\\/16\\\/con-la-entrega-de-canastas-alimentarias-apoyamos-a-la-economia-familiar-y-se-promueve-una-alimentacion-sana-para-los-mexiquenses-alfredo-del-mazo\\\/#breadcrumb\",\"itemListElement\":[{\"@type\":\"ListItem\",\"position\":1,\"name\":\"Inicio\",\"item\":\"https:\\\/\\\/expressometro.mx\\\/\"},{\"@type\":\"ListItem\",\"position\":2,\"name\":\"CON LA ENTREGA DE CANASTAS ALIMENTARIAS APOYAMOS A LA ECONOM\u00cdA FAMILIAR Y SE PROMUEVE UNA ALIMENTACI\u00d3N SANA PARA LOS MEXIQUENSES: ALFREDO DEL MAZO\"}]},{\"@type\":\"WebSite\",\"@id\":\"https:\\\/\\\/expressometro.mx\\\/#website\",\"url\":\"https:\\\/\\\/expressometro.mx\\\/\",\"name\":\"Expresso Metropolitano\",\"description\":\"Periodismo comprometido, informaci\u00f3n, investigaci\u00f3n y an\u00e1lisis\",\"publisher\":{\"@id\":\"https:\\\/\\\/expressometro.mx\\\/#organization\"},\"potentialAction\":[{\"@type\":\"SearchAction\",\"target\":{\"@type\":\"EntryPoint\",\"urlTemplate\":\"https:\\\/\\\/expressometro.mx\\\/?s={search_term_string}\"},\"query-input\":{\"@type\":\"PropertyValueSpecification\",\"valueRequired\":true,\"valueName\":\"search_term_string\"}}],\"inLanguage\":\"es\"},{\"@type\":\"Organization\",\"@id\":\"https:\\\/\\\/expressometro.mx\\\/#organization\",\"name\":\"Expresso Metropolitano\",\"url\":\"https:\\\/\\\/expressometro.mx\\\/\",\"logo\":{\"@type\":\"ImageObject\",\"inLanguage\":\"es\",\"@id\":\"https:\\\/\\\/expressometro.mx\\\/#\\\/schema\\\/logo\\\/image\\\/\",\"url\":\"https:\\\/\\\/expressometro.mx\\\/wp-content\\\/uploads\\\/2019\\\/07\\\/cropped-Logo-Expresso-Metropolitano-1-1.jpeg\",\"contentUrl\":\"https:\\\/\\\/expressometro.mx\\\/wp-content\\\/uploads\\\/2019\\\/07\\\/cropped-Logo-Expresso-Metropolitano-1-1.jpeg\",\"width\":290,\"height\":73,\"caption\":\"Expresso Metropolitano\"},\"image\":{\"@id\":\"https:\\\/\\\/expressometro.mx\\\/#\\\/schema\\\/logo\\\/image\\\/\"}},{\"@type\":\"Person\",\"@id\":\"https:\\\/\\\/expressometro.mx\\\/#\\\/schema\\\/person\\\/efa971b4a0664db8ed5c22b1b0dd2f5d\",\"name\":\"Expresso Metropolitano\",\"image\":{\"@type\":\"ImageObject\",\"inLanguage\":\"es\",\"@id\":\"https:\\\/\\\/secure.gravatar.com\\\/avatar\\\/a89f802b8de18c6952f223c88d3d106e9e3679839f4e25a02f4a6cc2ae6ba3b3?s=96&d=mm&r=g\",\"url\":\"https:\\\/\\\/secure.gravatar.com\\\/avatar\\\/a89f802b8de18c6952f223c88d3d106e9e3679839f4e25a02f4a6cc2ae6ba3b3?s=96&d=mm&r=g\",\"contentUrl\":\"https:\\\/\\\/secure.gravatar.com\\\/avatar\\\/a89f802b8de18c6952f223c88d3d106e9e3679839f4e25a02f4a6cc2ae6ba3b3?s=96&d=mm&r=g\",\"caption\":\"Expresso Metropolitano\"},\"url\":\"https:\\\/\\\/expressometro.mx\\\/index.php\\\/author\\\/diego\\\/\"}]}<\/script>\n<!-- \/ Yoast SEO plugin. -->","yoast_head_json":{"title":"CON LA ENTREGA DE CANASTAS ALIMENTARIAS APOYAMOS A LA ECONOM\u00cdA FAMILIAR Y SE PROMUEVE UNA ALIMENTACI\u00d3N SANA PARA LOS MEXIQUENSES: ALFREDO DEL MAZO - Expresso Metropolitano","robots":{"index":"index","follow":"follow","max-snippet":"max-snippet:-1","max-image-preview":"max-image-preview:large","max-video-preview":"max-video-preview:-1"},"canonical":"https:\/\/expressometro.mx\/index.php\/2020\/07\/16\/con-la-entrega-de-canastas-alimentarias-apoyamos-a-la-economia-familiar-y-se-promueve-una-alimentacion-sana-para-los-mexiquenses-alfredo-del-mazo\/","og_locale":"es_MX","og_type":"article","og_title":"CON LA ENTREGA DE CANASTAS ALIMENTARIAS APOYAMOS A LA ECONOM\u00cdA FAMILIAR Y SE PROMUEVE UNA ALIMENTACI\u00d3N SANA PARA LOS MEXIQUENSES: ALFREDO DEL MAZO - Expresso Metropolitano","og_description":"Como parte de las acciones que lleva a cabo la administraci\u00f3n estatal para apoyar a la econom\u00eda familiar, el Gobernador Alfredo Del Mazo Maza inform\u00f3 que se entregar\u00e1n m\u00e1s de 570 mil canastas alimentarias a familias de los 125 municipios de la entidad, con lo cual se promueve una sana alimentaci\u00f3n, as\u00ed como el generar ahorros en los hogares de los beneficiarios. \u201cHan sido meses muy dif\u00edciles para la econom\u00eda familiar y con este tipo de programas como estamos entregando el d\u00eda de hoy, de apoyo, de canastas alimentarias para&hellip;","og_url":"https:\/\/expressometro.mx\/index.php\/2020\/07\/16\/con-la-entrega-de-canastas-alimentarias-apoyamos-a-la-economia-familiar-y-se-promueve-una-alimentacion-sana-para-los-mexiquenses-alfredo-del-mazo\/","og_site_name":"Expresso Metropolitano","article_published_time":"2020-07-16T18:52:05+00:00","article_modified_time":"2020-07-16T18:52:06+00:00","og_image":[{"width":1215,"height":1280,"url":"https:\/\/expressometro.mx\/wp-content\/uploads\/2020\/07\/416BF791-1B7F-40E8-8DFE-0F299BE17723.jpeg","type":"image\/jpeg"}],"author":"Expresso Metropolitano","twitter_misc":{"Escrito por":"Expresso Metropolitano","Tiempo de lectura":"4 minutos"},"schema":{"@context":"https:\/\/schema.org","@graph":[{"@type":"Article","@id":"https:\/\/expressometro.mx\/index.php\/2020\/07\/16\/con-la-entrega-de-canastas-alimentarias-apoyamos-a-la-economia-familiar-y-se-promueve-una-alimentacion-sana-para-los-mexiquenses-alfredo-del-mazo\/#article","isPartOf":{"@id":"https:\/\/expressometro.mx\/index.php\/2020\/07\/16\/con-la-entrega-de-canastas-alimentarias-apoyamos-a-la-economia-familiar-y-se-promueve-una-alimentacion-sana-para-los-mexiquenses-alfredo-del-mazo\/"},"author":{"name":"Expresso Metropolitano","@id":"https:\/\/expressometro.mx\/#\/schema\/person\/efa971b4a0664db8ed5c22b1b0dd2f5d"},"headline":"CON LA ENTREGA DE CANASTAS ALIMENTARIAS APOYAMOS A LA ECONOM\u00cdA FAMILIAR Y SE PROMUEVE UNA ALIMENTACI\u00d3N SANA PARA LOS MEXIQUENSES: ALFREDO DEL MAZO","datePublished":"2020-07-16T18:52:05+00:00","dateModified":"2020-07-16T18:52:06+00:00","mainEntityOfPage":{"@id":"https:\/\/expressometro.mx\/index.php\/2020\/07\/16\/con-la-entrega-de-canastas-alimentarias-apoyamos-a-la-economia-familiar-y-se-promueve-una-alimentacion-sana-para-los-mexiquenses-alfredo-del-mazo\/"},"wordCount":776,"commentCount":0,"publisher":{"@id":"https:\/\/expressometro.mx\/#organization"},"image":{"@id":"https:\/\/expressometro.mx\/index.php\/2020\/07\/16\/con-la-entrega-de-canastas-alimentarias-apoyamos-a-la-economia-familiar-y-se-promueve-una-alimentacion-sana-para-los-mexiquenses-alfredo-del-mazo\/#primaryimage"},"thumbnailUrl":"https:\/\/expressometro.mx\/wp-content\/uploads\/2020\/07\/416BF791-1B7F-40E8-8DFE-0F299BE17723.jpeg","articleSection":["Otros"],"inLanguage":"es","potentialAction":[{"@type":"CommentAction","name":"Comment","target":["https:\/\/expressometro.mx\/index.php\/2020\/07\/16\/con-la-entrega-de-canastas-alimentarias-apoyamos-a-la-economia-familiar-y-se-promueve-una-alimentacion-sana-para-los-mexiquenses-alfredo-del-mazo\/#respond"]}]},{"@type":"WebPage","@id":"https:\/\/expressometro.mx\/index.php\/2020\/07\/16\/con-la-entrega-de-canastas-alimentarias-apoyamos-a-la-economia-familiar-y-se-promueve-una-alimentacion-sana-para-los-mexiquenses-alfredo-del-mazo\/","url":"https:\/\/expressometro.mx\/index.php\/2020\/07\/16\/con-la-entrega-de-canastas-alimentarias-apoyamos-a-la-economia-familiar-y-se-promueve-una-alimentacion-sana-para-los-mexiquenses-alfredo-del-mazo\/","name":"CON LA ENTREGA DE CANASTAS ALIMENTARIAS APOYAMOS A LA ECONOM\u00cdA FAMILIAR Y SE PROMUEVE UNA ALIMENTACI\u00d3N SANA PARA LOS MEXIQUENSES: ALFREDO DEL MAZO - Expresso Metropolitano","isPartOf":{"@id":"https:\/\/expressometro.mx\/#website"},"primaryImageOfPage":{"@id":"https:\/\/expressometro.mx\/index.php\/2020\/07\/16\/con-la-entrega-de-canastas-alimentarias-apoyamos-a-la-economia-familiar-y-se-promueve-una-alimentacion-sana-para-los-mexiquenses-alfredo-del-mazo\/#primaryimage"},"image":{"@id":"https:\/\/expressometro.mx\/index.php\/2020\/07\/16\/con-la-entrega-de-canastas-alimentarias-apoyamos-a-la-economia-familiar-y-se-promueve-una-alimentacion-sana-para-los-mexiquenses-alfredo-del-mazo\/#primaryimage"},"thumbnailUrl":"https:\/\/expressometro.mx\/wp-content\/uploads\/2020\/07\/416BF791-1B7F-40E8-8DFE-0F299BE17723.jpeg","datePublished":"2020-07-16T18:52:05+00:00","dateModified":"2020-07-16T18:52:06+00:00","breadcrumb":{"@id":"https:\/\/expressometro.mx\/index.php\/2020\/07\/16\/con-la-entrega-de-canastas-alimentarias-apoyamos-a-la-economia-familiar-y-se-promueve-una-alimentacion-sana-para-los-mexiquenses-alfredo-del-mazo\/#breadcrumb"},"inLanguage":"es","potentialAction":[{"@type":"ReadAction","target":["https:\/\/expressometro.mx\/index.php\/2020\/07\/16\/con-la-entrega-de-canastas-alimentarias-apoyamos-a-la-economia-familiar-y-se-promueve-una-alimentacion-sana-para-los-mexiquenses-alfredo-del-mazo\/"]}]},{"@type":"ImageObject","inLanguage":"es","@id":"https:\/\/expressometro.mx\/index.php\/2020\/07\/16\/con-la-entrega-de-canastas-alimentarias-apoyamos-a-la-economia-familiar-y-se-promueve-una-alimentacion-sana-para-los-mexiquenses-alfredo-del-mazo\/#primaryimage","url":"https:\/\/expressometro.mx\/wp-content\/uploads\/2020\/07\/416BF791-1B7F-40E8-8DFE-0F299BE17723.jpeg","contentUrl":"https:\/\/expressometro.mx\/wp-content\/uploads\/2020\/07\/416BF791-1B7F-40E8-8DFE-0F299BE17723.jpeg","width":1215,"height":1280},{"@type":"BreadcrumbList","@id":"https:\/\/expressometro.mx\/index.php\/2020\/07\/16\/con-la-entrega-de-canastas-alimentarias-apoyamos-a-la-economia-familiar-y-se-promueve-una-alimentacion-sana-para-los-mexiquenses-alfredo-del-mazo\/#breadcrumb","itemListElement":[{"@type":"ListItem","position":1,"name":"Inicio","item":"https:\/\/expressometro.mx\/"},{"@type":"ListItem","position":2,"name":"CON LA ENTREGA DE CANASTAS ALIMENTARIAS APOYAMOS A LA ECONOM\u00cdA FAMILIAR Y SE PROMUEVE UNA ALIMENTACI\u00d3N SANA PARA LOS MEXIQUENSES: ALFREDO DEL MAZO"}]},{"@type":"WebSite","@id":"https:\/\/expressometro.mx\/#website","url":"https:\/\/expressometro.mx\/","name":"Expresso Metropolitano","description":"Periodismo comprometido, informaci\u00f3n, investigaci\u00f3n y an\u00e1lisis","publisher":{"@id":"https:\/\/expressometro.mx\/#organization"},"potentialAction":[{"@type":"SearchAction","target":{"@type":"EntryPoint","urlTemplate":"https:\/\/expressometro.mx\/?s={search_term_string}"},"query-input":{"@type":"PropertyValueSpecification","valueRequired":true,"valueName":"search_term_string"}}],"inLanguage":"es"},{"@type":"Organization","@id":"https:\/\/expressometro.mx\/#organization","name":"Expresso Metropolitano","url":"https:\/\/expressometro.mx\/","logo":{"@type":"ImageObject","inLanguage":"es","@id":"https:\/\/expressometro.mx\/#\/schema\/logo\/image\/","url":"https:\/\/expressometro.mx\/wp-content\/uploads\/2019\/07\/cropped-Logo-Expresso-Metropolitano-1-1.jpeg","contentUrl":"https:\/\/expressometro.mx\/wp-content\/uploads\/2019\/07\/cropped-Logo-Expresso-Metropolitano-1-1.jpeg","width":290,"height":73,"caption":"Expresso Metropolitano"},"image":{"@id":"https:\/\/expressometro.mx\/#\/schema\/logo\/image\/"}},{"@type":"Person","@id":"https:\/\/expressometro.mx\/#\/schema\/person\/efa971b4a0664db8ed5c22b1b0dd2f5d","name":"Expresso Metropolitano","image":{"@type":"ImageObject","inLanguage":"es","@id":"https:\/\/secure.gravatar.com\/avatar\/a89f802b8de18c6952f223c88d3d106e9e3679839f4e25a02f4a6cc2ae6ba3b3?s=96&d=mm&r=g","url":"https:\/\/secure.gravatar.com\/avatar\/a89f802b8de18c6952f223c88d3d106e9e3679839f4e25a02f4a6cc2ae6ba3b3?s=96&d=mm&r=g","contentUrl":"https:\/\/secure.gravatar.com\/avatar\/a89f802b8de18c6952f223c88d3d106e9e3679839f4e25a02f4a6cc2ae6ba3b3?s=96&d=mm&r=g","caption":"Expresso Metropolitano"},"url":"https:\/\/expressometro.mx\/index.php\/author\/diego\/"}]}},"amp_enabled":true,"_links":{"self":[{"href":"https:\/\/expressometro.mx\/index.php\/wp-json\/wp\/v2\/posts\/1679","targetHints":{"allow":["GET"]}}],"collection":[{"href":"https:\/\/expressometro.mx\/index.php\/wp-json\/wp\/v2\/posts"}],"about":[{"href":"https:\/\/expressometro.mx\/index.php\/wp-json\/wp\/v2\/types\/post"}],"author":[{"embeddable":true,"href":"https:\/\/expressometro.mx\/index.php\/wp-json\/wp\/v2\/users\/1"}],"replies":[{"embeddable":true,"href":"https:\/\/expressometro.mx\/index.php\/wp-json\/wp\/v2\/comments?post=1679"}],"version-history":[{"count":1,"href":"https:\/\/expressometro.mx\/index.php\/wp-json\/wp\/v2\/posts\/1679\/revisions"}],"predecessor-version":[{"id":1682,"href":"https:\/\/expressometro.mx\/index.php\/wp-json\/wp\/v2\/posts\/1679\/revisions\/1682"}],"wp:featuredmedia":[{"embeddable":true,"href":"https:\/\/expressometro.mx\/index.php\/wp-json\/wp\/v2\/media\/1681"}],"wp:attachment":[{"href":"https:\/\/expressometro.mx\/index.php\/wp-json\/wp\/v2\/media?parent=1679"}],"wp:term":[{"taxonomy":"category","embeddable":true,"href":"https:\/\/expressometro.mx\/index.php\/wp-json\/wp\/v2\/categories?post=1679"},{"taxonomy":"post_tag","embeddable":true,"href":"https:\/\/expressometro.mx\/index.php\/wp-json\/wp\/v2\/tags?post=1679"}],"curies":[{"name":"wp","href":"https:\/\/api.w.org\/{rel}","templated":true}]}}