{"id":1676,"date":"2020-07-16T13:37:44","date_gmt":"2020-07-16T18:37:44","guid":{"rendered":"http:\/\/expressometro.mx\/?p=1676"},"modified":"2020-07-16T13:37:45","modified_gmt":"2020-07-16T18:37:45","slug":"obras-de-impulso-turistico-en-villa-del-carbon","status":"publish","type":"post","link":"https:\/\/expressometro.mx\/index.php\/2020\/07\/16\/obras-de-impulso-turistico-en-villa-del-carbon\/","title":{"rendered":"Obras de impulso tur\u00edstico en Villa del Carb\u00f3n"},"content":{"rendered":"\n<p>Con el fin de atender las necesidades de la poblaci\u00f3n y detonar los atractivos tur\u00edsticos, el presidente municipal de Villa del Carb\u00f3n, Gustavo Mancilla Rend\u00f3n, anunci\u00f3 que se tiene proyectado  la segunda etapa de remodelaci\u00f3n en la comunidad de San Luis Taxhimay.  <\/p>\n\n\n\n<p>Esto con el fin de promocionar y consolidar el  turismo en el<br>\nmunicipio una vez que termine la emergencia sanitaria.<\/p>\n\n\n\n<p>\u201cUna vez terminada esta obra y una vez restaurada esta obra, vamos a hacer una segunda etapa acerca de la iluminaci\u00f3n de este \u00edcono que va a dar todav\u00eda mayor proyecci\u00f3n a Villa del Carb\u00f3n\u201d<\/p>\n\n\n\n<p>A trav\u00e9s de un video, explic\u00f3 que esta obra est\u00e1 siendo dirigida por el ayuntamiento y&nbsp; trabajada en colaboraci\u00f3n por los vecinos de la comunidad que quieren que esta \u00e1rea florezca.<\/p>\n\n\n\n<p>\u201cEs importante mencionar que dos nuestros compa\u00f1eros que est\u00e1n aqu\u00ed trabajando, ninguno de ellos recibe un solo pago, son de forma voluntaria, ellos pertenecen a los comercios que estaban aqu\u00ed aleda\u00f1os a la presa de San Luis Taxhimay\u201d<\/p>\n\n\n\n<p>Jorge S\u00e1nchez Santiago es uno de los vecinos que trabaja en la torre de la comunidad y asegur\u00f3 que el proyecto es importante para elevar el esp\u00edritu de esta regi\u00f3n. \u201cCreemos que esta restauraci\u00f3n que se est\u00e1 haciendo aqu\u00ed de la Torre es muy importante porque nos identifica a toda la zona de San Luis Taxhimay y estamos muy agradecidos con que el presidente nos est\u00e9 apoyando\u201d<\/p>\n\n\n\n<p>Expres\u00f3 que se trata de un \u00edcono importante, hist\u00f3rico y cultural en el municipio que no quieren que sea perdido con el paso del tiempo. \u201cQueremos mantenerlo, queremos que siga aqu\u00ed muchos a\u00f1os m\u00e1s y estamos muy agradecidos\u201d.<\/p>\n","protected":false},"excerpt":{"rendered":"<p>Con el fin de atender las necesidades de la poblaci\u00f3n y detonar los atractivos tur\u00edsticos, el presidente municipal de Villa del Carb\u00f3n, Gustavo Mancilla Rend\u00f3n, anunci\u00f3 que se tiene proyectado la segunda etapa de remodelaci\u00f3n en la comunidad de San Luis Taxhimay. Esto con el fin de promocionar y consolidar el turismo en el municipio una vez que termine la emergencia sanitaria. \u201cUna vez terminada esta obra y una vez restaurada esta obra, vamos a hacer una segunda etapa acerca de la iluminaci\u00f3n de este \u00edcono que va a dar&hellip;<\/p>\n","protected":false},"author":1,"featured_media":1677,"comment_status":"open","ping_status":"open","sticky":false,"template":"","format":"standard","meta":{"footnotes":""},"categories":[1],"tags":[],"class_list":["post-1676","post","type-post","status-publish","format-standard","has-post-thumbnail","hentry","category-otros"],"yoast_head":"<!-- This site is optimized with the Yoast SEO plugin v27.4 - https:\/\/yoast.com\/product\/yoast-seo-wordpress\/ -->\n<title>Obras de impulso tur\u00edstico en Villa del Carb\u00f3n - Expresso Metropolitano<\/title>\n<meta name=\"robots\" content=\"index, follow, max-snippet:-1, max-image-preview:large, max-video-preview:-1\" \/>\n<link rel=\"canonical\" href=\"https:\/\/expressometro.mx\/index.php\/2020\/07\/16\/obras-de-impulso-turistico-en-villa-del-carbon\/\" \/>\n<meta property=\"og:locale\" content=\"es_MX\" \/>\n<meta property=\"og:type\" content=\"article\" \/>\n<meta property=\"og:title\" content=\"Obras de impulso tur\u00edstico en Villa del Carb\u00f3n - Expresso Metropolitano\" \/>\n<meta property=\"og:description\" content=\"Con el fin de atender las necesidades de la poblaci\u00f3n y detonar los atractivos tur\u00edsticos, el presidente municipal de Villa del Carb\u00f3n, Gustavo Mancilla Rend\u00f3n, anunci\u00f3 que se tiene proyectado la segunda etapa de remodelaci\u00f3n en la comunidad de San Luis Taxhimay. Esto con el fin de promocionar y consolidar el turismo en el municipio una vez que termine la emergencia sanitaria. \u201cUna vez terminada esta obra y una vez restaurada esta obra, vamos a hacer una segunda etapa acerca de la iluminaci\u00f3n de este \u00edcono que va a dar&hellip;\" \/>\n<meta property=\"og:url\" content=\"https:\/\/expressometro.mx\/index.php\/2020\/07\/16\/obras-de-impulso-turistico-en-villa-del-carbon\/\" \/>\n<meta property=\"og:site_name\" content=\"Expresso Metropolitano\" \/>\n<meta property=\"article:published_time\" content=\"2020-07-16T18:37:44+00:00\" \/>\n<meta property=\"article:modified_time\" content=\"2020-07-16T18:37:45+00:00\" \/>\n<meta property=\"og:image\" content=\"https:\/\/expressometro.mx\/wp-content\/uploads\/2020\/07\/2CCD97D0-B59B-4C40-92D1-6FF839E3ECE0.jpeg\" \/>\n\t<meta property=\"og:image:width\" content=\"513\" \/>\n\t<meta property=\"og:image:height\" content=\"598\" \/>\n\t<meta property=\"og:image:type\" content=\"image\/jpeg\" \/>\n<meta name=\"author\" content=\"Expresso Metropolitano\" \/>\n<meta name=\"twitter:label1\" content=\"Escrito por\" \/>\n\t<meta name=\"twitter:data1\" content=\"Expresso Metropolitano\" \/>\n\t<meta name=\"twitter:label2\" content=\"Tiempo de lectura\" \/>\n\t<meta name=\"twitter:data2\" content=\"1 minuto\" \/>\n<script type=\"application\/ld+json\" class=\"yoast-schema-graph\">{\"@context\":\"https:\\\/\\\/schema.org\",\"@graph\":[{\"@type\":\"Article\",\"@id\":\"https:\\\/\\\/expressometro.mx\\\/index.php\\\/2020\\\/07\\\/16\\\/obras-de-impulso-turistico-en-villa-del-carbon\\\/#article\",\"isPartOf\":{\"@id\":\"https:\\\/\\\/expressometro.mx\\\/index.php\\\/2020\\\/07\\\/16\\\/obras-de-impulso-turistico-en-villa-del-carbon\\\/\"},\"author\":{\"name\":\"Expresso Metropolitano\",\"@id\":\"https:\\\/\\\/expressometro.mx\\\/#\\\/schema\\\/person\\\/efa971b4a0664db8ed5c22b1b0dd2f5d\"},\"headline\":\"Obras de impulso tur\u00edstico en Villa del Carb\u00f3n\",\"datePublished\":\"2020-07-16T18:37:44+00:00\",\"dateModified\":\"2020-07-16T18:37:45+00:00\",\"mainEntityOfPage\":{\"@id\":\"https:\\\/\\\/expressometro.mx\\\/index.php\\\/2020\\\/07\\\/16\\\/obras-de-impulso-turistico-en-villa-del-carbon\\\/\"},\"wordCount\":303,\"commentCount\":0,\"publisher\":{\"@id\":\"https:\\\/\\\/expressometro.mx\\\/#organization\"},\"image\":{\"@id\":\"https:\\\/\\\/expressometro.mx\\\/index.php\\\/2020\\\/07\\\/16\\\/obras-de-impulso-turistico-en-villa-del-carbon\\\/#primaryimage\"},\"thumbnailUrl\":\"https:\\\/\\\/expressometro.mx\\\/wp-content\\\/uploads\\\/2020\\\/07\\\/2CCD97D0-B59B-4C40-92D1-6FF839E3ECE0.jpeg\",\"articleSection\":[\"Otros\"],\"inLanguage\":\"es\",\"potentialAction\":[{\"@type\":\"CommentAction\",\"name\":\"Comment\",\"target\":[\"https:\\\/\\\/expressometro.mx\\\/index.php\\\/2020\\\/07\\\/16\\\/obras-de-impulso-turistico-en-villa-del-carbon\\\/#respond\"]}]},{\"@type\":\"WebPage\",\"@id\":\"https:\\\/\\\/expressometro.mx\\\/index.php\\\/2020\\\/07\\\/16\\\/obras-de-impulso-turistico-en-villa-del-carbon\\\/\",\"url\":\"https:\\\/\\\/expressometro.mx\\\/index.php\\\/2020\\\/07\\\/16\\\/obras-de-impulso-turistico-en-villa-del-carbon\\\/\",\"name\":\"Obras de impulso tur\u00edstico en Villa del Carb\u00f3n - Expresso Metropolitano\",\"isPartOf\":{\"@id\":\"https:\\\/\\\/expressometro.mx\\\/#website\"},\"primaryImageOfPage\":{\"@id\":\"https:\\\/\\\/expressometro.mx\\\/index.php\\\/2020\\\/07\\\/16\\\/obras-de-impulso-turistico-en-villa-del-carbon\\\/#primaryimage\"},\"image\":{\"@id\":\"https:\\\/\\\/expressometro.mx\\\/index.php\\\/2020\\\/07\\\/16\\\/obras-de-impulso-turistico-en-villa-del-carbon\\\/#primaryimage\"},\"thumbnailUrl\":\"https:\\\/\\\/expressometro.mx\\\/wp-content\\\/uploads\\\/2020\\\/07\\\/2CCD97D0-B59B-4C40-92D1-6FF839E3ECE0.jpeg\",\"datePublished\":\"2020-07-16T18:37:44+00:00\",\"dateModified\":\"2020-07-16T18:37:45+00:00\",\"breadcrumb\":{\"@id\":\"https:\\\/\\\/expressometro.mx\\\/index.php\\\/2020\\\/07\\\/16\\\/obras-de-impulso-turistico-en-villa-del-carbon\\\/#breadcrumb\"},\"inLanguage\":\"es\",\"potentialAction\":[{\"@type\":\"ReadAction\",\"target\":[\"https:\\\/\\\/expressometro.mx\\\/index.php\\\/2020\\\/07\\\/16\\\/obras-de-impulso-turistico-en-villa-del-carbon\\\/\"]}]},{\"@type\":\"ImageObject\",\"inLanguage\":\"es\",\"@id\":\"https:\\\/\\\/expressometro.mx\\\/index.php\\\/2020\\\/07\\\/16\\\/obras-de-impulso-turistico-en-villa-del-carbon\\\/#primaryimage\",\"url\":\"https:\\\/\\\/expressometro.mx\\\/wp-content\\\/uploads\\\/2020\\\/07\\\/2CCD97D0-B59B-4C40-92D1-6FF839E3ECE0.jpeg\",\"contentUrl\":\"https:\\\/\\\/expressometro.mx\\\/wp-content\\\/uploads\\\/2020\\\/07\\\/2CCD97D0-B59B-4C40-92D1-6FF839E3ECE0.jpeg\",\"width\":513,\"height\":598},{\"@type\":\"BreadcrumbList\",\"@id\":\"https:\\\/\\\/expressometro.mx\\\/index.php\\\/2020\\\/07\\\/16\\\/obras-de-impulso-turistico-en-villa-del-carbon\\\/#breadcrumb\",\"itemListElement\":[{\"@type\":\"ListItem\",\"position\":1,\"name\":\"Inicio\",\"item\":\"https:\\\/\\\/expressometro.mx\\\/\"},{\"@type\":\"ListItem\",\"position\":2,\"name\":\"Obras de impulso tur\u00edstico en Villa del Carb\u00f3n\"}]},{\"@type\":\"WebSite\",\"@id\":\"https:\\\/\\\/expressometro.mx\\\/#website\",\"url\":\"https:\\\/\\\/expressometro.mx\\\/\",\"name\":\"Expresso Metropolitano\",\"description\":\"Periodismo comprometido, informaci\u00f3n, investigaci\u00f3n y an\u00e1lisis\",\"publisher\":{\"@id\":\"https:\\\/\\\/expressometro.mx\\\/#organization\"},\"potentialAction\":[{\"@type\":\"SearchAction\",\"target\":{\"@type\":\"EntryPoint\",\"urlTemplate\":\"https:\\\/\\\/expressometro.mx\\\/?s={search_term_string}\"},\"query-input\":{\"@type\":\"PropertyValueSpecification\",\"valueRequired\":true,\"valueName\":\"search_term_string\"}}],\"inLanguage\":\"es\"},{\"@type\":\"Organization\",\"@id\":\"https:\\\/\\\/expressometro.mx\\\/#organization\",\"name\":\"Expresso Metropolitano\",\"url\":\"https:\\\/\\\/expressometro.mx\\\/\",\"logo\":{\"@type\":\"ImageObject\",\"inLanguage\":\"es\",\"@id\":\"https:\\\/\\\/expressometro.mx\\\/#\\\/schema\\\/logo\\\/image\\\/\",\"url\":\"https:\\\/\\\/expressometro.mx\\\/wp-content\\\/uploads\\\/2019\\\/07\\\/cropped-Logo-Expresso-Metropolitano-1-1.jpeg\",\"contentUrl\":\"https:\\\/\\\/expressometro.mx\\\/wp-content\\\/uploads\\\/2019\\\/07\\\/cropped-Logo-Expresso-Metropolitano-1-1.jpeg\",\"width\":290,\"height\":73,\"caption\":\"Expresso Metropolitano\"},\"image\":{\"@id\":\"https:\\\/\\\/expressometro.mx\\\/#\\\/schema\\\/logo\\\/image\\\/\"}},{\"@type\":\"Person\",\"@id\":\"https:\\\/\\\/expressometro.mx\\\/#\\\/schema\\\/person\\\/efa971b4a0664db8ed5c22b1b0dd2f5d\",\"name\":\"Expresso Metropolitano\",\"image\":{\"@type\":\"ImageObject\",\"inLanguage\":\"es\",\"@id\":\"https:\\\/\\\/secure.gravatar.com\\\/avatar\\\/a89f802b8de18c6952f223c88d3d106e9e3679839f4e25a02f4a6cc2ae6ba3b3?s=96&d=mm&r=g\",\"url\":\"https:\\\/\\\/secure.gravatar.com\\\/avatar\\\/a89f802b8de18c6952f223c88d3d106e9e3679839f4e25a02f4a6cc2ae6ba3b3?s=96&d=mm&r=g\",\"contentUrl\":\"https:\\\/\\\/secure.gravatar.com\\\/avatar\\\/a89f802b8de18c6952f223c88d3d106e9e3679839f4e25a02f4a6cc2ae6ba3b3?s=96&d=mm&r=g\",\"caption\":\"Expresso Metropolitano\"},\"url\":\"https:\\\/\\\/expressometro.mx\\\/index.php\\\/author\\\/diego\\\/\"}]}<\/script>\n<!-- \/ Yoast SEO plugin. -->","yoast_head_json":{"title":"Obras de impulso tur\u00edstico en Villa del Carb\u00f3n - Expresso Metropolitano","robots":{"index":"index","follow":"follow","max-snippet":"max-snippet:-1","max-image-preview":"max-image-preview:large","max-video-preview":"max-video-preview:-1"},"canonical":"https:\/\/expressometro.mx\/index.php\/2020\/07\/16\/obras-de-impulso-turistico-en-villa-del-carbon\/","og_locale":"es_MX","og_type":"article","og_title":"Obras de impulso tur\u00edstico en Villa del Carb\u00f3n - Expresso Metropolitano","og_description":"Con el fin de atender las necesidades de la poblaci\u00f3n y detonar los atractivos tur\u00edsticos, el presidente municipal de Villa del Carb\u00f3n, Gustavo Mancilla Rend\u00f3n, anunci\u00f3 que se tiene proyectado la segunda etapa de remodelaci\u00f3n en la comunidad de San Luis Taxhimay. Esto con el fin de promocionar y consolidar el turismo en el municipio una vez que termine la emergencia sanitaria. \u201cUna vez terminada esta obra y una vez restaurada esta obra, vamos a hacer una segunda etapa acerca de la iluminaci\u00f3n de este \u00edcono que va a dar&hellip;","og_url":"https:\/\/expressometro.mx\/index.php\/2020\/07\/16\/obras-de-impulso-turistico-en-villa-del-carbon\/","og_site_name":"Expresso Metropolitano","article_published_time":"2020-07-16T18:37:44+00:00","article_modified_time":"2020-07-16T18:37:45+00:00","og_image":[{"width":513,"height":598,"url":"https:\/\/expressometro.mx\/wp-content\/uploads\/2020\/07\/2CCD97D0-B59B-4C40-92D1-6FF839E3ECE0.jpeg","type":"image\/jpeg"}],"author":"Expresso Metropolitano","twitter_misc":{"Escrito por":"Expresso Metropolitano","Tiempo de lectura":"1 minuto"},"schema":{"@context":"https:\/\/schema.org","@graph":[{"@type":"Article","@id":"https:\/\/expressometro.mx\/index.php\/2020\/07\/16\/obras-de-impulso-turistico-en-villa-del-carbon\/#article","isPartOf":{"@id":"https:\/\/expressometro.mx\/index.php\/2020\/07\/16\/obras-de-impulso-turistico-en-villa-del-carbon\/"},"author":{"name":"Expresso Metropolitano","@id":"https:\/\/expressometro.mx\/#\/schema\/person\/efa971b4a0664db8ed5c22b1b0dd2f5d"},"headline":"Obras de impulso tur\u00edstico en Villa del Carb\u00f3n","datePublished":"2020-07-16T18:37:44+00:00","dateModified":"2020-07-16T18:37:45+00:00","mainEntityOfPage":{"@id":"https:\/\/expressometro.mx\/index.php\/2020\/07\/16\/obras-de-impulso-turistico-en-villa-del-carbon\/"},"wordCount":303,"commentCount":0,"publisher":{"@id":"https:\/\/expressometro.mx\/#organization"},"image":{"@id":"https:\/\/expressometro.mx\/index.php\/2020\/07\/16\/obras-de-impulso-turistico-en-villa-del-carbon\/#primaryimage"},"thumbnailUrl":"https:\/\/expressometro.mx\/wp-content\/uploads\/2020\/07\/2CCD97D0-B59B-4C40-92D1-6FF839E3ECE0.jpeg","articleSection":["Otros"],"inLanguage":"es","potentialAction":[{"@type":"CommentAction","name":"Comment","target":["https:\/\/expressometro.mx\/index.php\/2020\/07\/16\/obras-de-impulso-turistico-en-villa-del-carbon\/#respond"]}]},{"@type":"WebPage","@id":"https:\/\/expressometro.mx\/index.php\/2020\/07\/16\/obras-de-impulso-turistico-en-villa-del-carbon\/","url":"https:\/\/expressometro.mx\/index.php\/2020\/07\/16\/obras-de-impulso-turistico-en-villa-del-carbon\/","name":"Obras de impulso tur\u00edstico en Villa del Carb\u00f3n - Expresso Metropolitano","isPartOf":{"@id":"https:\/\/expressometro.mx\/#website"},"primaryImageOfPage":{"@id":"https:\/\/expressometro.mx\/index.php\/2020\/07\/16\/obras-de-impulso-turistico-en-villa-del-carbon\/#primaryimage"},"image":{"@id":"https:\/\/expressometro.mx\/index.php\/2020\/07\/16\/obras-de-impulso-turistico-en-villa-del-carbon\/#primaryimage"},"thumbnailUrl":"https:\/\/expressometro.mx\/wp-content\/uploads\/2020\/07\/2CCD97D0-B59B-4C40-92D1-6FF839E3ECE0.jpeg","datePublished":"2020-07-16T18:37:44+00:00","dateModified":"2020-07-16T18:37:45+00:00","breadcrumb":{"@id":"https:\/\/expressometro.mx\/index.php\/2020\/07\/16\/obras-de-impulso-turistico-en-villa-del-carbon\/#breadcrumb"},"inLanguage":"es","potentialAction":[{"@type":"ReadAction","target":["https:\/\/expressometro.mx\/index.php\/2020\/07\/16\/obras-de-impulso-turistico-en-villa-del-carbon\/"]}]},{"@type":"ImageObject","inLanguage":"es","@id":"https:\/\/expressometro.mx\/index.php\/2020\/07\/16\/obras-de-impulso-turistico-en-villa-del-carbon\/#primaryimage","url":"https:\/\/expressometro.mx\/wp-content\/uploads\/2020\/07\/2CCD97D0-B59B-4C40-92D1-6FF839E3ECE0.jpeg","contentUrl":"https:\/\/expressometro.mx\/wp-content\/uploads\/2020\/07\/2CCD97D0-B59B-4C40-92D1-6FF839E3ECE0.jpeg","width":513,"height":598},{"@type":"BreadcrumbList","@id":"https:\/\/expressometro.mx\/index.php\/2020\/07\/16\/obras-de-impulso-turistico-en-villa-del-carbon\/#breadcrumb","itemListElement":[{"@type":"ListItem","position":1,"name":"Inicio","item":"https:\/\/expressometro.mx\/"},{"@type":"ListItem","position":2,"name":"Obras de impulso tur\u00edstico en Villa del Carb\u00f3n"}]},{"@type":"WebSite","@id":"https:\/\/expressometro.mx\/#website","url":"https:\/\/expressometro.mx\/","name":"Expresso Metropolitano","description":"Periodismo comprometido, informaci\u00f3n, investigaci\u00f3n y an\u00e1lisis","publisher":{"@id":"https:\/\/expressometro.mx\/#organization"},"potentialAction":[{"@type":"SearchAction","target":{"@type":"EntryPoint","urlTemplate":"https:\/\/expressometro.mx\/?s={search_term_string}"},"query-input":{"@type":"PropertyValueSpecification","valueRequired":true,"valueName":"search_term_string"}}],"inLanguage":"es"},{"@type":"Organization","@id":"https:\/\/expressometro.mx\/#organization","name":"Expresso Metropolitano","url":"https:\/\/expressometro.mx\/","logo":{"@type":"ImageObject","inLanguage":"es","@id":"https:\/\/expressometro.mx\/#\/schema\/logo\/image\/","url":"https:\/\/expressometro.mx\/wp-content\/uploads\/2019\/07\/cropped-Logo-Expresso-Metropolitano-1-1.jpeg","contentUrl":"https:\/\/expressometro.mx\/wp-content\/uploads\/2019\/07\/cropped-Logo-Expresso-Metropolitano-1-1.jpeg","width":290,"height":73,"caption":"Expresso Metropolitano"},"image":{"@id":"https:\/\/expressometro.mx\/#\/schema\/logo\/image\/"}},{"@type":"Person","@id":"https:\/\/expressometro.mx\/#\/schema\/person\/efa971b4a0664db8ed5c22b1b0dd2f5d","name":"Expresso Metropolitano","image":{"@type":"ImageObject","inLanguage":"es","@id":"https:\/\/secure.gravatar.com\/avatar\/a89f802b8de18c6952f223c88d3d106e9e3679839f4e25a02f4a6cc2ae6ba3b3?s=96&d=mm&r=g","url":"https:\/\/secure.gravatar.com\/avatar\/a89f802b8de18c6952f223c88d3d106e9e3679839f4e25a02f4a6cc2ae6ba3b3?s=96&d=mm&r=g","contentUrl":"https:\/\/secure.gravatar.com\/avatar\/a89f802b8de18c6952f223c88d3d106e9e3679839f4e25a02f4a6cc2ae6ba3b3?s=96&d=mm&r=g","caption":"Expresso Metropolitano"},"url":"https:\/\/expressometro.mx\/index.php\/author\/diego\/"}]}},"amp_enabled":true,"_links":{"self":[{"href":"https:\/\/expressometro.mx\/index.php\/wp-json\/wp\/v2\/posts\/1676","targetHints":{"allow":["GET"]}}],"collection":[{"href":"https:\/\/expressometro.mx\/index.php\/wp-json\/wp\/v2\/posts"}],"about":[{"href":"https:\/\/expressometro.mx\/index.php\/wp-json\/wp\/v2\/types\/post"}],"author":[{"embeddable":true,"href":"https:\/\/expressometro.mx\/index.php\/wp-json\/wp\/v2\/users\/1"}],"replies":[{"embeddable":true,"href":"https:\/\/expressometro.mx\/index.php\/wp-json\/wp\/v2\/comments?post=1676"}],"version-history":[{"count":1,"href":"https:\/\/expressometro.mx\/index.php\/wp-json\/wp\/v2\/posts\/1676\/revisions"}],"predecessor-version":[{"id":1678,"href":"https:\/\/expressometro.mx\/index.php\/wp-json\/wp\/v2\/posts\/1676\/revisions\/1678"}],"wp:featuredmedia":[{"embeddable":true,"href":"https:\/\/expressometro.mx\/index.php\/wp-json\/wp\/v2\/media\/1677"}],"wp:attachment":[{"href":"https:\/\/expressometro.mx\/index.php\/wp-json\/wp\/v2\/media?parent=1676"}],"wp:term":[{"taxonomy":"category","embeddable":true,"href":"https:\/\/expressometro.mx\/index.php\/wp-json\/wp\/v2\/categories?post=1676"},{"taxonomy":"post_tag","embeddable":true,"href":"https:\/\/expressometro.mx\/index.php\/wp-json\/wp\/v2\/tags?post=1676"}],"curies":[{"name":"wp","href":"https:\/\/api.w.org\/{rel}","templated":true}]}}