{"id":1665,"date":"2020-07-13T11:18:35","date_gmt":"2020-07-13T16:18:35","guid":{"rendered":"http:\/\/expressometro.mx\/?p=1665"},"modified":"2020-07-13T11:18:37","modified_gmt":"2020-07-13T16:18:37","slug":"fomentan-la-lectura-con-texto-diseno-y-vida-en-el-arte-popular-ceramica-y-textiles-mexiquenses","status":"publish","type":"post","link":"https:\/\/expressometro.mx\/index.php\/2020\/07\/13\/fomentan-la-lectura-con-texto-diseno-y-vida-en-el-arte-popular-ceramica-y-textiles-mexiquenses\/","title":{"rendered":"FOMENTAN LA LECTURA CON TEXTO \u201cDISE\u00d1O Y VIDA EN EL ARTE POPULAR. CER\u00c1MICA Y TEXTILES MEXIQUENSES\u201d"},"content":{"rendered":"\n<p>Como fomento a la lectura, la Secretar\u00eda de Cultura y Deporte recomienda \u201cDise\u00f1o y vida en el arte popular. Cer\u00e1mica y textiles mexiquenses\u201d, libro que otorga una aventura amena, interesante y colorida, a trav\u00e9s de las tradiciones y el arte en cer\u00e1mica y textil. <\/p>\n\n\n\n<p>Editado por el Fondo Editorial del Estado de M\u00e9xico (FOEM), el texto invita a las y los lectores a conocer un importante trabajo de investigaci\u00f3n y an\u00e1lisis del dise\u00f1o e iconograf\u00eda de nuestras artesan\u00edas, desde la \u00e9poca prehisp\u00e1nica hasta la actualidad.<\/p>\n\n\n\n<p>Adem\u00e1s, recoge el testimonio de algunos de sus creadores y habla de su relevante papel en el resguardo de nuestras tradiciones.<\/p>\n\n\n\n<p>Esta edici\u00f3n se realiz\u00f3 en honor a esa trascendente labor, bajo el convencimiento de que las artesan\u00edas ofrecen el rostro del Estado de M\u00e9xico, rostro con el que los mexiquenses se reconocen y \u00e9se es, sin duda, el extraordinario valor que atesoran nuestros artesanos.<\/p>\n\n\n\n<p>La obra, perteneciente a la Colecci\u00f3n Mayor del FOEM, presenta uno de los an\u00e1lisis m\u00e1s complejos, ricos y diversos de su especialidad, y se estructura bajo los cap\u00edtulos Arte popular, dise\u00f1o e iconograf\u00eda; Cer\u00e1mica, obra y vida; Textiles, obra y vida, as\u00ed como Iconograf\u00eda prehisp\u00e1nica en cer\u00e1mica y textiles mexiquenses.<\/p>\n\n\n\n<p>El contenido de cada cap\u00edtulo abunda en los aspectos relevantes que el equipo de trabajo considera importante dejar plasmados en un documento anal\u00edtico y did\u00e1ctico.<\/p>\n\n\n\n<p>Se menciona que el contexto de las tradiciones y el arte representa un s\u00edmbolo que refleja la sensibilidad y la creatividad, y que al hablar de \u201carte popular\u201d se hace referencia a objetos utilitarios, bellos y \u00fanicos que son obras de la cultura de una comunidad.<\/p>\n\n\n\n<p>M\u00e9xico es considerado como el primer pa\u00eds artesanal de Am\u00e9rica, en \u00e9l se puede conocer y apreciar hoy en d\u00eda las viejas artesan\u00edas del nuevo mundo en una gran variedad de formas, dise\u00f1os, t\u00e9cnicas y usos que hablan del enorme potencial creativo de sus artesanos, ejemplos de los cuales se presentan en esta obra.<\/p>\n\n\n\n<p>Este trabajo de investigaci\u00f3n, realizado por el grupo multidisciplinario coordinado por Bertha Teresa Abraham Jalil, demuestra la capacidad para descubrir y encontrar aquello que el com\u00fan de las personas no ve, y entre sus m\u00faltiples virtudes est\u00e1 la de ayudar a afinar el sentido de la observaci\u00f3n y a descubrir una serie de contenidos distintos que enriquecen y orientan esta actividad artesanal.<\/p>\n\n\n\n<p>La Secretar\u00eda de Cultura y Deporte invita a descargar esta obra en la biblioteca digital del FOEM, en el sitio web https:\/\/ceape.edomex.gob.mx\/content\/dise%C3%B1o-y-vida-en-el-arte-popular-cer%C3%A1mica-y-textiles-mexiquenses-1.<\/p>\n","protected":false},"excerpt":{"rendered":"<p>Como fomento a la lectura, la Secretar\u00eda de Cultura y Deporte recomienda \u201cDise\u00f1o y vida en el arte popular. Cer\u00e1mica y textiles mexiquenses\u201d, libro que otorga una aventura amena, interesante y colorida, a trav\u00e9s de las tradiciones y el arte en cer\u00e1mica y textil. Editado por el Fondo Editorial del Estado de M\u00e9xico (FOEM), el texto invita a las y los lectores a conocer un importante trabajo de investigaci\u00f3n y an\u00e1lisis del dise\u00f1o e iconograf\u00eda de nuestras artesan\u00edas, desde la \u00e9poca prehisp\u00e1nica hasta la actualidad. Adem\u00e1s, recoge el testimonio de&hellip;<\/p>\n","protected":false},"author":1,"featured_media":1666,"comment_status":"open","ping_status":"open","sticky":false,"template":"","format":"standard","meta":{"footnotes":""},"categories":[1],"tags":[],"class_list":["post-1665","post","type-post","status-publish","format-standard","has-post-thumbnail","hentry","category-otros"],"yoast_head":"<!-- This site is optimized with the Yoast SEO plugin v27.4 - https:\/\/yoast.com\/product\/yoast-seo-wordpress\/ -->\n<title>FOMENTAN LA LECTURA CON TEXTO \u201cDISE\u00d1O Y VIDA EN EL ARTE POPULAR. CER\u00c1MICA Y TEXTILES MEXIQUENSES\u201d - Expresso Metropolitano<\/title>\n<meta name=\"robots\" content=\"index, follow, max-snippet:-1, max-image-preview:large, max-video-preview:-1\" \/>\n<link rel=\"canonical\" href=\"https:\/\/expressometro.mx\/index.php\/2020\/07\/13\/fomentan-la-lectura-con-texto-diseno-y-vida-en-el-arte-popular-ceramica-y-textiles-mexiquenses\/\" \/>\n<meta property=\"og:locale\" content=\"es_MX\" \/>\n<meta property=\"og:type\" content=\"article\" \/>\n<meta property=\"og:title\" content=\"FOMENTAN LA LECTURA CON TEXTO \u201cDISE\u00d1O Y VIDA EN EL ARTE POPULAR. CER\u00c1MICA Y TEXTILES MEXIQUENSES\u201d - Expresso Metropolitano\" \/>\n<meta property=\"og:description\" content=\"Como fomento a la lectura, la Secretar\u00eda de Cultura y Deporte recomienda \u201cDise\u00f1o y vida en el arte popular. Cer\u00e1mica y textiles mexiquenses\u201d, libro que otorga una aventura amena, interesante y colorida, a trav\u00e9s de las tradiciones y el arte en cer\u00e1mica y textil. Editado por el Fondo Editorial del Estado de M\u00e9xico (FOEM), el texto invita a las y los lectores a conocer un importante trabajo de investigaci\u00f3n y an\u00e1lisis del dise\u00f1o e iconograf\u00eda de nuestras artesan\u00edas, desde la \u00e9poca prehisp\u00e1nica hasta la actualidad. Adem\u00e1s, recoge el testimonio de&hellip;\" \/>\n<meta property=\"og:url\" content=\"https:\/\/expressometro.mx\/index.php\/2020\/07\/13\/fomentan-la-lectura-con-texto-diseno-y-vida-en-el-arte-popular-ceramica-y-textiles-mexiquenses\/\" \/>\n<meta property=\"og:site_name\" content=\"Expresso Metropolitano\" \/>\n<meta property=\"article:published_time\" content=\"2020-07-13T16:18:35+00:00\" \/>\n<meta property=\"article:modified_time\" content=\"2020-07-13T16:18:37+00:00\" \/>\n<meta property=\"og:image\" content=\"https:\/\/expressometro.mx\/wp-content\/uploads\/2020\/07\/BA6A8210-B8C6-434D-881E-5572E3FFD98B.jpeg\" \/>\n\t<meta property=\"og:image:width\" content=\"942\" \/>\n\t<meta property=\"og:image:height\" content=\"1280\" \/>\n\t<meta property=\"og:image:type\" content=\"image\/jpeg\" \/>\n<meta name=\"author\" content=\"Expresso Metropolitano\" \/>\n<meta name=\"twitter:label1\" content=\"Escrito por\" \/>\n\t<meta name=\"twitter:data1\" content=\"Expresso Metropolitano\" \/>\n\t<meta name=\"twitter:label2\" content=\"Tiempo de lectura\" \/>\n\t<meta name=\"twitter:data2\" content=\"2 minutos\" \/>\n<script type=\"application\/ld+json\" class=\"yoast-schema-graph\">{\"@context\":\"https:\\\/\\\/schema.org\",\"@graph\":[{\"@type\":\"Article\",\"@id\":\"https:\\\/\\\/expressometro.mx\\\/index.php\\\/2020\\\/07\\\/13\\\/fomentan-la-lectura-con-texto-diseno-y-vida-en-el-arte-popular-ceramica-y-textiles-mexiquenses\\\/#article\",\"isPartOf\":{\"@id\":\"https:\\\/\\\/expressometro.mx\\\/index.php\\\/2020\\\/07\\\/13\\\/fomentan-la-lectura-con-texto-diseno-y-vida-en-el-arte-popular-ceramica-y-textiles-mexiquenses\\\/\"},\"author\":{\"name\":\"Expresso Metropolitano\",\"@id\":\"https:\\\/\\\/expressometro.mx\\\/#\\\/schema\\\/person\\\/efa971b4a0664db8ed5c22b1b0dd2f5d\"},\"headline\":\"FOMENTAN LA LECTURA CON TEXTO \u201cDISE\u00d1O Y VIDA EN EL ARTE POPULAR. CER\u00c1MICA Y TEXTILES MEXIQUENSES\u201d\",\"datePublished\":\"2020-07-13T16:18:35+00:00\",\"dateModified\":\"2020-07-13T16:18:37+00:00\",\"mainEntityOfPage\":{\"@id\":\"https:\\\/\\\/expressometro.mx\\\/index.php\\\/2020\\\/07\\\/13\\\/fomentan-la-lectura-con-texto-diseno-y-vida-en-el-arte-popular-ceramica-y-textiles-mexiquenses\\\/\"},\"wordCount\":481,\"commentCount\":0,\"publisher\":{\"@id\":\"https:\\\/\\\/expressometro.mx\\\/#organization\"},\"image\":{\"@id\":\"https:\\\/\\\/expressometro.mx\\\/index.php\\\/2020\\\/07\\\/13\\\/fomentan-la-lectura-con-texto-diseno-y-vida-en-el-arte-popular-ceramica-y-textiles-mexiquenses\\\/#primaryimage\"},\"thumbnailUrl\":\"https:\\\/\\\/expressometro.mx\\\/wp-content\\\/uploads\\\/2020\\\/07\\\/BA6A8210-B8C6-434D-881E-5572E3FFD98B.jpeg\",\"articleSection\":[\"Otros\"],\"inLanguage\":\"es\",\"potentialAction\":[{\"@type\":\"CommentAction\",\"name\":\"Comment\",\"target\":[\"https:\\\/\\\/expressometro.mx\\\/index.php\\\/2020\\\/07\\\/13\\\/fomentan-la-lectura-con-texto-diseno-y-vida-en-el-arte-popular-ceramica-y-textiles-mexiquenses\\\/#respond\"]}]},{\"@type\":\"WebPage\",\"@id\":\"https:\\\/\\\/expressometro.mx\\\/index.php\\\/2020\\\/07\\\/13\\\/fomentan-la-lectura-con-texto-diseno-y-vida-en-el-arte-popular-ceramica-y-textiles-mexiquenses\\\/\",\"url\":\"https:\\\/\\\/expressometro.mx\\\/index.php\\\/2020\\\/07\\\/13\\\/fomentan-la-lectura-con-texto-diseno-y-vida-en-el-arte-popular-ceramica-y-textiles-mexiquenses\\\/\",\"name\":\"FOMENTAN LA LECTURA CON TEXTO \u201cDISE\u00d1O Y VIDA EN EL ARTE POPULAR. CER\u00c1MICA Y TEXTILES MEXIQUENSES\u201d - Expresso Metropolitano\",\"isPartOf\":{\"@id\":\"https:\\\/\\\/expressometro.mx\\\/#website\"},\"primaryImageOfPage\":{\"@id\":\"https:\\\/\\\/expressometro.mx\\\/index.php\\\/2020\\\/07\\\/13\\\/fomentan-la-lectura-con-texto-diseno-y-vida-en-el-arte-popular-ceramica-y-textiles-mexiquenses\\\/#primaryimage\"},\"image\":{\"@id\":\"https:\\\/\\\/expressometro.mx\\\/index.php\\\/2020\\\/07\\\/13\\\/fomentan-la-lectura-con-texto-diseno-y-vida-en-el-arte-popular-ceramica-y-textiles-mexiquenses\\\/#primaryimage\"},\"thumbnailUrl\":\"https:\\\/\\\/expressometro.mx\\\/wp-content\\\/uploads\\\/2020\\\/07\\\/BA6A8210-B8C6-434D-881E-5572E3FFD98B.jpeg\",\"datePublished\":\"2020-07-13T16:18:35+00:00\",\"dateModified\":\"2020-07-13T16:18:37+00:00\",\"breadcrumb\":{\"@id\":\"https:\\\/\\\/expressometro.mx\\\/index.php\\\/2020\\\/07\\\/13\\\/fomentan-la-lectura-con-texto-diseno-y-vida-en-el-arte-popular-ceramica-y-textiles-mexiquenses\\\/#breadcrumb\"},\"inLanguage\":\"es\",\"potentialAction\":[{\"@type\":\"ReadAction\",\"target\":[\"https:\\\/\\\/expressometro.mx\\\/index.php\\\/2020\\\/07\\\/13\\\/fomentan-la-lectura-con-texto-diseno-y-vida-en-el-arte-popular-ceramica-y-textiles-mexiquenses\\\/\"]}]},{\"@type\":\"ImageObject\",\"inLanguage\":\"es\",\"@id\":\"https:\\\/\\\/expressometro.mx\\\/index.php\\\/2020\\\/07\\\/13\\\/fomentan-la-lectura-con-texto-diseno-y-vida-en-el-arte-popular-ceramica-y-textiles-mexiquenses\\\/#primaryimage\",\"url\":\"https:\\\/\\\/expressometro.mx\\\/wp-content\\\/uploads\\\/2020\\\/07\\\/BA6A8210-B8C6-434D-881E-5572E3FFD98B.jpeg\",\"contentUrl\":\"https:\\\/\\\/expressometro.mx\\\/wp-content\\\/uploads\\\/2020\\\/07\\\/BA6A8210-B8C6-434D-881E-5572E3FFD98B.jpeg\",\"width\":942,\"height\":1280},{\"@type\":\"BreadcrumbList\",\"@id\":\"https:\\\/\\\/expressometro.mx\\\/index.php\\\/2020\\\/07\\\/13\\\/fomentan-la-lectura-con-texto-diseno-y-vida-en-el-arte-popular-ceramica-y-textiles-mexiquenses\\\/#breadcrumb\",\"itemListElement\":[{\"@type\":\"ListItem\",\"position\":1,\"name\":\"Inicio\",\"item\":\"https:\\\/\\\/expressometro.mx\\\/\"},{\"@type\":\"ListItem\",\"position\":2,\"name\":\"FOMENTAN LA LECTURA CON TEXTO \u201cDISE\u00d1O Y VIDA EN EL ARTE POPULAR. CER\u00c1MICA Y TEXTILES MEXIQUENSES\u201d\"}]},{\"@type\":\"WebSite\",\"@id\":\"https:\\\/\\\/expressometro.mx\\\/#website\",\"url\":\"https:\\\/\\\/expressometro.mx\\\/\",\"name\":\"Expresso Metropolitano\",\"description\":\"Periodismo comprometido, informaci\u00f3n, investigaci\u00f3n y an\u00e1lisis\",\"publisher\":{\"@id\":\"https:\\\/\\\/expressometro.mx\\\/#organization\"},\"potentialAction\":[{\"@type\":\"SearchAction\",\"target\":{\"@type\":\"EntryPoint\",\"urlTemplate\":\"https:\\\/\\\/expressometro.mx\\\/?s={search_term_string}\"},\"query-input\":{\"@type\":\"PropertyValueSpecification\",\"valueRequired\":true,\"valueName\":\"search_term_string\"}}],\"inLanguage\":\"es\"},{\"@type\":\"Organization\",\"@id\":\"https:\\\/\\\/expressometro.mx\\\/#organization\",\"name\":\"Expresso Metropolitano\",\"url\":\"https:\\\/\\\/expressometro.mx\\\/\",\"logo\":{\"@type\":\"ImageObject\",\"inLanguage\":\"es\",\"@id\":\"https:\\\/\\\/expressometro.mx\\\/#\\\/schema\\\/logo\\\/image\\\/\",\"url\":\"https:\\\/\\\/expressometro.mx\\\/wp-content\\\/uploads\\\/2019\\\/07\\\/cropped-Logo-Expresso-Metropolitano-1-1.jpeg\",\"contentUrl\":\"https:\\\/\\\/expressometro.mx\\\/wp-content\\\/uploads\\\/2019\\\/07\\\/cropped-Logo-Expresso-Metropolitano-1-1.jpeg\",\"width\":290,\"height\":73,\"caption\":\"Expresso Metropolitano\"},\"image\":{\"@id\":\"https:\\\/\\\/expressometro.mx\\\/#\\\/schema\\\/logo\\\/image\\\/\"}},{\"@type\":\"Person\",\"@id\":\"https:\\\/\\\/expressometro.mx\\\/#\\\/schema\\\/person\\\/efa971b4a0664db8ed5c22b1b0dd2f5d\",\"name\":\"Expresso Metropolitano\",\"image\":{\"@type\":\"ImageObject\",\"inLanguage\":\"es\",\"@id\":\"https:\\\/\\\/secure.gravatar.com\\\/avatar\\\/a89f802b8de18c6952f223c88d3d106e9e3679839f4e25a02f4a6cc2ae6ba3b3?s=96&d=mm&r=g\",\"url\":\"https:\\\/\\\/secure.gravatar.com\\\/avatar\\\/a89f802b8de18c6952f223c88d3d106e9e3679839f4e25a02f4a6cc2ae6ba3b3?s=96&d=mm&r=g\",\"contentUrl\":\"https:\\\/\\\/secure.gravatar.com\\\/avatar\\\/a89f802b8de18c6952f223c88d3d106e9e3679839f4e25a02f4a6cc2ae6ba3b3?s=96&d=mm&r=g\",\"caption\":\"Expresso Metropolitano\"},\"url\":\"https:\\\/\\\/expressometro.mx\\\/index.php\\\/author\\\/diego\\\/\"}]}<\/script>\n<!-- \/ Yoast SEO plugin. -->","yoast_head_json":{"title":"FOMENTAN LA LECTURA CON TEXTO \u201cDISE\u00d1O Y VIDA EN EL ARTE POPULAR. CER\u00c1MICA Y TEXTILES MEXIQUENSES\u201d - Expresso Metropolitano","robots":{"index":"index","follow":"follow","max-snippet":"max-snippet:-1","max-image-preview":"max-image-preview:large","max-video-preview":"max-video-preview:-1"},"canonical":"https:\/\/expressometro.mx\/index.php\/2020\/07\/13\/fomentan-la-lectura-con-texto-diseno-y-vida-en-el-arte-popular-ceramica-y-textiles-mexiquenses\/","og_locale":"es_MX","og_type":"article","og_title":"FOMENTAN LA LECTURA CON TEXTO \u201cDISE\u00d1O Y VIDA EN EL ARTE POPULAR. CER\u00c1MICA Y TEXTILES MEXIQUENSES\u201d - Expresso Metropolitano","og_description":"Como fomento a la lectura, la Secretar\u00eda de Cultura y Deporte recomienda \u201cDise\u00f1o y vida en el arte popular. Cer\u00e1mica y textiles mexiquenses\u201d, libro que otorga una aventura amena, interesante y colorida, a trav\u00e9s de las tradiciones y el arte en cer\u00e1mica y textil. Editado por el Fondo Editorial del Estado de M\u00e9xico (FOEM), el texto invita a las y los lectores a conocer un importante trabajo de investigaci\u00f3n y an\u00e1lisis del dise\u00f1o e iconograf\u00eda de nuestras artesan\u00edas, desde la \u00e9poca prehisp\u00e1nica hasta la actualidad. Adem\u00e1s, recoge el testimonio de&hellip;","og_url":"https:\/\/expressometro.mx\/index.php\/2020\/07\/13\/fomentan-la-lectura-con-texto-diseno-y-vida-en-el-arte-popular-ceramica-y-textiles-mexiquenses\/","og_site_name":"Expresso Metropolitano","article_published_time":"2020-07-13T16:18:35+00:00","article_modified_time":"2020-07-13T16:18:37+00:00","og_image":[{"width":942,"height":1280,"url":"https:\/\/expressometro.mx\/wp-content\/uploads\/2020\/07\/BA6A8210-B8C6-434D-881E-5572E3FFD98B.jpeg","type":"image\/jpeg"}],"author":"Expresso Metropolitano","twitter_misc":{"Escrito por":"Expresso Metropolitano","Tiempo de lectura":"2 minutos"},"schema":{"@context":"https:\/\/schema.org","@graph":[{"@type":"Article","@id":"https:\/\/expressometro.mx\/index.php\/2020\/07\/13\/fomentan-la-lectura-con-texto-diseno-y-vida-en-el-arte-popular-ceramica-y-textiles-mexiquenses\/#article","isPartOf":{"@id":"https:\/\/expressometro.mx\/index.php\/2020\/07\/13\/fomentan-la-lectura-con-texto-diseno-y-vida-en-el-arte-popular-ceramica-y-textiles-mexiquenses\/"},"author":{"name":"Expresso Metropolitano","@id":"https:\/\/expressometro.mx\/#\/schema\/person\/efa971b4a0664db8ed5c22b1b0dd2f5d"},"headline":"FOMENTAN LA LECTURA CON TEXTO \u201cDISE\u00d1O Y VIDA EN EL ARTE POPULAR. CER\u00c1MICA Y TEXTILES MEXIQUENSES\u201d","datePublished":"2020-07-13T16:18:35+00:00","dateModified":"2020-07-13T16:18:37+00:00","mainEntityOfPage":{"@id":"https:\/\/expressometro.mx\/index.php\/2020\/07\/13\/fomentan-la-lectura-con-texto-diseno-y-vida-en-el-arte-popular-ceramica-y-textiles-mexiquenses\/"},"wordCount":481,"commentCount":0,"publisher":{"@id":"https:\/\/expressometro.mx\/#organization"},"image":{"@id":"https:\/\/expressometro.mx\/index.php\/2020\/07\/13\/fomentan-la-lectura-con-texto-diseno-y-vida-en-el-arte-popular-ceramica-y-textiles-mexiquenses\/#primaryimage"},"thumbnailUrl":"https:\/\/expressometro.mx\/wp-content\/uploads\/2020\/07\/BA6A8210-B8C6-434D-881E-5572E3FFD98B.jpeg","articleSection":["Otros"],"inLanguage":"es","potentialAction":[{"@type":"CommentAction","name":"Comment","target":["https:\/\/expressometro.mx\/index.php\/2020\/07\/13\/fomentan-la-lectura-con-texto-diseno-y-vida-en-el-arte-popular-ceramica-y-textiles-mexiquenses\/#respond"]}]},{"@type":"WebPage","@id":"https:\/\/expressometro.mx\/index.php\/2020\/07\/13\/fomentan-la-lectura-con-texto-diseno-y-vida-en-el-arte-popular-ceramica-y-textiles-mexiquenses\/","url":"https:\/\/expressometro.mx\/index.php\/2020\/07\/13\/fomentan-la-lectura-con-texto-diseno-y-vida-en-el-arte-popular-ceramica-y-textiles-mexiquenses\/","name":"FOMENTAN LA LECTURA CON TEXTO \u201cDISE\u00d1O Y VIDA EN EL ARTE POPULAR. CER\u00c1MICA Y TEXTILES MEXIQUENSES\u201d - Expresso Metropolitano","isPartOf":{"@id":"https:\/\/expressometro.mx\/#website"},"primaryImageOfPage":{"@id":"https:\/\/expressometro.mx\/index.php\/2020\/07\/13\/fomentan-la-lectura-con-texto-diseno-y-vida-en-el-arte-popular-ceramica-y-textiles-mexiquenses\/#primaryimage"},"image":{"@id":"https:\/\/expressometro.mx\/index.php\/2020\/07\/13\/fomentan-la-lectura-con-texto-diseno-y-vida-en-el-arte-popular-ceramica-y-textiles-mexiquenses\/#primaryimage"},"thumbnailUrl":"https:\/\/expressometro.mx\/wp-content\/uploads\/2020\/07\/BA6A8210-B8C6-434D-881E-5572E3FFD98B.jpeg","datePublished":"2020-07-13T16:18:35+00:00","dateModified":"2020-07-13T16:18:37+00:00","breadcrumb":{"@id":"https:\/\/expressometro.mx\/index.php\/2020\/07\/13\/fomentan-la-lectura-con-texto-diseno-y-vida-en-el-arte-popular-ceramica-y-textiles-mexiquenses\/#breadcrumb"},"inLanguage":"es","potentialAction":[{"@type":"ReadAction","target":["https:\/\/expressometro.mx\/index.php\/2020\/07\/13\/fomentan-la-lectura-con-texto-diseno-y-vida-en-el-arte-popular-ceramica-y-textiles-mexiquenses\/"]}]},{"@type":"ImageObject","inLanguage":"es","@id":"https:\/\/expressometro.mx\/index.php\/2020\/07\/13\/fomentan-la-lectura-con-texto-diseno-y-vida-en-el-arte-popular-ceramica-y-textiles-mexiquenses\/#primaryimage","url":"https:\/\/expressometro.mx\/wp-content\/uploads\/2020\/07\/BA6A8210-B8C6-434D-881E-5572E3FFD98B.jpeg","contentUrl":"https:\/\/expressometro.mx\/wp-content\/uploads\/2020\/07\/BA6A8210-B8C6-434D-881E-5572E3FFD98B.jpeg","width":942,"height":1280},{"@type":"BreadcrumbList","@id":"https:\/\/expressometro.mx\/index.php\/2020\/07\/13\/fomentan-la-lectura-con-texto-diseno-y-vida-en-el-arte-popular-ceramica-y-textiles-mexiquenses\/#breadcrumb","itemListElement":[{"@type":"ListItem","position":1,"name":"Inicio","item":"https:\/\/expressometro.mx\/"},{"@type":"ListItem","position":2,"name":"FOMENTAN LA LECTURA CON TEXTO \u201cDISE\u00d1O Y VIDA EN EL ARTE POPULAR. CER\u00c1MICA Y TEXTILES MEXIQUENSES\u201d"}]},{"@type":"WebSite","@id":"https:\/\/expressometro.mx\/#website","url":"https:\/\/expressometro.mx\/","name":"Expresso Metropolitano","description":"Periodismo comprometido, informaci\u00f3n, investigaci\u00f3n y an\u00e1lisis","publisher":{"@id":"https:\/\/expressometro.mx\/#organization"},"potentialAction":[{"@type":"SearchAction","target":{"@type":"EntryPoint","urlTemplate":"https:\/\/expressometro.mx\/?s={search_term_string}"},"query-input":{"@type":"PropertyValueSpecification","valueRequired":true,"valueName":"search_term_string"}}],"inLanguage":"es"},{"@type":"Organization","@id":"https:\/\/expressometro.mx\/#organization","name":"Expresso Metropolitano","url":"https:\/\/expressometro.mx\/","logo":{"@type":"ImageObject","inLanguage":"es","@id":"https:\/\/expressometro.mx\/#\/schema\/logo\/image\/","url":"https:\/\/expressometro.mx\/wp-content\/uploads\/2019\/07\/cropped-Logo-Expresso-Metropolitano-1-1.jpeg","contentUrl":"https:\/\/expressometro.mx\/wp-content\/uploads\/2019\/07\/cropped-Logo-Expresso-Metropolitano-1-1.jpeg","width":290,"height":73,"caption":"Expresso Metropolitano"},"image":{"@id":"https:\/\/expressometro.mx\/#\/schema\/logo\/image\/"}},{"@type":"Person","@id":"https:\/\/expressometro.mx\/#\/schema\/person\/efa971b4a0664db8ed5c22b1b0dd2f5d","name":"Expresso Metropolitano","image":{"@type":"ImageObject","inLanguage":"es","@id":"https:\/\/secure.gravatar.com\/avatar\/a89f802b8de18c6952f223c88d3d106e9e3679839f4e25a02f4a6cc2ae6ba3b3?s=96&d=mm&r=g","url":"https:\/\/secure.gravatar.com\/avatar\/a89f802b8de18c6952f223c88d3d106e9e3679839f4e25a02f4a6cc2ae6ba3b3?s=96&d=mm&r=g","contentUrl":"https:\/\/secure.gravatar.com\/avatar\/a89f802b8de18c6952f223c88d3d106e9e3679839f4e25a02f4a6cc2ae6ba3b3?s=96&d=mm&r=g","caption":"Expresso Metropolitano"},"url":"https:\/\/expressometro.mx\/index.php\/author\/diego\/"}]}},"amp_enabled":true,"_links":{"self":[{"href":"https:\/\/expressometro.mx\/index.php\/wp-json\/wp\/v2\/posts\/1665","targetHints":{"allow":["GET"]}}],"collection":[{"href":"https:\/\/expressometro.mx\/index.php\/wp-json\/wp\/v2\/posts"}],"about":[{"href":"https:\/\/expressometro.mx\/index.php\/wp-json\/wp\/v2\/types\/post"}],"author":[{"embeddable":true,"href":"https:\/\/expressometro.mx\/index.php\/wp-json\/wp\/v2\/users\/1"}],"replies":[{"embeddable":true,"href":"https:\/\/expressometro.mx\/index.php\/wp-json\/wp\/v2\/comments?post=1665"}],"version-history":[{"count":1,"href":"https:\/\/expressometro.mx\/index.php\/wp-json\/wp\/v2\/posts\/1665\/revisions"}],"predecessor-version":[{"id":1667,"href":"https:\/\/expressometro.mx\/index.php\/wp-json\/wp\/v2\/posts\/1665\/revisions\/1667"}],"wp:featuredmedia":[{"embeddable":true,"href":"https:\/\/expressometro.mx\/index.php\/wp-json\/wp\/v2\/media\/1666"}],"wp:attachment":[{"href":"https:\/\/expressometro.mx\/index.php\/wp-json\/wp\/v2\/media?parent=1665"}],"wp:term":[{"taxonomy":"category","embeddable":true,"href":"https:\/\/expressometro.mx\/index.php\/wp-json\/wp\/v2\/categories?post=1665"},{"taxonomy":"post_tag","embeddable":true,"href":"https:\/\/expressometro.mx\/index.php\/wp-json\/wp\/v2\/tags?post=1665"}],"curies":[{"name":"wp","href":"https:\/\/api.w.org\/{rel}","templated":true}]}}