{"id":1661,"date":"2020-07-08T14:42:29","date_gmt":"2020-07-08T19:42:29","guid":{"rendered":"http:\/\/expressometro.mx\/?p=1661"},"modified":"2020-07-08T14:42:30","modified_gmt":"2020-07-08T19:42:30","slug":"anuncia-alfredo-del-mazo-programa-de-apoyo-para-el-desempleo-en-beneficio-de-mas-de-50-mil-trabajadores","status":"publish","type":"post","link":"https:\/\/expressometro.mx\/index.php\/2020\/07\/08\/anuncia-alfredo-del-mazo-programa-de-apoyo-para-el-desempleo-en-beneficio-de-mas-de-50-mil-trabajadores\/","title":{"rendered":"ANUNCIA ALFREDO DEL MAZO PROGRAMA DE APOYO PARA EL DESEMPLEO, EN BENEFICIO DE M\u00c1S DE 50 MIL TRABAJADORES"},"content":{"rendered":"\n<p>En el Estado de M\u00e9xico se trabaja para generar m\u00e1s apoyos sociales, fiscales y econ\u00f3micos para que las familias mexiquenses puedan salir adelante, por lo que se impulsar\u00e1 un programa de apoyo para el desempleo, inform\u00f3 el Gobernador Alfredo Del Mazo Maza. <\/p>\n\n\n\n<p>El mandatario mexiquense detall\u00f3 que a trav\u00e9s de este programa se invertir\u00e1n 150 millones de pesos, para respaldar a m\u00e1s de 50 mil trabajadores y sus familias, apoyos que ser\u00e1n entregados en dos exhibiciones para que quienes han perdido su empleo puedan solventar sus necesidades. <\/p>\n\n\n\n<p>\u201cEstamos trabajando para generar m\u00e1s apoyos, sociales, econ\u00f3micos y fiscales para que las familias puedan salir adelante. <\/p>\n\n\n\n<p>\u201cComo una medida especial de apoyo para el desempleo, invertiremos 150 millones de pesos para respaldar a m\u00e1s de 50 mil trabajadores y sus familias\u201d, puntualiz\u00f3.  <\/p>\n\n\n\n<p>Del Mazo Maza explic\u00f3 que para apoyar a los peque\u00f1os negocios se est\u00e1n entregando microcr\u00e9ditos, acci\u00f3n que est\u00e1 dise\u00f1ada para impulsar el autoempleo y reactivar las actividades de las micro y peque\u00f1as empresas, las cuales generan siete de cada 10 empleos en la entidad. <\/p>\n\n\n\n<p>En este sentido, manifest\u00f3 que los microcr\u00e9ditos est\u00e1n destinados a negocios como tiendas de abarrotes, miscel\u00e1neas, para quienes venden art\u00edculos por cat\u00e1logo, est\u00e9ticas, locales de alimentos, cocinas econ\u00f3micas, comercios, entre otros, programa que, dijo, tiene como principal objetivo apoyar a la econom\u00eda familiar.<\/p>\n\n\n\n<p>Alfredo Del Mazo indic\u00f3 que tambi\u00e9n a los proyectos productivos se les brindan apoyos de hasta 25 mil pesos para la compra de equipamiento y materiales.<\/p>\n\n\n\n<p>Mientras que en el sector agropecuario, actividad que no ha detenido el abastecimiento de alimentos, se han entregado diversos apoyos como fertilizantes, en beneficio de m\u00e1s de 40 mil productores. <\/p>\n\n\n\n<p>Agreg\u00f3 que para ayudar a los artesanos mexiquenses, quienes vieron afectadas sus ventas, se otorgan apoyos econ\u00f3micos de 4 mil pesos a cada uno para que puedan seguir elaborando sus artesan\u00edas.<\/p>\n\n\n\n<p>\u201cCon estos programas, los que queremos es apoyar a la econom\u00eda de las familias, cuidar los empleos, y apoyar al consumo local, al consumo de las comunidades, esto nos va a ayudar a reactivar la econom\u00eda, vamos a seguir apoyando la econom\u00eda familiar, vamos a seguir apoyando a quien m\u00e1s lo necesita&#8221;, apunt\u00f3.<\/p>\n\n\n\n<figure class=\"wp-block-video\"><video height=\"480\" style=\"aspect-ratio: 640 \/ 480;\" width=\"640\" controls src=\"http:\/\/expressometro.mx\/wp-content\/uploads\/2020\/07\/IMG_4521.mp4\"><\/video><\/figure>\n","protected":false},"excerpt":{"rendered":"<p>En el Estado de M\u00e9xico se trabaja para generar m\u00e1s apoyos sociales, fiscales y econ\u00f3micos para que las familias mexiquenses puedan salir adelante, por lo que se impulsar\u00e1 un programa de apoyo para el desempleo, inform\u00f3 el Gobernador Alfredo Del Mazo Maza. El mandatario mexiquense detall\u00f3 que a trav\u00e9s de este programa se invertir\u00e1n 150 millones de pesos, para respaldar a m\u00e1s de 50 mil trabajadores y sus familias, apoyos que ser\u00e1n entregados en dos exhibiciones para que quienes han perdido su empleo puedan solventar sus necesidades. \u201cEstamos trabajando para&hellip;<\/p>\n","protected":false},"author":1,"featured_media":1663,"comment_status":"open","ping_status":"open","sticky":false,"template":"","format":"standard","meta":{"footnotes":""},"categories":[4,3],"tags":[],"class_list":["post-1661","post","type-post","status-publish","format-standard","has-post-thumbnail","hentry","category-finanzas","category-gobierno"],"yoast_head":"<!-- This site is optimized with the Yoast SEO plugin v27.5 - https:\/\/yoast.com\/product\/yoast-seo-wordpress\/ -->\n<title>ANUNCIA ALFREDO DEL MAZO PROGRAMA DE APOYO PARA EL DESEMPLEO, EN BENEFICIO DE M\u00c1S DE 50 MIL TRABAJADORES - Expresso Metropolitano<\/title>\n<meta name=\"robots\" content=\"index, follow, max-snippet:-1, max-image-preview:large, max-video-preview:-1\" \/>\n<link rel=\"canonical\" href=\"https:\/\/expressometro.mx\/index.php\/2020\/07\/08\/anuncia-alfredo-del-mazo-programa-de-apoyo-para-el-desempleo-en-beneficio-de-mas-de-50-mil-trabajadores\/\" \/>\n<meta property=\"og:locale\" content=\"es_MX\" \/>\n<meta property=\"og:type\" content=\"article\" \/>\n<meta property=\"og:title\" content=\"ANUNCIA ALFREDO DEL MAZO PROGRAMA DE APOYO PARA EL DESEMPLEO, EN BENEFICIO DE M\u00c1S DE 50 MIL TRABAJADORES - Expresso Metropolitano\" \/>\n<meta property=\"og:description\" content=\"En el Estado de M\u00e9xico se trabaja para generar m\u00e1s apoyos sociales, fiscales y econ\u00f3micos para que las familias mexiquenses puedan salir adelante, por lo que se impulsar\u00e1 un programa de apoyo para el desempleo, inform\u00f3 el Gobernador Alfredo Del Mazo Maza. El mandatario mexiquense detall\u00f3 que a trav\u00e9s de este programa se invertir\u00e1n 150 millones de pesos, para respaldar a m\u00e1s de 50 mil trabajadores y sus familias, apoyos que ser\u00e1n entregados en dos exhibiciones para que quienes han perdido su empleo puedan solventar sus necesidades. \u201cEstamos trabajando para&hellip;\" \/>\n<meta property=\"og:url\" content=\"https:\/\/expressometro.mx\/index.php\/2020\/07\/08\/anuncia-alfredo-del-mazo-programa-de-apoyo-para-el-desempleo-en-beneficio-de-mas-de-50-mil-trabajadores\/\" \/>\n<meta property=\"og:site_name\" content=\"Expresso Metropolitano\" \/>\n<meta property=\"article:published_time\" content=\"2020-07-08T19:42:29+00:00\" \/>\n<meta property=\"article:modified_time\" content=\"2020-07-08T19:42:30+00:00\" \/>\n<meta property=\"og:image\" content=\"https:\/\/expressometro.mx\/wp-content\/uploads\/2020\/07\/F7859874-2636-4584-BCE4-95F596B191FF.jpeg\" \/>\n\t<meta property=\"og:image:width\" content=\"1280\" \/>\n\t<meta property=\"og:image:height\" content=\"720\" \/>\n\t<meta property=\"og:image:type\" content=\"image\/jpeg\" \/>\n<meta name=\"author\" content=\"Expresso Metropolitano\" \/>\n<meta name=\"twitter:label1\" content=\"Escrito por\" \/>\n\t<meta name=\"twitter:data1\" content=\"Expresso Metropolitano\" \/>\n\t<meta name=\"twitter:label2\" content=\"Tiempo de lectura\" \/>\n\t<meta name=\"twitter:data2\" content=\"2 minutos\" \/>\n<script type=\"application\/ld+json\" class=\"yoast-schema-graph\">{\"@context\":\"https:\\\/\\\/schema.org\",\"@graph\":[{\"@type\":\"Article\",\"@id\":\"https:\\\/\\\/expressometro.mx\\\/index.php\\\/2020\\\/07\\\/08\\\/anuncia-alfredo-del-mazo-programa-de-apoyo-para-el-desempleo-en-beneficio-de-mas-de-50-mil-trabajadores\\\/#article\",\"isPartOf\":{\"@id\":\"https:\\\/\\\/expressometro.mx\\\/index.php\\\/2020\\\/07\\\/08\\\/anuncia-alfredo-del-mazo-programa-de-apoyo-para-el-desempleo-en-beneficio-de-mas-de-50-mil-trabajadores\\\/\"},\"author\":{\"name\":\"Expresso Metropolitano\",\"@id\":\"https:\\\/\\\/expressometro.mx\\\/#\\\/schema\\\/person\\\/efa971b4a0664db8ed5c22b1b0dd2f5d\"},\"headline\":\"ANUNCIA ALFREDO DEL MAZO PROGRAMA DE APOYO PARA EL DESEMPLEO, EN BENEFICIO DE M\u00c1S DE 50 MIL TRABAJADORES\",\"datePublished\":\"2020-07-08T19:42:29+00:00\",\"dateModified\":\"2020-07-08T19:42:30+00:00\",\"mainEntityOfPage\":{\"@id\":\"https:\\\/\\\/expressometro.mx\\\/index.php\\\/2020\\\/07\\\/08\\\/anuncia-alfredo-del-mazo-programa-de-apoyo-para-el-desempleo-en-beneficio-de-mas-de-50-mil-trabajadores\\\/\"},\"wordCount\":399,\"commentCount\":0,\"publisher\":{\"@id\":\"https:\\\/\\\/expressometro.mx\\\/#organization\"},\"image\":{\"@id\":\"https:\\\/\\\/expressometro.mx\\\/index.php\\\/2020\\\/07\\\/08\\\/anuncia-alfredo-del-mazo-programa-de-apoyo-para-el-desempleo-en-beneficio-de-mas-de-50-mil-trabajadores\\\/#primaryimage\"},\"thumbnailUrl\":\"https:\\\/\\\/expressometro.mx\\\/wp-content\\\/uploads\\\/2020\\\/07\\\/F7859874-2636-4584-BCE4-95F596B191FF.jpeg\",\"articleSection\":[\"Finanzas\",\"Gobierno\"],\"inLanguage\":\"es\",\"potentialAction\":[{\"@type\":\"CommentAction\",\"name\":\"Comment\",\"target\":[\"https:\\\/\\\/expressometro.mx\\\/index.php\\\/2020\\\/07\\\/08\\\/anuncia-alfredo-del-mazo-programa-de-apoyo-para-el-desempleo-en-beneficio-de-mas-de-50-mil-trabajadores\\\/#respond\"]}]},{\"@type\":\"WebPage\",\"@id\":\"https:\\\/\\\/expressometro.mx\\\/index.php\\\/2020\\\/07\\\/08\\\/anuncia-alfredo-del-mazo-programa-de-apoyo-para-el-desempleo-en-beneficio-de-mas-de-50-mil-trabajadores\\\/\",\"url\":\"https:\\\/\\\/expressometro.mx\\\/index.php\\\/2020\\\/07\\\/08\\\/anuncia-alfredo-del-mazo-programa-de-apoyo-para-el-desempleo-en-beneficio-de-mas-de-50-mil-trabajadores\\\/\",\"name\":\"ANUNCIA ALFREDO DEL MAZO PROGRAMA DE APOYO PARA EL DESEMPLEO, EN BENEFICIO DE M\u00c1S DE 50 MIL TRABAJADORES - Expresso Metropolitano\",\"isPartOf\":{\"@id\":\"https:\\\/\\\/expressometro.mx\\\/#website\"},\"primaryImageOfPage\":{\"@id\":\"https:\\\/\\\/expressometro.mx\\\/index.php\\\/2020\\\/07\\\/08\\\/anuncia-alfredo-del-mazo-programa-de-apoyo-para-el-desempleo-en-beneficio-de-mas-de-50-mil-trabajadores\\\/#primaryimage\"},\"image\":{\"@id\":\"https:\\\/\\\/expressometro.mx\\\/index.php\\\/2020\\\/07\\\/08\\\/anuncia-alfredo-del-mazo-programa-de-apoyo-para-el-desempleo-en-beneficio-de-mas-de-50-mil-trabajadores\\\/#primaryimage\"},\"thumbnailUrl\":\"https:\\\/\\\/expressometro.mx\\\/wp-content\\\/uploads\\\/2020\\\/07\\\/F7859874-2636-4584-BCE4-95F596B191FF.jpeg\",\"datePublished\":\"2020-07-08T19:42:29+00:00\",\"dateModified\":\"2020-07-08T19:42:30+00:00\",\"breadcrumb\":{\"@id\":\"https:\\\/\\\/expressometro.mx\\\/index.php\\\/2020\\\/07\\\/08\\\/anuncia-alfredo-del-mazo-programa-de-apoyo-para-el-desempleo-en-beneficio-de-mas-de-50-mil-trabajadores\\\/#breadcrumb\"},\"inLanguage\":\"es\",\"potentialAction\":[{\"@type\":\"ReadAction\",\"target\":[\"https:\\\/\\\/expressometro.mx\\\/index.php\\\/2020\\\/07\\\/08\\\/anuncia-alfredo-del-mazo-programa-de-apoyo-para-el-desempleo-en-beneficio-de-mas-de-50-mil-trabajadores\\\/\"]}]},{\"@type\":\"ImageObject\",\"inLanguage\":\"es\",\"@id\":\"https:\\\/\\\/expressometro.mx\\\/index.php\\\/2020\\\/07\\\/08\\\/anuncia-alfredo-del-mazo-programa-de-apoyo-para-el-desempleo-en-beneficio-de-mas-de-50-mil-trabajadores\\\/#primaryimage\",\"url\":\"https:\\\/\\\/expressometro.mx\\\/wp-content\\\/uploads\\\/2020\\\/07\\\/F7859874-2636-4584-BCE4-95F596B191FF.jpeg\",\"contentUrl\":\"https:\\\/\\\/expressometro.mx\\\/wp-content\\\/uploads\\\/2020\\\/07\\\/F7859874-2636-4584-BCE4-95F596B191FF.jpeg\",\"width\":1280,\"height\":720},{\"@type\":\"BreadcrumbList\",\"@id\":\"https:\\\/\\\/expressometro.mx\\\/index.php\\\/2020\\\/07\\\/08\\\/anuncia-alfredo-del-mazo-programa-de-apoyo-para-el-desempleo-en-beneficio-de-mas-de-50-mil-trabajadores\\\/#breadcrumb\",\"itemListElement\":[{\"@type\":\"ListItem\",\"position\":1,\"name\":\"Inicio\",\"item\":\"https:\\\/\\\/expressometro.mx\\\/\"},{\"@type\":\"ListItem\",\"position\":2,\"name\":\"ANUNCIA ALFREDO DEL MAZO PROGRAMA DE APOYO PARA EL DESEMPLEO, EN BENEFICIO DE M\u00c1S DE 50 MIL TRABAJADORES\"}]},{\"@type\":\"WebSite\",\"@id\":\"https:\\\/\\\/expressometro.mx\\\/#website\",\"url\":\"https:\\\/\\\/expressometro.mx\\\/\",\"name\":\"Expresso Metropolitano\",\"description\":\"Periodismo comprometido, informaci\u00f3n, investigaci\u00f3n y an\u00e1lisis\",\"publisher\":{\"@id\":\"https:\\\/\\\/expressometro.mx\\\/#organization\"},\"potentialAction\":[{\"@type\":\"SearchAction\",\"target\":{\"@type\":\"EntryPoint\",\"urlTemplate\":\"https:\\\/\\\/expressometro.mx\\\/?s={search_term_string}\"},\"query-input\":{\"@type\":\"PropertyValueSpecification\",\"valueRequired\":true,\"valueName\":\"search_term_string\"}}],\"inLanguage\":\"es\"},{\"@type\":\"Organization\",\"@id\":\"https:\\\/\\\/expressometro.mx\\\/#organization\",\"name\":\"Expresso Metropolitano\",\"url\":\"https:\\\/\\\/expressometro.mx\\\/\",\"logo\":{\"@type\":\"ImageObject\",\"inLanguage\":\"es\",\"@id\":\"https:\\\/\\\/expressometro.mx\\\/#\\\/schema\\\/logo\\\/image\\\/\",\"url\":\"https:\\\/\\\/expressometro.mx\\\/wp-content\\\/uploads\\\/2019\\\/07\\\/cropped-Logo-Expresso-Metropolitano-1-1.jpeg\",\"contentUrl\":\"https:\\\/\\\/expressometro.mx\\\/wp-content\\\/uploads\\\/2019\\\/07\\\/cropped-Logo-Expresso-Metropolitano-1-1.jpeg\",\"width\":290,\"height\":73,\"caption\":\"Expresso Metropolitano\"},\"image\":{\"@id\":\"https:\\\/\\\/expressometro.mx\\\/#\\\/schema\\\/logo\\\/image\\\/\"}},{\"@type\":\"Person\",\"@id\":\"https:\\\/\\\/expressometro.mx\\\/#\\\/schema\\\/person\\\/efa971b4a0664db8ed5c22b1b0dd2f5d\",\"name\":\"Expresso Metropolitano\",\"image\":{\"@type\":\"ImageObject\",\"inLanguage\":\"es\",\"@id\":\"https:\\\/\\\/secure.gravatar.com\\\/avatar\\\/a89f802b8de18c6952f223c88d3d106e9e3679839f4e25a02f4a6cc2ae6ba3b3?s=96&d=mm&r=g\",\"url\":\"https:\\\/\\\/secure.gravatar.com\\\/avatar\\\/a89f802b8de18c6952f223c88d3d106e9e3679839f4e25a02f4a6cc2ae6ba3b3?s=96&d=mm&r=g\",\"contentUrl\":\"https:\\\/\\\/secure.gravatar.com\\\/avatar\\\/a89f802b8de18c6952f223c88d3d106e9e3679839f4e25a02f4a6cc2ae6ba3b3?s=96&d=mm&r=g\",\"caption\":\"Expresso Metropolitano\"},\"url\":\"https:\\\/\\\/expressometro.mx\\\/index.php\\\/author\\\/diego\\\/\"}]}<\/script>\n<!-- \/ Yoast SEO plugin. -->","yoast_head_json":{"title":"ANUNCIA ALFREDO DEL MAZO PROGRAMA DE APOYO PARA EL DESEMPLEO, EN BENEFICIO DE M\u00c1S DE 50 MIL TRABAJADORES - Expresso Metropolitano","robots":{"index":"index","follow":"follow","max-snippet":"max-snippet:-1","max-image-preview":"max-image-preview:large","max-video-preview":"max-video-preview:-1"},"canonical":"https:\/\/expressometro.mx\/index.php\/2020\/07\/08\/anuncia-alfredo-del-mazo-programa-de-apoyo-para-el-desempleo-en-beneficio-de-mas-de-50-mil-trabajadores\/","og_locale":"es_MX","og_type":"article","og_title":"ANUNCIA ALFREDO DEL MAZO PROGRAMA DE APOYO PARA EL DESEMPLEO, EN BENEFICIO DE M\u00c1S DE 50 MIL TRABAJADORES - Expresso Metropolitano","og_description":"En el Estado de M\u00e9xico se trabaja para generar m\u00e1s apoyos sociales, fiscales y econ\u00f3micos para que las familias mexiquenses puedan salir adelante, por lo que se impulsar\u00e1 un programa de apoyo para el desempleo, inform\u00f3 el Gobernador Alfredo Del Mazo Maza. El mandatario mexiquense detall\u00f3 que a trav\u00e9s de este programa se invertir\u00e1n 150 millones de pesos, para respaldar a m\u00e1s de 50 mil trabajadores y sus familias, apoyos que ser\u00e1n entregados en dos exhibiciones para que quienes han perdido su empleo puedan solventar sus necesidades. \u201cEstamos trabajando para&hellip;","og_url":"https:\/\/expressometro.mx\/index.php\/2020\/07\/08\/anuncia-alfredo-del-mazo-programa-de-apoyo-para-el-desempleo-en-beneficio-de-mas-de-50-mil-trabajadores\/","og_site_name":"Expresso Metropolitano","article_published_time":"2020-07-08T19:42:29+00:00","article_modified_time":"2020-07-08T19:42:30+00:00","og_image":[{"width":1280,"height":720,"url":"https:\/\/expressometro.mx\/wp-content\/uploads\/2020\/07\/F7859874-2636-4584-BCE4-95F596B191FF.jpeg","type":"image\/jpeg"}],"author":"Expresso Metropolitano","twitter_misc":{"Escrito por":"Expresso Metropolitano","Tiempo de lectura":"2 minutos"},"schema":{"@context":"https:\/\/schema.org","@graph":[{"@type":"Article","@id":"https:\/\/expressometro.mx\/index.php\/2020\/07\/08\/anuncia-alfredo-del-mazo-programa-de-apoyo-para-el-desempleo-en-beneficio-de-mas-de-50-mil-trabajadores\/#article","isPartOf":{"@id":"https:\/\/expressometro.mx\/index.php\/2020\/07\/08\/anuncia-alfredo-del-mazo-programa-de-apoyo-para-el-desempleo-en-beneficio-de-mas-de-50-mil-trabajadores\/"},"author":{"name":"Expresso Metropolitano","@id":"https:\/\/expressometro.mx\/#\/schema\/person\/efa971b4a0664db8ed5c22b1b0dd2f5d"},"headline":"ANUNCIA ALFREDO DEL MAZO PROGRAMA DE APOYO PARA EL DESEMPLEO, EN BENEFICIO DE M\u00c1S DE 50 MIL TRABAJADORES","datePublished":"2020-07-08T19:42:29+00:00","dateModified":"2020-07-08T19:42:30+00:00","mainEntityOfPage":{"@id":"https:\/\/expressometro.mx\/index.php\/2020\/07\/08\/anuncia-alfredo-del-mazo-programa-de-apoyo-para-el-desempleo-en-beneficio-de-mas-de-50-mil-trabajadores\/"},"wordCount":399,"commentCount":0,"publisher":{"@id":"https:\/\/expressometro.mx\/#organization"},"image":{"@id":"https:\/\/expressometro.mx\/index.php\/2020\/07\/08\/anuncia-alfredo-del-mazo-programa-de-apoyo-para-el-desempleo-en-beneficio-de-mas-de-50-mil-trabajadores\/#primaryimage"},"thumbnailUrl":"https:\/\/expressometro.mx\/wp-content\/uploads\/2020\/07\/F7859874-2636-4584-BCE4-95F596B191FF.jpeg","articleSection":["Finanzas","Gobierno"],"inLanguage":"es","potentialAction":[{"@type":"CommentAction","name":"Comment","target":["https:\/\/expressometro.mx\/index.php\/2020\/07\/08\/anuncia-alfredo-del-mazo-programa-de-apoyo-para-el-desempleo-en-beneficio-de-mas-de-50-mil-trabajadores\/#respond"]}]},{"@type":"WebPage","@id":"https:\/\/expressometro.mx\/index.php\/2020\/07\/08\/anuncia-alfredo-del-mazo-programa-de-apoyo-para-el-desempleo-en-beneficio-de-mas-de-50-mil-trabajadores\/","url":"https:\/\/expressometro.mx\/index.php\/2020\/07\/08\/anuncia-alfredo-del-mazo-programa-de-apoyo-para-el-desempleo-en-beneficio-de-mas-de-50-mil-trabajadores\/","name":"ANUNCIA ALFREDO DEL MAZO PROGRAMA DE APOYO PARA EL DESEMPLEO, EN BENEFICIO DE M\u00c1S DE 50 MIL TRABAJADORES - Expresso Metropolitano","isPartOf":{"@id":"https:\/\/expressometro.mx\/#website"},"primaryImageOfPage":{"@id":"https:\/\/expressometro.mx\/index.php\/2020\/07\/08\/anuncia-alfredo-del-mazo-programa-de-apoyo-para-el-desempleo-en-beneficio-de-mas-de-50-mil-trabajadores\/#primaryimage"},"image":{"@id":"https:\/\/expressometro.mx\/index.php\/2020\/07\/08\/anuncia-alfredo-del-mazo-programa-de-apoyo-para-el-desempleo-en-beneficio-de-mas-de-50-mil-trabajadores\/#primaryimage"},"thumbnailUrl":"https:\/\/expressometro.mx\/wp-content\/uploads\/2020\/07\/F7859874-2636-4584-BCE4-95F596B191FF.jpeg","datePublished":"2020-07-08T19:42:29+00:00","dateModified":"2020-07-08T19:42:30+00:00","breadcrumb":{"@id":"https:\/\/expressometro.mx\/index.php\/2020\/07\/08\/anuncia-alfredo-del-mazo-programa-de-apoyo-para-el-desempleo-en-beneficio-de-mas-de-50-mil-trabajadores\/#breadcrumb"},"inLanguage":"es","potentialAction":[{"@type":"ReadAction","target":["https:\/\/expressometro.mx\/index.php\/2020\/07\/08\/anuncia-alfredo-del-mazo-programa-de-apoyo-para-el-desempleo-en-beneficio-de-mas-de-50-mil-trabajadores\/"]}]},{"@type":"ImageObject","inLanguage":"es","@id":"https:\/\/expressometro.mx\/index.php\/2020\/07\/08\/anuncia-alfredo-del-mazo-programa-de-apoyo-para-el-desempleo-en-beneficio-de-mas-de-50-mil-trabajadores\/#primaryimage","url":"https:\/\/expressometro.mx\/wp-content\/uploads\/2020\/07\/F7859874-2636-4584-BCE4-95F596B191FF.jpeg","contentUrl":"https:\/\/expressometro.mx\/wp-content\/uploads\/2020\/07\/F7859874-2636-4584-BCE4-95F596B191FF.jpeg","width":1280,"height":720},{"@type":"BreadcrumbList","@id":"https:\/\/expressometro.mx\/index.php\/2020\/07\/08\/anuncia-alfredo-del-mazo-programa-de-apoyo-para-el-desempleo-en-beneficio-de-mas-de-50-mil-trabajadores\/#breadcrumb","itemListElement":[{"@type":"ListItem","position":1,"name":"Inicio","item":"https:\/\/expressometro.mx\/"},{"@type":"ListItem","position":2,"name":"ANUNCIA ALFREDO DEL MAZO PROGRAMA DE APOYO PARA EL DESEMPLEO, EN BENEFICIO DE M\u00c1S DE 50 MIL TRABAJADORES"}]},{"@type":"WebSite","@id":"https:\/\/expressometro.mx\/#website","url":"https:\/\/expressometro.mx\/","name":"Expresso Metropolitano","description":"Periodismo comprometido, informaci\u00f3n, investigaci\u00f3n y an\u00e1lisis","publisher":{"@id":"https:\/\/expressometro.mx\/#organization"},"potentialAction":[{"@type":"SearchAction","target":{"@type":"EntryPoint","urlTemplate":"https:\/\/expressometro.mx\/?s={search_term_string}"},"query-input":{"@type":"PropertyValueSpecification","valueRequired":true,"valueName":"search_term_string"}}],"inLanguage":"es"},{"@type":"Organization","@id":"https:\/\/expressometro.mx\/#organization","name":"Expresso Metropolitano","url":"https:\/\/expressometro.mx\/","logo":{"@type":"ImageObject","inLanguage":"es","@id":"https:\/\/expressometro.mx\/#\/schema\/logo\/image\/","url":"https:\/\/expressometro.mx\/wp-content\/uploads\/2019\/07\/cropped-Logo-Expresso-Metropolitano-1-1.jpeg","contentUrl":"https:\/\/expressometro.mx\/wp-content\/uploads\/2019\/07\/cropped-Logo-Expresso-Metropolitano-1-1.jpeg","width":290,"height":73,"caption":"Expresso Metropolitano"},"image":{"@id":"https:\/\/expressometro.mx\/#\/schema\/logo\/image\/"}},{"@type":"Person","@id":"https:\/\/expressometro.mx\/#\/schema\/person\/efa971b4a0664db8ed5c22b1b0dd2f5d","name":"Expresso Metropolitano","image":{"@type":"ImageObject","inLanguage":"es","@id":"https:\/\/secure.gravatar.com\/avatar\/a89f802b8de18c6952f223c88d3d106e9e3679839f4e25a02f4a6cc2ae6ba3b3?s=96&d=mm&r=g","url":"https:\/\/secure.gravatar.com\/avatar\/a89f802b8de18c6952f223c88d3d106e9e3679839f4e25a02f4a6cc2ae6ba3b3?s=96&d=mm&r=g","contentUrl":"https:\/\/secure.gravatar.com\/avatar\/a89f802b8de18c6952f223c88d3d106e9e3679839f4e25a02f4a6cc2ae6ba3b3?s=96&d=mm&r=g","caption":"Expresso Metropolitano"},"url":"https:\/\/expressometro.mx\/index.php\/author\/diego\/"}]}},"amp_enabled":true,"_links":{"self":[{"href":"https:\/\/expressometro.mx\/index.php\/wp-json\/wp\/v2\/posts\/1661","targetHints":{"allow":["GET"]}}],"collection":[{"href":"https:\/\/expressometro.mx\/index.php\/wp-json\/wp\/v2\/posts"}],"about":[{"href":"https:\/\/expressometro.mx\/index.php\/wp-json\/wp\/v2\/types\/post"}],"author":[{"embeddable":true,"href":"https:\/\/expressometro.mx\/index.php\/wp-json\/wp\/v2\/users\/1"}],"replies":[{"embeddable":true,"href":"https:\/\/expressometro.mx\/index.php\/wp-json\/wp\/v2\/comments?post=1661"}],"version-history":[{"count":1,"href":"https:\/\/expressometro.mx\/index.php\/wp-json\/wp\/v2\/posts\/1661\/revisions"}],"predecessor-version":[{"id":1664,"href":"https:\/\/expressometro.mx\/index.php\/wp-json\/wp\/v2\/posts\/1661\/revisions\/1664"}],"wp:featuredmedia":[{"embeddable":true,"href":"https:\/\/expressometro.mx\/index.php\/wp-json\/wp\/v2\/media\/1663"}],"wp:attachment":[{"href":"https:\/\/expressometro.mx\/index.php\/wp-json\/wp\/v2\/media?parent=1661"}],"wp:term":[{"taxonomy":"category","embeddable":true,"href":"https:\/\/expressometro.mx\/index.php\/wp-json\/wp\/v2\/categories?post=1661"},{"taxonomy":"post_tag","embeddable":true,"href":"https:\/\/expressometro.mx\/index.php\/wp-json\/wp\/v2\/tags?post=1661"}],"curies":[{"name":"wp","href":"https:\/\/api.w.org\/{rel}","templated":true}]}}