{"id":1636,"date":"2020-07-06T15:11:38","date_gmt":"2020-07-06T20:11:38","guid":{"rendered":"http:\/\/expressometro.mx\/?p=1636"},"modified":"2020-07-06T15:11:39","modified_gmt":"2020-07-06T20:11:39","slug":"concluyo-paro-en-facultad-de-humanidades","status":"publish","type":"post","link":"https:\/\/expressometro.mx\/index.php\/2020\/07\/06\/concluyo-paro-en-facultad-de-humanidades\/","title":{"rendered":"Concluy\u00f3 paro en Facultad de Humanidades"},"content":{"rendered":"\n<p>Luego de m\u00e1s de cuatro meses en paro, las instalaciones de la Facultad de Humanidades fueron entregadas a autoridades de la Universidad Aut\u00f3noma del Estado de M\u00e9xico, resultado del incondicional privilegio del di\u00e1logo por parte de la Administraci\u00f3n 2017-2021 de la instituci\u00f3n, con la finalidad de dar cauce y soluci\u00f3n a las demandas de los paristas. <br> Acompa\u00f1ados de estudiantes, profesores y trabajadores administrativos de las cinco licenciaturas que se ofrecen en este espacio, el abogado general, Luis Ra\u00fal Ortiz Ram\u00edrez, y la secretaria de Rector\u00eda de la UAEM, Jannet Valero Vilchis, as\u00ed como el director de este espacio, Fernando D\u00edaz Ortega, ingresaron a la Facultad para conocer el estado en el que se encuentran las instalaciones.<br> Luis Ra\u00fal Ortiz Ram\u00edrez se\u00f1al\u00f3 que las autoridades universitarias han recabado un total de 340 denuncias de hostigamiento y acoso sexual, de ellas, siete corresponden a la Facultad de Humanidades, en espera de las condiciones para dar continuidad a la recuperaci\u00f3n de testimonios de los denunciantes. <br> Jannet Valero Vilchis detall\u00f3 que de inmediato, una brigada iniciar\u00e1 las labores de limpieza y sanitizaci\u00f3n en cada una de las \u00e1reas de la Facultad, con el prop\u00f3sito de que el regreso, el pr\u00f3ximo 3 de agosto, a las actividades administrativas y acad\u00e9micas sea seguro. <br> Cabe mencionar que en conjunto con la Facultad de Humanidades se trabaja en la calendarizaci\u00f3n y puesta en marcha de las mesas de di\u00e1logo, las cuales se prev\u00e9 inicien en agosto, en la Facultad de Humanidades.<\/p>\n","protected":false},"excerpt":{"rendered":"<p>Luego de m\u00e1s de cuatro meses en paro, las instalaciones de la Facultad de Humanidades fueron entregadas a autoridades de la Universidad Aut\u00f3noma del Estado de M\u00e9xico, resultado del incondicional privilegio del di\u00e1logo por parte de la Administraci\u00f3n 2017-2021 de la instituci\u00f3n, con la finalidad de dar cauce y soluci\u00f3n a las demandas de los paristas. Acompa\u00f1ados de estudiantes, profesores y trabajadores administrativos de las cinco licenciaturas que se ofrecen en este espacio, el abogado general, Luis Ra\u00fal Ortiz Ram\u00edrez, y la secretaria de Rector\u00eda de la UAEM, Jannet Valero&hellip;<\/p>\n","protected":false},"author":1,"featured_media":1637,"comment_status":"open","ping_status":"open","sticky":false,"template":"","format":"standard","meta":{"footnotes":""},"categories":[1],"tags":[],"class_list":["post-1636","post","type-post","status-publish","format-standard","has-post-thumbnail","hentry","category-otros"],"yoast_head":"<!-- This site is optimized with the Yoast SEO plugin v27.4 - https:\/\/yoast.com\/product\/yoast-seo-wordpress\/ -->\n<title>Concluy\u00f3 paro en Facultad de Humanidades - Expresso Metropolitano<\/title>\n<meta name=\"robots\" content=\"index, follow, max-snippet:-1, max-image-preview:large, max-video-preview:-1\" \/>\n<link rel=\"canonical\" href=\"https:\/\/expressometro.mx\/index.php\/2020\/07\/06\/concluyo-paro-en-facultad-de-humanidades\/\" \/>\n<meta property=\"og:locale\" content=\"es_MX\" \/>\n<meta property=\"og:type\" content=\"article\" \/>\n<meta property=\"og:title\" content=\"Concluy\u00f3 paro en Facultad de Humanidades - Expresso Metropolitano\" \/>\n<meta property=\"og:description\" content=\"Luego de m\u00e1s de cuatro meses en paro, las instalaciones de la Facultad de Humanidades fueron entregadas a autoridades de la Universidad Aut\u00f3noma del Estado de M\u00e9xico, resultado del incondicional privilegio del di\u00e1logo por parte de la Administraci\u00f3n 2017-2021 de la instituci\u00f3n, con la finalidad de dar cauce y soluci\u00f3n a las demandas de los paristas. Acompa\u00f1ados de estudiantes, profesores y trabajadores administrativos de las cinco licenciaturas que se ofrecen en este espacio, el abogado general, Luis Ra\u00fal Ortiz Ram\u00edrez, y la secretaria de Rector\u00eda de la UAEM, Jannet Valero&hellip;\" \/>\n<meta property=\"og:url\" content=\"https:\/\/expressometro.mx\/index.php\/2020\/07\/06\/concluyo-paro-en-facultad-de-humanidades\/\" \/>\n<meta property=\"og:site_name\" content=\"Expresso Metropolitano\" \/>\n<meta property=\"article:published_time\" content=\"2020-07-06T20:11:38+00:00\" \/>\n<meta property=\"article:modified_time\" content=\"2020-07-06T20:11:39+00:00\" \/>\n<meta property=\"og:image\" content=\"https:\/\/expressometro.mx\/wp-content\/uploads\/2020\/07\/B59642DA-4A1C-4ACC-A230-4AA3D59589D4.jpeg\" \/>\n\t<meta property=\"og:image:width\" content=\"1024\" \/>\n\t<meta property=\"og:image:height\" content=\"682\" \/>\n\t<meta property=\"og:image:type\" content=\"image\/jpeg\" \/>\n<meta name=\"author\" content=\"Expresso Metropolitano\" \/>\n<meta name=\"twitter:label1\" content=\"Escrito por\" \/>\n\t<meta name=\"twitter:data1\" content=\"Expresso Metropolitano\" \/>\n\t<meta name=\"twitter:label2\" content=\"Tiempo de lectura\" \/>\n\t<meta name=\"twitter:data2\" content=\"1 minuto\" \/>\n<script type=\"application\/ld+json\" class=\"yoast-schema-graph\">{\"@context\":\"https:\\\/\\\/schema.org\",\"@graph\":[{\"@type\":\"Article\",\"@id\":\"https:\\\/\\\/expressometro.mx\\\/index.php\\\/2020\\\/07\\\/06\\\/concluyo-paro-en-facultad-de-humanidades\\\/#article\",\"isPartOf\":{\"@id\":\"https:\\\/\\\/expressometro.mx\\\/index.php\\\/2020\\\/07\\\/06\\\/concluyo-paro-en-facultad-de-humanidades\\\/\"},\"author\":{\"name\":\"Expresso Metropolitano\",\"@id\":\"https:\\\/\\\/expressometro.mx\\\/#\\\/schema\\\/person\\\/efa971b4a0664db8ed5c22b1b0dd2f5d\"},\"headline\":\"Concluy\u00f3 paro en Facultad de Humanidades\",\"datePublished\":\"2020-07-06T20:11:38+00:00\",\"dateModified\":\"2020-07-06T20:11:39+00:00\",\"mainEntityOfPage\":{\"@id\":\"https:\\\/\\\/expressometro.mx\\\/index.php\\\/2020\\\/07\\\/06\\\/concluyo-paro-en-facultad-de-humanidades\\\/\"},\"wordCount\":269,\"commentCount\":0,\"publisher\":{\"@id\":\"https:\\\/\\\/expressometro.mx\\\/#organization\"},\"image\":{\"@id\":\"https:\\\/\\\/expressometro.mx\\\/index.php\\\/2020\\\/07\\\/06\\\/concluyo-paro-en-facultad-de-humanidades\\\/#primaryimage\"},\"thumbnailUrl\":\"https:\\\/\\\/expressometro.mx\\\/wp-content\\\/uploads\\\/2020\\\/07\\\/B59642DA-4A1C-4ACC-A230-4AA3D59589D4.jpeg\",\"articleSection\":[\"Otros\"],\"inLanguage\":\"es\",\"potentialAction\":[{\"@type\":\"CommentAction\",\"name\":\"Comment\",\"target\":[\"https:\\\/\\\/expressometro.mx\\\/index.php\\\/2020\\\/07\\\/06\\\/concluyo-paro-en-facultad-de-humanidades\\\/#respond\"]}]},{\"@type\":\"WebPage\",\"@id\":\"https:\\\/\\\/expressometro.mx\\\/index.php\\\/2020\\\/07\\\/06\\\/concluyo-paro-en-facultad-de-humanidades\\\/\",\"url\":\"https:\\\/\\\/expressometro.mx\\\/index.php\\\/2020\\\/07\\\/06\\\/concluyo-paro-en-facultad-de-humanidades\\\/\",\"name\":\"Concluy\u00f3 paro en Facultad de Humanidades - Expresso Metropolitano\",\"isPartOf\":{\"@id\":\"https:\\\/\\\/expressometro.mx\\\/#website\"},\"primaryImageOfPage\":{\"@id\":\"https:\\\/\\\/expressometro.mx\\\/index.php\\\/2020\\\/07\\\/06\\\/concluyo-paro-en-facultad-de-humanidades\\\/#primaryimage\"},\"image\":{\"@id\":\"https:\\\/\\\/expressometro.mx\\\/index.php\\\/2020\\\/07\\\/06\\\/concluyo-paro-en-facultad-de-humanidades\\\/#primaryimage\"},\"thumbnailUrl\":\"https:\\\/\\\/expressometro.mx\\\/wp-content\\\/uploads\\\/2020\\\/07\\\/B59642DA-4A1C-4ACC-A230-4AA3D59589D4.jpeg\",\"datePublished\":\"2020-07-06T20:11:38+00:00\",\"dateModified\":\"2020-07-06T20:11:39+00:00\",\"breadcrumb\":{\"@id\":\"https:\\\/\\\/expressometro.mx\\\/index.php\\\/2020\\\/07\\\/06\\\/concluyo-paro-en-facultad-de-humanidades\\\/#breadcrumb\"},\"inLanguage\":\"es\",\"potentialAction\":[{\"@type\":\"ReadAction\",\"target\":[\"https:\\\/\\\/expressometro.mx\\\/index.php\\\/2020\\\/07\\\/06\\\/concluyo-paro-en-facultad-de-humanidades\\\/\"]}]},{\"@type\":\"ImageObject\",\"inLanguage\":\"es\",\"@id\":\"https:\\\/\\\/expressometro.mx\\\/index.php\\\/2020\\\/07\\\/06\\\/concluyo-paro-en-facultad-de-humanidades\\\/#primaryimage\",\"url\":\"https:\\\/\\\/expressometro.mx\\\/wp-content\\\/uploads\\\/2020\\\/07\\\/B59642DA-4A1C-4ACC-A230-4AA3D59589D4.jpeg\",\"contentUrl\":\"https:\\\/\\\/expressometro.mx\\\/wp-content\\\/uploads\\\/2020\\\/07\\\/B59642DA-4A1C-4ACC-A230-4AA3D59589D4.jpeg\",\"width\":1024,\"height\":682},{\"@type\":\"BreadcrumbList\",\"@id\":\"https:\\\/\\\/expressometro.mx\\\/index.php\\\/2020\\\/07\\\/06\\\/concluyo-paro-en-facultad-de-humanidades\\\/#breadcrumb\",\"itemListElement\":[{\"@type\":\"ListItem\",\"position\":1,\"name\":\"Inicio\",\"item\":\"https:\\\/\\\/expressometro.mx\\\/\"},{\"@type\":\"ListItem\",\"position\":2,\"name\":\"Concluy\u00f3 paro en Facultad de Humanidades\"}]},{\"@type\":\"WebSite\",\"@id\":\"https:\\\/\\\/expressometro.mx\\\/#website\",\"url\":\"https:\\\/\\\/expressometro.mx\\\/\",\"name\":\"Expresso Metropolitano\",\"description\":\"Periodismo comprometido, informaci\u00f3n, investigaci\u00f3n y an\u00e1lisis\",\"publisher\":{\"@id\":\"https:\\\/\\\/expressometro.mx\\\/#organization\"},\"potentialAction\":[{\"@type\":\"SearchAction\",\"target\":{\"@type\":\"EntryPoint\",\"urlTemplate\":\"https:\\\/\\\/expressometro.mx\\\/?s={search_term_string}\"},\"query-input\":{\"@type\":\"PropertyValueSpecification\",\"valueRequired\":true,\"valueName\":\"search_term_string\"}}],\"inLanguage\":\"es\"},{\"@type\":\"Organization\",\"@id\":\"https:\\\/\\\/expressometro.mx\\\/#organization\",\"name\":\"Expresso Metropolitano\",\"url\":\"https:\\\/\\\/expressometro.mx\\\/\",\"logo\":{\"@type\":\"ImageObject\",\"inLanguage\":\"es\",\"@id\":\"https:\\\/\\\/expressometro.mx\\\/#\\\/schema\\\/logo\\\/image\\\/\",\"url\":\"https:\\\/\\\/expressometro.mx\\\/wp-content\\\/uploads\\\/2019\\\/07\\\/cropped-Logo-Expresso-Metropolitano-1-1.jpeg\",\"contentUrl\":\"https:\\\/\\\/expressometro.mx\\\/wp-content\\\/uploads\\\/2019\\\/07\\\/cropped-Logo-Expresso-Metropolitano-1-1.jpeg\",\"width\":290,\"height\":73,\"caption\":\"Expresso Metropolitano\"},\"image\":{\"@id\":\"https:\\\/\\\/expressometro.mx\\\/#\\\/schema\\\/logo\\\/image\\\/\"}},{\"@type\":\"Person\",\"@id\":\"https:\\\/\\\/expressometro.mx\\\/#\\\/schema\\\/person\\\/efa971b4a0664db8ed5c22b1b0dd2f5d\",\"name\":\"Expresso Metropolitano\",\"image\":{\"@type\":\"ImageObject\",\"inLanguage\":\"es\",\"@id\":\"https:\\\/\\\/secure.gravatar.com\\\/avatar\\\/a89f802b8de18c6952f223c88d3d106e9e3679839f4e25a02f4a6cc2ae6ba3b3?s=96&d=mm&r=g\",\"url\":\"https:\\\/\\\/secure.gravatar.com\\\/avatar\\\/a89f802b8de18c6952f223c88d3d106e9e3679839f4e25a02f4a6cc2ae6ba3b3?s=96&d=mm&r=g\",\"contentUrl\":\"https:\\\/\\\/secure.gravatar.com\\\/avatar\\\/a89f802b8de18c6952f223c88d3d106e9e3679839f4e25a02f4a6cc2ae6ba3b3?s=96&d=mm&r=g\",\"caption\":\"Expresso Metropolitano\"},\"url\":\"https:\\\/\\\/expressometro.mx\\\/index.php\\\/author\\\/diego\\\/\"}]}<\/script>\n<!-- \/ Yoast SEO plugin. -->","yoast_head_json":{"title":"Concluy\u00f3 paro en Facultad de Humanidades - Expresso Metropolitano","robots":{"index":"index","follow":"follow","max-snippet":"max-snippet:-1","max-image-preview":"max-image-preview:large","max-video-preview":"max-video-preview:-1"},"canonical":"https:\/\/expressometro.mx\/index.php\/2020\/07\/06\/concluyo-paro-en-facultad-de-humanidades\/","og_locale":"es_MX","og_type":"article","og_title":"Concluy\u00f3 paro en Facultad de Humanidades - Expresso Metropolitano","og_description":"Luego de m\u00e1s de cuatro meses en paro, las instalaciones de la Facultad de Humanidades fueron entregadas a autoridades de la Universidad Aut\u00f3noma del Estado de M\u00e9xico, resultado del incondicional privilegio del di\u00e1logo por parte de la Administraci\u00f3n 2017-2021 de la instituci\u00f3n, con la finalidad de dar cauce y soluci\u00f3n a las demandas de los paristas. Acompa\u00f1ados de estudiantes, profesores y trabajadores administrativos de las cinco licenciaturas que se ofrecen en este espacio, el abogado general, Luis Ra\u00fal Ortiz Ram\u00edrez, y la secretaria de Rector\u00eda de la UAEM, Jannet Valero&hellip;","og_url":"https:\/\/expressometro.mx\/index.php\/2020\/07\/06\/concluyo-paro-en-facultad-de-humanidades\/","og_site_name":"Expresso Metropolitano","article_published_time":"2020-07-06T20:11:38+00:00","article_modified_time":"2020-07-06T20:11:39+00:00","og_image":[{"width":1024,"height":682,"url":"https:\/\/expressometro.mx\/wp-content\/uploads\/2020\/07\/B59642DA-4A1C-4ACC-A230-4AA3D59589D4.jpeg","type":"image\/jpeg"}],"author":"Expresso Metropolitano","twitter_misc":{"Escrito por":"Expresso Metropolitano","Tiempo de lectura":"1 minuto"},"schema":{"@context":"https:\/\/schema.org","@graph":[{"@type":"Article","@id":"https:\/\/expressometro.mx\/index.php\/2020\/07\/06\/concluyo-paro-en-facultad-de-humanidades\/#article","isPartOf":{"@id":"https:\/\/expressometro.mx\/index.php\/2020\/07\/06\/concluyo-paro-en-facultad-de-humanidades\/"},"author":{"name":"Expresso Metropolitano","@id":"https:\/\/expressometro.mx\/#\/schema\/person\/efa971b4a0664db8ed5c22b1b0dd2f5d"},"headline":"Concluy\u00f3 paro en Facultad de Humanidades","datePublished":"2020-07-06T20:11:38+00:00","dateModified":"2020-07-06T20:11:39+00:00","mainEntityOfPage":{"@id":"https:\/\/expressometro.mx\/index.php\/2020\/07\/06\/concluyo-paro-en-facultad-de-humanidades\/"},"wordCount":269,"commentCount":0,"publisher":{"@id":"https:\/\/expressometro.mx\/#organization"},"image":{"@id":"https:\/\/expressometro.mx\/index.php\/2020\/07\/06\/concluyo-paro-en-facultad-de-humanidades\/#primaryimage"},"thumbnailUrl":"https:\/\/expressometro.mx\/wp-content\/uploads\/2020\/07\/B59642DA-4A1C-4ACC-A230-4AA3D59589D4.jpeg","articleSection":["Otros"],"inLanguage":"es","potentialAction":[{"@type":"CommentAction","name":"Comment","target":["https:\/\/expressometro.mx\/index.php\/2020\/07\/06\/concluyo-paro-en-facultad-de-humanidades\/#respond"]}]},{"@type":"WebPage","@id":"https:\/\/expressometro.mx\/index.php\/2020\/07\/06\/concluyo-paro-en-facultad-de-humanidades\/","url":"https:\/\/expressometro.mx\/index.php\/2020\/07\/06\/concluyo-paro-en-facultad-de-humanidades\/","name":"Concluy\u00f3 paro en Facultad de Humanidades - Expresso Metropolitano","isPartOf":{"@id":"https:\/\/expressometro.mx\/#website"},"primaryImageOfPage":{"@id":"https:\/\/expressometro.mx\/index.php\/2020\/07\/06\/concluyo-paro-en-facultad-de-humanidades\/#primaryimage"},"image":{"@id":"https:\/\/expressometro.mx\/index.php\/2020\/07\/06\/concluyo-paro-en-facultad-de-humanidades\/#primaryimage"},"thumbnailUrl":"https:\/\/expressometro.mx\/wp-content\/uploads\/2020\/07\/B59642DA-4A1C-4ACC-A230-4AA3D59589D4.jpeg","datePublished":"2020-07-06T20:11:38+00:00","dateModified":"2020-07-06T20:11:39+00:00","breadcrumb":{"@id":"https:\/\/expressometro.mx\/index.php\/2020\/07\/06\/concluyo-paro-en-facultad-de-humanidades\/#breadcrumb"},"inLanguage":"es","potentialAction":[{"@type":"ReadAction","target":["https:\/\/expressometro.mx\/index.php\/2020\/07\/06\/concluyo-paro-en-facultad-de-humanidades\/"]}]},{"@type":"ImageObject","inLanguage":"es","@id":"https:\/\/expressometro.mx\/index.php\/2020\/07\/06\/concluyo-paro-en-facultad-de-humanidades\/#primaryimage","url":"https:\/\/expressometro.mx\/wp-content\/uploads\/2020\/07\/B59642DA-4A1C-4ACC-A230-4AA3D59589D4.jpeg","contentUrl":"https:\/\/expressometro.mx\/wp-content\/uploads\/2020\/07\/B59642DA-4A1C-4ACC-A230-4AA3D59589D4.jpeg","width":1024,"height":682},{"@type":"BreadcrumbList","@id":"https:\/\/expressometro.mx\/index.php\/2020\/07\/06\/concluyo-paro-en-facultad-de-humanidades\/#breadcrumb","itemListElement":[{"@type":"ListItem","position":1,"name":"Inicio","item":"https:\/\/expressometro.mx\/"},{"@type":"ListItem","position":2,"name":"Concluy\u00f3 paro en Facultad de Humanidades"}]},{"@type":"WebSite","@id":"https:\/\/expressometro.mx\/#website","url":"https:\/\/expressometro.mx\/","name":"Expresso Metropolitano","description":"Periodismo comprometido, informaci\u00f3n, investigaci\u00f3n y an\u00e1lisis","publisher":{"@id":"https:\/\/expressometro.mx\/#organization"},"potentialAction":[{"@type":"SearchAction","target":{"@type":"EntryPoint","urlTemplate":"https:\/\/expressometro.mx\/?s={search_term_string}"},"query-input":{"@type":"PropertyValueSpecification","valueRequired":true,"valueName":"search_term_string"}}],"inLanguage":"es"},{"@type":"Organization","@id":"https:\/\/expressometro.mx\/#organization","name":"Expresso Metropolitano","url":"https:\/\/expressometro.mx\/","logo":{"@type":"ImageObject","inLanguage":"es","@id":"https:\/\/expressometro.mx\/#\/schema\/logo\/image\/","url":"https:\/\/expressometro.mx\/wp-content\/uploads\/2019\/07\/cropped-Logo-Expresso-Metropolitano-1-1.jpeg","contentUrl":"https:\/\/expressometro.mx\/wp-content\/uploads\/2019\/07\/cropped-Logo-Expresso-Metropolitano-1-1.jpeg","width":290,"height":73,"caption":"Expresso Metropolitano"},"image":{"@id":"https:\/\/expressometro.mx\/#\/schema\/logo\/image\/"}},{"@type":"Person","@id":"https:\/\/expressometro.mx\/#\/schema\/person\/efa971b4a0664db8ed5c22b1b0dd2f5d","name":"Expresso Metropolitano","image":{"@type":"ImageObject","inLanguage":"es","@id":"https:\/\/secure.gravatar.com\/avatar\/a89f802b8de18c6952f223c88d3d106e9e3679839f4e25a02f4a6cc2ae6ba3b3?s=96&d=mm&r=g","url":"https:\/\/secure.gravatar.com\/avatar\/a89f802b8de18c6952f223c88d3d106e9e3679839f4e25a02f4a6cc2ae6ba3b3?s=96&d=mm&r=g","contentUrl":"https:\/\/secure.gravatar.com\/avatar\/a89f802b8de18c6952f223c88d3d106e9e3679839f4e25a02f4a6cc2ae6ba3b3?s=96&d=mm&r=g","caption":"Expresso Metropolitano"},"url":"https:\/\/expressometro.mx\/index.php\/author\/diego\/"}]}},"amp_enabled":true,"_links":{"self":[{"href":"https:\/\/expressometro.mx\/index.php\/wp-json\/wp\/v2\/posts\/1636","targetHints":{"allow":["GET"]}}],"collection":[{"href":"https:\/\/expressometro.mx\/index.php\/wp-json\/wp\/v2\/posts"}],"about":[{"href":"https:\/\/expressometro.mx\/index.php\/wp-json\/wp\/v2\/types\/post"}],"author":[{"embeddable":true,"href":"https:\/\/expressometro.mx\/index.php\/wp-json\/wp\/v2\/users\/1"}],"replies":[{"embeddable":true,"href":"https:\/\/expressometro.mx\/index.php\/wp-json\/wp\/v2\/comments?post=1636"}],"version-history":[{"count":1,"href":"https:\/\/expressometro.mx\/index.php\/wp-json\/wp\/v2\/posts\/1636\/revisions"}],"predecessor-version":[{"id":1638,"href":"https:\/\/expressometro.mx\/index.php\/wp-json\/wp\/v2\/posts\/1636\/revisions\/1638"}],"wp:featuredmedia":[{"embeddable":true,"href":"https:\/\/expressometro.mx\/index.php\/wp-json\/wp\/v2\/media\/1637"}],"wp:attachment":[{"href":"https:\/\/expressometro.mx\/index.php\/wp-json\/wp\/v2\/media?parent=1636"}],"wp:term":[{"taxonomy":"category","embeddable":true,"href":"https:\/\/expressometro.mx\/index.php\/wp-json\/wp\/v2\/categories?post=1636"},{"taxonomy":"post_tag","embeddable":true,"href":"https:\/\/expressometro.mx\/index.php\/wp-json\/wp\/v2\/tags?post=1636"}],"curies":[{"name":"wp","href":"https:\/\/api.w.org\/{rel}","templated":true}]}}