{"id":1626,"date":"2020-07-01T19:15:34","date_gmt":"2020-07-02T00:15:34","guid":{"rendered":"http:\/\/expressometro.mx\/?p=1626"},"modified":"2020-07-01T19:15:35","modified_gmt":"2020-07-02T00:15:35","slug":"afirma-alfredo-del-mazo-que-edomex-se-prepara-para-avanzar-a-la-reactivacion-de-las-actividades-y-de-la-economia-familiar","status":"publish","type":"post","link":"https:\/\/expressometro.mx\/index.php\/2020\/07\/01\/afirma-alfredo-del-mazo-que-edomex-se-prepara-para-avanzar-a-la-reactivacion-de-las-actividades-y-de-la-economia-familiar\/","title":{"rendered":"AFIRMA ALFREDO DEL MAZO QUE EDOM\u00c9X SE PREPARA PARA AVANZAR A LA REACTIVACI\u00d3N DE LAS ACTIVIDADES Y DE LA ECONOM\u00cdA FAMILIAR"},"content":{"rendered":"\n<p>Al poner en marcha el M\u00f3dulo Hospitalario Temporal de la Unidad M\u00e9dica de Atenci\u00f3n Ambulatoria en Tlalnepantla, junto con el Director General del IMSS, Zo\u00e9 Robledo, el Gobernador Alfredo Del Mazo Maza subray\u00f3 que la habilitaci\u00f3n de este tipo de espacios es parte de los esfuerzos que el Estado de M\u00e9xico realiza para estar preparados de cara a la siguiente fase de la contingencia sanitaria por COVID-19. <\/p>\n\n\n\n<p>Asimismo, asegur\u00f3 que este m\u00f3dulo permitir\u00e1 aumentar la capacidad hospitalaria en el Valle de M\u00e9xico, e indic\u00f3 que durante las \u00faltimas semanas ha disminuido la cantidad de hospitalizados por esta enfermedad, y que los contagios registran una disminuci\u00f3n en dicha zona metropolitana, por lo que recalc\u00f3 que esta semana debe ser de preparaci\u00f3n para retomar las actividades y reactivar la econom\u00eda de las familias. <\/p>\n\n\n\n<p>&#8220;Esto es parte de los esfuerzos que adem\u00e1s se hacen para estar lo m\u00e1s preparados posibles para la siguiente fase a la que vamos entrar en pr\u00f3ximos d\u00edas. <\/p>\n\n\n\n<p>&#8220;Estamos justamente esta semana en el Estado de M\u00e9xico en una preparaci\u00f3n para pasar a la siguiente fase, esperemos sea ya en los pr\u00f3ximos d\u00edas, es muy importante seguir haciendo el mayor esfuerzo posible por cuidar de la salud, manteniendo las medidas de prevenci\u00f3n y de sana distancia&#8221;, puntualiz\u00f3. <\/p>\n\n\n\n<p>El mandatario mexiquense consider\u00f3 que el regreso a las actividades es fundamental para apoyar a la econom\u00eda de las familias, no obstante, se\u00f1al\u00f3 que el retorno debe darse de forma ordenada, planeada y responsable. <\/p>\n\n\n\n<p>Luego de recorrer las instalaciones de este m\u00f3dulo de atenci\u00f3n m\u00e9dica, respetando las medidas sanitarias correspondientes, Alfredo Del Mazo asegur\u00f3 que la administraci\u00f3n mexiquense y el Instituto Mexicano del Seguro Social (IMSS) mantienen una colaboraci\u00f3n cercana y permanente durante la pandemia. <\/p>\n\n\n\n<p>Especific\u00f3 que desde hace dos meses y medio el Gobierno estatal y el IMSS mantienen un convenio para que el Seguro Social reciba a cualquier persona, a\u00fan sin ser derechohabiente, pues el objetivo es ofrecer una atenci\u00f3n mejor y frenar la propagaci\u00f3n del coronavirus. <\/p>\n\n\n\n<p>&#8220;Trabajando el Gobierno federal y el Gobierno estatal, pensando siempre en el bienestar de las familias del Estado de M\u00e9xico, en atender la salud de quienes lo han necesitado y en sumar esfuerzos y hacer sinergias para que juntos podamos darle una mejor atenci\u00f3n a todas las personas que lo han requerido&#8221;, extern\u00f3. <\/p>\n\n\n\n<p>En presencia de Rogelio Zambrano, Presidente del Consejo de Administraci\u00f3n CEMEX y de Arturo Olivares, Secretario General de SNTSS, el Gobernador Del Mazo reconoci\u00f3 a todo el personal m\u00e9dico de la entidad y del pa\u00eds que ha hecho el mayor esfuerzo por ayudar en esta contingencia, y agreg\u00f3 que gracias al gran sistema de salud federal y estatal, es que se puede tener solidez para avanzar a la siguiente etapa en los pr\u00f3ximos d\u00edas. <\/p>\n\n\n\n<p>Del Mazo Maza tambi\u00e9n exhort\u00f3 a la sociedad a mantener los cuidados en la siguiente fase de la pandemia, siguiendo las recomendaciones de expertos y cuidando el bienestar personal. <\/p>\n\n\n\n<p>&#8220;Hacer un llamado muy importante a todas las familias, que  en esta etapa que viene, lo m\u00e1s importante es que cada uno de nosotros cuidamos de nosotros mismos, y la mejor manera de hacerlo, es siguiendo las recomendaciones de los expertos con, yo dir\u00eda, dos acciones muy fundamentales que hemos estado insistiendo y que a partir de esta etapa de regreso ser\u00e1n muy importantes, y es, el mantener la sana distancia y el uso del cubrebocas&#8221;, indic\u00f3. <\/p>\n\n\n\n<p>Zo\u00e9 Robledo Aburto, Director General del IMSS, reconoci\u00f3 la disposici\u00f3n al trabajo en equipo por parte del Gobernador Alfredo Del Mazo, y subray\u00f3 que a pesar de las dificultades en esta contingencia, la administraci\u00f3n del Edom\u00e9x mantiene el \u00e1nimo de construir soluciones en beneficio de las personas,  y dijo que la sociedad mexiquense debe estar segura que se han hecho todos los esfuerzos para que nadie se quede sin una cama de hospital o sin la oportunidad de tener un ventilador y la atenci\u00f3n correspondiente.  <\/p>\n\n\n\n<p>Rogelio Zambrano Lozano, Presidente del Consejo de Administraci\u00f3n CEMEX, explic\u00f3 que el inmueble fue construido en un tiempo r\u00e9cord de 21 d\u00edas, y que en la edificaci\u00f3n se utilizaron materiales especiales, como concreto, pintura y pisos antibacteriales, adem\u00e1s que este mismo modelo se ha llevado ya a otras ocho regiones del pa\u00eds, con lo que esta empresa contribuye a incrementar la capacidad hospitalaria y poder recibir a m\u00e1s pacientes.<\/p>\n\n\n\n<figure class=\"wp-block-video\"><video height=\"480\" style=\"aspect-ratio: 640 \/ 480;\" width=\"640\" controls src=\"http:\/\/expressometro.mx\/wp-content\/uploads\/2020\/07\/IMG_4148.3gp\"><\/video><\/figure>\n","protected":false},"excerpt":{"rendered":"<p>Al poner en marcha el M\u00f3dulo Hospitalario Temporal de la Unidad M\u00e9dica de Atenci\u00f3n Ambulatoria en Tlalnepantla, junto con el Director General del IMSS, Zo\u00e9 Robledo, el Gobernador Alfredo Del Mazo Maza subray\u00f3 que la habilitaci\u00f3n de este tipo de espacios es parte de los esfuerzos que el Estado de M\u00e9xico realiza para estar preparados de cara a la siguiente fase de la contingencia sanitaria por COVID-19. Asimismo, asegur\u00f3 que este m\u00f3dulo permitir\u00e1 aumentar la capacidad hospitalaria en el Valle de M\u00e9xico, e indic\u00f3 que durante las \u00faltimas semanas ha&hellip;<\/p>\n","protected":false},"author":1,"featured_media":1628,"comment_status":"open","ping_status":"open","sticky":false,"template":"","format":"standard","meta":{"footnotes":""},"categories":[1],"tags":[],"class_list":["post-1626","post","type-post","status-publish","format-standard","has-post-thumbnail","hentry","category-otros"],"yoast_head":"<!-- This site is optimized with the Yoast SEO plugin v27.4 - https:\/\/yoast.com\/product\/yoast-seo-wordpress\/ -->\n<title>AFIRMA ALFREDO DEL MAZO QUE EDOM\u00c9X SE PREPARA PARA AVANZAR A LA REACTIVACI\u00d3N DE LAS ACTIVIDADES Y DE LA ECONOM\u00cdA FAMILIAR - Expresso Metropolitano<\/title>\n<meta name=\"robots\" content=\"index, follow, max-snippet:-1, max-image-preview:large, max-video-preview:-1\" \/>\n<link rel=\"canonical\" href=\"https:\/\/expressometro.mx\/index.php\/2020\/07\/01\/afirma-alfredo-del-mazo-que-edomex-se-prepara-para-avanzar-a-la-reactivacion-de-las-actividades-y-de-la-economia-familiar\/\" \/>\n<meta property=\"og:locale\" content=\"es_MX\" \/>\n<meta property=\"og:type\" content=\"article\" \/>\n<meta property=\"og:title\" content=\"AFIRMA ALFREDO DEL MAZO QUE EDOM\u00c9X SE PREPARA PARA AVANZAR A LA REACTIVACI\u00d3N DE LAS ACTIVIDADES Y DE LA ECONOM\u00cdA FAMILIAR - Expresso Metropolitano\" \/>\n<meta property=\"og:description\" content=\"Al poner en marcha el M\u00f3dulo Hospitalario Temporal de la Unidad M\u00e9dica de Atenci\u00f3n Ambulatoria en Tlalnepantla, junto con el Director General del IMSS, Zo\u00e9 Robledo, el Gobernador Alfredo Del Mazo Maza subray\u00f3 que la habilitaci\u00f3n de este tipo de espacios es parte de los esfuerzos que el Estado de M\u00e9xico realiza para estar preparados de cara a la siguiente fase de la contingencia sanitaria por COVID-19. Asimismo, asegur\u00f3 que este m\u00f3dulo permitir\u00e1 aumentar la capacidad hospitalaria en el Valle de M\u00e9xico, e indic\u00f3 que durante las \u00faltimas semanas ha&hellip;\" \/>\n<meta property=\"og:url\" content=\"https:\/\/expressometro.mx\/index.php\/2020\/07\/01\/afirma-alfredo-del-mazo-que-edomex-se-prepara-para-avanzar-a-la-reactivacion-de-las-actividades-y-de-la-economia-familiar\/\" \/>\n<meta property=\"og:site_name\" content=\"Expresso Metropolitano\" \/>\n<meta property=\"article:published_time\" content=\"2020-07-02T00:15:34+00:00\" \/>\n<meta property=\"article:modified_time\" content=\"2020-07-02T00:15:35+00:00\" \/>\n<meta property=\"og:image\" content=\"https:\/\/expressometro.mx\/wp-content\/uploads\/2020\/07\/969883A3-1272-4C63-9C27-4B5FDF31D3D3.jpeg\" \/>\n\t<meta property=\"og:image:width\" content=\"1280\" \/>\n\t<meta property=\"og:image:height\" content=\"864\" \/>\n\t<meta property=\"og:image:type\" content=\"image\/jpeg\" \/>\n<meta name=\"author\" content=\"Expresso Metropolitano\" \/>\n<meta name=\"twitter:label1\" content=\"Escrito por\" \/>\n\t<meta name=\"twitter:data1\" content=\"Expresso Metropolitano\" \/>\n\t<meta name=\"twitter:label2\" content=\"Tiempo de lectura\" \/>\n\t<meta name=\"twitter:data2\" content=\"4 minutos\" \/>\n<script type=\"application\/ld+json\" class=\"yoast-schema-graph\">{\"@context\":\"https:\\\/\\\/schema.org\",\"@graph\":[{\"@type\":\"Article\",\"@id\":\"https:\\\/\\\/expressometro.mx\\\/index.php\\\/2020\\\/07\\\/01\\\/afirma-alfredo-del-mazo-que-edomex-se-prepara-para-avanzar-a-la-reactivacion-de-las-actividades-y-de-la-economia-familiar\\\/#article\",\"isPartOf\":{\"@id\":\"https:\\\/\\\/expressometro.mx\\\/index.php\\\/2020\\\/07\\\/01\\\/afirma-alfredo-del-mazo-que-edomex-se-prepara-para-avanzar-a-la-reactivacion-de-las-actividades-y-de-la-economia-familiar\\\/\"},\"author\":{\"name\":\"Expresso Metropolitano\",\"@id\":\"https:\\\/\\\/expressometro.mx\\\/#\\\/schema\\\/person\\\/efa971b4a0664db8ed5c22b1b0dd2f5d\"},\"headline\":\"AFIRMA ALFREDO DEL MAZO QUE EDOM\u00c9X SE PREPARA PARA AVANZAR A LA REACTIVACI\u00d3N DE LAS ACTIVIDADES Y DE LA ECONOM\u00cdA FAMILIAR\",\"datePublished\":\"2020-07-02T00:15:34+00:00\",\"dateModified\":\"2020-07-02T00:15:35+00:00\",\"mainEntityOfPage\":{\"@id\":\"https:\\\/\\\/expressometro.mx\\\/index.php\\\/2020\\\/07\\\/01\\\/afirma-alfredo-del-mazo-que-edomex-se-prepara-para-avanzar-a-la-reactivacion-de-las-actividades-y-de-la-economia-familiar\\\/\"},\"wordCount\":788,\"commentCount\":0,\"publisher\":{\"@id\":\"https:\\\/\\\/expressometro.mx\\\/#organization\"},\"image\":{\"@id\":\"https:\\\/\\\/expressometro.mx\\\/index.php\\\/2020\\\/07\\\/01\\\/afirma-alfredo-del-mazo-que-edomex-se-prepara-para-avanzar-a-la-reactivacion-de-las-actividades-y-de-la-economia-familiar\\\/#primaryimage\"},\"thumbnailUrl\":\"https:\\\/\\\/expressometro.mx\\\/wp-content\\\/uploads\\\/2020\\\/07\\\/969883A3-1272-4C63-9C27-4B5FDF31D3D3.jpeg\",\"articleSection\":[\"Otros\"],\"inLanguage\":\"es\",\"potentialAction\":[{\"@type\":\"CommentAction\",\"name\":\"Comment\",\"target\":[\"https:\\\/\\\/expressometro.mx\\\/index.php\\\/2020\\\/07\\\/01\\\/afirma-alfredo-del-mazo-que-edomex-se-prepara-para-avanzar-a-la-reactivacion-de-las-actividades-y-de-la-economia-familiar\\\/#respond\"]}]},{\"@type\":\"WebPage\",\"@id\":\"https:\\\/\\\/expressometro.mx\\\/index.php\\\/2020\\\/07\\\/01\\\/afirma-alfredo-del-mazo-que-edomex-se-prepara-para-avanzar-a-la-reactivacion-de-las-actividades-y-de-la-economia-familiar\\\/\",\"url\":\"https:\\\/\\\/expressometro.mx\\\/index.php\\\/2020\\\/07\\\/01\\\/afirma-alfredo-del-mazo-que-edomex-se-prepara-para-avanzar-a-la-reactivacion-de-las-actividades-y-de-la-economia-familiar\\\/\",\"name\":\"AFIRMA ALFREDO DEL MAZO QUE EDOM\u00c9X SE PREPARA PARA AVANZAR A LA REACTIVACI\u00d3N DE LAS ACTIVIDADES Y DE LA ECONOM\u00cdA FAMILIAR - Expresso Metropolitano\",\"isPartOf\":{\"@id\":\"https:\\\/\\\/expressometro.mx\\\/#website\"},\"primaryImageOfPage\":{\"@id\":\"https:\\\/\\\/expressometro.mx\\\/index.php\\\/2020\\\/07\\\/01\\\/afirma-alfredo-del-mazo-que-edomex-se-prepara-para-avanzar-a-la-reactivacion-de-las-actividades-y-de-la-economia-familiar\\\/#primaryimage\"},\"image\":{\"@id\":\"https:\\\/\\\/expressometro.mx\\\/index.php\\\/2020\\\/07\\\/01\\\/afirma-alfredo-del-mazo-que-edomex-se-prepara-para-avanzar-a-la-reactivacion-de-las-actividades-y-de-la-economia-familiar\\\/#primaryimage\"},\"thumbnailUrl\":\"https:\\\/\\\/expressometro.mx\\\/wp-content\\\/uploads\\\/2020\\\/07\\\/969883A3-1272-4C63-9C27-4B5FDF31D3D3.jpeg\",\"datePublished\":\"2020-07-02T00:15:34+00:00\",\"dateModified\":\"2020-07-02T00:15:35+00:00\",\"breadcrumb\":{\"@id\":\"https:\\\/\\\/expressometro.mx\\\/index.php\\\/2020\\\/07\\\/01\\\/afirma-alfredo-del-mazo-que-edomex-se-prepara-para-avanzar-a-la-reactivacion-de-las-actividades-y-de-la-economia-familiar\\\/#breadcrumb\"},\"inLanguage\":\"es\",\"potentialAction\":[{\"@type\":\"ReadAction\",\"target\":[\"https:\\\/\\\/expressometro.mx\\\/index.php\\\/2020\\\/07\\\/01\\\/afirma-alfredo-del-mazo-que-edomex-se-prepara-para-avanzar-a-la-reactivacion-de-las-actividades-y-de-la-economia-familiar\\\/\"]}]},{\"@type\":\"ImageObject\",\"inLanguage\":\"es\",\"@id\":\"https:\\\/\\\/expressometro.mx\\\/index.php\\\/2020\\\/07\\\/01\\\/afirma-alfredo-del-mazo-que-edomex-se-prepara-para-avanzar-a-la-reactivacion-de-las-actividades-y-de-la-economia-familiar\\\/#primaryimage\",\"url\":\"https:\\\/\\\/expressometro.mx\\\/wp-content\\\/uploads\\\/2020\\\/07\\\/969883A3-1272-4C63-9C27-4B5FDF31D3D3.jpeg\",\"contentUrl\":\"https:\\\/\\\/expressometro.mx\\\/wp-content\\\/uploads\\\/2020\\\/07\\\/969883A3-1272-4C63-9C27-4B5FDF31D3D3.jpeg\",\"width\":1280,\"height\":864},{\"@type\":\"BreadcrumbList\",\"@id\":\"https:\\\/\\\/expressometro.mx\\\/index.php\\\/2020\\\/07\\\/01\\\/afirma-alfredo-del-mazo-que-edomex-se-prepara-para-avanzar-a-la-reactivacion-de-las-actividades-y-de-la-economia-familiar\\\/#breadcrumb\",\"itemListElement\":[{\"@type\":\"ListItem\",\"position\":1,\"name\":\"Inicio\",\"item\":\"https:\\\/\\\/expressometro.mx\\\/\"},{\"@type\":\"ListItem\",\"position\":2,\"name\":\"AFIRMA ALFREDO DEL MAZO QUE EDOM\u00c9X SE PREPARA PARA AVANZAR A LA REACTIVACI\u00d3N DE LAS ACTIVIDADES Y DE LA ECONOM\u00cdA FAMILIAR\"}]},{\"@type\":\"WebSite\",\"@id\":\"https:\\\/\\\/expressometro.mx\\\/#website\",\"url\":\"https:\\\/\\\/expressometro.mx\\\/\",\"name\":\"Expresso Metropolitano\",\"description\":\"Periodismo comprometido, informaci\u00f3n, investigaci\u00f3n y an\u00e1lisis\",\"publisher\":{\"@id\":\"https:\\\/\\\/expressometro.mx\\\/#organization\"},\"potentialAction\":[{\"@type\":\"SearchAction\",\"target\":{\"@type\":\"EntryPoint\",\"urlTemplate\":\"https:\\\/\\\/expressometro.mx\\\/?s={search_term_string}\"},\"query-input\":{\"@type\":\"PropertyValueSpecification\",\"valueRequired\":true,\"valueName\":\"search_term_string\"}}],\"inLanguage\":\"es\"},{\"@type\":\"Organization\",\"@id\":\"https:\\\/\\\/expressometro.mx\\\/#organization\",\"name\":\"Expresso Metropolitano\",\"url\":\"https:\\\/\\\/expressometro.mx\\\/\",\"logo\":{\"@type\":\"ImageObject\",\"inLanguage\":\"es\",\"@id\":\"https:\\\/\\\/expressometro.mx\\\/#\\\/schema\\\/logo\\\/image\\\/\",\"url\":\"https:\\\/\\\/expressometro.mx\\\/wp-content\\\/uploads\\\/2019\\\/07\\\/cropped-Logo-Expresso-Metropolitano-1-1.jpeg\",\"contentUrl\":\"https:\\\/\\\/expressometro.mx\\\/wp-content\\\/uploads\\\/2019\\\/07\\\/cropped-Logo-Expresso-Metropolitano-1-1.jpeg\",\"width\":290,\"height\":73,\"caption\":\"Expresso Metropolitano\"},\"image\":{\"@id\":\"https:\\\/\\\/expressometro.mx\\\/#\\\/schema\\\/logo\\\/image\\\/\"}},{\"@type\":\"Person\",\"@id\":\"https:\\\/\\\/expressometro.mx\\\/#\\\/schema\\\/person\\\/efa971b4a0664db8ed5c22b1b0dd2f5d\",\"name\":\"Expresso Metropolitano\",\"image\":{\"@type\":\"ImageObject\",\"inLanguage\":\"es\",\"@id\":\"https:\\\/\\\/secure.gravatar.com\\\/avatar\\\/a89f802b8de18c6952f223c88d3d106e9e3679839f4e25a02f4a6cc2ae6ba3b3?s=96&d=mm&r=g\",\"url\":\"https:\\\/\\\/secure.gravatar.com\\\/avatar\\\/a89f802b8de18c6952f223c88d3d106e9e3679839f4e25a02f4a6cc2ae6ba3b3?s=96&d=mm&r=g\",\"contentUrl\":\"https:\\\/\\\/secure.gravatar.com\\\/avatar\\\/a89f802b8de18c6952f223c88d3d106e9e3679839f4e25a02f4a6cc2ae6ba3b3?s=96&d=mm&r=g\",\"caption\":\"Expresso Metropolitano\"},\"url\":\"https:\\\/\\\/expressometro.mx\\\/index.php\\\/author\\\/diego\\\/\"}]}<\/script>\n<!-- \/ Yoast SEO plugin. -->","yoast_head_json":{"title":"AFIRMA ALFREDO DEL MAZO QUE EDOM\u00c9X SE PREPARA PARA AVANZAR A LA REACTIVACI\u00d3N DE LAS ACTIVIDADES Y DE LA ECONOM\u00cdA FAMILIAR - Expresso Metropolitano","robots":{"index":"index","follow":"follow","max-snippet":"max-snippet:-1","max-image-preview":"max-image-preview:large","max-video-preview":"max-video-preview:-1"},"canonical":"https:\/\/expressometro.mx\/index.php\/2020\/07\/01\/afirma-alfredo-del-mazo-que-edomex-se-prepara-para-avanzar-a-la-reactivacion-de-las-actividades-y-de-la-economia-familiar\/","og_locale":"es_MX","og_type":"article","og_title":"AFIRMA ALFREDO DEL MAZO QUE EDOM\u00c9X SE PREPARA PARA AVANZAR A LA REACTIVACI\u00d3N DE LAS ACTIVIDADES Y DE LA ECONOM\u00cdA FAMILIAR - Expresso Metropolitano","og_description":"Al poner en marcha el M\u00f3dulo Hospitalario Temporal de la Unidad M\u00e9dica de Atenci\u00f3n Ambulatoria en Tlalnepantla, junto con el Director General del IMSS, Zo\u00e9 Robledo, el Gobernador Alfredo Del Mazo Maza subray\u00f3 que la habilitaci\u00f3n de este tipo de espacios es parte de los esfuerzos que el Estado de M\u00e9xico realiza para estar preparados de cara a la siguiente fase de la contingencia sanitaria por COVID-19. Asimismo, asegur\u00f3 que este m\u00f3dulo permitir\u00e1 aumentar la capacidad hospitalaria en el Valle de M\u00e9xico, e indic\u00f3 que durante las \u00faltimas semanas ha&hellip;","og_url":"https:\/\/expressometro.mx\/index.php\/2020\/07\/01\/afirma-alfredo-del-mazo-que-edomex-se-prepara-para-avanzar-a-la-reactivacion-de-las-actividades-y-de-la-economia-familiar\/","og_site_name":"Expresso Metropolitano","article_published_time":"2020-07-02T00:15:34+00:00","article_modified_time":"2020-07-02T00:15:35+00:00","og_image":[{"width":1280,"height":864,"url":"https:\/\/expressometro.mx\/wp-content\/uploads\/2020\/07\/969883A3-1272-4C63-9C27-4B5FDF31D3D3.jpeg","type":"image\/jpeg"}],"author":"Expresso Metropolitano","twitter_misc":{"Escrito por":"Expresso Metropolitano","Tiempo de lectura":"4 minutos"},"schema":{"@context":"https:\/\/schema.org","@graph":[{"@type":"Article","@id":"https:\/\/expressometro.mx\/index.php\/2020\/07\/01\/afirma-alfredo-del-mazo-que-edomex-se-prepara-para-avanzar-a-la-reactivacion-de-las-actividades-y-de-la-economia-familiar\/#article","isPartOf":{"@id":"https:\/\/expressometro.mx\/index.php\/2020\/07\/01\/afirma-alfredo-del-mazo-que-edomex-se-prepara-para-avanzar-a-la-reactivacion-de-las-actividades-y-de-la-economia-familiar\/"},"author":{"name":"Expresso Metropolitano","@id":"https:\/\/expressometro.mx\/#\/schema\/person\/efa971b4a0664db8ed5c22b1b0dd2f5d"},"headline":"AFIRMA ALFREDO DEL MAZO QUE EDOM\u00c9X SE PREPARA PARA AVANZAR A LA REACTIVACI\u00d3N DE LAS ACTIVIDADES Y DE LA ECONOM\u00cdA FAMILIAR","datePublished":"2020-07-02T00:15:34+00:00","dateModified":"2020-07-02T00:15:35+00:00","mainEntityOfPage":{"@id":"https:\/\/expressometro.mx\/index.php\/2020\/07\/01\/afirma-alfredo-del-mazo-que-edomex-se-prepara-para-avanzar-a-la-reactivacion-de-las-actividades-y-de-la-economia-familiar\/"},"wordCount":788,"commentCount":0,"publisher":{"@id":"https:\/\/expressometro.mx\/#organization"},"image":{"@id":"https:\/\/expressometro.mx\/index.php\/2020\/07\/01\/afirma-alfredo-del-mazo-que-edomex-se-prepara-para-avanzar-a-la-reactivacion-de-las-actividades-y-de-la-economia-familiar\/#primaryimage"},"thumbnailUrl":"https:\/\/expressometro.mx\/wp-content\/uploads\/2020\/07\/969883A3-1272-4C63-9C27-4B5FDF31D3D3.jpeg","articleSection":["Otros"],"inLanguage":"es","potentialAction":[{"@type":"CommentAction","name":"Comment","target":["https:\/\/expressometro.mx\/index.php\/2020\/07\/01\/afirma-alfredo-del-mazo-que-edomex-se-prepara-para-avanzar-a-la-reactivacion-de-las-actividades-y-de-la-economia-familiar\/#respond"]}]},{"@type":"WebPage","@id":"https:\/\/expressometro.mx\/index.php\/2020\/07\/01\/afirma-alfredo-del-mazo-que-edomex-se-prepara-para-avanzar-a-la-reactivacion-de-las-actividades-y-de-la-economia-familiar\/","url":"https:\/\/expressometro.mx\/index.php\/2020\/07\/01\/afirma-alfredo-del-mazo-que-edomex-se-prepara-para-avanzar-a-la-reactivacion-de-las-actividades-y-de-la-economia-familiar\/","name":"AFIRMA ALFREDO DEL MAZO QUE EDOM\u00c9X SE PREPARA PARA AVANZAR A LA REACTIVACI\u00d3N DE LAS ACTIVIDADES Y DE LA ECONOM\u00cdA FAMILIAR - Expresso Metropolitano","isPartOf":{"@id":"https:\/\/expressometro.mx\/#website"},"primaryImageOfPage":{"@id":"https:\/\/expressometro.mx\/index.php\/2020\/07\/01\/afirma-alfredo-del-mazo-que-edomex-se-prepara-para-avanzar-a-la-reactivacion-de-las-actividades-y-de-la-economia-familiar\/#primaryimage"},"image":{"@id":"https:\/\/expressometro.mx\/index.php\/2020\/07\/01\/afirma-alfredo-del-mazo-que-edomex-se-prepara-para-avanzar-a-la-reactivacion-de-las-actividades-y-de-la-economia-familiar\/#primaryimage"},"thumbnailUrl":"https:\/\/expressometro.mx\/wp-content\/uploads\/2020\/07\/969883A3-1272-4C63-9C27-4B5FDF31D3D3.jpeg","datePublished":"2020-07-02T00:15:34+00:00","dateModified":"2020-07-02T00:15:35+00:00","breadcrumb":{"@id":"https:\/\/expressometro.mx\/index.php\/2020\/07\/01\/afirma-alfredo-del-mazo-que-edomex-se-prepara-para-avanzar-a-la-reactivacion-de-las-actividades-y-de-la-economia-familiar\/#breadcrumb"},"inLanguage":"es","potentialAction":[{"@type":"ReadAction","target":["https:\/\/expressometro.mx\/index.php\/2020\/07\/01\/afirma-alfredo-del-mazo-que-edomex-se-prepara-para-avanzar-a-la-reactivacion-de-las-actividades-y-de-la-economia-familiar\/"]}]},{"@type":"ImageObject","inLanguage":"es","@id":"https:\/\/expressometro.mx\/index.php\/2020\/07\/01\/afirma-alfredo-del-mazo-que-edomex-se-prepara-para-avanzar-a-la-reactivacion-de-las-actividades-y-de-la-economia-familiar\/#primaryimage","url":"https:\/\/expressometro.mx\/wp-content\/uploads\/2020\/07\/969883A3-1272-4C63-9C27-4B5FDF31D3D3.jpeg","contentUrl":"https:\/\/expressometro.mx\/wp-content\/uploads\/2020\/07\/969883A3-1272-4C63-9C27-4B5FDF31D3D3.jpeg","width":1280,"height":864},{"@type":"BreadcrumbList","@id":"https:\/\/expressometro.mx\/index.php\/2020\/07\/01\/afirma-alfredo-del-mazo-que-edomex-se-prepara-para-avanzar-a-la-reactivacion-de-las-actividades-y-de-la-economia-familiar\/#breadcrumb","itemListElement":[{"@type":"ListItem","position":1,"name":"Inicio","item":"https:\/\/expressometro.mx\/"},{"@type":"ListItem","position":2,"name":"AFIRMA ALFREDO DEL MAZO QUE EDOM\u00c9X SE PREPARA PARA AVANZAR A LA REACTIVACI\u00d3N DE LAS ACTIVIDADES Y DE LA ECONOM\u00cdA FAMILIAR"}]},{"@type":"WebSite","@id":"https:\/\/expressometro.mx\/#website","url":"https:\/\/expressometro.mx\/","name":"Expresso Metropolitano","description":"Periodismo comprometido, informaci\u00f3n, investigaci\u00f3n y an\u00e1lisis","publisher":{"@id":"https:\/\/expressometro.mx\/#organization"},"potentialAction":[{"@type":"SearchAction","target":{"@type":"EntryPoint","urlTemplate":"https:\/\/expressometro.mx\/?s={search_term_string}"},"query-input":{"@type":"PropertyValueSpecification","valueRequired":true,"valueName":"search_term_string"}}],"inLanguage":"es"},{"@type":"Organization","@id":"https:\/\/expressometro.mx\/#organization","name":"Expresso Metropolitano","url":"https:\/\/expressometro.mx\/","logo":{"@type":"ImageObject","inLanguage":"es","@id":"https:\/\/expressometro.mx\/#\/schema\/logo\/image\/","url":"https:\/\/expressometro.mx\/wp-content\/uploads\/2019\/07\/cropped-Logo-Expresso-Metropolitano-1-1.jpeg","contentUrl":"https:\/\/expressometro.mx\/wp-content\/uploads\/2019\/07\/cropped-Logo-Expresso-Metropolitano-1-1.jpeg","width":290,"height":73,"caption":"Expresso Metropolitano"},"image":{"@id":"https:\/\/expressometro.mx\/#\/schema\/logo\/image\/"}},{"@type":"Person","@id":"https:\/\/expressometro.mx\/#\/schema\/person\/efa971b4a0664db8ed5c22b1b0dd2f5d","name":"Expresso Metropolitano","image":{"@type":"ImageObject","inLanguage":"es","@id":"https:\/\/secure.gravatar.com\/avatar\/a89f802b8de18c6952f223c88d3d106e9e3679839f4e25a02f4a6cc2ae6ba3b3?s=96&d=mm&r=g","url":"https:\/\/secure.gravatar.com\/avatar\/a89f802b8de18c6952f223c88d3d106e9e3679839f4e25a02f4a6cc2ae6ba3b3?s=96&d=mm&r=g","contentUrl":"https:\/\/secure.gravatar.com\/avatar\/a89f802b8de18c6952f223c88d3d106e9e3679839f4e25a02f4a6cc2ae6ba3b3?s=96&d=mm&r=g","caption":"Expresso Metropolitano"},"url":"https:\/\/expressometro.mx\/index.php\/author\/diego\/"}]}},"amp_enabled":true,"_links":{"self":[{"href":"https:\/\/expressometro.mx\/index.php\/wp-json\/wp\/v2\/posts\/1626","targetHints":{"allow":["GET"]}}],"collection":[{"href":"https:\/\/expressometro.mx\/index.php\/wp-json\/wp\/v2\/posts"}],"about":[{"href":"https:\/\/expressometro.mx\/index.php\/wp-json\/wp\/v2\/types\/post"}],"author":[{"embeddable":true,"href":"https:\/\/expressometro.mx\/index.php\/wp-json\/wp\/v2\/users\/1"}],"replies":[{"embeddable":true,"href":"https:\/\/expressometro.mx\/index.php\/wp-json\/wp\/v2\/comments?post=1626"}],"version-history":[{"count":1,"href":"https:\/\/expressometro.mx\/index.php\/wp-json\/wp\/v2\/posts\/1626\/revisions"}],"predecessor-version":[{"id":1629,"href":"https:\/\/expressometro.mx\/index.php\/wp-json\/wp\/v2\/posts\/1626\/revisions\/1629"}],"wp:featuredmedia":[{"embeddable":true,"href":"https:\/\/expressometro.mx\/index.php\/wp-json\/wp\/v2\/media\/1628"}],"wp:attachment":[{"href":"https:\/\/expressometro.mx\/index.php\/wp-json\/wp\/v2\/media?parent=1626"}],"wp:term":[{"taxonomy":"category","embeddable":true,"href":"https:\/\/expressometro.mx\/index.php\/wp-json\/wp\/v2\/categories?post=1626"},{"taxonomy":"post_tag","embeddable":true,"href":"https:\/\/expressometro.mx\/index.php\/wp-json\/wp\/v2\/tags?post=1626"}],"curies":[{"name":"wp","href":"https:\/\/api.w.org\/{rel}","templated":true}]}}