{"id":1621,"date":"2020-06-30T14:31:40","date_gmt":"2020-06-30T19:31:40","guid":{"rendered":"http:\/\/expressometro.mx\/?p=1621"},"modified":"2020-06-30T14:31:41","modified_gmt":"2020-06-30T19:31:41","slug":"en-edomex-se-refuerzan-los-apoyos-y-programas-para-apoyar-al-sector-empresarial-alfredo-del-mazo","status":"publish","type":"post","link":"https:\/\/expressometro.mx\/index.php\/2020\/06\/30\/en-edomex-se-refuerzan-los-apoyos-y-programas-para-apoyar-al-sector-empresarial-alfredo-del-mazo\/","title":{"rendered":"EN EDOM\u00c9X SE REFUERZAN LOS APOYOS Y PROGRAMAS PARA APOYAR AL SECTOR EMPRESARIAL: ALFREDO DEL MAZO"},"content":{"rendered":"\n<p>El Gobernador Alfredo Del Mazo Maza se\u00f1al\u00f3 que en el Estado de M\u00e9xico se continuar\u00e1 apoyando a la econom\u00eda familiar, por ello, en la entidad se refuerzan las acciones y programas sociales y econ\u00f3micos, que permitan salir adelante a los mexiquenses de la pandemia por COVID-19. <\/p>\n\n\n\n<p>En este sentido, inform\u00f3 que se apoyar\u00e1 a 45 mil empresas que generan casi 500 mil empleos, mediante programas y apoyos fiscales. <\/p>\n\n\n\n<p>\u201cEn el Estado de M\u00e9xico tenemos como prioridad el bienestar de las familias, por eso estamos reforzando los apoyos sociales y econ\u00f3micos, para que todos podamos salir adelante. <\/p>\n\n\n\n<p>\u201cSeguiremos actuando con responsabilidad y tambi\u00e9n con sensibilidad y compromiso para seguir apoyando a la econom\u00eda familiar\u201d, indic\u00f3 durante un mensaje a trav\u00e9s de redes sociales.<\/p>\n\n\n\n<p>\u201cEn los pr\u00f3ximos d\u00edas estaremos presentando programas y apoyos para la econom\u00eda familiar. Hoy actualizamos algunos de los apoyos dirigidos a la micro, peque\u00f1a y mediana empresa\u201d, agreg\u00f3.<\/p>\n\n\n\n<p>Del Mazo Maza inform\u00f3 que durante la pandemia por COVID-19 se han generado apoyos sociales, econ\u00f3micos y fiscales, que tienen como objetivo apoyar la econom\u00eda de las familias, cuidar el empleo y ayudar a las empresas que est\u00e1n en territorio mexiquense. <\/p>\n\n\n\n<p>Al respecto, indic\u00f3 que se ampliar\u00e1n los beneficios fiscales, con la prolongaci\u00f3n hasta el mes de agosto del subsidio del 50 por ciento del Impuesto Sobre N\u00f3mina a empresas con hasta 50 trabajadores, acci\u00f3n que beneficiar\u00e1 directamente a 43 mil negocios. <\/p>\n\n\n\n<p>Asimismo, las empresas que tengan entre 51 y 100 trabajadores, podr\u00e1n aplazar el pago del Impuesto Sobre la N\u00f3mina para octubre y noviembre, beneficiando a cerca de 2 mil de \u00e9stas.<\/p>\n\n\n\n<p>\u201cCon estas acciones apoyamos a m\u00e1s de 45 mil empresas que dan empleo a casi 500 mil trabajadores en nuestro estado\u201d, subray\u00f3.<\/p>\n\n\n\n<p>Alfredo Del Mazo puntualiz\u00f3 que se condonar\u00e1 el 100 por ciento del Impuesto Sobre Hospedaje durante el mes de julio y el mes de agosto y detall\u00f3 que tambi\u00e9n se mantiene bajo el mismo esquema el subsidio del 100 por ciento en el pago de la tenencia.<br><\/p>\n\n\n\n<figure class=\"wp-block-video\"><video height=\"848\" style=\"aspect-ratio: 480 \/ 848;\" width=\"480\" controls src=\"http:\/\/expressometro.mx\/wp-content\/uploads\/2020\/06\/IMG_4064.mp4\"><\/video><\/figure>\n","protected":false},"excerpt":{"rendered":"<p>El Gobernador Alfredo Del Mazo Maza se\u00f1al\u00f3 que en el Estado de M\u00e9xico se continuar\u00e1 apoyando a la econom\u00eda familiar, por ello, en la entidad se refuerzan las acciones y programas sociales y econ\u00f3micos, que permitan salir adelante a los mexiquenses de la pandemia por COVID-19. En este sentido, inform\u00f3 que se apoyar\u00e1 a 45 mil empresas que generan casi 500 mil empleos, mediante programas y apoyos fiscales. \u201cEn el Estado de M\u00e9xico tenemos como prioridad el bienestar de las familias, por eso estamos reforzando los apoyos sociales y econ\u00f3micos,&hellip;<\/p>\n","protected":false},"author":1,"featured_media":1623,"comment_status":"open","ping_status":"open","sticky":false,"template":"","format":"standard","meta":{"footnotes":""},"categories":[4,3],"tags":[],"class_list":["post-1621","post","type-post","status-publish","format-standard","has-post-thumbnail","hentry","category-finanzas","category-gobierno"],"yoast_head":"<!-- This site is optimized with the Yoast SEO plugin v27.5 - https:\/\/yoast.com\/product\/yoast-seo-wordpress\/ -->\n<title>EN EDOM\u00c9X SE REFUERZAN LOS APOYOS Y PROGRAMAS PARA APOYAR AL SECTOR EMPRESARIAL: ALFREDO DEL MAZO - Expresso Metropolitano<\/title>\n<meta name=\"robots\" content=\"index, follow, max-snippet:-1, max-image-preview:large, max-video-preview:-1\" \/>\n<link rel=\"canonical\" href=\"https:\/\/expressometro.mx\/index.php\/2020\/06\/30\/en-edomex-se-refuerzan-los-apoyos-y-programas-para-apoyar-al-sector-empresarial-alfredo-del-mazo\/\" \/>\n<meta property=\"og:locale\" content=\"es_MX\" \/>\n<meta property=\"og:type\" content=\"article\" \/>\n<meta property=\"og:title\" content=\"EN EDOM\u00c9X SE REFUERZAN LOS APOYOS Y PROGRAMAS PARA APOYAR AL SECTOR EMPRESARIAL: ALFREDO DEL MAZO - Expresso Metropolitano\" \/>\n<meta property=\"og:description\" content=\"El Gobernador Alfredo Del Mazo Maza se\u00f1al\u00f3 que en el Estado de M\u00e9xico se continuar\u00e1 apoyando a la econom\u00eda familiar, por ello, en la entidad se refuerzan las acciones y programas sociales y econ\u00f3micos, que permitan salir adelante a los mexiquenses de la pandemia por COVID-19. En este sentido, inform\u00f3 que se apoyar\u00e1 a 45 mil empresas que generan casi 500 mil empleos, mediante programas y apoyos fiscales. \u201cEn el Estado de M\u00e9xico tenemos como prioridad el bienestar de las familias, por eso estamos reforzando los apoyos sociales y econ\u00f3micos,&hellip;\" \/>\n<meta property=\"og:url\" content=\"https:\/\/expressometro.mx\/index.php\/2020\/06\/30\/en-edomex-se-refuerzan-los-apoyos-y-programas-para-apoyar-al-sector-empresarial-alfredo-del-mazo\/\" \/>\n<meta property=\"og:site_name\" content=\"Expresso Metropolitano\" \/>\n<meta property=\"article:published_time\" content=\"2020-06-30T19:31:40+00:00\" \/>\n<meta property=\"article:modified_time\" content=\"2020-06-30T19:31:41+00:00\" \/>\n<meta property=\"og:image\" content=\"https:\/\/expressometro.mx\/wp-content\/uploads\/2020\/06\/353CB4D3-D865-4BB7-BEDF-667B5D7E3D3F.jpeg\" \/>\n\t<meta property=\"og:image:width\" content=\"720\" \/>\n\t<meta property=\"og:image:height\" content=\"1280\" \/>\n\t<meta property=\"og:image:type\" content=\"image\/jpeg\" \/>\n<meta name=\"author\" content=\"Expresso Metropolitano\" \/>\n<meta name=\"twitter:label1\" content=\"Escrito por\" \/>\n\t<meta name=\"twitter:data1\" content=\"Expresso Metropolitano\" \/>\n\t<meta name=\"twitter:label2\" content=\"Tiempo de lectura\" \/>\n\t<meta name=\"twitter:data2\" content=\"2 minutos\" \/>\n<script type=\"application\/ld+json\" class=\"yoast-schema-graph\">{\"@context\":\"https:\\\/\\\/schema.org\",\"@graph\":[{\"@type\":\"Article\",\"@id\":\"https:\\\/\\\/expressometro.mx\\\/index.php\\\/2020\\\/06\\\/30\\\/en-edomex-se-refuerzan-los-apoyos-y-programas-para-apoyar-al-sector-empresarial-alfredo-del-mazo\\\/#article\",\"isPartOf\":{\"@id\":\"https:\\\/\\\/expressometro.mx\\\/index.php\\\/2020\\\/06\\\/30\\\/en-edomex-se-refuerzan-los-apoyos-y-programas-para-apoyar-al-sector-empresarial-alfredo-del-mazo\\\/\"},\"author\":{\"name\":\"Expresso Metropolitano\",\"@id\":\"https:\\\/\\\/expressometro.mx\\\/#\\\/schema\\\/person\\\/efa971b4a0664db8ed5c22b1b0dd2f5d\"},\"headline\":\"EN EDOM\u00c9X SE REFUERZAN LOS APOYOS Y PROGRAMAS PARA APOYAR AL SECTOR EMPRESARIAL: ALFREDO DEL MAZO\",\"datePublished\":\"2020-06-30T19:31:40+00:00\",\"dateModified\":\"2020-06-30T19:31:41+00:00\",\"mainEntityOfPage\":{\"@id\":\"https:\\\/\\\/expressometro.mx\\\/index.php\\\/2020\\\/06\\\/30\\\/en-edomex-se-refuerzan-los-apoyos-y-programas-para-apoyar-al-sector-empresarial-alfredo-del-mazo\\\/\"},\"wordCount\":361,\"commentCount\":0,\"publisher\":{\"@id\":\"https:\\\/\\\/expressometro.mx\\\/#organization\"},\"image\":{\"@id\":\"https:\\\/\\\/expressometro.mx\\\/index.php\\\/2020\\\/06\\\/30\\\/en-edomex-se-refuerzan-los-apoyos-y-programas-para-apoyar-al-sector-empresarial-alfredo-del-mazo\\\/#primaryimage\"},\"thumbnailUrl\":\"https:\\\/\\\/expressometro.mx\\\/wp-content\\\/uploads\\\/2020\\\/06\\\/353CB4D3-D865-4BB7-BEDF-667B5D7E3D3F.jpeg\",\"articleSection\":[\"Finanzas\",\"Gobierno\"],\"inLanguage\":\"es\",\"potentialAction\":[{\"@type\":\"CommentAction\",\"name\":\"Comment\",\"target\":[\"https:\\\/\\\/expressometro.mx\\\/index.php\\\/2020\\\/06\\\/30\\\/en-edomex-se-refuerzan-los-apoyos-y-programas-para-apoyar-al-sector-empresarial-alfredo-del-mazo\\\/#respond\"]}]},{\"@type\":\"WebPage\",\"@id\":\"https:\\\/\\\/expressometro.mx\\\/index.php\\\/2020\\\/06\\\/30\\\/en-edomex-se-refuerzan-los-apoyos-y-programas-para-apoyar-al-sector-empresarial-alfredo-del-mazo\\\/\",\"url\":\"https:\\\/\\\/expressometro.mx\\\/index.php\\\/2020\\\/06\\\/30\\\/en-edomex-se-refuerzan-los-apoyos-y-programas-para-apoyar-al-sector-empresarial-alfredo-del-mazo\\\/\",\"name\":\"EN EDOM\u00c9X SE REFUERZAN LOS APOYOS Y PROGRAMAS PARA APOYAR AL SECTOR EMPRESARIAL: ALFREDO DEL MAZO - Expresso Metropolitano\",\"isPartOf\":{\"@id\":\"https:\\\/\\\/expressometro.mx\\\/#website\"},\"primaryImageOfPage\":{\"@id\":\"https:\\\/\\\/expressometro.mx\\\/index.php\\\/2020\\\/06\\\/30\\\/en-edomex-se-refuerzan-los-apoyos-y-programas-para-apoyar-al-sector-empresarial-alfredo-del-mazo\\\/#primaryimage\"},\"image\":{\"@id\":\"https:\\\/\\\/expressometro.mx\\\/index.php\\\/2020\\\/06\\\/30\\\/en-edomex-se-refuerzan-los-apoyos-y-programas-para-apoyar-al-sector-empresarial-alfredo-del-mazo\\\/#primaryimage\"},\"thumbnailUrl\":\"https:\\\/\\\/expressometro.mx\\\/wp-content\\\/uploads\\\/2020\\\/06\\\/353CB4D3-D865-4BB7-BEDF-667B5D7E3D3F.jpeg\",\"datePublished\":\"2020-06-30T19:31:40+00:00\",\"dateModified\":\"2020-06-30T19:31:41+00:00\",\"breadcrumb\":{\"@id\":\"https:\\\/\\\/expressometro.mx\\\/index.php\\\/2020\\\/06\\\/30\\\/en-edomex-se-refuerzan-los-apoyos-y-programas-para-apoyar-al-sector-empresarial-alfredo-del-mazo\\\/#breadcrumb\"},\"inLanguage\":\"es\",\"potentialAction\":[{\"@type\":\"ReadAction\",\"target\":[\"https:\\\/\\\/expressometro.mx\\\/index.php\\\/2020\\\/06\\\/30\\\/en-edomex-se-refuerzan-los-apoyos-y-programas-para-apoyar-al-sector-empresarial-alfredo-del-mazo\\\/\"]}]},{\"@type\":\"ImageObject\",\"inLanguage\":\"es\",\"@id\":\"https:\\\/\\\/expressometro.mx\\\/index.php\\\/2020\\\/06\\\/30\\\/en-edomex-se-refuerzan-los-apoyos-y-programas-para-apoyar-al-sector-empresarial-alfredo-del-mazo\\\/#primaryimage\",\"url\":\"https:\\\/\\\/expressometro.mx\\\/wp-content\\\/uploads\\\/2020\\\/06\\\/353CB4D3-D865-4BB7-BEDF-667B5D7E3D3F.jpeg\",\"contentUrl\":\"https:\\\/\\\/expressometro.mx\\\/wp-content\\\/uploads\\\/2020\\\/06\\\/353CB4D3-D865-4BB7-BEDF-667B5D7E3D3F.jpeg\",\"width\":720,\"height\":1280},{\"@type\":\"BreadcrumbList\",\"@id\":\"https:\\\/\\\/expressometro.mx\\\/index.php\\\/2020\\\/06\\\/30\\\/en-edomex-se-refuerzan-los-apoyos-y-programas-para-apoyar-al-sector-empresarial-alfredo-del-mazo\\\/#breadcrumb\",\"itemListElement\":[{\"@type\":\"ListItem\",\"position\":1,\"name\":\"Inicio\",\"item\":\"https:\\\/\\\/expressometro.mx\\\/\"},{\"@type\":\"ListItem\",\"position\":2,\"name\":\"EN EDOM\u00c9X SE REFUERZAN LOS APOYOS Y PROGRAMAS PARA APOYAR AL SECTOR EMPRESARIAL: ALFREDO DEL MAZO\"}]},{\"@type\":\"WebSite\",\"@id\":\"https:\\\/\\\/expressometro.mx\\\/#website\",\"url\":\"https:\\\/\\\/expressometro.mx\\\/\",\"name\":\"Expresso Metropolitano\",\"description\":\"Periodismo comprometido, informaci\u00f3n, investigaci\u00f3n y an\u00e1lisis\",\"publisher\":{\"@id\":\"https:\\\/\\\/expressometro.mx\\\/#organization\"},\"potentialAction\":[{\"@type\":\"SearchAction\",\"target\":{\"@type\":\"EntryPoint\",\"urlTemplate\":\"https:\\\/\\\/expressometro.mx\\\/?s={search_term_string}\"},\"query-input\":{\"@type\":\"PropertyValueSpecification\",\"valueRequired\":true,\"valueName\":\"search_term_string\"}}],\"inLanguage\":\"es\"},{\"@type\":\"Organization\",\"@id\":\"https:\\\/\\\/expressometro.mx\\\/#organization\",\"name\":\"Expresso Metropolitano\",\"url\":\"https:\\\/\\\/expressometro.mx\\\/\",\"logo\":{\"@type\":\"ImageObject\",\"inLanguage\":\"es\",\"@id\":\"https:\\\/\\\/expressometro.mx\\\/#\\\/schema\\\/logo\\\/image\\\/\",\"url\":\"https:\\\/\\\/expressometro.mx\\\/wp-content\\\/uploads\\\/2019\\\/07\\\/cropped-Logo-Expresso-Metropolitano-1-1.jpeg\",\"contentUrl\":\"https:\\\/\\\/expressometro.mx\\\/wp-content\\\/uploads\\\/2019\\\/07\\\/cropped-Logo-Expresso-Metropolitano-1-1.jpeg\",\"width\":290,\"height\":73,\"caption\":\"Expresso Metropolitano\"},\"image\":{\"@id\":\"https:\\\/\\\/expressometro.mx\\\/#\\\/schema\\\/logo\\\/image\\\/\"}},{\"@type\":\"Person\",\"@id\":\"https:\\\/\\\/expressometro.mx\\\/#\\\/schema\\\/person\\\/efa971b4a0664db8ed5c22b1b0dd2f5d\",\"name\":\"Expresso Metropolitano\",\"image\":{\"@type\":\"ImageObject\",\"inLanguage\":\"es\",\"@id\":\"https:\\\/\\\/secure.gravatar.com\\\/avatar\\\/a89f802b8de18c6952f223c88d3d106e9e3679839f4e25a02f4a6cc2ae6ba3b3?s=96&d=mm&r=g\",\"url\":\"https:\\\/\\\/secure.gravatar.com\\\/avatar\\\/a89f802b8de18c6952f223c88d3d106e9e3679839f4e25a02f4a6cc2ae6ba3b3?s=96&d=mm&r=g\",\"contentUrl\":\"https:\\\/\\\/secure.gravatar.com\\\/avatar\\\/a89f802b8de18c6952f223c88d3d106e9e3679839f4e25a02f4a6cc2ae6ba3b3?s=96&d=mm&r=g\",\"caption\":\"Expresso Metropolitano\"},\"url\":\"https:\\\/\\\/expressometro.mx\\\/index.php\\\/author\\\/diego\\\/\"}]}<\/script>\n<!-- \/ Yoast SEO plugin. -->","yoast_head_json":{"title":"EN EDOM\u00c9X SE REFUERZAN LOS APOYOS Y PROGRAMAS PARA APOYAR AL SECTOR EMPRESARIAL: ALFREDO DEL MAZO - Expresso Metropolitano","robots":{"index":"index","follow":"follow","max-snippet":"max-snippet:-1","max-image-preview":"max-image-preview:large","max-video-preview":"max-video-preview:-1"},"canonical":"https:\/\/expressometro.mx\/index.php\/2020\/06\/30\/en-edomex-se-refuerzan-los-apoyos-y-programas-para-apoyar-al-sector-empresarial-alfredo-del-mazo\/","og_locale":"es_MX","og_type":"article","og_title":"EN EDOM\u00c9X SE REFUERZAN LOS APOYOS Y PROGRAMAS PARA APOYAR AL SECTOR EMPRESARIAL: ALFREDO DEL MAZO - Expresso Metropolitano","og_description":"El Gobernador Alfredo Del Mazo Maza se\u00f1al\u00f3 que en el Estado de M\u00e9xico se continuar\u00e1 apoyando a la econom\u00eda familiar, por ello, en la entidad se refuerzan las acciones y programas sociales y econ\u00f3micos, que permitan salir adelante a los mexiquenses de la pandemia por COVID-19. En este sentido, inform\u00f3 que se apoyar\u00e1 a 45 mil empresas que generan casi 500 mil empleos, mediante programas y apoyos fiscales. \u201cEn el Estado de M\u00e9xico tenemos como prioridad el bienestar de las familias, por eso estamos reforzando los apoyos sociales y econ\u00f3micos,&hellip;","og_url":"https:\/\/expressometro.mx\/index.php\/2020\/06\/30\/en-edomex-se-refuerzan-los-apoyos-y-programas-para-apoyar-al-sector-empresarial-alfredo-del-mazo\/","og_site_name":"Expresso Metropolitano","article_published_time":"2020-06-30T19:31:40+00:00","article_modified_time":"2020-06-30T19:31:41+00:00","og_image":[{"width":720,"height":1280,"url":"https:\/\/expressometro.mx\/wp-content\/uploads\/2020\/06\/353CB4D3-D865-4BB7-BEDF-667B5D7E3D3F.jpeg","type":"image\/jpeg"}],"author":"Expresso Metropolitano","twitter_misc":{"Escrito por":"Expresso Metropolitano","Tiempo de lectura":"2 minutos"},"schema":{"@context":"https:\/\/schema.org","@graph":[{"@type":"Article","@id":"https:\/\/expressometro.mx\/index.php\/2020\/06\/30\/en-edomex-se-refuerzan-los-apoyos-y-programas-para-apoyar-al-sector-empresarial-alfredo-del-mazo\/#article","isPartOf":{"@id":"https:\/\/expressometro.mx\/index.php\/2020\/06\/30\/en-edomex-se-refuerzan-los-apoyos-y-programas-para-apoyar-al-sector-empresarial-alfredo-del-mazo\/"},"author":{"name":"Expresso Metropolitano","@id":"https:\/\/expressometro.mx\/#\/schema\/person\/efa971b4a0664db8ed5c22b1b0dd2f5d"},"headline":"EN EDOM\u00c9X SE REFUERZAN LOS APOYOS Y PROGRAMAS PARA APOYAR AL SECTOR EMPRESARIAL: ALFREDO DEL MAZO","datePublished":"2020-06-30T19:31:40+00:00","dateModified":"2020-06-30T19:31:41+00:00","mainEntityOfPage":{"@id":"https:\/\/expressometro.mx\/index.php\/2020\/06\/30\/en-edomex-se-refuerzan-los-apoyos-y-programas-para-apoyar-al-sector-empresarial-alfredo-del-mazo\/"},"wordCount":361,"commentCount":0,"publisher":{"@id":"https:\/\/expressometro.mx\/#organization"},"image":{"@id":"https:\/\/expressometro.mx\/index.php\/2020\/06\/30\/en-edomex-se-refuerzan-los-apoyos-y-programas-para-apoyar-al-sector-empresarial-alfredo-del-mazo\/#primaryimage"},"thumbnailUrl":"https:\/\/expressometro.mx\/wp-content\/uploads\/2020\/06\/353CB4D3-D865-4BB7-BEDF-667B5D7E3D3F.jpeg","articleSection":["Finanzas","Gobierno"],"inLanguage":"es","potentialAction":[{"@type":"CommentAction","name":"Comment","target":["https:\/\/expressometro.mx\/index.php\/2020\/06\/30\/en-edomex-se-refuerzan-los-apoyos-y-programas-para-apoyar-al-sector-empresarial-alfredo-del-mazo\/#respond"]}]},{"@type":"WebPage","@id":"https:\/\/expressometro.mx\/index.php\/2020\/06\/30\/en-edomex-se-refuerzan-los-apoyos-y-programas-para-apoyar-al-sector-empresarial-alfredo-del-mazo\/","url":"https:\/\/expressometro.mx\/index.php\/2020\/06\/30\/en-edomex-se-refuerzan-los-apoyos-y-programas-para-apoyar-al-sector-empresarial-alfredo-del-mazo\/","name":"EN EDOM\u00c9X SE REFUERZAN LOS APOYOS Y PROGRAMAS PARA APOYAR AL SECTOR EMPRESARIAL: ALFREDO DEL MAZO - Expresso Metropolitano","isPartOf":{"@id":"https:\/\/expressometro.mx\/#website"},"primaryImageOfPage":{"@id":"https:\/\/expressometro.mx\/index.php\/2020\/06\/30\/en-edomex-se-refuerzan-los-apoyos-y-programas-para-apoyar-al-sector-empresarial-alfredo-del-mazo\/#primaryimage"},"image":{"@id":"https:\/\/expressometro.mx\/index.php\/2020\/06\/30\/en-edomex-se-refuerzan-los-apoyos-y-programas-para-apoyar-al-sector-empresarial-alfredo-del-mazo\/#primaryimage"},"thumbnailUrl":"https:\/\/expressometro.mx\/wp-content\/uploads\/2020\/06\/353CB4D3-D865-4BB7-BEDF-667B5D7E3D3F.jpeg","datePublished":"2020-06-30T19:31:40+00:00","dateModified":"2020-06-30T19:31:41+00:00","breadcrumb":{"@id":"https:\/\/expressometro.mx\/index.php\/2020\/06\/30\/en-edomex-se-refuerzan-los-apoyos-y-programas-para-apoyar-al-sector-empresarial-alfredo-del-mazo\/#breadcrumb"},"inLanguage":"es","potentialAction":[{"@type":"ReadAction","target":["https:\/\/expressometro.mx\/index.php\/2020\/06\/30\/en-edomex-se-refuerzan-los-apoyos-y-programas-para-apoyar-al-sector-empresarial-alfredo-del-mazo\/"]}]},{"@type":"ImageObject","inLanguage":"es","@id":"https:\/\/expressometro.mx\/index.php\/2020\/06\/30\/en-edomex-se-refuerzan-los-apoyos-y-programas-para-apoyar-al-sector-empresarial-alfredo-del-mazo\/#primaryimage","url":"https:\/\/expressometro.mx\/wp-content\/uploads\/2020\/06\/353CB4D3-D865-4BB7-BEDF-667B5D7E3D3F.jpeg","contentUrl":"https:\/\/expressometro.mx\/wp-content\/uploads\/2020\/06\/353CB4D3-D865-4BB7-BEDF-667B5D7E3D3F.jpeg","width":720,"height":1280},{"@type":"BreadcrumbList","@id":"https:\/\/expressometro.mx\/index.php\/2020\/06\/30\/en-edomex-se-refuerzan-los-apoyos-y-programas-para-apoyar-al-sector-empresarial-alfredo-del-mazo\/#breadcrumb","itemListElement":[{"@type":"ListItem","position":1,"name":"Inicio","item":"https:\/\/expressometro.mx\/"},{"@type":"ListItem","position":2,"name":"EN EDOM\u00c9X SE REFUERZAN LOS APOYOS Y PROGRAMAS PARA APOYAR AL SECTOR EMPRESARIAL: ALFREDO DEL MAZO"}]},{"@type":"WebSite","@id":"https:\/\/expressometro.mx\/#website","url":"https:\/\/expressometro.mx\/","name":"Expresso Metropolitano","description":"Periodismo comprometido, informaci\u00f3n, investigaci\u00f3n y an\u00e1lisis","publisher":{"@id":"https:\/\/expressometro.mx\/#organization"},"potentialAction":[{"@type":"SearchAction","target":{"@type":"EntryPoint","urlTemplate":"https:\/\/expressometro.mx\/?s={search_term_string}"},"query-input":{"@type":"PropertyValueSpecification","valueRequired":true,"valueName":"search_term_string"}}],"inLanguage":"es"},{"@type":"Organization","@id":"https:\/\/expressometro.mx\/#organization","name":"Expresso Metropolitano","url":"https:\/\/expressometro.mx\/","logo":{"@type":"ImageObject","inLanguage":"es","@id":"https:\/\/expressometro.mx\/#\/schema\/logo\/image\/","url":"https:\/\/expressometro.mx\/wp-content\/uploads\/2019\/07\/cropped-Logo-Expresso-Metropolitano-1-1.jpeg","contentUrl":"https:\/\/expressometro.mx\/wp-content\/uploads\/2019\/07\/cropped-Logo-Expresso-Metropolitano-1-1.jpeg","width":290,"height":73,"caption":"Expresso Metropolitano"},"image":{"@id":"https:\/\/expressometro.mx\/#\/schema\/logo\/image\/"}},{"@type":"Person","@id":"https:\/\/expressometro.mx\/#\/schema\/person\/efa971b4a0664db8ed5c22b1b0dd2f5d","name":"Expresso Metropolitano","image":{"@type":"ImageObject","inLanguage":"es","@id":"https:\/\/secure.gravatar.com\/avatar\/a89f802b8de18c6952f223c88d3d106e9e3679839f4e25a02f4a6cc2ae6ba3b3?s=96&d=mm&r=g","url":"https:\/\/secure.gravatar.com\/avatar\/a89f802b8de18c6952f223c88d3d106e9e3679839f4e25a02f4a6cc2ae6ba3b3?s=96&d=mm&r=g","contentUrl":"https:\/\/secure.gravatar.com\/avatar\/a89f802b8de18c6952f223c88d3d106e9e3679839f4e25a02f4a6cc2ae6ba3b3?s=96&d=mm&r=g","caption":"Expresso Metropolitano"},"url":"https:\/\/expressometro.mx\/index.php\/author\/diego\/"}]}},"amp_enabled":true,"_links":{"self":[{"href":"https:\/\/expressometro.mx\/index.php\/wp-json\/wp\/v2\/posts\/1621","targetHints":{"allow":["GET"]}}],"collection":[{"href":"https:\/\/expressometro.mx\/index.php\/wp-json\/wp\/v2\/posts"}],"about":[{"href":"https:\/\/expressometro.mx\/index.php\/wp-json\/wp\/v2\/types\/post"}],"author":[{"embeddable":true,"href":"https:\/\/expressometro.mx\/index.php\/wp-json\/wp\/v2\/users\/1"}],"replies":[{"embeddable":true,"href":"https:\/\/expressometro.mx\/index.php\/wp-json\/wp\/v2\/comments?post=1621"}],"version-history":[{"count":1,"href":"https:\/\/expressometro.mx\/index.php\/wp-json\/wp\/v2\/posts\/1621\/revisions"}],"predecessor-version":[{"id":1624,"href":"https:\/\/expressometro.mx\/index.php\/wp-json\/wp\/v2\/posts\/1621\/revisions\/1624"}],"wp:featuredmedia":[{"embeddable":true,"href":"https:\/\/expressometro.mx\/index.php\/wp-json\/wp\/v2\/media\/1623"}],"wp:attachment":[{"href":"https:\/\/expressometro.mx\/index.php\/wp-json\/wp\/v2\/media?parent=1621"}],"wp:term":[{"taxonomy":"category","embeddable":true,"href":"https:\/\/expressometro.mx\/index.php\/wp-json\/wp\/v2\/categories?post=1621"},{"taxonomy":"post_tag","embeddable":true,"href":"https:\/\/expressometro.mx\/index.php\/wp-json\/wp\/v2\/tags?post=1621"}],"curies":[{"name":"wp","href":"https:\/\/api.w.org\/{rel}","templated":true}]}}