{"id":1616,"date":"2020-06-29T07:00:58","date_gmt":"2020-06-29T12:00:58","guid":{"rendered":"http:\/\/expressometro.mx\/?p=1616"},"modified":"2020-06-29T01:14:43","modified_gmt":"2020-06-29T06:14:43","slug":"autoridades-de-jocotitlan-dan-espaldarazo-a-los-campesinos","status":"publish","type":"post","link":"https:\/\/expressometro.mx\/index.php\/2020\/06\/29\/autoridades-de-jocotitlan-dan-espaldarazo-a-los-campesinos\/","title":{"rendered":"AUTORIDADES DE JOCOTITLAN  DAN \u2018ESPALDARAZO\u2019 A LOS CAMPESINOS"},"content":{"rendered":"\n<p>Como tenia que ser las autoridades municipales de Jocotitl\u00e1n decidieron atender de nueva cuenta la demanda de los campesinos de la zona norte del Estado de M\u00e9xico, que se sienten afectados por la falta de lluvias para sus tierras.  <\/p>\n\n\n\n<p>En los \u00faltimos d\u00edas tuvieron que exigir la<br>\natenci\u00f3n de las dependencias federales, estatales y municipales <\/p>\n\n\n\n<p>Se han quejado de que una empresa provoca la falta de lluvias en la regi\u00f3n.  Por ello desde Jocotitl\u00e1n convocaron  a dependencias del gobierno federal y estatal. <\/p>\n\n\n\n<p>Esto con la finalidad de darle cumplimiento al acuerdo pactado con un grupo de manifestantes que hab\u00edan boqueado la Autopista Toluca-Atlacomulco. <\/p>\n\n\n\n<p>Durante los \u00faltimos d\u00edas los campesinos denunciaron  la falta de lluvias en la zona norte debido a la presencia de avionetas que arrojaban qu\u00edmicos en las nubes.  <\/p>\n\n\n\n<p>Por ello, el gobierno municipal se comprometi\u00f3 a establecer esta mesa de di\u00e1logo con dependencias y la empresa BIONATUR a quien responsabilizan de dicha acci\u00f3n, con el fin de poder llegar a una soluci\u00f3n.    <\/p>\n\n\n\n<p>Los campesinos dijeron que son dos avionetas las que despegan de lugares cercanos a la empresa tan pronto quiere llover y esparcen qu\u00edmicos en la nubes disolviendo con ello la precipitaci\u00f3n pluvial.  <\/p>\n\n\n\n<p>Sin embargo, este planteamiento fue desmentido por la Secretaria de Comunicaciones y Transportes del Gobierno Federal, ya que funcionarios del  area de Aeron\u00e1utica informaron que sus radares no han detectado dichos despegues.  <\/p>\n\n\n\n<p>Adem\u00e1s de que no existen aviones que cuenten con el equipo t\u00e9cnico que permita dicha acci\u00f3n, y que dichos vuelos a los que se refieren los pobladores corresponden a aeronaves comerciales que esperan su aterrizaje en los aeropuertos de Toluca, Atizap\u00e1n y Quer\u00e9taro. <\/p>\n\n\n\n<p>En tal sentido recalcaron que gracias a la intervenci\u00f3n del Presiente Municipal Iv\u00e1n Esquer, la Secretaria de Comunicaciones y Transportes ha considerado restringir el espacio a\u00e9reo de la zona. <\/p>\n\n\n\n<p>Para evitar que este tipo de aeronaves circulen y con ello acabar con la especulaci\u00f3n de que estas le puedan ocasionar un da\u00f1o al ambiente y eliminar la lluvia.<\/p>\n\n\n\n<p>Adicionalmente se plante\u00f3 que la Secretar\u00eda de Desarrollo Agropecuario realice recorridos en las zonas de cultivos para cuantificar o en su caso, descartar si existe afectaci\u00f3n por la sequ\u00eda prolongada a la que refieren los productores.  <\/p>\n\n\n\n<p>Los manifestantes solicitaron al representante del Gobierno Federal su intervenci\u00f3n para ser escuchados por dicho gobierno y a la vez reconocieron que el alcalde Iv\u00e1n Esquer es el \u00fanico de todos los Presidentes Municipales de la zona que los ha escuchado y que cumpli\u00f3 con su palabra de reunirlos con el Gobierno Federal y el del Estado de M\u00e9xico.<\/p>\n\n\n\n<ul class=\"wp-block-gallery columns-1 is-cropped wp-block-gallery-1 is-layout-flex wp-block-gallery-is-layout-flex\"><li class=\"blocks-gallery-item\"><figure><img decoding=\"async\" width=\"840\" height=\"473\" src=\"http:\/\/expressometro.mx\/wp-content\/uploads\/2020\/06\/92361A7B-9289-4825-8105-82EE7B9089A5-840x473.jpeg\" alt=\"\" data-id=\"1618\" data-link=\"http:\/\/expressometro.mx\/?attachment_id=1618\" class=\"wp-image-1618\" srcset=\"https:\/\/expressometro.mx\/wp-content\/uploads\/2020\/06\/92361A7B-9289-4825-8105-82EE7B9089A5-840x473.jpeg 840w, https:\/\/expressometro.mx\/wp-content\/uploads\/2020\/06\/92361A7B-9289-4825-8105-82EE7B9089A5-649x365.jpeg 649w, https:\/\/expressometro.mx\/wp-content\/uploads\/2020\/06\/92361A7B-9289-4825-8105-82EE7B9089A5-768x432.jpeg 768w, https:\/\/expressometro.mx\/wp-content\/uploads\/2020\/06\/92361A7B-9289-4825-8105-82EE7B9089A5.jpeg 1280w\" sizes=\"(max-width: 840px) 100vw, 840px\" \/><\/figure><\/li><\/ul>\n","protected":false},"excerpt":{"rendered":"<p>Como tenia que ser las autoridades municipales de Jocotitl\u00e1n decidieron atender de nueva cuenta la demanda de los campesinos de la zona norte del Estado de M\u00e9xico, que se sienten afectados por la falta de lluvias para sus tierras. En los \u00faltimos d\u00edas tuvieron que exigir la atenci\u00f3n de las dependencias federales, estatales y municipales Se han quejado de que una empresa provoca la falta de lluvias en la regi\u00f3n. Por ello desde Jocotitl\u00e1n convocaron a dependencias del gobierno federal y estatal. Esto con la finalidad de darle cumplimiento al&hellip;<\/p>\n","protected":false},"author":1,"featured_media":1617,"comment_status":"open","ping_status":"open","sticky":false,"template":"","format":"standard","meta":{"footnotes":""},"categories":[4,3],"tags":[],"class_list":["post-1616","post","type-post","status-publish","format-standard","has-post-thumbnail","hentry","category-finanzas","category-gobierno"],"yoast_head":"<!-- This site is optimized with the Yoast SEO plugin v27.5 - https:\/\/yoast.com\/product\/yoast-seo-wordpress\/ -->\n<title>AUTORIDADES DE JOCOTITLAN DAN \u2018ESPALDARAZO\u2019 A LOS CAMPESINOS - Expresso Metropolitano<\/title>\n<meta name=\"robots\" content=\"index, follow, max-snippet:-1, max-image-preview:large, max-video-preview:-1\" \/>\n<link rel=\"canonical\" href=\"https:\/\/expressometro.mx\/index.php\/2020\/06\/29\/autoridades-de-jocotitlan-dan-espaldarazo-a-los-campesinos\/\" \/>\n<meta property=\"og:locale\" content=\"es_MX\" \/>\n<meta property=\"og:type\" content=\"article\" \/>\n<meta property=\"og:title\" content=\"AUTORIDADES DE JOCOTITLAN DAN \u2018ESPALDARAZO\u2019 A LOS CAMPESINOS - Expresso Metropolitano\" \/>\n<meta property=\"og:description\" content=\"Como tenia que ser las autoridades municipales de Jocotitl\u00e1n decidieron atender de nueva cuenta la demanda de los campesinos de la zona norte del Estado de M\u00e9xico, que se sienten afectados por la falta de lluvias para sus tierras. En los \u00faltimos d\u00edas tuvieron que exigir la atenci\u00f3n de las dependencias federales, estatales y municipales Se han quejado de que una empresa provoca la falta de lluvias en la regi\u00f3n. Por ello desde Jocotitl\u00e1n convocaron a dependencias del gobierno federal y estatal. Esto con la finalidad de darle cumplimiento al&hellip;\" \/>\n<meta property=\"og:url\" content=\"https:\/\/expressometro.mx\/index.php\/2020\/06\/29\/autoridades-de-jocotitlan-dan-espaldarazo-a-los-campesinos\/\" \/>\n<meta property=\"og:site_name\" content=\"Expresso Metropolitano\" \/>\n<meta property=\"article:published_time\" content=\"2020-06-29T12:00:58+00:00\" \/>\n<meta property=\"og:image\" content=\"https:\/\/expressometro.mx\/wp-content\/uploads\/2020\/06\/10D648F3-2C87-472C-B4AB-A4711BEB59DC.jpeg\" \/>\n\t<meta property=\"og:image:width\" content=\"2048\" \/>\n\t<meta property=\"og:image:height\" content=\"1365\" \/>\n\t<meta property=\"og:image:type\" content=\"image\/jpeg\" \/>\n<meta name=\"author\" content=\"Expresso Metropolitano\" \/>\n<meta name=\"twitter:label1\" content=\"Escrito por\" \/>\n\t<meta name=\"twitter:data1\" content=\"Expresso Metropolitano\" \/>\n\t<meta name=\"twitter:label2\" content=\"Tiempo de lectura\" \/>\n\t<meta name=\"twitter:data2\" content=\"2 minutos\" \/>\n<script type=\"application\/ld+json\" class=\"yoast-schema-graph\">{\"@context\":\"https:\\\/\\\/schema.org\",\"@graph\":[{\"@type\":\"Article\",\"@id\":\"https:\\\/\\\/expressometro.mx\\\/index.php\\\/2020\\\/06\\\/29\\\/autoridades-de-jocotitlan-dan-espaldarazo-a-los-campesinos\\\/#article\",\"isPartOf\":{\"@id\":\"https:\\\/\\\/expressometro.mx\\\/index.php\\\/2020\\\/06\\\/29\\\/autoridades-de-jocotitlan-dan-espaldarazo-a-los-campesinos\\\/\"},\"author\":{\"name\":\"Expresso Metropolitano\",\"@id\":\"https:\\\/\\\/expressometro.mx\\\/#\\\/schema\\\/person\\\/efa971b4a0664db8ed5c22b1b0dd2f5d\"},\"headline\":\"AUTORIDADES DE JOCOTITLAN DAN \u2018ESPALDARAZO\u2019 A LOS CAMPESINOS\",\"datePublished\":\"2020-06-29T12:00:58+00:00\",\"mainEntityOfPage\":{\"@id\":\"https:\\\/\\\/expressometro.mx\\\/index.php\\\/2020\\\/06\\\/29\\\/autoridades-de-jocotitlan-dan-espaldarazo-a-los-campesinos\\\/\"},\"wordCount\":463,\"commentCount\":0,\"publisher\":{\"@id\":\"https:\\\/\\\/expressometro.mx\\\/#organization\"},\"image\":{\"@id\":\"https:\\\/\\\/expressometro.mx\\\/index.php\\\/2020\\\/06\\\/29\\\/autoridades-de-jocotitlan-dan-espaldarazo-a-los-campesinos\\\/#primaryimage\"},\"thumbnailUrl\":\"https:\\\/\\\/expressometro.mx\\\/wp-content\\\/uploads\\\/2020\\\/06\\\/10D648F3-2C87-472C-B4AB-A4711BEB59DC.jpeg\",\"articleSection\":[\"Finanzas\",\"Gobierno\"],\"inLanguage\":\"es\",\"potentialAction\":[{\"@type\":\"CommentAction\",\"name\":\"Comment\",\"target\":[\"https:\\\/\\\/expressometro.mx\\\/index.php\\\/2020\\\/06\\\/29\\\/autoridades-de-jocotitlan-dan-espaldarazo-a-los-campesinos\\\/#respond\"]}]},{\"@type\":\"WebPage\",\"@id\":\"https:\\\/\\\/expressometro.mx\\\/index.php\\\/2020\\\/06\\\/29\\\/autoridades-de-jocotitlan-dan-espaldarazo-a-los-campesinos\\\/\",\"url\":\"https:\\\/\\\/expressometro.mx\\\/index.php\\\/2020\\\/06\\\/29\\\/autoridades-de-jocotitlan-dan-espaldarazo-a-los-campesinos\\\/\",\"name\":\"AUTORIDADES DE JOCOTITLAN DAN \u2018ESPALDARAZO\u2019 A LOS CAMPESINOS - Expresso Metropolitano\",\"isPartOf\":{\"@id\":\"https:\\\/\\\/expressometro.mx\\\/#website\"},\"primaryImageOfPage\":{\"@id\":\"https:\\\/\\\/expressometro.mx\\\/index.php\\\/2020\\\/06\\\/29\\\/autoridades-de-jocotitlan-dan-espaldarazo-a-los-campesinos\\\/#primaryimage\"},\"image\":{\"@id\":\"https:\\\/\\\/expressometro.mx\\\/index.php\\\/2020\\\/06\\\/29\\\/autoridades-de-jocotitlan-dan-espaldarazo-a-los-campesinos\\\/#primaryimage\"},\"thumbnailUrl\":\"https:\\\/\\\/expressometro.mx\\\/wp-content\\\/uploads\\\/2020\\\/06\\\/10D648F3-2C87-472C-B4AB-A4711BEB59DC.jpeg\",\"datePublished\":\"2020-06-29T12:00:58+00:00\",\"breadcrumb\":{\"@id\":\"https:\\\/\\\/expressometro.mx\\\/index.php\\\/2020\\\/06\\\/29\\\/autoridades-de-jocotitlan-dan-espaldarazo-a-los-campesinos\\\/#breadcrumb\"},\"inLanguage\":\"es\",\"potentialAction\":[{\"@type\":\"ReadAction\",\"target\":[\"https:\\\/\\\/expressometro.mx\\\/index.php\\\/2020\\\/06\\\/29\\\/autoridades-de-jocotitlan-dan-espaldarazo-a-los-campesinos\\\/\"]}]},{\"@type\":\"ImageObject\",\"inLanguage\":\"es\",\"@id\":\"https:\\\/\\\/expressometro.mx\\\/index.php\\\/2020\\\/06\\\/29\\\/autoridades-de-jocotitlan-dan-espaldarazo-a-los-campesinos\\\/#primaryimage\",\"url\":\"https:\\\/\\\/expressometro.mx\\\/wp-content\\\/uploads\\\/2020\\\/06\\\/10D648F3-2C87-472C-B4AB-A4711BEB59DC.jpeg\",\"contentUrl\":\"https:\\\/\\\/expressometro.mx\\\/wp-content\\\/uploads\\\/2020\\\/06\\\/10D648F3-2C87-472C-B4AB-A4711BEB59DC.jpeg\",\"width\":2048,\"height\":1365},{\"@type\":\"BreadcrumbList\",\"@id\":\"https:\\\/\\\/expressometro.mx\\\/index.php\\\/2020\\\/06\\\/29\\\/autoridades-de-jocotitlan-dan-espaldarazo-a-los-campesinos\\\/#breadcrumb\",\"itemListElement\":[{\"@type\":\"ListItem\",\"position\":1,\"name\":\"Inicio\",\"item\":\"https:\\\/\\\/expressometro.mx\\\/\"},{\"@type\":\"ListItem\",\"position\":2,\"name\":\"AUTORIDADES DE JOCOTITLAN DAN \u2018ESPALDARAZO\u2019 A LOS CAMPESINOS\"}]},{\"@type\":\"WebSite\",\"@id\":\"https:\\\/\\\/expressometro.mx\\\/#website\",\"url\":\"https:\\\/\\\/expressometro.mx\\\/\",\"name\":\"Expresso Metropolitano\",\"description\":\"Periodismo comprometido, informaci\u00f3n, investigaci\u00f3n y an\u00e1lisis\",\"publisher\":{\"@id\":\"https:\\\/\\\/expressometro.mx\\\/#organization\"},\"potentialAction\":[{\"@type\":\"SearchAction\",\"target\":{\"@type\":\"EntryPoint\",\"urlTemplate\":\"https:\\\/\\\/expressometro.mx\\\/?s={search_term_string}\"},\"query-input\":{\"@type\":\"PropertyValueSpecification\",\"valueRequired\":true,\"valueName\":\"search_term_string\"}}],\"inLanguage\":\"es\"},{\"@type\":\"Organization\",\"@id\":\"https:\\\/\\\/expressometro.mx\\\/#organization\",\"name\":\"Expresso Metropolitano\",\"url\":\"https:\\\/\\\/expressometro.mx\\\/\",\"logo\":{\"@type\":\"ImageObject\",\"inLanguage\":\"es\",\"@id\":\"https:\\\/\\\/expressometro.mx\\\/#\\\/schema\\\/logo\\\/image\\\/\",\"url\":\"https:\\\/\\\/expressometro.mx\\\/wp-content\\\/uploads\\\/2019\\\/07\\\/cropped-Logo-Expresso-Metropolitano-1-1.jpeg\",\"contentUrl\":\"https:\\\/\\\/expressometro.mx\\\/wp-content\\\/uploads\\\/2019\\\/07\\\/cropped-Logo-Expresso-Metropolitano-1-1.jpeg\",\"width\":290,\"height\":73,\"caption\":\"Expresso Metropolitano\"},\"image\":{\"@id\":\"https:\\\/\\\/expressometro.mx\\\/#\\\/schema\\\/logo\\\/image\\\/\"}},{\"@type\":\"Person\",\"@id\":\"https:\\\/\\\/expressometro.mx\\\/#\\\/schema\\\/person\\\/efa971b4a0664db8ed5c22b1b0dd2f5d\",\"name\":\"Expresso Metropolitano\",\"image\":{\"@type\":\"ImageObject\",\"inLanguage\":\"es\",\"@id\":\"https:\\\/\\\/secure.gravatar.com\\\/avatar\\\/a89f802b8de18c6952f223c88d3d106e9e3679839f4e25a02f4a6cc2ae6ba3b3?s=96&d=mm&r=g\",\"url\":\"https:\\\/\\\/secure.gravatar.com\\\/avatar\\\/a89f802b8de18c6952f223c88d3d106e9e3679839f4e25a02f4a6cc2ae6ba3b3?s=96&d=mm&r=g\",\"contentUrl\":\"https:\\\/\\\/secure.gravatar.com\\\/avatar\\\/a89f802b8de18c6952f223c88d3d106e9e3679839f4e25a02f4a6cc2ae6ba3b3?s=96&d=mm&r=g\",\"caption\":\"Expresso Metropolitano\"},\"url\":\"https:\\\/\\\/expressometro.mx\\\/index.php\\\/author\\\/diego\\\/\"}]}<\/script>\n<!-- \/ Yoast SEO plugin. -->","yoast_head_json":{"title":"AUTORIDADES DE JOCOTITLAN DAN \u2018ESPALDARAZO\u2019 A LOS CAMPESINOS - Expresso Metropolitano","robots":{"index":"index","follow":"follow","max-snippet":"max-snippet:-1","max-image-preview":"max-image-preview:large","max-video-preview":"max-video-preview:-1"},"canonical":"https:\/\/expressometro.mx\/index.php\/2020\/06\/29\/autoridades-de-jocotitlan-dan-espaldarazo-a-los-campesinos\/","og_locale":"es_MX","og_type":"article","og_title":"AUTORIDADES DE JOCOTITLAN DAN \u2018ESPALDARAZO\u2019 A LOS CAMPESINOS - Expresso Metropolitano","og_description":"Como tenia que ser las autoridades municipales de Jocotitl\u00e1n decidieron atender de nueva cuenta la demanda de los campesinos de la zona norte del Estado de M\u00e9xico, que se sienten afectados por la falta de lluvias para sus tierras. En los \u00faltimos d\u00edas tuvieron que exigir la atenci\u00f3n de las dependencias federales, estatales y municipales Se han quejado de que una empresa provoca la falta de lluvias en la regi\u00f3n. Por ello desde Jocotitl\u00e1n convocaron a dependencias del gobierno federal y estatal. Esto con la finalidad de darle cumplimiento al&hellip;","og_url":"https:\/\/expressometro.mx\/index.php\/2020\/06\/29\/autoridades-de-jocotitlan-dan-espaldarazo-a-los-campesinos\/","og_site_name":"Expresso Metropolitano","article_published_time":"2020-06-29T12:00:58+00:00","og_image":[{"width":2048,"height":1365,"url":"https:\/\/expressometro.mx\/wp-content\/uploads\/2020\/06\/10D648F3-2C87-472C-B4AB-A4711BEB59DC.jpeg","type":"image\/jpeg"}],"author":"Expresso Metropolitano","twitter_misc":{"Escrito por":"Expresso Metropolitano","Tiempo de lectura":"2 minutos"},"schema":{"@context":"https:\/\/schema.org","@graph":[{"@type":"Article","@id":"https:\/\/expressometro.mx\/index.php\/2020\/06\/29\/autoridades-de-jocotitlan-dan-espaldarazo-a-los-campesinos\/#article","isPartOf":{"@id":"https:\/\/expressometro.mx\/index.php\/2020\/06\/29\/autoridades-de-jocotitlan-dan-espaldarazo-a-los-campesinos\/"},"author":{"name":"Expresso Metropolitano","@id":"https:\/\/expressometro.mx\/#\/schema\/person\/efa971b4a0664db8ed5c22b1b0dd2f5d"},"headline":"AUTORIDADES DE JOCOTITLAN DAN \u2018ESPALDARAZO\u2019 A LOS CAMPESINOS","datePublished":"2020-06-29T12:00:58+00:00","mainEntityOfPage":{"@id":"https:\/\/expressometro.mx\/index.php\/2020\/06\/29\/autoridades-de-jocotitlan-dan-espaldarazo-a-los-campesinos\/"},"wordCount":463,"commentCount":0,"publisher":{"@id":"https:\/\/expressometro.mx\/#organization"},"image":{"@id":"https:\/\/expressometro.mx\/index.php\/2020\/06\/29\/autoridades-de-jocotitlan-dan-espaldarazo-a-los-campesinos\/#primaryimage"},"thumbnailUrl":"https:\/\/expressometro.mx\/wp-content\/uploads\/2020\/06\/10D648F3-2C87-472C-B4AB-A4711BEB59DC.jpeg","articleSection":["Finanzas","Gobierno"],"inLanguage":"es","potentialAction":[{"@type":"CommentAction","name":"Comment","target":["https:\/\/expressometro.mx\/index.php\/2020\/06\/29\/autoridades-de-jocotitlan-dan-espaldarazo-a-los-campesinos\/#respond"]}]},{"@type":"WebPage","@id":"https:\/\/expressometro.mx\/index.php\/2020\/06\/29\/autoridades-de-jocotitlan-dan-espaldarazo-a-los-campesinos\/","url":"https:\/\/expressometro.mx\/index.php\/2020\/06\/29\/autoridades-de-jocotitlan-dan-espaldarazo-a-los-campesinos\/","name":"AUTORIDADES DE JOCOTITLAN DAN \u2018ESPALDARAZO\u2019 A LOS CAMPESINOS - Expresso Metropolitano","isPartOf":{"@id":"https:\/\/expressometro.mx\/#website"},"primaryImageOfPage":{"@id":"https:\/\/expressometro.mx\/index.php\/2020\/06\/29\/autoridades-de-jocotitlan-dan-espaldarazo-a-los-campesinos\/#primaryimage"},"image":{"@id":"https:\/\/expressometro.mx\/index.php\/2020\/06\/29\/autoridades-de-jocotitlan-dan-espaldarazo-a-los-campesinos\/#primaryimage"},"thumbnailUrl":"https:\/\/expressometro.mx\/wp-content\/uploads\/2020\/06\/10D648F3-2C87-472C-B4AB-A4711BEB59DC.jpeg","datePublished":"2020-06-29T12:00:58+00:00","breadcrumb":{"@id":"https:\/\/expressometro.mx\/index.php\/2020\/06\/29\/autoridades-de-jocotitlan-dan-espaldarazo-a-los-campesinos\/#breadcrumb"},"inLanguage":"es","potentialAction":[{"@type":"ReadAction","target":["https:\/\/expressometro.mx\/index.php\/2020\/06\/29\/autoridades-de-jocotitlan-dan-espaldarazo-a-los-campesinos\/"]}]},{"@type":"ImageObject","inLanguage":"es","@id":"https:\/\/expressometro.mx\/index.php\/2020\/06\/29\/autoridades-de-jocotitlan-dan-espaldarazo-a-los-campesinos\/#primaryimage","url":"https:\/\/expressometro.mx\/wp-content\/uploads\/2020\/06\/10D648F3-2C87-472C-B4AB-A4711BEB59DC.jpeg","contentUrl":"https:\/\/expressometro.mx\/wp-content\/uploads\/2020\/06\/10D648F3-2C87-472C-B4AB-A4711BEB59DC.jpeg","width":2048,"height":1365},{"@type":"BreadcrumbList","@id":"https:\/\/expressometro.mx\/index.php\/2020\/06\/29\/autoridades-de-jocotitlan-dan-espaldarazo-a-los-campesinos\/#breadcrumb","itemListElement":[{"@type":"ListItem","position":1,"name":"Inicio","item":"https:\/\/expressometro.mx\/"},{"@type":"ListItem","position":2,"name":"AUTORIDADES DE JOCOTITLAN DAN \u2018ESPALDARAZO\u2019 A LOS CAMPESINOS"}]},{"@type":"WebSite","@id":"https:\/\/expressometro.mx\/#website","url":"https:\/\/expressometro.mx\/","name":"Expresso Metropolitano","description":"Periodismo comprometido, informaci\u00f3n, investigaci\u00f3n y an\u00e1lisis","publisher":{"@id":"https:\/\/expressometro.mx\/#organization"},"potentialAction":[{"@type":"SearchAction","target":{"@type":"EntryPoint","urlTemplate":"https:\/\/expressometro.mx\/?s={search_term_string}"},"query-input":{"@type":"PropertyValueSpecification","valueRequired":true,"valueName":"search_term_string"}}],"inLanguage":"es"},{"@type":"Organization","@id":"https:\/\/expressometro.mx\/#organization","name":"Expresso Metropolitano","url":"https:\/\/expressometro.mx\/","logo":{"@type":"ImageObject","inLanguage":"es","@id":"https:\/\/expressometro.mx\/#\/schema\/logo\/image\/","url":"https:\/\/expressometro.mx\/wp-content\/uploads\/2019\/07\/cropped-Logo-Expresso-Metropolitano-1-1.jpeg","contentUrl":"https:\/\/expressometro.mx\/wp-content\/uploads\/2019\/07\/cropped-Logo-Expresso-Metropolitano-1-1.jpeg","width":290,"height":73,"caption":"Expresso Metropolitano"},"image":{"@id":"https:\/\/expressometro.mx\/#\/schema\/logo\/image\/"}},{"@type":"Person","@id":"https:\/\/expressometro.mx\/#\/schema\/person\/efa971b4a0664db8ed5c22b1b0dd2f5d","name":"Expresso Metropolitano","image":{"@type":"ImageObject","inLanguage":"es","@id":"https:\/\/secure.gravatar.com\/avatar\/a89f802b8de18c6952f223c88d3d106e9e3679839f4e25a02f4a6cc2ae6ba3b3?s=96&d=mm&r=g","url":"https:\/\/secure.gravatar.com\/avatar\/a89f802b8de18c6952f223c88d3d106e9e3679839f4e25a02f4a6cc2ae6ba3b3?s=96&d=mm&r=g","contentUrl":"https:\/\/secure.gravatar.com\/avatar\/a89f802b8de18c6952f223c88d3d106e9e3679839f4e25a02f4a6cc2ae6ba3b3?s=96&d=mm&r=g","caption":"Expresso Metropolitano"},"url":"https:\/\/expressometro.mx\/index.php\/author\/diego\/"}]}},"amp_enabled":true,"_links":{"self":[{"href":"https:\/\/expressometro.mx\/index.php\/wp-json\/wp\/v2\/posts\/1616","targetHints":{"allow":["GET"]}}],"collection":[{"href":"https:\/\/expressometro.mx\/index.php\/wp-json\/wp\/v2\/posts"}],"about":[{"href":"https:\/\/expressometro.mx\/index.php\/wp-json\/wp\/v2\/types\/post"}],"author":[{"embeddable":true,"href":"https:\/\/expressometro.mx\/index.php\/wp-json\/wp\/v2\/users\/1"}],"replies":[{"embeddable":true,"href":"https:\/\/expressometro.mx\/index.php\/wp-json\/wp\/v2\/comments?post=1616"}],"version-history":[{"count":1,"href":"https:\/\/expressometro.mx\/index.php\/wp-json\/wp\/v2\/posts\/1616\/revisions"}],"predecessor-version":[{"id":1619,"href":"https:\/\/expressometro.mx\/index.php\/wp-json\/wp\/v2\/posts\/1616\/revisions\/1619"}],"wp:featuredmedia":[{"embeddable":true,"href":"https:\/\/expressometro.mx\/index.php\/wp-json\/wp\/v2\/media\/1617"}],"wp:attachment":[{"href":"https:\/\/expressometro.mx\/index.php\/wp-json\/wp\/v2\/media?parent=1616"}],"wp:term":[{"taxonomy":"category","embeddable":true,"href":"https:\/\/expressometro.mx\/index.php\/wp-json\/wp\/v2\/categories?post=1616"},{"taxonomy":"post_tag","embeddable":true,"href":"https:\/\/expressometro.mx\/index.php\/wp-json\/wp\/v2\/tags?post=1616"}],"curies":[{"name":"wp","href":"https:\/\/api.w.org\/{rel}","templated":true}]}}