{"id":1612,"date":"2020-06-26T17:02:18","date_gmt":"2020-06-26T22:02:18","guid":{"rendered":"http:\/\/expressometro.mx\/?p=1612"},"modified":"2020-06-26T17:02:20","modified_gmt":"2020-06-26T22:02:20","slug":"informa-alfredo-del-mazo-maza-que-el-edomex-sigue-en-semaforo-en-rojo-pero-avanza-a-la-fase-naranja","status":"publish","type":"post","link":"https:\/\/expressometro.mx\/index.php\/2020\/06\/26\/informa-alfredo-del-mazo-maza-que-el-edomex-sigue-en-semaforo-en-rojo-pero-avanza-a-la-fase-naranja\/","title":{"rendered":"INFORMA Alfredo Del Mazo Maza QUE EL EDOM\u00c9X SIGUE EN SEM\u00c1FORO EN ROJO, PERO AVANZA A LA FASE NARANJA"},"content":{"rendered":"\n<p>El Gobernador Alfredo Del Mazo Maza asegur\u00f3 que el Estado de M\u00e9xico est\u00e1 cerca de avanzar a la Fase naranja en el nivel de alerta del sem\u00e1foro epidemiol\u00f3gico, debido a que en las \u00faltimas dos semanas los niveles de hospitalizaci\u00f3n y de contagios se redujeron. <\/p>\n\n\n\n<p>Asimismo, se\u00f1al\u00f3 que la pr\u00f3xima semana ser\u00e1 de preparaci\u00f3n para que los negocios adopten medidas y protocolos preventivos, como aforos reducidos, el uso obligatorio de cubrebocas, manter la sana distancia, entre otros, de cara al cambio en el nivel de alerta por COVID-19. <\/p>\n\n\n\n<p>&#8220;La semana que entra es una semana de preparaci\u00f3n, de establecer protocolos, medidas de prevenci\u00f3n y estar listos para abrir al entrar en la fase naranja.<\/p>\n\n\n\n<p>&#8220;Debemos actuar todos de manera muy responsable. En esta etapa de preparaci\u00f3n y transici\u00f3n al sem\u00e1foro naranja debemos reforzar las medidas de higiene para cuidar la salud de todos, gran parte del \u00e9xito de las siguientes etapas depende de nosotros, de cuidarnos nosotros mismos&#8221;, dijo. <\/p>\n\n\n\n<p>No obstante, asegur\u00f3 que por el momento la fase cr\u00edtica contin\u00faa y pidi\u00f3 a la ciudadan\u00eda mantenerse alerta y aplicando las medidas de higiene correspondientes. <\/p>\n\n\n\n<p>Tambi\u00e9n explic\u00f3 que los peque\u00f1os negocios que podr\u00e1n retomar actividades no deber\u00e1n generar aglomeraciones, y son papeler\u00edas, muebler\u00edas, tiendas de ropa, electr\u00f3nicos, refaccionarias, comercios al por mayor y al por menor, que apoyan a la econom\u00eda familiar<\/p>\n\n\n\n<p>Tambi\u00e9n en la Fase naranja podr\u00e1n abrir los servicios como tintorer\u00edas, talleres, locales de reparaci\u00f3n y mantenimiento en general; as\u00ed como reiniciar las actividades de los hoteles, restaurantes, tiendas departamentales y centros comerciales con un aforo m\u00e1ximo del 30 por ciento.<\/p>\n\n\n\n<p>Alfredo Del Mazo precis\u00f3 que la estrategia para frenar al COVID requiri\u00f3 dividir al estado en secciones, ya que cada regi\u00f3n tiene su propia din\u00e1mica y puntualiz\u00f3 que en el Valle de Toluca sigue en aumento el n\u00famero de contagios y hospitalizados, por lo que ah\u00ed se reforzar\u00e1n las medidas, mientras que en el Valle de M\u00e9xico van dos semanas que han bajado estos indicadores.<\/p>\n\n\n\n<p>&#8220;En el Valle de Toluca todav\u00eda siguen aumentando los contagios y los hospitalizados, por lo que debemos reforzar las medidas en esta regi\u00f3n. En el Valle de M\u00e9xico llevamos dos semanas bajando el ritmo de contagios y hospitalizados, de continuar as\u00ed, muy pronto podremos avanzar a la siguiente etapa del sem\u00e1foro y podremos ir retomando las actividades&#8221;, inform\u00f3.  <\/p>\n\n\n\n<p>En un mensaje v\u00eda redes sociales, Del Mazo Maza dijo que su administraci\u00f3n trabaja de manera coordinada con la Ciudad de M\u00e9xico para homologar la reapertura de actividades.<\/p>\n\n\n\n<p>El mandatario estatal reconoci\u00f3 el esfuerzo de la sociedad, as\u00ed como del personal del sector salud, pues dijo que producto de ello, se ve cerca un avance en el nivel de alerta, pues en esta contingencia los 54 Hospitales COVID han atendido a m\u00e1s de 21 mil enfermos, d\u00e1ndose de alta a m\u00e1s de 16 mil. <\/p>\n\n\n\n<p>&#8220;Este avance ha sido posible gracias a las familias que han hecho un gran esfuerzo por permanecer en casa, gracias a los trabajadores del Sector Salud que han trabajado incansablemente y gracias al esfuerzo de todos&#8221;, expres\u00f3.<br><\/p>\n\n\n\n<figure class=\"wp-block-video\"><video height=\"480\" style=\"aspect-ratio: 640 \/ 480;\" width=\"640\" controls src=\"http:\/\/expressometro.mx\/wp-content\/uploads\/2020\/06\/IMG_3658.3gp\"><\/video><\/figure>\n","protected":false},"excerpt":{"rendered":"<p>El Gobernador Alfredo Del Mazo Maza asegur\u00f3 que el Estado de M\u00e9xico est\u00e1 cerca de avanzar a la Fase naranja en el nivel de alerta del sem\u00e1foro epidemiol\u00f3gico, debido a que en las \u00faltimas dos semanas los niveles de hospitalizaci\u00f3n y de contagios se redujeron. Asimismo, se\u00f1al\u00f3 que la pr\u00f3xima semana ser\u00e1 de preparaci\u00f3n para que los negocios adopten medidas y protocolos preventivos, como aforos reducidos, el uso obligatorio de cubrebocas, manter la sana distancia, entre otros, de cara al cambio en el nivel de alerta por COVID-19. &#8220;La semana&hellip;<\/p>\n","protected":false},"author":1,"featured_media":1614,"comment_status":"open","ping_status":"open","sticky":false,"template":"","format":"standard","meta":{"footnotes":""},"categories":[3,5],"tags":[],"class_list":["post-1612","post","type-post","status-publish","format-standard","has-post-thumbnail","hentry","category-gobierno","category-salud"],"yoast_head":"<!-- This site is optimized with the Yoast SEO plugin v27.5 - https:\/\/yoast.com\/product\/yoast-seo-wordpress\/ -->\n<title>INFORMA Alfredo Del Mazo Maza QUE EL EDOM\u00c9X SIGUE EN SEM\u00c1FORO EN ROJO, PERO AVANZA A LA FASE NARANJA - Expresso Metropolitano<\/title>\n<meta name=\"robots\" content=\"index, follow, max-snippet:-1, max-image-preview:large, max-video-preview:-1\" \/>\n<link rel=\"canonical\" href=\"https:\/\/expressometro.mx\/index.php\/2020\/06\/26\/informa-alfredo-del-mazo-maza-que-el-edomex-sigue-en-semaforo-en-rojo-pero-avanza-a-la-fase-naranja\/\" \/>\n<meta property=\"og:locale\" content=\"es_MX\" \/>\n<meta property=\"og:type\" content=\"article\" \/>\n<meta property=\"og:title\" content=\"INFORMA Alfredo Del Mazo Maza QUE EL EDOM\u00c9X SIGUE EN SEM\u00c1FORO EN ROJO, PERO AVANZA A LA FASE NARANJA - Expresso Metropolitano\" \/>\n<meta property=\"og:description\" content=\"El Gobernador Alfredo Del Mazo Maza asegur\u00f3 que el Estado de M\u00e9xico est\u00e1 cerca de avanzar a la Fase naranja en el nivel de alerta del sem\u00e1foro epidemiol\u00f3gico, debido a que en las \u00faltimas dos semanas los niveles de hospitalizaci\u00f3n y de contagios se redujeron. Asimismo, se\u00f1al\u00f3 que la pr\u00f3xima semana ser\u00e1 de preparaci\u00f3n para que los negocios adopten medidas y protocolos preventivos, como aforos reducidos, el uso obligatorio de cubrebocas, manter la sana distancia, entre otros, de cara al cambio en el nivel de alerta por COVID-19. &#8220;La semana&hellip;\" \/>\n<meta property=\"og:url\" content=\"https:\/\/expressometro.mx\/index.php\/2020\/06\/26\/informa-alfredo-del-mazo-maza-que-el-edomex-sigue-en-semaforo-en-rojo-pero-avanza-a-la-fase-naranja\/\" \/>\n<meta property=\"og:site_name\" content=\"Expresso Metropolitano\" \/>\n<meta property=\"article:published_time\" content=\"2020-06-26T22:02:18+00:00\" \/>\n<meta property=\"article:modified_time\" content=\"2020-06-26T22:02:20+00:00\" \/>\n<meta property=\"og:image\" content=\"https:\/\/expressometro.mx\/wp-content\/uploads\/2020\/06\/71037649-DA03-4DFD-9B4D-3F2A5601F8AA.jpeg\" \/>\n\t<meta property=\"og:image:width\" content=\"1280\" \/>\n\t<meta property=\"og:image:height\" content=\"720\" \/>\n\t<meta property=\"og:image:type\" content=\"image\/jpeg\" \/>\n<meta name=\"author\" content=\"Expresso Metropolitano\" \/>\n<meta name=\"twitter:label1\" content=\"Escrito por\" \/>\n\t<meta name=\"twitter:data1\" content=\"Expresso Metropolitano\" \/>\n\t<meta name=\"twitter:label2\" content=\"Tiempo de lectura\" \/>\n\t<meta name=\"twitter:data2\" content=\"3 minutos\" \/>\n<script type=\"application\/ld+json\" class=\"yoast-schema-graph\">{\"@context\":\"https:\\\/\\\/schema.org\",\"@graph\":[{\"@type\":\"Article\",\"@id\":\"https:\\\/\\\/expressometro.mx\\\/index.php\\\/2020\\\/06\\\/26\\\/informa-alfredo-del-mazo-maza-que-el-edomex-sigue-en-semaforo-en-rojo-pero-avanza-a-la-fase-naranja\\\/#article\",\"isPartOf\":{\"@id\":\"https:\\\/\\\/expressometro.mx\\\/index.php\\\/2020\\\/06\\\/26\\\/informa-alfredo-del-mazo-maza-que-el-edomex-sigue-en-semaforo-en-rojo-pero-avanza-a-la-fase-naranja\\\/\"},\"author\":{\"name\":\"Expresso Metropolitano\",\"@id\":\"https:\\\/\\\/expressometro.mx\\\/#\\\/schema\\\/person\\\/efa971b4a0664db8ed5c22b1b0dd2f5d\"},\"headline\":\"INFORMA Alfredo Del Mazo Maza QUE EL EDOM\u00c9X SIGUE EN SEM\u00c1FORO EN ROJO, PERO AVANZA A LA FASE NARANJA\",\"datePublished\":\"2020-06-26T22:02:18+00:00\",\"dateModified\":\"2020-06-26T22:02:20+00:00\",\"mainEntityOfPage\":{\"@id\":\"https:\\\/\\\/expressometro.mx\\\/index.php\\\/2020\\\/06\\\/26\\\/informa-alfredo-del-mazo-maza-que-el-edomex-sigue-en-semaforo-en-rojo-pero-avanza-a-la-fase-naranja\\\/\"},\"wordCount\":566,\"commentCount\":0,\"publisher\":{\"@id\":\"https:\\\/\\\/expressometro.mx\\\/#organization\"},\"image\":{\"@id\":\"https:\\\/\\\/expressometro.mx\\\/index.php\\\/2020\\\/06\\\/26\\\/informa-alfredo-del-mazo-maza-que-el-edomex-sigue-en-semaforo-en-rojo-pero-avanza-a-la-fase-naranja\\\/#primaryimage\"},\"thumbnailUrl\":\"https:\\\/\\\/expressometro.mx\\\/wp-content\\\/uploads\\\/2020\\\/06\\\/71037649-DA03-4DFD-9B4D-3F2A5601F8AA.jpeg\",\"articleSection\":[\"Gobierno\",\"Salud\"],\"inLanguage\":\"es\",\"potentialAction\":[{\"@type\":\"CommentAction\",\"name\":\"Comment\",\"target\":[\"https:\\\/\\\/expressometro.mx\\\/index.php\\\/2020\\\/06\\\/26\\\/informa-alfredo-del-mazo-maza-que-el-edomex-sigue-en-semaforo-en-rojo-pero-avanza-a-la-fase-naranja\\\/#respond\"]}]},{\"@type\":\"WebPage\",\"@id\":\"https:\\\/\\\/expressometro.mx\\\/index.php\\\/2020\\\/06\\\/26\\\/informa-alfredo-del-mazo-maza-que-el-edomex-sigue-en-semaforo-en-rojo-pero-avanza-a-la-fase-naranja\\\/\",\"url\":\"https:\\\/\\\/expressometro.mx\\\/index.php\\\/2020\\\/06\\\/26\\\/informa-alfredo-del-mazo-maza-que-el-edomex-sigue-en-semaforo-en-rojo-pero-avanza-a-la-fase-naranja\\\/\",\"name\":\"INFORMA Alfredo Del Mazo Maza QUE EL EDOM\u00c9X SIGUE EN SEM\u00c1FORO EN ROJO, PERO AVANZA A LA FASE NARANJA - Expresso Metropolitano\",\"isPartOf\":{\"@id\":\"https:\\\/\\\/expressometro.mx\\\/#website\"},\"primaryImageOfPage\":{\"@id\":\"https:\\\/\\\/expressometro.mx\\\/index.php\\\/2020\\\/06\\\/26\\\/informa-alfredo-del-mazo-maza-que-el-edomex-sigue-en-semaforo-en-rojo-pero-avanza-a-la-fase-naranja\\\/#primaryimage\"},\"image\":{\"@id\":\"https:\\\/\\\/expressometro.mx\\\/index.php\\\/2020\\\/06\\\/26\\\/informa-alfredo-del-mazo-maza-que-el-edomex-sigue-en-semaforo-en-rojo-pero-avanza-a-la-fase-naranja\\\/#primaryimage\"},\"thumbnailUrl\":\"https:\\\/\\\/expressometro.mx\\\/wp-content\\\/uploads\\\/2020\\\/06\\\/71037649-DA03-4DFD-9B4D-3F2A5601F8AA.jpeg\",\"datePublished\":\"2020-06-26T22:02:18+00:00\",\"dateModified\":\"2020-06-26T22:02:20+00:00\",\"breadcrumb\":{\"@id\":\"https:\\\/\\\/expressometro.mx\\\/index.php\\\/2020\\\/06\\\/26\\\/informa-alfredo-del-mazo-maza-que-el-edomex-sigue-en-semaforo-en-rojo-pero-avanza-a-la-fase-naranja\\\/#breadcrumb\"},\"inLanguage\":\"es\",\"potentialAction\":[{\"@type\":\"ReadAction\",\"target\":[\"https:\\\/\\\/expressometro.mx\\\/index.php\\\/2020\\\/06\\\/26\\\/informa-alfredo-del-mazo-maza-que-el-edomex-sigue-en-semaforo-en-rojo-pero-avanza-a-la-fase-naranja\\\/\"]}]},{\"@type\":\"ImageObject\",\"inLanguage\":\"es\",\"@id\":\"https:\\\/\\\/expressometro.mx\\\/index.php\\\/2020\\\/06\\\/26\\\/informa-alfredo-del-mazo-maza-que-el-edomex-sigue-en-semaforo-en-rojo-pero-avanza-a-la-fase-naranja\\\/#primaryimage\",\"url\":\"https:\\\/\\\/expressometro.mx\\\/wp-content\\\/uploads\\\/2020\\\/06\\\/71037649-DA03-4DFD-9B4D-3F2A5601F8AA.jpeg\",\"contentUrl\":\"https:\\\/\\\/expressometro.mx\\\/wp-content\\\/uploads\\\/2020\\\/06\\\/71037649-DA03-4DFD-9B4D-3F2A5601F8AA.jpeg\",\"width\":1280,\"height\":720},{\"@type\":\"BreadcrumbList\",\"@id\":\"https:\\\/\\\/expressometro.mx\\\/index.php\\\/2020\\\/06\\\/26\\\/informa-alfredo-del-mazo-maza-que-el-edomex-sigue-en-semaforo-en-rojo-pero-avanza-a-la-fase-naranja\\\/#breadcrumb\",\"itemListElement\":[{\"@type\":\"ListItem\",\"position\":1,\"name\":\"Inicio\",\"item\":\"https:\\\/\\\/expressometro.mx\\\/\"},{\"@type\":\"ListItem\",\"position\":2,\"name\":\"INFORMA Alfredo Del Mazo Maza QUE EL EDOM\u00c9X SIGUE EN SEM\u00c1FORO EN ROJO, PERO AVANZA A LA FASE NARANJA\"}]},{\"@type\":\"WebSite\",\"@id\":\"https:\\\/\\\/expressometro.mx\\\/#website\",\"url\":\"https:\\\/\\\/expressometro.mx\\\/\",\"name\":\"Expresso Metropolitano\",\"description\":\"Periodismo comprometido, informaci\u00f3n, investigaci\u00f3n y an\u00e1lisis\",\"publisher\":{\"@id\":\"https:\\\/\\\/expressometro.mx\\\/#organization\"},\"potentialAction\":[{\"@type\":\"SearchAction\",\"target\":{\"@type\":\"EntryPoint\",\"urlTemplate\":\"https:\\\/\\\/expressometro.mx\\\/?s={search_term_string}\"},\"query-input\":{\"@type\":\"PropertyValueSpecification\",\"valueRequired\":true,\"valueName\":\"search_term_string\"}}],\"inLanguage\":\"es\"},{\"@type\":\"Organization\",\"@id\":\"https:\\\/\\\/expressometro.mx\\\/#organization\",\"name\":\"Expresso Metropolitano\",\"url\":\"https:\\\/\\\/expressometro.mx\\\/\",\"logo\":{\"@type\":\"ImageObject\",\"inLanguage\":\"es\",\"@id\":\"https:\\\/\\\/expressometro.mx\\\/#\\\/schema\\\/logo\\\/image\\\/\",\"url\":\"https:\\\/\\\/expressometro.mx\\\/wp-content\\\/uploads\\\/2019\\\/07\\\/cropped-Logo-Expresso-Metropolitano-1-1.jpeg\",\"contentUrl\":\"https:\\\/\\\/expressometro.mx\\\/wp-content\\\/uploads\\\/2019\\\/07\\\/cropped-Logo-Expresso-Metropolitano-1-1.jpeg\",\"width\":290,\"height\":73,\"caption\":\"Expresso Metropolitano\"},\"image\":{\"@id\":\"https:\\\/\\\/expressometro.mx\\\/#\\\/schema\\\/logo\\\/image\\\/\"}},{\"@type\":\"Person\",\"@id\":\"https:\\\/\\\/expressometro.mx\\\/#\\\/schema\\\/person\\\/efa971b4a0664db8ed5c22b1b0dd2f5d\",\"name\":\"Expresso Metropolitano\",\"image\":{\"@type\":\"ImageObject\",\"inLanguage\":\"es\",\"@id\":\"https:\\\/\\\/secure.gravatar.com\\\/avatar\\\/a89f802b8de18c6952f223c88d3d106e9e3679839f4e25a02f4a6cc2ae6ba3b3?s=96&d=mm&r=g\",\"url\":\"https:\\\/\\\/secure.gravatar.com\\\/avatar\\\/a89f802b8de18c6952f223c88d3d106e9e3679839f4e25a02f4a6cc2ae6ba3b3?s=96&d=mm&r=g\",\"contentUrl\":\"https:\\\/\\\/secure.gravatar.com\\\/avatar\\\/a89f802b8de18c6952f223c88d3d106e9e3679839f4e25a02f4a6cc2ae6ba3b3?s=96&d=mm&r=g\",\"caption\":\"Expresso Metropolitano\"},\"url\":\"https:\\\/\\\/expressometro.mx\\\/index.php\\\/author\\\/diego\\\/\"}]}<\/script>\n<!-- \/ Yoast SEO plugin. -->","yoast_head_json":{"title":"INFORMA Alfredo Del Mazo Maza QUE EL EDOM\u00c9X SIGUE EN SEM\u00c1FORO EN ROJO, PERO AVANZA A LA FASE NARANJA - Expresso Metropolitano","robots":{"index":"index","follow":"follow","max-snippet":"max-snippet:-1","max-image-preview":"max-image-preview:large","max-video-preview":"max-video-preview:-1"},"canonical":"https:\/\/expressometro.mx\/index.php\/2020\/06\/26\/informa-alfredo-del-mazo-maza-que-el-edomex-sigue-en-semaforo-en-rojo-pero-avanza-a-la-fase-naranja\/","og_locale":"es_MX","og_type":"article","og_title":"INFORMA Alfredo Del Mazo Maza QUE EL EDOM\u00c9X SIGUE EN SEM\u00c1FORO EN ROJO, PERO AVANZA A LA FASE NARANJA - Expresso Metropolitano","og_description":"El Gobernador Alfredo Del Mazo Maza asegur\u00f3 que el Estado de M\u00e9xico est\u00e1 cerca de avanzar a la Fase naranja en el nivel de alerta del sem\u00e1foro epidemiol\u00f3gico, debido a que en las \u00faltimas dos semanas los niveles de hospitalizaci\u00f3n y de contagios se redujeron. Asimismo, se\u00f1al\u00f3 que la pr\u00f3xima semana ser\u00e1 de preparaci\u00f3n para que los negocios adopten medidas y protocolos preventivos, como aforos reducidos, el uso obligatorio de cubrebocas, manter la sana distancia, entre otros, de cara al cambio en el nivel de alerta por COVID-19. &#8220;La semana&hellip;","og_url":"https:\/\/expressometro.mx\/index.php\/2020\/06\/26\/informa-alfredo-del-mazo-maza-que-el-edomex-sigue-en-semaforo-en-rojo-pero-avanza-a-la-fase-naranja\/","og_site_name":"Expresso Metropolitano","article_published_time":"2020-06-26T22:02:18+00:00","article_modified_time":"2020-06-26T22:02:20+00:00","og_image":[{"width":1280,"height":720,"url":"https:\/\/expressometro.mx\/wp-content\/uploads\/2020\/06\/71037649-DA03-4DFD-9B4D-3F2A5601F8AA.jpeg","type":"image\/jpeg"}],"author":"Expresso Metropolitano","twitter_misc":{"Escrito por":"Expresso Metropolitano","Tiempo de lectura":"3 minutos"},"schema":{"@context":"https:\/\/schema.org","@graph":[{"@type":"Article","@id":"https:\/\/expressometro.mx\/index.php\/2020\/06\/26\/informa-alfredo-del-mazo-maza-que-el-edomex-sigue-en-semaforo-en-rojo-pero-avanza-a-la-fase-naranja\/#article","isPartOf":{"@id":"https:\/\/expressometro.mx\/index.php\/2020\/06\/26\/informa-alfredo-del-mazo-maza-que-el-edomex-sigue-en-semaforo-en-rojo-pero-avanza-a-la-fase-naranja\/"},"author":{"name":"Expresso Metropolitano","@id":"https:\/\/expressometro.mx\/#\/schema\/person\/efa971b4a0664db8ed5c22b1b0dd2f5d"},"headline":"INFORMA Alfredo Del Mazo Maza QUE EL EDOM\u00c9X SIGUE EN SEM\u00c1FORO EN ROJO, PERO AVANZA A LA FASE NARANJA","datePublished":"2020-06-26T22:02:18+00:00","dateModified":"2020-06-26T22:02:20+00:00","mainEntityOfPage":{"@id":"https:\/\/expressometro.mx\/index.php\/2020\/06\/26\/informa-alfredo-del-mazo-maza-que-el-edomex-sigue-en-semaforo-en-rojo-pero-avanza-a-la-fase-naranja\/"},"wordCount":566,"commentCount":0,"publisher":{"@id":"https:\/\/expressometro.mx\/#organization"},"image":{"@id":"https:\/\/expressometro.mx\/index.php\/2020\/06\/26\/informa-alfredo-del-mazo-maza-que-el-edomex-sigue-en-semaforo-en-rojo-pero-avanza-a-la-fase-naranja\/#primaryimage"},"thumbnailUrl":"https:\/\/expressometro.mx\/wp-content\/uploads\/2020\/06\/71037649-DA03-4DFD-9B4D-3F2A5601F8AA.jpeg","articleSection":["Gobierno","Salud"],"inLanguage":"es","potentialAction":[{"@type":"CommentAction","name":"Comment","target":["https:\/\/expressometro.mx\/index.php\/2020\/06\/26\/informa-alfredo-del-mazo-maza-que-el-edomex-sigue-en-semaforo-en-rojo-pero-avanza-a-la-fase-naranja\/#respond"]}]},{"@type":"WebPage","@id":"https:\/\/expressometro.mx\/index.php\/2020\/06\/26\/informa-alfredo-del-mazo-maza-que-el-edomex-sigue-en-semaforo-en-rojo-pero-avanza-a-la-fase-naranja\/","url":"https:\/\/expressometro.mx\/index.php\/2020\/06\/26\/informa-alfredo-del-mazo-maza-que-el-edomex-sigue-en-semaforo-en-rojo-pero-avanza-a-la-fase-naranja\/","name":"INFORMA Alfredo Del Mazo Maza QUE EL EDOM\u00c9X SIGUE EN SEM\u00c1FORO EN ROJO, PERO AVANZA A LA FASE NARANJA - Expresso Metropolitano","isPartOf":{"@id":"https:\/\/expressometro.mx\/#website"},"primaryImageOfPage":{"@id":"https:\/\/expressometro.mx\/index.php\/2020\/06\/26\/informa-alfredo-del-mazo-maza-que-el-edomex-sigue-en-semaforo-en-rojo-pero-avanza-a-la-fase-naranja\/#primaryimage"},"image":{"@id":"https:\/\/expressometro.mx\/index.php\/2020\/06\/26\/informa-alfredo-del-mazo-maza-que-el-edomex-sigue-en-semaforo-en-rojo-pero-avanza-a-la-fase-naranja\/#primaryimage"},"thumbnailUrl":"https:\/\/expressometro.mx\/wp-content\/uploads\/2020\/06\/71037649-DA03-4DFD-9B4D-3F2A5601F8AA.jpeg","datePublished":"2020-06-26T22:02:18+00:00","dateModified":"2020-06-26T22:02:20+00:00","breadcrumb":{"@id":"https:\/\/expressometro.mx\/index.php\/2020\/06\/26\/informa-alfredo-del-mazo-maza-que-el-edomex-sigue-en-semaforo-en-rojo-pero-avanza-a-la-fase-naranja\/#breadcrumb"},"inLanguage":"es","potentialAction":[{"@type":"ReadAction","target":["https:\/\/expressometro.mx\/index.php\/2020\/06\/26\/informa-alfredo-del-mazo-maza-que-el-edomex-sigue-en-semaforo-en-rojo-pero-avanza-a-la-fase-naranja\/"]}]},{"@type":"ImageObject","inLanguage":"es","@id":"https:\/\/expressometro.mx\/index.php\/2020\/06\/26\/informa-alfredo-del-mazo-maza-que-el-edomex-sigue-en-semaforo-en-rojo-pero-avanza-a-la-fase-naranja\/#primaryimage","url":"https:\/\/expressometro.mx\/wp-content\/uploads\/2020\/06\/71037649-DA03-4DFD-9B4D-3F2A5601F8AA.jpeg","contentUrl":"https:\/\/expressometro.mx\/wp-content\/uploads\/2020\/06\/71037649-DA03-4DFD-9B4D-3F2A5601F8AA.jpeg","width":1280,"height":720},{"@type":"BreadcrumbList","@id":"https:\/\/expressometro.mx\/index.php\/2020\/06\/26\/informa-alfredo-del-mazo-maza-que-el-edomex-sigue-en-semaforo-en-rojo-pero-avanza-a-la-fase-naranja\/#breadcrumb","itemListElement":[{"@type":"ListItem","position":1,"name":"Inicio","item":"https:\/\/expressometro.mx\/"},{"@type":"ListItem","position":2,"name":"INFORMA Alfredo Del Mazo Maza QUE EL EDOM\u00c9X SIGUE EN SEM\u00c1FORO EN ROJO, PERO AVANZA A LA FASE NARANJA"}]},{"@type":"WebSite","@id":"https:\/\/expressometro.mx\/#website","url":"https:\/\/expressometro.mx\/","name":"Expresso Metropolitano","description":"Periodismo comprometido, informaci\u00f3n, investigaci\u00f3n y an\u00e1lisis","publisher":{"@id":"https:\/\/expressometro.mx\/#organization"},"potentialAction":[{"@type":"SearchAction","target":{"@type":"EntryPoint","urlTemplate":"https:\/\/expressometro.mx\/?s={search_term_string}"},"query-input":{"@type":"PropertyValueSpecification","valueRequired":true,"valueName":"search_term_string"}}],"inLanguage":"es"},{"@type":"Organization","@id":"https:\/\/expressometro.mx\/#organization","name":"Expresso Metropolitano","url":"https:\/\/expressometro.mx\/","logo":{"@type":"ImageObject","inLanguage":"es","@id":"https:\/\/expressometro.mx\/#\/schema\/logo\/image\/","url":"https:\/\/expressometro.mx\/wp-content\/uploads\/2019\/07\/cropped-Logo-Expresso-Metropolitano-1-1.jpeg","contentUrl":"https:\/\/expressometro.mx\/wp-content\/uploads\/2019\/07\/cropped-Logo-Expresso-Metropolitano-1-1.jpeg","width":290,"height":73,"caption":"Expresso Metropolitano"},"image":{"@id":"https:\/\/expressometro.mx\/#\/schema\/logo\/image\/"}},{"@type":"Person","@id":"https:\/\/expressometro.mx\/#\/schema\/person\/efa971b4a0664db8ed5c22b1b0dd2f5d","name":"Expresso Metropolitano","image":{"@type":"ImageObject","inLanguage":"es","@id":"https:\/\/secure.gravatar.com\/avatar\/a89f802b8de18c6952f223c88d3d106e9e3679839f4e25a02f4a6cc2ae6ba3b3?s=96&d=mm&r=g","url":"https:\/\/secure.gravatar.com\/avatar\/a89f802b8de18c6952f223c88d3d106e9e3679839f4e25a02f4a6cc2ae6ba3b3?s=96&d=mm&r=g","contentUrl":"https:\/\/secure.gravatar.com\/avatar\/a89f802b8de18c6952f223c88d3d106e9e3679839f4e25a02f4a6cc2ae6ba3b3?s=96&d=mm&r=g","caption":"Expresso Metropolitano"},"url":"https:\/\/expressometro.mx\/index.php\/author\/diego\/"}]}},"amp_enabled":true,"_links":{"self":[{"href":"https:\/\/expressometro.mx\/index.php\/wp-json\/wp\/v2\/posts\/1612","targetHints":{"allow":["GET"]}}],"collection":[{"href":"https:\/\/expressometro.mx\/index.php\/wp-json\/wp\/v2\/posts"}],"about":[{"href":"https:\/\/expressometro.mx\/index.php\/wp-json\/wp\/v2\/types\/post"}],"author":[{"embeddable":true,"href":"https:\/\/expressometro.mx\/index.php\/wp-json\/wp\/v2\/users\/1"}],"replies":[{"embeddable":true,"href":"https:\/\/expressometro.mx\/index.php\/wp-json\/wp\/v2\/comments?post=1612"}],"version-history":[{"count":1,"href":"https:\/\/expressometro.mx\/index.php\/wp-json\/wp\/v2\/posts\/1612\/revisions"}],"predecessor-version":[{"id":1615,"href":"https:\/\/expressometro.mx\/index.php\/wp-json\/wp\/v2\/posts\/1612\/revisions\/1615"}],"wp:featuredmedia":[{"embeddable":true,"href":"https:\/\/expressometro.mx\/index.php\/wp-json\/wp\/v2\/media\/1614"}],"wp:attachment":[{"href":"https:\/\/expressometro.mx\/index.php\/wp-json\/wp\/v2\/media?parent=1612"}],"wp:term":[{"taxonomy":"category","embeddable":true,"href":"https:\/\/expressometro.mx\/index.php\/wp-json\/wp\/v2\/categories?post=1612"},{"taxonomy":"post_tag","embeddable":true,"href":"https:\/\/expressometro.mx\/index.php\/wp-json\/wp\/v2\/tags?post=1612"}],"curies":[{"name":"wp","href":"https:\/\/api.w.org\/{rel}","templated":true}]}}