{"id":1607,"date":"2020-06-23T18:26:37","date_gmt":"2020-06-23T23:26:37","guid":{"rendered":"http:\/\/expressometro.mx\/?p=1607"},"modified":"2020-06-24T18:33:35","modified_gmt":"2020-06-24T23:33:35","slug":"en-edomex-no-se-reportan-danos-mayores-tras-sismo-de-7-5-con-epicentro-en-crucecita-oaxaca-alfredo-del-mazo","status":"publish","type":"post","link":"https:\/\/expressometro.mx\/index.php\/2020\/06\/23\/en-edomex-no-se-reportan-danos-mayores-tras-sismo-de-7-5-con-epicentro-en-crucecita-oaxaca-alfredo-del-mazo\/","title":{"rendered":"EN EDOM\u00c9X NO SE REPORTAN DA\u00d1OS MAYORES TRAS SISMO DE 7.5 CON EPICENTRO EN CRUCECITA, OAXACA: ALFREDO DEL MAZO"},"content":{"rendered":"\n<p>El Gobernador Alfredo Del Mazo Maza inform\u00f3 que en el Estado de M\u00e9xico no se reportan da\u00f1os mayores e incidentes, tras el sismo de 7.5 grados que se registr\u00f3 en el sureste de Crucecita, Oaxaca. <\/p>\n\n\n\n<p>Dio a conocer que hasta el momento se registran cuarteaduras menores en dos hospitales ubicados en Ecatepec y Chalco, los cuales ya est\u00e1n siendo atendidos.  <\/p>\n\n\n\n<p>\u201cQuiero informar con respecto al sismo que acabamos de tener hace unos momentos, un sismo de 7.5 grados, con epicentro en el sur de Oaxaca, en Crucecitas, se sinti\u00f3 fuerte y en ese momento se iniciaron los protocolos de emergencia en todo el Estado de M\u00e9xico, los reportes que tenemos hasta el momento es que no hay da\u00f1os mayores, no hay incidentes.<\/p>\n\n\n\n<p>\u201cSolamente algunas cuarteaduras, por lo pronto en dos hospitales, en el IMSS Oriente de Ecatepec y en el Hospital General de Chalco, que son cuarteaduras menores que estar\u00e1n siendo atendidas\u201d, detall\u00f3 a trav\u00e9s de un mensaje emitido en redes sociales. <\/p>\n\n\n\n<p>Del Mazo Maza destac\u00f3 que los servicios de emergencia contin\u00faan monitoreando en las diversas regiones de la entidad. <\/p>\n\n\n\n<p>Asimismo, hizo un llamado a la poblaci\u00f3n a que revisen sus viviendas y en caso de existir cuarteaduras mayores a dos cent\u00edmetros, pueden reportarlo a Protecci\u00f3n Civil estatal, al n\u00famero 800-713-4147, para que se realice la revisi\u00f3n correspondiente. <\/p>\n\n\n\n<p>\u201cQueremos hacerle una invitaci\u00f3n a todas las familias a que revisen sus casas, a que vean que no haya cuarteaduras en las paredes, no debe de haber cuarteaduras mayores a dos cent\u00edmetros y tampoco debe haber cuarteaduras en columnas o castillos.<\/p>\n\n\n\n<p>\u201cSi fuera el caso y requieren de revisi\u00f3n profesional por favor rep\u00f3rtenlo a Protecci\u00f3n Civil, estaremos muy atentos pada poder hacer una visita e inmediatamente revisar cualquier incidente\u201d, se\u00f1al\u00f3.<\/p>\n\n\n\n<figure class=\"wp-block-video\"><video height=\"1280\" style=\"aspect-ratio: 720 \/ 1280;\" width=\"720\" controls src=\"http:\/\/expressometro.mx\/wp-content\/uploads\/2020\/06\/WhatsApp-Video-2020-06-23-at-13.29.20.mp4\"><\/video><\/figure>\n","protected":false},"excerpt":{"rendered":"<p>El Gobernador Alfredo Del Mazo Maza inform\u00f3 que en el Estado de M\u00e9xico no se reportan da\u00f1os mayores e incidentes, tras el sismo de 7.5 grados que se registr\u00f3 en el sureste de Crucecita, Oaxaca. Dio a conocer que hasta el momento se registran cuarteaduras menores en dos hospitales ubicados en Ecatepec y Chalco, los cuales ya est\u00e1n siendo atendidos. \u201cQuiero informar con respecto al sismo que acabamos de tener hace unos momentos, un sismo de 7.5 grados, con epicentro en el sur de Oaxaca, en Crucecitas, se sinti\u00f3 fuerte&hellip;<\/p>\n","protected":false},"author":1,"featured_media":1609,"comment_status":"open","ping_status":"open","sticky":false,"template":"","format":"standard","meta":{"footnotes":""},"categories":[3,5],"tags":[],"class_list":["post-1607","post","type-post","status-publish","format-standard","has-post-thumbnail","hentry","category-gobierno","category-salud"],"yoast_head":"<!-- This site is optimized with the Yoast SEO plugin v27.5 - https:\/\/yoast.com\/product\/yoast-seo-wordpress\/ -->\n<title>EN EDOM\u00c9X NO SE REPORTAN DA\u00d1OS MAYORES TRAS SISMO DE 7.5 CON EPICENTRO EN CRUCECITA, OAXACA: ALFREDO DEL MAZO - Expresso Metropolitano<\/title>\n<meta name=\"robots\" content=\"index, follow, max-snippet:-1, max-image-preview:large, max-video-preview:-1\" \/>\n<link rel=\"canonical\" href=\"https:\/\/expressometro.mx\/index.php\/2020\/06\/23\/en-edomex-no-se-reportan-danos-mayores-tras-sismo-de-7-5-con-epicentro-en-crucecita-oaxaca-alfredo-del-mazo\/\" \/>\n<meta property=\"og:locale\" content=\"es_MX\" \/>\n<meta property=\"og:type\" content=\"article\" \/>\n<meta property=\"og:title\" content=\"EN EDOM\u00c9X NO SE REPORTAN DA\u00d1OS MAYORES TRAS SISMO DE 7.5 CON EPICENTRO EN CRUCECITA, OAXACA: ALFREDO DEL MAZO - Expresso Metropolitano\" \/>\n<meta property=\"og:description\" content=\"El Gobernador Alfredo Del Mazo Maza inform\u00f3 que en el Estado de M\u00e9xico no se reportan da\u00f1os mayores e incidentes, tras el sismo de 7.5 grados que se registr\u00f3 en el sureste de Crucecita, Oaxaca. Dio a conocer que hasta el momento se registran cuarteaduras menores en dos hospitales ubicados en Ecatepec y Chalco, los cuales ya est\u00e1n siendo atendidos. \u201cQuiero informar con respecto al sismo que acabamos de tener hace unos momentos, un sismo de 7.5 grados, con epicentro en el sur de Oaxaca, en Crucecitas, se sinti\u00f3 fuerte&hellip;\" \/>\n<meta property=\"og:url\" content=\"https:\/\/expressometro.mx\/index.php\/2020\/06\/23\/en-edomex-no-se-reportan-danos-mayores-tras-sismo-de-7-5-con-epicentro-en-crucecita-oaxaca-alfredo-del-mazo\/\" \/>\n<meta property=\"og:site_name\" content=\"Expresso Metropolitano\" \/>\n<meta property=\"article:published_time\" content=\"2020-06-23T23:26:37+00:00\" \/>\n<meta property=\"article:modified_time\" content=\"2020-06-24T23:33:35+00:00\" \/>\n<meta property=\"og:image\" content=\"https:\/\/expressometro.mx\/wp-content\/uploads\/2020\/06\/WhatsApp-Image-2020-06-23-at-13.28.15.jpeg\" \/>\n\t<meta property=\"og:image:width\" content=\"720\" \/>\n\t<meta property=\"og:image:height\" content=\"1280\" \/>\n\t<meta property=\"og:image:type\" content=\"image\/jpeg\" \/>\n<meta name=\"author\" content=\"Expresso Metropolitano\" \/>\n<meta name=\"twitter:label1\" content=\"Escrito por\" \/>\n\t<meta name=\"twitter:data1\" content=\"Expresso Metropolitano\" \/>\n\t<meta name=\"twitter:label2\" content=\"Tiempo de lectura\" \/>\n\t<meta name=\"twitter:data2\" content=\"2 minutos\" \/>\n<script type=\"application\/ld+json\" class=\"yoast-schema-graph\">{\"@context\":\"https:\\\/\\\/schema.org\",\"@graph\":[{\"@type\":\"Article\",\"@id\":\"https:\\\/\\\/expressometro.mx\\\/index.php\\\/2020\\\/06\\\/23\\\/en-edomex-no-se-reportan-danos-mayores-tras-sismo-de-7-5-con-epicentro-en-crucecita-oaxaca-alfredo-del-mazo\\\/#article\",\"isPartOf\":{\"@id\":\"https:\\\/\\\/expressometro.mx\\\/index.php\\\/2020\\\/06\\\/23\\\/en-edomex-no-se-reportan-danos-mayores-tras-sismo-de-7-5-con-epicentro-en-crucecita-oaxaca-alfredo-del-mazo\\\/\"},\"author\":{\"name\":\"Expresso Metropolitano\",\"@id\":\"https:\\\/\\\/expressometro.mx\\\/#\\\/schema\\\/person\\\/efa971b4a0664db8ed5c22b1b0dd2f5d\"},\"headline\":\"EN EDOM\u00c9X NO SE REPORTAN DA\u00d1OS MAYORES TRAS SISMO DE 7.5 CON EPICENTRO EN CRUCECITA, OAXACA: ALFREDO DEL MAZO\",\"datePublished\":\"2020-06-23T23:26:37+00:00\",\"dateModified\":\"2020-06-24T23:33:35+00:00\",\"mainEntityOfPage\":{\"@id\":\"https:\\\/\\\/expressometro.mx\\\/index.php\\\/2020\\\/06\\\/23\\\/en-edomex-no-se-reportan-danos-mayores-tras-sismo-de-7-5-con-epicentro-en-crucecita-oaxaca-alfredo-del-mazo\\\/\"},\"wordCount\":326,\"commentCount\":0,\"publisher\":{\"@id\":\"https:\\\/\\\/expressometro.mx\\\/#organization\"},\"image\":{\"@id\":\"https:\\\/\\\/expressometro.mx\\\/index.php\\\/2020\\\/06\\\/23\\\/en-edomex-no-se-reportan-danos-mayores-tras-sismo-de-7-5-con-epicentro-en-crucecita-oaxaca-alfredo-del-mazo\\\/#primaryimage\"},\"thumbnailUrl\":\"https:\\\/\\\/expressometro.mx\\\/wp-content\\\/uploads\\\/2020\\\/06\\\/WhatsApp-Image-2020-06-23-at-13.28.15.jpeg\",\"articleSection\":[\"Gobierno\",\"Salud\"],\"inLanguage\":\"es\",\"potentialAction\":[{\"@type\":\"CommentAction\",\"name\":\"Comment\",\"target\":[\"https:\\\/\\\/expressometro.mx\\\/index.php\\\/2020\\\/06\\\/23\\\/en-edomex-no-se-reportan-danos-mayores-tras-sismo-de-7-5-con-epicentro-en-crucecita-oaxaca-alfredo-del-mazo\\\/#respond\"]}]},{\"@type\":\"WebPage\",\"@id\":\"https:\\\/\\\/expressometro.mx\\\/index.php\\\/2020\\\/06\\\/23\\\/en-edomex-no-se-reportan-danos-mayores-tras-sismo-de-7-5-con-epicentro-en-crucecita-oaxaca-alfredo-del-mazo\\\/\",\"url\":\"https:\\\/\\\/expressometro.mx\\\/index.php\\\/2020\\\/06\\\/23\\\/en-edomex-no-se-reportan-danos-mayores-tras-sismo-de-7-5-con-epicentro-en-crucecita-oaxaca-alfredo-del-mazo\\\/\",\"name\":\"EN EDOM\u00c9X NO SE REPORTAN DA\u00d1OS MAYORES TRAS SISMO DE 7.5 CON EPICENTRO EN CRUCECITA, OAXACA: ALFREDO DEL MAZO - Expresso Metropolitano\",\"isPartOf\":{\"@id\":\"https:\\\/\\\/expressometro.mx\\\/#website\"},\"primaryImageOfPage\":{\"@id\":\"https:\\\/\\\/expressometro.mx\\\/index.php\\\/2020\\\/06\\\/23\\\/en-edomex-no-se-reportan-danos-mayores-tras-sismo-de-7-5-con-epicentro-en-crucecita-oaxaca-alfredo-del-mazo\\\/#primaryimage\"},\"image\":{\"@id\":\"https:\\\/\\\/expressometro.mx\\\/index.php\\\/2020\\\/06\\\/23\\\/en-edomex-no-se-reportan-danos-mayores-tras-sismo-de-7-5-con-epicentro-en-crucecita-oaxaca-alfredo-del-mazo\\\/#primaryimage\"},\"thumbnailUrl\":\"https:\\\/\\\/expressometro.mx\\\/wp-content\\\/uploads\\\/2020\\\/06\\\/WhatsApp-Image-2020-06-23-at-13.28.15.jpeg\",\"datePublished\":\"2020-06-23T23:26:37+00:00\",\"dateModified\":\"2020-06-24T23:33:35+00:00\",\"breadcrumb\":{\"@id\":\"https:\\\/\\\/expressometro.mx\\\/index.php\\\/2020\\\/06\\\/23\\\/en-edomex-no-se-reportan-danos-mayores-tras-sismo-de-7-5-con-epicentro-en-crucecita-oaxaca-alfredo-del-mazo\\\/#breadcrumb\"},\"inLanguage\":\"es\",\"potentialAction\":[{\"@type\":\"ReadAction\",\"target\":[\"https:\\\/\\\/expressometro.mx\\\/index.php\\\/2020\\\/06\\\/23\\\/en-edomex-no-se-reportan-danos-mayores-tras-sismo-de-7-5-con-epicentro-en-crucecita-oaxaca-alfredo-del-mazo\\\/\"]}]},{\"@type\":\"ImageObject\",\"inLanguage\":\"es\",\"@id\":\"https:\\\/\\\/expressometro.mx\\\/index.php\\\/2020\\\/06\\\/23\\\/en-edomex-no-se-reportan-danos-mayores-tras-sismo-de-7-5-con-epicentro-en-crucecita-oaxaca-alfredo-del-mazo\\\/#primaryimage\",\"url\":\"https:\\\/\\\/expressometro.mx\\\/wp-content\\\/uploads\\\/2020\\\/06\\\/WhatsApp-Image-2020-06-23-at-13.28.15.jpeg\",\"contentUrl\":\"https:\\\/\\\/expressometro.mx\\\/wp-content\\\/uploads\\\/2020\\\/06\\\/WhatsApp-Image-2020-06-23-at-13.28.15.jpeg\",\"width\":720,\"height\":1280},{\"@type\":\"BreadcrumbList\",\"@id\":\"https:\\\/\\\/expressometro.mx\\\/index.php\\\/2020\\\/06\\\/23\\\/en-edomex-no-se-reportan-danos-mayores-tras-sismo-de-7-5-con-epicentro-en-crucecita-oaxaca-alfredo-del-mazo\\\/#breadcrumb\",\"itemListElement\":[{\"@type\":\"ListItem\",\"position\":1,\"name\":\"Inicio\",\"item\":\"https:\\\/\\\/expressometro.mx\\\/\"},{\"@type\":\"ListItem\",\"position\":2,\"name\":\"EN EDOM\u00c9X NO SE REPORTAN DA\u00d1OS MAYORES TRAS SISMO DE 7.5 CON EPICENTRO EN CRUCECITA, OAXACA: ALFREDO DEL MAZO\"}]},{\"@type\":\"WebSite\",\"@id\":\"https:\\\/\\\/expressometro.mx\\\/#website\",\"url\":\"https:\\\/\\\/expressometro.mx\\\/\",\"name\":\"Expresso Metropolitano\",\"description\":\"Periodismo comprometido, informaci\u00f3n, investigaci\u00f3n y an\u00e1lisis\",\"publisher\":{\"@id\":\"https:\\\/\\\/expressometro.mx\\\/#organization\"},\"potentialAction\":[{\"@type\":\"SearchAction\",\"target\":{\"@type\":\"EntryPoint\",\"urlTemplate\":\"https:\\\/\\\/expressometro.mx\\\/?s={search_term_string}\"},\"query-input\":{\"@type\":\"PropertyValueSpecification\",\"valueRequired\":true,\"valueName\":\"search_term_string\"}}],\"inLanguage\":\"es\"},{\"@type\":\"Organization\",\"@id\":\"https:\\\/\\\/expressometro.mx\\\/#organization\",\"name\":\"Expresso Metropolitano\",\"url\":\"https:\\\/\\\/expressometro.mx\\\/\",\"logo\":{\"@type\":\"ImageObject\",\"inLanguage\":\"es\",\"@id\":\"https:\\\/\\\/expressometro.mx\\\/#\\\/schema\\\/logo\\\/image\\\/\",\"url\":\"https:\\\/\\\/expressometro.mx\\\/wp-content\\\/uploads\\\/2019\\\/07\\\/cropped-Logo-Expresso-Metropolitano-1-1.jpeg\",\"contentUrl\":\"https:\\\/\\\/expressometro.mx\\\/wp-content\\\/uploads\\\/2019\\\/07\\\/cropped-Logo-Expresso-Metropolitano-1-1.jpeg\",\"width\":290,\"height\":73,\"caption\":\"Expresso Metropolitano\"},\"image\":{\"@id\":\"https:\\\/\\\/expressometro.mx\\\/#\\\/schema\\\/logo\\\/image\\\/\"}},{\"@type\":\"Person\",\"@id\":\"https:\\\/\\\/expressometro.mx\\\/#\\\/schema\\\/person\\\/efa971b4a0664db8ed5c22b1b0dd2f5d\",\"name\":\"Expresso Metropolitano\",\"image\":{\"@type\":\"ImageObject\",\"inLanguage\":\"es\",\"@id\":\"https:\\\/\\\/secure.gravatar.com\\\/avatar\\\/a89f802b8de18c6952f223c88d3d106e9e3679839f4e25a02f4a6cc2ae6ba3b3?s=96&d=mm&r=g\",\"url\":\"https:\\\/\\\/secure.gravatar.com\\\/avatar\\\/a89f802b8de18c6952f223c88d3d106e9e3679839f4e25a02f4a6cc2ae6ba3b3?s=96&d=mm&r=g\",\"contentUrl\":\"https:\\\/\\\/secure.gravatar.com\\\/avatar\\\/a89f802b8de18c6952f223c88d3d106e9e3679839f4e25a02f4a6cc2ae6ba3b3?s=96&d=mm&r=g\",\"caption\":\"Expresso Metropolitano\"},\"url\":\"https:\\\/\\\/expressometro.mx\\\/index.php\\\/author\\\/diego\\\/\"}]}<\/script>\n<!-- \/ Yoast SEO plugin. -->","yoast_head_json":{"title":"EN EDOM\u00c9X NO SE REPORTAN DA\u00d1OS MAYORES TRAS SISMO DE 7.5 CON EPICENTRO EN CRUCECITA, OAXACA: ALFREDO DEL MAZO - Expresso Metropolitano","robots":{"index":"index","follow":"follow","max-snippet":"max-snippet:-1","max-image-preview":"max-image-preview:large","max-video-preview":"max-video-preview:-1"},"canonical":"https:\/\/expressometro.mx\/index.php\/2020\/06\/23\/en-edomex-no-se-reportan-danos-mayores-tras-sismo-de-7-5-con-epicentro-en-crucecita-oaxaca-alfredo-del-mazo\/","og_locale":"es_MX","og_type":"article","og_title":"EN EDOM\u00c9X NO SE REPORTAN DA\u00d1OS MAYORES TRAS SISMO DE 7.5 CON EPICENTRO EN CRUCECITA, OAXACA: ALFREDO DEL MAZO - Expresso Metropolitano","og_description":"El Gobernador Alfredo Del Mazo Maza inform\u00f3 que en el Estado de M\u00e9xico no se reportan da\u00f1os mayores e incidentes, tras el sismo de 7.5 grados que se registr\u00f3 en el sureste de Crucecita, Oaxaca. Dio a conocer que hasta el momento se registran cuarteaduras menores en dos hospitales ubicados en Ecatepec y Chalco, los cuales ya est\u00e1n siendo atendidos. \u201cQuiero informar con respecto al sismo que acabamos de tener hace unos momentos, un sismo de 7.5 grados, con epicentro en el sur de Oaxaca, en Crucecitas, se sinti\u00f3 fuerte&hellip;","og_url":"https:\/\/expressometro.mx\/index.php\/2020\/06\/23\/en-edomex-no-se-reportan-danos-mayores-tras-sismo-de-7-5-con-epicentro-en-crucecita-oaxaca-alfredo-del-mazo\/","og_site_name":"Expresso Metropolitano","article_published_time":"2020-06-23T23:26:37+00:00","article_modified_time":"2020-06-24T23:33:35+00:00","og_image":[{"width":720,"height":1280,"url":"https:\/\/expressometro.mx\/wp-content\/uploads\/2020\/06\/WhatsApp-Image-2020-06-23-at-13.28.15.jpeg","type":"image\/jpeg"}],"author":"Expresso Metropolitano","twitter_misc":{"Escrito por":"Expresso Metropolitano","Tiempo de lectura":"2 minutos"},"schema":{"@context":"https:\/\/schema.org","@graph":[{"@type":"Article","@id":"https:\/\/expressometro.mx\/index.php\/2020\/06\/23\/en-edomex-no-se-reportan-danos-mayores-tras-sismo-de-7-5-con-epicentro-en-crucecita-oaxaca-alfredo-del-mazo\/#article","isPartOf":{"@id":"https:\/\/expressometro.mx\/index.php\/2020\/06\/23\/en-edomex-no-se-reportan-danos-mayores-tras-sismo-de-7-5-con-epicentro-en-crucecita-oaxaca-alfredo-del-mazo\/"},"author":{"name":"Expresso Metropolitano","@id":"https:\/\/expressometro.mx\/#\/schema\/person\/efa971b4a0664db8ed5c22b1b0dd2f5d"},"headline":"EN EDOM\u00c9X NO SE REPORTAN DA\u00d1OS MAYORES TRAS SISMO DE 7.5 CON EPICENTRO EN CRUCECITA, OAXACA: ALFREDO DEL MAZO","datePublished":"2020-06-23T23:26:37+00:00","dateModified":"2020-06-24T23:33:35+00:00","mainEntityOfPage":{"@id":"https:\/\/expressometro.mx\/index.php\/2020\/06\/23\/en-edomex-no-se-reportan-danos-mayores-tras-sismo-de-7-5-con-epicentro-en-crucecita-oaxaca-alfredo-del-mazo\/"},"wordCount":326,"commentCount":0,"publisher":{"@id":"https:\/\/expressometro.mx\/#organization"},"image":{"@id":"https:\/\/expressometro.mx\/index.php\/2020\/06\/23\/en-edomex-no-se-reportan-danos-mayores-tras-sismo-de-7-5-con-epicentro-en-crucecita-oaxaca-alfredo-del-mazo\/#primaryimage"},"thumbnailUrl":"https:\/\/expressometro.mx\/wp-content\/uploads\/2020\/06\/WhatsApp-Image-2020-06-23-at-13.28.15.jpeg","articleSection":["Gobierno","Salud"],"inLanguage":"es","potentialAction":[{"@type":"CommentAction","name":"Comment","target":["https:\/\/expressometro.mx\/index.php\/2020\/06\/23\/en-edomex-no-se-reportan-danos-mayores-tras-sismo-de-7-5-con-epicentro-en-crucecita-oaxaca-alfredo-del-mazo\/#respond"]}]},{"@type":"WebPage","@id":"https:\/\/expressometro.mx\/index.php\/2020\/06\/23\/en-edomex-no-se-reportan-danos-mayores-tras-sismo-de-7-5-con-epicentro-en-crucecita-oaxaca-alfredo-del-mazo\/","url":"https:\/\/expressometro.mx\/index.php\/2020\/06\/23\/en-edomex-no-se-reportan-danos-mayores-tras-sismo-de-7-5-con-epicentro-en-crucecita-oaxaca-alfredo-del-mazo\/","name":"EN EDOM\u00c9X NO SE REPORTAN DA\u00d1OS MAYORES TRAS SISMO DE 7.5 CON EPICENTRO EN CRUCECITA, OAXACA: ALFREDO DEL MAZO - Expresso Metropolitano","isPartOf":{"@id":"https:\/\/expressometro.mx\/#website"},"primaryImageOfPage":{"@id":"https:\/\/expressometro.mx\/index.php\/2020\/06\/23\/en-edomex-no-se-reportan-danos-mayores-tras-sismo-de-7-5-con-epicentro-en-crucecita-oaxaca-alfredo-del-mazo\/#primaryimage"},"image":{"@id":"https:\/\/expressometro.mx\/index.php\/2020\/06\/23\/en-edomex-no-se-reportan-danos-mayores-tras-sismo-de-7-5-con-epicentro-en-crucecita-oaxaca-alfredo-del-mazo\/#primaryimage"},"thumbnailUrl":"https:\/\/expressometro.mx\/wp-content\/uploads\/2020\/06\/WhatsApp-Image-2020-06-23-at-13.28.15.jpeg","datePublished":"2020-06-23T23:26:37+00:00","dateModified":"2020-06-24T23:33:35+00:00","breadcrumb":{"@id":"https:\/\/expressometro.mx\/index.php\/2020\/06\/23\/en-edomex-no-se-reportan-danos-mayores-tras-sismo-de-7-5-con-epicentro-en-crucecita-oaxaca-alfredo-del-mazo\/#breadcrumb"},"inLanguage":"es","potentialAction":[{"@type":"ReadAction","target":["https:\/\/expressometro.mx\/index.php\/2020\/06\/23\/en-edomex-no-se-reportan-danos-mayores-tras-sismo-de-7-5-con-epicentro-en-crucecita-oaxaca-alfredo-del-mazo\/"]}]},{"@type":"ImageObject","inLanguage":"es","@id":"https:\/\/expressometro.mx\/index.php\/2020\/06\/23\/en-edomex-no-se-reportan-danos-mayores-tras-sismo-de-7-5-con-epicentro-en-crucecita-oaxaca-alfredo-del-mazo\/#primaryimage","url":"https:\/\/expressometro.mx\/wp-content\/uploads\/2020\/06\/WhatsApp-Image-2020-06-23-at-13.28.15.jpeg","contentUrl":"https:\/\/expressometro.mx\/wp-content\/uploads\/2020\/06\/WhatsApp-Image-2020-06-23-at-13.28.15.jpeg","width":720,"height":1280},{"@type":"BreadcrumbList","@id":"https:\/\/expressometro.mx\/index.php\/2020\/06\/23\/en-edomex-no-se-reportan-danos-mayores-tras-sismo-de-7-5-con-epicentro-en-crucecita-oaxaca-alfredo-del-mazo\/#breadcrumb","itemListElement":[{"@type":"ListItem","position":1,"name":"Inicio","item":"https:\/\/expressometro.mx\/"},{"@type":"ListItem","position":2,"name":"EN EDOM\u00c9X NO SE REPORTAN DA\u00d1OS MAYORES TRAS SISMO DE 7.5 CON EPICENTRO EN CRUCECITA, OAXACA: ALFREDO DEL MAZO"}]},{"@type":"WebSite","@id":"https:\/\/expressometro.mx\/#website","url":"https:\/\/expressometro.mx\/","name":"Expresso Metropolitano","description":"Periodismo comprometido, informaci\u00f3n, investigaci\u00f3n y an\u00e1lisis","publisher":{"@id":"https:\/\/expressometro.mx\/#organization"},"potentialAction":[{"@type":"SearchAction","target":{"@type":"EntryPoint","urlTemplate":"https:\/\/expressometro.mx\/?s={search_term_string}"},"query-input":{"@type":"PropertyValueSpecification","valueRequired":true,"valueName":"search_term_string"}}],"inLanguage":"es"},{"@type":"Organization","@id":"https:\/\/expressometro.mx\/#organization","name":"Expresso Metropolitano","url":"https:\/\/expressometro.mx\/","logo":{"@type":"ImageObject","inLanguage":"es","@id":"https:\/\/expressometro.mx\/#\/schema\/logo\/image\/","url":"https:\/\/expressometro.mx\/wp-content\/uploads\/2019\/07\/cropped-Logo-Expresso-Metropolitano-1-1.jpeg","contentUrl":"https:\/\/expressometro.mx\/wp-content\/uploads\/2019\/07\/cropped-Logo-Expresso-Metropolitano-1-1.jpeg","width":290,"height":73,"caption":"Expresso Metropolitano"},"image":{"@id":"https:\/\/expressometro.mx\/#\/schema\/logo\/image\/"}},{"@type":"Person","@id":"https:\/\/expressometro.mx\/#\/schema\/person\/efa971b4a0664db8ed5c22b1b0dd2f5d","name":"Expresso Metropolitano","image":{"@type":"ImageObject","inLanguage":"es","@id":"https:\/\/secure.gravatar.com\/avatar\/a89f802b8de18c6952f223c88d3d106e9e3679839f4e25a02f4a6cc2ae6ba3b3?s=96&d=mm&r=g","url":"https:\/\/secure.gravatar.com\/avatar\/a89f802b8de18c6952f223c88d3d106e9e3679839f4e25a02f4a6cc2ae6ba3b3?s=96&d=mm&r=g","contentUrl":"https:\/\/secure.gravatar.com\/avatar\/a89f802b8de18c6952f223c88d3d106e9e3679839f4e25a02f4a6cc2ae6ba3b3?s=96&d=mm&r=g","caption":"Expresso Metropolitano"},"url":"https:\/\/expressometro.mx\/index.php\/author\/diego\/"}]}},"amp_enabled":true,"_links":{"self":[{"href":"https:\/\/expressometro.mx\/index.php\/wp-json\/wp\/v2\/posts\/1607","targetHints":{"allow":["GET"]}}],"collection":[{"href":"https:\/\/expressometro.mx\/index.php\/wp-json\/wp\/v2\/posts"}],"about":[{"href":"https:\/\/expressometro.mx\/index.php\/wp-json\/wp\/v2\/types\/post"}],"author":[{"embeddable":true,"href":"https:\/\/expressometro.mx\/index.php\/wp-json\/wp\/v2\/users\/1"}],"replies":[{"embeddable":true,"href":"https:\/\/expressometro.mx\/index.php\/wp-json\/wp\/v2\/comments?post=1607"}],"version-history":[{"count":1,"href":"https:\/\/expressometro.mx\/index.php\/wp-json\/wp\/v2\/posts\/1607\/revisions"}],"predecessor-version":[{"id":1610,"href":"https:\/\/expressometro.mx\/index.php\/wp-json\/wp\/v2\/posts\/1607\/revisions\/1610"}],"wp:featuredmedia":[{"embeddable":true,"href":"https:\/\/expressometro.mx\/index.php\/wp-json\/wp\/v2\/media\/1609"}],"wp:attachment":[{"href":"https:\/\/expressometro.mx\/index.php\/wp-json\/wp\/v2\/media?parent=1607"}],"wp:term":[{"taxonomy":"category","embeddable":true,"href":"https:\/\/expressometro.mx\/index.php\/wp-json\/wp\/v2\/categories?post=1607"},{"taxonomy":"post_tag","embeddable":true,"href":"https:\/\/expressometro.mx\/index.php\/wp-json\/wp\/v2\/tags?post=1607"}],"curies":[{"name":"wp","href":"https:\/\/api.w.org\/{rel}","templated":true}]}}