{"id":1581,"date":"2020-06-12T18:11:20","date_gmt":"2020-06-12T23:11:20","guid":{"rendered":"http:\/\/expressometro.mx\/?p=1581"},"modified":"2020-06-12T18:12:59","modified_gmt":"2020-06-12T23:12:59","slug":"sigue-edomex-en-semaforo-rojo-y-es-necesario-reducir-la-movilidad-en-todas-las-regiones-para-evitar-un-incremento-de-contagios-alfredo-del-mazo","status":"publish","type":"post","link":"https:\/\/expressometro.mx\/index.php\/2020\/06\/12\/sigue-edomex-en-semaforo-rojo-y-es-necesario-reducir-la-movilidad-en-todas-las-regiones-para-evitar-un-incremento-de-contagios-alfredo-del-mazo\/","title":{"rendered":"SIGUE EDOM\u00c9X EN SEM\u00c1FORO ROJO Y ES NECESARIO REDUCIR LA MOVILIDAD EN TODAS LAS REGIONES, PARA EVITAR UN INCREMENTO DE CONTAGIOS: ALFREDO DEL MAZO"},"content":{"rendered":"\n<p>El Gobernador Alfredo Del Mazo Maza inform\u00f3 que el Estado de M\u00e9xico contin\u00faa en sem\u00e1foro rojo, por lo que no se puede regresar a las actividades, e invit\u00f3 a la poblaci\u00f3n a quedarse en casa, ya que se ha registrado un aumento en la movilidad en todas las regiones de la entidad, lo que puede provocar un aumento de contagios y, como consecuencia, no poder cambiar de color en el sem\u00e1foro de control de la pandemia por COVID-19.<\/p>\n\n\n\n<p>\u201cCon base en la informaci\u00f3n de la Secretar\u00eda de Salud, para la siguiente semana pr\u00e1cticamente todo el pa\u00eds sigue en sem\u00e1foro rojo, lo que quiere decir que seguimos en la etapa de m\u00e1ximo riesgo de contagio. <\/p>\n\n\n\n<p>\u201cEl Estado de M\u00e9xico se mantiene en sem\u00e1foro rojo, esto significa que seguimos en el momento de mayor contagio, el sem\u00e1foro rojo tambi\u00e9n nos indica que a\u00fan no se puede regresar a las actividades, esto para cuidar la salud de todos\u201d, indic\u00f3. <\/p>\n\n\n\n<p>Alfredo Del Mazo se\u00f1al\u00f3 que no es momento de relajar las medidas de aislamiento, prevenci\u00f3n y de higiene que se han llevado a cabo desde el inicio de la pandemia, ya que hacerlo podr\u00eda derivar en un aumento de contagios y de enfermos en las pr\u00f3ximas dos semanas, por lo que invit\u00f3 a los mexiquense a disminuir la movilidad en todas las regiones del Estado de M\u00e9xico.  <\/p>\n\n\n\n<p>\u201cHemos observado que ha aumentado la movilidad en todas las regiones del estado, recordemos que para poder avanzar en el sem\u00e1foro, es necesario que disminuya el ritmo de contagios y el porcentaje de hospitalizaci\u00f3n. <\/p>\n\n\n\n<p>\u201cSi hoy empezamos a salir y a relajar las medidas de aislamiento, veremos el aumento de contagios y de enfermos dentro de dos semanas\u201d, enfatiz\u00f3 en un mensaje emitido a trav\u00e9s de redes sociales.  <\/p>\n\n\n\n<p>El mandatario mexiquense record\u00f3 que el virus puede tardar entre 10 y 12 d\u00edas en mostrar s\u00edntomas, por lo que no se deben caer en excesos de confianza que den como resultado el contagio de m\u00e1s personas. <\/p>\n\n\n\n<p>Para quienes tienen que salir a trabajar, dijo, la mejor forma de cuidar a sus familias y a ellos mismos, es llevando a cabo acciones como respetar la sana distancia y el uso de cubrebocas.  <\/p>\n\n\n\n<p>\u201cEst\u00e1 comprobado que usar el cubrebocas disminuye mucho el riesgo de contagiarse y tambi\u00e9n de contagiar a los dem\u00e1s, us\u00e9moslo en todo momento y recuerden que si tienen tos, temperatura o dificultad para respirar, es muy importante que se atiendan de manera oportuna\u201d, explic\u00f3. <\/p>\n\n\n\n<p>Del Mazo Maza puntualiz\u00f3 que atenderse a tiempo hace la diferencia para salvarse de la enfermedad, y destac\u00f3 que en caso de presentar s\u00edntomas las personas deben aislarse de los dem\u00e1s y est\u00e1 a disposici\u00f3n la l\u00ednea telef\u00f3nica 800 900 3200 donde recibir\u00e1n atenci\u00f3n inmediata.  <\/p>\n\n\n\n<p>El Gobernador del Estado de M\u00e9xico manifest\u00f3 que hay que cuidar todos de todos y que juntos, en unidad, los mexiquense podremos salir adelante de esta contingencia sanitaria.<\/p>\n\n\n\n<figure class=\"wp-block-video\"><video height=\"480\" style=\"aspect-ratio: 640 \/ 480;\" width=\"640\" controls src=\"http:\/\/expressometro.mx\/wp-content\/uploads\/2020\/06\/IMG_2613.3gp\"><\/video><\/figure>\n","protected":false},"excerpt":{"rendered":"<p>El Gobernador Alfredo Del Mazo Maza inform\u00f3 que el Estado de M\u00e9xico contin\u00faa en sem\u00e1foro rojo, por lo que no se puede regresar a las actividades, e invit\u00f3 a la poblaci\u00f3n a quedarse en casa, ya que se ha registrado un aumento en la movilidad en todas las regiones de la entidad, lo que puede provocar un aumento de contagios y, como consecuencia, no poder cambiar de color en el sem\u00e1foro de control de la pandemia por COVID-19. \u201cCon base en la informaci\u00f3n de la Secretar\u00eda de Salud, para la&hellip;<\/p>\n","protected":false},"author":1,"featured_media":1584,"comment_status":"open","ping_status":"open","sticky":false,"template":"","format":"standard","meta":{"footnotes":""},"categories":[3,5],"tags":[],"class_list":["post-1581","post","type-post","status-publish","format-standard","has-post-thumbnail","hentry","category-gobierno","category-salud"],"yoast_head":"<!-- This site is optimized with the Yoast SEO plugin v27.5 - https:\/\/yoast.com\/product\/yoast-seo-wordpress\/ -->\n<title>SIGUE EDOM\u00c9X EN SEM\u00c1FORO ROJO Y ES NECESARIO REDUCIR LA MOVILIDAD EN TODAS LAS REGIONES, PARA EVITAR UN INCREMENTO DE CONTAGIOS: ALFREDO DEL MAZO - Expresso Metropolitano<\/title>\n<meta name=\"robots\" content=\"index, follow, max-snippet:-1, max-image-preview:large, max-video-preview:-1\" \/>\n<link rel=\"canonical\" href=\"https:\/\/expressometro.mx\/index.php\/2020\/06\/12\/sigue-edomex-en-semaforo-rojo-y-es-necesario-reducir-la-movilidad-en-todas-las-regiones-para-evitar-un-incremento-de-contagios-alfredo-del-mazo\/\" \/>\n<meta property=\"og:locale\" content=\"es_MX\" \/>\n<meta property=\"og:type\" content=\"article\" \/>\n<meta property=\"og:title\" content=\"SIGUE EDOM\u00c9X EN SEM\u00c1FORO ROJO Y ES NECESARIO REDUCIR LA MOVILIDAD EN TODAS LAS REGIONES, PARA EVITAR UN INCREMENTO DE CONTAGIOS: ALFREDO DEL MAZO - Expresso Metropolitano\" \/>\n<meta property=\"og:description\" content=\"El Gobernador Alfredo Del Mazo Maza inform\u00f3 que el Estado de M\u00e9xico contin\u00faa en sem\u00e1foro rojo, por lo que no se puede regresar a las actividades, e invit\u00f3 a la poblaci\u00f3n a quedarse en casa, ya que se ha registrado un aumento en la movilidad en todas las regiones de la entidad, lo que puede provocar un aumento de contagios y, como consecuencia, no poder cambiar de color en el sem\u00e1foro de control de la pandemia por COVID-19. \u201cCon base en la informaci\u00f3n de la Secretar\u00eda de Salud, para la&hellip;\" \/>\n<meta property=\"og:url\" content=\"https:\/\/expressometro.mx\/index.php\/2020\/06\/12\/sigue-edomex-en-semaforo-rojo-y-es-necesario-reducir-la-movilidad-en-todas-las-regiones-para-evitar-un-incremento-de-contagios-alfredo-del-mazo\/\" \/>\n<meta property=\"og:site_name\" content=\"Expresso Metropolitano\" \/>\n<meta property=\"article:published_time\" content=\"2020-06-12T23:11:20+00:00\" \/>\n<meta property=\"article:modified_time\" content=\"2020-06-12T23:12:59+00:00\" \/>\n<meta property=\"og:image\" content=\"https:\/\/expressometro.mx\/wp-content\/uploads\/2020\/06\/CF39C690-72AA-457F-ABFC-7D78558CD07F.jpeg\" \/>\n\t<meta property=\"og:image:width\" content=\"1280\" \/>\n\t<meta property=\"og:image:height\" content=\"705\" \/>\n\t<meta property=\"og:image:type\" content=\"image\/jpeg\" \/>\n<meta name=\"author\" content=\"Expresso Metropolitano\" \/>\n<meta name=\"twitter:label1\" content=\"Escrito por\" \/>\n\t<meta name=\"twitter:data1\" content=\"Expresso Metropolitano\" \/>\n\t<meta name=\"twitter:label2\" content=\"Tiempo de lectura\" \/>\n\t<meta name=\"twitter:data2\" content=\"3 minutos\" \/>\n<script type=\"application\/ld+json\" class=\"yoast-schema-graph\">{\"@context\":\"https:\\\/\\\/schema.org\",\"@graph\":[{\"@type\":\"Article\",\"@id\":\"https:\\\/\\\/expressometro.mx\\\/index.php\\\/2020\\\/06\\\/12\\\/sigue-edomex-en-semaforo-rojo-y-es-necesario-reducir-la-movilidad-en-todas-las-regiones-para-evitar-un-incremento-de-contagios-alfredo-del-mazo\\\/#article\",\"isPartOf\":{\"@id\":\"https:\\\/\\\/expressometro.mx\\\/index.php\\\/2020\\\/06\\\/12\\\/sigue-edomex-en-semaforo-rojo-y-es-necesario-reducir-la-movilidad-en-todas-las-regiones-para-evitar-un-incremento-de-contagios-alfredo-del-mazo\\\/\"},\"author\":{\"name\":\"Expresso Metropolitano\",\"@id\":\"https:\\\/\\\/expressometro.mx\\\/#\\\/schema\\\/person\\\/efa971b4a0664db8ed5c22b1b0dd2f5d\"},\"headline\":\"SIGUE EDOM\u00c9X EN SEM\u00c1FORO ROJO Y ES NECESARIO REDUCIR LA MOVILIDAD EN TODAS LAS REGIONES, PARA EVITAR UN INCREMENTO DE CONTAGIOS: ALFREDO DEL MAZO\",\"datePublished\":\"2020-06-12T23:11:20+00:00\",\"dateModified\":\"2020-06-12T23:12:59+00:00\",\"mainEntityOfPage\":{\"@id\":\"https:\\\/\\\/expressometro.mx\\\/index.php\\\/2020\\\/06\\\/12\\\/sigue-edomex-en-semaforo-rojo-y-es-necesario-reducir-la-movilidad-en-todas-las-regiones-para-evitar-un-incremento-de-contagios-alfredo-del-mazo\\\/\"},\"wordCount\":539,\"commentCount\":0,\"publisher\":{\"@id\":\"https:\\\/\\\/expressometro.mx\\\/#organization\"},\"image\":{\"@id\":\"https:\\\/\\\/expressometro.mx\\\/index.php\\\/2020\\\/06\\\/12\\\/sigue-edomex-en-semaforo-rojo-y-es-necesario-reducir-la-movilidad-en-todas-las-regiones-para-evitar-un-incremento-de-contagios-alfredo-del-mazo\\\/#primaryimage\"},\"thumbnailUrl\":\"https:\\\/\\\/expressometro.mx\\\/wp-content\\\/uploads\\\/2020\\\/06\\\/CF39C690-72AA-457F-ABFC-7D78558CD07F.jpeg\",\"articleSection\":[\"Gobierno\",\"Salud\"],\"inLanguage\":\"es\",\"potentialAction\":[{\"@type\":\"CommentAction\",\"name\":\"Comment\",\"target\":[\"https:\\\/\\\/expressometro.mx\\\/index.php\\\/2020\\\/06\\\/12\\\/sigue-edomex-en-semaforo-rojo-y-es-necesario-reducir-la-movilidad-en-todas-las-regiones-para-evitar-un-incremento-de-contagios-alfredo-del-mazo\\\/#respond\"]}]},{\"@type\":\"WebPage\",\"@id\":\"https:\\\/\\\/expressometro.mx\\\/index.php\\\/2020\\\/06\\\/12\\\/sigue-edomex-en-semaforo-rojo-y-es-necesario-reducir-la-movilidad-en-todas-las-regiones-para-evitar-un-incremento-de-contagios-alfredo-del-mazo\\\/\",\"url\":\"https:\\\/\\\/expressometro.mx\\\/index.php\\\/2020\\\/06\\\/12\\\/sigue-edomex-en-semaforo-rojo-y-es-necesario-reducir-la-movilidad-en-todas-las-regiones-para-evitar-un-incremento-de-contagios-alfredo-del-mazo\\\/\",\"name\":\"SIGUE EDOM\u00c9X EN SEM\u00c1FORO ROJO Y ES NECESARIO REDUCIR LA MOVILIDAD EN TODAS LAS REGIONES, PARA EVITAR UN INCREMENTO DE CONTAGIOS: ALFREDO DEL MAZO - Expresso Metropolitano\",\"isPartOf\":{\"@id\":\"https:\\\/\\\/expressometro.mx\\\/#website\"},\"primaryImageOfPage\":{\"@id\":\"https:\\\/\\\/expressometro.mx\\\/index.php\\\/2020\\\/06\\\/12\\\/sigue-edomex-en-semaforo-rojo-y-es-necesario-reducir-la-movilidad-en-todas-las-regiones-para-evitar-un-incremento-de-contagios-alfredo-del-mazo\\\/#primaryimage\"},\"image\":{\"@id\":\"https:\\\/\\\/expressometro.mx\\\/index.php\\\/2020\\\/06\\\/12\\\/sigue-edomex-en-semaforo-rojo-y-es-necesario-reducir-la-movilidad-en-todas-las-regiones-para-evitar-un-incremento-de-contagios-alfredo-del-mazo\\\/#primaryimage\"},\"thumbnailUrl\":\"https:\\\/\\\/expressometro.mx\\\/wp-content\\\/uploads\\\/2020\\\/06\\\/CF39C690-72AA-457F-ABFC-7D78558CD07F.jpeg\",\"datePublished\":\"2020-06-12T23:11:20+00:00\",\"dateModified\":\"2020-06-12T23:12:59+00:00\",\"breadcrumb\":{\"@id\":\"https:\\\/\\\/expressometro.mx\\\/index.php\\\/2020\\\/06\\\/12\\\/sigue-edomex-en-semaforo-rojo-y-es-necesario-reducir-la-movilidad-en-todas-las-regiones-para-evitar-un-incremento-de-contagios-alfredo-del-mazo\\\/#breadcrumb\"},\"inLanguage\":\"es\",\"potentialAction\":[{\"@type\":\"ReadAction\",\"target\":[\"https:\\\/\\\/expressometro.mx\\\/index.php\\\/2020\\\/06\\\/12\\\/sigue-edomex-en-semaforo-rojo-y-es-necesario-reducir-la-movilidad-en-todas-las-regiones-para-evitar-un-incremento-de-contagios-alfredo-del-mazo\\\/\"]}]},{\"@type\":\"ImageObject\",\"inLanguage\":\"es\",\"@id\":\"https:\\\/\\\/expressometro.mx\\\/index.php\\\/2020\\\/06\\\/12\\\/sigue-edomex-en-semaforo-rojo-y-es-necesario-reducir-la-movilidad-en-todas-las-regiones-para-evitar-un-incremento-de-contagios-alfredo-del-mazo\\\/#primaryimage\",\"url\":\"https:\\\/\\\/expressometro.mx\\\/wp-content\\\/uploads\\\/2020\\\/06\\\/CF39C690-72AA-457F-ABFC-7D78558CD07F.jpeg\",\"contentUrl\":\"https:\\\/\\\/expressometro.mx\\\/wp-content\\\/uploads\\\/2020\\\/06\\\/CF39C690-72AA-457F-ABFC-7D78558CD07F.jpeg\",\"width\":1280,\"height\":705},{\"@type\":\"BreadcrumbList\",\"@id\":\"https:\\\/\\\/expressometro.mx\\\/index.php\\\/2020\\\/06\\\/12\\\/sigue-edomex-en-semaforo-rojo-y-es-necesario-reducir-la-movilidad-en-todas-las-regiones-para-evitar-un-incremento-de-contagios-alfredo-del-mazo\\\/#breadcrumb\",\"itemListElement\":[{\"@type\":\"ListItem\",\"position\":1,\"name\":\"Inicio\",\"item\":\"https:\\\/\\\/expressometro.mx\\\/\"},{\"@type\":\"ListItem\",\"position\":2,\"name\":\"SIGUE EDOM\u00c9X EN SEM\u00c1FORO ROJO Y ES NECESARIO REDUCIR LA MOVILIDAD EN TODAS LAS REGIONES, PARA EVITAR UN INCREMENTO DE CONTAGIOS: ALFREDO DEL MAZO\"}]},{\"@type\":\"WebSite\",\"@id\":\"https:\\\/\\\/expressometro.mx\\\/#website\",\"url\":\"https:\\\/\\\/expressometro.mx\\\/\",\"name\":\"Expresso Metropolitano\",\"description\":\"Periodismo comprometido, informaci\u00f3n, investigaci\u00f3n y an\u00e1lisis\",\"publisher\":{\"@id\":\"https:\\\/\\\/expressometro.mx\\\/#organization\"},\"potentialAction\":[{\"@type\":\"SearchAction\",\"target\":{\"@type\":\"EntryPoint\",\"urlTemplate\":\"https:\\\/\\\/expressometro.mx\\\/?s={search_term_string}\"},\"query-input\":{\"@type\":\"PropertyValueSpecification\",\"valueRequired\":true,\"valueName\":\"search_term_string\"}}],\"inLanguage\":\"es\"},{\"@type\":\"Organization\",\"@id\":\"https:\\\/\\\/expressometro.mx\\\/#organization\",\"name\":\"Expresso Metropolitano\",\"url\":\"https:\\\/\\\/expressometro.mx\\\/\",\"logo\":{\"@type\":\"ImageObject\",\"inLanguage\":\"es\",\"@id\":\"https:\\\/\\\/expressometro.mx\\\/#\\\/schema\\\/logo\\\/image\\\/\",\"url\":\"https:\\\/\\\/expressometro.mx\\\/wp-content\\\/uploads\\\/2019\\\/07\\\/cropped-Logo-Expresso-Metropolitano-1-1.jpeg\",\"contentUrl\":\"https:\\\/\\\/expressometro.mx\\\/wp-content\\\/uploads\\\/2019\\\/07\\\/cropped-Logo-Expresso-Metropolitano-1-1.jpeg\",\"width\":290,\"height\":73,\"caption\":\"Expresso Metropolitano\"},\"image\":{\"@id\":\"https:\\\/\\\/expressometro.mx\\\/#\\\/schema\\\/logo\\\/image\\\/\"}},{\"@type\":\"Person\",\"@id\":\"https:\\\/\\\/expressometro.mx\\\/#\\\/schema\\\/person\\\/efa971b4a0664db8ed5c22b1b0dd2f5d\",\"name\":\"Expresso Metropolitano\",\"image\":{\"@type\":\"ImageObject\",\"inLanguage\":\"es\",\"@id\":\"https:\\\/\\\/secure.gravatar.com\\\/avatar\\\/a89f802b8de18c6952f223c88d3d106e9e3679839f4e25a02f4a6cc2ae6ba3b3?s=96&d=mm&r=g\",\"url\":\"https:\\\/\\\/secure.gravatar.com\\\/avatar\\\/a89f802b8de18c6952f223c88d3d106e9e3679839f4e25a02f4a6cc2ae6ba3b3?s=96&d=mm&r=g\",\"contentUrl\":\"https:\\\/\\\/secure.gravatar.com\\\/avatar\\\/a89f802b8de18c6952f223c88d3d106e9e3679839f4e25a02f4a6cc2ae6ba3b3?s=96&d=mm&r=g\",\"caption\":\"Expresso Metropolitano\"},\"url\":\"https:\\\/\\\/expressometro.mx\\\/index.php\\\/author\\\/diego\\\/\"}]}<\/script>\n<!-- \/ Yoast SEO plugin. -->","yoast_head_json":{"title":"SIGUE EDOM\u00c9X EN SEM\u00c1FORO ROJO Y ES NECESARIO REDUCIR LA MOVILIDAD EN TODAS LAS REGIONES, PARA EVITAR UN INCREMENTO DE CONTAGIOS: ALFREDO DEL MAZO - Expresso Metropolitano","robots":{"index":"index","follow":"follow","max-snippet":"max-snippet:-1","max-image-preview":"max-image-preview:large","max-video-preview":"max-video-preview:-1"},"canonical":"https:\/\/expressometro.mx\/index.php\/2020\/06\/12\/sigue-edomex-en-semaforo-rojo-y-es-necesario-reducir-la-movilidad-en-todas-las-regiones-para-evitar-un-incremento-de-contagios-alfredo-del-mazo\/","og_locale":"es_MX","og_type":"article","og_title":"SIGUE EDOM\u00c9X EN SEM\u00c1FORO ROJO Y ES NECESARIO REDUCIR LA MOVILIDAD EN TODAS LAS REGIONES, PARA EVITAR UN INCREMENTO DE CONTAGIOS: ALFREDO DEL MAZO - Expresso Metropolitano","og_description":"El Gobernador Alfredo Del Mazo Maza inform\u00f3 que el Estado de M\u00e9xico contin\u00faa en sem\u00e1foro rojo, por lo que no se puede regresar a las actividades, e invit\u00f3 a la poblaci\u00f3n a quedarse en casa, ya que se ha registrado un aumento en la movilidad en todas las regiones de la entidad, lo que puede provocar un aumento de contagios y, como consecuencia, no poder cambiar de color en el sem\u00e1foro de control de la pandemia por COVID-19. \u201cCon base en la informaci\u00f3n de la Secretar\u00eda de Salud, para la&hellip;","og_url":"https:\/\/expressometro.mx\/index.php\/2020\/06\/12\/sigue-edomex-en-semaforo-rojo-y-es-necesario-reducir-la-movilidad-en-todas-las-regiones-para-evitar-un-incremento-de-contagios-alfredo-del-mazo\/","og_site_name":"Expresso Metropolitano","article_published_time":"2020-06-12T23:11:20+00:00","article_modified_time":"2020-06-12T23:12:59+00:00","og_image":[{"width":1280,"height":705,"url":"https:\/\/expressometro.mx\/wp-content\/uploads\/2020\/06\/CF39C690-72AA-457F-ABFC-7D78558CD07F.jpeg","type":"image\/jpeg"}],"author":"Expresso Metropolitano","twitter_misc":{"Escrito por":"Expresso Metropolitano","Tiempo de lectura":"3 minutos"},"schema":{"@context":"https:\/\/schema.org","@graph":[{"@type":"Article","@id":"https:\/\/expressometro.mx\/index.php\/2020\/06\/12\/sigue-edomex-en-semaforo-rojo-y-es-necesario-reducir-la-movilidad-en-todas-las-regiones-para-evitar-un-incremento-de-contagios-alfredo-del-mazo\/#article","isPartOf":{"@id":"https:\/\/expressometro.mx\/index.php\/2020\/06\/12\/sigue-edomex-en-semaforo-rojo-y-es-necesario-reducir-la-movilidad-en-todas-las-regiones-para-evitar-un-incremento-de-contagios-alfredo-del-mazo\/"},"author":{"name":"Expresso Metropolitano","@id":"https:\/\/expressometro.mx\/#\/schema\/person\/efa971b4a0664db8ed5c22b1b0dd2f5d"},"headline":"SIGUE EDOM\u00c9X EN SEM\u00c1FORO ROJO Y ES NECESARIO REDUCIR LA MOVILIDAD EN TODAS LAS REGIONES, PARA EVITAR UN INCREMENTO DE CONTAGIOS: ALFREDO DEL MAZO","datePublished":"2020-06-12T23:11:20+00:00","dateModified":"2020-06-12T23:12:59+00:00","mainEntityOfPage":{"@id":"https:\/\/expressometro.mx\/index.php\/2020\/06\/12\/sigue-edomex-en-semaforo-rojo-y-es-necesario-reducir-la-movilidad-en-todas-las-regiones-para-evitar-un-incremento-de-contagios-alfredo-del-mazo\/"},"wordCount":539,"commentCount":0,"publisher":{"@id":"https:\/\/expressometro.mx\/#organization"},"image":{"@id":"https:\/\/expressometro.mx\/index.php\/2020\/06\/12\/sigue-edomex-en-semaforo-rojo-y-es-necesario-reducir-la-movilidad-en-todas-las-regiones-para-evitar-un-incremento-de-contagios-alfredo-del-mazo\/#primaryimage"},"thumbnailUrl":"https:\/\/expressometro.mx\/wp-content\/uploads\/2020\/06\/CF39C690-72AA-457F-ABFC-7D78558CD07F.jpeg","articleSection":["Gobierno","Salud"],"inLanguage":"es","potentialAction":[{"@type":"CommentAction","name":"Comment","target":["https:\/\/expressometro.mx\/index.php\/2020\/06\/12\/sigue-edomex-en-semaforo-rojo-y-es-necesario-reducir-la-movilidad-en-todas-las-regiones-para-evitar-un-incremento-de-contagios-alfredo-del-mazo\/#respond"]}]},{"@type":"WebPage","@id":"https:\/\/expressometro.mx\/index.php\/2020\/06\/12\/sigue-edomex-en-semaforo-rojo-y-es-necesario-reducir-la-movilidad-en-todas-las-regiones-para-evitar-un-incremento-de-contagios-alfredo-del-mazo\/","url":"https:\/\/expressometro.mx\/index.php\/2020\/06\/12\/sigue-edomex-en-semaforo-rojo-y-es-necesario-reducir-la-movilidad-en-todas-las-regiones-para-evitar-un-incremento-de-contagios-alfredo-del-mazo\/","name":"SIGUE EDOM\u00c9X EN SEM\u00c1FORO ROJO Y ES NECESARIO REDUCIR LA MOVILIDAD EN TODAS LAS REGIONES, PARA EVITAR UN INCREMENTO DE CONTAGIOS: ALFREDO DEL MAZO - Expresso Metropolitano","isPartOf":{"@id":"https:\/\/expressometro.mx\/#website"},"primaryImageOfPage":{"@id":"https:\/\/expressometro.mx\/index.php\/2020\/06\/12\/sigue-edomex-en-semaforo-rojo-y-es-necesario-reducir-la-movilidad-en-todas-las-regiones-para-evitar-un-incremento-de-contagios-alfredo-del-mazo\/#primaryimage"},"image":{"@id":"https:\/\/expressometro.mx\/index.php\/2020\/06\/12\/sigue-edomex-en-semaforo-rojo-y-es-necesario-reducir-la-movilidad-en-todas-las-regiones-para-evitar-un-incremento-de-contagios-alfredo-del-mazo\/#primaryimage"},"thumbnailUrl":"https:\/\/expressometro.mx\/wp-content\/uploads\/2020\/06\/CF39C690-72AA-457F-ABFC-7D78558CD07F.jpeg","datePublished":"2020-06-12T23:11:20+00:00","dateModified":"2020-06-12T23:12:59+00:00","breadcrumb":{"@id":"https:\/\/expressometro.mx\/index.php\/2020\/06\/12\/sigue-edomex-en-semaforo-rojo-y-es-necesario-reducir-la-movilidad-en-todas-las-regiones-para-evitar-un-incremento-de-contagios-alfredo-del-mazo\/#breadcrumb"},"inLanguage":"es","potentialAction":[{"@type":"ReadAction","target":["https:\/\/expressometro.mx\/index.php\/2020\/06\/12\/sigue-edomex-en-semaforo-rojo-y-es-necesario-reducir-la-movilidad-en-todas-las-regiones-para-evitar-un-incremento-de-contagios-alfredo-del-mazo\/"]}]},{"@type":"ImageObject","inLanguage":"es","@id":"https:\/\/expressometro.mx\/index.php\/2020\/06\/12\/sigue-edomex-en-semaforo-rojo-y-es-necesario-reducir-la-movilidad-en-todas-las-regiones-para-evitar-un-incremento-de-contagios-alfredo-del-mazo\/#primaryimage","url":"https:\/\/expressometro.mx\/wp-content\/uploads\/2020\/06\/CF39C690-72AA-457F-ABFC-7D78558CD07F.jpeg","contentUrl":"https:\/\/expressometro.mx\/wp-content\/uploads\/2020\/06\/CF39C690-72AA-457F-ABFC-7D78558CD07F.jpeg","width":1280,"height":705},{"@type":"BreadcrumbList","@id":"https:\/\/expressometro.mx\/index.php\/2020\/06\/12\/sigue-edomex-en-semaforo-rojo-y-es-necesario-reducir-la-movilidad-en-todas-las-regiones-para-evitar-un-incremento-de-contagios-alfredo-del-mazo\/#breadcrumb","itemListElement":[{"@type":"ListItem","position":1,"name":"Inicio","item":"https:\/\/expressometro.mx\/"},{"@type":"ListItem","position":2,"name":"SIGUE EDOM\u00c9X EN SEM\u00c1FORO ROJO Y ES NECESARIO REDUCIR LA MOVILIDAD EN TODAS LAS REGIONES, PARA EVITAR UN INCREMENTO DE CONTAGIOS: ALFREDO DEL MAZO"}]},{"@type":"WebSite","@id":"https:\/\/expressometro.mx\/#website","url":"https:\/\/expressometro.mx\/","name":"Expresso Metropolitano","description":"Periodismo comprometido, informaci\u00f3n, investigaci\u00f3n y an\u00e1lisis","publisher":{"@id":"https:\/\/expressometro.mx\/#organization"},"potentialAction":[{"@type":"SearchAction","target":{"@type":"EntryPoint","urlTemplate":"https:\/\/expressometro.mx\/?s={search_term_string}"},"query-input":{"@type":"PropertyValueSpecification","valueRequired":true,"valueName":"search_term_string"}}],"inLanguage":"es"},{"@type":"Organization","@id":"https:\/\/expressometro.mx\/#organization","name":"Expresso Metropolitano","url":"https:\/\/expressometro.mx\/","logo":{"@type":"ImageObject","inLanguage":"es","@id":"https:\/\/expressometro.mx\/#\/schema\/logo\/image\/","url":"https:\/\/expressometro.mx\/wp-content\/uploads\/2019\/07\/cropped-Logo-Expresso-Metropolitano-1-1.jpeg","contentUrl":"https:\/\/expressometro.mx\/wp-content\/uploads\/2019\/07\/cropped-Logo-Expresso-Metropolitano-1-1.jpeg","width":290,"height":73,"caption":"Expresso Metropolitano"},"image":{"@id":"https:\/\/expressometro.mx\/#\/schema\/logo\/image\/"}},{"@type":"Person","@id":"https:\/\/expressometro.mx\/#\/schema\/person\/efa971b4a0664db8ed5c22b1b0dd2f5d","name":"Expresso Metropolitano","image":{"@type":"ImageObject","inLanguage":"es","@id":"https:\/\/secure.gravatar.com\/avatar\/a89f802b8de18c6952f223c88d3d106e9e3679839f4e25a02f4a6cc2ae6ba3b3?s=96&d=mm&r=g","url":"https:\/\/secure.gravatar.com\/avatar\/a89f802b8de18c6952f223c88d3d106e9e3679839f4e25a02f4a6cc2ae6ba3b3?s=96&d=mm&r=g","contentUrl":"https:\/\/secure.gravatar.com\/avatar\/a89f802b8de18c6952f223c88d3d106e9e3679839f4e25a02f4a6cc2ae6ba3b3?s=96&d=mm&r=g","caption":"Expresso Metropolitano"},"url":"https:\/\/expressometro.mx\/index.php\/author\/diego\/"}]}},"amp_enabled":true,"_links":{"self":[{"href":"https:\/\/expressometro.mx\/index.php\/wp-json\/wp\/v2\/posts\/1581","targetHints":{"allow":["GET"]}}],"collection":[{"href":"https:\/\/expressometro.mx\/index.php\/wp-json\/wp\/v2\/posts"}],"about":[{"href":"https:\/\/expressometro.mx\/index.php\/wp-json\/wp\/v2\/types\/post"}],"author":[{"embeddable":true,"href":"https:\/\/expressometro.mx\/index.php\/wp-json\/wp\/v2\/users\/1"}],"replies":[{"embeddable":true,"href":"https:\/\/expressometro.mx\/index.php\/wp-json\/wp\/v2\/comments?post=1581"}],"version-history":[{"count":1,"href":"https:\/\/expressometro.mx\/index.php\/wp-json\/wp\/v2\/posts\/1581\/revisions"}],"predecessor-version":[{"id":1583,"href":"https:\/\/expressometro.mx\/index.php\/wp-json\/wp\/v2\/posts\/1581\/revisions\/1583"}],"wp:featuredmedia":[{"embeddable":true,"href":"https:\/\/expressometro.mx\/index.php\/wp-json\/wp\/v2\/media\/1584"}],"wp:attachment":[{"href":"https:\/\/expressometro.mx\/index.php\/wp-json\/wp\/v2\/media?parent=1581"}],"wp:term":[{"taxonomy":"category","embeddable":true,"href":"https:\/\/expressometro.mx\/index.php\/wp-json\/wp\/v2\/categories?post=1581"},{"taxonomy":"post_tag","embeddable":true,"href":"https:\/\/expressometro.mx\/index.php\/wp-json\/wp\/v2\/tags?post=1581"}],"curies":[{"name":"wp","href":"https:\/\/api.w.org\/{rel}","templated":true}]}}