{"id":158,"date":"2019-08-15T18:36:29","date_gmt":"2019-08-15T23:36:29","guid":{"rendered":"http:\/\/expressometro.mx\/?p=158"},"modified":"2019-09-25T10:42:28","modified_gmt":"2019-09-25T15:42:28","slug":"rinde-protesta-rogelio-padron-de-leon-como-encargado-del-osfem","status":"publish","type":"post","link":"https:\/\/expressometro.mx\/index.php\/2019\/08\/15\/rinde-protesta-rogelio-padron-de-leon-como-encargado-del-osfem\/","title":{"rendered":"RINDE PROTESTA ROGELIO PADR\u00d3N DE LE\u00d3N COMO ENCARGADO DEL OSFEM"},"content":{"rendered":"\n<p>Al ser elegido por unanimidad de la 60 Legislatura, Rogelio Padr\u00f3n de Le\u00f3n rindi\u00f3 protesta como encargado temporal del \u00d3rgano Superior de Fiscalizaci\u00f3n del Estado de M\u00e9xico (OSFEM) mientras se designa al nuevo auditor superior.<\/p>\n\n\n\n<p>Durante su protesta, Padr\u00f3n de Le\u00f3n, quien se hab\u00eda desempe\u00f1ado como titular de la Unidad de Asuntos Jur\u00eddicos del OSFEM, estuvo acompa\u00f1ado por los diputados Tanech S\u00e1nchez \u00c1ngeles, Karina Labastida Sotelo, Valent\u00edn Gonz\u00e1lez Bautista, de morena; Miguel S\u00e1mano Peralta, del PRI; \u00c9dgar Armando Olvera Higuera, del PAN; y Francisco Rodolfo Solorza Luna, del PT, todos ellos miembros de la Comisi\u00f3n de Vigilancia del Osfem.<\/p>\n\n\n\n<p>Este \u00f3rgano legislativo, presidido por el diputado Tanech S\u00e1nchez, elabor\u00f3 el dictamen sobre la propuesta para que Rogelio Padr\u00f3n de Le\u00f3n ocupe el cargo de manera temporal, el cual fue le\u00eddo ante el Pleno por el diputado \u00c9dgar Armando Olvera, quien detall\u00f3 que Padr\u00f3n fue elegido por unanimidad (con 13 votos) durante la reuni\u00f3n de trabajo de la comisi\u00f3n en la que tambi\u00e9n se analizaron los perfiles de los auditores especiales Mayra Dorantes Gonz\u00e1lez, Horacio Roa Flores, Francisco Mijares M\u00e1rquez y Ernesto Victoria Mercado.<\/p>\n\n\n\n<p>Agreg\u00f3 que, con base en lo establecido en la Ley de Fiscalizaci\u00f3n Superior y en el Reglamento Interior del \u00d3rgano Superior de Fiscalizaci\u00f3n, tras la licencia de separaci\u00f3n definitiva del auditor superior, quienes pod\u00edan ocupar el puesto son el titular de la Unidad de Asuntos Jur\u00eddicos o los auditores especiales.<\/p>\n\n\n\n<p>SE INICIA LA REESTRUCTURACI\u00d3N DEL OSFEM: TANECH S\u00c1NCHEZ<\/p>\n\n\n\n<p>Previamente, al presentar el dictamen respecto de la solicitud de licencia definitiva de Fernando Valente Baz Ferreira para separarse del cargo de titular del OSFEM que el Pleno aval\u00f3 por unanimidad, el diputado Tanech S\u00e1nchez dijo que su aprobaci\u00f3n es un acto de congruencia con el cual se inicia el proceso de reestructuraci\u00f3n del \u00f3rgano fiscalizador.<\/p>\n\n\n\n<p>El legislador explic\u00f3 que en raz\u00f3n de que Baz Ferreira manifest\u00f3 su voluntad de dejar definitivamente el cargo, los integrantes de la comisi\u00f3n estimaron su procedencia para que la Legislatura resolviera que la licencia surtiera efectos a partir del 15 de agosto de 2019.<\/p>\n\n\n\n<p>Por su parte, el diputado morenista Mario Gabriel Guti\u00e9rrez Cure\u00f1o exigi\u00f3 desde la tribuna que la renuncia de Baz Ferreira sea un medio para lograr una renovaci\u00f3n profunda del OSFEM y subray\u00f3 que la 60 Legislatura tiene la oportunidad hist\u00f3rica para ser recordada por su valor de transformar ese \u00f3rgano en favor de los habitantes del Estado de M\u00e9xico.<\/p>\n","protected":false},"excerpt":{"rendered":"<p>Al ser elegido por unanimidad de la 60 Legislatura, Rogelio Padr\u00f3n de Le\u00f3n rindi\u00f3 protesta como encargado temporal del \u00d3rgano Superior de Fiscalizaci\u00f3n del Estado de M\u00e9xico (OSFEM) mientras se designa al nuevo auditor superior. Durante su protesta, Padr\u00f3n de Le\u00f3n, quien se hab\u00eda desempe\u00f1ado como titular de la Unidad de Asuntos Jur\u00eddicos del OSFEM, estuvo acompa\u00f1ado por los diputados Tanech S\u00e1nchez \u00c1ngeles, Karina Labastida Sotelo, Valent\u00edn Gonz\u00e1lez Bautista, de morena; Miguel S\u00e1mano Peralta, del PRI; \u00c9dgar Armando Olvera Higuera, del PAN; y Francisco Rodolfo Solorza Luna, del PT, todos&hellip;<\/p>\n","protected":false},"author":1,"featured_media":0,"comment_status":"open","ping_status":"open","sticky":false,"template":"","format":"standard","meta":{"footnotes":""},"categories":[3],"tags":[],"class_list":["post-158","post","type-post","status-publish","format-standard","hentry","category-gobierno"],"yoast_head":"<!-- This site is optimized with the Yoast SEO plugin v27.5 - https:\/\/yoast.com\/product\/yoast-seo-wordpress\/ -->\n<title>RINDE PROTESTA ROGELIO PADR\u00d3N DE LE\u00d3N COMO ENCARGADO DEL OSFEM - Expresso Metropolitano<\/title>\n<meta name=\"robots\" content=\"index, follow, max-snippet:-1, max-image-preview:large, max-video-preview:-1\" \/>\n<link rel=\"canonical\" href=\"https:\/\/expressometro.mx\/index.php\/2019\/08\/15\/rinde-protesta-rogelio-padron-de-leon-como-encargado-del-osfem\/\" \/>\n<meta property=\"og:locale\" content=\"es_MX\" \/>\n<meta property=\"og:type\" content=\"article\" \/>\n<meta property=\"og:title\" content=\"RINDE PROTESTA ROGELIO PADR\u00d3N DE LE\u00d3N COMO ENCARGADO DEL OSFEM - Expresso Metropolitano\" \/>\n<meta property=\"og:description\" content=\"Al ser elegido por unanimidad de la 60 Legislatura, Rogelio Padr\u00f3n de Le\u00f3n rindi\u00f3 protesta como encargado temporal del \u00d3rgano Superior de Fiscalizaci\u00f3n del Estado de M\u00e9xico (OSFEM) mientras se designa al nuevo auditor superior. Durante su protesta, Padr\u00f3n de Le\u00f3n, quien se hab\u00eda desempe\u00f1ado como titular de la Unidad de Asuntos Jur\u00eddicos del OSFEM, estuvo acompa\u00f1ado por los diputados Tanech S\u00e1nchez \u00c1ngeles, Karina Labastida Sotelo, Valent\u00edn Gonz\u00e1lez Bautista, de morena; Miguel S\u00e1mano Peralta, del PRI; \u00c9dgar Armando Olvera Higuera, del PAN; y Francisco Rodolfo Solorza Luna, del PT, todos&hellip;\" \/>\n<meta property=\"og:url\" content=\"https:\/\/expressometro.mx\/index.php\/2019\/08\/15\/rinde-protesta-rogelio-padron-de-leon-como-encargado-del-osfem\/\" \/>\n<meta property=\"og:site_name\" content=\"Expresso Metropolitano\" \/>\n<meta property=\"article:published_time\" content=\"2019-08-15T23:36:29+00:00\" \/>\n<meta property=\"article:modified_time\" content=\"2019-09-25T15:42:28+00:00\" \/>\n<meta property=\"og:image\" content=\"https:\/\/expressometro.mx\/wp-content\/uploads\/2019\/08\/1060a.jpg\" \/>\n\t<meta property=\"og:image:width\" content=\"850\" \/>\n\t<meta property=\"og:image:height\" content=\"567\" \/>\n\t<meta property=\"og:image:type\" content=\"image\/jpeg\" \/>\n<meta name=\"author\" content=\"Expresso Metropolitano\" \/>\n<meta name=\"twitter:label1\" content=\"Escrito por\" \/>\n\t<meta name=\"twitter:data1\" content=\"Expresso Metropolitano\" \/>\n\t<meta name=\"twitter:label2\" content=\"Tiempo de lectura\" \/>\n\t<meta name=\"twitter:data2\" content=\"2 minutos\" \/>\n<script type=\"application\/ld+json\" class=\"yoast-schema-graph\">{\"@context\":\"https:\\\/\\\/schema.org\",\"@graph\":[{\"@type\":\"Article\",\"@id\":\"https:\\\/\\\/expressometro.mx\\\/index.php\\\/2019\\\/08\\\/15\\\/rinde-protesta-rogelio-padron-de-leon-como-encargado-del-osfem\\\/#article\",\"isPartOf\":{\"@id\":\"https:\\\/\\\/expressometro.mx\\\/index.php\\\/2019\\\/08\\\/15\\\/rinde-protesta-rogelio-padron-de-leon-como-encargado-del-osfem\\\/\"},\"author\":{\"name\":\"Expresso Metropolitano\",\"@id\":\"https:\\\/\\\/expressometro.mx\\\/#\\\/schema\\\/person\\\/efa971b4a0664db8ed5c22b1b0dd2f5d\"},\"headline\":\"RINDE PROTESTA ROGELIO PADR\u00d3N DE LE\u00d3N COMO ENCARGADO DEL OSFEM\",\"datePublished\":\"2019-08-15T23:36:29+00:00\",\"dateModified\":\"2019-09-25T15:42:28+00:00\",\"mainEntityOfPage\":{\"@id\":\"https:\\\/\\\/expressometro.mx\\\/index.php\\\/2019\\\/08\\\/15\\\/rinde-protesta-rogelio-padron-de-leon-como-encargado-del-osfem\\\/\"},\"wordCount\":449,\"commentCount\":0,\"publisher\":{\"@id\":\"https:\\\/\\\/expressometro.mx\\\/#organization\"},\"articleSection\":[\"Gobierno\"],\"inLanguage\":\"es\",\"potentialAction\":[{\"@type\":\"CommentAction\",\"name\":\"Comment\",\"target\":[\"https:\\\/\\\/expressometro.mx\\\/index.php\\\/2019\\\/08\\\/15\\\/rinde-protesta-rogelio-padron-de-leon-como-encargado-del-osfem\\\/#respond\"]}]},{\"@type\":\"WebPage\",\"@id\":\"https:\\\/\\\/expressometro.mx\\\/index.php\\\/2019\\\/08\\\/15\\\/rinde-protesta-rogelio-padron-de-leon-como-encargado-del-osfem\\\/\",\"url\":\"https:\\\/\\\/expressometro.mx\\\/index.php\\\/2019\\\/08\\\/15\\\/rinde-protesta-rogelio-padron-de-leon-como-encargado-del-osfem\\\/\",\"name\":\"RINDE PROTESTA ROGELIO PADR\u00d3N DE LE\u00d3N COMO ENCARGADO DEL OSFEM - Expresso Metropolitano\",\"isPartOf\":{\"@id\":\"https:\\\/\\\/expressometro.mx\\\/#website\"},\"datePublished\":\"2019-08-15T23:36:29+00:00\",\"dateModified\":\"2019-09-25T15:42:28+00:00\",\"breadcrumb\":{\"@id\":\"https:\\\/\\\/expressometro.mx\\\/index.php\\\/2019\\\/08\\\/15\\\/rinde-protesta-rogelio-padron-de-leon-como-encargado-del-osfem\\\/#breadcrumb\"},\"inLanguage\":\"es\",\"potentialAction\":[{\"@type\":\"ReadAction\",\"target\":[\"https:\\\/\\\/expressometro.mx\\\/index.php\\\/2019\\\/08\\\/15\\\/rinde-protesta-rogelio-padron-de-leon-como-encargado-del-osfem\\\/\"]}]},{\"@type\":\"BreadcrumbList\",\"@id\":\"https:\\\/\\\/expressometro.mx\\\/index.php\\\/2019\\\/08\\\/15\\\/rinde-protesta-rogelio-padron-de-leon-como-encargado-del-osfem\\\/#breadcrumb\",\"itemListElement\":[{\"@type\":\"ListItem\",\"position\":1,\"name\":\"Inicio\",\"item\":\"https:\\\/\\\/expressometro.mx\\\/\"},{\"@type\":\"ListItem\",\"position\":2,\"name\":\"RINDE PROTESTA ROGELIO PADR\u00d3N DE LE\u00d3N COMO ENCARGADO DEL OSFEM\"}]},{\"@type\":\"WebSite\",\"@id\":\"https:\\\/\\\/expressometro.mx\\\/#website\",\"url\":\"https:\\\/\\\/expressometro.mx\\\/\",\"name\":\"Expresso Metropolitano\",\"description\":\"Periodismo comprometido, informaci\u00f3n, investigaci\u00f3n y an\u00e1lisis\",\"publisher\":{\"@id\":\"https:\\\/\\\/expressometro.mx\\\/#organization\"},\"potentialAction\":[{\"@type\":\"SearchAction\",\"target\":{\"@type\":\"EntryPoint\",\"urlTemplate\":\"https:\\\/\\\/expressometro.mx\\\/?s={search_term_string}\"},\"query-input\":{\"@type\":\"PropertyValueSpecification\",\"valueRequired\":true,\"valueName\":\"search_term_string\"}}],\"inLanguage\":\"es\"},{\"@type\":\"Organization\",\"@id\":\"https:\\\/\\\/expressometro.mx\\\/#organization\",\"name\":\"Expresso Metropolitano\",\"url\":\"https:\\\/\\\/expressometro.mx\\\/\",\"logo\":{\"@type\":\"ImageObject\",\"inLanguage\":\"es\",\"@id\":\"https:\\\/\\\/expressometro.mx\\\/#\\\/schema\\\/logo\\\/image\\\/\",\"url\":\"https:\\\/\\\/expressometro.mx\\\/wp-content\\\/uploads\\\/2019\\\/07\\\/cropped-Logo-Expresso-Metropolitano-1-1.jpeg\",\"contentUrl\":\"https:\\\/\\\/expressometro.mx\\\/wp-content\\\/uploads\\\/2019\\\/07\\\/cropped-Logo-Expresso-Metropolitano-1-1.jpeg\",\"width\":290,\"height\":73,\"caption\":\"Expresso Metropolitano\"},\"image\":{\"@id\":\"https:\\\/\\\/expressometro.mx\\\/#\\\/schema\\\/logo\\\/image\\\/\"}},{\"@type\":\"Person\",\"@id\":\"https:\\\/\\\/expressometro.mx\\\/#\\\/schema\\\/person\\\/efa971b4a0664db8ed5c22b1b0dd2f5d\",\"name\":\"Expresso Metropolitano\",\"image\":{\"@type\":\"ImageObject\",\"inLanguage\":\"es\",\"@id\":\"https:\\\/\\\/secure.gravatar.com\\\/avatar\\\/a89f802b8de18c6952f223c88d3d106e9e3679839f4e25a02f4a6cc2ae6ba3b3?s=96&d=mm&r=g\",\"url\":\"https:\\\/\\\/secure.gravatar.com\\\/avatar\\\/a89f802b8de18c6952f223c88d3d106e9e3679839f4e25a02f4a6cc2ae6ba3b3?s=96&d=mm&r=g\",\"contentUrl\":\"https:\\\/\\\/secure.gravatar.com\\\/avatar\\\/a89f802b8de18c6952f223c88d3d106e9e3679839f4e25a02f4a6cc2ae6ba3b3?s=96&d=mm&r=g\",\"caption\":\"Expresso Metropolitano\"},\"url\":\"https:\\\/\\\/expressometro.mx\\\/index.php\\\/author\\\/diego\\\/\"}]}<\/script>\n<!-- \/ Yoast SEO plugin. -->","yoast_head_json":{"title":"RINDE PROTESTA ROGELIO PADR\u00d3N DE LE\u00d3N COMO ENCARGADO DEL OSFEM - Expresso Metropolitano","robots":{"index":"index","follow":"follow","max-snippet":"max-snippet:-1","max-image-preview":"max-image-preview:large","max-video-preview":"max-video-preview:-1"},"canonical":"https:\/\/expressometro.mx\/index.php\/2019\/08\/15\/rinde-protesta-rogelio-padron-de-leon-como-encargado-del-osfem\/","og_locale":"es_MX","og_type":"article","og_title":"RINDE PROTESTA ROGELIO PADR\u00d3N DE LE\u00d3N COMO ENCARGADO DEL OSFEM - Expresso Metropolitano","og_description":"Al ser elegido por unanimidad de la 60 Legislatura, Rogelio Padr\u00f3n de Le\u00f3n rindi\u00f3 protesta como encargado temporal del \u00d3rgano Superior de Fiscalizaci\u00f3n del Estado de M\u00e9xico (OSFEM) mientras se designa al nuevo auditor superior. Durante su protesta, Padr\u00f3n de Le\u00f3n, quien se hab\u00eda desempe\u00f1ado como titular de la Unidad de Asuntos Jur\u00eddicos del OSFEM, estuvo acompa\u00f1ado por los diputados Tanech S\u00e1nchez \u00c1ngeles, Karina Labastida Sotelo, Valent\u00edn Gonz\u00e1lez Bautista, de morena; Miguel S\u00e1mano Peralta, del PRI; \u00c9dgar Armando Olvera Higuera, del PAN; y Francisco Rodolfo Solorza Luna, del PT, todos&hellip;","og_url":"https:\/\/expressometro.mx\/index.php\/2019\/08\/15\/rinde-protesta-rogelio-padron-de-leon-como-encargado-del-osfem\/","og_site_name":"Expresso Metropolitano","article_published_time":"2019-08-15T23:36:29+00:00","article_modified_time":"2019-09-25T15:42:28+00:00","og_image":[{"width":850,"height":567,"url":"https:\/\/expressometro.mx\/wp-content\/uploads\/2019\/08\/1060a.jpg","type":"image\/jpeg"}],"author":"Expresso Metropolitano","twitter_misc":{"Escrito por":"Expresso Metropolitano","Tiempo de lectura":"2 minutos"},"schema":{"@context":"https:\/\/schema.org","@graph":[{"@type":"Article","@id":"https:\/\/expressometro.mx\/index.php\/2019\/08\/15\/rinde-protesta-rogelio-padron-de-leon-como-encargado-del-osfem\/#article","isPartOf":{"@id":"https:\/\/expressometro.mx\/index.php\/2019\/08\/15\/rinde-protesta-rogelio-padron-de-leon-como-encargado-del-osfem\/"},"author":{"name":"Expresso Metropolitano","@id":"https:\/\/expressometro.mx\/#\/schema\/person\/efa971b4a0664db8ed5c22b1b0dd2f5d"},"headline":"RINDE PROTESTA ROGELIO PADR\u00d3N DE LE\u00d3N COMO ENCARGADO DEL OSFEM","datePublished":"2019-08-15T23:36:29+00:00","dateModified":"2019-09-25T15:42:28+00:00","mainEntityOfPage":{"@id":"https:\/\/expressometro.mx\/index.php\/2019\/08\/15\/rinde-protesta-rogelio-padron-de-leon-como-encargado-del-osfem\/"},"wordCount":449,"commentCount":0,"publisher":{"@id":"https:\/\/expressometro.mx\/#organization"},"articleSection":["Gobierno"],"inLanguage":"es","potentialAction":[{"@type":"CommentAction","name":"Comment","target":["https:\/\/expressometro.mx\/index.php\/2019\/08\/15\/rinde-protesta-rogelio-padron-de-leon-como-encargado-del-osfem\/#respond"]}]},{"@type":"WebPage","@id":"https:\/\/expressometro.mx\/index.php\/2019\/08\/15\/rinde-protesta-rogelio-padron-de-leon-como-encargado-del-osfem\/","url":"https:\/\/expressometro.mx\/index.php\/2019\/08\/15\/rinde-protesta-rogelio-padron-de-leon-como-encargado-del-osfem\/","name":"RINDE PROTESTA ROGELIO PADR\u00d3N DE LE\u00d3N COMO ENCARGADO DEL OSFEM - Expresso Metropolitano","isPartOf":{"@id":"https:\/\/expressometro.mx\/#website"},"datePublished":"2019-08-15T23:36:29+00:00","dateModified":"2019-09-25T15:42:28+00:00","breadcrumb":{"@id":"https:\/\/expressometro.mx\/index.php\/2019\/08\/15\/rinde-protesta-rogelio-padron-de-leon-como-encargado-del-osfem\/#breadcrumb"},"inLanguage":"es","potentialAction":[{"@type":"ReadAction","target":["https:\/\/expressometro.mx\/index.php\/2019\/08\/15\/rinde-protesta-rogelio-padron-de-leon-como-encargado-del-osfem\/"]}]},{"@type":"BreadcrumbList","@id":"https:\/\/expressometro.mx\/index.php\/2019\/08\/15\/rinde-protesta-rogelio-padron-de-leon-como-encargado-del-osfem\/#breadcrumb","itemListElement":[{"@type":"ListItem","position":1,"name":"Inicio","item":"https:\/\/expressometro.mx\/"},{"@type":"ListItem","position":2,"name":"RINDE PROTESTA ROGELIO PADR\u00d3N DE LE\u00d3N COMO ENCARGADO DEL OSFEM"}]},{"@type":"WebSite","@id":"https:\/\/expressometro.mx\/#website","url":"https:\/\/expressometro.mx\/","name":"Expresso Metropolitano","description":"Periodismo comprometido, informaci\u00f3n, investigaci\u00f3n y an\u00e1lisis","publisher":{"@id":"https:\/\/expressometro.mx\/#organization"},"potentialAction":[{"@type":"SearchAction","target":{"@type":"EntryPoint","urlTemplate":"https:\/\/expressometro.mx\/?s={search_term_string}"},"query-input":{"@type":"PropertyValueSpecification","valueRequired":true,"valueName":"search_term_string"}}],"inLanguage":"es"},{"@type":"Organization","@id":"https:\/\/expressometro.mx\/#organization","name":"Expresso Metropolitano","url":"https:\/\/expressometro.mx\/","logo":{"@type":"ImageObject","inLanguage":"es","@id":"https:\/\/expressometro.mx\/#\/schema\/logo\/image\/","url":"https:\/\/expressometro.mx\/wp-content\/uploads\/2019\/07\/cropped-Logo-Expresso-Metropolitano-1-1.jpeg","contentUrl":"https:\/\/expressometro.mx\/wp-content\/uploads\/2019\/07\/cropped-Logo-Expresso-Metropolitano-1-1.jpeg","width":290,"height":73,"caption":"Expresso Metropolitano"},"image":{"@id":"https:\/\/expressometro.mx\/#\/schema\/logo\/image\/"}},{"@type":"Person","@id":"https:\/\/expressometro.mx\/#\/schema\/person\/efa971b4a0664db8ed5c22b1b0dd2f5d","name":"Expresso Metropolitano","image":{"@type":"ImageObject","inLanguage":"es","@id":"https:\/\/secure.gravatar.com\/avatar\/a89f802b8de18c6952f223c88d3d106e9e3679839f4e25a02f4a6cc2ae6ba3b3?s=96&d=mm&r=g","url":"https:\/\/secure.gravatar.com\/avatar\/a89f802b8de18c6952f223c88d3d106e9e3679839f4e25a02f4a6cc2ae6ba3b3?s=96&d=mm&r=g","contentUrl":"https:\/\/secure.gravatar.com\/avatar\/a89f802b8de18c6952f223c88d3d106e9e3679839f4e25a02f4a6cc2ae6ba3b3?s=96&d=mm&r=g","caption":"Expresso Metropolitano"},"url":"https:\/\/expressometro.mx\/index.php\/author\/diego\/"}]}},"amp_enabled":true,"_links":{"self":[{"href":"https:\/\/expressometro.mx\/index.php\/wp-json\/wp\/v2\/posts\/158","targetHints":{"allow":["GET"]}}],"collection":[{"href":"https:\/\/expressometro.mx\/index.php\/wp-json\/wp\/v2\/posts"}],"about":[{"href":"https:\/\/expressometro.mx\/index.php\/wp-json\/wp\/v2\/types\/post"}],"author":[{"embeddable":true,"href":"https:\/\/expressometro.mx\/index.php\/wp-json\/wp\/v2\/users\/1"}],"replies":[{"embeddable":true,"href":"https:\/\/expressometro.mx\/index.php\/wp-json\/wp\/v2\/comments?post=158"}],"version-history":[{"count":1,"href":"https:\/\/expressometro.mx\/index.php\/wp-json\/wp\/v2\/posts\/158\/revisions"}],"predecessor-version":[{"id":160,"href":"https:\/\/expressometro.mx\/index.php\/wp-json\/wp\/v2\/posts\/158\/revisions\/160"}],"wp:attachment":[{"href":"https:\/\/expressometro.mx\/index.php\/wp-json\/wp\/v2\/media?parent=158"}],"wp:term":[{"taxonomy":"category","embeddable":true,"href":"https:\/\/expressometro.mx\/index.php\/wp-json\/wp\/v2\/categories?post=158"},{"taxonomy":"post_tag","embeddable":true,"href":"https:\/\/expressometro.mx\/index.php\/wp-json\/wp\/v2\/tags?post=158"}],"curies":[{"name":"wp","href":"https:\/\/api.w.org\/{rel}","templated":true}]}}