{"id":1571,"date":"2020-06-05T18:14:26","date_gmt":"2020-06-05T23:14:26","guid":{"rendered":"http:\/\/expressometro.mx\/?p=1571"},"modified":"2020-06-05T18:14:27","modified_gmt":"2020-06-05T23:14:27","slug":"asegura-alfredo-del-mazo-que-esfuerzo-de-los-mexiquenses-para-frenar-al-covid-19-ha-evitado-que-su-propagacion-sea-mayor","status":"publish","type":"post","link":"https:\/\/expressometro.mx\/index.php\/2020\/06\/05\/asegura-alfredo-del-mazo-que-esfuerzo-de-los-mexiquenses-para-frenar-al-covid-19-ha-evitado-que-su-propagacion-sea-mayor\/","title":{"rendered":"ASEGURA ALFREDO DEL MAZO QUE ESFUERZO DE LOS MEXIQUENSES PARA FRENAR AL COVID-19 HA EVITADO QUE SU PROPAGACI\u00d3N SEA MAYOR"},"content":{"rendered":"\n<p>El Gobernador Alfredo Del Mazo Maza recalc\u00f3 que el esfuerzo que hace la sociedad mexiquense para frenar la propagaci\u00f3n del COVID-19, es fundamental para evitar que el alcance de esta enfermedad sea mayor, e inst\u00f3 a la ciudadan\u00eda a continuar con las medidas sanitarias necesarias, pues asegur\u00f3 que ya llegar\u00e1 el momento de retomar las actividades, pero hoy, es vital mantener los cuidados.<\/p>\n\n\n\n<p>\u201cEl gran esfuerzo que todas y todos han hecho por quedarse en casa nos ha ayudado a evitar que la pandemia sea peor de lo que hasta hoy ha sido. Esto hay sido posible gracias al esfuerzo, a la cooperaci\u00f3n y a la solidaridad de todos.<\/p>\n\n\n\n<p>\u201cYa llegar\u00e1 el momento de que nuestros hijos salgan a jugar, ya llegar\u00e1 el momento de ver a los amigos, ya llegar\u00e1 el momento de salir en familia. Mientras llega ese momento, es muy importante que mantengamos arriba nuestro \u00e1nimo, nuestro esp\u00edritu, nuestras ganas de salir adelante\u201d, puntualiz\u00f3.<\/p>\n\n\n\n<p>Alfredo Del Mazo consider\u00f3 que la pandemia por COVID-19 ha cambiado la vida de muchas personas de manera muy r\u00e1pida, ya que adoptaron medidas de prevenci\u00f3n como la sana distancia y el aislamiento.<\/p>\n\n\n\n<p>Se\u00f1al\u00f3 que todos queremos que la contingencia concluya, y subray\u00f3 que la solidaridad y la unidad son caracter\u00edsticas que han permitido al pueblo mexicano superar retos como \u00e9ste, adem\u00e1s del amor y el cari\u00f1o por la familia.<\/p>\n\n\n\n<p>\u201cA los mexicanos nos caracteriza nuestra solidaridad cuando se trata de ayudar. Estoy seguro que vamos a salir adelante de este gran reto. El esfuerzo, el cari\u00f1o, el amor, la familia es lo que nos alimenta todos los d\u00edas para seguir luchando y seguir ech\u00e1ndole ganas&#8221;, expres\u00f3.<\/p>\n\n\n\n<p>En un mensaje que transmiti\u00f3 por redes sociales, el mandatario mexiquense reconoci\u00f3 a los ciudadanos que se esfuerzan para quedarse en casa y mantener las medidas sanitarias correspondientes, e invit\u00f3 a la sociedad a continuar en este empe\u00f1o.<\/p>\n\n\n\n<p>\u201cS\u00e9 que no ha sido f\u00e1cil, han sido semanas, meses dif\u00edciles, pero vamos a salir adelante. Yo los invito a todas, a todos, a que pongamos lo mejor de nosotros mismos, tenemos un gran motivo para salir adelante, nuestras familias.<\/p>\n\n\n\n<p>\u201cSigamos haciendo un gran esfuerzo por permanecer en casa lo m\u00e1s posible, ya tendremos la oportunidad de salir, con \u00e1nimo, con entusiasmo\u201d, concluy\u00f3.<\/p>\n\n\n\n<figure class=\"wp-block-video\"><video height=\"480\" style=\"aspect-ratio: 640 \/ 480;\" width=\"640\" controls src=\"http:\/\/expressometro.mx\/wp-content\/uploads\/2020\/06\/WhatsApp-Video-2020-06-05-at-16.43.12.3gpp\"><\/video><\/figure>\n","protected":false},"excerpt":{"rendered":"<p>El Gobernador Alfredo Del Mazo Maza recalc\u00f3 que el esfuerzo que hace la sociedad mexiquense para frenar la propagaci\u00f3n del COVID-19, es fundamental para evitar que el alcance de esta enfermedad sea mayor, e inst\u00f3 a la ciudadan\u00eda a continuar con las medidas sanitarias necesarias, pues asegur\u00f3 que ya llegar\u00e1 el momento de retomar las actividades, pero hoy, es vital mantener los cuidados. \u201cEl gran esfuerzo que todas y todos han hecho por quedarse en casa nos ha ayudado a evitar que la pandemia sea peor de lo que hasta&hellip;<\/p>\n","protected":false},"author":1,"featured_media":1572,"comment_status":"open","ping_status":"open","sticky":false,"template":"","format":"standard","meta":{"footnotes":""},"categories":[5],"tags":[],"class_list":["post-1571","post","type-post","status-publish","format-standard","has-post-thumbnail","hentry","category-salud"],"yoast_head":"<!-- This site is optimized with the Yoast SEO plugin v27.5 - https:\/\/yoast.com\/product\/yoast-seo-wordpress\/ -->\n<title>ASEGURA ALFREDO DEL MAZO QUE ESFUERZO DE LOS MEXIQUENSES PARA FRENAR AL COVID-19 HA EVITADO QUE SU PROPAGACI\u00d3N SEA MAYOR - Expresso Metropolitano<\/title>\n<meta name=\"robots\" content=\"index, follow, max-snippet:-1, max-image-preview:large, max-video-preview:-1\" \/>\n<link rel=\"canonical\" href=\"https:\/\/expressometro.mx\/index.php\/2020\/06\/05\/asegura-alfredo-del-mazo-que-esfuerzo-de-los-mexiquenses-para-frenar-al-covid-19-ha-evitado-que-su-propagacion-sea-mayor\/\" \/>\n<meta property=\"og:locale\" content=\"es_MX\" \/>\n<meta property=\"og:type\" content=\"article\" \/>\n<meta property=\"og:title\" content=\"ASEGURA ALFREDO DEL MAZO QUE ESFUERZO DE LOS MEXIQUENSES PARA FRENAR AL COVID-19 HA EVITADO QUE SU PROPAGACI\u00d3N SEA MAYOR - Expresso Metropolitano\" \/>\n<meta property=\"og:description\" content=\"El Gobernador Alfredo Del Mazo Maza recalc\u00f3 que el esfuerzo que hace la sociedad mexiquense para frenar la propagaci\u00f3n del COVID-19, es fundamental para evitar que el alcance de esta enfermedad sea mayor, e inst\u00f3 a la ciudadan\u00eda a continuar con las medidas sanitarias necesarias, pues asegur\u00f3 que ya llegar\u00e1 el momento de retomar las actividades, pero hoy, es vital mantener los cuidados. \u201cEl gran esfuerzo que todas y todos han hecho por quedarse en casa nos ha ayudado a evitar que la pandemia sea peor de lo que hasta&hellip;\" \/>\n<meta property=\"og:url\" content=\"https:\/\/expressometro.mx\/index.php\/2020\/06\/05\/asegura-alfredo-del-mazo-que-esfuerzo-de-los-mexiquenses-para-frenar-al-covid-19-ha-evitado-que-su-propagacion-sea-mayor\/\" \/>\n<meta property=\"og:site_name\" content=\"Expresso Metropolitano\" \/>\n<meta property=\"article:published_time\" content=\"2020-06-05T23:14:26+00:00\" \/>\n<meta property=\"article:modified_time\" content=\"2020-06-05T23:14:27+00:00\" \/>\n<meta property=\"og:image\" content=\"https:\/\/expressometro.mx\/wp-content\/uploads\/2020\/06\/642BBD3E-8578-4EAA-A5BB-8ABA6B070296.jpeg\" \/>\n\t<meta property=\"og:image:width\" content=\"1280\" \/>\n\t<meta property=\"og:image:height\" content=\"720\" \/>\n\t<meta property=\"og:image:type\" content=\"image\/jpeg\" \/>\n<meta name=\"author\" content=\"Expresso Metropolitano\" \/>\n<meta name=\"twitter:label1\" content=\"Escrito por\" \/>\n\t<meta name=\"twitter:data1\" content=\"Expresso Metropolitano\" \/>\n\t<meta name=\"twitter:label2\" content=\"Tiempo de lectura\" \/>\n\t<meta name=\"twitter:data2\" content=\"2 minutos\" \/>\n<script type=\"application\/ld+json\" class=\"yoast-schema-graph\">{\"@context\":\"https:\\\/\\\/schema.org\",\"@graph\":[{\"@type\":\"Article\",\"@id\":\"https:\\\/\\\/expressometro.mx\\\/index.php\\\/2020\\\/06\\\/05\\\/asegura-alfredo-del-mazo-que-esfuerzo-de-los-mexiquenses-para-frenar-al-covid-19-ha-evitado-que-su-propagacion-sea-mayor\\\/#article\",\"isPartOf\":{\"@id\":\"https:\\\/\\\/expressometro.mx\\\/index.php\\\/2020\\\/06\\\/05\\\/asegura-alfredo-del-mazo-que-esfuerzo-de-los-mexiquenses-para-frenar-al-covid-19-ha-evitado-que-su-propagacion-sea-mayor\\\/\"},\"author\":{\"name\":\"Expresso Metropolitano\",\"@id\":\"https:\\\/\\\/expressometro.mx\\\/#\\\/schema\\\/person\\\/efa971b4a0664db8ed5c22b1b0dd2f5d\"},\"headline\":\"ASEGURA ALFREDO DEL MAZO QUE ESFUERZO DE LOS MEXIQUENSES PARA FRENAR AL COVID-19 HA EVITADO QUE SU PROPAGACI\u00d3N SEA MAYOR\",\"datePublished\":\"2020-06-05T23:14:26+00:00\",\"dateModified\":\"2020-06-05T23:14:27+00:00\",\"mainEntityOfPage\":{\"@id\":\"https:\\\/\\\/expressometro.mx\\\/index.php\\\/2020\\\/06\\\/05\\\/asegura-alfredo-del-mazo-que-esfuerzo-de-los-mexiquenses-para-frenar-al-covid-19-ha-evitado-que-su-propagacion-sea-mayor\\\/\"},\"wordCount\":413,\"commentCount\":0,\"publisher\":{\"@id\":\"https:\\\/\\\/expressometro.mx\\\/#organization\"},\"image\":{\"@id\":\"https:\\\/\\\/expressometro.mx\\\/index.php\\\/2020\\\/06\\\/05\\\/asegura-alfredo-del-mazo-que-esfuerzo-de-los-mexiquenses-para-frenar-al-covid-19-ha-evitado-que-su-propagacion-sea-mayor\\\/#primaryimage\"},\"thumbnailUrl\":\"https:\\\/\\\/expressometro.mx\\\/wp-content\\\/uploads\\\/2020\\\/06\\\/642BBD3E-8578-4EAA-A5BB-8ABA6B070296.jpeg\",\"articleSection\":[\"Salud\"],\"inLanguage\":\"es\",\"potentialAction\":[{\"@type\":\"CommentAction\",\"name\":\"Comment\",\"target\":[\"https:\\\/\\\/expressometro.mx\\\/index.php\\\/2020\\\/06\\\/05\\\/asegura-alfredo-del-mazo-que-esfuerzo-de-los-mexiquenses-para-frenar-al-covid-19-ha-evitado-que-su-propagacion-sea-mayor\\\/#respond\"]}]},{\"@type\":\"WebPage\",\"@id\":\"https:\\\/\\\/expressometro.mx\\\/index.php\\\/2020\\\/06\\\/05\\\/asegura-alfredo-del-mazo-que-esfuerzo-de-los-mexiquenses-para-frenar-al-covid-19-ha-evitado-que-su-propagacion-sea-mayor\\\/\",\"url\":\"https:\\\/\\\/expressometro.mx\\\/index.php\\\/2020\\\/06\\\/05\\\/asegura-alfredo-del-mazo-que-esfuerzo-de-los-mexiquenses-para-frenar-al-covid-19-ha-evitado-que-su-propagacion-sea-mayor\\\/\",\"name\":\"ASEGURA ALFREDO DEL MAZO QUE ESFUERZO DE LOS MEXIQUENSES PARA FRENAR AL COVID-19 HA EVITADO QUE SU PROPAGACI\u00d3N SEA MAYOR - Expresso Metropolitano\",\"isPartOf\":{\"@id\":\"https:\\\/\\\/expressometro.mx\\\/#website\"},\"primaryImageOfPage\":{\"@id\":\"https:\\\/\\\/expressometro.mx\\\/index.php\\\/2020\\\/06\\\/05\\\/asegura-alfredo-del-mazo-que-esfuerzo-de-los-mexiquenses-para-frenar-al-covid-19-ha-evitado-que-su-propagacion-sea-mayor\\\/#primaryimage\"},\"image\":{\"@id\":\"https:\\\/\\\/expressometro.mx\\\/index.php\\\/2020\\\/06\\\/05\\\/asegura-alfredo-del-mazo-que-esfuerzo-de-los-mexiquenses-para-frenar-al-covid-19-ha-evitado-que-su-propagacion-sea-mayor\\\/#primaryimage\"},\"thumbnailUrl\":\"https:\\\/\\\/expressometro.mx\\\/wp-content\\\/uploads\\\/2020\\\/06\\\/642BBD3E-8578-4EAA-A5BB-8ABA6B070296.jpeg\",\"datePublished\":\"2020-06-05T23:14:26+00:00\",\"dateModified\":\"2020-06-05T23:14:27+00:00\",\"breadcrumb\":{\"@id\":\"https:\\\/\\\/expressometro.mx\\\/index.php\\\/2020\\\/06\\\/05\\\/asegura-alfredo-del-mazo-que-esfuerzo-de-los-mexiquenses-para-frenar-al-covid-19-ha-evitado-que-su-propagacion-sea-mayor\\\/#breadcrumb\"},\"inLanguage\":\"es\",\"potentialAction\":[{\"@type\":\"ReadAction\",\"target\":[\"https:\\\/\\\/expressometro.mx\\\/index.php\\\/2020\\\/06\\\/05\\\/asegura-alfredo-del-mazo-que-esfuerzo-de-los-mexiquenses-para-frenar-al-covid-19-ha-evitado-que-su-propagacion-sea-mayor\\\/\"]}]},{\"@type\":\"ImageObject\",\"inLanguage\":\"es\",\"@id\":\"https:\\\/\\\/expressometro.mx\\\/index.php\\\/2020\\\/06\\\/05\\\/asegura-alfredo-del-mazo-que-esfuerzo-de-los-mexiquenses-para-frenar-al-covid-19-ha-evitado-que-su-propagacion-sea-mayor\\\/#primaryimage\",\"url\":\"https:\\\/\\\/expressometro.mx\\\/wp-content\\\/uploads\\\/2020\\\/06\\\/642BBD3E-8578-4EAA-A5BB-8ABA6B070296.jpeg\",\"contentUrl\":\"https:\\\/\\\/expressometro.mx\\\/wp-content\\\/uploads\\\/2020\\\/06\\\/642BBD3E-8578-4EAA-A5BB-8ABA6B070296.jpeg\",\"width\":1280,\"height\":720},{\"@type\":\"BreadcrumbList\",\"@id\":\"https:\\\/\\\/expressometro.mx\\\/index.php\\\/2020\\\/06\\\/05\\\/asegura-alfredo-del-mazo-que-esfuerzo-de-los-mexiquenses-para-frenar-al-covid-19-ha-evitado-que-su-propagacion-sea-mayor\\\/#breadcrumb\",\"itemListElement\":[{\"@type\":\"ListItem\",\"position\":1,\"name\":\"Inicio\",\"item\":\"https:\\\/\\\/expressometro.mx\\\/\"},{\"@type\":\"ListItem\",\"position\":2,\"name\":\"ASEGURA ALFREDO DEL MAZO QUE ESFUERZO DE LOS MEXIQUENSES PARA FRENAR AL COVID-19 HA EVITADO QUE SU PROPAGACI\u00d3N SEA MAYOR\"}]},{\"@type\":\"WebSite\",\"@id\":\"https:\\\/\\\/expressometro.mx\\\/#website\",\"url\":\"https:\\\/\\\/expressometro.mx\\\/\",\"name\":\"Expresso Metropolitano\",\"description\":\"Periodismo comprometido, informaci\u00f3n, investigaci\u00f3n y an\u00e1lisis\",\"publisher\":{\"@id\":\"https:\\\/\\\/expressometro.mx\\\/#organization\"},\"potentialAction\":[{\"@type\":\"SearchAction\",\"target\":{\"@type\":\"EntryPoint\",\"urlTemplate\":\"https:\\\/\\\/expressometro.mx\\\/?s={search_term_string}\"},\"query-input\":{\"@type\":\"PropertyValueSpecification\",\"valueRequired\":true,\"valueName\":\"search_term_string\"}}],\"inLanguage\":\"es\"},{\"@type\":\"Organization\",\"@id\":\"https:\\\/\\\/expressometro.mx\\\/#organization\",\"name\":\"Expresso Metropolitano\",\"url\":\"https:\\\/\\\/expressometro.mx\\\/\",\"logo\":{\"@type\":\"ImageObject\",\"inLanguage\":\"es\",\"@id\":\"https:\\\/\\\/expressometro.mx\\\/#\\\/schema\\\/logo\\\/image\\\/\",\"url\":\"https:\\\/\\\/expressometro.mx\\\/wp-content\\\/uploads\\\/2019\\\/07\\\/cropped-Logo-Expresso-Metropolitano-1-1.jpeg\",\"contentUrl\":\"https:\\\/\\\/expressometro.mx\\\/wp-content\\\/uploads\\\/2019\\\/07\\\/cropped-Logo-Expresso-Metropolitano-1-1.jpeg\",\"width\":290,\"height\":73,\"caption\":\"Expresso Metropolitano\"},\"image\":{\"@id\":\"https:\\\/\\\/expressometro.mx\\\/#\\\/schema\\\/logo\\\/image\\\/\"}},{\"@type\":\"Person\",\"@id\":\"https:\\\/\\\/expressometro.mx\\\/#\\\/schema\\\/person\\\/efa971b4a0664db8ed5c22b1b0dd2f5d\",\"name\":\"Expresso Metropolitano\",\"image\":{\"@type\":\"ImageObject\",\"inLanguage\":\"es\",\"@id\":\"https:\\\/\\\/secure.gravatar.com\\\/avatar\\\/a89f802b8de18c6952f223c88d3d106e9e3679839f4e25a02f4a6cc2ae6ba3b3?s=96&d=mm&r=g\",\"url\":\"https:\\\/\\\/secure.gravatar.com\\\/avatar\\\/a89f802b8de18c6952f223c88d3d106e9e3679839f4e25a02f4a6cc2ae6ba3b3?s=96&d=mm&r=g\",\"contentUrl\":\"https:\\\/\\\/secure.gravatar.com\\\/avatar\\\/a89f802b8de18c6952f223c88d3d106e9e3679839f4e25a02f4a6cc2ae6ba3b3?s=96&d=mm&r=g\",\"caption\":\"Expresso Metropolitano\"},\"url\":\"https:\\\/\\\/expressometro.mx\\\/index.php\\\/author\\\/diego\\\/\"}]}<\/script>\n<!-- \/ Yoast SEO plugin. -->","yoast_head_json":{"title":"ASEGURA ALFREDO DEL MAZO QUE ESFUERZO DE LOS MEXIQUENSES PARA FRENAR AL COVID-19 HA EVITADO QUE SU PROPAGACI\u00d3N SEA MAYOR - Expresso Metropolitano","robots":{"index":"index","follow":"follow","max-snippet":"max-snippet:-1","max-image-preview":"max-image-preview:large","max-video-preview":"max-video-preview:-1"},"canonical":"https:\/\/expressometro.mx\/index.php\/2020\/06\/05\/asegura-alfredo-del-mazo-que-esfuerzo-de-los-mexiquenses-para-frenar-al-covid-19-ha-evitado-que-su-propagacion-sea-mayor\/","og_locale":"es_MX","og_type":"article","og_title":"ASEGURA ALFREDO DEL MAZO QUE ESFUERZO DE LOS MEXIQUENSES PARA FRENAR AL COVID-19 HA EVITADO QUE SU PROPAGACI\u00d3N SEA MAYOR - Expresso Metropolitano","og_description":"El Gobernador Alfredo Del Mazo Maza recalc\u00f3 que el esfuerzo que hace la sociedad mexiquense para frenar la propagaci\u00f3n del COVID-19, es fundamental para evitar que el alcance de esta enfermedad sea mayor, e inst\u00f3 a la ciudadan\u00eda a continuar con las medidas sanitarias necesarias, pues asegur\u00f3 que ya llegar\u00e1 el momento de retomar las actividades, pero hoy, es vital mantener los cuidados. \u201cEl gran esfuerzo que todas y todos han hecho por quedarse en casa nos ha ayudado a evitar que la pandemia sea peor de lo que hasta&hellip;","og_url":"https:\/\/expressometro.mx\/index.php\/2020\/06\/05\/asegura-alfredo-del-mazo-que-esfuerzo-de-los-mexiquenses-para-frenar-al-covid-19-ha-evitado-que-su-propagacion-sea-mayor\/","og_site_name":"Expresso Metropolitano","article_published_time":"2020-06-05T23:14:26+00:00","article_modified_time":"2020-06-05T23:14:27+00:00","og_image":[{"width":1280,"height":720,"url":"https:\/\/expressometro.mx\/wp-content\/uploads\/2020\/06\/642BBD3E-8578-4EAA-A5BB-8ABA6B070296.jpeg","type":"image\/jpeg"}],"author":"Expresso Metropolitano","twitter_misc":{"Escrito por":"Expresso Metropolitano","Tiempo de lectura":"2 minutos"},"schema":{"@context":"https:\/\/schema.org","@graph":[{"@type":"Article","@id":"https:\/\/expressometro.mx\/index.php\/2020\/06\/05\/asegura-alfredo-del-mazo-que-esfuerzo-de-los-mexiquenses-para-frenar-al-covid-19-ha-evitado-que-su-propagacion-sea-mayor\/#article","isPartOf":{"@id":"https:\/\/expressometro.mx\/index.php\/2020\/06\/05\/asegura-alfredo-del-mazo-que-esfuerzo-de-los-mexiquenses-para-frenar-al-covid-19-ha-evitado-que-su-propagacion-sea-mayor\/"},"author":{"name":"Expresso Metropolitano","@id":"https:\/\/expressometro.mx\/#\/schema\/person\/efa971b4a0664db8ed5c22b1b0dd2f5d"},"headline":"ASEGURA ALFREDO DEL MAZO QUE ESFUERZO DE LOS MEXIQUENSES PARA FRENAR AL COVID-19 HA EVITADO QUE SU PROPAGACI\u00d3N SEA MAYOR","datePublished":"2020-06-05T23:14:26+00:00","dateModified":"2020-06-05T23:14:27+00:00","mainEntityOfPage":{"@id":"https:\/\/expressometro.mx\/index.php\/2020\/06\/05\/asegura-alfredo-del-mazo-que-esfuerzo-de-los-mexiquenses-para-frenar-al-covid-19-ha-evitado-que-su-propagacion-sea-mayor\/"},"wordCount":413,"commentCount":0,"publisher":{"@id":"https:\/\/expressometro.mx\/#organization"},"image":{"@id":"https:\/\/expressometro.mx\/index.php\/2020\/06\/05\/asegura-alfredo-del-mazo-que-esfuerzo-de-los-mexiquenses-para-frenar-al-covid-19-ha-evitado-que-su-propagacion-sea-mayor\/#primaryimage"},"thumbnailUrl":"https:\/\/expressometro.mx\/wp-content\/uploads\/2020\/06\/642BBD3E-8578-4EAA-A5BB-8ABA6B070296.jpeg","articleSection":["Salud"],"inLanguage":"es","potentialAction":[{"@type":"CommentAction","name":"Comment","target":["https:\/\/expressometro.mx\/index.php\/2020\/06\/05\/asegura-alfredo-del-mazo-que-esfuerzo-de-los-mexiquenses-para-frenar-al-covid-19-ha-evitado-que-su-propagacion-sea-mayor\/#respond"]}]},{"@type":"WebPage","@id":"https:\/\/expressometro.mx\/index.php\/2020\/06\/05\/asegura-alfredo-del-mazo-que-esfuerzo-de-los-mexiquenses-para-frenar-al-covid-19-ha-evitado-que-su-propagacion-sea-mayor\/","url":"https:\/\/expressometro.mx\/index.php\/2020\/06\/05\/asegura-alfredo-del-mazo-que-esfuerzo-de-los-mexiquenses-para-frenar-al-covid-19-ha-evitado-que-su-propagacion-sea-mayor\/","name":"ASEGURA ALFREDO DEL MAZO QUE ESFUERZO DE LOS MEXIQUENSES PARA FRENAR AL COVID-19 HA EVITADO QUE SU PROPAGACI\u00d3N SEA MAYOR - Expresso Metropolitano","isPartOf":{"@id":"https:\/\/expressometro.mx\/#website"},"primaryImageOfPage":{"@id":"https:\/\/expressometro.mx\/index.php\/2020\/06\/05\/asegura-alfredo-del-mazo-que-esfuerzo-de-los-mexiquenses-para-frenar-al-covid-19-ha-evitado-que-su-propagacion-sea-mayor\/#primaryimage"},"image":{"@id":"https:\/\/expressometro.mx\/index.php\/2020\/06\/05\/asegura-alfredo-del-mazo-que-esfuerzo-de-los-mexiquenses-para-frenar-al-covid-19-ha-evitado-que-su-propagacion-sea-mayor\/#primaryimage"},"thumbnailUrl":"https:\/\/expressometro.mx\/wp-content\/uploads\/2020\/06\/642BBD3E-8578-4EAA-A5BB-8ABA6B070296.jpeg","datePublished":"2020-06-05T23:14:26+00:00","dateModified":"2020-06-05T23:14:27+00:00","breadcrumb":{"@id":"https:\/\/expressometro.mx\/index.php\/2020\/06\/05\/asegura-alfredo-del-mazo-que-esfuerzo-de-los-mexiquenses-para-frenar-al-covid-19-ha-evitado-que-su-propagacion-sea-mayor\/#breadcrumb"},"inLanguage":"es","potentialAction":[{"@type":"ReadAction","target":["https:\/\/expressometro.mx\/index.php\/2020\/06\/05\/asegura-alfredo-del-mazo-que-esfuerzo-de-los-mexiquenses-para-frenar-al-covid-19-ha-evitado-que-su-propagacion-sea-mayor\/"]}]},{"@type":"ImageObject","inLanguage":"es","@id":"https:\/\/expressometro.mx\/index.php\/2020\/06\/05\/asegura-alfredo-del-mazo-que-esfuerzo-de-los-mexiquenses-para-frenar-al-covid-19-ha-evitado-que-su-propagacion-sea-mayor\/#primaryimage","url":"https:\/\/expressometro.mx\/wp-content\/uploads\/2020\/06\/642BBD3E-8578-4EAA-A5BB-8ABA6B070296.jpeg","contentUrl":"https:\/\/expressometro.mx\/wp-content\/uploads\/2020\/06\/642BBD3E-8578-4EAA-A5BB-8ABA6B070296.jpeg","width":1280,"height":720},{"@type":"BreadcrumbList","@id":"https:\/\/expressometro.mx\/index.php\/2020\/06\/05\/asegura-alfredo-del-mazo-que-esfuerzo-de-los-mexiquenses-para-frenar-al-covid-19-ha-evitado-que-su-propagacion-sea-mayor\/#breadcrumb","itemListElement":[{"@type":"ListItem","position":1,"name":"Inicio","item":"https:\/\/expressometro.mx\/"},{"@type":"ListItem","position":2,"name":"ASEGURA ALFREDO DEL MAZO QUE ESFUERZO DE LOS MEXIQUENSES PARA FRENAR AL COVID-19 HA EVITADO QUE SU PROPAGACI\u00d3N SEA MAYOR"}]},{"@type":"WebSite","@id":"https:\/\/expressometro.mx\/#website","url":"https:\/\/expressometro.mx\/","name":"Expresso Metropolitano","description":"Periodismo comprometido, informaci\u00f3n, investigaci\u00f3n y an\u00e1lisis","publisher":{"@id":"https:\/\/expressometro.mx\/#organization"},"potentialAction":[{"@type":"SearchAction","target":{"@type":"EntryPoint","urlTemplate":"https:\/\/expressometro.mx\/?s={search_term_string}"},"query-input":{"@type":"PropertyValueSpecification","valueRequired":true,"valueName":"search_term_string"}}],"inLanguage":"es"},{"@type":"Organization","@id":"https:\/\/expressometro.mx\/#organization","name":"Expresso Metropolitano","url":"https:\/\/expressometro.mx\/","logo":{"@type":"ImageObject","inLanguage":"es","@id":"https:\/\/expressometro.mx\/#\/schema\/logo\/image\/","url":"https:\/\/expressometro.mx\/wp-content\/uploads\/2019\/07\/cropped-Logo-Expresso-Metropolitano-1-1.jpeg","contentUrl":"https:\/\/expressometro.mx\/wp-content\/uploads\/2019\/07\/cropped-Logo-Expresso-Metropolitano-1-1.jpeg","width":290,"height":73,"caption":"Expresso Metropolitano"},"image":{"@id":"https:\/\/expressometro.mx\/#\/schema\/logo\/image\/"}},{"@type":"Person","@id":"https:\/\/expressometro.mx\/#\/schema\/person\/efa971b4a0664db8ed5c22b1b0dd2f5d","name":"Expresso Metropolitano","image":{"@type":"ImageObject","inLanguage":"es","@id":"https:\/\/secure.gravatar.com\/avatar\/a89f802b8de18c6952f223c88d3d106e9e3679839f4e25a02f4a6cc2ae6ba3b3?s=96&d=mm&r=g","url":"https:\/\/secure.gravatar.com\/avatar\/a89f802b8de18c6952f223c88d3d106e9e3679839f4e25a02f4a6cc2ae6ba3b3?s=96&d=mm&r=g","contentUrl":"https:\/\/secure.gravatar.com\/avatar\/a89f802b8de18c6952f223c88d3d106e9e3679839f4e25a02f4a6cc2ae6ba3b3?s=96&d=mm&r=g","caption":"Expresso Metropolitano"},"url":"https:\/\/expressometro.mx\/index.php\/author\/diego\/"}]}},"amp_enabled":true,"_links":{"self":[{"href":"https:\/\/expressometro.mx\/index.php\/wp-json\/wp\/v2\/posts\/1571","targetHints":{"allow":["GET"]}}],"collection":[{"href":"https:\/\/expressometro.mx\/index.php\/wp-json\/wp\/v2\/posts"}],"about":[{"href":"https:\/\/expressometro.mx\/index.php\/wp-json\/wp\/v2\/types\/post"}],"author":[{"embeddable":true,"href":"https:\/\/expressometro.mx\/index.php\/wp-json\/wp\/v2\/users\/1"}],"replies":[{"embeddable":true,"href":"https:\/\/expressometro.mx\/index.php\/wp-json\/wp\/v2\/comments?post=1571"}],"version-history":[{"count":1,"href":"https:\/\/expressometro.mx\/index.php\/wp-json\/wp\/v2\/posts\/1571\/revisions"}],"predecessor-version":[{"id":1573,"href":"https:\/\/expressometro.mx\/index.php\/wp-json\/wp\/v2\/posts\/1571\/revisions\/1573"}],"wp:featuredmedia":[{"embeddable":true,"href":"https:\/\/expressometro.mx\/index.php\/wp-json\/wp\/v2\/media\/1572"}],"wp:attachment":[{"href":"https:\/\/expressometro.mx\/index.php\/wp-json\/wp\/v2\/media?parent=1571"}],"wp:term":[{"taxonomy":"category","embeddable":true,"href":"https:\/\/expressometro.mx\/index.php\/wp-json\/wp\/v2\/categories?post=1571"},{"taxonomy":"post_tag","embeddable":true,"href":"https:\/\/expressometro.mx\/index.php\/wp-json\/wp\/v2\/tags?post=1571"}],"curies":[{"name":"wp","href":"https:\/\/api.w.org\/{rel}","templated":true}]}}