{"id":1555,"date":"2020-05-25T18:23:24","date_gmt":"2020-05-25T23:23:24","guid":{"rendered":"http:\/\/expressometro.mx\/?p=1555"},"modified":"2020-05-25T18:23:25","modified_gmt":"2020-05-25T23:23:25","slug":"es-personal-medico-del-edomex-muestra-de-grandeza-y-esperanza-para-las-familias-mexiquenses-ante-combate-por-covid-19-alfredo-del-mazo","status":"publish","type":"post","link":"https:\/\/expressometro.mx\/index.php\/2020\/05\/25\/es-personal-medico-del-edomex-muestra-de-grandeza-y-esperanza-para-las-familias-mexiquenses-ante-combate-por-covid-19-alfredo-del-mazo\/","title":{"rendered":"ES PERSONAL M\u00c9DICO DEL EDOM\u00c9X MUESTRA DE GRANDEZA Y ESPERANZA PARA LAS FAMILIAS MEXIQUENSES ANTE COMBATE POR COVID-19: ALFREDO DEL MAZO"},"content":{"rendered":"\n<p>Por el trabajo, la entrega y el esfuerzo con el que desempe\u00f1a su labor el personal m\u00e9dico que combate la pandemia por COVID-19 en el Estado de M\u00e9xico, el Gobernador Alfredo Del Mazo Maza reconoci\u00f3 a quienes est\u00e1n en la primera l\u00ednea de combate, salvando vidas, quienes, dijo, son una muestra de grandeza en medio de la adversidad, convirti\u00e9ndose en un gesto amable que da esperanza a las familias mexiquenses.<\/p>\n\n\n\n<p>\u201cEste momento nos ha hecho recordar que nada es m\u00e1s importante que la salud, y nada es m\u00e1s valioso que el trabajo de quienes cuidan de la salud.<\/p>\n\n\n\n<p>\u201cPor eso, gracias, gracias a todos los m\u00e9dicos, a todas las enfermeras, a todo el personal del sector salud; su gran entrega, por su esfuerzo, por su gran dedicaci\u00f3n y, sobre todo, por que lo hacen con todo el coraz\u00f3n\u201d, manifest\u00f3.<\/p>\n\n\n\n<p>Del Mazo Maza, a trav\u00e9s de un mensaje que emiti\u00f3 a trav\u00e9s de redes sociales, indic\u00f3 que la pandemia ha tra\u00eddo afectaciones en lo social, econ\u00f3mico y sobre todo en la salud de las familias.<\/p>\n\n\n\n<p>Inform\u00f3 que para combatir esta pandemia, en el Estado de M\u00e9xico se increment\u00f3 la capacidad hospitalaria para poder atender a un mayor n\u00famero de pacientes, lo cual tambi\u00e9n es posible por el personal m\u00e9dico como m\u00e9dicos, enfermeras, camilleros, de quienes toman las muestras y est\u00e1n en los laboratorios, quienes est\u00e1n siempre al pendiente en la atenci\u00f3n de los enfermos, ya que han sido el primer frente de batalla.<\/p>\n\n\n\n<p>Tambi\u00e9n destac\u00f3 la labor de quienes dan atenci\u00f3n en los primeros auxilios, as\u00ed como a los que trabajan en las ambulancias, trabajadores sociales y recepcionistas de los hospitales de la entidad.<\/p>\n\n\n\n<p>En este sentido, se\u00f1al\u00f3 que la entidad se encuentra en la etapa m\u00e1s dif\u00edcil de la pandemia, tiempo que se convierte en el de mayor sacrificio por parte del personal m\u00e9dico, por el cansancio y desgaste causados por las largas jornadas laborales y por lo complicado de tener que usar el equipo de protecci\u00f3n todo el d\u00eda para evitar contagios.<\/p>\n\n\n\n<p>Adem\u00e1s de que hay personal m\u00e9dico que lleva varias semanas sin ver a sus familiares y que se exponen a riesgos en sus \u00e1reas de trabajo.<\/p>\n\n\n\n<p>\u201cSabemos de los riesgos a los que se exponen todos los d\u00edas en las \u00e1reas de trabajo; sabemos de los riesgos al trasladarse y al salir de casa, pero tambi\u00e9n sabemos que cuando se trata de salvar vidas queda de lado el cansancio, el dolor y las preocupaciones personales.<\/p>\n\n\n\n<p>\u201cReconocemos su enorme vocaci\u00f3n por ayudar, reconocemos que lo hacen con dedicaci\u00f3n, con entrega y con gran pasi\u00f3n por ayudar, reconocemos que, incluso, poniendo en riesgo su vida, hacen todo lo posible por ayudar a los enfermos y por salvar m\u00e1s vidas\u201d, afirm\u00f3.<\/p>\n\n\n\n<p>Alfredo Del Mazo a\u00f1adi\u00f3 que en estos momentos lo m\u00e1s importante es cuidar de la salud de las personas, y el esfuerzo que hace el personal del sector salud mexiquense, alienta y motiva a seguir adelante.<\/p>\n\n\n\n<figure class=\"wp-block-video\"><video height=\"480\" style=\"aspect-ratio: 640 \/ 480;\" width=\"640\" controls src=\"http:\/\/expressometro.mx\/wp-content\/uploads\/2020\/05\/IMG_1437.3gp\"><\/video><\/figure>\n","protected":false},"excerpt":{"rendered":"<p>Por el trabajo, la entrega y el esfuerzo con el que desempe\u00f1a su labor el personal m\u00e9dico que combate la pandemia por COVID-19 en el Estado de M\u00e9xico, el Gobernador Alfredo Del Mazo Maza reconoci\u00f3 a quienes est\u00e1n en la primera l\u00ednea de combate, salvando vidas, quienes, dijo, son una muestra de grandeza en medio de la adversidad, convirti\u00e9ndose en un gesto amable que da esperanza a las familias mexiquenses. \u201cEste momento nos ha hecho recordar que nada es m\u00e1s importante que la salud, y nada es m\u00e1s valioso que&hellip;<\/p>\n","protected":false},"author":1,"featured_media":1557,"comment_status":"open","ping_status":"open","sticky":false,"template":"","format":"standard","meta":{"footnotes":""},"categories":[4,5],"tags":[],"class_list":["post-1555","post","type-post","status-publish","format-standard","has-post-thumbnail","hentry","category-finanzas","category-salud"],"yoast_head":"<!-- This site is optimized with the Yoast SEO plugin v27.5 - https:\/\/yoast.com\/product\/yoast-seo-wordpress\/ -->\n<title>ES PERSONAL M\u00c9DICO DEL EDOM\u00c9X MUESTRA DE GRANDEZA Y ESPERANZA PARA LAS FAMILIAS MEXIQUENSES ANTE COMBATE POR COVID-19: ALFREDO DEL MAZO - Expresso Metropolitano<\/title>\n<meta name=\"robots\" content=\"index, follow, max-snippet:-1, max-image-preview:large, max-video-preview:-1\" \/>\n<link rel=\"canonical\" href=\"https:\/\/expressometro.mx\/index.php\/2020\/05\/25\/es-personal-medico-del-edomex-muestra-de-grandeza-y-esperanza-para-las-familias-mexiquenses-ante-combate-por-covid-19-alfredo-del-mazo\/\" \/>\n<meta property=\"og:locale\" content=\"es_MX\" \/>\n<meta property=\"og:type\" content=\"article\" \/>\n<meta property=\"og:title\" content=\"ES PERSONAL M\u00c9DICO DEL EDOM\u00c9X MUESTRA DE GRANDEZA Y ESPERANZA PARA LAS FAMILIAS MEXIQUENSES ANTE COMBATE POR COVID-19: ALFREDO DEL MAZO - Expresso Metropolitano\" \/>\n<meta property=\"og:description\" content=\"Por el trabajo, la entrega y el esfuerzo con el que desempe\u00f1a su labor el personal m\u00e9dico que combate la pandemia por COVID-19 en el Estado de M\u00e9xico, el Gobernador Alfredo Del Mazo Maza reconoci\u00f3 a quienes est\u00e1n en la primera l\u00ednea de combate, salvando vidas, quienes, dijo, son una muestra de grandeza en medio de la adversidad, convirti\u00e9ndose en un gesto amable que da esperanza a las familias mexiquenses. \u201cEste momento nos ha hecho recordar que nada es m\u00e1s importante que la salud, y nada es m\u00e1s valioso que&hellip;\" \/>\n<meta property=\"og:url\" content=\"https:\/\/expressometro.mx\/index.php\/2020\/05\/25\/es-personal-medico-del-edomex-muestra-de-grandeza-y-esperanza-para-las-familias-mexiquenses-ante-combate-por-covid-19-alfredo-del-mazo\/\" \/>\n<meta property=\"og:site_name\" content=\"Expresso Metropolitano\" \/>\n<meta property=\"article:published_time\" content=\"2020-05-25T23:23:24+00:00\" \/>\n<meta property=\"article:modified_time\" content=\"2020-05-25T23:23:25+00:00\" \/>\n<meta property=\"og:image\" content=\"https:\/\/expressometro.mx\/wp-content\/uploads\/2020\/05\/DC8C0FB1-97CE-4B8D-84FC-C5C76F752BCE.jpeg\" \/>\n\t<meta property=\"og:image:width\" content=\"1170\" \/>\n\t<meta property=\"og:image:height\" content=\"674\" \/>\n\t<meta property=\"og:image:type\" content=\"image\/jpeg\" \/>\n<meta name=\"author\" content=\"Expresso Metropolitano\" \/>\n<meta name=\"twitter:label1\" content=\"Escrito por\" \/>\n\t<meta name=\"twitter:data1\" content=\"Expresso Metropolitano\" \/>\n\t<meta name=\"twitter:label2\" content=\"Tiempo de lectura\" \/>\n\t<meta name=\"twitter:data2\" content=\"3 minutos\" \/>\n<script type=\"application\/ld+json\" class=\"yoast-schema-graph\">{\"@context\":\"https:\\\/\\\/schema.org\",\"@graph\":[{\"@type\":\"Article\",\"@id\":\"https:\\\/\\\/expressometro.mx\\\/index.php\\\/2020\\\/05\\\/25\\\/es-personal-medico-del-edomex-muestra-de-grandeza-y-esperanza-para-las-familias-mexiquenses-ante-combate-por-covid-19-alfredo-del-mazo\\\/#article\",\"isPartOf\":{\"@id\":\"https:\\\/\\\/expressometro.mx\\\/index.php\\\/2020\\\/05\\\/25\\\/es-personal-medico-del-edomex-muestra-de-grandeza-y-esperanza-para-las-familias-mexiquenses-ante-combate-por-covid-19-alfredo-del-mazo\\\/\"},\"author\":{\"name\":\"Expresso Metropolitano\",\"@id\":\"https:\\\/\\\/expressometro.mx\\\/#\\\/schema\\\/person\\\/efa971b4a0664db8ed5c22b1b0dd2f5d\"},\"headline\":\"ES PERSONAL M\u00c9DICO DEL EDOM\u00c9X MUESTRA DE GRANDEZA Y ESPERANZA PARA LAS FAMILIAS MEXIQUENSES ANTE COMBATE POR COVID-19: ALFREDO DEL MAZO\",\"datePublished\":\"2020-05-25T23:23:24+00:00\",\"dateModified\":\"2020-05-25T23:23:25+00:00\",\"mainEntityOfPage\":{\"@id\":\"https:\\\/\\\/expressometro.mx\\\/index.php\\\/2020\\\/05\\\/25\\\/es-personal-medico-del-edomex-muestra-de-grandeza-y-esperanza-para-las-familias-mexiquenses-ante-combate-por-covid-19-alfredo-del-mazo\\\/\"},\"wordCount\":551,\"commentCount\":0,\"publisher\":{\"@id\":\"https:\\\/\\\/expressometro.mx\\\/#organization\"},\"image\":{\"@id\":\"https:\\\/\\\/expressometro.mx\\\/index.php\\\/2020\\\/05\\\/25\\\/es-personal-medico-del-edomex-muestra-de-grandeza-y-esperanza-para-las-familias-mexiquenses-ante-combate-por-covid-19-alfredo-del-mazo\\\/#primaryimage\"},\"thumbnailUrl\":\"https:\\\/\\\/expressometro.mx\\\/wp-content\\\/uploads\\\/2020\\\/05\\\/DC8C0FB1-97CE-4B8D-84FC-C5C76F752BCE.jpeg\",\"articleSection\":[\"Finanzas\",\"Salud\"],\"inLanguage\":\"es\",\"potentialAction\":[{\"@type\":\"CommentAction\",\"name\":\"Comment\",\"target\":[\"https:\\\/\\\/expressometro.mx\\\/index.php\\\/2020\\\/05\\\/25\\\/es-personal-medico-del-edomex-muestra-de-grandeza-y-esperanza-para-las-familias-mexiquenses-ante-combate-por-covid-19-alfredo-del-mazo\\\/#respond\"]}]},{\"@type\":\"WebPage\",\"@id\":\"https:\\\/\\\/expressometro.mx\\\/index.php\\\/2020\\\/05\\\/25\\\/es-personal-medico-del-edomex-muestra-de-grandeza-y-esperanza-para-las-familias-mexiquenses-ante-combate-por-covid-19-alfredo-del-mazo\\\/\",\"url\":\"https:\\\/\\\/expressometro.mx\\\/index.php\\\/2020\\\/05\\\/25\\\/es-personal-medico-del-edomex-muestra-de-grandeza-y-esperanza-para-las-familias-mexiquenses-ante-combate-por-covid-19-alfredo-del-mazo\\\/\",\"name\":\"ES PERSONAL M\u00c9DICO DEL EDOM\u00c9X MUESTRA DE GRANDEZA Y ESPERANZA PARA LAS FAMILIAS MEXIQUENSES ANTE COMBATE POR COVID-19: ALFREDO DEL MAZO - Expresso Metropolitano\",\"isPartOf\":{\"@id\":\"https:\\\/\\\/expressometro.mx\\\/#website\"},\"primaryImageOfPage\":{\"@id\":\"https:\\\/\\\/expressometro.mx\\\/index.php\\\/2020\\\/05\\\/25\\\/es-personal-medico-del-edomex-muestra-de-grandeza-y-esperanza-para-las-familias-mexiquenses-ante-combate-por-covid-19-alfredo-del-mazo\\\/#primaryimage\"},\"image\":{\"@id\":\"https:\\\/\\\/expressometro.mx\\\/index.php\\\/2020\\\/05\\\/25\\\/es-personal-medico-del-edomex-muestra-de-grandeza-y-esperanza-para-las-familias-mexiquenses-ante-combate-por-covid-19-alfredo-del-mazo\\\/#primaryimage\"},\"thumbnailUrl\":\"https:\\\/\\\/expressometro.mx\\\/wp-content\\\/uploads\\\/2020\\\/05\\\/DC8C0FB1-97CE-4B8D-84FC-C5C76F752BCE.jpeg\",\"datePublished\":\"2020-05-25T23:23:24+00:00\",\"dateModified\":\"2020-05-25T23:23:25+00:00\",\"breadcrumb\":{\"@id\":\"https:\\\/\\\/expressometro.mx\\\/index.php\\\/2020\\\/05\\\/25\\\/es-personal-medico-del-edomex-muestra-de-grandeza-y-esperanza-para-las-familias-mexiquenses-ante-combate-por-covid-19-alfredo-del-mazo\\\/#breadcrumb\"},\"inLanguage\":\"es\",\"potentialAction\":[{\"@type\":\"ReadAction\",\"target\":[\"https:\\\/\\\/expressometro.mx\\\/index.php\\\/2020\\\/05\\\/25\\\/es-personal-medico-del-edomex-muestra-de-grandeza-y-esperanza-para-las-familias-mexiquenses-ante-combate-por-covid-19-alfredo-del-mazo\\\/\"]}]},{\"@type\":\"ImageObject\",\"inLanguage\":\"es\",\"@id\":\"https:\\\/\\\/expressometro.mx\\\/index.php\\\/2020\\\/05\\\/25\\\/es-personal-medico-del-edomex-muestra-de-grandeza-y-esperanza-para-las-familias-mexiquenses-ante-combate-por-covid-19-alfredo-del-mazo\\\/#primaryimage\",\"url\":\"https:\\\/\\\/expressometro.mx\\\/wp-content\\\/uploads\\\/2020\\\/05\\\/DC8C0FB1-97CE-4B8D-84FC-C5C76F752BCE.jpeg\",\"contentUrl\":\"https:\\\/\\\/expressometro.mx\\\/wp-content\\\/uploads\\\/2020\\\/05\\\/DC8C0FB1-97CE-4B8D-84FC-C5C76F752BCE.jpeg\",\"width\":1170,\"height\":674},{\"@type\":\"BreadcrumbList\",\"@id\":\"https:\\\/\\\/expressometro.mx\\\/index.php\\\/2020\\\/05\\\/25\\\/es-personal-medico-del-edomex-muestra-de-grandeza-y-esperanza-para-las-familias-mexiquenses-ante-combate-por-covid-19-alfredo-del-mazo\\\/#breadcrumb\",\"itemListElement\":[{\"@type\":\"ListItem\",\"position\":1,\"name\":\"Inicio\",\"item\":\"https:\\\/\\\/expressometro.mx\\\/\"},{\"@type\":\"ListItem\",\"position\":2,\"name\":\"ES PERSONAL M\u00c9DICO DEL EDOM\u00c9X MUESTRA DE GRANDEZA Y ESPERANZA PARA LAS FAMILIAS MEXIQUENSES ANTE COMBATE POR COVID-19: ALFREDO DEL MAZO\"}]},{\"@type\":\"WebSite\",\"@id\":\"https:\\\/\\\/expressometro.mx\\\/#website\",\"url\":\"https:\\\/\\\/expressometro.mx\\\/\",\"name\":\"Expresso Metropolitano\",\"description\":\"Periodismo comprometido, informaci\u00f3n, investigaci\u00f3n y an\u00e1lisis\",\"publisher\":{\"@id\":\"https:\\\/\\\/expressometro.mx\\\/#organization\"},\"potentialAction\":[{\"@type\":\"SearchAction\",\"target\":{\"@type\":\"EntryPoint\",\"urlTemplate\":\"https:\\\/\\\/expressometro.mx\\\/?s={search_term_string}\"},\"query-input\":{\"@type\":\"PropertyValueSpecification\",\"valueRequired\":true,\"valueName\":\"search_term_string\"}}],\"inLanguage\":\"es\"},{\"@type\":\"Organization\",\"@id\":\"https:\\\/\\\/expressometro.mx\\\/#organization\",\"name\":\"Expresso Metropolitano\",\"url\":\"https:\\\/\\\/expressometro.mx\\\/\",\"logo\":{\"@type\":\"ImageObject\",\"inLanguage\":\"es\",\"@id\":\"https:\\\/\\\/expressometro.mx\\\/#\\\/schema\\\/logo\\\/image\\\/\",\"url\":\"https:\\\/\\\/expressometro.mx\\\/wp-content\\\/uploads\\\/2019\\\/07\\\/cropped-Logo-Expresso-Metropolitano-1-1.jpeg\",\"contentUrl\":\"https:\\\/\\\/expressometro.mx\\\/wp-content\\\/uploads\\\/2019\\\/07\\\/cropped-Logo-Expresso-Metropolitano-1-1.jpeg\",\"width\":290,\"height\":73,\"caption\":\"Expresso Metropolitano\"},\"image\":{\"@id\":\"https:\\\/\\\/expressometro.mx\\\/#\\\/schema\\\/logo\\\/image\\\/\"}},{\"@type\":\"Person\",\"@id\":\"https:\\\/\\\/expressometro.mx\\\/#\\\/schema\\\/person\\\/efa971b4a0664db8ed5c22b1b0dd2f5d\",\"name\":\"Expresso Metropolitano\",\"image\":{\"@type\":\"ImageObject\",\"inLanguage\":\"es\",\"@id\":\"https:\\\/\\\/secure.gravatar.com\\\/avatar\\\/a89f802b8de18c6952f223c88d3d106e9e3679839f4e25a02f4a6cc2ae6ba3b3?s=96&d=mm&r=g\",\"url\":\"https:\\\/\\\/secure.gravatar.com\\\/avatar\\\/a89f802b8de18c6952f223c88d3d106e9e3679839f4e25a02f4a6cc2ae6ba3b3?s=96&d=mm&r=g\",\"contentUrl\":\"https:\\\/\\\/secure.gravatar.com\\\/avatar\\\/a89f802b8de18c6952f223c88d3d106e9e3679839f4e25a02f4a6cc2ae6ba3b3?s=96&d=mm&r=g\",\"caption\":\"Expresso Metropolitano\"},\"url\":\"https:\\\/\\\/expressometro.mx\\\/index.php\\\/author\\\/diego\\\/\"}]}<\/script>\n<!-- \/ Yoast SEO plugin. -->","yoast_head_json":{"title":"ES PERSONAL M\u00c9DICO DEL EDOM\u00c9X MUESTRA DE GRANDEZA Y ESPERANZA PARA LAS FAMILIAS MEXIQUENSES ANTE COMBATE POR COVID-19: ALFREDO DEL MAZO - Expresso Metropolitano","robots":{"index":"index","follow":"follow","max-snippet":"max-snippet:-1","max-image-preview":"max-image-preview:large","max-video-preview":"max-video-preview:-1"},"canonical":"https:\/\/expressometro.mx\/index.php\/2020\/05\/25\/es-personal-medico-del-edomex-muestra-de-grandeza-y-esperanza-para-las-familias-mexiquenses-ante-combate-por-covid-19-alfredo-del-mazo\/","og_locale":"es_MX","og_type":"article","og_title":"ES PERSONAL M\u00c9DICO DEL EDOM\u00c9X MUESTRA DE GRANDEZA Y ESPERANZA PARA LAS FAMILIAS MEXIQUENSES ANTE COMBATE POR COVID-19: ALFREDO DEL MAZO - Expresso Metropolitano","og_description":"Por el trabajo, la entrega y el esfuerzo con el que desempe\u00f1a su labor el personal m\u00e9dico que combate la pandemia por COVID-19 en el Estado de M\u00e9xico, el Gobernador Alfredo Del Mazo Maza reconoci\u00f3 a quienes est\u00e1n en la primera l\u00ednea de combate, salvando vidas, quienes, dijo, son una muestra de grandeza en medio de la adversidad, convirti\u00e9ndose en un gesto amable que da esperanza a las familias mexiquenses. \u201cEste momento nos ha hecho recordar que nada es m\u00e1s importante que la salud, y nada es m\u00e1s valioso que&hellip;","og_url":"https:\/\/expressometro.mx\/index.php\/2020\/05\/25\/es-personal-medico-del-edomex-muestra-de-grandeza-y-esperanza-para-las-familias-mexiquenses-ante-combate-por-covid-19-alfredo-del-mazo\/","og_site_name":"Expresso Metropolitano","article_published_time":"2020-05-25T23:23:24+00:00","article_modified_time":"2020-05-25T23:23:25+00:00","og_image":[{"width":1170,"height":674,"url":"https:\/\/expressometro.mx\/wp-content\/uploads\/2020\/05\/DC8C0FB1-97CE-4B8D-84FC-C5C76F752BCE.jpeg","type":"image\/jpeg"}],"author":"Expresso Metropolitano","twitter_misc":{"Escrito por":"Expresso Metropolitano","Tiempo de lectura":"3 minutos"},"schema":{"@context":"https:\/\/schema.org","@graph":[{"@type":"Article","@id":"https:\/\/expressometro.mx\/index.php\/2020\/05\/25\/es-personal-medico-del-edomex-muestra-de-grandeza-y-esperanza-para-las-familias-mexiquenses-ante-combate-por-covid-19-alfredo-del-mazo\/#article","isPartOf":{"@id":"https:\/\/expressometro.mx\/index.php\/2020\/05\/25\/es-personal-medico-del-edomex-muestra-de-grandeza-y-esperanza-para-las-familias-mexiquenses-ante-combate-por-covid-19-alfredo-del-mazo\/"},"author":{"name":"Expresso Metropolitano","@id":"https:\/\/expressometro.mx\/#\/schema\/person\/efa971b4a0664db8ed5c22b1b0dd2f5d"},"headline":"ES PERSONAL M\u00c9DICO DEL EDOM\u00c9X MUESTRA DE GRANDEZA Y ESPERANZA PARA LAS FAMILIAS MEXIQUENSES ANTE COMBATE POR COVID-19: ALFREDO DEL MAZO","datePublished":"2020-05-25T23:23:24+00:00","dateModified":"2020-05-25T23:23:25+00:00","mainEntityOfPage":{"@id":"https:\/\/expressometro.mx\/index.php\/2020\/05\/25\/es-personal-medico-del-edomex-muestra-de-grandeza-y-esperanza-para-las-familias-mexiquenses-ante-combate-por-covid-19-alfredo-del-mazo\/"},"wordCount":551,"commentCount":0,"publisher":{"@id":"https:\/\/expressometro.mx\/#organization"},"image":{"@id":"https:\/\/expressometro.mx\/index.php\/2020\/05\/25\/es-personal-medico-del-edomex-muestra-de-grandeza-y-esperanza-para-las-familias-mexiquenses-ante-combate-por-covid-19-alfredo-del-mazo\/#primaryimage"},"thumbnailUrl":"https:\/\/expressometro.mx\/wp-content\/uploads\/2020\/05\/DC8C0FB1-97CE-4B8D-84FC-C5C76F752BCE.jpeg","articleSection":["Finanzas","Salud"],"inLanguage":"es","potentialAction":[{"@type":"CommentAction","name":"Comment","target":["https:\/\/expressometro.mx\/index.php\/2020\/05\/25\/es-personal-medico-del-edomex-muestra-de-grandeza-y-esperanza-para-las-familias-mexiquenses-ante-combate-por-covid-19-alfredo-del-mazo\/#respond"]}]},{"@type":"WebPage","@id":"https:\/\/expressometro.mx\/index.php\/2020\/05\/25\/es-personal-medico-del-edomex-muestra-de-grandeza-y-esperanza-para-las-familias-mexiquenses-ante-combate-por-covid-19-alfredo-del-mazo\/","url":"https:\/\/expressometro.mx\/index.php\/2020\/05\/25\/es-personal-medico-del-edomex-muestra-de-grandeza-y-esperanza-para-las-familias-mexiquenses-ante-combate-por-covid-19-alfredo-del-mazo\/","name":"ES PERSONAL M\u00c9DICO DEL EDOM\u00c9X MUESTRA DE GRANDEZA Y ESPERANZA PARA LAS FAMILIAS MEXIQUENSES ANTE COMBATE POR COVID-19: ALFREDO DEL MAZO - Expresso Metropolitano","isPartOf":{"@id":"https:\/\/expressometro.mx\/#website"},"primaryImageOfPage":{"@id":"https:\/\/expressometro.mx\/index.php\/2020\/05\/25\/es-personal-medico-del-edomex-muestra-de-grandeza-y-esperanza-para-las-familias-mexiquenses-ante-combate-por-covid-19-alfredo-del-mazo\/#primaryimage"},"image":{"@id":"https:\/\/expressometro.mx\/index.php\/2020\/05\/25\/es-personal-medico-del-edomex-muestra-de-grandeza-y-esperanza-para-las-familias-mexiquenses-ante-combate-por-covid-19-alfredo-del-mazo\/#primaryimage"},"thumbnailUrl":"https:\/\/expressometro.mx\/wp-content\/uploads\/2020\/05\/DC8C0FB1-97CE-4B8D-84FC-C5C76F752BCE.jpeg","datePublished":"2020-05-25T23:23:24+00:00","dateModified":"2020-05-25T23:23:25+00:00","breadcrumb":{"@id":"https:\/\/expressometro.mx\/index.php\/2020\/05\/25\/es-personal-medico-del-edomex-muestra-de-grandeza-y-esperanza-para-las-familias-mexiquenses-ante-combate-por-covid-19-alfredo-del-mazo\/#breadcrumb"},"inLanguage":"es","potentialAction":[{"@type":"ReadAction","target":["https:\/\/expressometro.mx\/index.php\/2020\/05\/25\/es-personal-medico-del-edomex-muestra-de-grandeza-y-esperanza-para-las-familias-mexiquenses-ante-combate-por-covid-19-alfredo-del-mazo\/"]}]},{"@type":"ImageObject","inLanguage":"es","@id":"https:\/\/expressometro.mx\/index.php\/2020\/05\/25\/es-personal-medico-del-edomex-muestra-de-grandeza-y-esperanza-para-las-familias-mexiquenses-ante-combate-por-covid-19-alfredo-del-mazo\/#primaryimage","url":"https:\/\/expressometro.mx\/wp-content\/uploads\/2020\/05\/DC8C0FB1-97CE-4B8D-84FC-C5C76F752BCE.jpeg","contentUrl":"https:\/\/expressometro.mx\/wp-content\/uploads\/2020\/05\/DC8C0FB1-97CE-4B8D-84FC-C5C76F752BCE.jpeg","width":1170,"height":674},{"@type":"BreadcrumbList","@id":"https:\/\/expressometro.mx\/index.php\/2020\/05\/25\/es-personal-medico-del-edomex-muestra-de-grandeza-y-esperanza-para-las-familias-mexiquenses-ante-combate-por-covid-19-alfredo-del-mazo\/#breadcrumb","itemListElement":[{"@type":"ListItem","position":1,"name":"Inicio","item":"https:\/\/expressometro.mx\/"},{"@type":"ListItem","position":2,"name":"ES PERSONAL M\u00c9DICO DEL EDOM\u00c9X MUESTRA DE GRANDEZA Y ESPERANZA PARA LAS FAMILIAS MEXIQUENSES ANTE COMBATE POR COVID-19: ALFREDO DEL MAZO"}]},{"@type":"WebSite","@id":"https:\/\/expressometro.mx\/#website","url":"https:\/\/expressometro.mx\/","name":"Expresso Metropolitano","description":"Periodismo comprometido, informaci\u00f3n, investigaci\u00f3n y an\u00e1lisis","publisher":{"@id":"https:\/\/expressometro.mx\/#organization"},"potentialAction":[{"@type":"SearchAction","target":{"@type":"EntryPoint","urlTemplate":"https:\/\/expressometro.mx\/?s={search_term_string}"},"query-input":{"@type":"PropertyValueSpecification","valueRequired":true,"valueName":"search_term_string"}}],"inLanguage":"es"},{"@type":"Organization","@id":"https:\/\/expressometro.mx\/#organization","name":"Expresso Metropolitano","url":"https:\/\/expressometro.mx\/","logo":{"@type":"ImageObject","inLanguage":"es","@id":"https:\/\/expressometro.mx\/#\/schema\/logo\/image\/","url":"https:\/\/expressometro.mx\/wp-content\/uploads\/2019\/07\/cropped-Logo-Expresso-Metropolitano-1-1.jpeg","contentUrl":"https:\/\/expressometro.mx\/wp-content\/uploads\/2019\/07\/cropped-Logo-Expresso-Metropolitano-1-1.jpeg","width":290,"height":73,"caption":"Expresso Metropolitano"},"image":{"@id":"https:\/\/expressometro.mx\/#\/schema\/logo\/image\/"}},{"@type":"Person","@id":"https:\/\/expressometro.mx\/#\/schema\/person\/efa971b4a0664db8ed5c22b1b0dd2f5d","name":"Expresso Metropolitano","image":{"@type":"ImageObject","inLanguage":"es","@id":"https:\/\/secure.gravatar.com\/avatar\/a89f802b8de18c6952f223c88d3d106e9e3679839f4e25a02f4a6cc2ae6ba3b3?s=96&d=mm&r=g","url":"https:\/\/secure.gravatar.com\/avatar\/a89f802b8de18c6952f223c88d3d106e9e3679839f4e25a02f4a6cc2ae6ba3b3?s=96&d=mm&r=g","contentUrl":"https:\/\/secure.gravatar.com\/avatar\/a89f802b8de18c6952f223c88d3d106e9e3679839f4e25a02f4a6cc2ae6ba3b3?s=96&d=mm&r=g","caption":"Expresso Metropolitano"},"url":"https:\/\/expressometro.mx\/index.php\/author\/diego\/"}]}},"amp_enabled":true,"_links":{"self":[{"href":"https:\/\/expressometro.mx\/index.php\/wp-json\/wp\/v2\/posts\/1555","targetHints":{"allow":["GET"]}}],"collection":[{"href":"https:\/\/expressometro.mx\/index.php\/wp-json\/wp\/v2\/posts"}],"about":[{"href":"https:\/\/expressometro.mx\/index.php\/wp-json\/wp\/v2\/types\/post"}],"author":[{"embeddable":true,"href":"https:\/\/expressometro.mx\/index.php\/wp-json\/wp\/v2\/users\/1"}],"replies":[{"embeddable":true,"href":"https:\/\/expressometro.mx\/index.php\/wp-json\/wp\/v2\/comments?post=1555"}],"version-history":[{"count":1,"href":"https:\/\/expressometro.mx\/index.php\/wp-json\/wp\/v2\/posts\/1555\/revisions"}],"predecessor-version":[{"id":1558,"href":"https:\/\/expressometro.mx\/index.php\/wp-json\/wp\/v2\/posts\/1555\/revisions\/1558"}],"wp:featuredmedia":[{"embeddable":true,"href":"https:\/\/expressometro.mx\/index.php\/wp-json\/wp\/v2\/media\/1557"}],"wp:attachment":[{"href":"https:\/\/expressometro.mx\/index.php\/wp-json\/wp\/v2\/media?parent=1555"}],"wp:term":[{"taxonomy":"category","embeddable":true,"href":"https:\/\/expressometro.mx\/index.php\/wp-json\/wp\/v2\/categories?post=1555"},{"taxonomy":"post_tag","embeddable":true,"href":"https:\/\/expressometro.mx\/index.php\/wp-json\/wp\/v2\/tags?post=1555"}],"curies":[{"name":"wp","href":"https:\/\/api.w.org\/{rel}","templated":true}]}}