{"id":1545,"date":"2020-05-21T22:26:40","date_gmt":"2020-05-22T03:26:40","guid":{"rendered":"http:\/\/expressometro.mx\/?p=1545"},"modified":"2020-05-21T22:26:41","modified_gmt":"2020-05-22T03:26:41","slug":"comunican-cambios-en-integracion-de-bancadas-parlamentarias","status":"publish","type":"post","link":"https:\/\/expressometro.mx\/index.php\/2020\/05\/21\/comunican-cambios-en-integracion-de-bancadas-parlamentarias\/","title":{"rendered":"COMUNICAN CAMBIOS EN INTEGRACI\u00d3N DE BANCADAS PARLAMENTARIAS"},"content":{"rendered":"\n<p>La Diputaci\u00f3n Permanente de la LX Legislatura Mexiquense, presidida por la diputada M\u00f3nica \u00c1lvarez Nemer se dio por enterada de los comunicados del Partido del Trabajo en los que se anuncia que el diputado Luis Antonio Guadarrama S\u00e1nchez es el coordinador parlamentario en el Congreso mexiquense y que la Dip. Crista Amanda Spohn Gotzel se separa de la bancada petista para adherirse a los Diputados PAN Edom\u00e9x.<\/p>\n\n\n\n<p>El diputado Juan Maccise Naime, de Diputados PRI Estado de M\u00e9xico, y la legisladora Lul\u00fa Garay Casillas, del PES, dieron lectura a los comunicados del Grupo Parlamentario del Partido del Trabajo y de la diputada Crista Amanda Spohn, los cuales fueron dirigidos al secretario de Asuntos Parlamentarios del Poder Legislativo, Javier Dom\u00ednguez Morales.<\/p>\n","protected":false},"excerpt":{"rendered":"<p>La Diputaci\u00f3n Permanente de la LX Legislatura Mexiquense, presidida por la diputada M\u00f3nica \u00c1lvarez Nemer se dio por enterada de los comunicados del Partido del Trabajo en los que se anuncia que el diputado Luis Antonio Guadarrama S\u00e1nchez es el coordinador parlamentario en el Congreso mexiquense y que la Dip. Crista Amanda Spohn Gotzel se separa de la bancada petista para adherirse a los Diputados PAN Edom\u00e9x. El diputado Juan Maccise Naime, de Diputados PRI Estado de M\u00e9xico, y la legisladora Lul\u00fa Garay Casillas, del PES, dieron lectura a los&hellip;<\/p>\n","protected":false},"author":1,"featured_media":1546,"comment_status":"open","ping_status":"open","sticky":false,"template":"","format":"standard","meta":{"footnotes":""},"categories":[3],"tags":[],"class_list":["post-1545","post","type-post","status-publish","format-standard","has-post-thumbnail","hentry","category-gobierno"],"yoast_head":"<!-- This site is optimized with the Yoast SEO plugin v27.5 - https:\/\/yoast.com\/product\/yoast-seo-wordpress\/ -->\n<title>COMUNICAN CAMBIOS EN INTEGRACI\u00d3N DE BANCADAS PARLAMENTARIAS - Expresso Metropolitano<\/title>\n<meta name=\"robots\" content=\"index, follow, max-snippet:-1, max-image-preview:large, max-video-preview:-1\" \/>\n<link rel=\"canonical\" href=\"https:\/\/expressometro.mx\/index.php\/2020\/05\/21\/comunican-cambios-en-integracion-de-bancadas-parlamentarias\/\" \/>\n<meta property=\"og:locale\" content=\"es_MX\" \/>\n<meta property=\"og:type\" content=\"article\" \/>\n<meta property=\"og:title\" content=\"COMUNICAN CAMBIOS EN INTEGRACI\u00d3N DE BANCADAS PARLAMENTARIAS - Expresso Metropolitano\" \/>\n<meta property=\"og:description\" content=\"La Diputaci\u00f3n Permanente de la LX Legislatura Mexiquense, presidida por la diputada M\u00f3nica \u00c1lvarez Nemer se dio por enterada de los comunicados del Partido del Trabajo en los que se anuncia que el diputado Luis Antonio Guadarrama S\u00e1nchez es el coordinador parlamentario en el Congreso mexiquense y que la Dip. Crista Amanda Spohn Gotzel se separa de la bancada petista para adherirse a los Diputados PAN Edom\u00e9x. El diputado Juan Maccise Naime, de Diputados PRI Estado de M\u00e9xico, y la legisladora Lul\u00fa Garay Casillas, del PES, dieron lectura a los&hellip;\" \/>\n<meta property=\"og:url\" content=\"https:\/\/expressometro.mx\/index.php\/2020\/05\/21\/comunican-cambios-en-integracion-de-bancadas-parlamentarias\/\" \/>\n<meta property=\"og:site_name\" content=\"Expresso Metropolitano\" \/>\n<meta property=\"article:published_time\" content=\"2020-05-22T03:26:40+00:00\" \/>\n<meta property=\"article:modified_time\" content=\"2020-05-22T03:26:41+00:00\" \/>\n<meta property=\"og:image\" content=\"https:\/\/expressometro.mx\/wp-content\/uploads\/2020\/05\/089B60EB-CF16-4634-8271-08965CA473BF.jpeg\" \/>\n\t<meta property=\"og:image:width\" content=\"1024\" \/>\n\t<meta property=\"og:image:height\" content=\"683\" \/>\n\t<meta property=\"og:image:type\" content=\"image\/jpeg\" \/>\n<meta name=\"author\" content=\"Expresso Metropolitano\" \/>\n<meta name=\"twitter:label1\" content=\"Escrito por\" \/>\n\t<meta name=\"twitter:data1\" content=\"Expresso Metropolitano\" \/>\n\t<meta name=\"twitter:label2\" content=\"Tiempo de lectura\" \/>\n\t<meta name=\"twitter:data2\" content=\"1 minuto\" \/>\n<script type=\"application\/ld+json\" class=\"yoast-schema-graph\">{\"@context\":\"https:\\\/\\\/schema.org\",\"@graph\":[{\"@type\":\"Article\",\"@id\":\"https:\\\/\\\/expressometro.mx\\\/index.php\\\/2020\\\/05\\\/21\\\/comunican-cambios-en-integracion-de-bancadas-parlamentarias\\\/#article\",\"isPartOf\":{\"@id\":\"https:\\\/\\\/expressometro.mx\\\/index.php\\\/2020\\\/05\\\/21\\\/comunican-cambios-en-integracion-de-bancadas-parlamentarias\\\/\"},\"author\":{\"name\":\"Expresso Metropolitano\",\"@id\":\"https:\\\/\\\/expressometro.mx\\\/#\\\/schema\\\/person\\\/efa971b4a0664db8ed5c22b1b0dd2f5d\"},\"headline\":\"COMUNICAN CAMBIOS EN INTEGRACI\u00d3N DE BANCADAS PARLAMENTARIAS\",\"datePublished\":\"2020-05-22T03:26:40+00:00\",\"dateModified\":\"2020-05-22T03:26:41+00:00\",\"mainEntityOfPage\":{\"@id\":\"https:\\\/\\\/expressometro.mx\\\/index.php\\\/2020\\\/05\\\/21\\\/comunican-cambios-en-integracion-de-bancadas-parlamentarias\\\/\"},\"wordCount\":134,\"commentCount\":0,\"publisher\":{\"@id\":\"https:\\\/\\\/expressometro.mx\\\/#organization\"},\"image\":{\"@id\":\"https:\\\/\\\/expressometro.mx\\\/index.php\\\/2020\\\/05\\\/21\\\/comunican-cambios-en-integracion-de-bancadas-parlamentarias\\\/#primaryimage\"},\"thumbnailUrl\":\"https:\\\/\\\/expressometro.mx\\\/wp-content\\\/uploads\\\/2020\\\/05\\\/089B60EB-CF16-4634-8271-08965CA473BF.jpeg\",\"articleSection\":[\"Gobierno\"],\"inLanguage\":\"es\",\"potentialAction\":[{\"@type\":\"CommentAction\",\"name\":\"Comment\",\"target\":[\"https:\\\/\\\/expressometro.mx\\\/index.php\\\/2020\\\/05\\\/21\\\/comunican-cambios-en-integracion-de-bancadas-parlamentarias\\\/#respond\"]}]},{\"@type\":\"WebPage\",\"@id\":\"https:\\\/\\\/expressometro.mx\\\/index.php\\\/2020\\\/05\\\/21\\\/comunican-cambios-en-integracion-de-bancadas-parlamentarias\\\/\",\"url\":\"https:\\\/\\\/expressometro.mx\\\/index.php\\\/2020\\\/05\\\/21\\\/comunican-cambios-en-integracion-de-bancadas-parlamentarias\\\/\",\"name\":\"COMUNICAN CAMBIOS EN INTEGRACI\u00d3N DE BANCADAS PARLAMENTARIAS - Expresso Metropolitano\",\"isPartOf\":{\"@id\":\"https:\\\/\\\/expressometro.mx\\\/#website\"},\"primaryImageOfPage\":{\"@id\":\"https:\\\/\\\/expressometro.mx\\\/index.php\\\/2020\\\/05\\\/21\\\/comunican-cambios-en-integracion-de-bancadas-parlamentarias\\\/#primaryimage\"},\"image\":{\"@id\":\"https:\\\/\\\/expressometro.mx\\\/index.php\\\/2020\\\/05\\\/21\\\/comunican-cambios-en-integracion-de-bancadas-parlamentarias\\\/#primaryimage\"},\"thumbnailUrl\":\"https:\\\/\\\/expressometro.mx\\\/wp-content\\\/uploads\\\/2020\\\/05\\\/089B60EB-CF16-4634-8271-08965CA473BF.jpeg\",\"datePublished\":\"2020-05-22T03:26:40+00:00\",\"dateModified\":\"2020-05-22T03:26:41+00:00\",\"breadcrumb\":{\"@id\":\"https:\\\/\\\/expressometro.mx\\\/index.php\\\/2020\\\/05\\\/21\\\/comunican-cambios-en-integracion-de-bancadas-parlamentarias\\\/#breadcrumb\"},\"inLanguage\":\"es\",\"potentialAction\":[{\"@type\":\"ReadAction\",\"target\":[\"https:\\\/\\\/expressometro.mx\\\/index.php\\\/2020\\\/05\\\/21\\\/comunican-cambios-en-integracion-de-bancadas-parlamentarias\\\/\"]}]},{\"@type\":\"ImageObject\",\"inLanguage\":\"es\",\"@id\":\"https:\\\/\\\/expressometro.mx\\\/index.php\\\/2020\\\/05\\\/21\\\/comunican-cambios-en-integracion-de-bancadas-parlamentarias\\\/#primaryimage\",\"url\":\"https:\\\/\\\/expressometro.mx\\\/wp-content\\\/uploads\\\/2020\\\/05\\\/089B60EB-CF16-4634-8271-08965CA473BF.jpeg\",\"contentUrl\":\"https:\\\/\\\/expressometro.mx\\\/wp-content\\\/uploads\\\/2020\\\/05\\\/089B60EB-CF16-4634-8271-08965CA473BF.jpeg\",\"width\":1024,\"height\":683},{\"@type\":\"BreadcrumbList\",\"@id\":\"https:\\\/\\\/expressometro.mx\\\/index.php\\\/2020\\\/05\\\/21\\\/comunican-cambios-en-integracion-de-bancadas-parlamentarias\\\/#breadcrumb\",\"itemListElement\":[{\"@type\":\"ListItem\",\"position\":1,\"name\":\"Inicio\",\"item\":\"https:\\\/\\\/expressometro.mx\\\/\"},{\"@type\":\"ListItem\",\"position\":2,\"name\":\"COMUNICAN CAMBIOS EN INTEGRACI\u00d3N DE BANCADAS PARLAMENTARIAS\"}]},{\"@type\":\"WebSite\",\"@id\":\"https:\\\/\\\/expressometro.mx\\\/#website\",\"url\":\"https:\\\/\\\/expressometro.mx\\\/\",\"name\":\"Expresso Metropolitano\",\"description\":\"Periodismo comprometido, informaci\u00f3n, investigaci\u00f3n y an\u00e1lisis\",\"publisher\":{\"@id\":\"https:\\\/\\\/expressometro.mx\\\/#organization\"},\"potentialAction\":[{\"@type\":\"SearchAction\",\"target\":{\"@type\":\"EntryPoint\",\"urlTemplate\":\"https:\\\/\\\/expressometro.mx\\\/?s={search_term_string}\"},\"query-input\":{\"@type\":\"PropertyValueSpecification\",\"valueRequired\":true,\"valueName\":\"search_term_string\"}}],\"inLanguage\":\"es\"},{\"@type\":\"Organization\",\"@id\":\"https:\\\/\\\/expressometro.mx\\\/#organization\",\"name\":\"Expresso Metropolitano\",\"url\":\"https:\\\/\\\/expressometro.mx\\\/\",\"logo\":{\"@type\":\"ImageObject\",\"inLanguage\":\"es\",\"@id\":\"https:\\\/\\\/expressometro.mx\\\/#\\\/schema\\\/logo\\\/image\\\/\",\"url\":\"https:\\\/\\\/expressometro.mx\\\/wp-content\\\/uploads\\\/2019\\\/07\\\/cropped-Logo-Expresso-Metropolitano-1-1.jpeg\",\"contentUrl\":\"https:\\\/\\\/expressometro.mx\\\/wp-content\\\/uploads\\\/2019\\\/07\\\/cropped-Logo-Expresso-Metropolitano-1-1.jpeg\",\"width\":290,\"height\":73,\"caption\":\"Expresso Metropolitano\"},\"image\":{\"@id\":\"https:\\\/\\\/expressometro.mx\\\/#\\\/schema\\\/logo\\\/image\\\/\"}},{\"@type\":\"Person\",\"@id\":\"https:\\\/\\\/expressometro.mx\\\/#\\\/schema\\\/person\\\/efa971b4a0664db8ed5c22b1b0dd2f5d\",\"name\":\"Expresso Metropolitano\",\"image\":{\"@type\":\"ImageObject\",\"inLanguage\":\"es\",\"@id\":\"https:\\\/\\\/secure.gravatar.com\\\/avatar\\\/a89f802b8de18c6952f223c88d3d106e9e3679839f4e25a02f4a6cc2ae6ba3b3?s=96&d=mm&r=g\",\"url\":\"https:\\\/\\\/secure.gravatar.com\\\/avatar\\\/a89f802b8de18c6952f223c88d3d106e9e3679839f4e25a02f4a6cc2ae6ba3b3?s=96&d=mm&r=g\",\"contentUrl\":\"https:\\\/\\\/secure.gravatar.com\\\/avatar\\\/a89f802b8de18c6952f223c88d3d106e9e3679839f4e25a02f4a6cc2ae6ba3b3?s=96&d=mm&r=g\",\"caption\":\"Expresso Metropolitano\"},\"url\":\"https:\\\/\\\/expressometro.mx\\\/index.php\\\/author\\\/diego\\\/\"}]}<\/script>\n<!-- \/ Yoast SEO plugin. -->","yoast_head_json":{"title":"COMUNICAN CAMBIOS EN INTEGRACI\u00d3N DE BANCADAS PARLAMENTARIAS - Expresso Metropolitano","robots":{"index":"index","follow":"follow","max-snippet":"max-snippet:-1","max-image-preview":"max-image-preview:large","max-video-preview":"max-video-preview:-1"},"canonical":"https:\/\/expressometro.mx\/index.php\/2020\/05\/21\/comunican-cambios-en-integracion-de-bancadas-parlamentarias\/","og_locale":"es_MX","og_type":"article","og_title":"COMUNICAN CAMBIOS EN INTEGRACI\u00d3N DE BANCADAS PARLAMENTARIAS - Expresso Metropolitano","og_description":"La Diputaci\u00f3n Permanente de la LX Legislatura Mexiquense, presidida por la diputada M\u00f3nica \u00c1lvarez Nemer se dio por enterada de los comunicados del Partido del Trabajo en los que se anuncia que el diputado Luis Antonio Guadarrama S\u00e1nchez es el coordinador parlamentario en el Congreso mexiquense y que la Dip. Crista Amanda Spohn Gotzel se separa de la bancada petista para adherirse a los Diputados PAN Edom\u00e9x. El diputado Juan Maccise Naime, de Diputados PRI Estado de M\u00e9xico, y la legisladora Lul\u00fa Garay Casillas, del PES, dieron lectura a los&hellip;","og_url":"https:\/\/expressometro.mx\/index.php\/2020\/05\/21\/comunican-cambios-en-integracion-de-bancadas-parlamentarias\/","og_site_name":"Expresso Metropolitano","article_published_time":"2020-05-22T03:26:40+00:00","article_modified_time":"2020-05-22T03:26:41+00:00","og_image":[{"width":1024,"height":683,"url":"https:\/\/expressometro.mx\/wp-content\/uploads\/2020\/05\/089B60EB-CF16-4634-8271-08965CA473BF.jpeg","type":"image\/jpeg"}],"author":"Expresso Metropolitano","twitter_misc":{"Escrito por":"Expresso Metropolitano","Tiempo de lectura":"1 minuto"},"schema":{"@context":"https:\/\/schema.org","@graph":[{"@type":"Article","@id":"https:\/\/expressometro.mx\/index.php\/2020\/05\/21\/comunican-cambios-en-integracion-de-bancadas-parlamentarias\/#article","isPartOf":{"@id":"https:\/\/expressometro.mx\/index.php\/2020\/05\/21\/comunican-cambios-en-integracion-de-bancadas-parlamentarias\/"},"author":{"name":"Expresso Metropolitano","@id":"https:\/\/expressometro.mx\/#\/schema\/person\/efa971b4a0664db8ed5c22b1b0dd2f5d"},"headline":"COMUNICAN CAMBIOS EN INTEGRACI\u00d3N DE BANCADAS PARLAMENTARIAS","datePublished":"2020-05-22T03:26:40+00:00","dateModified":"2020-05-22T03:26:41+00:00","mainEntityOfPage":{"@id":"https:\/\/expressometro.mx\/index.php\/2020\/05\/21\/comunican-cambios-en-integracion-de-bancadas-parlamentarias\/"},"wordCount":134,"commentCount":0,"publisher":{"@id":"https:\/\/expressometro.mx\/#organization"},"image":{"@id":"https:\/\/expressometro.mx\/index.php\/2020\/05\/21\/comunican-cambios-en-integracion-de-bancadas-parlamentarias\/#primaryimage"},"thumbnailUrl":"https:\/\/expressometro.mx\/wp-content\/uploads\/2020\/05\/089B60EB-CF16-4634-8271-08965CA473BF.jpeg","articleSection":["Gobierno"],"inLanguage":"es","potentialAction":[{"@type":"CommentAction","name":"Comment","target":["https:\/\/expressometro.mx\/index.php\/2020\/05\/21\/comunican-cambios-en-integracion-de-bancadas-parlamentarias\/#respond"]}]},{"@type":"WebPage","@id":"https:\/\/expressometro.mx\/index.php\/2020\/05\/21\/comunican-cambios-en-integracion-de-bancadas-parlamentarias\/","url":"https:\/\/expressometro.mx\/index.php\/2020\/05\/21\/comunican-cambios-en-integracion-de-bancadas-parlamentarias\/","name":"COMUNICAN CAMBIOS EN INTEGRACI\u00d3N DE BANCADAS PARLAMENTARIAS - Expresso Metropolitano","isPartOf":{"@id":"https:\/\/expressometro.mx\/#website"},"primaryImageOfPage":{"@id":"https:\/\/expressometro.mx\/index.php\/2020\/05\/21\/comunican-cambios-en-integracion-de-bancadas-parlamentarias\/#primaryimage"},"image":{"@id":"https:\/\/expressometro.mx\/index.php\/2020\/05\/21\/comunican-cambios-en-integracion-de-bancadas-parlamentarias\/#primaryimage"},"thumbnailUrl":"https:\/\/expressometro.mx\/wp-content\/uploads\/2020\/05\/089B60EB-CF16-4634-8271-08965CA473BF.jpeg","datePublished":"2020-05-22T03:26:40+00:00","dateModified":"2020-05-22T03:26:41+00:00","breadcrumb":{"@id":"https:\/\/expressometro.mx\/index.php\/2020\/05\/21\/comunican-cambios-en-integracion-de-bancadas-parlamentarias\/#breadcrumb"},"inLanguage":"es","potentialAction":[{"@type":"ReadAction","target":["https:\/\/expressometro.mx\/index.php\/2020\/05\/21\/comunican-cambios-en-integracion-de-bancadas-parlamentarias\/"]}]},{"@type":"ImageObject","inLanguage":"es","@id":"https:\/\/expressometro.mx\/index.php\/2020\/05\/21\/comunican-cambios-en-integracion-de-bancadas-parlamentarias\/#primaryimage","url":"https:\/\/expressometro.mx\/wp-content\/uploads\/2020\/05\/089B60EB-CF16-4634-8271-08965CA473BF.jpeg","contentUrl":"https:\/\/expressometro.mx\/wp-content\/uploads\/2020\/05\/089B60EB-CF16-4634-8271-08965CA473BF.jpeg","width":1024,"height":683},{"@type":"BreadcrumbList","@id":"https:\/\/expressometro.mx\/index.php\/2020\/05\/21\/comunican-cambios-en-integracion-de-bancadas-parlamentarias\/#breadcrumb","itemListElement":[{"@type":"ListItem","position":1,"name":"Inicio","item":"https:\/\/expressometro.mx\/"},{"@type":"ListItem","position":2,"name":"COMUNICAN CAMBIOS EN INTEGRACI\u00d3N DE BANCADAS PARLAMENTARIAS"}]},{"@type":"WebSite","@id":"https:\/\/expressometro.mx\/#website","url":"https:\/\/expressometro.mx\/","name":"Expresso Metropolitano","description":"Periodismo comprometido, informaci\u00f3n, investigaci\u00f3n y an\u00e1lisis","publisher":{"@id":"https:\/\/expressometro.mx\/#organization"},"potentialAction":[{"@type":"SearchAction","target":{"@type":"EntryPoint","urlTemplate":"https:\/\/expressometro.mx\/?s={search_term_string}"},"query-input":{"@type":"PropertyValueSpecification","valueRequired":true,"valueName":"search_term_string"}}],"inLanguage":"es"},{"@type":"Organization","@id":"https:\/\/expressometro.mx\/#organization","name":"Expresso Metropolitano","url":"https:\/\/expressometro.mx\/","logo":{"@type":"ImageObject","inLanguage":"es","@id":"https:\/\/expressometro.mx\/#\/schema\/logo\/image\/","url":"https:\/\/expressometro.mx\/wp-content\/uploads\/2019\/07\/cropped-Logo-Expresso-Metropolitano-1-1.jpeg","contentUrl":"https:\/\/expressometro.mx\/wp-content\/uploads\/2019\/07\/cropped-Logo-Expresso-Metropolitano-1-1.jpeg","width":290,"height":73,"caption":"Expresso Metropolitano"},"image":{"@id":"https:\/\/expressometro.mx\/#\/schema\/logo\/image\/"}},{"@type":"Person","@id":"https:\/\/expressometro.mx\/#\/schema\/person\/efa971b4a0664db8ed5c22b1b0dd2f5d","name":"Expresso Metropolitano","image":{"@type":"ImageObject","inLanguage":"es","@id":"https:\/\/secure.gravatar.com\/avatar\/a89f802b8de18c6952f223c88d3d106e9e3679839f4e25a02f4a6cc2ae6ba3b3?s=96&d=mm&r=g","url":"https:\/\/secure.gravatar.com\/avatar\/a89f802b8de18c6952f223c88d3d106e9e3679839f4e25a02f4a6cc2ae6ba3b3?s=96&d=mm&r=g","contentUrl":"https:\/\/secure.gravatar.com\/avatar\/a89f802b8de18c6952f223c88d3d106e9e3679839f4e25a02f4a6cc2ae6ba3b3?s=96&d=mm&r=g","caption":"Expresso Metropolitano"},"url":"https:\/\/expressometro.mx\/index.php\/author\/diego\/"}]}},"amp_enabled":true,"_links":{"self":[{"href":"https:\/\/expressometro.mx\/index.php\/wp-json\/wp\/v2\/posts\/1545","targetHints":{"allow":["GET"]}}],"collection":[{"href":"https:\/\/expressometro.mx\/index.php\/wp-json\/wp\/v2\/posts"}],"about":[{"href":"https:\/\/expressometro.mx\/index.php\/wp-json\/wp\/v2\/types\/post"}],"author":[{"embeddable":true,"href":"https:\/\/expressometro.mx\/index.php\/wp-json\/wp\/v2\/users\/1"}],"replies":[{"embeddable":true,"href":"https:\/\/expressometro.mx\/index.php\/wp-json\/wp\/v2\/comments?post=1545"}],"version-history":[{"count":1,"href":"https:\/\/expressometro.mx\/index.php\/wp-json\/wp\/v2\/posts\/1545\/revisions"}],"predecessor-version":[{"id":1547,"href":"https:\/\/expressometro.mx\/index.php\/wp-json\/wp\/v2\/posts\/1545\/revisions\/1547"}],"wp:featuredmedia":[{"embeddable":true,"href":"https:\/\/expressometro.mx\/index.php\/wp-json\/wp\/v2\/media\/1546"}],"wp:attachment":[{"href":"https:\/\/expressometro.mx\/index.php\/wp-json\/wp\/v2\/media?parent=1545"}],"wp:term":[{"taxonomy":"category","embeddable":true,"href":"https:\/\/expressometro.mx\/index.php\/wp-json\/wp\/v2\/categories?post=1545"},{"taxonomy":"post_tag","embeddable":true,"href":"https:\/\/expressometro.mx\/index.php\/wp-json\/wp\/v2\/tags?post=1545"}],"curies":[{"name":"wp","href":"https:\/\/api.w.org\/{rel}","templated":true}]}}