{"id":1541,"date":"2020-05-21T18:26:03","date_gmt":"2020-05-21T23:26:03","guid":{"rendered":"http:\/\/expressometro.mx\/?p=1541"},"modified":"2020-05-21T18:26:05","modified_gmt":"2020-05-21T23:26:05","slug":"enfatiza-alfredo-del-mazo-que-plan-de-reinicio-de-actividades-no-significa-un-retorno-inmediato-sino-orden-y-estrategia-cuando-pase-fase-critica-de-pandemia","status":"publish","type":"post","link":"https:\/\/expressometro.mx\/index.php\/2020\/05\/21\/enfatiza-alfredo-del-mazo-que-plan-de-reinicio-de-actividades-no-significa-un-retorno-inmediato-sino-orden-y-estrategia-cuando-pase-fase-critica-de-pandemia\/","title":{"rendered":"ENFATIZA ALFREDO DEL MAZO QUE PLAN DE REINICIO DE ACTIVIDADES NO SIGNIFICA UN RETORNO INMEDIATO, SINO ORDEN Y ESTRATEGIA CUANDO PASE FASE CR\u00cdTICA DE PANDEMIA"},"content":{"rendered":"\n<p>El Gobernador Alfredo Del Mazo Maza afirm\u00f3 que el plan para regresar a las actividades en la entidad, una vez que pase la fase cr\u00edtica de la pandemia por COVID-19, tiene el prop\u00f3sito de establecer un reinicio ordenado, que priorice el cuidado de la salud de las personas, y aclar\u00f3 que no significa un retorno inmediato, ya que actualmente el Estado de M\u00e9xico se encuentra en la etapa de m\u00e1s contagios de esta enfermedad. <\/p>\n\n\n\n<p>&#8220;Tener un plan no significa que ya estamos en el regreso de actividades, el plan significa que hay un orden, que hay planeaci\u00f3n y que hay estrategia para poder tener un regreso seguro, cuando llegue el momento para hacerlo. <\/p>\n\n\n\n<p>&#8220;Es muy importante que recordemos que estamos en sem\u00e1foro rojo; eso quiere decir que seguimos en la etapa de mayor riesgo de contagio. El d\u00eda de ayer y antier, han sido los d\u00edas con el mayor n\u00famero de contagios y el mayor n\u00famero de muertes en todo el pa\u00eds&#8221;, recalc\u00f3. <\/p>\n\n\n\n<p>El Gobernador explic\u00f3 que es necesario que el n\u00famero de contagios y hospitalizados disminuya para regresar a las actividades, y exhort\u00f3 a la sociedad a mantener las medidas de prevenci\u00f3n, como quedarse en casa, mantener la sana distancia, usar cubrebocas al salir a la calle, entre otras.  <\/p>\n\n\n\n<p>Tambi\u00e9n record\u00f3 que en la elaboraci\u00f3n de este plan de regreso a las actividades, el Gobierno estatal trabaja en equipo con autoridades de la Ciudad de M\u00e9xico, y asegur\u00f3 que se contempla en todo momento la salud, el empleo y la econom\u00eda de las familias. <\/p>\n\n\n\n<p>&#8220;Hemos trabajado de manera conjunta con la Ciudad de M\u00e9xico en la elaboraci\u00f3n de este plan y trabajaremos de manera coordinada para ponerlo en marcha; hemos pensado en todo momento en la salud de las familias y tambi\u00e9n en la econom\u00eda familiar y en el empleo&#8221;, explic\u00f3. <\/p>\n\n\n\n<p>A trav\u00e9s de redes sociales, Alfredo Del Mazo inst\u00f3 a los mexiquenses a estar atentos y cuidar a los adultos mayores, as\u00ed como a quienes padecen diabetes, enfermedades respiratorias o hipertensi\u00f3n, ya que son los m\u00e1s propensos a sufrir graves consecuencias por el COVID-19.  <\/p>\n\n\n\n<p>Adem\u00e1s, puso a disposici\u00f3n de la ciudadan\u00eda el n\u00famero 800 900 32 00, en caso de presentar s\u00edntomas como temperatura elevada, tos seca o dificultad para respirar. <\/p>\n\n\n\n<p>Asimismo, consider\u00f3 que las \u00faltimas semanas han sido dif\u00edciles para muchas personas y reconoci\u00f3 el esfuerzo que hacen en esta etapa de aislamiento social, al tiempo de asegurar que su administraci\u00f3n trabaja para atender el mayor n\u00famero de enfermos y lograr salvar m\u00e1s vidas. <\/p>\n\n\n\n<p>&#8220;Se que han sido semanas dif\u00edciles, de angustia, de incertidumbre, de preocupaci\u00f3n e incluso de desesperaci\u00f3n. Quiero reconocer el gran esfuerzo que todos han hecho por permanecer en casa.<\/p>\n\n\n\n<p>\u201cHoy estamos en la etapa m\u00e1s dif\u00edcil y necesitamos seguir haciendo el mayor esfuerzo posible. Estoy seguro que todos juntos y en unidad, cuidando todos de todos, lo podremos hacer y saldremos adelante&#8221;, expres\u00f3. <\/p>\n\n\n\n<p>Inform\u00f3 tambi\u00e9n que, por la cantidad de casos de coronavirus, actualmente el Edom\u00e9x se encuentra en el pico de la pandemia, lo cual, explic\u00f3,  durar\u00e1 varios d\u00edas, ya que se registran  9 mil 346 casos positivos, mil 973 pacientes hospitalizados, y 563 personas han perdido la vida a la fecha.<\/p>\n\n\n\n<figure class=\"wp-block-video\"><video height=\"480\" style=\"aspect-ratio: 640 \/ 480;\" width=\"640\" controls src=\"http:\/\/expressometro.mx\/wp-content\/uploads\/2020\/05\/IMG_1189.3gp\"><\/video><\/figure>\n","protected":false},"excerpt":{"rendered":"<p>El Gobernador Alfredo Del Mazo Maza afirm\u00f3 que el plan para regresar a las actividades en la entidad, una vez que pase la fase cr\u00edtica de la pandemia por COVID-19, tiene el prop\u00f3sito de establecer un reinicio ordenado, que priorice el cuidado de la salud de las personas, y aclar\u00f3 que no significa un retorno inmediato, ya que actualmente el Estado de M\u00e9xico se encuentra en la etapa de m\u00e1s contagios de esta enfermedad. &#8220;Tener un plan no significa que ya estamos en el regreso de actividades, el plan significa&hellip;<\/p>\n","protected":false},"author":1,"featured_media":1543,"comment_status":"open","ping_status":"open","sticky":false,"template":"","format":"standard","meta":{"footnotes":""},"categories":[3,6],"tags":[],"class_list":["post-1541","post","type-post","status-publish","format-standard","has-post-thumbnail","hentry","category-gobierno","category-seguridad"],"yoast_head":"<!-- This site is optimized with the Yoast SEO plugin v27.5 - https:\/\/yoast.com\/product\/yoast-seo-wordpress\/ -->\n<title>ENFATIZA ALFREDO DEL MAZO QUE PLAN DE REINICIO DE ACTIVIDADES NO SIGNIFICA UN RETORNO INMEDIATO, SINO ORDEN Y ESTRATEGIA CUANDO PASE FASE CR\u00cdTICA DE PANDEMIA - Expresso Metropolitano<\/title>\n<meta name=\"robots\" content=\"index, follow, max-snippet:-1, max-image-preview:large, max-video-preview:-1\" \/>\n<link rel=\"canonical\" href=\"https:\/\/expressometro.mx\/index.php\/2020\/05\/21\/enfatiza-alfredo-del-mazo-que-plan-de-reinicio-de-actividades-no-significa-un-retorno-inmediato-sino-orden-y-estrategia-cuando-pase-fase-critica-de-pandemia\/\" \/>\n<meta property=\"og:locale\" content=\"es_MX\" \/>\n<meta property=\"og:type\" content=\"article\" \/>\n<meta property=\"og:title\" content=\"ENFATIZA ALFREDO DEL MAZO QUE PLAN DE REINICIO DE ACTIVIDADES NO SIGNIFICA UN RETORNO INMEDIATO, SINO ORDEN Y ESTRATEGIA CUANDO PASE FASE CR\u00cdTICA DE PANDEMIA - Expresso Metropolitano\" \/>\n<meta property=\"og:description\" content=\"El Gobernador Alfredo Del Mazo Maza afirm\u00f3 que el plan para regresar a las actividades en la entidad, una vez que pase la fase cr\u00edtica de la pandemia por COVID-19, tiene el prop\u00f3sito de establecer un reinicio ordenado, que priorice el cuidado de la salud de las personas, y aclar\u00f3 que no significa un retorno inmediato, ya que actualmente el Estado de M\u00e9xico se encuentra en la etapa de m\u00e1s contagios de esta enfermedad. &#8220;Tener un plan no significa que ya estamos en el regreso de actividades, el plan significa&hellip;\" \/>\n<meta property=\"og:url\" content=\"https:\/\/expressometro.mx\/index.php\/2020\/05\/21\/enfatiza-alfredo-del-mazo-que-plan-de-reinicio-de-actividades-no-significa-un-retorno-inmediato-sino-orden-y-estrategia-cuando-pase-fase-critica-de-pandemia\/\" \/>\n<meta property=\"og:site_name\" content=\"Expresso Metropolitano\" \/>\n<meta property=\"article:published_time\" content=\"2020-05-21T23:26:03+00:00\" \/>\n<meta property=\"article:modified_time\" content=\"2020-05-21T23:26:05+00:00\" \/>\n<meta property=\"og:image\" content=\"https:\/\/expressometro.mx\/wp-content\/uploads\/2020\/05\/FDE87982-822E-43D3-9365-74B8975CCD66.jpeg\" \/>\n\t<meta property=\"og:image:width\" content=\"1280\" \/>\n\t<meta property=\"og:image:height\" content=\"718\" \/>\n\t<meta property=\"og:image:type\" content=\"image\/jpeg\" \/>\n<meta name=\"author\" content=\"Expresso Metropolitano\" \/>\n<meta name=\"twitter:label1\" content=\"Escrito por\" \/>\n\t<meta name=\"twitter:data1\" content=\"Expresso Metropolitano\" \/>\n\t<meta name=\"twitter:label2\" content=\"Tiempo de lectura\" \/>\n\t<meta name=\"twitter:data2\" content=\"3 minutos\" \/>\n<script type=\"application\/ld+json\" class=\"yoast-schema-graph\">{\"@context\":\"https:\\\/\\\/schema.org\",\"@graph\":[{\"@type\":\"Article\",\"@id\":\"https:\\\/\\\/expressometro.mx\\\/index.php\\\/2020\\\/05\\\/21\\\/enfatiza-alfredo-del-mazo-que-plan-de-reinicio-de-actividades-no-significa-un-retorno-inmediato-sino-orden-y-estrategia-cuando-pase-fase-critica-de-pandemia\\\/#article\",\"isPartOf\":{\"@id\":\"https:\\\/\\\/expressometro.mx\\\/index.php\\\/2020\\\/05\\\/21\\\/enfatiza-alfredo-del-mazo-que-plan-de-reinicio-de-actividades-no-significa-un-retorno-inmediato-sino-orden-y-estrategia-cuando-pase-fase-critica-de-pandemia\\\/\"},\"author\":{\"name\":\"Expresso Metropolitano\",\"@id\":\"https:\\\/\\\/expressometro.mx\\\/#\\\/schema\\\/person\\\/efa971b4a0664db8ed5c22b1b0dd2f5d\"},\"headline\":\"ENFATIZA ALFREDO DEL MAZO QUE PLAN DE REINICIO DE ACTIVIDADES NO SIGNIFICA UN RETORNO INMEDIATO, SINO ORDEN Y ESTRATEGIA CUANDO PASE FASE CR\u00cdTICA DE PANDEMIA\",\"datePublished\":\"2020-05-21T23:26:03+00:00\",\"dateModified\":\"2020-05-21T23:26:05+00:00\",\"mainEntityOfPage\":{\"@id\":\"https:\\\/\\\/expressometro.mx\\\/index.php\\\/2020\\\/05\\\/21\\\/enfatiza-alfredo-del-mazo-que-plan-de-reinicio-de-actividades-no-significa-un-retorno-inmediato-sino-orden-y-estrategia-cuando-pase-fase-critica-de-pandemia\\\/\"},\"wordCount\":589,\"commentCount\":0,\"publisher\":{\"@id\":\"https:\\\/\\\/expressometro.mx\\\/#organization\"},\"image\":{\"@id\":\"https:\\\/\\\/expressometro.mx\\\/index.php\\\/2020\\\/05\\\/21\\\/enfatiza-alfredo-del-mazo-que-plan-de-reinicio-de-actividades-no-significa-un-retorno-inmediato-sino-orden-y-estrategia-cuando-pase-fase-critica-de-pandemia\\\/#primaryimage\"},\"thumbnailUrl\":\"https:\\\/\\\/expressometro.mx\\\/wp-content\\\/uploads\\\/2020\\\/05\\\/FDE87982-822E-43D3-9365-74B8975CCD66.jpeg\",\"articleSection\":[\"Gobierno\",\"Seguridad\"],\"inLanguage\":\"es\",\"potentialAction\":[{\"@type\":\"CommentAction\",\"name\":\"Comment\",\"target\":[\"https:\\\/\\\/expressometro.mx\\\/index.php\\\/2020\\\/05\\\/21\\\/enfatiza-alfredo-del-mazo-que-plan-de-reinicio-de-actividades-no-significa-un-retorno-inmediato-sino-orden-y-estrategia-cuando-pase-fase-critica-de-pandemia\\\/#respond\"]}]},{\"@type\":\"WebPage\",\"@id\":\"https:\\\/\\\/expressometro.mx\\\/index.php\\\/2020\\\/05\\\/21\\\/enfatiza-alfredo-del-mazo-que-plan-de-reinicio-de-actividades-no-significa-un-retorno-inmediato-sino-orden-y-estrategia-cuando-pase-fase-critica-de-pandemia\\\/\",\"url\":\"https:\\\/\\\/expressometro.mx\\\/index.php\\\/2020\\\/05\\\/21\\\/enfatiza-alfredo-del-mazo-que-plan-de-reinicio-de-actividades-no-significa-un-retorno-inmediato-sino-orden-y-estrategia-cuando-pase-fase-critica-de-pandemia\\\/\",\"name\":\"ENFATIZA ALFREDO DEL MAZO QUE PLAN DE REINICIO DE ACTIVIDADES NO SIGNIFICA UN RETORNO INMEDIATO, SINO ORDEN Y ESTRATEGIA CUANDO PASE FASE CR\u00cdTICA DE PANDEMIA - Expresso Metropolitano\",\"isPartOf\":{\"@id\":\"https:\\\/\\\/expressometro.mx\\\/#website\"},\"primaryImageOfPage\":{\"@id\":\"https:\\\/\\\/expressometro.mx\\\/index.php\\\/2020\\\/05\\\/21\\\/enfatiza-alfredo-del-mazo-que-plan-de-reinicio-de-actividades-no-significa-un-retorno-inmediato-sino-orden-y-estrategia-cuando-pase-fase-critica-de-pandemia\\\/#primaryimage\"},\"image\":{\"@id\":\"https:\\\/\\\/expressometro.mx\\\/index.php\\\/2020\\\/05\\\/21\\\/enfatiza-alfredo-del-mazo-que-plan-de-reinicio-de-actividades-no-significa-un-retorno-inmediato-sino-orden-y-estrategia-cuando-pase-fase-critica-de-pandemia\\\/#primaryimage\"},\"thumbnailUrl\":\"https:\\\/\\\/expressometro.mx\\\/wp-content\\\/uploads\\\/2020\\\/05\\\/FDE87982-822E-43D3-9365-74B8975CCD66.jpeg\",\"datePublished\":\"2020-05-21T23:26:03+00:00\",\"dateModified\":\"2020-05-21T23:26:05+00:00\",\"breadcrumb\":{\"@id\":\"https:\\\/\\\/expressometro.mx\\\/index.php\\\/2020\\\/05\\\/21\\\/enfatiza-alfredo-del-mazo-que-plan-de-reinicio-de-actividades-no-significa-un-retorno-inmediato-sino-orden-y-estrategia-cuando-pase-fase-critica-de-pandemia\\\/#breadcrumb\"},\"inLanguage\":\"es\",\"potentialAction\":[{\"@type\":\"ReadAction\",\"target\":[\"https:\\\/\\\/expressometro.mx\\\/index.php\\\/2020\\\/05\\\/21\\\/enfatiza-alfredo-del-mazo-que-plan-de-reinicio-de-actividades-no-significa-un-retorno-inmediato-sino-orden-y-estrategia-cuando-pase-fase-critica-de-pandemia\\\/\"]}]},{\"@type\":\"ImageObject\",\"inLanguage\":\"es\",\"@id\":\"https:\\\/\\\/expressometro.mx\\\/index.php\\\/2020\\\/05\\\/21\\\/enfatiza-alfredo-del-mazo-que-plan-de-reinicio-de-actividades-no-significa-un-retorno-inmediato-sino-orden-y-estrategia-cuando-pase-fase-critica-de-pandemia\\\/#primaryimage\",\"url\":\"https:\\\/\\\/expressometro.mx\\\/wp-content\\\/uploads\\\/2020\\\/05\\\/FDE87982-822E-43D3-9365-74B8975CCD66.jpeg\",\"contentUrl\":\"https:\\\/\\\/expressometro.mx\\\/wp-content\\\/uploads\\\/2020\\\/05\\\/FDE87982-822E-43D3-9365-74B8975CCD66.jpeg\",\"width\":1280,\"height\":718},{\"@type\":\"BreadcrumbList\",\"@id\":\"https:\\\/\\\/expressometro.mx\\\/index.php\\\/2020\\\/05\\\/21\\\/enfatiza-alfredo-del-mazo-que-plan-de-reinicio-de-actividades-no-significa-un-retorno-inmediato-sino-orden-y-estrategia-cuando-pase-fase-critica-de-pandemia\\\/#breadcrumb\",\"itemListElement\":[{\"@type\":\"ListItem\",\"position\":1,\"name\":\"Inicio\",\"item\":\"https:\\\/\\\/expressometro.mx\\\/\"},{\"@type\":\"ListItem\",\"position\":2,\"name\":\"ENFATIZA ALFREDO DEL MAZO QUE PLAN DE REINICIO DE ACTIVIDADES NO SIGNIFICA UN RETORNO INMEDIATO, SINO ORDEN Y ESTRATEGIA CUANDO PASE FASE CR\u00cdTICA DE PANDEMIA\"}]},{\"@type\":\"WebSite\",\"@id\":\"https:\\\/\\\/expressometro.mx\\\/#website\",\"url\":\"https:\\\/\\\/expressometro.mx\\\/\",\"name\":\"Expresso Metropolitano\",\"description\":\"Periodismo comprometido, informaci\u00f3n, investigaci\u00f3n y an\u00e1lisis\",\"publisher\":{\"@id\":\"https:\\\/\\\/expressometro.mx\\\/#organization\"},\"potentialAction\":[{\"@type\":\"SearchAction\",\"target\":{\"@type\":\"EntryPoint\",\"urlTemplate\":\"https:\\\/\\\/expressometro.mx\\\/?s={search_term_string}\"},\"query-input\":{\"@type\":\"PropertyValueSpecification\",\"valueRequired\":true,\"valueName\":\"search_term_string\"}}],\"inLanguage\":\"es\"},{\"@type\":\"Organization\",\"@id\":\"https:\\\/\\\/expressometro.mx\\\/#organization\",\"name\":\"Expresso Metropolitano\",\"url\":\"https:\\\/\\\/expressometro.mx\\\/\",\"logo\":{\"@type\":\"ImageObject\",\"inLanguage\":\"es\",\"@id\":\"https:\\\/\\\/expressometro.mx\\\/#\\\/schema\\\/logo\\\/image\\\/\",\"url\":\"https:\\\/\\\/expressometro.mx\\\/wp-content\\\/uploads\\\/2019\\\/07\\\/cropped-Logo-Expresso-Metropolitano-1-1.jpeg\",\"contentUrl\":\"https:\\\/\\\/expressometro.mx\\\/wp-content\\\/uploads\\\/2019\\\/07\\\/cropped-Logo-Expresso-Metropolitano-1-1.jpeg\",\"width\":290,\"height\":73,\"caption\":\"Expresso Metropolitano\"},\"image\":{\"@id\":\"https:\\\/\\\/expressometro.mx\\\/#\\\/schema\\\/logo\\\/image\\\/\"}},{\"@type\":\"Person\",\"@id\":\"https:\\\/\\\/expressometro.mx\\\/#\\\/schema\\\/person\\\/efa971b4a0664db8ed5c22b1b0dd2f5d\",\"name\":\"Expresso Metropolitano\",\"image\":{\"@type\":\"ImageObject\",\"inLanguage\":\"es\",\"@id\":\"https:\\\/\\\/secure.gravatar.com\\\/avatar\\\/a89f802b8de18c6952f223c88d3d106e9e3679839f4e25a02f4a6cc2ae6ba3b3?s=96&d=mm&r=g\",\"url\":\"https:\\\/\\\/secure.gravatar.com\\\/avatar\\\/a89f802b8de18c6952f223c88d3d106e9e3679839f4e25a02f4a6cc2ae6ba3b3?s=96&d=mm&r=g\",\"contentUrl\":\"https:\\\/\\\/secure.gravatar.com\\\/avatar\\\/a89f802b8de18c6952f223c88d3d106e9e3679839f4e25a02f4a6cc2ae6ba3b3?s=96&d=mm&r=g\",\"caption\":\"Expresso Metropolitano\"},\"url\":\"https:\\\/\\\/expressometro.mx\\\/index.php\\\/author\\\/diego\\\/\"}]}<\/script>\n<!-- \/ Yoast SEO plugin. -->","yoast_head_json":{"title":"ENFATIZA ALFREDO DEL MAZO QUE PLAN DE REINICIO DE ACTIVIDADES NO SIGNIFICA UN RETORNO INMEDIATO, SINO ORDEN Y ESTRATEGIA CUANDO PASE FASE CR\u00cdTICA DE PANDEMIA - Expresso Metropolitano","robots":{"index":"index","follow":"follow","max-snippet":"max-snippet:-1","max-image-preview":"max-image-preview:large","max-video-preview":"max-video-preview:-1"},"canonical":"https:\/\/expressometro.mx\/index.php\/2020\/05\/21\/enfatiza-alfredo-del-mazo-que-plan-de-reinicio-de-actividades-no-significa-un-retorno-inmediato-sino-orden-y-estrategia-cuando-pase-fase-critica-de-pandemia\/","og_locale":"es_MX","og_type":"article","og_title":"ENFATIZA ALFREDO DEL MAZO QUE PLAN DE REINICIO DE ACTIVIDADES NO SIGNIFICA UN RETORNO INMEDIATO, SINO ORDEN Y ESTRATEGIA CUANDO PASE FASE CR\u00cdTICA DE PANDEMIA - Expresso Metropolitano","og_description":"El Gobernador Alfredo Del Mazo Maza afirm\u00f3 que el plan para regresar a las actividades en la entidad, una vez que pase la fase cr\u00edtica de la pandemia por COVID-19, tiene el prop\u00f3sito de establecer un reinicio ordenado, que priorice el cuidado de la salud de las personas, y aclar\u00f3 que no significa un retorno inmediato, ya que actualmente el Estado de M\u00e9xico se encuentra en la etapa de m\u00e1s contagios de esta enfermedad. &#8220;Tener un plan no significa que ya estamos en el regreso de actividades, el plan significa&hellip;","og_url":"https:\/\/expressometro.mx\/index.php\/2020\/05\/21\/enfatiza-alfredo-del-mazo-que-plan-de-reinicio-de-actividades-no-significa-un-retorno-inmediato-sino-orden-y-estrategia-cuando-pase-fase-critica-de-pandemia\/","og_site_name":"Expresso Metropolitano","article_published_time":"2020-05-21T23:26:03+00:00","article_modified_time":"2020-05-21T23:26:05+00:00","og_image":[{"width":1280,"height":718,"url":"https:\/\/expressometro.mx\/wp-content\/uploads\/2020\/05\/FDE87982-822E-43D3-9365-74B8975CCD66.jpeg","type":"image\/jpeg"}],"author":"Expresso Metropolitano","twitter_misc":{"Escrito por":"Expresso Metropolitano","Tiempo de lectura":"3 minutos"},"schema":{"@context":"https:\/\/schema.org","@graph":[{"@type":"Article","@id":"https:\/\/expressometro.mx\/index.php\/2020\/05\/21\/enfatiza-alfredo-del-mazo-que-plan-de-reinicio-de-actividades-no-significa-un-retorno-inmediato-sino-orden-y-estrategia-cuando-pase-fase-critica-de-pandemia\/#article","isPartOf":{"@id":"https:\/\/expressometro.mx\/index.php\/2020\/05\/21\/enfatiza-alfredo-del-mazo-que-plan-de-reinicio-de-actividades-no-significa-un-retorno-inmediato-sino-orden-y-estrategia-cuando-pase-fase-critica-de-pandemia\/"},"author":{"name":"Expresso Metropolitano","@id":"https:\/\/expressometro.mx\/#\/schema\/person\/efa971b4a0664db8ed5c22b1b0dd2f5d"},"headline":"ENFATIZA ALFREDO DEL MAZO QUE PLAN DE REINICIO DE ACTIVIDADES NO SIGNIFICA UN RETORNO INMEDIATO, SINO ORDEN Y ESTRATEGIA CUANDO PASE FASE CR\u00cdTICA DE PANDEMIA","datePublished":"2020-05-21T23:26:03+00:00","dateModified":"2020-05-21T23:26:05+00:00","mainEntityOfPage":{"@id":"https:\/\/expressometro.mx\/index.php\/2020\/05\/21\/enfatiza-alfredo-del-mazo-que-plan-de-reinicio-de-actividades-no-significa-un-retorno-inmediato-sino-orden-y-estrategia-cuando-pase-fase-critica-de-pandemia\/"},"wordCount":589,"commentCount":0,"publisher":{"@id":"https:\/\/expressometro.mx\/#organization"},"image":{"@id":"https:\/\/expressometro.mx\/index.php\/2020\/05\/21\/enfatiza-alfredo-del-mazo-que-plan-de-reinicio-de-actividades-no-significa-un-retorno-inmediato-sino-orden-y-estrategia-cuando-pase-fase-critica-de-pandemia\/#primaryimage"},"thumbnailUrl":"https:\/\/expressometro.mx\/wp-content\/uploads\/2020\/05\/FDE87982-822E-43D3-9365-74B8975CCD66.jpeg","articleSection":["Gobierno","Seguridad"],"inLanguage":"es","potentialAction":[{"@type":"CommentAction","name":"Comment","target":["https:\/\/expressometro.mx\/index.php\/2020\/05\/21\/enfatiza-alfredo-del-mazo-que-plan-de-reinicio-de-actividades-no-significa-un-retorno-inmediato-sino-orden-y-estrategia-cuando-pase-fase-critica-de-pandemia\/#respond"]}]},{"@type":"WebPage","@id":"https:\/\/expressometro.mx\/index.php\/2020\/05\/21\/enfatiza-alfredo-del-mazo-que-plan-de-reinicio-de-actividades-no-significa-un-retorno-inmediato-sino-orden-y-estrategia-cuando-pase-fase-critica-de-pandemia\/","url":"https:\/\/expressometro.mx\/index.php\/2020\/05\/21\/enfatiza-alfredo-del-mazo-que-plan-de-reinicio-de-actividades-no-significa-un-retorno-inmediato-sino-orden-y-estrategia-cuando-pase-fase-critica-de-pandemia\/","name":"ENFATIZA ALFREDO DEL MAZO QUE PLAN DE REINICIO DE ACTIVIDADES NO SIGNIFICA UN RETORNO INMEDIATO, SINO ORDEN Y ESTRATEGIA CUANDO PASE FASE CR\u00cdTICA DE PANDEMIA - Expresso Metropolitano","isPartOf":{"@id":"https:\/\/expressometro.mx\/#website"},"primaryImageOfPage":{"@id":"https:\/\/expressometro.mx\/index.php\/2020\/05\/21\/enfatiza-alfredo-del-mazo-que-plan-de-reinicio-de-actividades-no-significa-un-retorno-inmediato-sino-orden-y-estrategia-cuando-pase-fase-critica-de-pandemia\/#primaryimage"},"image":{"@id":"https:\/\/expressometro.mx\/index.php\/2020\/05\/21\/enfatiza-alfredo-del-mazo-que-plan-de-reinicio-de-actividades-no-significa-un-retorno-inmediato-sino-orden-y-estrategia-cuando-pase-fase-critica-de-pandemia\/#primaryimage"},"thumbnailUrl":"https:\/\/expressometro.mx\/wp-content\/uploads\/2020\/05\/FDE87982-822E-43D3-9365-74B8975CCD66.jpeg","datePublished":"2020-05-21T23:26:03+00:00","dateModified":"2020-05-21T23:26:05+00:00","breadcrumb":{"@id":"https:\/\/expressometro.mx\/index.php\/2020\/05\/21\/enfatiza-alfredo-del-mazo-que-plan-de-reinicio-de-actividades-no-significa-un-retorno-inmediato-sino-orden-y-estrategia-cuando-pase-fase-critica-de-pandemia\/#breadcrumb"},"inLanguage":"es","potentialAction":[{"@type":"ReadAction","target":["https:\/\/expressometro.mx\/index.php\/2020\/05\/21\/enfatiza-alfredo-del-mazo-que-plan-de-reinicio-de-actividades-no-significa-un-retorno-inmediato-sino-orden-y-estrategia-cuando-pase-fase-critica-de-pandemia\/"]}]},{"@type":"ImageObject","inLanguage":"es","@id":"https:\/\/expressometro.mx\/index.php\/2020\/05\/21\/enfatiza-alfredo-del-mazo-que-plan-de-reinicio-de-actividades-no-significa-un-retorno-inmediato-sino-orden-y-estrategia-cuando-pase-fase-critica-de-pandemia\/#primaryimage","url":"https:\/\/expressometro.mx\/wp-content\/uploads\/2020\/05\/FDE87982-822E-43D3-9365-74B8975CCD66.jpeg","contentUrl":"https:\/\/expressometro.mx\/wp-content\/uploads\/2020\/05\/FDE87982-822E-43D3-9365-74B8975CCD66.jpeg","width":1280,"height":718},{"@type":"BreadcrumbList","@id":"https:\/\/expressometro.mx\/index.php\/2020\/05\/21\/enfatiza-alfredo-del-mazo-que-plan-de-reinicio-de-actividades-no-significa-un-retorno-inmediato-sino-orden-y-estrategia-cuando-pase-fase-critica-de-pandemia\/#breadcrumb","itemListElement":[{"@type":"ListItem","position":1,"name":"Inicio","item":"https:\/\/expressometro.mx\/"},{"@type":"ListItem","position":2,"name":"ENFATIZA ALFREDO DEL MAZO QUE PLAN DE REINICIO DE ACTIVIDADES NO SIGNIFICA UN RETORNO INMEDIATO, SINO ORDEN Y ESTRATEGIA CUANDO PASE FASE CR\u00cdTICA DE PANDEMIA"}]},{"@type":"WebSite","@id":"https:\/\/expressometro.mx\/#website","url":"https:\/\/expressometro.mx\/","name":"Expresso Metropolitano","description":"Periodismo comprometido, informaci\u00f3n, investigaci\u00f3n y an\u00e1lisis","publisher":{"@id":"https:\/\/expressometro.mx\/#organization"},"potentialAction":[{"@type":"SearchAction","target":{"@type":"EntryPoint","urlTemplate":"https:\/\/expressometro.mx\/?s={search_term_string}"},"query-input":{"@type":"PropertyValueSpecification","valueRequired":true,"valueName":"search_term_string"}}],"inLanguage":"es"},{"@type":"Organization","@id":"https:\/\/expressometro.mx\/#organization","name":"Expresso Metropolitano","url":"https:\/\/expressometro.mx\/","logo":{"@type":"ImageObject","inLanguage":"es","@id":"https:\/\/expressometro.mx\/#\/schema\/logo\/image\/","url":"https:\/\/expressometro.mx\/wp-content\/uploads\/2019\/07\/cropped-Logo-Expresso-Metropolitano-1-1.jpeg","contentUrl":"https:\/\/expressometro.mx\/wp-content\/uploads\/2019\/07\/cropped-Logo-Expresso-Metropolitano-1-1.jpeg","width":290,"height":73,"caption":"Expresso Metropolitano"},"image":{"@id":"https:\/\/expressometro.mx\/#\/schema\/logo\/image\/"}},{"@type":"Person","@id":"https:\/\/expressometro.mx\/#\/schema\/person\/efa971b4a0664db8ed5c22b1b0dd2f5d","name":"Expresso Metropolitano","image":{"@type":"ImageObject","inLanguage":"es","@id":"https:\/\/secure.gravatar.com\/avatar\/a89f802b8de18c6952f223c88d3d106e9e3679839f4e25a02f4a6cc2ae6ba3b3?s=96&d=mm&r=g","url":"https:\/\/secure.gravatar.com\/avatar\/a89f802b8de18c6952f223c88d3d106e9e3679839f4e25a02f4a6cc2ae6ba3b3?s=96&d=mm&r=g","contentUrl":"https:\/\/secure.gravatar.com\/avatar\/a89f802b8de18c6952f223c88d3d106e9e3679839f4e25a02f4a6cc2ae6ba3b3?s=96&d=mm&r=g","caption":"Expresso Metropolitano"},"url":"https:\/\/expressometro.mx\/index.php\/author\/diego\/"}]}},"amp_enabled":true,"_links":{"self":[{"href":"https:\/\/expressometro.mx\/index.php\/wp-json\/wp\/v2\/posts\/1541","targetHints":{"allow":["GET"]}}],"collection":[{"href":"https:\/\/expressometro.mx\/index.php\/wp-json\/wp\/v2\/posts"}],"about":[{"href":"https:\/\/expressometro.mx\/index.php\/wp-json\/wp\/v2\/types\/post"}],"author":[{"embeddable":true,"href":"https:\/\/expressometro.mx\/index.php\/wp-json\/wp\/v2\/users\/1"}],"replies":[{"embeddable":true,"href":"https:\/\/expressometro.mx\/index.php\/wp-json\/wp\/v2\/comments?post=1541"}],"version-history":[{"count":1,"href":"https:\/\/expressometro.mx\/index.php\/wp-json\/wp\/v2\/posts\/1541\/revisions"}],"predecessor-version":[{"id":1544,"href":"https:\/\/expressometro.mx\/index.php\/wp-json\/wp\/v2\/posts\/1541\/revisions\/1544"}],"wp:featuredmedia":[{"embeddable":true,"href":"https:\/\/expressometro.mx\/index.php\/wp-json\/wp\/v2\/media\/1543"}],"wp:attachment":[{"href":"https:\/\/expressometro.mx\/index.php\/wp-json\/wp\/v2\/media?parent=1541"}],"wp:term":[{"taxonomy":"category","embeddable":true,"href":"https:\/\/expressometro.mx\/index.php\/wp-json\/wp\/v2\/categories?post=1541"},{"taxonomy":"post_tag","embeddable":true,"href":"https:\/\/expressometro.mx\/index.php\/wp-json\/wp\/v2\/tags?post=1541"}],"curies":[{"name":"wp","href":"https:\/\/api.w.org\/{rel}","templated":true}]}}