{"id":1534,"date":"2020-05-20T18:46:23","date_gmt":"2020-05-20T23:46:23","guid":{"rendered":"http:\/\/expressometro.mx\/?p=1534"},"modified":"2020-05-20T18:46:24","modified_gmt":"2020-05-20T23:46:24","slug":"suteym-pendiente-del-bienestar-de-sus-agremiados","status":"publish","type":"post","link":"https:\/\/expressometro.mx\/index.php\/2020\/05\/20\/suteym-pendiente-del-bienestar-de-sus-agremiados\/","title":{"rendered":"SUTEYM pendiente del bienestar de sus agremiados"},"content":{"rendered":"\n<p>Al iniciar la contingencia, el SUTEYM se ha mantenido al pendiente del bienestar de sus agremiados, en especial de aquellos que no han cesado de cumplir sus labores, debido a que las actividades que realizan no pueden esperar, me refiero a nuestros compa\u00f1eros de servicios p\u00fablicos, recolecci\u00f3n de basura, organismo de agua, entre otras \u00e1reas de este tipo.<\/p>\n\n\n\n<p>En toda la entidad, hemos entregado material que se ha vuelto indispensable en los cuidados de la salud. Ahora correspondi\u00f3 otorgar el apoyo a empleados de los municipios de: Almoloya del R\u00edo, San Mateo Atenco y Santiago Tianguistenco. Proseguiremos en esta lucha, de la mano con la familia sindical, hasta que sea requerido. <\/p>\n","protected":false},"excerpt":{"rendered":"<p>Al iniciar la contingencia, el SUTEYM se ha mantenido al pendiente del bienestar de sus agremiados, en especial de aquellos que no han cesado de cumplir sus labores, debido a que las actividades que realizan no pueden esperar, me refiero a nuestros compa\u00f1eros de servicios p\u00fablicos, recolecci\u00f3n de basura, organismo de agua, entre otras \u00e1reas de este tipo. En toda la entidad, hemos entregado material que se ha vuelto indispensable en los cuidados de la salud. Ahora correspondi\u00f3 otorgar el apoyo a empleados de los municipios de: Almoloya del R\u00edo,&hellip;<\/p>\n","protected":false},"author":1,"featured_media":1535,"comment_status":"open","ping_status":"open","sticky":false,"template":"","format":"standard","meta":{"footnotes":""},"categories":[11,3,6],"tags":[],"class_list":["post-1534","post","type-post","status-publish","format-standard","has-post-thumbnail","hentry","category-cultura","category-gobierno","category-seguridad"],"yoast_head":"<!-- This site is optimized with the Yoast SEO plugin v27.5 - https:\/\/yoast.com\/product\/yoast-seo-wordpress\/ -->\n<title>SUTEYM pendiente del bienestar de sus agremiados - Expresso Metropolitano<\/title>\n<meta name=\"robots\" content=\"index, follow, max-snippet:-1, max-image-preview:large, max-video-preview:-1\" \/>\n<link rel=\"canonical\" href=\"https:\/\/expressometro.mx\/index.php\/2020\/05\/20\/suteym-pendiente-del-bienestar-de-sus-agremiados\/\" \/>\n<meta property=\"og:locale\" content=\"es_MX\" \/>\n<meta property=\"og:type\" content=\"article\" \/>\n<meta property=\"og:title\" content=\"SUTEYM pendiente del bienestar de sus agremiados - Expresso Metropolitano\" \/>\n<meta property=\"og:description\" content=\"Al iniciar la contingencia, el SUTEYM se ha mantenido al pendiente del bienestar de sus agremiados, en especial de aquellos que no han cesado de cumplir sus labores, debido a que las actividades que realizan no pueden esperar, me refiero a nuestros compa\u00f1eros de servicios p\u00fablicos, recolecci\u00f3n de basura, organismo de agua, entre otras \u00e1reas de este tipo. En toda la entidad, hemos entregado material que se ha vuelto indispensable en los cuidados de la salud. Ahora correspondi\u00f3 otorgar el apoyo a empleados de los municipios de: Almoloya del R\u00edo,&hellip;\" \/>\n<meta property=\"og:url\" content=\"https:\/\/expressometro.mx\/index.php\/2020\/05\/20\/suteym-pendiente-del-bienestar-de-sus-agremiados\/\" \/>\n<meta property=\"og:site_name\" content=\"Expresso Metropolitano\" \/>\n<meta property=\"article:published_time\" content=\"2020-05-20T23:46:23+00:00\" \/>\n<meta property=\"article:modified_time\" content=\"2020-05-20T23:46:24+00:00\" \/>\n<meta property=\"og:image\" content=\"https:\/\/expressometro.mx\/wp-content\/uploads\/2020\/05\/232BA30D-FE8F-4FC1-AE6A-BC1FCAE2B484.jpeg\" \/>\n\t<meta property=\"og:image:width\" content=\"864\" \/>\n\t<meta property=\"og:image:height\" content=\"1152\" \/>\n\t<meta property=\"og:image:type\" content=\"image\/jpeg\" \/>\n<meta name=\"author\" content=\"Expresso Metropolitano\" \/>\n<meta name=\"twitter:label1\" content=\"Escrito por\" \/>\n\t<meta name=\"twitter:data1\" content=\"Expresso Metropolitano\" \/>\n\t<meta name=\"twitter:label2\" content=\"Tiempo de lectura\" \/>\n\t<meta name=\"twitter:data2\" content=\"1 minuto\" \/>\n<script type=\"application\/ld+json\" class=\"yoast-schema-graph\">{\"@context\":\"https:\\\/\\\/schema.org\",\"@graph\":[{\"@type\":\"Article\",\"@id\":\"https:\\\/\\\/expressometro.mx\\\/index.php\\\/2020\\\/05\\\/20\\\/suteym-pendiente-del-bienestar-de-sus-agremiados\\\/#article\",\"isPartOf\":{\"@id\":\"https:\\\/\\\/expressometro.mx\\\/index.php\\\/2020\\\/05\\\/20\\\/suteym-pendiente-del-bienestar-de-sus-agremiados\\\/\"},\"author\":{\"name\":\"Expresso Metropolitano\",\"@id\":\"https:\\\/\\\/expressometro.mx\\\/#\\\/schema\\\/person\\\/efa971b4a0664db8ed5c22b1b0dd2f5d\"},\"headline\":\"SUTEYM pendiente del bienestar de sus agremiados\",\"datePublished\":\"2020-05-20T23:46:23+00:00\",\"dateModified\":\"2020-05-20T23:46:24+00:00\",\"mainEntityOfPage\":{\"@id\":\"https:\\\/\\\/expressometro.mx\\\/index.php\\\/2020\\\/05\\\/20\\\/suteym-pendiente-del-bienestar-de-sus-agremiados\\\/\"},\"wordCount\":122,\"commentCount\":0,\"publisher\":{\"@id\":\"https:\\\/\\\/expressometro.mx\\\/#organization\"},\"image\":{\"@id\":\"https:\\\/\\\/expressometro.mx\\\/index.php\\\/2020\\\/05\\\/20\\\/suteym-pendiente-del-bienestar-de-sus-agremiados\\\/#primaryimage\"},\"thumbnailUrl\":\"https:\\\/\\\/expressometro.mx\\\/wp-content\\\/uploads\\\/2020\\\/05\\\/232BA30D-FE8F-4FC1-AE6A-BC1FCAE2B484.jpeg\",\"articleSection\":[\"Cultura\",\"Gobierno\",\"Seguridad\"],\"inLanguage\":\"es\",\"potentialAction\":[{\"@type\":\"CommentAction\",\"name\":\"Comment\",\"target\":[\"https:\\\/\\\/expressometro.mx\\\/index.php\\\/2020\\\/05\\\/20\\\/suteym-pendiente-del-bienestar-de-sus-agremiados\\\/#respond\"]}]},{\"@type\":\"WebPage\",\"@id\":\"https:\\\/\\\/expressometro.mx\\\/index.php\\\/2020\\\/05\\\/20\\\/suteym-pendiente-del-bienestar-de-sus-agremiados\\\/\",\"url\":\"https:\\\/\\\/expressometro.mx\\\/index.php\\\/2020\\\/05\\\/20\\\/suteym-pendiente-del-bienestar-de-sus-agremiados\\\/\",\"name\":\"SUTEYM pendiente del bienestar de sus agremiados - Expresso Metropolitano\",\"isPartOf\":{\"@id\":\"https:\\\/\\\/expressometro.mx\\\/#website\"},\"primaryImageOfPage\":{\"@id\":\"https:\\\/\\\/expressometro.mx\\\/index.php\\\/2020\\\/05\\\/20\\\/suteym-pendiente-del-bienestar-de-sus-agremiados\\\/#primaryimage\"},\"image\":{\"@id\":\"https:\\\/\\\/expressometro.mx\\\/index.php\\\/2020\\\/05\\\/20\\\/suteym-pendiente-del-bienestar-de-sus-agremiados\\\/#primaryimage\"},\"thumbnailUrl\":\"https:\\\/\\\/expressometro.mx\\\/wp-content\\\/uploads\\\/2020\\\/05\\\/232BA30D-FE8F-4FC1-AE6A-BC1FCAE2B484.jpeg\",\"datePublished\":\"2020-05-20T23:46:23+00:00\",\"dateModified\":\"2020-05-20T23:46:24+00:00\",\"breadcrumb\":{\"@id\":\"https:\\\/\\\/expressometro.mx\\\/index.php\\\/2020\\\/05\\\/20\\\/suteym-pendiente-del-bienestar-de-sus-agremiados\\\/#breadcrumb\"},\"inLanguage\":\"es\",\"potentialAction\":[{\"@type\":\"ReadAction\",\"target\":[\"https:\\\/\\\/expressometro.mx\\\/index.php\\\/2020\\\/05\\\/20\\\/suteym-pendiente-del-bienestar-de-sus-agremiados\\\/\"]}]},{\"@type\":\"ImageObject\",\"inLanguage\":\"es\",\"@id\":\"https:\\\/\\\/expressometro.mx\\\/index.php\\\/2020\\\/05\\\/20\\\/suteym-pendiente-del-bienestar-de-sus-agremiados\\\/#primaryimage\",\"url\":\"https:\\\/\\\/expressometro.mx\\\/wp-content\\\/uploads\\\/2020\\\/05\\\/232BA30D-FE8F-4FC1-AE6A-BC1FCAE2B484.jpeg\",\"contentUrl\":\"https:\\\/\\\/expressometro.mx\\\/wp-content\\\/uploads\\\/2020\\\/05\\\/232BA30D-FE8F-4FC1-AE6A-BC1FCAE2B484.jpeg\",\"width\":864,\"height\":1152},{\"@type\":\"BreadcrumbList\",\"@id\":\"https:\\\/\\\/expressometro.mx\\\/index.php\\\/2020\\\/05\\\/20\\\/suteym-pendiente-del-bienestar-de-sus-agremiados\\\/#breadcrumb\",\"itemListElement\":[{\"@type\":\"ListItem\",\"position\":1,\"name\":\"Inicio\",\"item\":\"https:\\\/\\\/expressometro.mx\\\/\"},{\"@type\":\"ListItem\",\"position\":2,\"name\":\"SUTEYM pendiente del bienestar de sus agremiados\"}]},{\"@type\":\"WebSite\",\"@id\":\"https:\\\/\\\/expressometro.mx\\\/#website\",\"url\":\"https:\\\/\\\/expressometro.mx\\\/\",\"name\":\"Expresso Metropolitano\",\"description\":\"Periodismo comprometido, informaci\u00f3n, investigaci\u00f3n y an\u00e1lisis\",\"publisher\":{\"@id\":\"https:\\\/\\\/expressometro.mx\\\/#organization\"},\"potentialAction\":[{\"@type\":\"SearchAction\",\"target\":{\"@type\":\"EntryPoint\",\"urlTemplate\":\"https:\\\/\\\/expressometro.mx\\\/?s={search_term_string}\"},\"query-input\":{\"@type\":\"PropertyValueSpecification\",\"valueRequired\":true,\"valueName\":\"search_term_string\"}}],\"inLanguage\":\"es\"},{\"@type\":\"Organization\",\"@id\":\"https:\\\/\\\/expressometro.mx\\\/#organization\",\"name\":\"Expresso Metropolitano\",\"url\":\"https:\\\/\\\/expressometro.mx\\\/\",\"logo\":{\"@type\":\"ImageObject\",\"inLanguage\":\"es\",\"@id\":\"https:\\\/\\\/expressometro.mx\\\/#\\\/schema\\\/logo\\\/image\\\/\",\"url\":\"https:\\\/\\\/expressometro.mx\\\/wp-content\\\/uploads\\\/2019\\\/07\\\/cropped-Logo-Expresso-Metropolitano-1-1.jpeg\",\"contentUrl\":\"https:\\\/\\\/expressometro.mx\\\/wp-content\\\/uploads\\\/2019\\\/07\\\/cropped-Logo-Expresso-Metropolitano-1-1.jpeg\",\"width\":290,\"height\":73,\"caption\":\"Expresso Metropolitano\"},\"image\":{\"@id\":\"https:\\\/\\\/expressometro.mx\\\/#\\\/schema\\\/logo\\\/image\\\/\"}},{\"@type\":\"Person\",\"@id\":\"https:\\\/\\\/expressometro.mx\\\/#\\\/schema\\\/person\\\/efa971b4a0664db8ed5c22b1b0dd2f5d\",\"name\":\"Expresso Metropolitano\",\"image\":{\"@type\":\"ImageObject\",\"inLanguage\":\"es\",\"@id\":\"https:\\\/\\\/secure.gravatar.com\\\/avatar\\\/a89f802b8de18c6952f223c88d3d106e9e3679839f4e25a02f4a6cc2ae6ba3b3?s=96&d=mm&r=g\",\"url\":\"https:\\\/\\\/secure.gravatar.com\\\/avatar\\\/a89f802b8de18c6952f223c88d3d106e9e3679839f4e25a02f4a6cc2ae6ba3b3?s=96&d=mm&r=g\",\"contentUrl\":\"https:\\\/\\\/secure.gravatar.com\\\/avatar\\\/a89f802b8de18c6952f223c88d3d106e9e3679839f4e25a02f4a6cc2ae6ba3b3?s=96&d=mm&r=g\",\"caption\":\"Expresso Metropolitano\"},\"url\":\"https:\\\/\\\/expressometro.mx\\\/index.php\\\/author\\\/diego\\\/\"}]}<\/script>\n<!-- \/ Yoast SEO plugin. -->","yoast_head_json":{"title":"SUTEYM pendiente del bienestar de sus agremiados - Expresso Metropolitano","robots":{"index":"index","follow":"follow","max-snippet":"max-snippet:-1","max-image-preview":"max-image-preview:large","max-video-preview":"max-video-preview:-1"},"canonical":"https:\/\/expressometro.mx\/index.php\/2020\/05\/20\/suteym-pendiente-del-bienestar-de-sus-agremiados\/","og_locale":"es_MX","og_type":"article","og_title":"SUTEYM pendiente del bienestar de sus agremiados - Expresso Metropolitano","og_description":"Al iniciar la contingencia, el SUTEYM se ha mantenido al pendiente del bienestar de sus agremiados, en especial de aquellos que no han cesado de cumplir sus labores, debido a que las actividades que realizan no pueden esperar, me refiero a nuestros compa\u00f1eros de servicios p\u00fablicos, recolecci\u00f3n de basura, organismo de agua, entre otras \u00e1reas de este tipo. En toda la entidad, hemos entregado material que se ha vuelto indispensable en los cuidados de la salud. Ahora correspondi\u00f3 otorgar el apoyo a empleados de los municipios de: Almoloya del R\u00edo,&hellip;","og_url":"https:\/\/expressometro.mx\/index.php\/2020\/05\/20\/suteym-pendiente-del-bienestar-de-sus-agremiados\/","og_site_name":"Expresso Metropolitano","article_published_time":"2020-05-20T23:46:23+00:00","article_modified_time":"2020-05-20T23:46:24+00:00","og_image":[{"width":864,"height":1152,"url":"https:\/\/expressometro.mx\/wp-content\/uploads\/2020\/05\/232BA30D-FE8F-4FC1-AE6A-BC1FCAE2B484.jpeg","type":"image\/jpeg"}],"author":"Expresso Metropolitano","twitter_misc":{"Escrito por":"Expresso Metropolitano","Tiempo de lectura":"1 minuto"},"schema":{"@context":"https:\/\/schema.org","@graph":[{"@type":"Article","@id":"https:\/\/expressometro.mx\/index.php\/2020\/05\/20\/suteym-pendiente-del-bienestar-de-sus-agremiados\/#article","isPartOf":{"@id":"https:\/\/expressometro.mx\/index.php\/2020\/05\/20\/suteym-pendiente-del-bienestar-de-sus-agremiados\/"},"author":{"name":"Expresso Metropolitano","@id":"https:\/\/expressometro.mx\/#\/schema\/person\/efa971b4a0664db8ed5c22b1b0dd2f5d"},"headline":"SUTEYM pendiente del bienestar de sus agremiados","datePublished":"2020-05-20T23:46:23+00:00","dateModified":"2020-05-20T23:46:24+00:00","mainEntityOfPage":{"@id":"https:\/\/expressometro.mx\/index.php\/2020\/05\/20\/suteym-pendiente-del-bienestar-de-sus-agremiados\/"},"wordCount":122,"commentCount":0,"publisher":{"@id":"https:\/\/expressometro.mx\/#organization"},"image":{"@id":"https:\/\/expressometro.mx\/index.php\/2020\/05\/20\/suteym-pendiente-del-bienestar-de-sus-agremiados\/#primaryimage"},"thumbnailUrl":"https:\/\/expressometro.mx\/wp-content\/uploads\/2020\/05\/232BA30D-FE8F-4FC1-AE6A-BC1FCAE2B484.jpeg","articleSection":["Cultura","Gobierno","Seguridad"],"inLanguage":"es","potentialAction":[{"@type":"CommentAction","name":"Comment","target":["https:\/\/expressometro.mx\/index.php\/2020\/05\/20\/suteym-pendiente-del-bienestar-de-sus-agremiados\/#respond"]}]},{"@type":"WebPage","@id":"https:\/\/expressometro.mx\/index.php\/2020\/05\/20\/suteym-pendiente-del-bienestar-de-sus-agremiados\/","url":"https:\/\/expressometro.mx\/index.php\/2020\/05\/20\/suteym-pendiente-del-bienestar-de-sus-agremiados\/","name":"SUTEYM pendiente del bienestar de sus agremiados - Expresso Metropolitano","isPartOf":{"@id":"https:\/\/expressometro.mx\/#website"},"primaryImageOfPage":{"@id":"https:\/\/expressometro.mx\/index.php\/2020\/05\/20\/suteym-pendiente-del-bienestar-de-sus-agremiados\/#primaryimage"},"image":{"@id":"https:\/\/expressometro.mx\/index.php\/2020\/05\/20\/suteym-pendiente-del-bienestar-de-sus-agremiados\/#primaryimage"},"thumbnailUrl":"https:\/\/expressometro.mx\/wp-content\/uploads\/2020\/05\/232BA30D-FE8F-4FC1-AE6A-BC1FCAE2B484.jpeg","datePublished":"2020-05-20T23:46:23+00:00","dateModified":"2020-05-20T23:46:24+00:00","breadcrumb":{"@id":"https:\/\/expressometro.mx\/index.php\/2020\/05\/20\/suteym-pendiente-del-bienestar-de-sus-agremiados\/#breadcrumb"},"inLanguage":"es","potentialAction":[{"@type":"ReadAction","target":["https:\/\/expressometro.mx\/index.php\/2020\/05\/20\/suteym-pendiente-del-bienestar-de-sus-agremiados\/"]}]},{"@type":"ImageObject","inLanguage":"es","@id":"https:\/\/expressometro.mx\/index.php\/2020\/05\/20\/suteym-pendiente-del-bienestar-de-sus-agremiados\/#primaryimage","url":"https:\/\/expressometro.mx\/wp-content\/uploads\/2020\/05\/232BA30D-FE8F-4FC1-AE6A-BC1FCAE2B484.jpeg","contentUrl":"https:\/\/expressometro.mx\/wp-content\/uploads\/2020\/05\/232BA30D-FE8F-4FC1-AE6A-BC1FCAE2B484.jpeg","width":864,"height":1152},{"@type":"BreadcrumbList","@id":"https:\/\/expressometro.mx\/index.php\/2020\/05\/20\/suteym-pendiente-del-bienestar-de-sus-agremiados\/#breadcrumb","itemListElement":[{"@type":"ListItem","position":1,"name":"Inicio","item":"https:\/\/expressometro.mx\/"},{"@type":"ListItem","position":2,"name":"SUTEYM pendiente del bienestar de sus agremiados"}]},{"@type":"WebSite","@id":"https:\/\/expressometro.mx\/#website","url":"https:\/\/expressometro.mx\/","name":"Expresso Metropolitano","description":"Periodismo comprometido, informaci\u00f3n, investigaci\u00f3n y an\u00e1lisis","publisher":{"@id":"https:\/\/expressometro.mx\/#organization"},"potentialAction":[{"@type":"SearchAction","target":{"@type":"EntryPoint","urlTemplate":"https:\/\/expressometro.mx\/?s={search_term_string}"},"query-input":{"@type":"PropertyValueSpecification","valueRequired":true,"valueName":"search_term_string"}}],"inLanguage":"es"},{"@type":"Organization","@id":"https:\/\/expressometro.mx\/#organization","name":"Expresso Metropolitano","url":"https:\/\/expressometro.mx\/","logo":{"@type":"ImageObject","inLanguage":"es","@id":"https:\/\/expressometro.mx\/#\/schema\/logo\/image\/","url":"https:\/\/expressometro.mx\/wp-content\/uploads\/2019\/07\/cropped-Logo-Expresso-Metropolitano-1-1.jpeg","contentUrl":"https:\/\/expressometro.mx\/wp-content\/uploads\/2019\/07\/cropped-Logo-Expresso-Metropolitano-1-1.jpeg","width":290,"height":73,"caption":"Expresso Metropolitano"},"image":{"@id":"https:\/\/expressometro.mx\/#\/schema\/logo\/image\/"}},{"@type":"Person","@id":"https:\/\/expressometro.mx\/#\/schema\/person\/efa971b4a0664db8ed5c22b1b0dd2f5d","name":"Expresso Metropolitano","image":{"@type":"ImageObject","inLanguage":"es","@id":"https:\/\/secure.gravatar.com\/avatar\/a89f802b8de18c6952f223c88d3d106e9e3679839f4e25a02f4a6cc2ae6ba3b3?s=96&d=mm&r=g","url":"https:\/\/secure.gravatar.com\/avatar\/a89f802b8de18c6952f223c88d3d106e9e3679839f4e25a02f4a6cc2ae6ba3b3?s=96&d=mm&r=g","contentUrl":"https:\/\/secure.gravatar.com\/avatar\/a89f802b8de18c6952f223c88d3d106e9e3679839f4e25a02f4a6cc2ae6ba3b3?s=96&d=mm&r=g","caption":"Expresso Metropolitano"},"url":"https:\/\/expressometro.mx\/index.php\/author\/diego\/"}]}},"amp_enabled":true,"_links":{"self":[{"href":"https:\/\/expressometro.mx\/index.php\/wp-json\/wp\/v2\/posts\/1534","targetHints":{"allow":["GET"]}}],"collection":[{"href":"https:\/\/expressometro.mx\/index.php\/wp-json\/wp\/v2\/posts"}],"about":[{"href":"https:\/\/expressometro.mx\/index.php\/wp-json\/wp\/v2\/types\/post"}],"author":[{"embeddable":true,"href":"https:\/\/expressometro.mx\/index.php\/wp-json\/wp\/v2\/users\/1"}],"replies":[{"embeddable":true,"href":"https:\/\/expressometro.mx\/index.php\/wp-json\/wp\/v2\/comments?post=1534"}],"version-history":[{"count":1,"href":"https:\/\/expressometro.mx\/index.php\/wp-json\/wp\/v2\/posts\/1534\/revisions"}],"predecessor-version":[{"id":1536,"href":"https:\/\/expressometro.mx\/index.php\/wp-json\/wp\/v2\/posts\/1534\/revisions\/1536"}],"wp:featuredmedia":[{"embeddable":true,"href":"https:\/\/expressometro.mx\/index.php\/wp-json\/wp\/v2\/media\/1535"}],"wp:attachment":[{"href":"https:\/\/expressometro.mx\/index.php\/wp-json\/wp\/v2\/media?parent=1534"}],"wp:term":[{"taxonomy":"category","embeddable":true,"href":"https:\/\/expressometro.mx\/index.php\/wp-json\/wp\/v2\/categories?post=1534"},{"taxonomy":"post_tag","embeddable":true,"href":"https:\/\/expressometro.mx\/index.php\/wp-json\/wp\/v2\/tags?post=1534"}],"curies":[{"name":"wp","href":"https:\/\/api.w.org\/{rel}","templated":true}]}}