{"id":1521,"date":"2020-05-19T16:27:38","date_gmt":"2020-05-19T21:27:38","guid":{"rendered":"http:\/\/expressometro.mx\/?p=1521"},"modified":"2020-05-19T16:27:39","modified_gmt":"2020-05-19T21:27:39","slug":"presenta-alfredo-del-mazo-plan-que-dara-orden-y-seguridad-al-regreso-a-las-actividades-en-el-edomex","status":"publish","type":"post","link":"https:\/\/expressometro.mx\/index.php\/2020\/05\/19\/presenta-alfredo-del-mazo-plan-que-dara-orden-y-seguridad-al-regreso-a-las-actividades-en-el-edomex\/","title":{"rendered":"PRESENTA ALFREDO DEL MAZO PLAN QUE DAR\u00c1 ORDEN Y SEGURIDAD AL REGRESO A LAS ACTIVIDADES EN EL EDOM\u00c9X"},"content":{"rendered":"\n<p>El Gobernador Alfredo Del Mazo Maza dio a conocer el plan que en el Estado de M\u00e9xico se pondr\u00e1 en marcha para retomar las actividades escolares, comerciales, laborales y sociales, una vez que pase la etapa cr\u00edtica de la pandemia por COVID-19, y garantiz\u00f3 que esta estrategia dar\u00e1 orden con lineamientos enfocados en proteger la salud de los mexiquenses. <\/p>\n\n\n\n<p>&#8220;Este plan nos dar\u00e1 orden en el reinicio de actividades y tiene lineamientos espec\u00edficos para cada etapa, se estar\u00e1 publicando a partir de hoy en las p\u00e1ginas del Gobierno del estado.<\/p>\n\n\n\n<p>&#8220;Para que este plan funcione necesitamos seguirnos cuidando, es muy importante permanecer en casa porque si aumenta el ritmo de contagios no podemos avanzar en el sem\u00e1foro e incluso podemos retroceder&#8221;, recalc\u00f3. <\/p>\n\n\n\n<p>En un mensaje a trav\u00e9s de redes sociales, el mandatario mexiquense extern\u00f3 que las  etapas de este regreso se har\u00e1n con base en el sem\u00e1foro de alerta epidemiol\u00f3gica definido por el Gobierno de M\u00e9xico. <\/p>\n\n\n\n<p>Por ello, especific\u00f3 que el sem\u00e1foro en rojo marca la etapa de m\u00e1ximo contagio, y solamente se pueden realizar actividades esenciales, y detall\u00f3 que al pasar al color naranja, la fase ser\u00e1 de alto riesgo y podr\u00e1n abrir algunas actividades no esenciales; como manufactureras, comercios de venta de alimentos, servicios de hospedajes, centros y plazas comerciales, las cuales podr\u00e1n desarrollarse con un aforo m\u00e1ximo de 30 por ciento.<\/p>\n\n\n\n<p>Asimismo, explic\u00f3 que el sem\u00e1foro en amarillo marcar\u00e1 la fase de riesgo intermedio, y podr\u00e1n reiniciar los servicios profesionales de mantenimiento, talleres mec\u00e1nicos, salones de belleza, lavander\u00edas y servicios al p\u00fablico en general, que no sean de entretenimiento, y aclar\u00f3 que estas actividades y las de la fase naranja podr\u00e1n funcionar con un aforo m\u00e1ximo de 60 por ciento.<\/p>\n\n\n\n<p>El Gobernador refiri\u00f3 que cuando el sem\u00e1foro est\u00e9 en verde significar\u00e1 la etapa de bajo riesgo, que definir\u00e1 el regreso de todas las actividades, incluidas las de entretenimiento y convivencia social.<\/p>\n\n\n\n<p>&#8220;En resumen, la fase roja, s\u00f3lo actividades esenciales; en la naranja, manufactura y comercio con un aforo m\u00e1ximo del 30 por ciento; en la amarilla, se suman las actividades de servicios y se incrementa el aforo al 60 por ciento, y en la fase verde, todas las actividades, incluidas las de entretenimiento.<\/p>\n\n\n\n<p>&#8220;En todas las fases debemos mantener la sana distancia, las medidas de higiene y el uso de cubrebocas&#8221;, puntualiz\u00f3.<\/p>\n\n\n\n<p>Alfredo Del Mazo subray\u00f3 que el regreso a clases ser\u00e1 muy responsable, y por lo tanto las escuelas abrir\u00e1n cuando el sem\u00e1foro est\u00e9 en verde.<\/p>\n\n\n\n<p>Tambi\u00e9n acentu\u00f3 que el Edom\u00e9x tiene cuatro grandes regiones; el Valle de M\u00e9xico, con 59 municipios; el Valle de Toluca, con 22; la zona Norte, compuesta por 16 y la regi\u00f3n Sur con 28 municipios, y mencion\u00f3 que por sus condiciones la pandemia se comporta de maneras distintas en cada una, por lo que el regreso a las actividades debe ser acorde con las caracter\u00edsticas de cada regi\u00f3n, y, en el caso de la zona metropolitana, las acciones ser\u00e1n coordinadas con el Gobierno de la Ciudad de M\u00e9xico<\/p>\n\n\n\n<p>&#8220;Este regreso a las actividades ser\u00e1 regional, por etapas, ordenado y pensando en el empleo y en la econom\u00eda familiar. En el caso de los municipios del Valle de M\u00e9xico se har\u00e1 en coordinaci\u00f3n con la Ciudad de M\u00e9xico&#8221;, asever\u00f3. <\/p>\n\n\n\n<p>Agreg\u00f3 que en el transporte p\u00fablico seguir\u00e1 siendo obligatorio el uso del cubrebocas, y que las unidades de transporte deben respetar los l\u00edmites de ocupaci\u00f3n en cada fase, mientras que la limpieza y sanitizaci\u00f3n deben ser permanentes y el programa Hoy No circula se regularizar\u00e1 en la fase naranja.<\/p>\n\n\n\n<p>A\u00f1adi\u00f3 que las industrias que se han sumado a las actividades esenciales son construcci\u00f3n, miner\u00eda y automotriz, las cuales empezar\u00e1n actividades en estos d\u00edas, no obstante, deber\u00e1n cumplir con ciertas medidas para su apertura, como el uso obligatorio de cubrebocas, puntos de desinfecci\u00f3n, limpieza de herramientas,  toma de temperatura, protocolos de traslado de personal u horarios diferenciados de entrada y salida.<\/p>\n\n\n\n<p>Adem\u00e1s deber\u00e1n comprometerse a cuidar la salud de su personal y fomentar el cuidado de los trabajadores de toda su cadena de suministro.<\/p>\n\n\n\n<p>Del Mazo Maza tambi\u00e9n adelant\u00f3 que los espacios p\u00fablicos se abrir\u00e1n paulatinamente, en funci\u00f3n del color del sem\u00e1foro y con un porcentaje de aforo, sin embargo, recalc\u00f3 que actualmente el  sem\u00e1foro est\u00e1 en fase cr\u00edtica e insisti\u00f3 en continuar haciendo todo el esfuerzo posible por permanecer en casa y evitar la propagaci\u00f3n del coronavirus.<\/p>\n\n\n\n<figure class=\"wp-block-video\"><video height=\"480\" style=\"aspect-ratio: 640 \/ 480;\" width=\"640\" controls src=\"http:\/\/expressometro.mx\/wp-content\/uploads\/2020\/05\/IMG_1065.3gp\"><\/video><\/figure>\n","protected":false},"excerpt":{"rendered":"<p>El Gobernador Alfredo Del Mazo Maza dio a conocer el plan que en el Estado de M\u00e9xico se pondr\u00e1 en marcha para retomar las actividades escolares, comerciales, laborales y sociales, una vez que pase la etapa cr\u00edtica de la pandemia por COVID-19, y garantiz\u00f3 que esta estrategia dar\u00e1 orden con lineamientos enfocados en proteger la salud de los mexiquenses. &#8220;Este plan nos dar\u00e1 orden en el reinicio de actividades y tiene lineamientos espec\u00edficos para cada etapa, se estar\u00e1 publicando a partir de hoy en las p\u00e1ginas del Gobierno del estado.&hellip;<\/p>\n","protected":false},"author":1,"featured_media":1524,"comment_status":"open","ping_status":"open","sticky":false,"template":"","format":"standard","meta":{"footnotes":""},"categories":[1],"tags":[],"class_list":["post-1521","post","type-post","status-publish","format-standard","has-post-thumbnail","hentry","category-otros"],"yoast_head":"<!-- This site is optimized with the Yoast SEO plugin v27.5 - https:\/\/yoast.com\/product\/yoast-seo-wordpress\/ -->\n<title>PRESENTA ALFREDO DEL MAZO PLAN QUE DAR\u00c1 ORDEN Y SEGURIDAD AL REGRESO A LAS ACTIVIDADES EN EL EDOM\u00c9X - Expresso Metropolitano<\/title>\n<meta name=\"robots\" content=\"index, follow, max-snippet:-1, max-image-preview:large, max-video-preview:-1\" \/>\n<link rel=\"canonical\" href=\"https:\/\/expressometro.mx\/index.php\/2020\/05\/19\/presenta-alfredo-del-mazo-plan-que-dara-orden-y-seguridad-al-regreso-a-las-actividades-en-el-edomex\/\" \/>\n<meta property=\"og:locale\" content=\"es_MX\" \/>\n<meta property=\"og:type\" content=\"article\" \/>\n<meta property=\"og:title\" content=\"PRESENTA ALFREDO DEL MAZO PLAN QUE DAR\u00c1 ORDEN Y SEGURIDAD AL REGRESO A LAS ACTIVIDADES EN EL EDOM\u00c9X - Expresso Metropolitano\" \/>\n<meta property=\"og:description\" content=\"El Gobernador Alfredo Del Mazo Maza dio a conocer el plan que en el Estado de M\u00e9xico se pondr\u00e1 en marcha para retomar las actividades escolares, comerciales, laborales y sociales, una vez que pase la etapa cr\u00edtica de la pandemia por COVID-19, y garantiz\u00f3 que esta estrategia dar\u00e1 orden con lineamientos enfocados en proteger la salud de los mexiquenses. &#8220;Este plan nos dar\u00e1 orden en el reinicio de actividades y tiene lineamientos espec\u00edficos para cada etapa, se estar\u00e1 publicando a partir de hoy en las p\u00e1ginas del Gobierno del estado.&hellip;\" \/>\n<meta property=\"og:url\" content=\"https:\/\/expressometro.mx\/index.php\/2020\/05\/19\/presenta-alfredo-del-mazo-plan-que-dara-orden-y-seguridad-al-regreso-a-las-actividades-en-el-edomex\/\" \/>\n<meta property=\"og:site_name\" content=\"Expresso Metropolitano\" \/>\n<meta property=\"article:published_time\" content=\"2020-05-19T21:27:38+00:00\" \/>\n<meta property=\"article:modified_time\" content=\"2020-05-19T21:27:39+00:00\" \/>\n<meta property=\"og:image\" content=\"https:\/\/expressometro.mx\/wp-content\/uploads\/2020\/05\/05AD979D-C346-4E47-885A-4FCDA592FC3D.jpeg\" \/>\n\t<meta property=\"og:image:width\" content=\"1280\" \/>\n\t<meta property=\"og:image:height\" content=\"720\" \/>\n\t<meta property=\"og:image:type\" content=\"image\/jpeg\" \/>\n<meta name=\"author\" content=\"Expresso Metropolitano\" \/>\n<meta name=\"twitter:label1\" content=\"Escrito por\" \/>\n\t<meta name=\"twitter:data1\" content=\"Expresso Metropolitano\" \/>\n\t<meta name=\"twitter:label2\" content=\"Tiempo de lectura\" \/>\n\t<meta name=\"twitter:data2\" content=\"4 minutos\" \/>\n<script type=\"application\/ld+json\" class=\"yoast-schema-graph\">{\"@context\":\"https:\\\/\\\/schema.org\",\"@graph\":[{\"@type\":\"Article\",\"@id\":\"https:\\\/\\\/expressometro.mx\\\/index.php\\\/2020\\\/05\\\/19\\\/presenta-alfredo-del-mazo-plan-que-dara-orden-y-seguridad-al-regreso-a-las-actividades-en-el-edomex\\\/#article\",\"isPartOf\":{\"@id\":\"https:\\\/\\\/expressometro.mx\\\/index.php\\\/2020\\\/05\\\/19\\\/presenta-alfredo-del-mazo-plan-que-dara-orden-y-seguridad-al-regreso-a-las-actividades-en-el-edomex\\\/\"},\"author\":{\"name\":\"Expresso Metropolitano\",\"@id\":\"https:\\\/\\\/expressometro.mx\\\/#\\\/schema\\\/person\\\/efa971b4a0664db8ed5c22b1b0dd2f5d\"},\"headline\":\"PRESENTA ALFREDO DEL MAZO PLAN QUE DAR\u00c1 ORDEN Y SEGURIDAD AL REGRESO A LAS ACTIVIDADES EN EL EDOM\u00c9X\",\"datePublished\":\"2020-05-19T21:27:38+00:00\",\"dateModified\":\"2020-05-19T21:27:39+00:00\",\"mainEntityOfPage\":{\"@id\":\"https:\\\/\\\/expressometro.mx\\\/index.php\\\/2020\\\/05\\\/19\\\/presenta-alfredo-del-mazo-plan-que-dara-orden-y-seguridad-al-regreso-a-las-actividades-en-el-edomex\\\/\"},\"wordCount\":796,\"commentCount\":0,\"publisher\":{\"@id\":\"https:\\\/\\\/expressometro.mx\\\/#organization\"},\"image\":{\"@id\":\"https:\\\/\\\/expressometro.mx\\\/index.php\\\/2020\\\/05\\\/19\\\/presenta-alfredo-del-mazo-plan-que-dara-orden-y-seguridad-al-regreso-a-las-actividades-en-el-edomex\\\/#primaryimage\"},\"thumbnailUrl\":\"https:\\\/\\\/expressometro.mx\\\/wp-content\\\/uploads\\\/2020\\\/05\\\/05AD979D-C346-4E47-885A-4FCDA592FC3D.jpeg\",\"articleSection\":[\"Otros\"],\"inLanguage\":\"es\",\"potentialAction\":[{\"@type\":\"CommentAction\",\"name\":\"Comment\",\"target\":[\"https:\\\/\\\/expressometro.mx\\\/index.php\\\/2020\\\/05\\\/19\\\/presenta-alfredo-del-mazo-plan-que-dara-orden-y-seguridad-al-regreso-a-las-actividades-en-el-edomex\\\/#respond\"]}]},{\"@type\":\"WebPage\",\"@id\":\"https:\\\/\\\/expressometro.mx\\\/index.php\\\/2020\\\/05\\\/19\\\/presenta-alfredo-del-mazo-plan-que-dara-orden-y-seguridad-al-regreso-a-las-actividades-en-el-edomex\\\/\",\"url\":\"https:\\\/\\\/expressometro.mx\\\/index.php\\\/2020\\\/05\\\/19\\\/presenta-alfredo-del-mazo-plan-que-dara-orden-y-seguridad-al-regreso-a-las-actividades-en-el-edomex\\\/\",\"name\":\"PRESENTA ALFREDO DEL MAZO PLAN QUE DAR\u00c1 ORDEN Y SEGURIDAD AL REGRESO A LAS ACTIVIDADES EN EL EDOM\u00c9X - Expresso Metropolitano\",\"isPartOf\":{\"@id\":\"https:\\\/\\\/expressometro.mx\\\/#website\"},\"primaryImageOfPage\":{\"@id\":\"https:\\\/\\\/expressometro.mx\\\/index.php\\\/2020\\\/05\\\/19\\\/presenta-alfredo-del-mazo-plan-que-dara-orden-y-seguridad-al-regreso-a-las-actividades-en-el-edomex\\\/#primaryimage\"},\"image\":{\"@id\":\"https:\\\/\\\/expressometro.mx\\\/index.php\\\/2020\\\/05\\\/19\\\/presenta-alfredo-del-mazo-plan-que-dara-orden-y-seguridad-al-regreso-a-las-actividades-en-el-edomex\\\/#primaryimage\"},\"thumbnailUrl\":\"https:\\\/\\\/expressometro.mx\\\/wp-content\\\/uploads\\\/2020\\\/05\\\/05AD979D-C346-4E47-885A-4FCDA592FC3D.jpeg\",\"datePublished\":\"2020-05-19T21:27:38+00:00\",\"dateModified\":\"2020-05-19T21:27:39+00:00\",\"breadcrumb\":{\"@id\":\"https:\\\/\\\/expressometro.mx\\\/index.php\\\/2020\\\/05\\\/19\\\/presenta-alfredo-del-mazo-plan-que-dara-orden-y-seguridad-al-regreso-a-las-actividades-en-el-edomex\\\/#breadcrumb\"},\"inLanguage\":\"es\",\"potentialAction\":[{\"@type\":\"ReadAction\",\"target\":[\"https:\\\/\\\/expressometro.mx\\\/index.php\\\/2020\\\/05\\\/19\\\/presenta-alfredo-del-mazo-plan-que-dara-orden-y-seguridad-al-regreso-a-las-actividades-en-el-edomex\\\/\"]}]},{\"@type\":\"ImageObject\",\"inLanguage\":\"es\",\"@id\":\"https:\\\/\\\/expressometro.mx\\\/index.php\\\/2020\\\/05\\\/19\\\/presenta-alfredo-del-mazo-plan-que-dara-orden-y-seguridad-al-regreso-a-las-actividades-en-el-edomex\\\/#primaryimage\",\"url\":\"https:\\\/\\\/expressometro.mx\\\/wp-content\\\/uploads\\\/2020\\\/05\\\/05AD979D-C346-4E47-885A-4FCDA592FC3D.jpeg\",\"contentUrl\":\"https:\\\/\\\/expressometro.mx\\\/wp-content\\\/uploads\\\/2020\\\/05\\\/05AD979D-C346-4E47-885A-4FCDA592FC3D.jpeg\",\"width\":1280,\"height\":720},{\"@type\":\"BreadcrumbList\",\"@id\":\"https:\\\/\\\/expressometro.mx\\\/index.php\\\/2020\\\/05\\\/19\\\/presenta-alfredo-del-mazo-plan-que-dara-orden-y-seguridad-al-regreso-a-las-actividades-en-el-edomex\\\/#breadcrumb\",\"itemListElement\":[{\"@type\":\"ListItem\",\"position\":1,\"name\":\"Inicio\",\"item\":\"https:\\\/\\\/expressometro.mx\\\/\"},{\"@type\":\"ListItem\",\"position\":2,\"name\":\"PRESENTA ALFREDO DEL MAZO PLAN QUE DAR\u00c1 ORDEN Y SEGURIDAD AL REGRESO A LAS ACTIVIDADES EN EL EDOM\u00c9X\"}]},{\"@type\":\"WebSite\",\"@id\":\"https:\\\/\\\/expressometro.mx\\\/#website\",\"url\":\"https:\\\/\\\/expressometro.mx\\\/\",\"name\":\"Expresso Metropolitano\",\"description\":\"Periodismo comprometido, informaci\u00f3n, investigaci\u00f3n y an\u00e1lisis\",\"publisher\":{\"@id\":\"https:\\\/\\\/expressometro.mx\\\/#organization\"},\"potentialAction\":[{\"@type\":\"SearchAction\",\"target\":{\"@type\":\"EntryPoint\",\"urlTemplate\":\"https:\\\/\\\/expressometro.mx\\\/?s={search_term_string}\"},\"query-input\":{\"@type\":\"PropertyValueSpecification\",\"valueRequired\":true,\"valueName\":\"search_term_string\"}}],\"inLanguage\":\"es\"},{\"@type\":\"Organization\",\"@id\":\"https:\\\/\\\/expressometro.mx\\\/#organization\",\"name\":\"Expresso Metropolitano\",\"url\":\"https:\\\/\\\/expressometro.mx\\\/\",\"logo\":{\"@type\":\"ImageObject\",\"inLanguage\":\"es\",\"@id\":\"https:\\\/\\\/expressometro.mx\\\/#\\\/schema\\\/logo\\\/image\\\/\",\"url\":\"https:\\\/\\\/expressometro.mx\\\/wp-content\\\/uploads\\\/2019\\\/07\\\/cropped-Logo-Expresso-Metropolitano-1-1.jpeg\",\"contentUrl\":\"https:\\\/\\\/expressometro.mx\\\/wp-content\\\/uploads\\\/2019\\\/07\\\/cropped-Logo-Expresso-Metropolitano-1-1.jpeg\",\"width\":290,\"height\":73,\"caption\":\"Expresso Metropolitano\"},\"image\":{\"@id\":\"https:\\\/\\\/expressometro.mx\\\/#\\\/schema\\\/logo\\\/image\\\/\"}},{\"@type\":\"Person\",\"@id\":\"https:\\\/\\\/expressometro.mx\\\/#\\\/schema\\\/person\\\/efa971b4a0664db8ed5c22b1b0dd2f5d\",\"name\":\"Expresso Metropolitano\",\"image\":{\"@type\":\"ImageObject\",\"inLanguage\":\"es\",\"@id\":\"https:\\\/\\\/secure.gravatar.com\\\/avatar\\\/a89f802b8de18c6952f223c88d3d106e9e3679839f4e25a02f4a6cc2ae6ba3b3?s=96&d=mm&r=g\",\"url\":\"https:\\\/\\\/secure.gravatar.com\\\/avatar\\\/a89f802b8de18c6952f223c88d3d106e9e3679839f4e25a02f4a6cc2ae6ba3b3?s=96&d=mm&r=g\",\"contentUrl\":\"https:\\\/\\\/secure.gravatar.com\\\/avatar\\\/a89f802b8de18c6952f223c88d3d106e9e3679839f4e25a02f4a6cc2ae6ba3b3?s=96&d=mm&r=g\",\"caption\":\"Expresso Metropolitano\"},\"url\":\"https:\\\/\\\/expressometro.mx\\\/index.php\\\/author\\\/diego\\\/\"}]}<\/script>\n<!-- \/ Yoast SEO plugin. -->","yoast_head_json":{"title":"PRESENTA ALFREDO DEL MAZO PLAN QUE DAR\u00c1 ORDEN Y SEGURIDAD AL REGRESO A LAS ACTIVIDADES EN EL EDOM\u00c9X - Expresso Metropolitano","robots":{"index":"index","follow":"follow","max-snippet":"max-snippet:-1","max-image-preview":"max-image-preview:large","max-video-preview":"max-video-preview:-1"},"canonical":"https:\/\/expressometro.mx\/index.php\/2020\/05\/19\/presenta-alfredo-del-mazo-plan-que-dara-orden-y-seguridad-al-regreso-a-las-actividades-en-el-edomex\/","og_locale":"es_MX","og_type":"article","og_title":"PRESENTA ALFREDO DEL MAZO PLAN QUE DAR\u00c1 ORDEN Y SEGURIDAD AL REGRESO A LAS ACTIVIDADES EN EL EDOM\u00c9X - Expresso Metropolitano","og_description":"El Gobernador Alfredo Del Mazo Maza dio a conocer el plan que en el Estado de M\u00e9xico se pondr\u00e1 en marcha para retomar las actividades escolares, comerciales, laborales y sociales, una vez que pase la etapa cr\u00edtica de la pandemia por COVID-19, y garantiz\u00f3 que esta estrategia dar\u00e1 orden con lineamientos enfocados en proteger la salud de los mexiquenses. &#8220;Este plan nos dar\u00e1 orden en el reinicio de actividades y tiene lineamientos espec\u00edficos para cada etapa, se estar\u00e1 publicando a partir de hoy en las p\u00e1ginas del Gobierno del estado.&hellip;","og_url":"https:\/\/expressometro.mx\/index.php\/2020\/05\/19\/presenta-alfredo-del-mazo-plan-que-dara-orden-y-seguridad-al-regreso-a-las-actividades-en-el-edomex\/","og_site_name":"Expresso Metropolitano","article_published_time":"2020-05-19T21:27:38+00:00","article_modified_time":"2020-05-19T21:27:39+00:00","og_image":[{"width":1280,"height":720,"url":"https:\/\/expressometro.mx\/wp-content\/uploads\/2020\/05\/05AD979D-C346-4E47-885A-4FCDA592FC3D.jpeg","type":"image\/jpeg"}],"author":"Expresso Metropolitano","twitter_misc":{"Escrito por":"Expresso Metropolitano","Tiempo de lectura":"4 minutos"},"schema":{"@context":"https:\/\/schema.org","@graph":[{"@type":"Article","@id":"https:\/\/expressometro.mx\/index.php\/2020\/05\/19\/presenta-alfredo-del-mazo-plan-que-dara-orden-y-seguridad-al-regreso-a-las-actividades-en-el-edomex\/#article","isPartOf":{"@id":"https:\/\/expressometro.mx\/index.php\/2020\/05\/19\/presenta-alfredo-del-mazo-plan-que-dara-orden-y-seguridad-al-regreso-a-las-actividades-en-el-edomex\/"},"author":{"name":"Expresso Metropolitano","@id":"https:\/\/expressometro.mx\/#\/schema\/person\/efa971b4a0664db8ed5c22b1b0dd2f5d"},"headline":"PRESENTA ALFREDO DEL MAZO PLAN QUE DAR\u00c1 ORDEN Y SEGURIDAD AL REGRESO A LAS ACTIVIDADES EN EL EDOM\u00c9X","datePublished":"2020-05-19T21:27:38+00:00","dateModified":"2020-05-19T21:27:39+00:00","mainEntityOfPage":{"@id":"https:\/\/expressometro.mx\/index.php\/2020\/05\/19\/presenta-alfredo-del-mazo-plan-que-dara-orden-y-seguridad-al-regreso-a-las-actividades-en-el-edomex\/"},"wordCount":796,"commentCount":0,"publisher":{"@id":"https:\/\/expressometro.mx\/#organization"},"image":{"@id":"https:\/\/expressometro.mx\/index.php\/2020\/05\/19\/presenta-alfredo-del-mazo-plan-que-dara-orden-y-seguridad-al-regreso-a-las-actividades-en-el-edomex\/#primaryimage"},"thumbnailUrl":"https:\/\/expressometro.mx\/wp-content\/uploads\/2020\/05\/05AD979D-C346-4E47-885A-4FCDA592FC3D.jpeg","articleSection":["Otros"],"inLanguage":"es","potentialAction":[{"@type":"CommentAction","name":"Comment","target":["https:\/\/expressometro.mx\/index.php\/2020\/05\/19\/presenta-alfredo-del-mazo-plan-que-dara-orden-y-seguridad-al-regreso-a-las-actividades-en-el-edomex\/#respond"]}]},{"@type":"WebPage","@id":"https:\/\/expressometro.mx\/index.php\/2020\/05\/19\/presenta-alfredo-del-mazo-plan-que-dara-orden-y-seguridad-al-regreso-a-las-actividades-en-el-edomex\/","url":"https:\/\/expressometro.mx\/index.php\/2020\/05\/19\/presenta-alfredo-del-mazo-plan-que-dara-orden-y-seguridad-al-regreso-a-las-actividades-en-el-edomex\/","name":"PRESENTA ALFREDO DEL MAZO PLAN QUE DAR\u00c1 ORDEN Y SEGURIDAD AL REGRESO A LAS ACTIVIDADES EN EL EDOM\u00c9X - Expresso Metropolitano","isPartOf":{"@id":"https:\/\/expressometro.mx\/#website"},"primaryImageOfPage":{"@id":"https:\/\/expressometro.mx\/index.php\/2020\/05\/19\/presenta-alfredo-del-mazo-plan-que-dara-orden-y-seguridad-al-regreso-a-las-actividades-en-el-edomex\/#primaryimage"},"image":{"@id":"https:\/\/expressometro.mx\/index.php\/2020\/05\/19\/presenta-alfredo-del-mazo-plan-que-dara-orden-y-seguridad-al-regreso-a-las-actividades-en-el-edomex\/#primaryimage"},"thumbnailUrl":"https:\/\/expressometro.mx\/wp-content\/uploads\/2020\/05\/05AD979D-C346-4E47-885A-4FCDA592FC3D.jpeg","datePublished":"2020-05-19T21:27:38+00:00","dateModified":"2020-05-19T21:27:39+00:00","breadcrumb":{"@id":"https:\/\/expressometro.mx\/index.php\/2020\/05\/19\/presenta-alfredo-del-mazo-plan-que-dara-orden-y-seguridad-al-regreso-a-las-actividades-en-el-edomex\/#breadcrumb"},"inLanguage":"es","potentialAction":[{"@type":"ReadAction","target":["https:\/\/expressometro.mx\/index.php\/2020\/05\/19\/presenta-alfredo-del-mazo-plan-que-dara-orden-y-seguridad-al-regreso-a-las-actividades-en-el-edomex\/"]}]},{"@type":"ImageObject","inLanguage":"es","@id":"https:\/\/expressometro.mx\/index.php\/2020\/05\/19\/presenta-alfredo-del-mazo-plan-que-dara-orden-y-seguridad-al-regreso-a-las-actividades-en-el-edomex\/#primaryimage","url":"https:\/\/expressometro.mx\/wp-content\/uploads\/2020\/05\/05AD979D-C346-4E47-885A-4FCDA592FC3D.jpeg","contentUrl":"https:\/\/expressometro.mx\/wp-content\/uploads\/2020\/05\/05AD979D-C346-4E47-885A-4FCDA592FC3D.jpeg","width":1280,"height":720},{"@type":"BreadcrumbList","@id":"https:\/\/expressometro.mx\/index.php\/2020\/05\/19\/presenta-alfredo-del-mazo-plan-que-dara-orden-y-seguridad-al-regreso-a-las-actividades-en-el-edomex\/#breadcrumb","itemListElement":[{"@type":"ListItem","position":1,"name":"Inicio","item":"https:\/\/expressometro.mx\/"},{"@type":"ListItem","position":2,"name":"PRESENTA ALFREDO DEL MAZO PLAN QUE DAR\u00c1 ORDEN Y SEGURIDAD AL REGRESO A LAS ACTIVIDADES EN EL EDOM\u00c9X"}]},{"@type":"WebSite","@id":"https:\/\/expressometro.mx\/#website","url":"https:\/\/expressometro.mx\/","name":"Expresso Metropolitano","description":"Periodismo comprometido, informaci\u00f3n, investigaci\u00f3n y an\u00e1lisis","publisher":{"@id":"https:\/\/expressometro.mx\/#organization"},"potentialAction":[{"@type":"SearchAction","target":{"@type":"EntryPoint","urlTemplate":"https:\/\/expressometro.mx\/?s={search_term_string}"},"query-input":{"@type":"PropertyValueSpecification","valueRequired":true,"valueName":"search_term_string"}}],"inLanguage":"es"},{"@type":"Organization","@id":"https:\/\/expressometro.mx\/#organization","name":"Expresso Metropolitano","url":"https:\/\/expressometro.mx\/","logo":{"@type":"ImageObject","inLanguage":"es","@id":"https:\/\/expressometro.mx\/#\/schema\/logo\/image\/","url":"https:\/\/expressometro.mx\/wp-content\/uploads\/2019\/07\/cropped-Logo-Expresso-Metropolitano-1-1.jpeg","contentUrl":"https:\/\/expressometro.mx\/wp-content\/uploads\/2019\/07\/cropped-Logo-Expresso-Metropolitano-1-1.jpeg","width":290,"height":73,"caption":"Expresso Metropolitano"},"image":{"@id":"https:\/\/expressometro.mx\/#\/schema\/logo\/image\/"}},{"@type":"Person","@id":"https:\/\/expressometro.mx\/#\/schema\/person\/efa971b4a0664db8ed5c22b1b0dd2f5d","name":"Expresso Metropolitano","image":{"@type":"ImageObject","inLanguage":"es","@id":"https:\/\/secure.gravatar.com\/avatar\/a89f802b8de18c6952f223c88d3d106e9e3679839f4e25a02f4a6cc2ae6ba3b3?s=96&d=mm&r=g","url":"https:\/\/secure.gravatar.com\/avatar\/a89f802b8de18c6952f223c88d3d106e9e3679839f4e25a02f4a6cc2ae6ba3b3?s=96&d=mm&r=g","contentUrl":"https:\/\/secure.gravatar.com\/avatar\/a89f802b8de18c6952f223c88d3d106e9e3679839f4e25a02f4a6cc2ae6ba3b3?s=96&d=mm&r=g","caption":"Expresso Metropolitano"},"url":"https:\/\/expressometro.mx\/index.php\/author\/diego\/"}]}},"amp_enabled":true,"_links":{"self":[{"href":"https:\/\/expressometro.mx\/index.php\/wp-json\/wp\/v2\/posts\/1521","targetHints":{"allow":["GET"]}}],"collection":[{"href":"https:\/\/expressometro.mx\/index.php\/wp-json\/wp\/v2\/posts"}],"about":[{"href":"https:\/\/expressometro.mx\/index.php\/wp-json\/wp\/v2\/types\/post"}],"author":[{"embeddable":true,"href":"https:\/\/expressometro.mx\/index.php\/wp-json\/wp\/v2\/users\/1"}],"replies":[{"embeddable":true,"href":"https:\/\/expressometro.mx\/index.php\/wp-json\/wp\/v2\/comments?post=1521"}],"version-history":[{"count":1,"href":"https:\/\/expressometro.mx\/index.php\/wp-json\/wp\/v2\/posts\/1521\/revisions"}],"predecessor-version":[{"id":1525,"href":"https:\/\/expressometro.mx\/index.php\/wp-json\/wp\/v2\/posts\/1521\/revisions\/1525"}],"wp:featuredmedia":[{"embeddable":true,"href":"https:\/\/expressometro.mx\/index.php\/wp-json\/wp\/v2\/media\/1524"}],"wp:attachment":[{"href":"https:\/\/expressometro.mx\/index.php\/wp-json\/wp\/v2\/media?parent=1521"}],"wp:term":[{"taxonomy":"category","embeddable":true,"href":"https:\/\/expressometro.mx\/index.php\/wp-json\/wp\/v2\/categories?post=1521"},{"taxonomy":"post_tag","embeddable":true,"href":"https:\/\/expressometro.mx\/index.php\/wp-json\/wp\/v2\/tags?post=1521"}],"curies":[{"name":"wp","href":"https:\/\/api.w.org\/{rel}","templated":true}]}}