{"id":1515,"date":"2020-05-11T17:42:14","date_gmt":"2020-05-11T22:42:14","guid":{"rendered":"http:\/\/expressometro.mx\/?p=1515"},"modified":"2020-05-11T17:42:17","modified_gmt":"2020-05-11T22:42:17","slug":"incrementa-edomex-su-infraestructura-hospitalaria-para-atender-a-mas-enfermos-de-covid-19-alfredo-del-mazo","status":"publish","type":"post","link":"https:\/\/expressometro.mx\/index.php\/2020\/05\/11\/incrementa-edomex-su-infraestructura-hospitalaria-para-atender-a-mas-enfermos-de-covid-19-alfredo-del-mazo\/","title":{"rendered":"INCREMENTA EDOM\u00c9X SU INFRAESTRUCTURA HOSPITALARIA PARA ATENDER A M\u00c1S ENFERMOS DE COVID-19: ALFREDO DEL MAZO"},"content":{"rendered":"\n<p>El Gobernador Alfredo Del Mazo Maza asegur\u00f3 que el sector salud estatal acondiciona nuevos espacios para atender a m\u00e1s pacientes, ya que actualmente se registra el mayor ritmo de contagios por COVID-19 y la cantidad de enfermos que requieren hospitalizaci\u00f3n aumentar\u00e1. <\/p>\n\n\n\n<p>Precis\u00f3 que mil 270 m\u00e9dicos y enfermeras fueron contratados por su administraci\u00f3n para hacer frente a la contingencia, y que en coordinaci\u00f3n con el Instituto Mexicano del Seguro Social (IMSS), las cl\u00ednicas a cargo de este organismo federal atender\u00e1n a pacientes que requieran de atenci\u00f3n m\u00e9dica urgente,  aunque no sean derechohabientes.<\/p>\n\n\n\n<p>&#8220;Hemos trabajado para cuidar de la salud de las familias, hemos  trabajado para disminuir el n\u00famero de contagios, hemos trabajado para contratar m\u00e1s m\u00e9dicos y enfermeras, hemos trabajado para conseguir m\u00e1s equipamiento para los hospitales, hemos trabajado para aumentar los espacios de hospitalizaci\u00f3n y hemos trabajado y seguiremos trabajando para salvar m\u00e1s vidas&#8221;, puntualiz\u00f3. <\/p>\n\n\n\n<p>En un mensaje a los mexiquenses, a trav\u00e9s de redes sociales, Del Mazo Maza explic\u00f3 que, en Toluca, el Centro de Convenciones fue acondicionado y tiene 200 camas hospitalarias; en Tlalnepantla fue adaptado el CRIT del Telet\u00f3n para instalar 158 camas hospitalarias; en Texcoco, el Centro Cultural Mexiquense cuenta ya con 180 camas y el Deportivo de Tonanitla tiene 100 camas adicionales para recibir pacientes. <\/p>\n\n\n\n<p>Mientras que en Nezahualc\u00f3yotl, agreg\u00f3,  se preparan las instalaciones de Ciudad Jard\u00edn Bicentenario para que funcione como hospital con 100 camas, mientras que en Ecatepec fue instalado un hospital inflable de 60 camas. <\/p>\n\n\n\n<p>&#8220;Para ampliar nuestra capacidad hospitalaria estamos acondicionando cinco nuevos espacios que nos permitan atender m\u00e1s pacientes. Hemos reconvertido 46 hospitales, en hospitales COVID, que tienen pisos completos, perfectamente aislados y protegidos para pacientes de Coronavirus.<\/p>\n\n\n\n<p>\u201cPara que todo este esfuerzo de aumentar la capacidad hospitalaria pueda operar, y pueda funcionar, hemos contratado mil 270 m\u00e9dicos y enfermeras adicionales que nos ayuden a salvar m\u00e1s vidas&#8221;, expres\u00f3. <\/p>\n\n\n\n<p>El mandatario mexiquense especific\u00f3 que actualmente hay casos de COVID-19 en 108 de los 125 municipios del estado, y que 54 por ciento de las camas de hospitalizaci\u00f3n est\u00e1n ocupadas, as\u00ed como el 52 por ciento de las camas de terapia intensiva del sector salud.<\/p>\n\n\n\n<figure class=\"wp-block-video\"><video height=\"480\" style=\"aspect-ratio: 640 \/ 480;\" width=\"640\" controls src=\"http:\/\/expressometro.mx\/wp-content\/uploads\/2020\/05\/IMG_0452.3gp\"><\/video><\/figure>\n\n\n\n<ul class=\"wp-block-gallery columns-0 is-cropped wp-block-gallery-1 is-layout-flex wp-block-gallery-is-layout-flex\"><\/ul>\n","protected":false},"excerpt":{"rendered":"<p>El Gobernador Alfredo Del Mazo Maza asegur\u00f3 que el sector salud estatal acondiciona nuevos espacios para atender a m\u00e1s pacientes, ya que actualmente se registra el mayor ritmo de contagios por COVID-19 y la cantidad de enfermos que requieren hospitalizaci\u00f3n aumentar\u00e1. Precis\u00f3 que mil 270 m\u00e9dicos y enfermeras fueron contratados por su administraci\u00f3n para hacer frente a la contingencia, y que en coordinaci\u00f3n con el Instituto Mexicano del Seguro Social (IMSS), las cl\u00ednicas a cargo de este organismo federal atender\u00e1n a pacientes que requieran de atenci\u00f3n m\u00e9dica urgente, aunque no&hellip;<\/p>\n","protected":false},"author":1,"featured_media":1518,"comment_status":"open","ping_status":"open","sticky":false,"template":"","format":"standard","meta":{"footnotes":""},"categories":[1],"tags":[],"class_list":["post-1515","post","type-post","status-publish","format-standard","has-post-thumbnail","hentry","category-otros"],"yoast_head":"<!-- This site is optimized with the Yoast SEO plugin v27.5 - https:\/\/yoast.com\/product\/yoast-seo-wordpress\/ -->\n<title>INCREMENTA EDOM\u00c9X SU INFRAESTRUCTURA HOSPITALARIA PARA ATENDER A M\u00c1S ENFERMOS DE COVID-19: ALFREDO DEL MAZO - Expresso Metropolitano<\/title>\n<meta name=\"robots\" content=\"index, follow, max-snippet:-1, max-image-preview:large, max-video-preview:-1\" \/>\n<link rel=\"canonical\" href=\"https:\/\/expressometro.mx\/index.php\/2020\/05\/11\/incrementa-edomex-su-infraestructura-hospitalaria-para-atender-a-mas-enfermos-de-covid-19-alfredo-del-mazo\/\" \/>\n<meta property=\"og:locale\" content=\"es_MX\" \/>\n<meta property=\"og:type\" content=\"article\" \/>\n<meta property=\"og:title\" content=\"INCREMENTA EDOM\u00c9X SU INFRAESTRUCTURA HOSPITALARIA PARA ATENDER A M\u00c1S ENFERMOS DE COVID-19: ALFREDO DEL MAZO - Expresso Metropolitano\" \/>\n<meta property=\"og:description\" content=\"El Gobernador Alfredo Del Mazo Maza asegur\u00f3 que el sector salud estatal acondiciona nuevos espacios para atender a m\u00e1s pacientes, ya que actualmente se registra el mayor ritmo de contagios por COVID-19 y la cantidad de enfermos que requieren hospitalizaci\u00f3n aumentar\u00e1. Precis\u00f3 que mil 270 m\u00e9dicos y enfermeras fueron contratados por su administraci\u00f3n para hacer frente a la contingencia, y que en coordinaci\u00f3n con el Instituto Mexicano del Seguro Social (IMSS), las cl\u00ednicas a cargo de este organismo federal atender\u00e1n a pacientes que requieran de atenci\u00f3n m\u00e9dica urgente, aunque no&hellip;\" \/>\n<meta property=\"og:url\" content=\"https:\/\/expressometro.mx\/index.php\/2020\/05\/11\/incrementa-edomex-su-infraestructura-hospitalaria-para-atender-a-mas-enfermos-de-covid-19-alfredo-del-mazo\/\" \/>\n<meta property=\"og:site_name\" content=\"Expresso Metropolitano\" \/>\n<meta property=\"article:published_time\" content=\"2020-05-11T22:42:14+00:00\" \/>\n<meta property=\"article:modified_time\" content=\"2020-05-11T22:42:17+00:00\" \/>\n<meta property=\"og:image\" content=\"https:\/\/expressometro.mx\/wp-content\/uploads\/2020\/05\/5A209151-101B-4394-BE74-74EA18B8C18F.jpeg\" \/>\n\t<meta property=\"og:image:width\" content=\"1280\" \/>\n\t<meta property=\"og:image:height\" content=\"720\" \/>\n\t<meta property=\"og:image:type\" content=\"image\/jpeg\" \/>\n<meta name=\"author\" content=\"Expresso Metropolitano\" \/>\n<meta name=\"twitter:label1\" content=\"Escrito por\" \/>\n\t<meta name=\"twitter:data1\" content=\"Expresso Metropolitano\" \/>\n\t<meta name=\"twitter:label2\" content=\"Tiempo de lectura\" \/>\n\t<meta name=\"twitter:data2\" content=\"2 minutos\" \/>\n<script type=\"application\/ld+json\" class=\"yoast-schema-graph\">{\"@context\":\"https:\\\/\\\/schema.org\",\"@graph\":[{\"@type\":\"Article\",\"@id\":\"https:\\\/\\\/expressometro.mx\\\/index.php\\\/2020\\\/05\\\/11\\\/incrementa-edomex-su-infraestructura-hospitalaria-para-atender-a-mas-enfermos-de-covid-19-alfredo-del-mazo\\\/#article\",\"isPartOf\":{\"@id\":\"https:\\\/\\\/expressometro.mx\\\/index.php\\\/2020\\\/05\\\/11\\\/incrementa-edomex-su-infraestructura-hospitalaria-para-atender-a-mas-enfermos-de-covid-19-alfredo-del-mazo\\\/\"},\"author\":{\"name\":\"Expresso Metropolitano\",\"@id\":\"https:\\\/\\\/expressometro.mx\\\/#\\\/schema\\\/person\\\/efa971b4a0664db8ed5c22b1b0dd2f5d\"},\"headline\":\"INCREMENTA EDOM\u00c9X SU INFRAESTRUCTURA HOSPITALARIA PARA ATENDER A M\u00c1S ENFERMOS DE COVID-19: ALFREDO DEL MAZO\",\"datePublished\":\"2020-05-11T22:42:14+00:00\",\"dateModified\":\"2020-05-11T22:42:17+00:00\",\"mainEntityOfPage\":{\"@id\":\"https:\\\/\\\/expressometro.mx\\\/index.php\\\/2020\\\/05\\\/11\\\/incrementa-edomex-su-infraestructura-hospitalaria-para-atender-a-mas-enfermos-de-covid-19-alfredo-del-mazo\\\/\"},\"wordCount\":383,\"commentCount\":0,\"publisher\":{\"@id\":\"https:\\\/\\\/expressometro.mx\\\/#organization\"},\"image\":{\"@id\":\"https:\\\/\\\/expressometro.mx\\\/index.php\\\/2020\\\/05\\\/11\\\/incrementa-edomex-su-infraestructura-hospitalaria-para-atender-a-mas-enfermos-de-covid-19-alfredo-del-mazo\\\/#primaryimage\"},\"thumbnailUrl\":\"https:\\\/\\\/expressometro.mx\\\/wp-content\\\/uploads\\\/2020\\\/05\\\/5A209151-101B-4394-BE74-74EA18B8C18F.jpeg\",\"articleSection\":[\"Otros\"],\"inLanguage\":\"es\",\"potentialAction\":[{\"@type\":\"CommentAction\",\"name\":\"Comment\",\"target\":[\"https:\\\/\\\/expressometro.mx\\\/index.php\\\/2020\\\/05\\\/11\\\/incrementa-edomex-su-infraestructura-hospitalaria-para-atender-a-mas-enfermos-de-covid-19-alfredo-del-mazo\\\/#respond\"]}]},{\"@type\":\"WebPage\",\"@id\":\"https:\\\/\\\/expressometro.mx\\\/index.php\\\/2020\\\/05\\\/11\\\/incrementa-edomex-su-infraestructura-hospitalaria-para-atender-a-mas-enfermos-de-covid-19-alfredo-del-mazo\\\/\",\"url\":\"https:\\\/\\\/expressometro.mx\\\/index.php\\\/2020\\\/05\\\/11\\\/incrementa-edomex-su-infraestructura-hospitalaria-para-atender-a-mas-enfermos-de-covid-19-alfredo-del-mazo\\\/\",\"name\":\"INCREMENTA EDOM\u00c9X SU INFRAESTRUCTURA HOSPITALARIA PARA ATENDER A M\u00c1S ENFERMOS DE COVID-19: ALFREDO DEL MAZO - Expresso Metropolitano\",\"isPartOf\":{\"@id\":\"https:\\\/\\\/expressometro.mx\\\/#website\"},\"primaryImageOfPage\":{\"@id\":\"https:\\\/\\\/expressometro.mx\\\/index.php\\\/2020\\\/05\\\/11\\\/incrementa-edomex-su-infraestructura-hospitalaria-para-atender-a-mas-enfermos-de-covid-19-alfredo-del-mazo\\\/#primaryimage\"},\"image\":{\"@id\":\"https:\\\/\\\/expressometro.mx\\\/index.php\\\/2020\\\/05\\\/11\\\/incrementa-edomex-su-infraestructura-hospitalaria-para-atender-a-mas-enfermos-de-covid-19-alfredo-del-mazo\\\/#primaryimage\"},\"thumbnailUrl\":\"https:\\\/\\\/expressometro.mx\\\/wp-content\\\/uploads\\\/2020\\\/05\\\/5A209151-101B-4394-BE74-74EA18B8C18F.jpeg\",\"datePublished\":\"2020-05-11T22:42:14+00:00\",\"dateModified\":\"2020-05-11T22:42:17+00:00\",\"breadcrumb\":{\"@id\":\"https:\\\/\\\/expressometro.mx\\\/index.php\\\/2020\\\/05\\\/11\\\/incrementa-edomex-su-infraestructura-hospitalaria-para-atender-a-mas-enfermos-de-covid-19-alfredo-del-mazo\\\/#breadcrumb\"},\"inLanguage\":\"es\",\"potentialAction\":[{\"@type\":\"ReadAction\",\"target\":[\"https:\\\/\\\/expressometro.mx\\\/index.php\\\/2020\\\/05\\\/11\\\/incrementa-edomex-su-infraestructura-hospitalaria-para-atender-a-mas-enfermos-de-covid-19-alfredo-del-mazo\\\/\"]}]},{\"@type\":\"ImageObject\",\"inLanguage\":\"es\",\"@id\":\"https:\\\/\\\/expressometro.mx\\\/index.php\\\/2020\\\/05\\\/11\\\/incrementa-edomex-su-infraestructura-hospitalaria-para-atender-a-mas-enfermos-de-covid-19-alfredo-del-mazo\\\/#primaryimage\",\"url\":\"https:\\\/\\\/expressometro.mx\\\/wp-content\\\/uploads\\\/2020\\\/05\\\/5A209151-101B-4394-BE74-74EA18B8C18F.jpeg\",\"contentUrl\":\"https:\\\/\\\/expressometro.mx\\\/wp-content\\\/uploads\\\/2020\\\/05\\\/5A209151-101B-4394-BE74-74EA18B8C18F.jpeg\",\"width\":1280,\"height\":720},{\"@type\":\"BreadcrumbList\",\"@id\":\"https:\\\/\\\/expressometro.mx\\\/index.php\\\/2020\\\/05\\\/11\\\/incrementa-edomex-su-infraestructura-hospitalaria-para-atender-a-mas-enfermos-de-covid-19-alfredo-del-mazo\\\/#breadcrumb\",\"itemListElement\":[{\"@type\":\"ListItem\",\"position\":1,\"name\":\"Inicio\",\"item\":\"https:\\\/\\\/expressometro.mx\\\/\"},{\"@type\":\"ListItem\",\"position\":2,\"name\":\"INCREMENTA EDOM\u00c9X SU INFRAESTRUCTURA HOSPITALARIA PARA ATENDER A M\u00c1S ENFERMOS DE COVID-19: ALFREDO DEL MAZO\"}]},{\"@type\":\"WebSite\",\"@id\":\"https:\\\/\\\/expressometro.mx\\\/#website\",\"url\":\"https:\\\/\\\/expressometro.mx\\\/\",\"name\":\"Expresso Metropolitano\",\"description\":\"Periodismo comprometido, informaci\u00f3n, investigaci\u00f3n y an\u00e1lisis\",\"publisher\":{\"@id\":\"https:\\\/\\\/expressometro.mx\\\/#organization\"},\"potentialAction\":[{\"@type\":\"SearchAction\",\"target\":{\"@type\":\"EntryPoint\",\"urlTemplate\":\"https:\\\/\\\/expressometro.mx\\\/?s={search_term_string}\"},\"query-input\":{\"@type\":\"PropertyValueSpecification\",\"valueRequired\":true,\"valueName\":\"search_term_string\"}}],\"inLanguage\":\"es\"},{\"@type\":\"Organization\",\"@id\":\"https:\\\/\\\/expressometro.mx\\\/#organization\",\"name\":\"Expresso Metropolitano\",\"url\":\"https:\\\/\\\/expressometro.mx\\\/\",\"logo\":{\"@type\":\"ImageObject\",\"inLanguage\":\"es\",\"@id\":\"https:\\\/\\\/expressometro.mx\\\/#\\\/schema\\\/logo\\\/image\\\/\",\"url\":\"https:\\\/\\\/expressometro.mx\\\/wp-content\\\/uploads\\\/2019\\\/07\\\/cropped-Logo-Expresso-Metropolitano-1-1.jpeg\",\"contentUrl\":\"https:\\\/\\\/expressometro.mx\\\/wp-content\\\/uploads\\\/2019\\\/07\\\/cropped-Logo-Expresso-Metropolitano-1-1.jpeg\",\"width\":290,\"height\":73,\"caption\":\"Expresso Metropolitano\"},\"image\":{\"@id\":\"https:\\\/\\\/expressometro.mx\\\/#\\\/schema\\\/logo\\\/image\\\/\"}},{\"@type\":\"Person\",\"@id\":\"https:\\\/\\\/expressometro.mx\\\/#\\\/schema\\\/person\\\/efa971b4a0664db8ed5c22b1b0dd2f5d\",\"name\":\"Expresso Metropolitano\",\"image\":{\"@type\":\"ImageObject\",\"inLanguage\":\"es\",\"@id\":\"https:\\\/\\\/secure.gravatar.com\\\/avatar\\\/a89f802b8de18c6952f223c88d3d106e9e3679839f4e25a02f4a6cc2ae6ba3b3?s=96&d=mm&r=g\",\"url\":\"https:\\\/\\\/secure.gravatar.com\\\/avatar\\\/a89f802b8de18c6952f223c88d3d106e9e3679839f4e25a02f4a6cc2ae6ba3b3?s=96&d=mm&r=g\",\"contentUrl\":\"https:\\\/\\\/secure.gravatar.com\\\/avatar\\\/a89f802b8de18c6952f223c88d3d106e9e3679839f4e25a02f4a6cc2ae6ba3b3?s=96&d=mm&r=g\",\"caption\":\"Expresso Metropolitano\"},\"url\":\"https:\\\/\\\/expressometro.mx\\\/index.php\\\/author\\\/diego\\\/\"}]}<\/script>\n<!-- \/ Yoast SEO plugin. -->","yoast_head_json":{"title":"INCREMENTA EDOM\u00c9X SU INFRAESTRUCTURA HOSPITALARIA PARA ATENDER A M\u00c1S ENFERMOS DE COVID-19: ALFREDO DEL MAZO - Expresso Metropolitano","robots":{"index":"index","follow":"follow","max-snippet":"max-snippet:-1","max-image-preview":"max-image-preview:large","max-video-preview":"max-video-preview:-1"},"canonical":"https:\/\/expressometro.mx\/index.php\/2020\/05\/11\/incrementa-edomex-su-infraestructura-hospitalaria-para-atender-a-mas-enfermos-de-covid-19-alfredo-del-mazo\/","og_locale":"es_MX","og_type":"article","og_title":"INCREMENTA EDOM\u00c9X SU INFRAESTRUCTURA HOSPITALARIA PARA ATENDER A M\u00c1S ENFERMOS DE COVID-19: ALFREDO DEL MAZO - Expresso Metropolitano","og_description":"El Gobernador Alfredo Del Mazo Maza asegur\u00f3 que el sector salud estatal acondiciona nuevos espacios para atender a m\u00e1s pacientes, ya que actualmente se registra el mayor ritmo de contagios por COVID-19 y la cantidad de enfermos que requieren hospitalizaci\u00f3n aumentar\u00e1. Precis\u00f3 que mil 270 m\u00e9dicos y enfermeras fueron contratados por su administraci\u00f3n para hacer frente a la contingencia, y que en coordinaci\u00f3n con el Instituto Mexicano del Seguro Social (IMSS), las cl\u00ednicas a cargo de este organismo federal atender\u00e1n a pacientes que requieran de atenci\u00f3n m\u00e9dica urgente, aunque no&hellip;","og_url":"https:\/\/expressometro.mx\/index.php\/2020\/05\/11\/incrementa-edomex-su-infraestructura-hospitalaria-para-atender-a-mas-enfermos-de-covid-19-alfredo-del-mazo\/","og_site_name":"Expresso Metropolitano","article_published_time":"2020-05-11T22:42:14+00:00","article_modified_time":"2020-05-11T22:42:17+00:00","og_image":[{"width":1280,"height":720,"url":"https:\/\/expressometro.mx\/wp-content\/uploads\/2020\/05\/5A209151-101B-4394-BE74-74EA18B8C18F.jpeg","type":"image\/jpeg"}],"author":"Expresso Metropolitano","twitter_misc":{"Escrito por":"Expresso Metropolitano","Tiempo de lectura":"2 minutos"},"schema":{"@context":"https:\/\/schema.org","@graph":[{"@type":"Article","@id":"https:\/\/expressometro.mx\/index.php\/2020\/05\/11\/incrementa-edomex-su-infraestructura-hospitalaria-para-atender-a-mas-enfermos-de-covid-19-alfredo-del-mazo\/#article","isPartOf":{"@id":"https:\/\/expressometro.mx\/index.php\/2020\/05\/11\/incrementa-edomex-su-infraestructura-hospitalaria-para-atender-a-mas-enfermos-de-covid-19-alfredo-del-mazo\/"},"author":{"name":"Expresso Metropolitano","@id":"https:\/\/expressometro.mx\/#\/schema\/person\/efa971b4a0664db8ed5c22b1b0dd2f5d"},"headline":"INCREMENTA EDOM\u00c9X SU INFRAESTRUCTURA HOSPITALARIA PARA ATENDER A M\u00c1S ENFERMOS DE COVID-19: ALFREDO DEL MAZO","datePublished":"2020-05-11T22:42:14+00:00","dateModified":"2020-05-11T22:42:17+00:00","mainEntityOfPage":{"@id":"https:\/\/expressometro.mx\/index.php\/2020\/05\/11\/incrementa-edomex-su-infraestructura-hospitalaria-para-atender-a-mas-enfermos-de-covid-19-alfredo-del-mazo\/"},"wordCount":383,"commentCount":0,"publisher":{"@id":"https:\/\/expressometro.mx\/#organization"},"image":{"@id":"https:\/\/expressometro.mx\/index.php\/2020\/05\/11\/incrementa-edomex-su-infraestructura-hospitalaria-para-atender-a-mas-enfermos-de-covid-19-alfredo-del-mazo\/#primaryimage"},"thumbnailUrl":"https:\/\/expressometro.mx\/wp-content\/uploads\/2020\/05\/5A209151-101B-4394-BE74-74EA18B8C18F.jpeg","articleSection":["Otros"],"inLanguage":"es","potentialAction":[{"@type":"CommentAction","name":"Comment","target":["https:\/\/expressometro.mx\/index.php\/2020\/05\/11\/incrementa-edomex-su-infraestructura-hospitalaria-para-atender-a-mas-enfermos-de-covid-19-alfredo-del-mazo\/#respond"]}]},{"@type":"WebPage","@id":"https:\/\/expressometro.mx\/index.php\/2020\/05\/11\/incrementa-edomex-su-infraestructura-hospitalaria-para-atender-a-mas-enfermos-de-covid-19-alfredo-del-mazo\/","url":"https:\/\/expressometro.mx\/index.php\/2020\/05\/11\/incrementa-edomex-su-infraestructura-hospitalaria-para-atender-a-mas-enfermos-de-covid-19-alfredo-del-mazo\/","name":"INCREMENTA EDOM\u00c9X SU INFRAESTRUCTURA HOSPITALARIA PARA ATENDER A M\u00c1S ENFERMOS DE COVID-19: ALFREDO DEL MAZO - Expresso Metropolitano","isPartOf":{"@id":"https:\/\/expressometro.mx\/#website"},"primaryImageOfPage":{"@id":"https:\/\/expressometro.mx\/index.php\/2020\/05\/11\/incrementa-edomex-su-infraestructura-hospitalaria-para-atender-a-mas-enfermos-de-covid-19-alfredo-del-mazo\/#primaryimage"},"image":{"@id":"https:\/\/expressometro.mx\/index.php\/2020\/05\/11\/incrementa-edomex-su-infraestructura-hospitalaria-para-atender-a-mas-enfermos-de-covid-19-alfredo-del-mazo\/#primaryimage"},"thumbnailUrl":"https:\/\/expressometro.mx\/wp-content\/uploads\/2020\/05\/5A209151-101B-4394-BE74-74EA18B8C18F.jpeg","datePublished":"2020-05-11T22:42:14+00:00","dateModified":"2020-05-11T22:42:17+00:00","breadcrumb":{"@id":"https:\/\/expressometro.mx\/index.php\/2020\/05\/11\/incrementa-edomex-su-infraestructura-hospitalaria-para-atender-a-mas-enfermos-de-covid-19-alfredo-del-mazo\/#breadcrumb"},"inLanguage":"es","potentialAction":[{"@type":"ReadAction","target":["https:\/\/expressometro.mx\/index.php\/2020\/05\/11\/incrementa-edomex-su-infraestructura-hospitalaria-para-atender-a-mas-enfermos-de-covid-19-alfredo-del-mazo\/"]}]},{"@type":"ImageObject","inLanguage":"es","@id":"https:\/\/expressometro.mx\/index.php\/2020\/05\/11\/incrementa-edomex-su-infraestructura-hospitalaria-para-atender-a-mas-enfermos-de-covid-19-alfredo-del-mazo\/#primaryimage","url":"https:\/\/expressometro.mx\/wp-content\/uploads\/2020\/05\/5A209151-101B-4394-BE74-74EA18B8C18F.jpeg","contentUrl":"https:\/\/expressometro.mx\/wp-content\/uploads\/2020\/05\/5A209151-101B-4394-BE74-74EA18B8C18F.jpeg","width":1280,"height":720},{"@type":"BreadcrumbList","@id":"https:\/\/expressometro.mx\/index.php\/2020\/05\/11\/incrementa-edomex-su-infraestructura-hospitalaria-para-atender-a-mas-enfermos-de-covid-19-alfredo-del-mazo\/#breadcrumb","itemListElement":[{"@type":"ListItem","position":1,"name":"Inicio","item":"https:\/\/expressometro.mx\/"},{"@type":"ListItem","position":2,"name":"INCREMENTA EDOM\u00c9X SU INFRAESTRUCTURA HOSPITALARIA PARA ATENDER A M\u00c1S ENFERMOS DE COVID-19: ALFREDO DEL MAZO"}]},{"@type":"WebSite","@id":"https:\/\/expressometro.mx\/#website","url":"https:\/\/expressometro.mx\/","name":"Expresso Metropolitano","description":"Periodismo comprometido, informaci\u00f3n, investigaci\u00f3n y an\u00e1lisis","publisher":{"@id":"https:\/\/expressometro.mx\/#organization"},"potentialAction":[{"@type":"SearchAction","target":{"@type":"EntryPoint","urlTemplate":"https:\/\/expressometro.mx\/?s={search_term_string}"},"query-input":{"@type":"PropertyValueSpecification","valueRequired":true,"valueName":"search_term_string"}}],"inLanguage":"es"},{"@type":"Organization","@id":"https:\/\/expressometro.mx\/#organization","name":"Expresso Metropolitano","url":"https:\/\/expressometro.mx\/","logo":{"@type":"ImageObject","inLanguage":"es","@id":"https:\/\/expressometro.mx\/#\/schema\/logo\/image\/","url":"https:\/\/expressometro.mx\/wp-content\/uploads\/2019\/07\/cropped-Logo-Expresso-Metropolitano-1-1.jpeg","contentUrl":"https:\/\/expressometro.mx\/wp-content\/uploads\/2019\/07\/cropped-Logo-Expresso-Metropolitano-1-1.jpeg","width":290,"height":73,"caption":"Expresso Metropolitano"},"image":{"@id":"https:\/\/expressometro.mx\/#\/schema\/logo\/image\/"}},{"@type":"Person","@id":"https:\/\/expressometro.mx\/#\/schema\/person\/efa971b4a0664db8ed5c22b1b0dd2f5d","name":"Expresso Metropolitano","image":{"@type":"ImageObject","inLanguage":"es","@id":"https:\/\/secure.gravatar.com\/avatar\/a89f802b8de18c6952f223c88d3d106e9e3679839f4e25a02f4a6cc2ae6ba3b3?s=96&d=mm&r=g","url":"https:\/\/secure.gravatar.com\/avatar\/a89f802b8de18c6952f223c88d3d106e9e3679839f4e25a02f4a6cc2ae6ba3b3?s=96&d=mm&r=g","contentUrl":"https:\/\/secure.gravatar.com\/avatar\/a89f802b8de18c6952f223c88d3d106e9e3679839f4e25a02f4a6cc2ae6ba3b3?s=96&d=mm&r=g","caption":"Expresso Metropolitano"},"url":"https:\/\/expressometro.mx\/index.php\/author\/diego\/"}]}},"amp_enabled":true,"_links":{"self":[{"href":"https:\/\/expressometro.mx\/index.php\/wp-json\/wp\/v2\/posts\/1515","targetHints":{"allow":["GET"]}}],"collection":[{"href":"https:\/\/expressometro.mx\/index.php\/wp-json\/wp\/v2\/posts"}],"about":[{"href":"https:\/\/expressometro.mx\/index.php\/wp-json\/wp\/v2\/types\/post"}],"author":[{"embeddable":true,"href":"https:\/\/expressometro.mx\/index.php\/wp-json\/wp\/v2\/users\/1"}],"replies":[{"embeddable":true,"href":"https:\/\/expressometro.mx\/index.php\/wp-json\/wp\/v2\/comments?post=1515"}],"version-history":[{"count":2,"href":"https:\/\/expressometro.mx\/index.php\/wp-json\/wp\/v2\/posts\/1515\/revisions"}],"predecessor-version":[{"id":1519,"href":"https:\/\/expressometro.mx\/index.php\/wp-json\/wp\/v2\/posts\/1515\/revisions\/1519"}],"wp:featuredmedia":[{"embeddable":true,"href":"https:\/\/expressometro.mx\/index.php\/wp-json\/wp\/v2\/media\/1518"}],"wp:attachment":[{"href":"https:\/\/expressometro.mx\/index.php\/wp-json\/wp\/v2\/media?parent=1515"}],"wp:term":[{"taxonomy":"category","embeddable":true,"href":"https:\/\/expressometro.mx\/index.php\/wp-json\/wp\/v2\/categories?post=1515"},{"taxonomy":"post_tag","embeddable":true,"href":"https:\/\/expressometro.mx\/index.php\/wp-json\/wp\/v2\/tags?post=1515"}],"curies":[{"name":"wp","href":"https:\/\/api.w.org\/{rel}","templated":true}]}}