{"id":1495,"date":"2020-04-30T13:15:55","date_gmt":"2020-04-30T18:15:55","guid":{"rendered":"http:\/\/expressometro.mx\/?p=1495"},"modified":"2020-04-30T13:15:57","modified_gmt":"2020-04-30T18:15:57","slug":"alcanza-edomex-los-2863-casos-positivos-a-covid-19","status":"publish","type":"post","link":"https:\/\/expressometro.mx\/index.php\/2020\/04\/30\/alcanza-edomex-los-2863-casos-positivos-a-covid-19\/","title":{"rendered":"ALCANZA EDOM\u00c9X LOS 2,863 CASOS POSITIVOS A COVID-19"},"content":{"rendered":"\n<p>El Estado de M\u00e9xico registr\u00f3 hasta este mi\u00e9rcoles 2 mil 863 casos de COVID-19, de los cuales, 337 se encuentran en otras entidades, inform\u00f3 la Secretar\u00eda de Salud estatal.<\/p>\n\n\n\n<p>Asimismo, detalla que 700 personas afectadas por este padecimiento, reciben atenci\u00f3n hospitalaria, adem\u00e1s, 649 est\u00e1n en resguardo domiciliario por presentar s\u00edntomas leves y deber\u00e1n completar los 14 d\u00edas de vigilancia epidemiol\u00f3gica.<\/p>\n\n\n\n<p>El titular de la dependencia, Doctor Gabriel O&#8217;Shea Cuevas, sostuvo que se  contabilizaron 967 altas sanitarias y 143 lamentables defunciones ocurridas en la entidad, mientras que 67 tuvieron lugar en otros estados.<\/p>\n\n\n\n<p>El funcionario exhort\u00f3 a la poblaci\u00f3n a seguir las indicaciones de prevenci\u00f3n que difunden los tres niveles de gobierno, toda vez que con la entrada a la fase 3 de la pandemia, se espera que las pr\u00f3ximas dos semanas se registre un pico de contagios y ocupaci\u00f3n de las unidades hospitalarias.<\/p>\n\n\n\n<p>Detall\u00f3 que la participaci\u00f3n de la ciudadan\u00eda es fundamental para evitar la saturaci\u00f3n del sistema de salud, por lo que reiter\u00f3 el llamado a quedarse en casa y aplicar las medidas de prevenci\u00f3n marcadas por la Jornada Nacional de Sana Distancia.<\/p>\n\n\n\n<p>Entre las recomendaciones, est\u00e1n el lavado constante de manos con agua y jab\u00f3n hasta por 20 segundos, limpiar y desinfectar frecuentemente los objetos y espacios de uso com\u00fan, as\u00ed como el uso obligatorio de cubrebocas cuando se sale a realizar compras esenciales<\/p>\n\n\n\n<p>El Secretario de Salud record\u00f3 que debe tenerse mucho cuidado con los adultos mayores, personas diab\u00e9ticas, hipertensas, con obesidad o sobrepeso, adem\u00e1s de aquellas con sistema inmunol\u00f3gico debilitado y mujeres embarazadas, ya que conforman el grupo de riesgo.<\/p>\n\n\n\n<p>Finalmente puntualiz\u00f3 que en el Estado de M\u00e9xico se cuenta con las l\u00edneas 800 900 3200 para otorgar informaci\u00f3n acerca de COVID y brindar atenci\u00f3n psicol\u00f3gica, as\u00ed como 800 724 7269 para atender las quejas del personal m\u00e9dico por falta de insumos, adem\u00e1s de sus denuncias en caso de sufrir agresiones.<\/p>\n","protected":false},"excerpt":{"rendered":"<p>El Estado de M\u00e9xico registr\u00f3 hasta este mi\u00e9rcoles 2 mil 863 casos de COVID-19, de los cuales, 337 se encuentran en otras entidades, inform\u00f3 la Secretar\u00eda de Salud estatal. Asimismo, detalla que 700 personas afectadas por este padecimiento, reciben atenci\u00f3n hospitalaria, adem\u00e1s, 649 est\u00e1n en resguardo domiciliario por presentar s\u00edntomas leves y deber\u00e1n completar los 14 d\u00edas de vigilancia epidemiol\u00f3gica. El titular de la dependencia, Doctor Gabriel O&#8217;Shea Cuevas, sostuvo que se contabilizaron 967 altas sanitarias y 143 lamentables defunciones ocurridas en la entidad, mientras que 67 tuvieron lugar en&hellip;<\/p>\n","protected":false},"author":1,"featured_media":1494,"comment_status":"open","ping_status":"open","sticky":false,"template":"","format":"standard","meta":{"footnotes":""},"categories":[1],"tags":[],"class_list":["post-1495","post","type-post","status-publish","format-standard","has-post-thumbnail","hentry","category-otros"],"yoast_head":"<!-- This site is optimized with the Yoast SEO plugin v27.5 - https:\/\/yoast.com\/product\/yoast-seo-wordpress\/ -->\n<title>ALCANZA EDOM\u00c9X LOS 2,863 CASOS POSITIVOS A COVID-19 - Expresso Metropolitano<\/title>\n<meta name=\"robots\" content=\"index, follow, max-snippet:-1, max-image-preview:large, max-video-preview:-1\" \/>\n<link rel=\"canonical\" href=\"https:\/\/expressometro.mx\/index.php\/2020\/04\/30\/alcanza-edomex-los-2863-casos-positivos-a-covid-19\/\" \/>\n<meta property=\"og:locale\" content=\"es_MX\" \/>\n<meta property=\"og:type\" content=\"article\" \/>\n<meta property=\"og:title\" content=\"ALCANZA EDOM\u00c9X LOS 2,863 CASOS POSITIVOS A COVID-19 - Expresso Metropolitano\" \/>\n<meta property=\"og:description\" content=\"El Estado de M\u00e9xico registr\u00f3 hasta este mi\u00e9rcoles 2 mil 863 casos de COVID-19, de los cuales, 337 se encuentran en otras entidades, inform\u00f3 la Secretar\u00eda de Salud estatal. Asimismo, detalla que 700 personas afectadas por este padecimiento, reciben atenci\u00f3n hospitalaria, adem\u00e1s, 649 est\u00e1n en resguardo domiciliario por presentar s\u00edntomas leves y deber\u00e1n completar los 14 d\u00edas de vigilancia epidemiol\u00f3gica. El titular de la dependencia, Doctor Gabriel O&#8217;Shea Cuevas, sostuvo que se contabilizaron 967 altas sanitarias y 143 lamentables defunciones ocurridas en la entidad, mientras que 67 tuvieron lugar en&hellip;\" \/>\n<meta property=\"og:url\" content=\"https:\/\/expressometro.mx\/index.php\/2020\/04\/30\/alcanza-edomex-los-2863-casos-positivos-a-covid-19\/\" \/>\n<meta property=\"og:site_name\" content=\"Expresso Metropolitano\" \/>\n<meta property=\"article:published_time\" content=\"2020-04-30T18:15:55+00:00\" \/>\n<meta property=\"article:modified_time\" content=\"2020-04-30T18:15:57+00:00\" \/>\n<meta property=\"og:image\" content=\"https:\/\/expressometro.mx\/wp-content\/uploads\/2020\/04\/48721C1E-86EF-4D89-8825-2F4798B6B5BA.jpeg\" \/>\n\t<meta property=\"og:image:width\" content=\"1280\" \/>\n\t<meta property=\"og:image:height\" content=\"959\" \/>\n\t<meta property=\"og:image:type\" content=\"image\/jpeg\" \/>\n<meta name=\"author\" content=\"Expresso Metropolitano\" \/>\n<meta name=\"twitter:label1\" content=\"Escrito por\" \/>\n\t<meta name=\"twitter:data1\" content=\"Expresso Metropolitano\" \/>\n\t<meta name=\"twitter:label2\" content=\"Tiempo de lectura\" \/>\n\t<meta name=\"twitter:data2\" content=\"2 minutos\" \/>\n<script type=\"application\/ld+json\" class=\"yoast-schema-graph\">{\"@context\":\"https:\\\/\\\/schema.org\",\"@graph\":[{\"@type\":\"Article\",\"@id\":\"https:\\\/\\\/expressometro.mx\\\/index.php\\\/2020\\\/04\\\/30\\\/alcanza-edomex-los-2863-casos-positivos-a-covid-19\\\/#article\",\"isPartOf\":{\"@id\":\"https:\\\/\\\/expressometro.mx\\\/index.php\\\/2020\\\/04\\\/30\\\/alcanza-edomex-los-2863-casos-positivos-a-covid-19\\\/\"},\"author\":{\"name\":\"Expresso Metropolitano\",\"@id\":\"https:\\\/\\\/expressometro.mx\\\/#\\\/schema\\\/person\\\/efa971b4a0664db8ed5c22b1b0dd2f5d\"},\"headline\":\"ALCANZA EDOM\u00c9X LOS 2,863 CASOS POSITIVOS A COVID-19\",\"datePublished\":\"2020-04-30T18:15:55+00:00\",\"dateModified\":\"2020-04-30T18:15:57+00:00\",\"mainEntityOfPage\":{\"@id\":\"https:\\\/\\\/expressometro.mx\\\/index.php\\\/2020\\\/04\\\/30\\\/alcanza-edomex-los-2863-casos-positivos-a-covid-19\\\/\"},\"wordCount\":337,\"commentCount\":0,\"publisher\":{\"@id\":\"https:\\\/\\\/expressometro.mx\\\/#organization\"},\"image\":{\"@id\":\"https:\\\/\\\/expressometro.mx\\\/index.php\\\/2020\\\/04\\\/30\\\/alcanza-edomex-los-2863-casos-positivos-a-covid-19\\\/#primaryimage\"},\"thumbnailUrl\":\"https:\\\/\\\/expressometro.mx\\\/wp-content\\\/uploads\\\/2020\\\/04\\\/48721C1E-86EF-4D89-8825-2F4798B6B5BA.jpeg\",\"articleSection\":[\"Otros\"],\"inLanguage\":\"es\",\"potentialAction\":[{\"@type\":\"CommentAction\",\"name\":\"Comment\",\"target\":[\"https:\\\/\\\/expressometro.mx\\\/index.php\\\/2020\\\/04\\\/30\\\/alcanza-edomex-los-2863-casos-positivos-a-covid-19\\\/#respond\"]}]},{\"@type\":\"WebPage\",\"@id\":\"https:\\\/\\\/expressometro.mx\\\/index.php\\\/2020\\\/04\\\/30\\\/alcanza-edomex-los-2863-casos-positivos-a-covid-19\\\/\",\"url\":\"https:\\\/\\\/expressometro.mx\\\/index.php\\\/2020\\\/04\\\/30\\\/alcanza-edomex-los-2863-casos-positivos-a-covid-19\\\/\",\"name\":\"ALCANZA EDOM\u00c9X LOS 2,863 CASOS POSITIVOS A COVID-19 - Expresso Metropolitano\",\"isPartOf\":{\"@id\":\"https:\\\/\\\/expressometro.mx\\\/#website\"},\"primaryImageOfPage\":{\"@id\":\"https:\\\/\\\/expressometro.mx\\\/index.php\\\/2020\\\/04\\\/30\\\/alcanza-edomex-los-2863-casos-positivos-a-covid-19\\\/#primaryimage\"},\"image\":{\"@id\":\"https:\\\/\\\/expressometro.mx\\\/index.php\\\/2020\\\/04\\\/30\\\/alcanza-edomex-los-2863-casos-positivos-a-covid-19\\\/#primaryimage\"},\"thumbnailUrl\":\"https:\\\/\\\/expressometro.mx\\\/wp-content\\\/uploads\\\/2020\\\/04\\\/48721C1E-86EF-4D89-8825-2F4798B6B5BA.jpeg\",\"datePublished\":\"2020-04-30T18:15:55+00:00\",\"dateModified\":\"2020-04-30T18:15:57+00:00\",\"breadcrumb\":{\"@id\":\"https:\\\/\\\/expressometro.mx\\\/index.php\\\/2020\\\/04\\\/30\\\/alcanza-edomex-los-2863-casos-positivos-a-covid-19\\\/#breadcrumb\"},\"inLanguage\":\"es\",\"potentialAction\":[{\"@type\":\"ReadAction\",\"target\":[\"https:\\\/\\\/expressometro.mx\\\/index.php\\\/2020\\\/04\\\/30\\\/alcanza-edomex-los-2863-casos-positivos-a-covid-19\\\/\"]}]},{\"@type\":\"ImageObject\",\"inLanguage\":\"es\",\"@id\":\"https:\\\/\\\/expressometro.mx\\\/index.php\\\/2020\\\/04\\\/30\\\/alcanza-edomex-los-2863-casos-positivos-a-covid-19\\\/#primaryimage\",\"url\":\"https:\\\/\\\/expressometro.mx\\\/wp-content\\\/uploads\\\/2020\\\/04\\\/48721C1E-86EF-4D89-8825-2F4798B6B5BA.jpeg\",\"contentUrl\":\"https:\\\/\\\/expressometro.mx\\\/wp-content\\\/uploads\\\/2020\\\/04\\\/48721C1E-86EF-4D89-8825-2F4798B6B5BA.jpeg\",\"width\":1280,\"height\":959},{\"@type\":\"BreadcrumbList\",\"@id\":\"https:\\\/\\\/expressometro.mx\\\/index.php\\\/2020\\\/04\\\/30\\\/alcanza-edomex-los-2863-casos-positivos-a-covid-19\\\/#breadcrumb\",\"itemListElement\":[{\"@type\":\"ListItem\",\"position\":1,\"name\":\"Inicio\",\"item\":\"https:\\\/\\\/expressometro.mx\\\/\"},{\"@type\":\"ListItem\",\"position\":2,\"name\":\"ALCANZA EDOM\u00c9X LOS 2,863 CASOS POSITIVOS A COVID-19\"}]},{\"@type\":\"WebSite\",\"@id\":\"https:\\\/\\\/expressometro.mx\\\/#website\",\"url\":\"https:\\\/\\\/expressometro.mx\\\/\",\"name\":\"Expresso Metropolitano\",\"description\":\"Periodismo comprometido, informaci\u00f3n, investigaci\u00f3n y an\u00e1lisis\",\"publisher\":{\"@id\":\"https:\\\/\\\/expressometro.mx\\\/#organization\"},\"potentialAction\":[{\"@type\":\"SearchAction\",\"target\":{\"@type\":\"EntryPoint\",\"urlTemplate\":\"https:\\\/\\\/expressometro.mx\\\/?s={search_term_string}\"},\"query-input\":{\"@type\":\"PropertyValueSpecification\",\"valueRequired\":true,\"valueName\":\"search_term_string\"}}],\"inLanguage\":\"es\"},{\"@type\":\"Organization\",\"@id\":\"https:\\\/\\\/expressometro.mx\\\/#organization\",\"name\":\"Expresso Metropolitano\",\"url\":\"https:\\\/\\\/expressometro.mx\\\/\",\"logo\":{\"@type\":\"ImageObject\",\"inLanguage\":\"es\",\"@id\":\"https:\\\/\\\/expressometro.mx\\\/#\\\/schema\\\/logo\\\/image\\\/\",\"url\":\"https:\\\/\\\/expressometro.mx\\\/wp-content\\\/uploads\\\/2019\\\/07\\\/cropped-Logo-Expresso-Metropolitano-1-1.jpeg\",\"contentUrl\":\"https:\\\/\\\/expressometro.mx\\\/wp-content\\\/uploads\\\/2019\\\/07\\\/cropped-Logo-Expresso-Metropolitano-1-1.jpeg\",\"width\":290,\"height\":73,\"caption\":\"Expresso Metropolitano\"},\"image\":{\"@id\":\"https:\\\/\\\/expressometro.mx\\\/#\\\/schema\\\/logo\\\/image\\\/\"}},{\"@type\":\"Person\",\"@id\":\"https:\\\/\\\/expressometro.mx\\\/#\\\/schema\\\/person\\\/efa971b4a0664db8ed5c22b1b0dd2f5d\",\"name\":\"Expresso Metropolitano\",\"image\":{\"@type\":\"ImageObject\",\"inLanguage\":\"es\",\"@id\":\"https:\\\/\\\/secure.gravatar.com\\\/avatar\\\/a89f802b8de18c6952f223c88d3d106e9e3679839f4e25a02f4a6cc2ae6ba3b3?s=96&d=mm&r=g\",\"url\":\"https:\\\/\\\/secure.gravatar.com\\\/avatar\\\/a89f802b8de18c6952f223c88d3d106e9e3679839f4e25a02f4a6cc2ae6ba3b3?s=96&d=mm&r=g\",\"contentUrl\":\"https:\\\/\\\/secure.gravatar.com\\\/avatar\\\/a89f802b8de18c6952f223c88d3d106e9e3679839f4e25a02f4a6cc2ae6ba3b3?s=96&d=mm&r=g\",\"caption\":\"Expresso Metropolitano\"},\"url\":\"https:\\\/\\\/expressometro.mx\\\/index.php\\\/author\\\/diego\\\/\"}]}<\/script>\n<!-- \/ Yoast SEO plugin. -->","yoast_head_json":{"title":"ALCANZA EDOM\u00c9X LOS 2,863 CASOS POSITIVOS A COVID-19 - Expresso Metropolitano","robots":{"index":"index","follow":"follow","max-snippet":"max-snippet:-1","max-image-preview":"max-image-preview:large","max-video-preview":"max-video-preview:-1"},"canonical":"https:\/\/expressometro.mx\/index.php\/2020\/04\/30\/alcanza-edomex-los-2863-casos-positivos-a-covid-19\/","og_locale":"es_MX","og_type":"article","og_title":"ALCANZA EDOM\u00c9X LOS 2,863 CASOS POSITIVOS A COVID-19 - Expresso Metropolitano","og_description":"El Estado de M\u00e9xico registr\u00f3 hasta este mi\u00e9rcoles 2 mil 863 casos de COVID-19, de los cuales, 337 se encuentran en otras entidades, inform\u00f3 la Secretar\u00eda de Salud estatal. Asimismo, detalla que 700 personas afectadas por este padecimiento, reciben atenci\u00f3n hospitalaria, adem\u00e1s, 649 est\u00e1n en resguardo domiciliario por presentar s\u00edntomas leves y deber\u00e1n completar los 14 d\u00edas de vigilancia epidemiol\u00f3gica. El titular de la dependencia, Doctor Gabriel O&#8217;Shea Cuevas, sostuvo que se contabilizaron 967 altas sanitarias y 143 lamentables defunciones ocurridas en la entidad, mientras que 67 tuvieron lugar en&hellip;","og_url":"https:\/\/expressometro.mx\/index.php\/2020\/04\/30\/alcanza-edomex-los-2863-casos-positivos-a-covid-19\/","og_site_name":"Expresso Metropolitano","article_published_time":"2020-04-30T18:15:55+00:00","article_modified_time":"2020-04-30T18:15:57+00:00","og_image":[{"width":1280,"height":959,"url":"https:\/\/expressometro.mx\/wp-content\/uploads\/2020\/04\/48721C1E-86EF-4D89-8825-2F4798B6B5BA.jpeg","type":"image\/jpeg"}],"author":"Expresso Metropolitano","twitter_misc":{"Escrito por":"Expresso Metropolitano","Tiempo de lectura":"2 minutos"},"schema":{"@context":"https:\/\/schema.org","@graph":[{"@type":"Article","@id":"https:\/\/expressometro.mx\/index.php\/2020\/04\/30\/alcanza-edomex-los-2863-casos-positivos-a-covid-19\/#article","isPartOf":{"@id":"https:\/\/expressometro.mx\/index.php\/2020\/04\/30\/alcanza-edomex-los-2863-casos-positivos-a-covid-19\/"},"author":{"name":"Expresso Metropolitano","@id":"https:\/\/expressometro.mx\/#\/schema\/person\/efa971b4a0664db8ed5c22b1b0dd2f5d"},"headline":"ALCANZA EDOM\u00c9X LOS 2,863 CASOS POSITIVOS A COVID-19","datePublished":"2020-04-30T18:15:55+00:00","dateModified":"2020-04-30T18:15:57+00:00","mainEntityOfPage":{"@id":"https:\/\/expressometro.mx\/index.php\/2020\/04\/30\/alcanza-edomex-los-2863-casos-positivos-a-covid-19\/"},"wordCount":337,"commentCount":0,"publisher":{"@id":"https:\/\/expressometro.mx\/#organization"},"image":{"@id":"https:\/\/expressometro.mx\/index.php\/2020\/04\/30\/alcanza-edomex-los-2863-casos-positivos-a-covid-19\/#primaryimage"},"thumbnailUrl":"https:\/\/expressometro.mx\/wp-content\/uploads\/2020\/04\/48721C1E-86EF-4D89-8825-2F4798B6B5BA.jpeg","articleSection":["Otros"],"inLanguage":"es","potentialAction":[{"@type":"CommentAction","name":"Comment","target":["https:\/\/expressometro.mx\/index.php\/2020\/04\/30\/alcanza-edomex-los-2863-casos-positivos-a-covid-19\/#respond"]}]},{"@type":"WebPage","@id":"https:\/\/expressometro.mx\/index.php\/2020\/04\/30\/alcanza-edomex-los-2863-casos-positivos-a-covid-19\/","url":"https:\/\/expressometro.mx\/index.php\/2020\/04\/30\/alcanza-edomex-los-2863-casos-positivos-a-covid-19\/","name":"ALCANZA EDOM\u00c9X LOS 2,863 CASOS POSITIVOS A COVID-19 - Expresso Metropolitano","isPartOf":{"@id":"https:\/\/expressometro.mx\/#website"},"primaryImageOfPage":{"@id":"https:\/\/expressometro.mx\/index.php\/2020\/04\/30\/alcanza-edomex-los-2863-casos-positivos-a-covid-19\/#primaryimage"},"image":{"@id":"https:\/\/expressometro.mx\/index.php\/2020\/04\/30\/alcanza-edomex-los-2863-casos-positivos-a-covid-19\/#primaryimage"},"thumbnailUrl":"https:\/\/expressometro.mx\/wp-content\/uploads\/2020\/04\/48721C1E-86EF-4D89-8825-2F4798B6B5BA.jpeg","datePublished":"2020-04-30T18:15:55+00:00","dateModified":"2020-04-30T18:15:57+00:00","breadcrumb":{"@id":"https:\/\/expressometro.mx\/index.php\/2020\/04\/30\/alcanza-edomex-los-2863-casos-positivos-a-covid-19\/#breadcrumb"},"inLanguage":"es","potentialAction":[{"@type":"ReadAction","target":["https:\/\/expressometro.mx\/index.php\/2020\/04\/30\/alcanza-edomex-los-2863-casos-positivos-a-covid-19\/"]}]},{"@type":"ImageObject","inLanguage":"es","@id":"https:\/\/expressometro.mx\/index.php\/2020\/04\/30\/alcanza-edomex-los-2863-casos-positivos-a-covid-19\/#primaryimage","url":"https:\/\/expressometro.mx\/wp-content\/uploads\/2020\/04\/48721C1E-86EF-4D89-8825-2F4798B6B5BA.jpeg","contentUrl":"https:\/\/expressometro.mx\/wp-content\/uploads\/2020\/04\/48721C1E-86EF-4D89-8825-2F4798B6B5BA.jpeg","width":1280,"height":959},{"@type":"BreadcrumbList","@id":"https:\/\/expressometro.mx\/index.php\/2020\/04\/30\/alcanza-edomex-los-2863-casos-positivos-a-covid-19\/#breadcrumb","itemListElement":[{"@type":"ListItem","position":1,"name":"Inicio","item":"https:\/\/expressometro.mx\/"},{"@type":"ListItem","position":2,"name":"ALCANZA EDOM\u00c9X LOS 2,863 CASOS POSITIVOS A COVID-19"}]},{"@type":"WebSite","@id":"https:\/\/expressometro.mx\/#website","url":"https:\/\/expressometro.mx\/","name":"Expresso Metropolitano","description":"Periodismo comprometido, informaci\u00f3n, investigaci\u00f3n y an\u00e1lisis","publisher":{"@id":"https:\/\/expressometro.mx\/#organization"},"potentialAction":[{"@type":"SearchAction","target":{"@type":"EntryPoint","urlTemplate":"https:\/\/expressometro.mx\/?s={search_term_string}"},"query-input":{"@type":"PropertyValueSpecification","valueRequired":true,"valueName":"search_term_string"}}],"inLanguage":"es"},{"@type":"Organization","@id":"https:\/\/expressometro.mx\/#organization","name":"Expresso Metropolitano","url":"https:\/\/expressometro.mx\/","logo":{"@type":"ImageObject","inLanguage":"es","@id":"https:\/\/expressometro.mx\/#\/schema\/logo\/image\/","url":"https:\/\/expressometro.mx\/wp-content\/uploads\/2019\/07\/cropped-Logo-Expresso-Metropolitano-1-1.jpeg","contentUrl":"https:\/\/expressometro.mx\/wp-content\/uploads\/2019\/07\/cropped-Logo-Expresso-Metropolitano-1-1.jpeg","width":290,"height":73,"caption":"Expresso Metropolitano"},"image":{"@id":"https:\/\/expressometro.mx\/#\/schema\/logo\/image\/"}},{"@type":"Person","@id":"https:\/\/expressometro.mx\/#\/schema\/person\/efa971b4a0664db8ed5c22b1b0dd2f5d","name":"Expresso Metropolitano","image":{"@type":"ImageObject","inLanguage":"es","@id":"https:\/\/secure.gravatar.com\/avatar\/a89f802b8de18c6952f223c88d3d106e9e3679839f4e25a02f4a6cc2ae6ba3b3?s=96&d=mm&r=g","url":"https:\/\/secure.gravatar.com\/avatar\/a89f802b8de18c6952f223c88d3d106e9e3679839f4e25a02f4a6cc2ae6ba3b3?s=96&d=mm&r=g","contentUrl":"https:\/\/secure.gravatar.com\/avatar\/a89f802b8de18c6952f223c88d3d106e9e3679839f4e25a02f4a6cc2ae6ba3b3?s=96&d=mm&r=g","caption":"Expresso Metropolitano"},"url":"https:\/\/expressometro.mx\/index.php\/author\/diego\/"}]}},"amp_enabled":true,"_links":{"self":[{"href":"https:\/\/expressometro.mx\/index.php\/wp-json\/wp\/v2\/posts\/1495","targetHints":{"allow":["GET"]}}],"collection":[{"href":"https:\/\/expressometro.mx\/index.php\/wp-json\/wp\/v2\/posts"}],"about":[{"href":"https:\/\/expressometro.mx\/index.php\/wp-json\/wp\/v2\/types\/post"}],"author":[{"embeddable":true,"href":"https:\/\/expressometro.mx\/index.php\/wp-json\/wp\/v2\/users\/1"}],"replies":[{"embeddable":true,"href":"https:\/\/expressometro.mx\/index.php\/wp-json\/wp\/v2\/comments?post=1495"}],"version-history":[{"count":1,"href":"https:\/\/expressometro.mx\/index.php\/wp-json\/wp\/v2\/posts\/1495\/revisions"}],"predecessor-version":[{"id":1496,"href":"https:\/\/expressometro.mx\/index.php\/wp-json\/wp\/v2\/posts\/1495\/revisions\/1496"}],"wp:featuredmedia":[{"embeddable":true,"href":"https:\/\/expressometro.mx\/index.php\/wp-json\/wp\/v2\/media\/1494"}],"wp:attachment":[{"href":"https:\/\/expressometro.mx\/index.php\/wp-json\/wp\/v2\/media?parent=1495"}],"wp:term":[{"taxonomy":"category","embeddable":true,"href":"https:\/\/expressometro.mx\/index.php\/wp-json\/wp\/v2\/categories?post=1495"},{"taxonomy":"post_tag","embeddable":true,"href":"https:\/\/expressometro.mx\/index.php\/wp-json\/wp\/v2\/tags?post=1495"}],"curies":[{"name":"wp","href":"https:\/\/api.w.org\/{rel}","templated":true}]}}