{"id":1488,"date":"2020-04-30T11:44:09","date_gmt":"2020-04-30T16:44:09","guid":{"rendered":"http:\/\/expressometro.mx\/?p=1488"},"modified":"2020-04-30T12:51:48","modified_gmt":"2020-04-30T17:51:48","slug":"impulsan-ciudad-de-mexico-y-edomex-acciones-conjuntas-para-cuidar-la-integridad-y-salud-de-los-habitantes-de-la-zmvm-alfredo-del-mazo","status":"publish","type":"post","link":"https:\/\/expressometro.mx\/index.php\/2020\/04\/30\/impulsan-ciudad-de-mexico-y-edomex-acciones-conjuntas-para-cuidar-la-integridad-y-salud-de-los-habitantes-de-la-zmvm-alfredo-del-mazo\/","title":{"rendered":"IMPULSAN CIUDAD DE M\u00c9XICO Y EDOM\u00c9X ACCIONES CONJUNTAS PARA CUIDAR LA INTEGRIDAD Y SALUD DE LOS HABITANTES DE LA ZMVM: ALFREDO DEL MAZO"},"content":{"rendered":"\n<p>El Gobernador Alfredo Del Mazo Maza inform\u00f3 que el n\u00famero de contagios por COVID-19 en la  Zona Metropolitana del Valle de M\u00e9xico es el m\u00e1s alto de todo el pa\u00eds y donde adem\u00e1s se reporta el 87 por ciento del n\u00famero de hospitalizaciones por este virus en la entidad, por ello, manifest\u00f3 que se trabaja de manera coordinada con las autoridades de la Ciudad de M\u00e9xico para salvaguardar la integridad de la poblaci\u00f3n de esta regi\u00f3n. <\/p>\n\n\n\n<p>\u201cTrabajamos de la mano para salvar m\u00e1s vidas, son muchos los enfermos y muchos los hospitalizados; el 87 por ciento de las personas hospitalizadas por COVID en el estado, viven en los municipios de la Zona Metropolitana, por eso nuestro esfuerzo para aumentar la capacidad hospitalaria en esta zona\u201d, puntualiz\u00f3. <\/p>\n\n\n\n<p>Al respecto, Alfredo Del Mazo inform\u00f3 que en esta regi\u00f3n se cuentan con 18 hospitales COVID y se trabaja para adaptar otras instalaciones que funcionen como centros de hospitalizaci\u00f3n, principalmente en en Tlalnepantla, Tonanitla,  Texcoco  y Nezahualc\u00f3yotl. <\/p>\n\n\n\n<p>Record\u00f3 que esta regi\u00f3n es la m\u00e1s poblada a nivel nacional, la cual est\u00e1 conformada por la Ciudad de M\u00e9xico y 59 municipios mexiquenses, donde habitan m\u00e1s de 20 millones de personas. <\/p>\n\n\n\n<p>\u201cPor esta raz\u00f3n, la pandemia nos exige actuar de manera conjunta entre autoridades del Estado de M\u00e9xico y de la Ciudad de M\u00e9xico.  Queremos cuidar a los mexiquenses que viven en esta Zona Metropolitana, a quienes van y vienen a trabajar todos los d\u00edas, a quienes cruzan diariamente de un estado a otro\u201d, enfatiz\u00f3. <\/p>\n\n\n\n<p>Asimismo, dijo, 2 millones de personas se trasladan todos los d\u00edas entre la entidad mexiquense y la Ciudad de M\u00e9xico, de ah\u00ed la importancia de emprender medidas coordinadas para reducir la movilidad y el riesgo de contagio en el transporte. <\/p>\n\n\n\n<p>En este sentido, destac\u00f3 que en el Mexib\u00fas y en el Mexicable, as\u00ed como en sus estaciones de trasbordo,  diariamente se realiza un proceso de limpieza profunda y sanitizaci\u00f3n, e invit\u00f3 a que los concesionarios de transporte p\u00fablico tambi\u00e9n lleven a cabo esta actividad.<\/p>\n\n\n\n<p>\u201cLas actividades cotidianas que se llevan a cabo ah\u00ed, hacen que el contagio del coronavirus sea muy alto, lo que sucede en cualquiera de sus municipios o alcald\u00edas tiene un impacto en toda la regi\u00f3n, porque el virus no respeta fronteras. <\/p>\n\n\n\n<p>\u201cNo podemos ver de manera aislada lo que sucede en cada alcald\u00eda o en cada municipio, al contrario, lo que ocurre a cualquiera de ellos, afectar\u00e1 directamente a toda la regi\u00f3n\u201d, se\u00f1al\u00f3. <\/p>\n\n\n\n<p>En un mensaje emitido a trav\u00e9s de redes sociales, Del Mazo Maza indic\u00f3 que el Estado de M\u00e9xico no s\u00f3lo  comparte fronteras con la Ciudad de M\u00e9xico, sino tambi\u00e9n trabajo, transporte, agua y la responsabilidad de cuidar de la esta Zona Metropolitana. <\/p>\n\n\n\n<p>El Gobernador mexiquense puntualiz\u00f3 que la entidad se prepara para atender la mayor cantidad de pacientes que van a requerir hospitalizaci\u00f3n, al estar en la etapa de mayor riesgo de contagio. <\/p>\n\n\n\n<p>Por ello, reiter\u00f3 que la mejor manera de cuidarse y de prevenir m\u00e1s contagios, sigue siendo quedarse en casa y mantener las medidas de higiene, la sana distancia y usar el cubre bocas, entre otras. <\/p>\n\n\n\n<p>Sostuvo que es momento de cuidar todos de todos,  <br> de ser solidarios, ya que con responsabilidad se podr\u00e1 disminuir el n\u00famero de enfermos, y con el apoyo de todos salir adelante.<br><\/p>\n\n\n\n<figure class=\"wp-block-video\"><video height=\"224\" style=\"aspect-ratio: 416 \/ 224;\" width=\"416\" controls src=\"http:\/\/expressometro.mx\/wp-content\/uploads\/2020\/04\/IMG_9668-1.mp4\"><\/video><\/figure>\n","protected":false},"excerpt":{"rendered":"<p>El Gobernador Alfredo Del Mazo Maza inform\u00f3 que el n\u00famero de contagios por COVID-19 en la Zona Metropolitana del Valle de M\u00e9xico es el m\u00e1s alto de todo el pa\u00eds y donde adem\u00e1s se reporta el 87 por ciento del n\u00famero de hospitalizaciones por este virus en la entidad, por ello, manifest\u00f3 que se trabaja de manera coordinada con las autoridades de la Ciudad de M\u00e9xico para salvaguardar la integridad de la poblaci\u00f3n de esta regi\u00f3n. \u201cTrabajamos de la mano para salvar m\u00e1s vidas, son muchos los enfermos y muchos&hellip;<\/p>\n","protected":false},"author":1,"featured_media":1491,"comment_status":"open","ping_status":"open","sticky":false,"template":"","format":"standard","meta":{"footnotes":""},"categories":[1],"tags":[],"class_list":["post-1488","post","type-post","status-publish","format-standard","has-post-thumbnail","hentry","category-otros"],"yoast_head":"<!-- This site is optimized with the Yoast SEO plugin v27.5 - https:\/\/yoast.com\/product\/yoast-seo-wordpress\/ -->\n<title>IMPULSAN CIUDAD DE M\u00c9XICO Y EDOM\u00c9X ACCIONES CONJUNTAS PARA CUIDAR LA INTEGRIDAD Y SALUD DE LOS HABITANTES DE LA ZMVM: ALFREDO DEL MAZO - Expresso Metropolitano<\/title>\n<meta name=\"robots\" content=\"index, follow, max-snippet:-1, max-image-preview:large, max-video-preview:-1\" \/>\n<link rel=\"canonical\" href=\"https:\/\/expressometro.mx\/index.php\/2020\/04\/30\/impulsan-ciudad-de-mexico-y-edomex-acciones-conjuntas-para-cuidar-la-integridad-y-salud-de-los-habitantes-de-la-zmvm-alfredo-del-mazo\/\" \/>\n<meta property=\"og:locale\" content=\"es_MX\" \/>\n<meta property=\"og:type\" content=\"article\" \/>\n<meta property=\"og:title\" content=\"IMPULSAN CIUDAD DE M\u00c9XICO Y EDOM\u00c9X ACCIONES CONJUNTAS PARA CUIDAR LA INTEGRIDAD Y SALUD DE LOS HABITANTES DE LA ZMVM: ALFREDO DEL MAZO - Expresso Metropolitano\" \/>\n<meta property=\"og:description\" content=\"El Gobernador Alfredo Del Mazo Maza inform\u00f3 que el n\u00famero de contagios por COVID-19 en la Zona Metropolitana del Valle de M\u00e9xico es el m\u00e1s alto de todo el pa\u00eds y donde adem\u00e1s se reporta el 87 por ciento del n\u00famero de hospitalizaciones por este virus en la entidad, por ello, manifest\u00f3 que se trabaja de manera coordinada con las autoridades de la Ciudad de M\u00e9xico para salvaguardar la integridad de la poblaci\u00f3n de esta regi\u00f3n. \u201cTrabajamos de la mano para salvar m\u00e1s vidas, son muchos los enfermos y muchos&hellip;\" \/>\n<meta property=\"og:url\" content=\"https:\/\/expressometro.mx\/index.php\/2020\/04\/30\/impulsan-ciudad-de-mexico-y-edomex-acciones-conjuntas-para-cuidar-la-integridad-y-salud-de-los-habitantes-de-la-zmvm-alfredo-del-mazo\/\" \/>\n<meta property=\"og:site_name\" content=\"Expresso Metropolitano\" \/>\n<meta property=\"article:published_time\" content=\"2020-04-30T16:44:09+00:00\" \/>\n<meta property=\"article:modified_time\" content=\"2020-04-30T17:51:48+00:00\" \/>\n<meta property=\"og:image\" content=\"https:\/\/expressometro.mx\/wp-content\/uploads\/2020\/04\/0160B161-FABA-4B62-93D5-1681AF5A9C87.jpeg\" \/>\n\t<meta property=\"og:image:width\" content=\"1280\" \/>\n\t<meta property=\"og:image:height\" content=\"720\" \/>\n\t<meta property=\"og:image:type\" content=\"image\/jpeg\" \/>\n<meta name=\"author\" content=\"Expresso Metropolitano\" \/>\n<meta name=\"twitter:label1\" content=\"Escrito por\" \/>\n\t<meta name=\"twitter:data1\" content=\"Expresso Metropolitano\" \/>\n\t<meta name=\"twitter:label2\" content=\"Tiempo de lectura\" \/>\n\t<meta name=\"twitter:data2\" content=\"3 minutos\" \/>\n<script type=\"application\/ld+json\" class=\"yoast-schema-graph\">{\"@context\":\"https:\\\/\\\/schema.org\",\"@graph\":[{\"@type\":\"Article\",\"@id\":\"https:\\\/\\\/expressometro.mx\\\/index.php\\\/2020\\\/04\\\/30\\\/impulsan-ciudad-de-mexico-y-edomex-acciones-conjuntas-para-cuidar-la-integridad-y-salud-de-los-habitantes-de-la-zmvm-alfredo-del-mazo\\\/#article\",\"isPartOf\":{\"@id\":\"https:\\\/\\\/expressometro.mx\\\/index.php\\\/2020\\\/04\\\/30\\\/impulsan-ciudad-de-mexico-y-edomex-acciones-conjuntas-para-cuidar-la-integridad-y-salud-de-los-habitantes-de-la-zmvm-alfredo-del-mazo\\\/\"},\"author\":{\"name\":\"Expresso Metropolitano\",\"@id\":\"https:\\\/\\\/expressometro.mx\\\/#\\\/schema\\\/person\\\/efa971b4a0664db8ed5c22b1b0dd2f5d\"},\"headline\":\"IMPULSAN CIUDAD DE M\u00c9XICO Y EDOM\u00c9X ACCIONES CONJUNTAS PARA CUIDAR LA INTEGRIDAD Y SALUD DE LOS HABITANTES DE LA ZMVM: ALFREDO DEL MAZO\",\"datePublished\":\"2020-04-30T16:44:09+00:00\",\"dateModified\":\"2020-04-30T17:51:48+00:00\",\"mainEntityOfPage\":{\"@id\":\"https:\\\/\\\/expressometro.mx\\\/index.php\\\/2020\\\/04\\\/30\\\/impulsan-ciudad-de-mexico-y-edomex-acciones-conjuntas-para-cuidar-la-integridad-y-salud-de-los-habitantes-de-la-zmvm-alfredo-del-mazo\\\/\"},\"wordCount\":604,\"commentCount\":0,\"publisher\":{\"@id\":\"https:\\\/\\\/expressometro.mx\\\/#organization\"},\"image\":{\"@id\":\"https:\\\/\\\/expressometro.mx\\\/index.php\\\/2020\\\/04\\\/30\\\/impulsan-ciudad-de-mexico-y-edomex-acciones-conjuntas-para-cuidar-la-integridad-y-salud-de-los-habitantes-de-la-zmvm-alfredo-del-mazo\\\/#primaryimage\"},\"thumbnailUrl\":\"https:\\\/\\\/expressometro.mx\\\/wp-content\\\/uploads\\\/2020\\\/04\\\/0160B161-FABA-4B62-93D5-1681AF5A9C87.jpeg\",\"articleSection\":[\"Otros\"],\"inLanguage\":\"es\",\"potentialAction\":[{\"@type\":\"CommentAction\",\"name\":\"Comment\",\"target\":[\"https:\\\/\\\/expressometro.mx\\\/index.php\\\/2020\\\/04\\\/30\\\/impulsan-ciudad-de-mexico-y-edomex-acciones-conjuntas-para-cuidar-la-integridad-y-salud-de-los-habitantes-de-la-zmvm-alfredo-del-mazo\\\/#respond\"]}]},{\"@type\":\"WebPage\",\"@id\":\"https:\\\/\\\/expressometro.mx\\\/index.php\\\/2020\\\/04\\\/30\\\/impulsan-ciudad-de-mexico-y-edomex-acciones-conjuntas-para-cuidar-la-integridad-y-salud-de-los-habitantes-de-la-zmvm-alfredo-del-mazo\\\/\",\"url\":\"https:\\\/\\\/expressometro.mx\\\/index.php\\\/2020\\\/04\\\/30\\\/impulsan-ciudad-de-mexico-y-edomex-acciones-conjuntas-para-cuidar-la-integridad-y-salud-de-los-habitantes-de-la-zmvm-alfredo-del-mazo\\\/\",\"name\":\"IMPULSAN CIUDAD DE M\u00c9XICO Y EDOM\u00c9X ACCIONES CONJUNTAS PARA CUIDAR LA INTEGRIDAD Y SALUD DE LOS HABITANTES DE LA ZMVM: ALFREDO DEL MAZO - Expresso Metropolitano\",\"isPartOf\":{\"@id\":\"https:\\\/\\\/expressometro.mx\\\/#website\"},\"primaryImageOfPage\":{\"@id\":\"https:\\\/\\\/expressometro.mx\\\/index.php\\\/2020\\\/04\\\/30\\\/impulsan-ciudad-de-mexico-y-edomex-acciones-conjuntas-para-cuidar-la-integridad-y-salud-de-los-habitantes-de-la-zmvm-alfredo-del-mazo\\\/#primaryimage\"},\"image\":{\"@id\":\"https:\\\/\\\/expressometro.mx\\\/index.php\\\/2020\\\/04\\\/30\\\/impulsan-ciudad-de-mexico-y-edomex-acciones-conjuntas-para-cuidar-la-integridad-y-salud-de-los-habitantes-de-la-zmvm-alfredo-del-mazo\\\/#primaryimage\"},\"thumbnailUrl\":\"https:\\\/\\\/expressometro.mx\\\/wp-content\\\/uploads\\\/2020\\\/04\\\/0160B161-FABA-4B62-93D5-1681AF5A9C87.jpeg\",\"datePublished\":\"2020-04-30T16:44:09+00:00\",\"dateModified\":\"2020-04-30T17:51:48+00:00\",\"breadcrumb\":{\"@id\":\"https:\\\/\\\/expressometro.mx\\\/index.php\\\/2020\\\/04\\\/30\\\/impulsan-ciudad-de-mexico-y-edomex-acciones-conjuntas-para-cuidar-la-integridad-y-salud-de-los-habitantes-de-la-zmvm-alfredo-del-mazo\\\/#breadcrumb\"},\"inLanguage\":\"es\",\"potentialAction\":[{\"@type\":\"ReadAction\",\"target\":[\"https:\\\/\\\/expressometro.mx\\\/index.php\\\/2020\\\/04\\\/30\\\/impulsan-ciudad-de-mexico-y-edomex-acciones-conjuntas-para-cuidar-la-integridad-y-salud-de-los-habitantes-de-la-zmvm-alfredo-del-mazo\\\/\"]}]},{\"@type\":\"ImageObject\",\"inLanguage\":\"es\",\"@id\":\"https:\\\/\\\/expressometro.mx\\\/index.php\\\/2020\\\/04\\\/30\\\/impulsan-ciudad-de-mexico-y-edomex-acciones-conjuntas-para-cuidar-la-integridad-y-salud-de-los-habitantes-de-la-zmvm-alfredo-del-mazo\\\/#primaryimage\",\"url\":\"https:\\\/\\\/expressometro.mx\\\/wp-content\\\/uploads\\\/2020\\\/04\\\/0160B161-FABA-4B62-93D5-1681AF5A9C87.jpeg\",\"contentUrl\":\"https:\\\/\\\/expressometro.mx\\\/wp-content\\\/uploads\\\/2020\\\/04\\\/0160B161-FABA-4B62-93D5-1681AF5A9C87.jpeg\",\"width\":1280,\"height\":720},{\"@type\":\"BreadcrumbList\",\"@id\":\"https:\\\/\\\/expressometro.mx\\\/index.php\\\/2020\\\/04\\\/30\\\/impulsan-ciudad-de-mexico-y-edomex-acciones-conjuntas-para-cuidar-la-integridad-y-salud-de-los-habitantes-de-la-zmvm-alfredo-del-mazo\\\/#breadcrumb\",\"itemListElement\":[{\"@type\":\"ListItem\",\"position\":1,\"name\":\"Inicio\",\"item\":\"https:\\\/\\\/expressometro.mx\\\/\"},{\"@type\":\"ListItem\",\"position\":2,\"name\":\"IMPULSAN CIUDAD DE M\u00c9XICO Y EDOM\u00c9X ACCIONES CONJUNTAS PARA CUIDAR LA INTEGRIDAD Y SALUD DE LOS HABITANTES DE LA ZMVM: ALFREDO DEL MAZO\"}]},{\"@type\":\"WebSite\",\"@id\":\"https:\\\/\\\/expressometro.mx\\\/#website\",\"url\":\"https:\\\/\\\/expressometro.mx\\\/\",\"name\":\"Expresso Metropolitano\",\"description\":\"Periodismo comprometido, informaci\u00f3n, investigaci\u00f3n y an\u00e1lisis\",\"publisher\":{\"@id\":\"https:\\\/\\\/expressometro.mx\\\/#organization\"},\"potentialAction\":[{\"@type\":\"SearchAction\",\"target\":{\"@type\":\"EntryPoint\",\"urlTemplate\":\"https:\\\/\\\/expressometro.mx\\\/?s={search_term_string}\"},\"query-input\":{\"@type\":\"PropertyValueSpecification\",\"valueRequired\":true,\"valueName\":\"search_term_string\"}}],\"inLanguage\":\"es\"},{\"@type\":\"Organization\",\"@id\":\"https:\\\/\\\/expressometro.mx\\\/#organization\",\"name\":\"Expresso Metropolitano\",\"url\":\"https:\\\/\\\/expressometro.mx\\\/\",\"logo\":{\"@type\":\"ImageObject\",\"inLanguage\":\"es\",\"@id\":\"https:\\\/\\\/expressometro.mx\\\/#\\\/schema\\\/logo\\\/image\\\/\",\"url\":\"https:\\\/\\\/expressometro.mx\\\/wp-content\\\/uploads\\\/2019\\\/07\\\/cropped-Logo-Expresso-Metropolitano-1-1.jpeg\",\"contentUrl\":\"https:\\\/\\\/expressometro.mx\\\/wp-content\\\/uploads\\\/2019\\\/07\\\/cropped-Logo-Expresso-Metropolitano-1-1.jpeg\",\"width\":290,\"height\":73,\"caption\":\"Expresso Metropolitano\"},\"image\":{\"@id\":\"https:\\\/\\\/expressometro.mx\\\/#\\\/schema\\\/logo\\\/image\\\/\"}},{\"@type\":\"Person\",\"@id\":\"https:\\\/\\\/expressometro.mx\\\/#\\\/schema\\\/person\\\/efa971b4a0664db8ed5c22b1b0dd2f5d\",\"name\":\"Expresso Metropolitano\",\"image\":{\"@type\":\"ImageObject\",\"inLanguage\":\"es\",\"@id\":\"https:\\\/\\\/secure.gravatar.com\\\/avatar\\\/a89f802b8de18c6952f223c88d3d106e9e3679839f4e25a02f4a6cc2ae6ba3b3?s=96&d=mm&r=g\",\"url\":\"https:\\\/\\\/secure.gravatar.com\\\/avatar\\\/a89f802b8de18c6952f223c88d3d106e9e3679839f4e25a02f4a6cc2ae6ba3b3?s=96&d=mm&r=g\",\"contentUrl\":\"https:\\\/\\\/secure.gravatar.com\\\/avatar\\\/a89f802b8de18c6952f223c88d3d106e9e3679839f4e25a02f4a6cc2ae6ba3b3?s=96&d=mm&r=g\",\"caption\":\"Expresso Metropolitano\"},\"url\":\"https:\\\/\\\/expressometro.mx\\\/index.php\\\/author\\\/diego\\\/\"}]}<\/script>\n<!-- \/ Yoast SEO plugin. -->","yoast_head_json":{"title":"IMPULSAN CIUDAD DE M\u00c9XICO Y EDOM\u00c9X ACCIONES CONJUNTAS PARA CUIDAR LA INTEGRIDAD Y SALUD DE LOS HABITANTES DE LA ZMVM: ALFREDO DEL MAZO - Expresso Metropolitano","robots":{"index":"index","follow":"follow","max-snippet":"max-snippet:-1","max-image-preview":"max-image-preview:large","max-video-preview":"max-video-preview:-1"},"canonical":"https:\/\/expressometro.mx\/index.php\/2020\/04\/30\/impulsan-ciudad-de-mexico-y-edomex-acciones-conjuntas-para-cuidar-la-integridad-y-salud-de-los-habitantes-de-la-zmvm-alfredo-del-mazo\/","og_locale":"es_MX","og_type":"article","og_title":"IMPULSAN CIUDAD DE M\u00c9XICO Y EDOM\u00c9X ACCIONES CONJUNTAS PARA CUIDAR LA INTEGRIDAD Y SALUD DE LOS HABITANTES DE LA ZMVM: ALFREDO DEL MAZO - Expresso Metropolitano","og_description":"El Gobernador Alfredo Del Mazo Maza inform\u00f3 que el n\u00famero de contagios por COVID-19 en la Zona Metropolitana del Valle de M\u00e9xico es el m\u00e1s alto de todo el pa\u00eds y donde adem\u00e1s se reporta el 87 por ciento del n\u00famero de hospitalizaciones por este virus en la entidad, por ello, manifest\u00f3 que se trabaja de manera coordinada con las autoridades de la Ciudad de M\u00e9xico para salvaguardar la integridad de la poblaci\u00f3n de esta regi\u00f3n. \u201cTrabajamos de la mano para salvar m\u00e1s vidas, son muchos los enfermos y muchos&hellip;","og_url":"https:\/\/expressometro.mx\/index.php\/2020\/04\/30\/impulsan-ciudad-de-mexico-y-edomex-acciones-conjuntas-para-cuidar-la-integridad-y-salud-de-los-habitantes-de-la-zmvm-alfredo-del-mazo\/","og_site_name":"Expresso Metropolitano","article_published_time":"2020-04-30T16:44:09+00:00","article_modified_time":"2020-04-30T17:51:48+00:00","og_image":[{"width":1280,"height":720,"url":"https:\/\/expressometro.mx\/wp-content\/uploads\/2020\/04\/0160B161-FABA-4B62-93D5-1681AF5A9C87.jpeg","type":"image\/jpeg"}],"author":"Expresso Metropolitano","twitter_misc":{"Escrito por":"Expresso Metropolitano","Tiempo de lectura":"3 minutos"},"schema":{"@context":"https:\/\/schema.org","@graph":[{"@type":"Article","@id":"https:\/\/expressometro.mx\/index.php\/2020\/04\/30\/impulsan-ciudad-de-mexico-y-edomex-acciones-conjuntas-para-cuidar-la-integridad-y-salud-de-los-habitantes-de-la-zmvm-alfredo-del-mazo\/#article","isPartOf":{"@id":"https:\/\/expressometro.mx\/index.php\/2020\/04\/30\/impulsan-ciudad-de-mexico-y-edomex-acciones-conjuntas-para-cuidar-la-integridad-y-salud-de-los-habitantes-de-la-zmvm-alfredo-del-mazo\/"},"author":{"name":"Expresso Metropolitano","@id":"https:\/\/expressometro.mx\/#\/schema\/person\/efa971b4a0664db8ed5c22b1b0dd2f5d"},"headline":"IMPULSAN CIUDAD DE M\u00c9XICO Y EDOM\u00c9X ACCIONES CONJUNTAS PARA CUIDAR LA INTEGRIDAD Y SALUD DE LOS HABITANTES DE LA ZMVM: ALFREDO DEL MAZO","datePublished":"2020-04-30T16:44:09+00:00","dateModified":"2020-04-30T17:51:48+00:00","mainEntityOfPage":{"@id":"https:\/\/expressometro.mx\/index.php\/2020\/04\/30\/impulsan-ciudad-de-mexico-y-edomex-acciones-conjuntas-para-cuidar-la-integridad-y-salud-de-los-habitantes-de-la-zmvm-alfredo-del-mazo\/"},"wordCount":604,"commentCount":0,"publisher":{"@id":"https:\/\/expressometro.mx\/#organization"},"image":{"@id":"https:\/\/expressometro.mx\/index.php\/2020\/04\/30\/impulsan-ciudad-de-mexico-y-edomex-acciones-conjuntas-para-cuidar-la-integridad-y-salud-de-los-habitantes-de-la-zmvm-alfredo-del-mazo\/#primaryimage"},"thumbnailUrl":"https:\/\/expressometro.mx\/wp-content\/uploads\/2020\/04\/0160B161-FABA-4B62-93D5-1681AF5A9C87.jpeg","articleSection":["Otros"],"inLanguage":"es","potentialAction":[{"@type":"CommentAction","name":"Comment","target":["https:\/\/expressometro.mx\/index.php\/2020\/04\/30\/impulsan-ciudad-de-mexico-y-edomex-acciones-conjuntas-para-cuidar-la-integridad-y-salud-de-los-habitantes-de-la-zmvm-alfredo-del-mazo\/#respond"]}]},{"@type":"WebPage","@id":"https:\/\/expressometro.mx\/index.php\/2020\/04\/30\/impulsan-ciudad-de-mexico-y-edomex-acciones-conjuntas-para-cuidar-la-integridad-y-salud-de-los-habitantes-de-la-zmvm-alfredo-del-mazo\/","url":"https:\/\/expressometro.mx\/index.php\/2020\/04\/30\/impulsan-ciudad-de-mexico-y-edomex-acciones-conjuntas-para-cuidar-la-integridad-y-salud-de-los-habitantes-de-la-zmvm-alfredo-del-mazo\/","name":"IMPULSAN CIUDAD DE M\u00c9XICO Y EDOM\u00c9X ACCIONES CONJUNTAS PARA CUIDAR LA INTEGRIDAD Y SALUD DE LOS HABITANTES DE LA ZMVM: ALFREDO DEL MAZO - Expresso Metropolitano","isPartOf":{"@id":"https:\/\/expressometro.mx\/#website"},"primaryImageOfPage":{"@id":"https:\/\/expressometro.mx\/index.php\/2020\/04\/30\/impulsan-ciudad-de-mexico-y-edomex-acciones-conjuntas-para-cuidar-la-integridad-y-salud-de-los-habitantes-de-la-zmvm-alfredo-del-mazo\/#primaryimage"},"image":{"@id":"https:\/\/expressometro.mx\/index.php\/2020\/04\/30\/impulsan-ciudad-de-mexico-y-edomex-acciones-conjuntas-para-cuidar-la-integridad-y-salud-de-los-habitantes-de-la-zmvm-alfredo-del-mazo\/#primaryimage"},"thumbnailUrl":"https:\/\/expressometro.mx\/wp-content\/uploads\/2020\/04\/0160B161-FABA-4B62-93D5-1681AF5A9C87.jpeg","datePublished":"2020-04-30T16:44:09+00:00","dateModified":"2020-04-30T17:51:48+00:00","breadcrumb":{"@id":"https:\/\/expressometro.mx\/index.php\/2020\/04\/30\/impulsan-ciudad-de-mexico-y-edomex-acciones-conjuntas-para-cuidar-la-integridad-y-salud-de-los-habitantes-de-la-zmvm-alfredo-del-mazo\/#breadcrumb"},"inLanguage":"es","potentialAction":[{"@type":"ReadAction","target":["https:\/\/expressometro.mx\/index.php\/2020\/04\/30\/impulsan-ciudad-de-mexico-y-edomex-acciones-conjuntas-para-cuidar-la-integridad-y-salud-de-los-habitantes-de-la-zmvm-alfredo-del-mazo\/"]}]},{"@type":"ImageObject","inLanguage":"es","@id":"https:\/\/expressometro.mx\/index.php\/2020\/04\/30\/impulsan-ciudad-de-mexico-y-edomex-acciones-conjuntas-para-cuidar-la-integridad-y-salud-de-los-habitantes-de-la-zmvm-alfredo-del-mazo\/#primaryimage","url":"https:\/\/expressometro.mx\/wp-content\/uploads\/2020\/04\/0160B161-FABA-4B62-93D5-1681AF5A9C87.jpeg","contentUrl":"https:\/\/expressometro.mx\/wp-content\/uploads\/2020\/04\/0160B161-FABA-4B62-93D5-1681AF5A9C87.jpeg","width":1280,"height":720},{"@type":"BreadcrumbList","@id":"https:\/\/expressometro.mx\/index.php\/2020\/04\/30\/impulsan-ciudad-de-mexico-y-edomex-acciones-conjuntas-para-cuidar-la-integridad-y-salud-de-los-habitantes-de-la-zmvm-alfredo-del-mazo\/#breadcrumb","itemListElement":[{"@type":"ListItem","position":1,"name":"Inicio","item":"https:\/\/expressometro.mx\/"},{"@type":"ListItem","position":2,"name":"IMPULSAN CIUDAD DE M\u00c9XICO Y EDOM\u00c9X ACCIONES CONJUNTAS PARA CUIDAR LA INTEGRIDAD Y SALUD DE LOS HABITANTES DE LA ZMVM: ALFREDO DEL MAZO"}]},{"@type":"WebSite","@id":"https:\/\/expressometro.mx\/#website","url":"https:\/\/expressometro.mx\/","name":"Expresso Metropolitano","description":"Periodismo comprometido, informaci\u00f3n, investigaci\u00f3n y an\u00e1lisis","publisher":{"@id":"https:\/\/expressometro.mx\/#organization"},"potentialAction":[{"@type":"SearchAction","target":{"@type":"EntryPoint","urlTemplate":"https:\/\/expressometro.mx\/?s={search_term_string}"},"query-input":{"@type":"PropertyValueSpecification","valueRequired":true,"valueName":"search_term_string"}}],"inLanguage":"es"},{"@type":"Organization","@id":"https:\/\/expressometro.mx\/#organization","name":"Expresso Metropolitano","url":"https:\/\/expressometro.mx\/","logo":{"@type":"ImageObject","inLanguage":"es","@id":"https:\/\/expressometro.mx\/#\/schema\/logo\/image\/","url":"https:\/\/expressometro.mx\/wp-content\/uploads\/2019\/07\/cropped-Logo-Expresso-Metropolitano-1-1.jpeg","contentUrl":"https:\/\/expressometro.mx\/wp-content\/uploads\/2019\/07\/cropped-Logo-Expresso-Metropolitano-1-1.jpeg","width":290,"height":73,"caption":"Expresso Metropolitano"},"image":{"@id":"https:\/\/expressometro.mx\/#\/schema\/logo\/image\/"}},{"@type":"Person","@id":"https:\/\/expressometro.mx\/#\/schema\/person\/efa971b4a0664db8ed5c22b1b0dd2f5d","name":"Expresso Metropolitano","image":{"@type":"ImageObject","inLanguage":"es","@id":"https:\/\/secure.gravatar.com\/avatar\/a89f802b8de18c6952f223c88d3d106e9e3679839f4e25a02f4a6cc2ae6ba3b3?s=96&d=mm&r=g","url":"https:\/\/secure.gravatar.com\/avatar\/a89f802b8de18c6952f223c88d3d106e9e3679839f4e25a02f4a6cc2ae6ba3b3?s=96&d=mm&r=g","contentUrl":"https:\/\/secure.gravatar.com\/avatar\/a89f802b8de18c6952f223c88d3d106e9e3679839f4e25a02f4a6cc2ae6ba3b3?s=96&d=mm&r=g","caption":"Expresso Metropolitano"},"url":"https:\/\/expressometro.mx\/index.php\/author\/diego\/"}]}},"amp_enabled":true,"_links":{"self":[{"href":"https:\/\/expressometro.mx\/index.php\/wp-json\/wp\/v2\/posts\/1488","targetHints":{"allow":["GET"]}}],"collection":[{"href":"https:\/\/expressometro.mx\/index.php\/wp-json\/wp\/v2\/posts"}],"about":[{"href":"https:\/\/expressometro.mx\/index.php\/wp-json\/wp\/v2\/types\/post"}],"author":[{"embeddable":true,"href":"https:\/\/expressometro.mx\/index.php\/wp-json\/wp\/v2\/users\/1"}],"replies":[{"embeddable":true,"href":"https:\/\/expressometro.mx\/index.php\/wp-json\/wp\/v2\/comments?post=1488"}],"version-history":[{"count":2,"href":"https:\/\/expressometro.mx\/index.php\/wp-json\/wp\/v2\/posts\/1488\/revisions"}],"predecessor-version":[{"id":1492,"href":"https:\/\/expressometro.mx\/index.php\/wp-json\/wp\/v2\/posts\/1488\/revisions\/1492"}],"wp:featuredmedia":[{"embeddable":true,"href":"https:\/\/expressometro.mx\/index.php\/wp-json\/wp\/v2\/media\/1491"}],"wp:attachment":[{"href":"https:\/\/expressometro.mx\/index.php\/wp-json\/wp\/v2\/media?parent=1488"}],"wp:term":[{"taxonomy":"category","embeddable":true,"href":"https:\/\/expressometro.mx\/index.php\/wp-json\/wp\/v2\/categories?post=1488"},{"taxonomy":"post_tag","embeddable":true,"href":"https:\/\/expressometro.mx\/index.php\/wp-json\/wp\/v2\/tags?post=1488"}],"curies":[{"name":"wp","href":"https:\/\/api.w.org\/{rel}","templated":true}]}}