{"id":1481,"date":"2020-04-27T13:18:52","date_gmt":"2020-04-27T18:18:52","guid":{"rendered":"http:\/\/expressometro.mx\/?p=1481"},"modified":"2020-04-27T13:18:54","modified_gmt":"2020-04-27T18:18:54","slug":"llama-alfredo-del-mazo-a-los-mexiquenses-a-quedarse-en-casa-para-evitar-contagios-de-covid-19-y-no-saturar-el-sistema-de-salud","status":"publish","type":"post","link":"https:\/\/expressometro.mx\/index.php\/2020\/04\/27\/llama-alfredo-del-mazo-a-los-mexiquenses-a-quedarse-en-casa-para-evitar-contagios-de-covid-19-y-no-saturar-el-sistema-de-salud\/","title":{"rendered":"LLAMA ALFREDO DEL MAZO A LOS MEXIQUENSES A QUEDARSE EN CASA PARA EVITAR CONTAGIOS DE COVID-19 Y NO SATURAR EL SISTEMA DE SALUD"},"content":{"rendered":"\n<p>Ante el incremento de casos de contagio de COVID-19 en el pa\u00eds y en la entidad, el Gobernador Alfredo Del Mazo Maza urgi\u00f3 a los mexiquenses a hacer un mayor esfuerzo para quedarse en casa y no olvidar realizar las medidas sanitarias para frenar la propagaci\u00f3n de esta enfermedad. <\/p>\n\n\n\n<p>Puntualiz\u00f3 que en mayo se espera la ola m\u00e1s alta de contagios y por lo tanto, un gran n\u00famero de enfermos necesitar\u00e1n atenci\u00f3n m\u00e9dica y hospitalizaci\u00f3n, por lo que reiter\u00f3 el llamado de atender las recomendaciones sanitarias y evitar la saturaci\u00f3n del sistema de salud estatal.<\/p>\n\n\n\n<p>&#8220;Necesitamos disminuir el ritmo de contagios, se trata de salvar vidas y la mejor manera de hacerlo es quedarse en casa. S\u00e9 que es muy dif\u00edcil poner en pausa todas nuestras actividades, reconozco el esfuerzo que todos han hecho, pero s\u00f3lo as\u00ed lo vamos a lograr.<\/p>\n\n\n\n<p>&#8220;Nuestra preocupaci\u00f3n esta justo ah\u00ed, en los enfermos que necesitan hospitalizaci\u00f3n, est\u00e1 creciendo a un ritmo muy r\u00e1pido y de continuar as\u00ed provocar\u00e1 que se sature el sistema de salud&#8221;, puntualiz\u00f3. <\/p>\n\n\n\n<p>En un mensaje a trav\u00e9s de redes sociales, el mandatario mexiquense enfatiz\u00f3 que su administraci\u00f3n se prepar\u00f3 desde un inicio para esta pandemia, con diversas estrategias como la reorganizaci\u00f3n de 106 hospitales del sector p\u00fablico, la asignaci\u00f3n de 30 de \u00e9stos para atender exclusivamente casos de coronavirus, as\u00ed como el aumento de equipo m\u00e9dico o la adecuaci\u00f3n de espacios como el Centro de Convenciones de Toluca, o un hospital inflable en Ecatepec para recibir pacientes, entre otros. <\/p>\n\n\n\n<p>&#8220;Desde el inicio de la pandemia nos hemos estado preparando para los momentos m\u00e1s dif\u00edciles, hemos reorganizado los 106 hospitales de todo el estado, hemos definido 30 Hospitales COVID, hemos preparado pisos completos, debidamente aislados, protegidos para la atenci\u00f3n de los pacientes positivos.<\/p>\n\n\n\n<p>\u201cTambi\u00e9n hemos aumentado el equipo m\u00e9dico, camas ventiladores, adem\u00e1s estamos adaptando otras instalaciones para poder atender a m\u00e1s personas&#8221;, especific\u00f3. <\/p>\n\n\n\n<p>Alfredo Del Mazo explic\u00f3 que de mantenerse  el actual ritmo de contagios, no alcanzar\u00e1 la capacidad de los hospitales para atender al mismo tiempo a los enfermos que van a requerir atenci\u00f3n, por lo que enfatiz\u00f3 la importancia de evitar salir de casa, o hacerlo solamente para alguna actividad escencial. <\/p>\n\n\n\n<p>&#8220;Si se mantiene este ritmo, a\u00fan con todo lo que hemos previsto, muy pronto llegaremos al punto donde todos los hospitales est\u00e9n llenos. Esto significa que no habr\u00eda camas suficientes para atender a todos los enfermos contagiados por el coronavirus.<\/p>\n\n\n\n<p>&#8220;Necesitamos bajar el ritmo de contagios, de enfermos, para que las personas que necesitan hospitalizarse, puedan hacerlo, tengan un espacio, tengan una cama y puedan ser atendidos adecuadamente&#8221;, enfatiz\u00f3. <\/p>\n\n\n\n<p>Finalmente, reiter\u00f3 la importancia de continuar aplicando medidas como que una sola persona sea la que salga hacer las compras de la familia,  mantener las medidas de higiene, usar cubrebocas y mantener la sana distancia.<\/p>\n\n\n\n<figure class=\"wp-block-video\"><video height=\"360\" style=\"aspect-ratio: 640 \/ 360;\" width=\"640\" controls src=\"http:\/\/expressometro.mx\/wp-content\/uploads\/2020\/04\/IMG_9451.mp4\"><\/video><\/figure>\n","protected":false},"excerpt":{"rendered":"<p>Ante el incremento de casos de contagio de COVID-19 en el pa\u00eds y en la entidad, el Gobernador Alfredo Del Mazo Maza urgi\u00f3 a los mexiquenses a hacer un mayor esfuerzo para quedarse en casa y no olvidar realizar las medidas sanitarias para frenar la propagaci\u00f3n de esta enfermedad. Puntualiz\u00f3 que en mayo se espera la ola m\u00e1s alta de contagios y por lo tanto, un gran n\u00famero de enfermos necesitar\u00e1n atenci\u00f3n m\u00e9dica y hospitalizaci\u00f3n, por lo que reiter\u00f3 el llamado de atender las recomendaciones sanitarias y evitar la saturaci\u00f3n&hellip;<\/p>\n","protected":false},"author":1,"featured_media":1483,"comment_status":"open","ping_status":"open","sticky":false,"template":"","format":"standard","meta":{"footnotes":""},"categories":[1],"tags":[],"class_list":["post-1481","post","type-post","status-publish","format-standard","has-post-thumbnail","hentry","category-otros"],"yoast_head":"<!-- This site is optimized with the Yoast SEO plugin v27.5 - https:\/\/yoast.com\/product\/yoast-seo-wordpress\/ -->\n<title>LLAMA ALFREDO DEL MAZO A LOS MEXIQUENSES A QUEDARSE EN CASA PARA EVITAR CONTAGIOS DE COVID-19 Y NO SATURAR EL SISTEMA DE SALUD - Expresso Metropolitano<\/title>\n<meta name=\"robots\" content=\"index, follow, max-snippet:-1, max-image-preview:large, max-video-preview:-1\" \/>\n<link rel=\"canonical\" href=\"https:\/\/expressometro.mx\/index.php\/2020\/04\/27\/llama-alfredo-del-mazo-a-los-mexiquenses-a-quedarse-en-casa-para-evitar-contagios-de-covid-19-y-no-saturar-el-sistema-de-salud\/\" \/>\n<meta property=\"og:locale\" content=\"es_MX\" \/>\n<meta property=\"og:type\" content=\"article\" \/>\n<meta property=\"og:title\" content=\"LLAMA ALFREDO DEL MAZO A LOS MEXIQUENSES A QUEDARSE EN CASA PARA EVITAR CONTAGIOS DE COVID-19 Y NO SATURAR EL SISTEMA DE SALUD - Expresso Metropolitano\" \/>\n<meta property=\"og:description\" content=\"Ante el incremento de casos de contagio de COVID-19 en el pa\u00eds y en la entidad, el Gobernador Alfredo Del Mazo Maza urgi\u00f3 a los mexiquenses a hacer un mayor esfuerzo para quedarse en casa y no olvidar realizar las medidas sanitarias para frenar la propagaci\u00f3n de esta enfermedad. Puntualiz\u00f3 que en mayo se espera la ola m\u00e1s alta de contagios y por lo tanto, un gran n\u00famero de enfermos necesitar\u00e1n atenci\u00f3n m\u00e9dica y hospitalizaci\u00f3n, por lo que reiter\u00f3 el llamado de atender las recomendaciones sanitarias y evitar la saturaci\u00f3n&hellip;\" \/>\n<meta property=\"og:url\" content=\"https:\/\/expressometro.mx\/index.php\/2020\/04\/27\/llama-alfredo-del-mazo-a-los-mexiquenses-a-quedarse-en-casa-para-evitar-contagios-de-covid-19-y-no-saturar-el-sistema-de-salud\/\" \/>\n<meta property=\"og:site_name\" content=\"Expresso Metropolitano\" \/>\n<meta property=\"article:published_time\" content=\"2020-04-27T18:18:52+00:00\" \/>\n<meta property=\"article:modified_time\" content=\"2020-04-27T18:18:54+00:00\" \/>\n<meta property=\"og:image\" content=\"https:\/\/expressometro.mx\/wp-content\/uploads\/2020\/04\/1760EC06-D6F3-4E53-875C-E6C2025E72B9.jpeg\" \/>\n\t<meta property=\"og:image:width\" content=\"1280\" \/>\n\t<meta property=\"og:image:height\" content=\"720\" \/>\n\t<meta property=\"og:image:type\" content=\"image\/jpeg\" \/>\n<meta name=\"author\" content=\"Expresso Metropolitano\" \/>\n<meta name=\"twitter:label1\" content=\"Escrito por\" \/>\n\t<meta name=\"twitter:data1\" content=\"Expresso Metropolitano\" \/>\n\t<meta name=\"twitter:label2\" content=\"Tiempo de lectura\" \/>\n\t<meta name=\"twitter:data2\" content=\"2 minutos\" \/>\n<script type=\"application\/ld+json\" class=\"yoast-schema-graph\">{\"@context\":\"https:\\\/\\\/schema.org\",\"@graph\":[{\"@type\":\"Article\",\"@id\":\"https:\\\/\\\/expressometro.mx\\\/index.php\\\/2020\\\/04\\\/27\\\/llama-alfredo-del-mazo-a-los-mexiquenses-a-quedarse-en-casa-para-evitar-contagios-de-covid-19-y-no-saturar-el-sistema-de-salud\\\/#article\",\"isPartOf\":{\"@id\":\"https:\\\/\\\/expressometro.mx\\\/index.php\\\/2020\\\/04\\\/27\\\/llama-alfredo-del-mazo-a-los-mexiquenses-a-quedarse-en-casa-para-evitar-contagios-de-covid-19-y-no-saturar-el-sistema-de-salud\\\/\"},\"author\":{\"name\":\"Expresso Metropolitano\",\"@id\":\"https:\\\/\\\/expressometro.mx\\\/#\\\/schema\\\/person\\\/efa971b4a0664db8ed5c22b1b0dd2f5d\"},\"headline\":\"LLAMA ALFREDO DEL MAZO A LOS MEXIQUENSES A QUEDARSE EN CASA PARA EVITAR CONTAGIOS DE COVID-19 Y NO SATURAR EL SISTEMA DE SALUD\",\"datePublished\":\"2020-04-27T18:18:52+00:00\",\"dateModified\":\"2020-04-27T18:18:54+00:00\",\"mainEntityOfPage\":{\"@id\":\"https:\\\/\\\/expressometro.mx\\\/index.php\\\/2020\\\/04\\\/27\\\/llama-alfredo-del-mazo-a-los-mexiquenses-a-quedarse-en-casa-para-evitar-contagios-de-covid-19-y-no-saturar-el-sistema-de-salud\\\/\"},\"wordCount\":517,\"commentCount\":0,\"publisher\":{\"@id\":\"https:\\\/\\\/expressometro.mx\\\/#organization\"},\"image\":{\"@id\":\"https:\\\/\\\/expressometro.mx\\\/index.php\\\/2020\\\/04\\\/27\\\/llama-alfredo-del-mazo-a-los-mexiquenses-a-quedarse-en-casa-para-evitar-contagios-de-covid-19-y-no-saturar-el-sistema-de-salud\\\/#primaryimage\"},\"thumbnailUrl\":\"https:\\\/\\\/expressometro.mx\\\/wp-content\\\/uploads\\\/2020\\\/04\\\/1760EC06-D6F3-4E53-875C-E6C2025E72B9.jpeg\",\"articleSection\":[\"Otros\"],\"inLanguage\":\"es\",\"potentialAction\":[{\"@type\":\"CommentAction\",\"name\":\"Comment\",\"target\":[\"https:\\\/\\\/expressometro.mx\\\/index.php\\\/2020\\\/04\\\/27\\\/llama-alfredo-del-mazo-a-los-mexiquenses-a-quedarse-en-casa-para-evitar-contagios-de-covid-19-y-no-saturar-el-sistema-de-salud\\\/#respond\"]}]},{\"@type\":\"WebPage\",\"@id\":\"https:\\\/\\\/expressometro.mx\\\/index.php\\\/2020\\\/04\\\/27\\\/llama-alfredo-del-mazo-a-los-mexiquenses-a-quedarse-en-casa-para-evitar-contagios-de-covid-19-y-no-saturar-el-sistema-de-salud\\\/\",\"url\":\"https:\\\/\\\/expressometro.mx\\\/index.php\\\/2020\\\/04\\\/27\\\/llama-alfredo-del-mazo-a-los-mexiquenses-a-quedarse-en-casa-para-evitar-contagios-de-covid-19-y-no-saturar-el-sistema-de-salud\\\/\",\"name\":\"LLAMA ALFREDO DEL MAZO A LOS MEXIQUENSES A QUEDARSE EN CASA PARA EVITAR CONTAGIOS DE COVID-19 Y NO SATURAR EL SISTEMA DE SALUD - Expresso Metropolitano\",\"isPartOf\":{\"@id\":\"https:\\\/\\\/expressometro.mx\\\/#website\"},\"primaryImageOfPage\":{\"@id\":\"https:\\\/\\\/expressometro.mx\\\/index.php\\\/2020\\\/04\\\/27\\\/llama-alfredo-del-mazo-a-los-mexiquenses-a-quedarse-en-casa-para-evitar-contagios-de-covid-19-y-no-saturar-el-sistema-de-salud\\\/#primaryimage\"},\"image\":{\"@id\":\"https:\\\/\\\/expressometro.mx\\\/index.php\\\/2020\\\/04\\\/27\\\/llama-alfredo-del-mazo-a-los-mexiquenses-a-quedarse-en-casa-para-evitar-contagios-de-covid-19-y-no-saturar-el-sistema-de-salud\\\/#primaryimage\"},\"thumbnailUrl\":\"https:\\\/\\\/expressometro.mx\\\/wp-content\\\/uploads\\\/2020\\\/04\\\/1760EC06-D6F3-4E53-875C-E6C2025E72B9.jpeg\",\"datePublished\":\"2020-04-27T18:18:52+00:00\",\"dateModified\":\"2020-04-27T18:18:54+00:00\",\"breadcrumb\":{\"@id\":\"https:\\\/\\\/expressometro.mx\\\/index.php\\\/2020\\\/04\\\/27\\\/llama-alfredo-del-mazo-a-los-mexiquenses-a-quedarse-en-casa-para-evitar-contagios-de-covid-19-y-no-saturar-el-sistema-de-salud\\\/#breadcrumb\"},\"inLanguage\":\"es\",\"potentialAction\":[{\"@type\":\"ReadAction\",\"target\":[\"https:\\\/\\\/expressometro.mx\\\/index.php\\\/2020\\\/04\\\/27\\\/llama-alfredo-del-mazo-a-los-mexiquenses-a-quedarse-en-casa-para-evitar-contagios-de-covid-19-y-no-saturar-el-sistema-de-salud\\\/\"]}]},{\"@type\":\"ImageObject\",\"inLanguage\":\"es\",\"@id\":\"https:\\\/\\\/expressometro.mx\\\/index.php\\\/2020\\\/04\\\/27\\\/llama-alfredo-del-mazo-a-los-mexiquenses-a-quedarse-en-casa-para-evitar-contagios-de-covid-19-y-no-saturar-el-sistema-de-salud\\\/#primaryimage\",\"url\":\"https:\\\/\\\/expressometro.mx\\\/wp-content\\\/uploads\\\/2020\\\/04\\\/1760EC06-D6F3-4E53-875C-E6C2025E72B9.jpeg\",\"contentUrl\":\"https:\\\/\\\/expressometro.mx\\\/wp-content\\\/uploads\\\/2020\\\/04\\\/1760EC06-D6F3-4E53-875C-E6C2025E72B9.jpeg\",\"width\":1280,\"height\":720},{\"@type\":\"BreadcrumbList\",\"@id\":\"https:\\\/\\\/expressometro.mx\\\/index.php\\\/2020\\\/04\\\/27\\\/llama-alfredo-del-mazo-a-los-mexiquenses-a-quedarse-en-casa-para-evitar-contagios-de-covid-19-y-no-saturar-el-sistema-de-salud\\\/#breadcrumb\",\"itemListElement\":[{\"@type\":\"ListItem\",\"position\":1,\"name\":\"Inicio\",\"item\":\"https:\\\/\\\/expressometro.mx\\\/\"},{\"@type\":\"ListItem\",\"position\":2,\"name\":\"LLAMA ALFREDO DEL MAZO A LOS MEXIQUENSES A QUEDARSE EN CASA PARA EVITAR CONTAGIOS DE COVID-19 Y NO SATURAR EL SISTEMA DE SALUD\"}]},{\"@type\":\"WebSite\",\"@id\":\"https:\\\/\\\/expressometro.mx\\\/#website\",\"url\":\"https:\\\/\\\/expressometro.mx\\\/\",\"name\":\"Expresso Metropolitano\",\"description\":\"Periodismo comprometido, informaci\u00f3n, investigaci\u00f3n y an\u00e1lisis\",\"publisher\":{\"@id\":\"https:\\\/\\\/expressometro.mx\\\/#organization\"},\"potentialAction\":[{\"@type\":\"SearchAction\",\"target\":{\"@type\":\"EntryPoint\",\"urlTemplate\":\"https:\\\/\\\/expressometro.mx\\\/?s={search_term_string}\"},\"query-input\":{\"@type\":\"PropertyValueSpecification\",\"valueRequired\":true,\"valueName\":\"search_term_string\"}}],\"inLanguage\":\"es\"},{\"@type\":\"Organization\",\"@id\":\"https:\\\/\\\/expressometro.mx\\\/#organization\",\"name\":\"Expresso Metropolitano\",\"url\":\"https:\\\/\\\/expressometro.mx\\\/\",\"logo\":{\"@type\":\"ImageObject\",\"inLanguage\":\"es\",\"@id\":\"https:\\\/\\\/expressometro.mx\\\/#\\\/schema\\\/logo\\\/image\\\/\",\"url\":\"https:\\\/\\\/expressometro.mx\\\/wp-content\\\/uploads\\\/2019\\\/07\\\/cropped-Logo-Expresso-Metropolitano-1-1.jpeg\",\"contentUrl\":\"https:\\\/\\\/expressometro.mx\\\/wp-content\\\/uploads\\\/2019\\\/07\\\/cropped-Logo-Expresso-Metropolitano-1-1.jpeg\",\"width\":290,\"height\":73,\"caption\":\"Expresso Metropolitano\"},\"image\":{\"@id\":\"https:\\\/\\\/expressometro.mx\\\/#\\\/schema\\\/logo\\\/image\\\/\"}},{\"@type\":\"Person\",\"@id\":\"https:\\\/\\\/expressometro.mx\\\/#\\\/schema\\\/person\\\/efa971b4a0664db8ed5c22b1b0dd2f5d\",\"name\":\"Expresso Metropolitano\",\"image\":{\"@type\":\"ImageObject\",\"inLanguage\":\"es\",\"@id\":\"https:\\\/\\\/secure.gravatar.com\\\/avatar\\\/a89f802b8de18c6952f223c88d3d106e9e3679839f4e25a02f4a6cc2ae6ba3b3?s=96&d=mm&r=g\",\"url\":\"https:\\\/\\\/secure.gravatar.com\\\/avatar\\\/a89f802b8de18c6952f223c88d3d106e9e3679839f4e25a02f4a6cc2ae6ba3b3?s=96&d=mm&r=g\",\"contentUrl\":\"https:\\\/\\\/secure.gravatar.com\\\/avatar\\\/a89f802b8de18c6952f223c88d3d106e9e3679839f4e25a02f4a6cc2ae6ba3b3?s=96&d=mm&r=g\",\"caption\":\"Expresso Metropolitano\"},\"url\":\"https:\\\/\\\/expressometro.mx\\\/index.php\\\/author\\\/diego\\\/\"}]}<\/script>\n<!-- \/ Yoast SEO plugin. -->","yoast_head_json":{"title":"LLAMA ALFREDO DEL MAZO A LOS MEXIQUENSES A QUEDARSE EN CASA PARA EVITAR CONTAGIOS DE COVID-19 Y NO SATURAR EL SISTEMA DE SALUD - Expresso Metropolitano","robots":{"index":"index","follow":"follow","max-snippet":"max-snippet:-1","max-image-preview":"max-image-preview:large","max-video-preview":"max-video-preview:-1"},"canonical":"https:\/\/expressometro.mx\/index.php\/2020\/04\/27\/llama-alfredo-del-mazo-a-los-mexiquenses-a-quedarse-en-casa-para-evitar-contagios-de-covid-19-y-no-saturar-el-sistema-de-salud\/","og_locale":"es_MX","og_type":"article","og_title":"LLAMA ALFREDO DEL MAZO A LOS MEXIQUENSES A QUEDARSE EN CASA PARA EVITAR CONTAGIOS DE COVID-19 Y NO SATURAR EL SISTEMA DE SALUD - Expresso Metropolitano","og_description":"Ante el incremento de casos de contagio de COVID-19 en el pa\u00eds y en la entidad, el Gobernador Alfredo Del Mazo Maza urgi\u00f3 a los mexiquenses a hacer un mayor esfuerzo para quedarse en casa y no olvidar realizar las medidas sanitarias para frenar la propagaci\u00f3n de esta enfermedad. Puntualiz\u00f3 que en mayo se espera la ola m\u00e1s alta de contagios y por lo tanto, un gran n\u00famero de enfermos necesitar\u00e1n atenci\u00f3n m\u00e9dica y hospitalizaci\u00f3n, por lo que reiter\u00f3 el llamado de atender las recomendaciones sanitarias y evitar la saturaci\u00f3n&hellip;","og_url":"https:\/\/expressometro.mx\/index.php\/2020\/04\/27\/llama-alfredo-del-mazo-a-los-mexiquenses-a-quedarse-en-casa-para-evitar-contagios-de-covid-19-y-no-saturar-el-sistema-de-salud\/","og_site_name":"Expresso Metropolitano","article_published_time":"2020-04-27T18:18:52+00:00","article_modified_time":"2020-04-27T18:18:54+00:00","og_image":[{"width":1280,"height":720,"url":"https:\/\/expressometro.mx\/wp-content\/uploads\/2020\/04\/1760EC06-D6F3-4E53-875C-E6C2025E72B9.jpeg","type":"image\/jpeg"}],"author":"Expresso Metropolitano","twitter_misc":{"Escrito por":"Expresso Metropolitano","Tiempo de lectura":"2 minutos"},"schema":{"@context":"https:\/\/schema.org","@graph":[{"@type":"Article","@id":"https:\/\/expressometro.mx\/index.php\/2020\/04\/27\/llama-alfredo-del-mazo-a-los-mexiquenses-a-quedarse-en-casa-para-evitar-contagios-de-covid-19-y-no-saturar-el-sistema-de-salud\/#article","isPartOf":{"@id":"https:\/\/expressometro.mx\/index.php\/2020\/04\/27\/llama-alfredo-del-mazo-a-los-mexiquenses-a-quedarse-en-casa-para-evitar-contagios-de-covid-19-y-no-saturar-el-sistema-de-salud\/"},"author":{"name":"Expresso Metropolitano","@id":"https:\/\/expressometro.mx\/#\/schema\/person\/efa971b4a0664db8ed5c22b1b0dd2f5d"},"headline":"LLAMA ALFREDO DEL MAZO A LOS MEXIQUENSES A QUEDARSE EN CASA PARA EVITAR CONTAGIOS DE COVID-19 Y NO SATURAR EL SISTEMA DE SALUD","datePublished":"2020-04-27T18:18:52+00:00","dateModified":"2020-04-27T18:18:54+00:00","mainEntityOfPage":{"@id":"https:\/\/expressometro.mx\/index.php\/2020\/04\/27\/llama-alfredo-del-mazo-a-los-mexiquenses-a-quedarse-en-casa-para-evitar-contagios-de-covid-19-y-no-saturar-el-sistema-de-salud\/"},"wordCount":517,"commentCount":0,"publisher":{"@id":"https:\/\/expressometro.mx\/#organization"},"image":{"@id":"https:\/\/expressometro.mx\/index.php\/2020\/04\/27\/llama-alfredo-del-mazo-a-los-mexiquenses-a-quedarse-en-casa-para-evitar-contagios-de-covid-19-y-no-saturar-el-sistema-de-salud\/#primaryimage"},"thumbnailUrl":"https:\/\/expressometro.mx\/wp-content\/uploads\/2020\/04\/1760EC06-D6F3-4E53-875C-E6C2025E72B9.jpeg","articleSection":["Otros"],"inLanguage":"es","potentialAction":[{"@type":"CommentAction","name":"Comment","target":["https:\/\/expressometro.mx\/index.php\/2020\/04\/27\/llama-alfredo-del-mazo-a-los-mexiquenses-a-quedarse-en-casa-para-evitar-contagios-de-covid-19-y-no-saturar-el-sistema-de-salud\/#respond"]}]},{"@type":"WebPage","@id":"https:\/\/expressometro.mx\/index.php\/2020\/04\/27\/llama-alfredo-del-mazo-a-los-mexiquenses-a-quedarse-en-casa-para-evitar-contagios-de-covid-19-y-no-saturar-el-sistema-de-salud\/","url":"https:\/\/expressometro.mx\/index.php\/2020\/04\/27\/llama-alfredo-del-mazo-a-los-mexiquenses-a-quedarse-en-casa-para-evitar-contagios-de-covid-19-y-no-saturar-el-sistema-de-salud\/","name":"LLAMA ALFREDO DEL MAZO A LOS MEXIQUENSES A QUEDARSE EN CASA PARA EVITAR CONTAGIOS DE COVID-19 Y NO SATURAR EL SISTEMA DE SALUD - Expresso Metropolitano","isPartOf":{"@id":"https:\/\/expressometro.mx\/#website"},"primaryImageOfPage":{"@id":"https:\/\/expressometro.mx\/index.php\/2020\/04\/27\/llama-alfredo-del-mazo-a-los-mexiquenses-a-quedarse-en-casa-para-evitar-contagios-de-covid-19-y-no-saturar-el-sistema-de-salud\/#primaryimage"},"image":{"@id":"https:\/\/expressometro.mx\/index.php\/2020\/04\/27\/llama-alfredo-del-mazo-a-los-mexiquenses-a-quedarse-en-casa-para-evitar-contagios-de-covid-19-y-no-saturar-el-sistema-de-salud\/#primaryimage"},"thumbnailUrl":"https:\/\/expressometro.mx\/wp-content\/uploads\/2020\/04\/1760EC06-D6F3-4E53-875C-E6C2025E72B9.jpeg","datePublished":"2020-04-27T18:18:52+00:00","dateModified":"2020-04-27T18:18:54+00:00","breadcrumb":{"@id":"https:\/\/expressometro.mx\/index.php\/2020\/04\/27\/llama-alfredo-del-mazo-a-los-mexiquenses-a-quedarse-en-casa-para-evitar-contagios-de-covid-19-y-no-saturar-el-sistema-de-salud\/#breadcrumb"},"inLanguage":"es","potentialAction":[{"@type":"ReadAction","target":["https:\/\/expressometro.mx\/index.php\/2020\/04\/27\/llama-alfredo-del-mazo-a-los-mexiquenses-a-quedarse-en-casa-para-evitar-contagios-de-covid-19-y-no-saturar-el-sistema-de-salud\/"]}]},{"@type":"ImageObject","inLanguage":"es","@id":"https:\/\/expressometro.mx\/index.php\/2020\/04\/27\/llama-alfredo-del-mazo-a-los-mexiquenses-a-quedarse-en-casa-para-evitar-contagios-de-covid-19-y-no-saturar-el-sistema-de-salud\/#primaryimage","url":"https:\/\/expressometro.mx\/wp-content\/uploads\/2020\/04\/1760EC06-D6F3-4E53-875C-E6C2025E72B9.jpeg","contentUrl":"https:\/\/expressometro.mx\/wp-content\/uploads\/2020\/04\/1760EC06-D6F3-4E53-875C-E6C2025E72B9.jpeg","width":1280,"height":720},{"@type":"BreadcrumbList","@id":"https:\/\/expressometro.mx\/index.php\/2020\/04\/27\/llama-alfredo-del-mazo-a-los-mexiquenses-a-quedarse-en-casa-para-evitar-contagios-de-covid-19-y-no-saturar-el-sistema-de-salud\/#breadcrumb","itemListElement":[{"@type":"ListItem","position":1,"name":"Inicio","item":"https:\/\/expressometro.mx\/"},{"@type":"ListItem","position":2,"name":"LLAMA ALFREDO DEL MAZO A LOS MEXIQUENSES A QUEDARSE EN CASA PARA EVITAR CONTAGIOS DE COVID-19 Y NO SATURAR EL SISTEMA DE SALUD"}]},{"@type":"WebSite","@id":"https:\/\/expressometro.mx\/#website","url":"https:\/\/expressometro.mx\/","name":"Expresso Metropolitano","description":"Periodismo comprometido, informaci\u00f3n, investigaci\u00f3n y an\u00e1lisis","publisher":{"@id":"https:\/\/expressometro.mx\/#organization"},"potentialAction":[{"@type":"SearchAction","target":{"@type":"EntryPoint","urlTemplate":"https:\/\/expressometro.mx\/?s={search_term_string}"},"query-input":{"@type":"PropertyValueSpecification","valueRequired":true,"valueName":"search_term_string"}}],"inLanguage":"es"},{"@type":"Organization","@id":"https:\/\/expressometro.mx\/#organization","name":"Expresso Metropolitano","url":"https:\/\/expressometro.mx\/","logo":{"@type":"ImageObject","inLanguage":"es","@id":"https:\/\/expressometro.mx\/#\/schema\/logo\/image\/","url":"https:\/\/expressometro.mx\/wp-content\/uploads\/2019\/07\/cropped-Logo-Expresso-Metropolitano-1-1.jpeg","contentUrl":"https:\/\/expressometro.mx\/wp-content\/uploads\/2019\/07\/cropped-Logo-Expresso-Metropolitano-1-1.jpeg","width":290,"height":73,"caption":"Expresso Metropolitano"},"image":{"@id":"https:\/\/expressometro.mx\/#\/schema\/logo\/image\/"}},{"@type":"Person","@id":"https:\/\/expressometro.mx\/#\/schema\/person\/efa971b4a0664db8ed5c22b1b0dd2f5d","name":"Expresso Metropolitano","image":{"@type":"ImageObject","inLanguage":"es","@id":"https:\/\/secure.gravatar.com\/avatar\/a89f802b8de18c6952f223c88d3d106e9e3679839f4e25a02f4a6cc2ae6ba3b3?s=96&d=mm&r=g","url":"https:\/\/secure.gravatar.com\/avatar\/a89f802b8de18c6952f223c88d3d106e9e3679839f4e25a02f4a6cc2ae6ba3b3?s=96&d=mm&r=g","contentUrl":"https:\/\/secure.gravatar.com\/avatar\/a89f802b8de18c6952f223c88d3d106e9e3679839f4e25a02f4a6cc2ae6ba3b3?s=96&d=mm&r=g","caption":"Expresso Metropolitano"},"url":"https:\/\/expressometro.mx\/index.php\/author\/diego\/"}]}},"amp_enabled":true,"_links":{"self":[{"href":"https:\/\/expressometro.mx\/index.php\/wp-json\/wp\/v2\/posts\/1481","targetHints":{"allow":["GET"]}}],"collection":[{"href":"https:\/\/expressometro.mx\/index.php\/wp-json\/wp\/v2\/posts"}],"about":[{"href":"https:\/\/expressometro.mx\/index.php\/wp-json\/wp\/v2\/types\/post"}],"author":[{"embeddable":true,"href":"https:\/\/expressometro.mx\/index.php\/wp-json\/wp\/v2\/users\/1"}],"replies":[{"embeddable":true,"href":"https:\/\/expressometro.mx\/index.php\/wp-json\/wp\/v2\/comments?post=1481"}],"version-history":[{"count":1,"href":"https:\/\/expressometro.mx\/index.php\/wp-json\/wp\/v2\/posts\/1481\/revisions"}],"predecessor-version":[{"id":1484,"href":"https:\/\/expressometro.mx\/index.php\/wp-json\/wp\/v2\/posts\/1481\/revisions\/1484"}],"wp:featuredmedia":[{"embeddable":true,"href":"https:\/\/expressometro.mx\/index.php\/wp-json\/wp\/v2\/media\/1483"}],"wp:attachment":[{"href":"https:\/\/expressometro.mx\/index.php\/wp-json\/wp\/v2\/media?parent=1481"}],"wp:term":[{"taxonomy":"category","embeddable":true,"href":"https:\/\/expressometro.mx\/index.php\/wp-json\/wp\/v2\/categories?post=1481"},{"taxonomy":"post_tag","embeddable":true,"href":"https:\/\/expressometro.mx\/index.php\/wp-json\/wp\/v2\/tags?post=1481"}],"curies":[{"name":"wp","href":"https:\/\/api.w.org\/{rel}","templated":true}]}}