{"id":148,"date":"2019-08-14T14:27:33","date_gmt":"2019-08-14T19:27:33","guid":{"rendered":"http:\/\/expressometro.mx\/?p=148"},"modified":"2019-09-25T10:42:42","modified_gmt":"2019-09-25T15:42:42","slug":"activa-participacion-de-mexico-en-foros-internacionales-de-gestion-de-riesgos-pide-la-legislatura-mexiquense","status":"publish","type":"post","link":"https:\/\/expressometro.mx\/index.php\/2019\/08\/14\/activa-participacion-de-mexico-en-foros-internacionales-de-gestion-de-riesgos-pide-la-legislatura-mexiquense\/","title":{"rendered":"ACTIVA PARTICIPACI\u00d3N DE M\u00c9XICO EN FOROS INTERNACIONALES DE GESTI\u00d3N DE RIESGOS, PIDE LA LEGISLATURA MEXIQUENSE"},"content":{"rendered":"\n<p>Para fomentar el aprendizaje de nuevos modelos y acciones exitosas sobre la reducci\u00f3n de riesgo de desastres preservando una adecuada interacci\u00f3n con la comunidad internacional en este rubro, la 60 Legislatura aprob\u00f3 un exhorto a la Secretar\u00eda de Seguridad y Protecci\u00f3n Ciudadana del gobierno federal, para que a trav\u00e9s de la Coordinaci\u00f3n Nacional de Protecci\u00f3n Civil garantice la participaci\u00f3n activa del Estado Mexicano en los foros y plataformas internacionales en materia de gesti\u00f3n integral de riesgos.<\/p>\n\n\n\n<p>Conforme el punto de acuerdo propuesto por el diputado Max Agust\u00edn Correa Hern\u00e1ndez (morena), presidente de la Comisi\u00f3n Legislativa de Protecci\u00f3n Civil, y aprobado previa dispensa de tr\u00e1mite a comisiones, M\u00e9xico ha venido participando y adhiri\u00e9ndose a conferencias y acuerdos internacionales relacionados con este tema, como el Marco de Sendai que se adopt\u00f3 durante la Tercera Conferencia Mundial de las Naciones Unidas sobre la Reducci\u00f3n del Riesgo de Desastres, celebrada en marzo de 2015 en Jap\u00f3n.<\/p>\n\n\n\n<p>Adicionalmente, prosigui\u00f3 el legislador, \u201ces importante resaltar que en 2017 nuestro pa\u00eds fue sede de la Quinta Plataforma Global para la Reducci\u00f3n de Riesgos de Desastres en Canc\u00fan, Quintana Roo, donde se recibieron m\u00e1s de 7 mil participantes de m\u00e1s de 180 pa\u00edses; posteriormente, en 2018, desde Ginebra, Suiza, M\u00e9xico fue reconocido por sus pol\u00edticas p\u00fablicas y acciones por el Grupo de Apoyo de la Estrategia Internacional de las Naciones Unidas para la Reducci\u00f3n del Riesgo de Desastres\u201d.<\/p>\n\n\n\n<p>No obstante, continu\u00f3, se desconoce por qu\u00e9 raz\u00f3n este a\u00f1o M\u00e9xico dej\u00f3 de asistir a la Plataforma Global que se llev\u00f3 a cabo en mayo en Ginebra, organizado por Naciones Unidas.<\/p>\n\n\n\n<p>Por esto, abund\u00f3, en morena se respalda la austeridad del gobierno federal, \u201cdado el dispendio que inclu\u00eda viajes internacionales que la mayor\u00eda de las veces solo eran vacaciones de funcionarios y sus familias\u201d, pero tambi\u00e9n \u201ccreemos que, a trav\u00e9s de la Secretar\u00eda de Seguridad y Protecci\u00f3n Ciudadana, encabezada por el doctor Alfonso Durazo, puede darse seguimiento a estos espacios que garantice la activa participaci\u00f3n del Estado Mexicano en los foros y plataformas internacionales\u201d.<\/p>\n\n\n\n<p>PROPONE EL PRI LA CREACI\u00d3N DE BRIGADAS CONTRA INCENDIOS EN LOS MUNICIPIOS<\/p>\n\n\n\n<p>A efecto de impulsar la creaci\u00f3n de brigadas especiales contra incendios forestales, la diputada Iveth Bernal Casique present\u00f3, en sesi\u00f3n del Tercer Periodo Ordinario, un punto de acuerdo para exhortar a los 125 municipios de la entidad para llevar a cabo estas acciones, y al titular de la Protectora de Bosques del Estado de M\u00e9xico (Probosque), para que, en coordinaci\u00f3n con los ayuntamientos, realicen las capacitaciones correspondientes.<\/p>\n\n\n\n<p>Al dar lectura al punto de acuerdo ante el Pleno, la legisladora asegur\u00f3 que la autoridad municipal debe ser la primera responsable en combatir y controlar los incendios forestales, pero fundamentalmente en prevenirlos mediante la identificaci\u00f3n de factores de riesgos y vulnerabilidad, as\u00ed como de difundir las medidas pertinentes para que la poblaci\u00f3n tenga conocimiento del peligro que representan y de los da\u00f1os que ocasionan al ambiente.<\/p>\n\n\n\n<p>La diputada advirti\u00f3 que el Estado de M\u00e9xico ocupa el primer lugar nacional en n\u00famero de incendios forestales y que en 2018 se registraron m\u00e1s de mil 400 (23.9% del total nacional), da\u00f1ando m\u00e1s de 13 mil hect\u00e1reas.<\/p>\n\n\n\n<p>Indic\u00f3 que Probosque detect\u00f3 que en 82 de los 125 municipios mexiquenses hay registros de incendios forestales durante la temporada de estiaje; 22 de ellos se consideran de alta incidencia, porque ah\u00ed registra m\u00e1s del 60% de los incendios ocurridos en la entidad.<\/p>\n\n\n\n<p>Esos municipios de alta incidencia son Ixtapaluca, Ocuilan, Nicol\u00e1s Romero, Valle de Bravo, Acambay, Donato Guerra, Temascaltepec, Villa de Allende, San Jos\u00e9 del Rinc\u00f3n, Amanalco, Coatepec Harinas, Tlalmanalco, Villa Victoria, Lerma, Ocoyoacac, Tenancingo, Atlacomulco, Jilotzingo, Tlalnepantla, Morelos, Tenancingo y Chalco.<\/p>\n\n\n\n<p>Precis\u00f3 que del total del personal que participa en atender incendios forestales, los municipios aportan solo 9.6%.<\/p>\n\n\n\n<p>El punto de acuerdo, presentado en nombre del Grupo Parlamentario del PRI, fue remitido a las comisiones de Legislaci\u00f3n y Administraci\u00f3n Municipal, de Protecci\u00f3n Civil y de Desarrollo Agropecuario y Forestal para su an\u00e1lisis y dictamen.<\/p>\n","protected":false},"excerpt":{"rendered":"<p>Para fomentar el aprendizaje de nuevos modelos y acciones exitosas sobre la reducci\u00f3n de riesgo de desastres preservando una adecuada interacci\u00f3n con la comunidad internacional en este rubro, la 60 Legislatura aprob\u00f3 un exhorto a la Secretar\u00eda de Seguridad y Protecci\u00f3n Ciudadana del gobierno federal, para que a trav\u00e9s de la Coordinaci\u00f3n Nacional de Protecci\u00f3n Civil garantice la participaci\u00f3n activa del Estado Mexicano en los foros y plataformas internacionales en materia de gesti\u00f3n integral de riesgos. Conforme el punto de acuerdo propuesto por el diputado Max Agust\u00edn Correa Hern\u00e1ndez (morena),&hellip;<\/p>\n","protected":false},"author":1,"featured_media":0,"comment_status":"open","ping_status":"open","sticky":false,"template":"","format":"standard","meta":{"footnotes":""},"categories":[3],"tags":[],"class_list":["post-148","post","type-post","status-publish","format-standard","hentry","category-gobierno"],"yoast_head":"<!-- This site is optimized with the Yoast SEO plugin v27.5 - https:\/\/yoast.com\/product\/yoast-seo-wordpress\/ -->\n<title>ACTIVA PARTICIPACI\u00d3N DE M\u00c9XICO EN FOROS INTERNACIONALES DE GESTI\u00d3N DE RIESGOS, PIDE LA LEGISLATURA MEXIQUENSE - Expresso Metropolitano<\/title>\n<meta name=\"robots\" content=\"index, follow, max-snippet:-1, max-image-preview:large, max-video-preview:-1\" \/>\n<link rel=\"canonical\" href=\"https:\/\/expressometro.mx\/index.php\/2019\/08\/14\/activa-participacion-de-mexico-en-foros-internacionales-de-gestion-de-riesgos-pide-la-legislatura-mexiquense\/\" \/>\n<meta property=\"og:locale\" content=\"es_MX\" \/>\n<meta property=\"og:type\" content=\"article\" \/>\n<meta property=\"og:title\" content=\"ACTIVA PARTICIPACI\u00d3N DE M\u00c9XICO EN FOROS INTERNACIONALES DE GESTI\u00d3N DE RIESGOS, PIDE LA LEGISLATURA MEXIQUENSE - Expresso Metropolitano\" \/>\n<meta property=\"og:description\" content=\"Para fomentar el aprendizaje de nuevos modelos y acciones exitosas sobre la reducci\u00f3n de riesgo de desastres preservando una adecuada interacci\u00f3n con la comunidad internacional en este rubro, la 60 Legislatura aprob\u00f3 un exhorto a la Secretar\u00eda de Seguridad y Protecci\u00f3n Ciudadana del gobierno federal, para que a trav\u00e9s de la Coordinaci\u00f3n Nacional de Protecci\u00f3n Civil garantice la participaci\u00f3n activa del Estado Mexicano en los foros y plataformas internacionales en materia de gesti\u00f3n integral de riesgos. Conforme el punto de acuerdo propuesto por el diputado Max Agust\u00edn Correa Hern\u00e1ndez (morena),&hellip;\" \/>\n<meta property=\"og:url\" content=\"https:\/\/expressometro.mx\/index.php\/2019\/08\/14\/activa-participacion-de-mexico-en-foros-internacionales-de-gestion-de-riesgos-pide-la-legislatura-mexiquense\/\" \/>\n<meta property=\"og:site_name\" content=\"Expresso Metropolitano\" \/>\n<meta property=\"article:published_time\" content=\"2019-08-14T19:27:33+00:00\" \/>\n<meta property=\"article:modified_time\" content=\"2019-09-25T15:42:42+00:00\" \/>\n<meta property=\"og:image\" content=\"https:\/\/expressometro.mx\/wp-content\/uploads\/2019\/08\/1050a.jpg\" \/>\n\t<meta property=\"og:image:width\" content=\"850\" \/>\n\t<meta property=\"og:image:height\" content=\"567\" \/>\n\t<meta property=\"og:image:type\" content=\"image\/jpeg\" \/>\n<meta name=\"author\" content=\"Expresso Metropolitano\" \/>\n<meta name=\"twitter:label1\" content=\"Escrito por\" \/>\n\t<meta name=\"twitter:data1\" content=\"Expresso Metropolitano\" \/>\n\t<meta name=\"twitter:label2\" content=\"Tiempo de lectura\" \/>\n\t<meta name=\"twitter:data2\" content=\"3 minutos\" \/>\n<script type=\"application\/ld+json\" class=\"yoast-schema-graph\">{\"@context\":\"https:\\\/\\\/schema.org\",\"@graph\":[{\"@type\":\"Article\",\"@id\":\"https:\\\/\\\/expressometro.mx\\\/index.php\\\/2019\\\/08\\\/14\\\/activa-participacion-de-mexico-en-foros-internacionales-de-gestion-de-riesgos-pide-la-legislatura-mexiquense\\\/#article\",\"isPartOf\":{\"@id\":\"https:\\\/\\\/expressometro.mx\\\/index.php\\\/2019\\\/08\\\/14\\\/activa-participacion-de-mexico-en-foros-internacionales-de-gestion-de-riesgos-pide-la-legislatura-mexiquense\\\/\"},\"author\":{\"name\":\"Expresso Metropolitano\",\"@id\":\"https:\\\/\\\/expressometro.mx\\\/#\\\/schema\\\/person\\\/efa971b4a0664db8ed5c22b1b0dd2f5d\"},\"headline\":\"ACTIVA PARTICIPACI\u00d3N DE M\u00c9XICO EN FOROS INTERNACIONALES DE GESTI\u00d3N DE RIESGOS, PIDE LA LEGISLATURA MEXIQUENSE\",\"datePublished\":\"2019-08-14T19:27:33+00:00\",\"dateModified\":\"2019-09-25T15:42:42+00:00\",\"mainEntityOfPage\":{\"@id\":\"https:\\\/\\\/expressometro.mx\\\/index.php\\\/2019\\\/08\\\/14\\\/activa-participacion-de-mexico-en-foros-internacionales-de-gestion-de-riesgos-pide-la-legislatura-mexiquense\\\/\"},\"wordCount\":715,\"commentCount\":0,\"publisher\":{\"@id\":\"https:\\\/\\\/expressometro.mx\\\/#organization\"},\"articleSection\":[\"Gobierno\"],\"inLanguage\":\"es\",\"potentialAction\":[{\"@type\":\"CommentAction\",\"name\":\"Comment\",\"target\":[\"https:\\\/\\\/expressometro.mx\\\/index.php\\\/2019\\\/08\\\/14\\\/activa-participacion-de-mexico-en-foros-internacionales-de-gestion-de-riesgos-pide-la-legislatura-mexiquense\\\/#respond\"]}]},{\"@type\":\"WebPage\",\"@id\":\"https:\\\/\\\/expressometro.mx\\\/index.php\\\/2019\\\/08\\\/14\\\/activa-participacion-de-mexico-en-foros-internacionales-de-gestion-de-riesgos-pide-la-legislatura-mexiquense\\\/\",\"url\":\"https:\\\/\\\/expressometro.mx\\\/index.php\\\/2019\\\/08\\\/14\\\/activa-participacion-de-mexico-en-foros-internacionales-de-gestion-de-riesgos-pide-la-legislatura-mexiquense\\\/\",\"name\":\"ACTIVA PARTICIPACI\u00d3N DE M\u00c9XICO EN FOROS INTERNACIONALES DE GESTI\u00d3N DE RIESGOS, PIDE LA LEGISLATURA MEXIQUENSE - Expresso Metropolitano\",\"isPartOf\":{\"@id\":\"https:\\\/\\\/expressometro.mx\\\/#website\"},\"datePublished\":\"2019-08-14T19:27:33+00:00\",\"dateModified\":\"2019-09-25T15:42:42+00:00\",\"breadcrumb\":{\"@id\":\"https:\\\/\\\/expressometro.mx\\\/index.php\\\/2019\\\/08\\\/14\\\/activa-participacion-de-mexico-en-foros-internacionales-de-gestion-de-riesgos-pide-la-legislatura-mexiquense\\\/#breadcrumb\"},\"inLanguage\":\"es\",\"potentialAction\":[{\"@type\":\"ReadAction\",\"target\":[\"https:\\\/\\\/expressometro.mx\\\/index.php\\\/2019\\\/08\\\/14\\\/activa-participacion-de-mexico-en-foros-internacionales-de-gestion-de-riesgos-pide-la-legislatura-mexiquense\\\/\"]}]},{\"@type\":\"BreadcrumbList\",\"@id\":\"https:\\\/\\\/expressometro.mx\\\/index.php\\\/2019\\\/08\\\/14\\\/activa-participacion-de-mexico-en-foros-internacionales-de-gestion-de-riesgos-pide-la-legislatura-mexiquense\\\/#breadcrumb\",\"itemListElement\":[{\"@type\":\"ListItem\",\"position\":1,\"name\":\"Inicio\",\"item\":\"https:\\\/\\\/expressometro.mx\\\/\"},{\"@type\":\"ListItem\",\"position\":2,\"name\":\"ACTIVA PARTICIPACI\u00d3N DE M\u00c9XICO EN FOROS INTERNACIONALES DE GESTI\u00d3N DE RIESGOS, PIDE LA LEGISLATURA MEXIQUENSE\"}]},{\"@type\":\"WebSite\",\"@id\":\"https:\\\/\\\/expressometro.mx\\\/#website\",\"url\":\"https:\\\/\\\/expressometro.mx\\\/\",\"name\":\"Expresso Metropolitano\",\"description\":\"Periodismo comprometido, informaci\u00f3n, investigaci\u00f3n y an\u00e1lisis\",\"publisher\":{\"@id\":\"https:\\\/\\\/expressometro.mx\\\/#organization\"},\"potentialAction\":[{\"@type\":\"SearchAction\",\"target\":{\"@type\":\"EntryPoint\",\"urlTemplate\":\"https:\\\/\\\/expressometro.mx\\\/?s={search_term_string}\"},\"query-input\":{\"@type\":\"PropertyValueSpecification\",\"valueRequired\":true,\"valueName\":\"search_term_string\"}}],\"inLanguage\":\"es\"},{\"@type\":\"Organization\",\"@id\":\"https:\\\/\\\/expressometro.mx\\\/#organization\",\"name\":\"Expresso Metropolitano\",\"url\":\"https:\\\/\\\/expressometro.mx\\\/\",\"logo\":{\"@type\":\"ImageObject\",\"inLanguage\":\"es\",\"@id\":\"https:\\\/\\\/expressometro.mx\\\/#\\\/schema\\\/logo\\\/image\\\/\",\"url\":\"https:\\\/\\\/expressometro.mx\\\/wp-content\\\/uploads\\\/2019\\\/07\\\/cropped-Logo-Expresso-Metropolitano-1-1.jpeg\",\"contentUrl\":\"https:\\\/\\\/expressometro.mx\\\/wp-content\\\/uploads\\\/2019\\\/07\\\/cropped-Logo-Expresso-Metropolitano-1-1.jpeg\",\"width\":290,\"height\":73,\"caption\":\"Expresso Metropolitano\"},\"image\":{\"@id\":\"https:\\\/\\\/expressometro.mx\\\/#\\\/schema\\\/logo\\\/image\\\/\"}},{\"@type\":\"Person\",\"@id\":\"https:\\\/\\\/expressometro.mx\\\/#\\\/schema\\\/person\\\/efa971b4a0664db8ed5c22b1b0dd2f5d\",\"name\":\"Expresso Metropolitano\",\"image\":{\"@type\":\"ImageObject\",\"inLanguage\":\"es\",\"@id\":\"https:\\\/\\\/secure.gravatar.com\\\/avatar\\\/a89f802b8de18c6952f223c88d3d106e9e3679839f4e25a02f4a6cc2ae6ba3b3?s=96&d=mm&r=g\",\"url\":\"https:\\\/\\\/secure.gravatar.com\\\/avatar\\\/a89f802b8de18c6952f223c88d3d106e9e3679839f4e25a02f4a6cc2ae6ba3b3?s=96&d=mm&r=g\",\"contentUrl\":\"https:\\\/\\\/secure.gravatar.com\\\/avatar\\\/a89f802b8de18c6952f223c88d3d106e9e3679839f4e25a02f4a6cc2ae6ba3b3?s=96&d=mm&r=g\",\"caption\":\"Expresso Metropolitano\"},\"url\":\"https:\\\/\\\/expressometro.mx\\\/index.php\\\/author\\\/diego\\\/\"}]}<\/script>\n<!-- \/ Yoast SEO plugin. -->","yoast_head_json":{"title":"ACTIVA PARTICIPACI\u00d3N DE M\u00c9XICO EN FOROS INTERNACIONALES DE GESTI\u00d3N DE RIESGOS, PIDE LA LEGISLATURA MEXIQUENSE - Expresso Metropolitano","robots":{"index":"index","follow":"follow","max-snippet":"max-snippet:-1","max-image-preview":"max-image-preview:large","max-video-preview":"max-video-preview:-1"},"canonical":"https:\/\/expressometro.mx\/index.php\/2019\/08\/14\/activa-participacion-de-mexico-en-foros-internacionales-de-gestion-de-riesgos-pide-la-legislatura-mexiquense\/","og_locale":"es_MX","og_type":"article","og_title":"ACTIVA PARTICIPACI\u00d3N DE M\u00c9XICO EN FOROS INTERNACIONALES DE GESTI\u00d3N DE RIESGOS, PIDE LA LEGISLATURA MEXIQUENSE - Expresso Metropolitano","og_description":"Para fomentar el aprendizaje de nuevos modelos y acciones exitosas sobre la reducci\u00f3n de riesgo de desastres preservando una adecuada interacci\u00f3n con la comunidad internacional en este rubro, la 60 Legislatura aprob\u00f3 un exhorto a la Secretar\u00eda de Seguridad y Protecci\u00f3n Ciudadana del gobierno federal, para que a trav\u00e9s de la Coordinaci\u00f3n Nacional de Protecci\u00f3n Civil garantice la participaci\u00f3n activa del Estado Mexicano en los foros y plataformas internacionales en materia de gesti\u00f3n integral de riesgos. Conforme el punto de acuerdo propuesto por el diputado Max Agust\u00edn Correa Hern\u00e1ndez (morena),&hellip;","og_url":"https:\/\/expressometro.mx\/index.php\/2019\/08\/14\/activa-participacion-de-mexico-en-foros-internacionales-de-gestion-de-riesgos-pide-la-legislatura-mexiquense\/","og_site_name":"Expresso Metropolitano","article_published_time":"2019-08-14T19:27:33+00:00","article_modified_time":"2019-09-25T15:42:42+00:00","og_image":[{"width":850,"height":567,"url":"https:\/\/expressometro.mx\/wp-content\/uploads\/2019\/08\/1050a.jpg","type":"image\/jpeg"}],"author":"Expresso Metropolitano","twitter_misc":{"Escrito por":"Expresso Metropolitano","Tiempo de lectura":"3 minutos"},"schema":{"@context":"https:\/\/schema.org","@graph":[{"@type":"Article","@id":"https:\/\/expressometro.mx\/index.php\/2019\/08\/14\/activa-participacion-de-mexico-en-foros-internacionales-de-gestion-de-riesgos-pide-la-legislatura-mexiquense\/#article","isPartOf":{"@id":"https:\/\/expressometro.mx\/index.php\/2019\/08\/14\/activa-participacion-de-mexico-en-foros-internacionales-de-gestion-de-riesgos-pide-la-legislatura-mexiquense\/"},"author":{"name":"Expresso Metropolitano","@id":"https:\/\/expressometro.mx\/#\/schema\/person\/efa971b4a0664db8ed5c22b1b0dd2f5d"},"headline":"ACTIVA PARTICIPACI\u00d3N DE M\u00c9XICO EN FOROS INTERNACIONALES DE GESTI\u00d3N DE RIESGOS, PIDE LA LEGISLATURA MEXIQUENSE","datePublished":"2019-08-14T19:27:33+00:00","dateModified":"2019-09-25T15:42:42+00:00","mainEntityOfPage":{"@id":"https:\/\/expressometro.mx\/index.php\/2019\/08\/14\/activa-participacion-de-mexico-en-foros-internacionales-de-gestion-de-riesgos-pide-la-legislatura-mexiquense\/"},"wordCount":715,"commentCount":0,"publisher":{"@id":"https:\/\/expressometro.mx\/#organization"},"articleSection":["Gobierno"],"inLanguage":"es","potentialAction":[{"@type":"CommentAction","name":"Comment","target":["https:\/\/expressometro.mx\/index.php\/2019\/08\/14\/activa-participacion-de-mexico-en-foros-internacionales-de-gestion-de-riesgos-pide-la-legislatura-mexiquense\/#respond"]}]},{"@type":"WebPage","@id":"https:\/\/expressometro.mx\/index.php\/2019\/08\/14\/activa-participacion-de-mexico-en-foros-internacionales-de-gestion-de-riesgos-pide-la-legislatura-mexiquense\/","url":"https:\/\/expressometro.mx\/index.php\/2019\/08\/14\/activa-participacion-de-mexico-en-foros-internacionales-de-gestion-de-riesgos-pide-la-legislatura-mexiquense\/","name":"ACTIVA PARTICIPACI\u00d3N DE M\u00c9XICO EN FOROS INTERNACIONALES DE GESTI\u00d3N DE RIESGOS, PIDE LA LEGISLATURA MEXIQUENSE - Expresso Metropolitano","isPartOf":{"@id":"https:\/\/expressometro.mx\/#website"},"datePublished":"2019-08-14T19:27:33+00:00","dateModified":"2019-09-25T15:42:42+00:00","breadcrumb":{"@id":"https:\/\/expressometro.mx\/index.php\/2019\/08\/14\/activa-participacion-de-mexico-en-foros-internacionales-de-gestion-de-riesgos-pide-la-legislatura-mexiquense\/#breadcrumb"},"inLanguage":"es","potentialAction":[{"@type":"ReadAction","target":["https:\/\/expressometro.mx\/index.php\/2019\/08\/14\/activa-participacion-de-mexico-en-foros-internacionales-de-gestion-de-riesgos-pide-la-legislatura-mexiquense\/"]}]},{"@type":"BreadcrumbList","@id":"https:\/\/expressometro.mx\/index.php\/2019\/08\/14\/activa-participacion-de-mexico-en-foros-internacionales-de-gestion-de-riesgos-pide-la-legislatura-mexiquense\/#breadcrumb","itemListElement":[{"@type":"ListItem","position":1,"name":"Inicio","item":"https:\/\/expressometro.mx\/"},{"@type":"ListItem","position":2,"name":"ACTIVA PARTICIPACI\u00d3N DE M\u00c9XICO EN FOROS INTERNACIONALES DE GESTI\u00d3N DE RIESGOS, PIDE LA LEGISLATURA MEXIQUENSE"}]},{"@type":"WebSite","@id":"https:\/\/expressometro.mx\/#website","url":"https:\/\/expressometro.mx\/","name":"Expresso Metropolitano","description":"Periodismo comprometido, informaci\u00f3n, investigaci\u00f3n y an\u00e1lisis","publisher":{"@id":"https:\/\/expressometro.mx\/#organization"},"potentialAction":[{"@type":"SearchAction","target":{"@type":"EntryPoint","urlTemplate":"https:\/\/expressometro.mx\/?s={search_term_string}"},"query-input":{"@type":"PropertyValueSpecification","valueRequired":true,"valueName":"search_term_string"}}],"inLanguage":"es"},{"@type":"Organization","@id":"https:\/\/expressometro.mx\/#organization","name":"Expresso Metropolitano","url":"https:\/\/expressometro.mx\/","logo":{"@type":"ImageObject","inLanguage":"es","@id":"https:\/\/expressometro.mx\/#\/schema\/logo\/image\/","url":"https:\/\/expressometro.mx\/wp-content\/uploads\/2019\/07\/cropped-Logo-Expresso-Metropolitano-1-1.jpeg","contentUrl":"https:\/\/expressometro.mx\/wp-content\/uploads\/2019\/07\/cropped-Logo-Expresso-Metropolitano-1-1.jpeg","width":290,"height":73,"caption":"Expresso Metropolitano"},"image":{"@id":"https:\/\/expressometro.mx\/#\/schema\/logo\/image\/"}},{"@type":"Person","@id":"https:\/\/expressometro.mx\/#\/schema\/person\/efa971b4a0664db8ed5c22b1b0dd2f5d","name":"Expresso Metropolitano","image":{"@type":"ImageObject","inLanguage":"es","@id":"https:\/\/secure.gravatar.com\/avatar\/a89f802b8de18c6952f223c88d3d106e9e3679839f4e25a02f4a6cc2ae6ba3b3?s=96&d=mm&r=g","url":"https:\/\/secure.gravatar.com\/avatar\/a89f802b8de18c6952f223c88d3d106e9e3679839f4e25a02f4a6cc2ae6ba3b3?s=96&d=mm&r=g","contentUrl":"https:\/\/secure.gravatar.com\/avatar\/a89f802b8de18c6952f223c88d3d106e9e3679839f4e25a02f4a6cc2ae6ba3b3?s=96&d=mm&r=g","caption":"Expresso Metropolitano"},"url":"https:\/\/expressometro.mx\/index.php\/author\/diego\/"}]}},"amp_enabled":true,"_links":{"self":[{"href":"https:\/\/expressometro.mx\/index.php\/wp-json\/wp\/v2\/posts\/148","targetHints":{"allow":["GET"]}}],"collection":[{"href":"https:\/\/expressometro.mx\/index.php\/wp-json\/wp\/v2\/posts"}],"about":[{"href":"https:\/\/expressometro.mx\/index.php\/wp-json\/wp\/v2\/types\/post"}],"author":[{"embeddable":true,"href":"https:\/\/expressometro.mx\/index.php\/wp-json\/wp\/v2\/users\/1"}],"replies":[{"embeddable":true,"href":"https:\/\/expressometro.mx\/index.php\/wp-json\/wp\/v2\/comments?post=148"}],"version-history":[{"count":1,"href":"https:\/\/expressometro.mx\/index.php\/wp-json\/wp\/v2\/posts\/148\/revisions"}],"predecessor-version":[{"id":150,"href":"https:\/\/expressometro.mx\/index.php\/wp-json\/wp\/v2\/posts\/148\/revisions\/150"}],"wp:attachment":[{"href":"https:\/\/expressometro.mx\/index.php\/wp-json\/wp\/v2\/media?parent=148"}],"wp:term":[{"taxonomy":"category","embeddable":true,"href":"https:\/\/expressometro.mx\/index.php\/wp-json\/wp\/v2\/categories?post=148"},{"taxonomy":"post_tag","embeddable":true,"href":"https:\/\/expressometro.mx\/index.php\/wp-json\/wp\/v2\/tags?post=148"}],"curies":[{"name":"wp","href":"https:\/\/api.w.org\/{rel}","templated":true}]}}