{"id":1474,"date":"2020-04-27T12:43:41","date_gmt":"2020-04-27T17:43:41","guid":{"rendered":"http:\/\/expressometro.mx\/?p=1474"},"modified":"2020-04-27T12:43:43","modified_gmt":"2020-04-27T17:43:43","slug":"aumentan-a-2355-los-casos-positivos-a-covid-19-en-el-edomex","status":"publish","type":"post","link":"https:\/\/expressometro.mx\/index.php\/2020\/04\/27\/aumentan-a-2355-los-casos-positivos-a-covid-19-en-el-edomex\/","title":{"rendered":"AUMENTAN A 2,355 LOS CASOS POSITIVOS A COVID-19 EN EL EDOM\u00c9X"},"content":{"rendered":"\n<p>El Estado de M\u00e9xico registra, al corte de ayer, 2 mil 355 casos confirmados a COVID-19, de los cuales, 735 han recibido su alta sanitaria, 641 se encuentran en aislamiento domiciliario y 813 est\u00e1n hospitalizados, 514 en la entidad y 299 reciben atenci\u00f3n en otros estados.<\/p>\n\n\n\n<p>La Secretar\u00eda de Salud estatal informa que se han registrado 166 defunciones, 116 corresponden a personas residentes en diversas localidades mexiquenses y 50 perdieron la vida fuera del territorio estatal.<\/p>\n\n\n\n<p>Por otra parte, la dependencia encabezada por el Doctor Gabriel O\u00b4Shea Cuevas, reporta que mil 312 personas se encuentran como casos sospechosos, cuyas muestras se encuentran en an\u00e1lisis y  cuatro mil 152 han dado negativo al contagio de esta enfermedad.<\/p>\n\n\n\n<p>Y con el objetivo de reducir la curva de incidencia de personas afectadas por el virus SARS-CoV-2, se llama a la poblaci\u00f3n a no bajar la guardia y reforzar las medidas de prevenci\u00f3n, con la principal recomendaci\u00f3n de quedarse en casa, en previsi\u00f3n de que existen personas asintom\u00e1ticas que pueden propagar la enfermedad e incrementar el n\u00famero de afectados.<\/p>\n\n\n\n<p>Asimismo, destaca que para que la poblaci\u00f3n pueda contar con informaci\u00f3n confiable sobre este padecimiento, recurra a las redes sociales de las secretar\u00edas de Salud federal y estatal, adem\u00e1s de que el gobierno mexiquense ha dispuesto la l\u00ednea 800 900 3200, a trav\u00e9s de la cual ser\u00e1n atendidos por personal calificado que los puede orientar si presentan s\u00edntomas de males respiratorios o recibir apoyo psicol\u00f3gico.<\/p>\n\n\n\n<p>De igual manera, el Secretario de Salud de la entidad, al tiempo de hacer un p\u00fablico reconocimiento al personal m\u00e9dico, de enfermer\u00eda y de apoyo, por el profesionalismo y la calidad humana con el que trabajan en atenci\u00f3n a los pacientes, destaca que para conocer sus inquietudes sobre el equipo de protecci\u00f3n que se les otorga o denunciar agresiones en su contra se abri\u00f3 el n\u00famero 800 724 7269. <\/p>\n\n\n\n<p>No obstante, lo principal es que la sociedad colabore al cumplir todas las recomendaciones de higiene como el lavado de manos constante, el uso de cubrebocas si tiene necesidad de salir, adoptar el estornudo de etiqueta y proteger a los grupos m\u00e1s vulnerables y de esa manera no saturar los servicios de salud.<\/p>\n","protected":false},"excerpt":{"rendered":"<p>El Estado de M\u00e9xico registra, al corte de ayer, 2 mil 355 casos confirmados a COVID-19, de los cuales, 735 han recibido su alta sanitaria, 641 se encuentran en aislamiento domiciliario y 813 est\u00e1n hospitalizados, 514 en la entidad y 299 reciben atenci\u00f3n en otros estados. La Secretar\u00eda de Salud estatal informa que se han registrado 166 defunciones, 116 corresponden a personas residentes en diversas localidades mexiquenses y 50 perdieron la vida fuera del territorio estatal. Por otra parte, la dependencia encabezada por el Doctor Gabriel O\u00b4Shea Cuevas, reporta que&hellip;<\/p>\n","protected":false},"author":1,"featured_media":1475,"comment_status":"open","ping_status":"open","sticky":false,"template":"","format":"standard","meta":{"footnotes":""},"categories":[1],"tags":[],"class_list":["post-1474","post","type-post","status-publish","format-standard","has-post-thumbnail","hentry","category-otros"],"yoast_head":"<!-- This site is optimized with the Yoast SEO plugin v27.5 - https:\/\/yoast.com\/product\/yoast-seo-wordpress\/ -->\n<title>AUMENTAN A 2,355 LOS CASOS POSITIVOS A COVID-19 EN EL EDOM\u00c9X - Expresso Metropolitano<\/title>\n<meta name=\"robots\" content=\"index, follow, max-snippet:-1, max-image-preview:large, max-video-preview:-1\" \/>\n<link rel=\"canonical\" href=\"https:\/\/expressometro.mx\/index.php\/2020\/04\/27\/aumentan-a-2355-los-casos-positivos-a-covid-19-en-el-edomex\/\" \/>\n<meta property=\"og:locale\" content=\"es_MX\" \/>\n<meta property=\"og:type\" content=\"article\" \/>\n<meta property=\"og:title\" content=\"AUMENTAN A 2,355 LOS CASOS POSITIVOS A COVID-19 EN EL EDOM\u00c9X - Expresso Metropolitano\" \/>\n<meta property=\"og:description\" content=\"El Estado de M\u00e9xico registra, al corte de ayer, 2 mil 355 casos confirmados a COVID-19, de los cuales, 735 han recibido su alta sanitaria, 641 se encuentran en aislamiento domiciliario y 813 est\u00e1n hospitalizados, 514 en la entidad y 299 reciben atenci\u00f3n en otros estados. La Secretar\u00eda de Salud estatal informa que se han registrado 166 defunciones, 116 corresponden a personas residentes en diversas localidades mexiquenses y 50 perdieron la vida fuera del territorio estatal. Por otra parte, la dependencia encabezada por el Doctor Gabriel O\u00b4Shea Cuevas, reporta que&hellip;\" \/>\n<meta property=\"og:url\" content=\"https:\/\/expressometro.mx\/index.php\/2020\/04\/27\/aumentan-a-2355-los-casos-positivos-a-covid-19-en-el-edomex\/\" \/>\n<meta property=\"og:site_name\" content=\"Expresso Metropolitano\" \/>\n<meta property=\"article:published_time\" content=\"2020-04-27T17:43:41+00:00\" \/>\n<meta property=\"article:modified_time\" content=\"2020-04-27T17:43:43+00:00\" \/>\n<meta property=\"og:image\" content=\"https:\/\/expressometro.mx\/wp-content\/uploads\/2020\/04\/39D667B7-C169-46D6-A1F5-967FC29159C5.jpeg\" \/>\n\t<meta property=\"og:image:width\" content=\"400\" \/>\n\t<meta property=\"og:image:height\" content=\"250\" \/>\n\t<meta property=\"og:image:type\" content=\"image\/jpeg\" \/>\n<meta name=\"author\" content=\"Expresso Metropolitano\" \/>\n<meta name=\"twitter:label1\" content=\"Escrito por\" \/>\n\t<meta name=\"twitter:data1\" content=\"Expresso Metropolitano\" \/>\n\t<meta name=\"twitter:label2\" content=\"Tiempo de lectura\" \/>\n\t<meta name=\"twitter:data2\" content=\"2 minutos\" \/>\n<script type=\"application\/ld+json\" class=\"yoast-schema-graph\">{\"@context\":\"https:\\\/\\\/schema.org\",\"@graph\":[{\"@type\":\"Article\",\"@id\":\"https:\\\/\\\/expressometro.mx\\\/index.php\\\/2020\\\/04\\\/27\\\/aumentan-a-2355-los-casos-positivos-a-covid-19-en-el-edomex\\\/#article\",\"isPartOf\":{\"@id\":\"https:\\\/\\\/expressometro.mx\\\/index.php\\\/2020\\\/04\\\/27\\\/aumentan-a-2355-los-casos-positivos-a-covid-19-en-el-edomex\\\/\"},\"author\":{\"name\":\"Expresso Metropolitano\",\"@id\":\"https:\\\/\\\/expressometro.mx\\\/#\\\/schema\\\/person\\\/efa971b4a0664db8ed5c22b1b0dd2f5d\"},\"headline\":\"AUMENTAN A 2,355 LOS CASOS POSITIVOS A COVID-19 EN EL EDOM\u00c9X\",\"datePublished\":\"2020-04-27T17:43:41+00:00\",\"dateModified\":\"2020-04-27T17:43:43+00:00\",\"mainEntityOfPage\":{\"@id\":\"https:\\\/\\\/expressometro.mx\\\/index.php\\\/2020\\\/04\\\/27\\\/aumentan-a-2355-los-casos-positivos-a-covid-19-en-el-edomex\\\/\"},\"wordCount\":383,\"commentCount\":0,\"publisher\":{\"@id\":\"https:\\\/\\\/expressometro.mx\\\/#organization\"},\"image\":{\"@id\":\"https:\\\/\\\/expressometro.mx\\\/index.php\\\/2020\\\/04\\\/27\\\/aumentan-a-2355-los-casos-positivos-a-covid-19-en-el-edomex\\\/#primaryimage\"},\"thumbnailUrl\":\"https:\\\/\\\/expressometro.mx\\\/wp-content\\\/uploads\\\/2020\\\/04\\\/39D667B7-C169-46D6-A1F5-967FC29159C5.jpeg\",\"articleSection\":[\"Otros\"],\"inLanguage\":\"es\",\"potentialAction\":[{\"@type\":\"CommentAction\",\"name\":\"Comment\",\"target\":[\"https:\\\/\\\/expressometro.mx\\\/index.php\\\/2020\\\/04\\\/27\\\/aumentan-a-2355-los-casos-positivos-a-covid-19-en-el-edomex\\\/#respond\"]}]},{\"@type\":\"WebPage\",\"@id\":\"https:\\\/\\\/expressometro.mx\\\/index.php\\\/2020\\\/04\\\/27\\\/aumentan-a-2355-los-casos-positivos-a-covid-19-en-el-edomex\\\/\",\"url\":\"https:\\\/\\\/expressometro.mx\\\/index.php\\\/2020\\\/04\\\/27\\\/aumentan-a-2355-los-casos-positivos-a-covid-19-en-el-edomex\\\/\",\"name\":\"AUMENTAN A 2,355 LOS CASOS POSITIVOS A COVID-19 EN EL EDOM\u00c9X - Expresso Metropolitano\",\"isPartOf\":{\"@id\":\"https:\\\/\\\/expressometro.mx\\\/#website\"},\"primaryImageOfPage\":{\"@id\":\"https:\\\/\\\/expressometro.mx\\\/index.php\\\/2020\\\/04\\\/27\\\/aumentan-a-2355-los-casos-positivos-a-covid-19-en-el-edomex\\\/#primaryimage\"},\"image\":{\"@id\":\"https:\\\/\\\/expressometro.mx\\\/index.php\\\/2020\\\/04\\\/27\\\/aumentan-a-2355-los-casos-positivos-a-covid-19-en-el-edomex\\\/#primaryimage\"},\"thumbnailUrl\":\"https:\\\/\\\/expressometro.mx\\\/wp-content\\\/uploads\\\/2020\\\/04\\\/39D667B7-C169-46D6-A1F5-967FC29159C5.jpeg\",\"datePublished\":\"2020-04-27T17:43:41+00:00\",\"dateModified\":\"2020-04-27T17:43:43+00:00\",\"breadcrumb\":{\"@id\":\"https:\\\/\\\/expressometro.mx\\\/index.php\\\/2020\\\/04\\\/27\\\/aumentan-a-2355-los-casos-positivos-a-covid-19-en-el-edomex\\\/#breadcrumb\"},\"inLanguage\":\"es\",\"potentialAction\":[{\"@type\":\"ReadAction\",\"target\":[\"https:\\\/\\\/expressometro.mx\\\/index.php\\\/2020\\\/04\\\/27\\\/aumentan-a-2355-los-casos-positivos-a-covid-19-en-el-edomex\\\/\"]}]},{\"@type\":\"ImageObject\",\"inLanguage\":\"es\",\"@id\":\"https:\\\/\\\/expressometro.mx\\\/index.php\\\/2020\\\/04\\\/27\\\/aumentan-a-2355-los-casos-positivos-a-covid-19-en-el-edomex\\\/#primaryimage\",\"url\":\"https:\\\/\\\/expressometro.mx\\\/wp-content\\\/uploads\\\/2020\\\/04\\\/39D667B7-C169-46D6-A1F5-967FC29159C5.jpeg\",\"contentUrl\":\"https:\\\/\\\/expressometro.mx\\\/wp-content\\\/uploads\\\/2020\\\/04\\\/39D667B7-C169-46D6-A1F5-967FC29159C5.jpeg\",\"width\":400,\"height\":250},{\"@type\":\"BreadcrumbList\",\"@id\":\"https:\\\/\\\/expressometro.mx\\\/index.php\\\/2020\\\/04\\\/27\\\/aumentan-a-2355-los-casos-positivos-a-covid-19-en-el-edomex\\\/#breadcrumb\",\"itemListElement\":[{\"@type\":\"ListItem\",\"position\":1,\"name\":\"Inicio\",\"item\":\"https:\\\/\\\/expressometro.mx\\\/\"},{\"@type\":\"ListItem\",\"position\":2,\"name\":\"AUMENTAN A 2,355 LOS CASOS POSITIVOS A COVID-19 EN EL EDOM\u00c9X\"}]},{\"@type\":\"WebSite\",\"@id\":\"https:\\\/\\\/expressometro.mx\\\/#website\",\"url\":\"https:\\\/\\\/expressometro.mx\\\/\",\"name\":\"Expresso Metropolitano\",\"description\":\"Periodismo comprometido, informaci\u00f3n, investigaci\u00f3n y an\u00e1lisis\",\"publisher\":{\"@id\":\"https:\\\/\\\/expressometro.mx\\\/#organization\"},\"potentialAction\":[{\"@type\":\"SearchAction\",\"target\":{\"@type\":\"EntryPoint\",\"urlTemplate\":\"https:\\\/\\\/expressometro.mx\\\/?s={search_term_string}\"},\"query-input\":{\"@type\":\"PropertyValueSpecification\",\"valueRequired\":true,\"valueName\":\"search_term_string\"}}],\"inLanguage\":\"es\"},{\"@type\":\"Organization\",\"@id\":\"https:\\\/\\\/expressometro.mx\\\/#organization\",\"name\":\"Expresso Metropolitano\",\"url\":\"https:\\\/\\\/expressometro.mx\\\/\",\"logo\":{\"@type\":\"ImageObject\",\"inLanguage\":\"es\",\"@id\":\"https:\\\/\\\/expressometro.mx\\\/#\\\/schema\\\/logo\\\/image\\\/\",\"url\":\"https:\\\/\\\/expressometro.mx\\\/wp-content\\\/uploads\\\/2019\\\/07\\\/cropped-Logo-Expresso-Metropolitano-1-1.jpeg\",\"contentUrl\":\"https:\\\/\\\/expressometro.mx\\\/wp-content\\\/uploads\\\/2019\\\/07\\\/cropped-Logo-Expresso-Metropolitano-1-1.jpeg\",\"width\":290,\"height\":73,\"caption\":\"Expresso Metropolitano\"},\"image\":{\"@id\":\"https:\\\/\\\/expressometro.mx\\\/#\\\/schema\\\/logo\\\/image\\\/\"}},{\"@type\":\"Person\",\"@id\":\"https:\\\/\\\/expressometro.mx\\\/#\\\/schema\\\/person\\\/efa971b4a0664db8ed5c22b1b0dd2f5d\",\"name\":\"Expresso Metropolitano\",\"image\":{\"@type\":\"ImageObject\",\"inLanguage\":\"es\",\"@id\":\"https:\\\/\\\/secure.gravatar.com\\\/avatar\\\/a89f802b8de18c6952f223c88d3d106e9e3679839f4e25a02f4a6cc2ae6ba3b3?s=96&d=mm&r=g\",\"url\":\"https:\\\/\\\/secure.gravatar.com\\\/avatar\\\/a89f802b8de18c6952f223c88d3d106e9e3679839f4e25a02f4a6cc2ae6ba3b3?s=96&d=mm&r=g\",\"contentUrl\":\"https:\\\/\\\/secure.gravatar.com\\\/avatar\\\/a89f802b8de18c6952f223c88d3d106e9e3679839f4e25a02f4a6cc2ae6ba3b3?s=96&d=mm&r=g\",\"caption\":\"Expresso Metropolitano\"},\"url\":\"https:\\\/\\\/expressometro.mx\\\/index.php\\\/author\\\/diego\\\/\"}]}<\/script>\n<!-- \/ Yoast SEO plugin. -->","yoast_head_json":{"title":"AUMENTAN A 2,355 LOS CASOS POSITIVOS A COVID-19 EN EL EDOM\u00c9X - Expresso Metropolitano","robots":{"index":"index","follow":"follow","max-snippet":"max-snippet:-1","max-image-preview":"max-image-preview:large","max-video-preview":"max-video-preview:-1"},"canonical":"https:\/\/expressometro.mx\/index.php\/2020\/04\/27\/aumentan-a-2355-los-casos-positivos-a-covid-19-en-el-edomex\/","og_locale":"es_MX","og_type":"article","og_title":"AUMENTAN A 2,355 LOS CASOS POSITIVOS A COVID-19 EN EL EDOM\u00c9X - Expresso Metropolitano","og_description":"El Estado de M\u00e9xico registra, al corte de ayer, 2 mil 355 casos confirmados a COVID-19, de los cuales, 735 han recibido su alta sanitaria, 641 se encuentran en aislamiento domiciliario y 813 est\u00e1n hospitalizados, 514 en la entidad y 299 reciben atenci\u00f3n en otros estados. La Secretar\u00eda de Salud estatal informa que se han registrado 166 defunciones, 116 corresponden a personas residentes en diversas localidades mexiquenses y 50 perdieron la vida fuera del territorio estatal. Por otra parte, la dependencia encabezada por el Doctor Gabriel O\u00b4Shea Cuevas, reporta que&hellip;","og_url":"https:\/\/expressometro.mx\/index.php\/2020\/04\/27\/aumentan-a-2355-los-casos-positivos-a-covid-19-en-el-edomex\/","og_site_name":"Expresso Metropolitano","article_published_time":"2020-04-27T17:43:41+00:00","article_modified_time":"2020-04-27T17:43:43+00:00","og_image":[{"width":400,"height":250,"url":"https:\/\/expressometro.mx\/wp-content\/uploads\/2020\/04\/39D667B7-C169-46D6-A1F5-967FC29159C5.jpeg","type":"image\/jpeg"}],"author":"Expresso Metropolitano","twitter_misc":{"Escrito por":"Expresso Metropolitano","Tiempo de lectura":"2 minutos"},"schema":{"@context":"https:\/\/schema.org","@graph":[{"@type":"Article","@id":"https:\/\/expressometro.mx\/index.php\/2020\/04\/27\/aumentan-a-2355-los-casos-positivos-a-covid-19-en-el-edomex\/#article","isPartOf":{"@id":"https:\/\/expressometro.mx\/index.php\/2020\/04\/27\/aumentan-a-2355-los-casos-positivos-a-covid-19-en-el-edomex\/"},"author":{"name":"Expresso Metropolitano","@id":"https:\/\/expressometro.mx\/#\/schema\/person\/efa971b4a0664db8ed5c22b1b0dd2f5d"},"headline":"AUMENTAN A 2,355 LOS CASOS POSITIVOS A COVID-19 EN EL EDOM\u00c9X","datePublished":"2020-04-27T17:43:41+00:00","dateModified":"2020-04-27T17:43:43+00:00","mainEntityOfPage":{"@id":"https:\/\/expressometro.mx\/index.php\/2020\/04\/27\/aumentan-a-2355-los-casos-positivos-a-covid-19-en-el-edomex\/"},"wordCount":383,"commentCount":0,"publisher":{"@id":"https:\/\/expressometro.mx\/#organization"},"image":{"@id":"https:\/\/expressometro.mx\/index.php\/2020\/04\/27\/aumentan-a-2355-los-casos-positivos-a-covid-19-en-el-edomex\/#primaryimage"},"thumbnailUrl":"https:\/\/expressometro.mx\/wp-content\/uploads\/2020\/04\/39D667B7-C169-46D6-A1F5-967FC29159C5.jpeg","articleSection":["Otros"],"inLanguage":"es","potentialAction":[{"@type":"CommentAction","name":"Comment","target":["https:\/\/expressometro.mx\/index.php\/2020\/04\/27\/aumentan-a-2355-los-casos-positivos-a-covid-19-en-el-edomex\/#respond"]}]},{"@type":"WebPage","@id":"https:\/\/expressometro.mx\/index.php\/2020\/04\/27\/aumentan-a-2355-los-casos-positivos-a-covid-19-en-el-edomex\/","url":"https:\/\/expressometro.mx\/index.php\/2020\/04\/27\/aumentan-a-2355-los-casos-positivos-a-covid-19-en-el-edomex\/","name":"AUMENTAN A 2,355 LOS CASOS POSITIVOS A COVID-19 EN EL EDOM\u00c9X - Expresso Metropolitano","isPartOf":{"@id":"https:\/\/expressometro.mx\/#website"},"primaryImageOfPage":{"@id":"https:\/\/expressometro.mx\/index.php\/2020\/04\/27\/aumentan-a-2355-los-casos-positivos-a-covid-19-en-el-edomex\/#primaryimage"},"image":{"@id":"https:\/\/expressometro.mx\/index.php\/2020\/04\/27\/aumentan-a-2355-los-casos-positivos-a-covid-19-en-el-edomex\/#primaryimage"},"thumbnailUrl":"https:\/\/expressometro.mx\/wp-content\/uploads\/2020\/04\/39D667B7-C169-46D6-A1F5-967FC29159C5.jpeg","datePublished":"2020-04-27T17:43:41+00:00","dateModified":"2020-04-27T17:43:43+00:00","breadcrumb":{"@id":"https:\/\/expressometro.mx\/index.php\/2020\/04\/27\/aumentan-a-2355-los-casos-positivos-a-covid-19-en-el-edomex\/#breadcrumb"},"inLanguage":"es","potentialAction":[{"@type":"ReadAction","target":["https:\/\/expressometro.mx\/index.php\/2020\/04\/27\/aumentan-a-2355-los-casos-positivos-a-covid-19-en-el-edomex\/"]}]},{"@type":"ImageObject","inLanguage":"es","@id":"https:\/\/expressometro.mx\/index.php\/2020\/04\/27\/aumentan-a-2355-los-casos-positivos-a-covid-19-en-el-edomex\/#primaryimage","url":"https:\/\/expressometro.mx\/wp-content\/uploads\/2020\/04\/39D667B7-C169-46D6-A1F5-967FC29159C5.jpeg","contentUrl":"https:\/\/expressometro.mx\/wp-content\/uploads\/2020\/04\/39D667B7-C169-46D6-A1F5-967FC29159C5.jpeg","width":400,"height":250},{"@type":"BreadcrumbList","@id":"https:\/\/expressometro.mx\/index.php\/2020\/04\/27\/aumentan-a-2355-los-casos-positivos-a-covid-19-en-el-edomex\/#breadcrumb","itemListElement":[{"@type":"ListItem","position":1,"name":"Inicio","item":"https:\/\/expressometro.mx\/"},{"@type":"ListItem","position":2,"name":"AUMENTAN A 2,355 LOS CASOS POSITIVOS A COVID-19 EN EL EDOM\u00c9X"}]},{"@type":"WebSite","@id":"https:\/\/expressometro.mx\/#website","url":"https:\/\/expressometro.mx\/","name":"Expresso Metropolitano","description":"Periodismo comprometido, informaci\u00f3n, investigaci\u00f3n y an\u00e1lisis","publisher":{"@id":"https:\/\/expressometro.mx\/#organization"},"potentialAction":[{"@type":"SearchAction","target":{"@type":"EntryPoint","urlTemplate":"https:\/\/expressometro.mx\/?s={search_term_string}"},"query-input":{"@type":"PropertyValueSpecification","valueRequired":true,"valueName":"search_term_string"}}],"inLanguage":"es"},{"@type":"Organization","@id":"https:\/\/expressometro.mx\/#organization","name":"Expresso Metropolitano","url":"https:\/\/expressometro.mx\/","logo":{"@type":"ImageObject","inLanguage":"es","@id":"https:\/\/expressometro.mx\/#\/schema\/logo\/image\/","url":"https:\/\/expressometro.mx\/wp-content\/uploads\/2019\/07\/cropped-Logo-Expresso-Metropolitano-1-1.jpeg","contentUrl":"https:\/\/expressometro.mx\/wp-content\/uploads\/2019\/07\/cropped-Logo-Expresso-Metropolitano-1-1.jpeg","width":290,"height":73,"caption":"Expresso Metropolitano"},"image":{"@id":"https:\/\/expressometro.mx\/#\/schema\/logo\/image\/"}},{"@type":"Person","@id":"https:\/\/expressometro.mx\/#\/schema\/person\/efa971b4a0664db8ed5c22b1b0dd2f5d","name":"Expresso Metropolitano","image":{"@type":"ImageObject","inLanguage":"es","@id":"https:\/\/secure.gravatar.com\/avatar\/a89f802b8de18c6952f223c88d3d106e9e3679839f4e25a02f4a6cc2ae6ba3b3?s=96&d=mm&r=g","url":"https:\/\/secure.gravatar.com\/avatar\/a89f802b8de18c6952f223c88d3d106e9e3679839f4e25a02f4a6cc2ae6ba3b3?s=96&d=mm&r=g","contentUrl":"https:\/\/secure.gravatar.com\/avatar\/a89f802b8de18c6952f223c88d3d106e9e3679839f4e25a02f4a6cc2ae6ba3b3?s=96&d=mm&r=g","caption":"Expresso Metropolitano"},"url":"https:\/\/expressometro.mx\/index.php\/author\/diego\/"}]}},"amp_enabled":true,"_links":{"self":[{"href":"https:\/\/expressometro.mx\/index.php\/wp-json\/wp\/v2\/posts\/1474","targetHints":{"allow":["GET"]}}],"collection":[{"href":"https:\/\/expressometro.mx\/index.php\/wp-json\/wp\/v2\/posts"}],"about":[{"href":"https:\/\/expressometro.mx\/index.php\/wp-json\/wp\/v2\/types\/post"}],"author":[{"embeddable":true,"href":"https:\/\/expressometro.mx\/index.php\/wp-json\/wp\/v2\/users\/1"}],"replies":[{"embeddable":true,"href":"https:\/\/expressometro.mx\/index.php\/wp-json\/wp\/v2\/comments?post=1474"}],"version-history":[{"count":1,"href":"https:\/\/expressometro.mx\/index.php\/wp-json\/wp\/v2\/posts\/1474\/revisions"}],"predecessor-version":[{"id":1476,"href":"https:\/\/expressometro.mx\/index.php\/wp-json\/wp\/v2\/posts\/1474\/revisions\/1476"}],"wp:featuredmedia":[{"embeddable":true,"href":"https:\/\/expressometro.mx\/index.php\/wp-json\/wp\/v2\/media\/1475"}],"wp:attachment":[{"href":"https:\/\/expressometro.mx\/index.php\/wp-json\/wp\/v2\/media?parent=1474"}],"wp:term":[{"taxonomy":"category","embeddable":true,"href":"https:\/\/expressometro.mx\/index.php\/wp-json\/wp\/v2\/categories?post=1474"},{"taxonomy":"post_tag","embeddable":true,"href":"https:\/\/expressometro.mx\/index.php\/wp-json\/wp\/v2\/tags?post=1474"}],"curies":[{"name":"wp","href":"https:\/\/api.w.org\/{rel}","templated":true}]}}