{"id":1441,"date":"2020-04-15T15:30:55","date_gmt":"2020-04-15T20:30:55","guid":{"rendered":"http:\/\/expressometro.mx\/?p=1441"},"modified":"2020-04-15T18:07:12","modified_gmt":"2020-04-15T23:07:12","slug":"lo-que-se-haga-en-la-proximas-semanas-hara-la-diferencia-para-salir-adelante-de-la-pandemia-por-covid-19-alfredo-del-mazo","status":"publish","type":"post","link":"https:\/\/expressometro.mx\/index.php\/2020\/04\/15\/lo-que-se-haga-en-la-proximas-semanas-hara-la-diferencia-para-salir-adelante-de-la-pandemia-por-covid-19-alfredo-del-mazo\/","title":{"rendered":"LO QUE SE HAGA EN LA PR\u00d3XIMAS SEMANAS HAR\u00c1 LA DIFERENCIA PARA SALIR ADELANTE DE LA PANDEMIA POR COVID-19: ALFREDO DEL MAZO"},"content":{"rendered":"\n<p>El Gobernador Alfredo Del Mazo Maza exhort\u00f3 a los mexiquenses para que permanezcan en sus casas estas pr\u00f3ximas tres semanas, tiempo en el cual se estima que se tendr\u00e1 el mayor n\u00famero de enfermos por COVID-19. <\/p>\n\n\n\n<p>Apunt\u00f3 que en la entidad se hacen los esfuerzos necesarios por disminuir las actividades no esenciales y permanecer en casa, por lo que agradeci\u00f3 a quienes han permanecido en sus hogares, ya que esta acci\u00f3n ha permitido que el ritmo del contagio no sea tan acelerado, e inform\u00f3 que en los \u00faltimos d\u00edas de abril y los primeros de mayo, se tendr\u00e1n el mayor n\u00famero de enfermos. <\/p>\n\n\n\n<p>\u201cEl esfuerzo que hagamos hoy por permanecer en casa, lograr\u00e1 que tengamos un menor n\u00famero de enfermos graves durante las semanas m\u00e1s dif\u00edciles, por eso es muy importante s\u00f3lo salir de casa cuando sea estrictamente necesario\u201d, afirm\u00f3. <\/p>\n\n\n\n<p>\u201cLo que hagamos en las pr\u00f3ximas tres semanas, har\u00e1 la diferencia\u201d, agreg\u00f3.<\/p>\n\n\n\n<p>El mandatario estatal indic\u00f3 que en el Estado de M\u00e9xico se trabaja para tener el mayor n\u00famero de hospitales, m\u00e9dicos, medicinas y equipamiento necesario para atender esta pandemia.<\/p>\n\n\n\n<p>\u201cEstamos trabajando para tener el mayor n\u00famero de hospitales, m\u00e9dicos, equipamiento y medicinas disponibles para cuidar de la salud de las familias del Estado de M\u00e9xico\u201d, reiter\u00f3.<\/p>\n\n\n\n<p>Alfredo Del Mazo manifest\u00f3 que las familias se deben organizar para que una sola persona sea la que salga a hacer las compras de comida, medicinas y art\u00edculos de primera necesidad. <\/p>\n\n\n\n<p>\u201cNecesitamos entender que los enfermos que tendremos en las pr\u00f3ximas semanas, son el resultado de los contagios que se est\u00e1n dando a partir de este momento. <\/p>\n\n\n\n<p>\u201cPor eso es muy importante que sigamos haciendo el mayor esfuerzo posible por permanecer en casa\u201d, se\u00f1al\u00f3 a trav\u00e9s de un mensaje que trasmiti\u00f3 por redes sociales. <\/p>\n\n\n\n<p>Del Mazo Maza indic\u00f3 que el virus puede durar hasta 12 d\u00edas sin ser detectado, tiempo en el cual se podr\u00eda estar contagiando sin darnos cuenta, poniendo en riesgo a otras personas, de ah\u00ed la importancia de permanecer en los hogares. <\/p>\n\n\n\n<p>Asimismo, exhort\u00f3 a la poblaci\u00f3n a continuar con las medidas de prevenci\u00f3n e higiene, como lo son el lavado de manos, mantener la sana distancia y usar el cubrebocas. <\/p>\n\n\n\n<p>\u201cRecordemos que las medidas de protecci\u00f3n son lavarse las manos frecuentemente, mantener la sana distancia y usar el cubrebocas.<\/p>\n\n\n\n<p>\u201cUsen el cubrebocas cuando requieran salir de sus casas, usen el cubrebocas al ir en el transporte, usen el cubrebocas al caminar en la calle, el cubrebocas nos ayuda a prevenir que nos contagiemos y tambi\u00e9n que contagiemos a los dem\u00e1s\u201d, puntualiz\u00f3.<\/p>\n\n\n\n<figure class=\"wp-block-video\"><\/figure>\n","protected":false},"excerpt":{"rendered":"<p>El Gobernador Alfredo Del Mazo Maza exhort\u00f3 a los mexiquenses para que permanezcan en sus casas estas pr\u00f3ximas tres semanas, tiempo en el cual se estima que se tendr\u00e1 el mayor n\u00famero de enfermos por COVID-19. Apunt\u00f3 que en la entidad se hacen los esfuerzos necesarios por disminuir las actividades no esenciales y permanecer en casa, por lo que agradeci\u00f3 a quienes han permanecido en sus hogares, ya que esta acci\u00f3n ha permitido que el ritmo del contagio no sea tan acelerado, e inform\u00f3 que en los \u00faltimos d\u00edas de&hellip;<\/p>\n","protected":false},"author":1,"featured_media":1442,"comment_status":"open","ping_status":"open","sticky":false,"template":"","format":"standard","meta":{"footnotes":""},"categories":[1],"tags":[],"class_list":["post-1441","post","type-post","status-publish","format-standard","has-post-thumbnail","hentry","category-otros"],"yoast_head":"<!-- This site is optimized with the Yoast SEO plugin v27.5 - https:\/\/yoast.com\/product\/yoast-seo-wordpress\/ -->\n<title>LO QUE SE HAGA EN LA PR\u00d3XIMAS SEMANAS HAR\u00c1 LA DIFERENCIA PARA SALIR ADELANTE DE LA PANDEMIA POR COVID-19: ALFREDO DEL MAZO - Expresso Metropolitano<\/title>\n<meta name=\"robots\" content=\"index, follow, max-snippet:-1, max-image-preview:large, max-video-preview:-1\" \/>\n<link rel=\"canonical\" href=\"https:\/\/expressometro.mx\/index.php\/2020\/04\/15\/lo-que-se-haga-en-la-proximas-semanas-hara-la-diferencia-para-salir-adelante-de-la-pandemia-por-covid-19-alfredo-del-mazo\/\" \/>\n<meta property=\"og:locale\" content=\"es_MX\" \/>\n<meta property=\"og:type\" content=\"article\" \/>\n<meta property=\"og:title\" content=\"LO QUE SE HAGA EN LA PR\u00d3XIMAS SEMANAS HAR\u00c1 LA DIFERENCIA PARA SALIR ADELANTE DE LA PANDEMIA POR COVID-19: ALFREDO DEL MAZO - Expresso Metropolitano\" \/>\n<meta property=\"og:description\" content=\"El Gobernador Alfredo Del Mazo Maza exhort\u00f3 a los mexiquenses para que permanezcan en sus casas estas pr\u00f3ximas tres semanas, tiempo en el cual se estima que se tendr\u00e1 el mayor n\u00famero de enfermos por COVID-19. Apunt\u00f3 que en la entidad se hacen los esfuerzos necesarios por disminuir las actividades no esenciales y permanecer en casa, por lo que agradeci\u00f3 a quienes han permanecido en sus hogares, ya que esta acci\u00f3n ha permitido que el ritmo del contagio no sea tan acelerado, e inform\u00f3 que en los \u00faltimos d\u00edas de&hellip;\" \/>\n<meta property=\"og:url\" content=\"https:\/\/expressometro.mx\/index.php\/2020\/04\/15\/lo-que-se-haga-en-la-proximas-semanas-hara-la-diferencia-para-salir-adelante-de-la-pandemia-por-covid-19-alfredo-del-mazo\/\" \/>\n<meta property=\"og:site_name\" content=\"Expresso Metropolitano\" \/>\n<meta property=\"article:published_time\" content=\"2020-04-15T20:30:55+00:00\" \/>\n<meta property=\"article:modified_time\" content=\"2020-04-15T23:07:12+00:00\" \/>\n<meta property=\"og:image\" content=\"https:\/\/expressometro.mx\/wp-content\/uploads\/2020\/04\/2C773A3D-6EBA-46A9-BB92-84119D9619A6.jpeg\" \/>\n\t<meta property=\"og:image:width\" content=\"1280\" \/>\n\t<meta property=\"og:image:height\" content=\"720\" \/>\n\t<meta property=\"og:image:type\" content=\"image\/jpeg\" \/>\n<meta name=\"author\" content=\"Expresso Metropolitano\" \/>\n<meta name=\"twitter:label1\" content=\"Escrito por\" \/>\n\t<meta name=\"twitter:data1\" content=\"Expresso Metropolitano\" \/>\n\t<meta name=\"twitter:label2\" content=\"Tiempo de lectura\" \/>\n\t<meta name=\"twitter:data2\" content=\"2 minutos\" \/>\n<script type=\"application\/ld+json\" class=\"yoast-schema-graph\">{\"@context\":\"https:\\\/\\\/schema.org\",\"@graph\":[{\"@type\":\"Article\",\"@id\":\"https:\\\/\\\/expressometro.mx\\\/index.php\\\/2020\\\/04\\\/15\\\/lo-que-se-haga-en-la-proximas-semanas-hara-la-diferencia-para-salir-adelante-de-la-pandemia-por-covid-19-alfredo-del-mazo\\\/#article\",\"isPartOf\":{\"@id\":\"https:\\\/\\\/expressometro.mx\\\/index.php\\\/2020\\\/04\\\/15\\\/lo-que-se-haga-en-la-proximas-semanas-hara-la-diferencia-para-salir-adelante-de-la-pandemia-por-covid-19-alfredo-del-mazo\\\/\"},\"author\":{\"name\":\"Expresso Metropolitano\",\"@id\":\"https:\\\/\\\/expressometro.mx\\\/#\\\/schema\\\/person\\\/efa971b4a0664db8ed5c22b1b0dd2f5d\"},\"headline\":\"LO QUE SE HAGA EN LA PR\u00d3XIMAS SEMANAS HAR\u00c1 LA DIFERENCIA PARA SALIR ADELANTE DE LA PANDEMIA POR COVID-19: ALFREDO DEL MAZO\",\"datePublished\":\"2020-04-15T20:30:55+00:00\",\"dateModified\":\"2020-04-15T23:07:12+00:00\",\"mainEntityOfPage\":{\"@id\":\"https:\\\/\\\/expressometro.mx\\\/index.php\\\/2020\\\/04\\\/15\\\/lo-que-se-haga-en-la-proximas-semanas-hara-la-diferencia-para-salir-adelante-de-la-pandemia-por-covid-19-alfredo-del-mazo\\\/\"},\"wordCount\":473,\"commentCount\":0,\"publisher\":{\"@id\":\"https:\\\/\\\/expressometro.mx\\\/#organization\"},\"image\":{\"@id\":\"https:\\\/\\\/expressometro.mx\\\/index.php\\\/2020\\\/04\\\/15\\\/lo-que-se-haga-en-la-proximas-semanas-hara-la-diferencia-para-salir-adelante-de-la-pandemia-por-covid-19-alfredo-del-mazo\\\/#primaryimage\"},\"thumbnailUrl\":\"https:\\\/\\\/expressometro.mx\\\/wp-content\\\/uploads\\\/2020\\\/04\\\/2C773A3D-6EBA-46A9-BB92-84119D9619A6.jpeg\",\"articleSection\":[\"Otros\"],\"inLanguage\":\"es\",\"potentialAction\":[{\"@type\":\"CommentAction\",\"name\":\"Comment\",\"target\":[\"https:\\\/\\\/expressometro.mx\\\/index.php\\\/2020\\\/04\\\/15\\\/lo-que-se-haga-en-la-proximas-semanas-hara-la-diferencia-para-salir-adelante-de-la-pandemia-por-covid-19-alfredo-del-mazo\\\/#respond\"]}]},{\"@type\":\"WebPage\",\"@id\":\"https:\\\/\\\/expressometro.mx\\\/index.php\\\/2020\\\/04\\\/15\\\/lo-que-se-haga-en-la-proximas-semanas-hara-la-diferencia-para-salir-adelante-de-la-pandemia-por-covid-19-alfredo-del-mazo\\\/\",\"url\":\"https:\\\/\\\/expressometro.mx\\\/index.php\\\/2020\\\/04\\\/15\\\/lo-que-se-haga-en-la-proximas-semanas-hara-la-diferencia-para-salir-adelante-de-la-pandemia-por-covid-19-alfredo-del-mazo\\\/\",\"name\":\"LO QUE SE HAGA EN LA PR\u00d3XIMAS SEMANAS HAR\u00c1 LA DIFERENCIA PARA SALIR ADELANTE DE LA PANDEMIA POR COVID-19: ALFREDO DEL MAZO - Expresso Metropolitano\",\"isPartOf\":{\"@id\":\"https:\\\/\\\/expressometro.mx\\\/#website\"},\"primaryImageOfPage\":{\"@id\":\"https:\\\/\\\/expressometro.mx\\\/index.php\\\/2020\\\/04\\\/15\\\/lo-que-se-haga-en-la-proximas-semanas-hara-la-diferencia-para-salir-adelante-de-la-pandemia-por-covid-19-alfredo-del-mazo\\\/#primaryimage\"},\"image\":{\"@id\":\"https:\\\/\\\/expressometro.mx\\\/index.php\\\/2020\\\/04\\\/15\\\/lo-que-se-haga-en-la-proximas-semanas-hara-la-diferencia-para-salir-adelante-de-la-pandemia-por-covid-19-alfredo-del-mazo\\\/#primaryimage\"},\"thumbnailUrl\":\"https:\\\/\\\/expressometro.mx\\\/wp-content\\\/uploads\\\/2020\\\/04\\\/2C773A3D-6EBA-46A9-BB92-84119D9619A6.jpeg\",\"datePublished\":\"2020-04-15T20:30:55+00:00\",\"dateModified\":\"2020-04-15T23:07:12+00:00\",\"breadcrumb\":{\"@id\":\"https:\\\/\\\/expressometro.mx\\\/index.php\\\/2020\\\/04\\\/15\\\/lo-que-se-haga-en-la-proximas-semanas-hara-la-diferencia-para-salir-adelante-de-la-pandemia-por-covid-19-alfredo-del-mazo\\\/#breadcrumb\"},\"inLanguage\":\"es\",\"potentialAction\":[{\"@type\":\"ReadAction\",\"target\":[\"https:\\\/\\\/expressometro.mx\\\/index.php\\\/2020\\\/04\\\/15\\\/lo-que-se-haga-en-la-proximas-semanas-hara-la-diferencia-para-salir-adelante-de-la-pandemia-por-covid-19-alfredo-del-mazo\\\/\"]}]},{\"@type\":\"ImageObject\",\"inLanguage\":\"es\",\"@id\":\"https:\\\/\\\/expressometro.mx\\\/index.php\\\/2020\\\/04\\\/15\\\/lo-que-se-haga-en-la-proximas-semanas-hara-la-diferencia-para-salir-adelante-de-la-pandemia-por-covid-19-alfredo-del-mazo\\\/#primaryimage\",\"url\":\"https:\\\/\\\/expressometro.mx\\\/wp-content\\\/uploads\\\/2020\\\/04\\\/2C773A3D-6EBA-46A9-BB92-84119D9619A6.jpeg\",\"contentUrl\":\"https:\\\/\\\/expressometro.mx\\\/wp-content\\\/uploads\\\/2020\\\/04\\\/2C773A3D-6EBA-46A9-BB92-84119D9619A6.jpeg\",\"width\":1280,\"height\":720},{\"@type\":\"BreadcrumbList\",\"@id\":\"https:\\\/\\\/expressometro.mx\\\/index.php\\\/2020\\\/04\\\/15\\\/lo-que-se-haga-en-la-proximas-semanas-hara-la-diferencia-para-salir-adelante-de-la-pandemia-por-covid-19-alfredo-del-mazo\\\/#breadcrumb\",\"itemListElement\":[{\"@type\":\"ListItem\",\"position\":1,\"name\":\"Inicio\",\"item\":\"https:\\\/\\\/expressometro.mx\\\/\"},{\"@type\":\"ListItem\",\"position\":2,\"name\":\"LO QUE SE HAGA EN LA PR\u00d3XIMAS SEMANAS HAR\u00c1 LA DIFERENCIA PARA SALIR ADELANTE DE LA PANDEMIA POR COVID-19: ALFREDO DEL MAZO\"}]},{\"@type\":\"WebSite\",\"@id\":\"https:\\\/\\\/expressometro.mx\\\/#website\",\"url\":\"https:\\\/\\\/expressometro.mx\\\/\",\"name\":\"Expresso Metropolitano\",\"description\":\"Periodismo comprometido, informaci\u00f3n, investigaci\u00f3n y an\u00e1lisis\",\"publisher\":{\"@id\":\"https:\\\/\\\/expressometro.mx\\\/#organization\"},\"potentialAction\":[{\"@type\":\"SearchAction\",\"target\":{\"@type\":\"EntryPoint\",\"urlTemplate\":\"https:\\\/\\\/expressometro.mx\\\/?s={search_term_string}\"},\"query-input\":{\"@type\":\"PropertyValueSpecification\",\"valueRequired\":true,\"valueName\":\"search_term_string\"}}],\"inLanguage\":\"es\"},{\"@type\":\"Organization\",\"@id\":\"https:\\\/\\\/expressometro.mx\\\/#organization\",\"name\":\"Expresso Metropolitano\",\"url\":\"https:\\\/\\\/expressometro.mx\\\/\",\"logo\":{\"@type\":\"ImageObject\",\"inLanguage\":\"es\",\"@id\":\"https:\\\/\\\/expressometro.mx\\\/#\\\/schema\\\/logo\\\/image\\\/\",\"url\":\"https:\\\/\\\/expressometro.mx\\\/wp-content\\\/uploads\\\/2019\\\/07\\\/cropped-Logo-Expresso-Metropolitano-1-1.jpeg\",\"contentUrl\":\"https:\\\/\\\/expressometro.mx\\\/wp-content\\\/uploads\\\/2019\\\/07\\\/cropped-Logo-Expresso-Metropolitano-1-1.jpeg\",\"width\":290,\"height\":73,\"caption\":\"Expresso Metropolitano\"},\"image\":{\"@id\":\"https:\\\/\\\/expressometro.mx\\\/#\\\/schema\\\/logo\\\/image\\\/\"}},{\"@type\":\"Person\",\"@id\":\"https:\\\/\\\/expressometro.mx\\\/#\\\/schema\\\/person\\\/efa971b4a0664db8ed5c22b1b0dd2f5d\",\"name\":\"Expresso Metropolitano\",\"image\":{\"@type\":\"ImageObject\",\"inLanguage\":\"es\",\"@id\":\"https:\\\/\\\/secure.gravatar.com\\\/avatar\\\/a89f802b8de18c6952f223c88d3d106e9e3679839f4e25a02f4a6cc2ae6ba3b3?s=96&d=mm&r=g\",\"url\":\"https:\\\/\\\/secure.gravatar.com\\\/avatar\\\/a89f802b8de18c6952f223c88d3d106e9e3679839f4e25a02f4a6cc2ae6ba3b3?s=96&d=mm&r=g\",\"contentUrl\":\"https:\\\/\\\/secure.gravatar.com\\\/avatar\\\/a89f802b8de18c6952f223c88d3d106e9e3679839f4e25a02f4a6cc2ae6ba3b3?s=96&d=mm&r=g\",\"caption\":\"Expresso Metropolitano\"},\"url\":\"https:\\\/\\\/expressometro.mx\\\/index.php\\\/author\\\/diego\\\/\"}]}<\/script>\n<!-- \/ Yoast SEO plugin. -->","yoast_head_json":{"title":"LO QUE SE HAGA EN LA PR\u00d3XIMAS SEMANAS HAR\u00c1 LA DIFERENCIA PARA SALIR ADELANTE DE LA PANDEMIA POR COVID-19: ALFREDO DEL MAZO - Expresso Metropolitano","robots":{"index":"index","follow":"follow","max-snippet":"max-snippet:-1","max-image-preview":"max-image-preview:large","max-video-preview":"max-video-preview:-1"},"canonical":"https:\/\/expressometro.mx\/index.php\/2020\/04\/15\/lo-que-se-haga-en-la-proximas-semanas-hara-la-diferencia-para-salir-adelante-de-la-pandemia-por-covid-19-alfredo-del-mazo\/","og_locale":"es_MX","og_type":"article","og_title":"LO QUE SE HAGA EN LA PR\u00d3XIMAS SEMANAS HAR\u00c1 LA DIFERENCIA PARA SALIR ADELANTE DE LA PANDEMIA POR COVID-19: ALFREDO DEL MAZO - Expresso Metropolitano","og_description":"El Gobernador Alfredo Del Mazo Maza exhort\u00f3 a los mexiquenses para que permanezcan en sus casas estas pr\u00f3ximas tres semanas, tiempo en el cual se estima que se tendr\u00e1 el mayor n\u00famero de enfermos por COVID-19. Apunt\u00f3 que en la entidad se hacen los esfuerzos necesarios por disminuir las actividades no esenciales y permanecer en casa, por lo que agradeci\u00f3 a quienes han permanecido en sus hogares, ya que esta acci\u00f3n ha permitido que el ritmo del contagio no sea tan acelerado, e inform\u00f3 que en los \u00faltimos d\u00edas de&hellip;","og_url":"https:\/\/expressometro.mx\/index.php\/2020\/04\/15\/lo-que-se-haga-en-la-proximas-semanas-hara-la-diferencia-para-salir-adelante-de-la-pandemia-por-covid-19-alfredo-del-mazo\/","og_site_name":"Expresso Metropolitano","article_published_time":"2020-04-15T20:30:55+00:00","article_modified_time":"2020-04-15T23:07:12+00:00","og_image":[{"width":1280,"height":720,"url":"https:\/\/expressometro.mx\/wp-content\/uploads\/2020\/04\/2C773A3D-6EBA-46A9-BB92-84119D9619A6.jpeg","type":"image\/jpeg"}],"author":"Expresso Metropolitano","twitter_misc":{"Escrito por":"Expresso Metropolitano","Tiempo de lectura":"2 minutos"},"schema":{"@context":"https:\/\/schema.org","@graph":[{"@type":"Article","@id":"https:\/\/expressometro.mx\/index.php\/2020\/04\/15\/lo-que-se-haga-en-la-proximas-semanas-hara-la-diferencia-para-salir-adelante-de-la-pandemia-por-covid-19-alfredo-del-mazo\/#article","isPartOf":{"@id":"https:\/\/expressometro.mx\/index.php\/2020\/04\/15\/lo-que-se-haga-en-la-proximas-semanas-hara-la-diferencia-para-salir-adelante-de-la-pandemia-por-covid-19-alfredo-del-mazo\/"},"author":{"name":"Expresso Metropolitano","@id":"https:\/\/expressometro.mx\/#\/schema\/person\/efa971b4a0664db8ed5c22b1b0dd2f5d"},"headline":"LO QUE SE HAGA EN LA PR\u00d3XIMAS SEMANAS HAR\u00c1 LA DIFERENCIA PARA SALIR ADELANTE DE LA PANDEMIA POR COVID-19: ALFREDO DEL MAZO","datePublished":"2020-04-15T20:30:55+00:00","dateModified":"2020-04-15T23:07:12+00:00","mainEntityOfPage":{"@id":"https:\/\/expressometro.mx\/index.php\/2020\/04\/15\/lo-que-se-haga-en-la-proximas-semanas-hara-la-diferencia-para-salir-adelante-de-la-pandemia-por-covid-19-alfredo-del-mazo\/"},"wordCount":473,"commentCount":0,"publisher":{"@id":"https:\/\/expressometro.mx\/#organization"},"image":{"@id":"https:\/\/expressometro.mx\/index.php\/2020\/04\/15\/lo-que-se-haga-en-la-proximas-semanas-hara-la-diferencia-para-salir-adelante-de-la-pandemia-por-covid-19-alfredo-del-mazo\/#primaryimage"},"thumbnailUrl":"https:\/\/expressometro.mx\/wp-content\/uploads\/2020\/04\/2C773A3D-6EBA-46A9-BB92-84119D9619A6.jpeg","articleSection":["Otros"],"inLanguage":"es","potentialAction":[{"@type":"CommentAction","name":"Comment","target":["https:\/\/expressometro.mx\/index.php\/2020\/04\/15\/lo-que-se-haga-en-la-proximas-semanas-hara-la-diferencia-para-salir-adelante-de-la-pandemia-por-covid-19-alfredo-del-mazo\/#respond"]}]},{"@type":"WebPage","@id":"https:\/\/expressometro.mx\/index.php\/2020\/04\/15\/lo-que-se-haga-en-la-proximas-semanas-hara-la-diferencia-para-salir-adelante-de-la-pandemia-por-covid-19-alfredo-del-mazo\/","url":"https:\/\/expressometro.mx\/index.php\/2020\/04\/15\/lo-que-se-haga-en-la-proximas-semanas-hara-la-diferencia-para-salir-adelante-de-la-pandemia-por-covid-19-alfredo-del-mazo\/","name":"LO QUE SE HAGA EN LA PR\u00d3XIMAS SEMANAS HAR\u00c1 LA DIFERENCIA PARA SALIR ADELANTE DE LA PANDEMIA POR COVID-19: ALFREDO DEL MAZO - Expresso Metropolitano","isPartOf":{"@id":"https:\/\/expressometro.mx\/#website"},"primaryImageOfPage":{"@id":"https:\/\/expressometro.mx\/index.php\/2020\/04\/15\/lo-que-se-haga-en-la-proximas-semanas-hara-la-diferencia-para-salir-adelante-de-la-pandemia-por-covid-19-alfredo-del-mazo\/#primaryimage"},"image":{"@id":"https:\/\/expressometro.mx\/index.php\/2020\/04\/15\/lo-que-se-haga-en-la-proximas-semanas-hara-la-diferencia-para-salir-adelante-de-la-pandemia-por-covid-19-alfredo-del-mazo\/#primaryimage"},"thumbnailUrl":"https:\/\/expressometro.mx\/wp-content\/uploads\/2020\/04\/2C773A3D-6EBA-46A9-BB92-84119D9619A6.jpeg","datePublished":"2020-04-15T20:30:55+00:00","dateModified":"2020-04-15T23:07:12+00:00","breadcrumb":{"@id":"https:\/\/expressometro.mx\/index.php\/2020\/04\/15\/lo-que-se-haga-en-la-proximas-semanas-hara-la-diferencia-para-salir-adelante-de-la-pandemia-por-covid-19-alfredo-del-mazo\/#breadcrumb"},"inLanguage":"es","potentialAction":[{"@type":"ReadAction","target":["https:\/\/expressometro.mx\/index.php\/2020\/04\/15\/lo-que-se-haga-en-la-proximas-semanas-hara-la-diferencia-para-salir-adelante-de-la-pandemia-por-covid-19-alfredo-del-mazo\/"]}]},{"@type":"ImageObject","inLanguage":"es","@id":"https:\/\/expressometro.mx\/index.php\/2020\/04\/15\/lo-que-se-haga-en-la-proximas-semanas-hara-la-diferencia-para-salir-adelante-de-la-pandemia-por-covid-19-alfredo-del-mazo\/#primaryimage","url":"https:\/\/expressometro.mx\/wp-content\/uploads\/2020\/04\/2C773A3D-6EBA-46A9-BB92-84119D9619A6.jpeg","contentUrl":"https:\/\/expressometro.mx\/wp-content\/uploads\/2020\/04\/2C773A3D-6EBA-46A9-BB92-84119D9619A6.jpeg","width":1280,"height":720},{"@type":"BreadcrumbList","@id":"https:\/\/expressometro.mx\/index.php\/2020\/04\/15\/lo-que-se-haga-en-la-proximas-semanas-hara-la-diferencia-para-salir-adelante-de-la-pandemia-por-covid-19-alfredo-del-mazo\/#breadcrumb","itemListElement":[{"@type":"ListItem","position":1,"name":"Inicio","item":"https:\/\/expressometro.mx\/"},{"@type":"ListItem","position":2,"name":"LO QUE SE HAGA EN LA PR\u00d3XIMAS SEMANAS HAR\u00c1 LA DIFERENCIA PARA SALIR ADELANTE DE LA PANDEMIA POR COVID-19: ALFREDO DEL MAZO"}]},{"@type":"WebSite","@id":"https:\/\/expressometro.mx\/#website","url":"https:\/\/expressometro.mx\/","name":"Expresso Metropolitano","description":"Periodismo comprometido, informaci\u00f3n, investigaci\u00f3n y an\u00e1lisis","publisher":{"@id":"https:\/\/expressometro.mx\/#organization"},"potentialAction":[{"@type":"SearchAction","target":{"@type":"EntryPoint","urlTemplate":"https:\/\/expressometro.mx\/?s={search_term_string}"},"query-input":{"@type":"PropertyValueSpecification","valueRequired":true,"valueName":"search_term_string"}}],"inLanguage":"es"},{"@type":"Organization","@id":"https:\/\/expressometro.mx\/#organization","name":"Expresso Metropolitano","url":"https:\/\/expressometro.mx\/","logo":{"@type":"ImageObject","inLanguage":"es","@id":"https:\/\/expressometro.mx\/#\/schema\/logo\/image\/","url":"https:\/\/expressometro.mx\/wp-content\/uploads\/2019\/07\/cropped-Logo-Expresso-Metropolitano-1-1.jpeg","contentUrl":"https:\/\/expressometro.mx\/wp-content\/uploads\/2019\/07\/cropped-Logo-Expresso-Metropolitano-1-1.jpeg","width":290,"height":73,"caption":"Expresso Metropolitano"},"image":{"@id":"https:\/\/expressometro.mx\/#\/schema\/logo\/image\/"}},{"@type":"Person","@id":"https:\/\/expressometro.mx\/#\/schema\/person\/efa971b4a0664db8ed5c22b1b0dd2f5d","name":"Expresso Metropolitano","image":{"@type":"ImageObject","inLanguage":"es","@id":"https:\/\/secure.gravatar.com\/avatar\/a89f802b8de18c6952f223c88d3d106e9e3679839f4e25a02f4a6cc2ae6ba3b3?s=96&d=mm&r=g","url":"https:\/\/secure.gravatar.com\/avatar\/a89f802b8de18c6952f223c88d3d106e9e3679839f4e25a02f4a6cc2ae6ba3b3?s=96&d=mm&r=g","contentUrl":"https:\/\/secure.gravatar.com\/avatar\/a89f802b8de18c6952f223c88d3d106e9e3679839f4e25a02f4a6cc2ae6ba3b3?s=96&d=mm&r=g","caption":"Expresso Metropolitano"},"url":"https:\/\/expressometro.mx\/index.php\/author\/diego\/"}]}},"amp_enabled":true,"_links":{"self":[{"href":"https:\/\/expressometro.mx\/index.php\/wp-json\/wp\/v2\/posts\/1441","targetHints":{"allow":["GET"]}}],"collection":[{"href":"https:\/\/expressometro.mx\/index.php\/wp-json\/wp\/v2\/posts"}],"about":[{"href":"https:\/\/expressometro.mx\/index.php\/wp-json\/wp\/v2\/types\/post"}],"author":[{"embeddable":true,"href":"https:\/\/expressometro.mx\/index.php\/wp-json\/wp\/v2\/users\/1"}],"replies":[{"embeddable":true,"href":"https:\/\/expressometro.mx\/index.php\/wp-json\/wp\/v2\/comments?post=1441"}],"version-history":[{"count":1,"href":"https:\/\/expressometro.mx\/index.php\/wp-json\/wp\/v2\/posts\/1441\/revisions"}],"predecessor-version":[{"id":1443,"href":"https:\/\/expressometro.mx\/index.php\/wp-json\/wp\/v2\/posts\/1441\/revisions\/1443"}],"wp:featuredmedia":[{"embeddable":true,"href":"https:\/\/expressometro.mx\/index.php\/wp-json\/wp\/v2\/media\/1442"}],"wp:attachment":[{"href":"https:\/\/expressometro.mx\/index.php\/wp-json\/wp\/v2\/media?parent=1441"}],"wp:term":[{"taxonomy":"category","embeddable":true,"href":"https:\/\/expressometro.mx\/index.php\/wp-json\/wp\/v2\/categories?post=1441"},{"taxonomy":"post_tag","embeddable":true,"href":"https:\/\/expressometro.mx\/index.php\/wp-json\/wp\/v2\/tags?post=1441"}],"curies":[{"name":"wp","href":"https:\/\/api.w.org\/{rel}","templated":true}]}}