{"id":1432,"date":"2020-04-08T14:33:29","date_gmt":"2020-04-08T19:33:29","guid":{"rendered":"http:\/\/expressometro.mx\/?p=1432"},"modified":"2020-04-08T15:40:59","modified_gmt":"2020-04-08T20:40:59","slug":"llama-alfredo-del-mazo-a-usar-cubrebocas-como-medida-adicional-para-disminuir-contagios-de-covid-19","status":"publish","type":"post","link":"https:\/\/expressometro.mx\/index.php\/2020\/04\/08\/llama-alfredo-del-mazo-a-usar-cubrebocas-como-medida-adicional-para-disminuir-contagios-de-covid-19\/","title":{"rendered":"LLAMA ALFREDO DEL MAZO A USAR CUBREBOCAS COMO MEDIDA ADICIONAL PARA DISMINUIR CONTAGIOS DE COVID-19"},"content":{"rendered":"\n<p><em>A<\/em>dem\u00e1s de mantener la sana distancia, la limpieza de superficies o art\u00edculos comunes, as\u00ed como el lavado constante de manos, el Gobernador Alfredo Del Mazo Maza inst\u00f3 a la ciudadan\u00eda a fortalecer la prevenci\u00f3n para reducir los contagios de COVID-19, y llam\u00f3 a los mexiquenses a usar cubrebocas siempre que salgan de casa. <\/p>\n\n\n\n<p>Subray\u00f3 que el cubrebocas ha sido eficaz en otros pa\u00edses que enfrentan esta enfermedad, especialmente en la regi\u00f3n de Asia, y asegur\u00f3 que al usarlo se reduce la propagaci\u00f3n del coronavirus, por lo que recomend\u00f3 llevarlo en centros de trabajo, en el transporte o al caminar en v\u00eda p\u00fablica. <\/p>\n\n\n\n<p>&#8220;Quiero pedirles una medida adicional, usar el cubrebocas cuando salgan de casa; esta medida ha sido eficiente en otros pa\u00edses del mundo, en especial en Asia, usen el cubrebocas cuando salgan en el transporte p\u00fablico,  cuando est\u00e9n en sus centros de trabajo, cuando est\u00e9n caminando en la calle, cuando tengan que salir de su casa usen el cubre bocas.<\/p>\n\n\n\n<p>&#8220;El cubrebocas nos ayuda a evitar contagiarnos, y tambi\u00e9n ayuda a que no contagiemos a alguien m\u00e1s, esta medida adicional nos va a ayudar a disminuir el n\u00famero de contagio&#8221;, puntualiz\u00f3. <\/p>\n\n\n\n<p>En el mensaje que emiti\u00f3 a trav\u00e9s de sus redes sociales, el mandatario estatal recalc\u00f3 que en esta etapa de la pandemia es prioritario permanecer en casa, as\u00ed como continuar aplicando medidas sanitarias en el hogar. <\/p>\n\n\n\n<p>Asimismo, reconoci\u00f3 el esfuerzo que est\u00e1 haciendo la sociedad mexiquense por disminuir los contagios, al atender las recomendaciones de las autoridades y, en la medida de lo posible, evitar salir de sus hogares. <\/p>\n\n\n\n<p>&#8220;Recordemos que lo m\u00e1s importante es permanecer en casa, seguir teniendo las medidas de higiene, lavarse las manos con frecuencia, limpiar los objetos de uso com\u00fan y guardar la sana distancia&#8221;, reiter\u00f3. <\/p>\n\n\n\n<p>Finalmente, Del Mazo Maza consider\u00f3 que estas acciones permitir\u00e1n reducir los casos de COVID-19, y asegur\u00f3 que el reto que representa enfrentar est\u00e1 enfermedad ser\u00e1 superado en unidad y con el esfuerzo de todos. <\/p>\n\n\n\n<p>&#8220;Haciendo este esfuerzo, vamos a ayudar todos a disminuir los contagios por el coronavirus. Estoy seguro que juntos, en unidad, y con este gran esfuerzo que estamos haciendo, saldremos delante de este gran reto&#8221;, finaliz\u00f3.<\/p>\n\n\n\n<figure class=\"wp-block-video\"><video height=\"480\" style=\"aspect-ratio: 848 \/ 480;\" width=\"848\" controls src=\"http:\/\/expressometro.mx\/wp-content\/uploads\/2020\/04\/IMG_8112.mp4\"><\/video><\/figure>\n","protected":false},"excerpt":{"rendered":"<p>Adem\u00e1s de mantener la sana distancia, la limpieza de superficies o art\u00edculos comunes, as\u00ed como el lavado constante de manos, el Gobernador Alfredo Del Mazo Maza inst\u00f3 a la ciudadan\u00eda a fortalecer la prevenci\u00f3n para reducir los contagios de COVID-19, y llam\u00f3 a los mexiquenses a usar cubrebocas siempre que salgan de casa. Subray\u00f3 que el cubrebocas ha sido eficaz en otros pa\u00edses que enfrentan esta enfermedad, especialmente en la regi\u00f3n de Asia, y asegur\u00f3 que al usarlo se reduce la propagaci\u00f3n del coronavirus, por lo que recomend\u00f3 llevarlo en&hellip;<\/p>\n","protected":false},"author":1,"featured_media":1434,"comment_status":"open","ping_status":"open","sticky":false,"template":"","format":"standard","meta":{"footnotes":""},"categories":[1],"tags":[],"class_list":["post-1432","post","type-post","status-publish","format-standard","has-post-thumbnail","hentry","category-otros"],"yoast_head":"<!-- This site is optimized with the Yoast SEO plugin v27.5 - https:\/\/yoast.com\/product\/yoast-seo-wordpress\/ -->\n<title>LLAMA ALFREDO DEL MAZO A USAR CUBREBOCAS COMO MEDIDA ADICIONAL PARA DISMINUIR CONTAGIOS DE COVID-19 - Expresso Metropolitano<\/title>\n<meta name=\"robots\" content=\"index, follow, max-snippet:-1, max-image-preview:large, max-video-preview:-1\" \/>\n<link rel=\"canonical\" href=\"https:\/\/expressometro.mx\/index.php\/2020\/04\/08\/llama-alfredo-del-mazo-a-usar-cubrebocas-como-medida-adicional-para-disminuir-contagios-de-covid-19\/\" \/>\n<meta property=\"og:locale\" content=\"es_MX\" \/>\n<meta property=\"og:type\" content=\"article\" \/>\n<meta property=\"og:title\" content=\"LLAMA ALFREDO DEL MAZO A USAR CUBREBOCAS COMO MEDIDA ADICIONAL PARA DISMINUIR CONTAGIOS DE COVID-19 - Expresso Metropolitano\" \/>\n<meta property=\"og:description\" content=\"Adem\u00e1s de mantener la sana distancia, la limpieza de superficies o art\u00edculos comunes, as\u00ed como el lavado constante de manos, el Gobernador Alfredo Del Mazo Maza inst\u00f3 a la ciudadan\u00eda a fortalecer la prevenci\u00f3n para reducir los contagios de COVID-19, y llam\u00f3 a los mexiquenses a usar cubrebocas siempre que salgan de casa. Subray\u00f3 que el cubrebocas ha sido eficaz en otros pa\u00edses que enfrentan esta enfermedad, especialmente en la regi\u00f3n de Asia, y asegur\u00f3 que al usarlo se reduce la propagaci\u00f3n del coronavirus, por lo que recomend\u00f3 llevarlo en&hellip;\" \/>\n<meta property=\"og:url\" content=\"https:\/\/expressometro.mx\/index.php\/2020\/04\/08\/llama-alfredo-del-mazo-a-usar-cubrebocas-como-medida-adicional-para-disminuir-contagios-de-covid-19\/\" \/>\n<meta property=\"og:site_name\" content=\"Expresso Metropolitano\" \/>\n<meta property=\"article:published_time\" content=\"2020-04-08T19:33:29+00:00\" \/>\n<meta property=\"article:modified_time\" content=\"2020-04-08T20:40:59+00:00\" \/>\n<meta property=\"og:image\" content=\"https:\/\/expressometro.mx\/wp-content\/uploads\/2020\/04\/42BDB1E8-B13D-40FF-B129-A441C21C7A9D.jpeg\" \/>\n\t<meta property=\"og:image:width\" content=\"848\" \/>\n\t<meta property=\"og:image:height\" content=\"480\" \/>\n\t<meta property=\"og:image:type\" content=\"image\/jpeg\" \/>\n<meta name=\"author\" content=\"Expresso Metropolitano\" \/>\n<meta name=\"twitter:label1\" content=\"Escrito por\" \/>\n\t<meta name=\"twitter:data1\" content=\"Expresso Metropolitano\" \/>\n\t<meta name=\"twitter:label2\" content=\"Tiempo de lectura\" \/>\n\t<meta name=\"twitter:data2\" content=\"2 minutos\" \/>\n<script type=\"application\/ld+json\" class=\"yoast-schema-graph\">{\"@context\":\"https:\\\/\\\/schema.org\",\"@graph\":[{\"@type\":\"Article\",\"@id\":\"https:\\\/\\\/expressometro.mx\\\/index.php\\\/2020\\\/04\\\/08\\\/llama-alfredo-del-mazo-a-usar-cubrebocas-como-medida-adicional-para-disminuir-contagios-de-covid-19\\\/#article\",\"isPartOf\":{\"@id\":\"https:\\\/\\\/expressometro.mx\\\/index.php\\\/2020\\\/04\\\/08\\\/llama-alfredo-del-mazo-a-usar-cubrebocas-como-medida-adicional-para-disminuir-contagios-de-covid-19\\\/\"},\"author\":{\"name\":\"Expresso Metropolitano\",\"@id\":\"https:\\\/\\\/expressometro.mx\\\/#\\\/schema\\\/person\\\/efa971b4a0664db8ed5c22b1b0dd2f5d\"},\"headline\":\"LLAMA ALFREDO DEL MAZO A USAR CUBREBOCAS COMO MEDIDA ADICIONAL PARA DISMINUIR CONTAGIOS DE COVID-19\",\"datePublished\":\"2020-04-08T19:33:29+00:00\",\"dateModified\":\"2020-04-08T20:40:59+00:00\",\"mainEntityOfPage\":{\"@id\":\"https:\\\/\\\/expressometro.mx\\\/index.php\\\/2020\\\/04\\\/08\\\/llama-alfredo-del-mazo-a-usar-cubrebocas-como-medida-adicional-para-disminuir-contagios-de-covid-19\\\/\"},\"wordCount\":397,\"commentCount\":0,\"publisher\":{\"@id\":\"https:\\\/\\\/expressometro.mx\\\/#organization\"},\"image\":{\"@id\":\"https:\\\/\\\/expressometro.mx\\\/index.php\\\/2020\\\/04\\\/08\\\/llama-alfredo-del-mazo-a-usar-cubrebocas-como-medida-adicional-para-disminuir-contagios-de-covid-19\\\/#primaryimage\"},\"thumbnailUrl\":\"https:\\\/\\\/expressometro.mx\\\/wp-content\\\/uploads\\\/2020\\\/04\\\/42BDB1E8-B13D-40FF-B129-A441C21C7A9D.jpeg\",\"articleSection\":[\"Otros\"],\"inLanguage\":\"es\",\"potentialAction\":[{\"@type\":\"CommentAction\",\"name\":\"Comment\",\"target\":[\"https:\\\/\\\/expressometro.mx\\\/index.php\\\/2020\\\/04\\\/08\\\/llama-alfredo-del-mazo-a-usar-cubrebocas-como-medida-adicional-para-disminuir-contagios-de-covid-19\\\/#respond\"]}]},{\"@type\":\"WebPage\",\"@id\":\"https:\\\/\\\/expressometro.mx\\\/index.php\\\/2020\\\/04\\\/08\\\/llama-alfredo-del-mazo-a-usar-cubrebocas-como-medida-adicional-para-disminuir-contagios-de-covid-19\\\/\",\"url\":\"https:\\\/\\\/expressometro.mx\\\/index.php\\\/2020\\\/04\\\/08\\\/llama-alfredo-del-mazo-a-usar-cubrebocas-como-medida-adicional-para-disminuir-contagios-de-covid-19\\\/\",\"name\":\"LLAMA ALFREDO DEL MAZO A USAR CUBREBOCAS COMO MEDIDA ADICIONAL PARA DISMINUIR CONTAGIOS DE COVID-19 - Expresso Metropolitano\",\"isPartOf\":{\"@id\":\"https:\\\/\\\/expressometro.mx\\\/#website\"},\"primaryImageOfPage\":{\"@id\":\"https:\\\/\\\/expressometro.mx\\\/index.php\\\/2020\\\/04\\\/08\\\/llama-alfredo-del-mazo-a-usar-cubrebocas-como-medida-adicional-para-disminuir-contagios-de-covid-19\\\/#primaryimage\"},\"image\":{\"@id\":\"https:\\\/\\\/expressometro.mx\\\/index.php\\\/2020\\\/04\\\/08\\\/llama-alfredo-del-mazo-a-usar-cubrebocas-como-medida-adicional-para-disminuir-contagios-de-covid-19\\\/#primaryimage\"},\"thumbnailUrl\":\"https:\\\/\\\/expressometro.mx\\\/wp-content\\\/uploads\\\/2020\\\/04\\\/42BDB1E8-B13D-40FF-B129-A441C21C7A9D.jpeg\",\"datePublished\":\"2020-04-08T19:33:29+00:00\",\"dateModified\":\"2020-04-08T20:40:59+00:00\",\"breadcrumb\":{\"@id\":\"https:\\\/\\\/expressometro.mx\\\/index.php\\\/2020\\\/04\\\/08\\\/llama-alfredo-del-mazo-a-usar-cubrebocas-como-medida-adicional-para-disminuir-contagios-de-covid-19\\\/#breadcrumb\"},\"inLanguage\":\"es\",\"potentialAction\":[{\"@type\":\"ReadAction\",\"target\":[\"https:\\\/\\\/expressometro.mx\\\/index.php\\\/2020\\\/04\\\/08\\\/llama-alfredo-del-mazo-a-usar-cubrebocas-como-medida-adicional-para-disminuir-contagios-de-covid-19\\\/\"]}]},{\"@type\":\"ImageObject\",\"inLanguage\":\"es\",\"@id\":\"https:\\\/\\\/expressometro.mx\\\/index.php\\\/2020\\\/04\\\/08\\\/llama-alfredo-del-mazo-a-usar-cubrebocas-como-medida-adicional-para-disminuir-contagios-de-covid-19\\\/#primaryimage\",\"url\":\"https:\\\/\\\/expressometro.mx\\\/wp-content\\\/uploads\\\/2020\\\/04\\\/42BDB1E8-B13D-40FF-B129-A441C21C7A9D.jpeg\",\"contentUrl\":\"https:\\\/\\\/expressometro.mx\\\/wp-content\\\/uploads\\\/2020\\\/04\\\/42BDB1E8-B13D-40FF-B129-A441C21C7A9D.jpeg\",\"width\":848,\"height\":480},{\"@type\":\"BreadcrumbList\",\"@id\":\"https:\\\/\\\/expressometro.mx\\\/index.php\\\/2020\\\/04\\\/08\\\/llama-alfredo-del-mazo-a-usar-cubrebocas-como-medida-adicional-para-disminuir-contagios-de-covid-19\\\/#breadcrumb\",\"itemListElement\":[{\"@type\":\"ListItem\",\"position\":1,\"name\":\"Inicio\",\"item\":\"https:\\\/\\\/expressometro.mx\\\/\"},{\"@type\":\"ListItem\",\"position\":2,\"name\":\"LLAMA ALFREDO DEL MAZO A USAR CUBREBOCAS COMO MEDIDA ADICIONAL PARA DISMINUIR CONTAGIOS DE COVID-19\"}]},{\"@type\":\"WebSite\",\"@id\":\"https:\\\/\\\/expressometro.mx\\\/#website\",\"url\":\"https:\\\/\\\/expressometro.mx\\\/\",\"name\":\"Expresso Metropolitano\",\"description\":\"Periodismo comprometido, informaci\u00f3n, investigaci\u00f3n y an\u00e1lisis\",\"publisher\":{\"@id\":\"https:\\\/\\\/expressometro.mx\\\/#organization\"},\"potentialAction\":[{\"@type\":\"SearchAction\",\"target\":{\"@type\":\"EntryPoint\",\"urlTemplate\":\"https:\\\/\\\/expressometro.mx\\\/?s={search_term_string}\"},\"query-input\":{\"@type\":\"PropertyValueSpecification\",\"valueRequired\":true,\"valueName\":\"search_term_string\"}}],\"inLanguage\":\"es\"},{\"@type\":\"Organization\",\"@id\":\"https:\\\/\\\/expressometro.mx\\\/#organization\",\"name\":\"Expresso Metropolitano\",\"url\":\"https:\\\/\\\/expressometro.mx\\\/\",\"logo\":{\"@type\":\"ImageObject\",\"inLanguage\":\"es\",\"@id\":\"https:\\\/\\\/expressometro.mx\\\/#\\\/schema\\\/logo\\\/image\\\/\",\"url\":\"https:\\\/\\\/expressometro.mx\\\/wp-content\\\/uploads\\\/2019\\\/07\\\/cropped-Logo-Expresso-Metropolitano-1-1.jpeg\",\"contentUrl\":\"https:\\\/\\\/expressometro.mx\\\/wp-content\\\/uploads\\\/2019\\\/07\\\/cropped-Logo-Expresso-Metropolitano-1-1.jpeg\",\"width\":290,\"height\":73,\"caption\":\"Expresso Metropolitano\"},\"image\":{\"@id\":\"https:\\\/\\\/expressometro.mx\\\/#\\\/schema\\\/logo\\\/image\\\/\"}},{\"@type\":\"Person\",\"@id\":\"https:\\\/\\\/expressometro.mx\\\/#\\\/schema\\\/person\\\/efa971b4a0664db8ed5c22b1b0dd2f5d\",\"name\":\"Expresso Metropolitano\",\"image\":{\"@type\":\"ImageObject\",\"inLanguage\":\"es\",\"@id\":\"https:\\\/\\\/secure.gravatar.com\\\/avatar\\\/a89f802b8de18c6952f223c88d3d106e9e3679839f4e25a02f4a6cc2ae6ba3b3?s=96&d=mm&r=g\",\"url\":\"https:\\\/\\\/secure.gravatar.com\\\/avatar\\\/a89f802b8de18c6952f223c88d3d106e9e3679839f4e25a02f4a6cc2ae6ba3b3?s=96&d=mm&r=g\",\"contentUrl\":\"https:\\\/\\\/secure.gravatar.com\\\/avatar\\\/a89f802b8de18c6952f223c88d3d106e9e3679839f4e25a02f4a6cc2ae6ba3b3?s=96&d=mm&r=g\",\"caption\":\"Expresso Metropolitano\"},\"url\":\"https:\\\/\\\/expressometro.mx\\\/index.php\\\/author\\\/diego\\\/\"}]}<\/script>\n<!-- \/ Yoast SEO plugin. -->","yoast_head_json":{"title":"LLAMA ALFREDO DEL MAZO A USAR CUBREBOCAS COMO MEDIDA ADICIONAL PARA DISMINUIR CONTAGIOS DE COVID-19 - Expresso Metropolitano","robots":{"index":"index","follow":"follow","max-snippet":"max-snippet:-1","max-image-preview":"max-image-preview:large","max-video-preview":"max-video-preview:-1"},"canonical":"https:\/\/expressometro.mx\/index.php\/2020\/04\/08\/llama-alfredo-del-mazo-a-usar-cubrebocas-como-medida-adicional-para-disminuir-contagios-de-covid-19\/","og_locale":"es_MX","og_type":"article","og_title":"LLAMA ALFREDO DEL MAZO A USAR CUBREBOCAS COMO MEDIDA ADICIONAL PARA DISMINUIR CONTAGIOS DE COVID-19 - Expresso Metropolitano","og_description":"Adem\u00e1s de mantener la sana distancia, la limpieza de superficies o art\u00edculos comunes, as\u00ed como el lavado constante de manos, el Gobernador Alfredo Del Mazo Maza inst\u00f3 a la ciudadan\u00eda a fortalecer la prevenci\u00f3n para reducir los contagios de COVID-19, y llam\u00f3 a los mexiquenses a usar cubrebocas siempre que salgan de casa. Subray\u00f3 que el cubrebocas ha sido eficaz en otros pa\u00edses que enfrentan esta enfermedad, especialmente en la regi\u00f3n de Asia, y asegur\u00f3 que al usarlo se reduce la propagaci\u00f3n del coronavirus, por lo que recomend\u00f3 llevarlo en&hellip;","og_url":"https:\/\/expressometro.mx\/index.php\/2020\/04\/08\/llama-alfredo-del-mazo-a-usar-cubrebocas-como-medida-adicional-para-disminuir-contagios-de-covid-19\/","og_site_name":"Expresso Metropolitano","article_published_time":"2020-04-08T19:33:29+00:00","article_modified_time":"2020-04-08T20:40:59+00:00","og_image":[{"width":848,"height":480,"url":"https:\/\/expressometro.mx\/wp-content\/uploads\/2020\/04\/42BDB1E8-B13D-40FF-B129-A441C21C7A9D.jpeg","type":"image\/jpeg"}],"author":"Expresso Metropolitano","twitter_misc":{"Escrito por":"Expresso Metropolitano","Tiempo de lectura":"2 minutos"},"schema":{"@context":"https:\/\/schema.org","@graph":[{"@type":"Article","@id":"https:\/\/expressometro.mx\/index.php\/2020\/04\/08\/llama-alfredo-del-mazo-a-usar-cubrebocas-como-medida-adicional-para-disminuir-contagios-de-covid-19\/#article","isPartOf":{"@id":"https:\/\/expressometro.mx\/index.php\/2020\/04\/08\/llama-alfredo-del-mazo-a-usar-cubrebocas-como-medida-adicional-para-disminuir-contagios-de-covid-19\/"},"author":{"name":"Expresso Metropolitano","@id":"https:\/\/expressometro.mx\/#\/schema\/person\/efa971b4a0664db8ed5c22b1b0dd2f5d"},"headline":"LLAMA ALFREDO DEL MAZO A USAR CUBREBOCAS COMO MEDIDA ADICIONAL PARA DISMINUIR CONTAGIOS DE COVID-19","datePublished":"2020-04-08T19:33:29+00:00","dateModified":"2020-04-08T20:40:59+00:00","mainEntityOfPage":{"@id":"https:\/\/expressometro.mx\/index.php\/2020\/04\/08\/llama-alfredo-del-mazo-a-usar-cubrebocas-como-medida-adicional-para-disminuir-contagios-de-covid-19\/"},"wordCount":397,"commentCount":0,"publisher":{"@id":"https:\/\/expressometro.mx\/#organization"},"image":{"@id":"https:\/\/expressometro.mx\/index.php\/2020\/04\/08\/llama-alfredo-del-mazo-a-usar-cubrebocas-como-medida-adicional-para-disminuir-contagios-de-covid-19\/#primaryimage"},"thumbnailUrl":"https:\/\/expressometro.mx\/wp-content\/uploads\/2020\/04\/42BDB1E8-B13D-40FF-B129-A441C21C7A9D.jpeg","articleSection":["Otros"],"inLanguage":"es","potentialAction":[{"@type":"CommentAction","name":"Comment","target":["https:\/\/expressometro.mx\/index.php\/2020\/04\/08\/llama-alfredo-del-mazo-a-usar-cubrebocas-como-medida-adicional-para-disminuir-contagios-de-covid-19\/#respond"]}]},{"@type":"WebPage","@id":"https:\/\/expressometro.mx\/index.php\/2020\/04\/08\/llama-alfredo-del-mazo-a-usar-cubrebocas-como-medida-adicional-para-disminuir-contagios-de-covid-19\/","url":"https:\/\/expressometro.mx\/index.php\/2020\/04\/08\/llama-alfredo-del-mazo-a-usar-cubrebocas-como-medida-adicional-para-disminuir-contagios-de-covid-19\/","name":"LLAMA ALFREDO DEL MAZO A USAR CUBREBOCAS COMO MEDIDA ADICIONAL PARA DISMINUIR CONTAGIOS DE COVID-19 - Expresso Metropolitano","isPartOf":{"@id":"https:\/\/expressometro.mx\/#website"},"primaryImageOfPage":{"@id":"https:\/\/expressometro.mx\/index.php\/2020\/04\/08\/llama-alfredo-del-mazo-a-usar-cubrebocas-como-medida-adicional-para-disminuir-contagios-de-covid-19\/#primaryimage"},"image":{"@id":"https:\/\/expressometro.mx\/index.php\/2020\/04\/08\/llama-alfredo-del-mazo-a-usar-cubrebocas-como-medida-adicional-para-disminuir-contagios-de-covid-19\/#primaryimage"},"thumbnailUrl":"https:\/\/expressometro.mx\/wp-content\/uploads\/2020\/04\/42BDB1E8-B13D-40FF-B129-A441C21C7A9D.jpeg","datePublished":"2020-04-08T19:33:29+00:00","dateModified":"2020-04-08T20:40:59+00:00","breadcrumb":{"@id":"https:\/\/expressometro.mx\/index.php\/2020\/04\/08\/llama-alfredo-del-mazo-a-usar-cubrebocas-como-medida-adicional-para-disminuir-contagios-de-covid-19\/#breadcrumb"},"inLanguage":"es","potentialAction":[{"@type":"ReadAction","target":["https:\/\/expressometro.mx\/index.php\/2020\/04\/08\/llama-alfredo-del-mazo-a-usar-cubrebocas-como-medida-adicional-para-disminuir-contagios-de-covid-19\/"]}]},{"@type":"ImageObject","inLanguage":"es","@id":"https:\/\/expressometro.mx\/index.php\/2020\/04\/08\/llama-alfredo-del-mazo-a-usar-cubrebocas-como-medida-adicional-para-disminuir-contagios-de-covid-19\/#primaryimage","url":"https:\/\/expressometro.mx\/wp-content\/uploads\/2020\/04\/42BDB1E8-B13D-40FF-B129-A441C21C7A9D.jpeg","contentUrl":"https:\/\/expressometro.mx\/wp-content\/uploads\/2020\/04\/42BDB1E8-B13D-40FF-B129-A441C21C7A9D.jpeg","width":848,"height":480},{"@type":"BreadcrumbList","@id":"https:\/\/expressometro.mx\/index.php\/2020\/04\/08\/llama-alfredo-del-mazo-a-usar-cubrebocas-como-medida-adicional-para-disminuir-contagios-de-covid-19\/#breadcrumb","itemListElement":[{"@type":"ListItem","position":1,"name":"Inicio","item":"https:\/\/expressometro.mx\/"},{"@type":"ListItem","position":2,"name":"LLAMA ALFREDO DEL MAZO A USAR CUBREBOCAS COMO MEDIDA ADICIONAL PARA DISMINUIR CONTAGIOS DE COVID-19"}]},{"@type":"WebSite","@id":"https:\/\/expressometro.mx\/#website","url":"https:\/\/expressometro.mx\/","name":"Expresso Metropolitano","description":"Periodismo comprometido, informaci\u00f3n, investigaci\u00f3n y an\u00e1lisis","publisher":{"@id":"https:\/\/expressometro.mx\/#organization"},"potentialAction":[{"@type":"SearchAction","target":{"@type":"EntryPoint","urlTemplate":"https:\/\/expressometro.mx\/?s={search_term_string}"},"query-input":{"@type":"PropertyValueSpecification","valueRequired":true,"valueName":"search_term_string"}}],"inLanguage":"es"},{"@type":"Organization","@id":"https:\/\/expressometro.mx\/#organization","name":"Expresso Metropolitano","url":"https:\/\/expressometro.mx\/","logo":{"@type":"ImageObject","inLanguage":"es","@id":"https:\/\/expressometro.mx\/#\/schema\/logo\/image\/","url":"https:\/\/expressometro.mx\/wp-content\/uploads\/2019\/07\/cropped-Logo-Expresso-Metropolitano-1-1.jpeg","contentUrl":"https:\/\/expressometro.mx\/wp-content\/uploads\/2019\/07\/cropped-Logo-Expresso-Metropolitano-1-1.jpeg","width":290,"height":73,"caption":"Expresso Metropolitano"},"image":{"@id":"https:\/\/expressometro.mx\/#\/schema\/logo\/image\/"}},{"@type":"Person","@id":"https:\/\/expressometro.mx\/#\/schema\/person\/efa971b4a0664db8ed5c22b1b0dd2f5d","name":"Expresso Metropolitano","image":{"@type":"ImageObject","inLanguage":"es","@id":"https:\/\/secure.gravatar.com\/avatar\/a89f802b8de18c6952f223c88d3d106e9e3679839f4e25a02f4a6cc2ae6ba3b3?s=96&d=mm&r=g","url":"https:\/\/secure.gravatar.com\/avatar\/a89f802b8de18c6952f223c88d3d106e9e3679839f4e25a02f4a6cc2ae6ba3b3?s=96&d=mm&r=g","contentUrl":"https:\/\/secure.gravatar.com\/avatar\/a89f802b8de18c6952f223c88d3d106e9e3679839f4e25a02f4a6cc2ae6ba3b3?s=96&d=mm&r=g","caption":"Expresso Metropolitano"},"url":"https:\/\/expressometro.mx\/index.php\/author\/diego\/"}]}},"amp_enabled":true,"_links":{"self":[{"href":"https:\/\/expressometro.mx\/index.php\/wp-json\/wp\/v2\/posts\/1432","targetHints":{"allow":["GET"]}}],"collection":[{"href":"https:\/\/expressometro.mx\/index.php\/wp-json\/wp\/v2\/posts"}],"about":[{"href":"https:\/\/expressometro.mx\/index.php\/wp-json\/wp\/v2\/types\/post"}],"author":[{"embeddable":true,"href":"https:\/\/expressometro.mx\/index.php\/wp-json\/wp\/v2\/users\/1"}],"replies":[{"embeddable":true,"href":"https:\/\/expressometro.mx\/index.php\/wp-json\/wp\/v2\/comments?post=1432"}],"version-history":[{"count":1,"href":"https:\/\/expressometro.mx\/index.php\/wp-json\/wp\/v2\/posts\/1432\/revisions"}],"predecessor-version":[{"id":1435,"href":"https:\/\/expressometro.mx\/index.php\/wp-json\/wp\/v2\/posts\/1432\/revisions\/1435"}],"wp:featuredmedia":[{"embeddable":true,"href":"https:\/\/expressometro.mx\/index.php\/wp-json\/wp\/v2\/media\/1434"}],"wp:attachment":[{"href":"https:\/\/expressometro.mx\/index.php\/wp-json\/wp\/v2\/media?parent=1432"}],"wp:term":[{"taxonomy":"category","embeddable":true,"href":"https:\/\/expressometro.mx\/index.php\/wp-json\/wp\/v2\/categories?post=1432"},{"taxonomy":"post_tag","embeddable":true,"href":"https:\/\/expressometro.mx\/index.php\/wp-json\/wp\/v2\/tags?post=1432"}],"curies":[{"name":"wp","href":"https:\/\/api.w.org\/{rel}","templated":true}]}}