{"id":1420,"date":"2020-04-03T16:35:58","date_gmt":"2020-04-03T22:35:58","guid":{"rendered":"http:\/\/expressometro.mx\/?p=1420"},"modified":"2020-04-03T17:41:44","modified_gmt":"2020-04-03T23:41:44","slug":"informa-alfredo-del-mazo-acciones-para-proteger-a-mujeres-y-ninos-que-puedan-sufrir-violencia-intrafamiliar-durante-periodo-de-resguardo-por-pandemia-del-covid-19","status":"publish","type":"post","link":"https:\/\/expressometro.mx\/index.php\/2020\/04\/03\/informa-alfredo-del-mazo-acciones-para-proteger-a-mujeres-y-ninos-que-puedan-sufrir-violencia-intrafamiliar-durante-periodo-de-resguardo-por-pandemia-del-covid-19\/","title":{"rendered":"INFORMA ALFREDO DEL MAZO ACCIONES PARA PROTEGER A MUJERES Y NI\u00d1OS QUE PUEDAN SUFRIR VIOLENCIA INTRAFAMILIAR DURANTE PERIODO DE RESGUARDO POR PANDEMIA DEL COVID-19"},"content":{"rendered":"\n<figure class=\"wp-block-video\"><video height=\"480\" style=\"aspect-ratio: 640 \/ 480;\" width=\"640\" controls src=\"http:\/\/expressometro.mx\/wp-content\/uploads\/2020\/04\/IMG_7729.3gp\"><\/video><\/figure>\n\n\n\n<p>El Gobernador Alfredo Del Mazo Maza se\u00f1al\u00f3 que ante el llamado a permanecer en casa para evitar contagios por Covid-19, esta situaci\u00f3n puede generar conflictos que lleven a la violencia al interior de los hogares, por lo que dio a conocer las acciones que la administraci\u00f3n estatal impulsa para proteger, principalmente a las mujeres y ni\u00f1os que puedan sufrir violencia intrafamiliar. <\/p>\n\n\n\n<p>\u201cLa permanencia en casa por largos periodos de tiempo a causa de la pandemia, nos puede generar estr\u00e9s, tensi\u00f3n, angustia, preocupaci\u00f3n y en algunos casos puede generar conflictos que lleven a la violencia al interior de los hogares.<\/p>\n\n\n\n<p>\u201cPara prevenir la violencia intrafamiliar y proteger a las mujeres y a los ni\u00f1os, hoy anunciamos ocho acciones para fortalecer su protecci\u00f3n dentro del hogar\u201d, puntualiz\u00f3 el Gobernador mexiquense, a trav\u00e9s de un mensaje que emiti\u00f3 a trav\u00e9s de redes sociales. <\/p>\n\n\n\n<p>El Gobernador del Estado de M\u00e9xico precis\u00f3 que se cuenta con 70 Oficinas de Atenci\u00f3n V\u00edctimas y de Atenci\u00f3n a la Mujer en matera psicol\u00f3gica, jur\u00eddica y de trabajo social.<\/p>\n\n\n\n<p>Se cre\u00f3 la Gu\u00eda para mujeres en situaci\u00f3n de violencia, para que las familias prevengan e identifiquen este tipo de situaciones y puedan pedir ayuda en caso de riesgo, y manifest\u00f3 que esta problem\u00e1tica empieza con violencia verbal,  acoso, hostigamiento, violencia emocional y puede terminar en maltrato f\u00edsico o casos lamentables como la muerte.<\/p>\n\n\n\n<p>En este sentido, reiter\u00f3 la importancia de denunciar a tiempo, por lo que est\u00e1 a disposici\u00f3n la L\u00ednea Sin Violencia, con el n\u00famero 800 108 4053.<\/p>\n\n\n\n<p>Del Mazo Maza sostuvo que la tercera acci\u00f3n es el reforzamiento de las Brigadas de Rescate y Seguimiento para acudir a los hogares, atender los casos urgentes y trasladar a las mujeres en riesgo a un lugar seguro.<\/p>\n\n\n\n<p>Indic\u00f3 que la entidad cuenta con una red de seis refugios y la estrategia de \u201cPuertas Violetas\u201d que brindan asistencia m\u00e9dica, legal y psicol\u00f3gica, los cuales est\u00e1n a disposici\u00f3n de las mujeres que requieran salir de sus hogares por ser violentadas. <\/p>\n\n\n\n<p>Asimismo, destac\u00f3 que la Fiscal\u00eda Especializada en Delitos de G\u00e9nero cuenta con cuatro Centros de Justicia para la mujer, 14 agencias de Atenci\u00f3n a la Violencia de G\u00e9nero y cinco Unidades M\u00f3viles que operan en las zonas de mayor presencia de violencia intrafamiliar.<\/p>\n\n\n\n<p>Mientras que la Secretar\u00eda de Seguridad, a trav\u00e9s de la Polic\u00eda de G\u00e9nero, incrementar\u00e1 el patrullaje  en las regiones con mayor \u00edndice de violencia hacia las mujeres.<\/p>\n\n\n\n<p>El mandatario estatal apunt\u00f3 que se puso en marcha la campa\u00f1a informativa \u201cContingencia sin Violencia\u201d que busca difundir estas acciones y la informaci\u00f3n necesaria para posibles v\u00edctimas de violencia. <\/p>\n\n\n\n<p>Tambi\u00e9n, dijo, est\u00e1 a disposici\u00f3n de la poblaci\u00f3n la aplicaci\u00f3n para dispositivos m\u00f3viles \u201cRed Naranja\u201d, el n\u00famero 089 para denuncia an\u00f3nima y el 911 para cualquier emergencia,  as\u00ed como el correo electr\u00f3nico cerotolerancia@edomex.gob.mx.<\/p>\n\n\n\n<p>\u201cGarantizar la protecci\u00f3n de los derechos de las mujeres, es una prioridad; les pido a todos y a todas estar atentos e identificar situaciones de violencia entre vecinos, familiares y conocidos. Denunciemos estos hechos para prevenir la violencia contra las mujeres y los ni\u00f1os\u201d, se\u00f1al\u00f3.<\/p>\n\n\n\n<p>El titular del Ejecutivo estatal hizo un llamado a los hombres, quienes, dijo, deben tratar con respeto a las mujeres, y manifest\u00f3 que ante la contingencia que se vive en estos d\u00edas, el cari\u00f1o, la solidaridad y la comprensi\u00f3n son las mayores herramientas para enfrentar esta pandemia. <\/p>\n\n\n\n<p>\u201cEn especial, hago un llamado a todos los hombres para que traten con respeto a las mujeres, a las mujeres que conforman su n\u00facleo familiar y a las mujeres con las que conviven de manera cotidiana. <br>\nAl interior de nuestras casas, los hombres tenemos una importante responsabilidad, hoy siempre debemos conducirnos con respeto, con cari\u00f1o, con amor, participando de manera equitativa en las labores dom\u00e9sticas, en el cuidado de los ni\u00f1os y de nuestros adultos mayores\u201d, expres\u00f3.<\/p>\n","protected":false},"excerpt":{"rendered":"<p>El Gobernador Alfredo Del Mazo Maza se\u00f1al\u00f3 que ante el llamado a permanecer en casa para evitar contagios por Covid-19, esta situaci\u00f3n puede generar conflictos que lleven a la violencia al interior de los hogares, por lo que dio a conocer las acciones que la administraci\u00f3n estatal impulsa para proteger, principalmente a las mujeres y ni\u00f1os que puedan sufrir violencia intrafamiliar. \u201cLa permanencia en casa por largos periodos de tiempo a causa de la pandemia, nos puede generar estr\u00e9s, tensi\u00f3n, angustia, preocupaci\u00f3n y en algunos casos puede generar conflictos que&hellip;<\/p>\n","protected":false},"author":1,"featured_media":1421,"comment_status":"open","ping_status":"open","sticky":false,"template":"","format":"standard","meta":{"footnotes":""},"categories":[1],"tags":[],"class_list":["post-1420","post","type-post","status-publish","format-standard","has-post-thumbnail","hentry","category-otros"],"yoast_head":"<!-- This site is optimized with the Yoast SEO plugin v27.5 - https:\/\/yoast.com\/product\/yoast-seo-wordpress\/ -->\n<title>INFORMA ALFREDO DEL MAZO ACCIONES PARA PROTEGER A MUJERES Y NI\u00d1OS QUE PUEDAN SUFRIR VIOLENCIA INTRAFAMILIAR DURANTE PERIODO DE RESGUARDO POR PANDEMIA DEL COVID-19 - Expresso Metropolitano<\/title>\n<meta name=\"robots\" content=\"index, follow, max-snippet:-1, max-image-preview:large, max-video-preview:-1\" \/>\n<link rel=\"canonical\" href=\"https:\/\/expressometro.mx\/index.php\/2020\/04\/03\/informa-alfredo-del-mazo-acciones-para-proteger-a-mujeres-y-ninos-que-puedan-sufrir-violencia-intrafamiliar-durante-periodo-de-resguardo-por-pandemia-del-covid-19\/\" \/>\n<meta property=\"og:locale\" content=\"es_MX\" \/>\n<meta property=\"og:type\" content=\"article\" \/>\n<meta property=\"og:title\" content=\"INFORMA ALFREDO DEL MAZO ACCIONES PARA PROTEGER A MUJERES Y NI\u00d1OS QUE PUEDAN SUFRIR VIOLENCIA INTRAFAMILIAR DURANTE PERIODO DE RESGUARDO POR PANDEMIA DEL COVID-19 - Expresso Metropolitano\" \/>\n<meta property=\"og:description\" content=\"El Gobernador Alfredo Del Mazo Maza se\u00f1al\u00f3 que ante el llamado a permanecer en casa para evitar contagios por Covid-19, esta situaci\u00f3n puede generar conflictos que lleven a la violencia al interior de los hogares, por lo que dio a conocer las acciones que la administraci\u00f3n estatal impulsa para proteger, principalmente a las mujeres y ni\u00f1os que puedan sufrir violencia intrafamiliar. \u201cLa permanencia en casa por largos periodos de tiempo a causa de la pandemia, nos puede generar estr\u00e9s, tensi\u00f3n, angustia, preocupaci\u00f3n y en algunos casos puede generar conflictos que&hellip;\" \/>\n<meta property=\"og:url\" content=\"https:\/\/expressometro.mx\/index.php\/2020\/04\/03\/informa-alfredo-del-mazo-acciones-para-proteger-a-mujeres-y-ninos-que-puedan-sufrir-violencia-intrafamiliar-durante-periodo-de-resguardo-por-pandemia-del-covid-19\/\" \/>\n<meta property=\"og:site_name\" content=\"Expresso Metropolitano\" \/>\n<meta property=\"article:published_time\" content=\"2020-04-03T22:35:58+00:00\" \/>\n<meta property=\"article:modified_time\" content=\"2020-04-03T23:41:44+00:00\" \/>\n<meta property=\"og:image\" content=\"https:\/\/expressometro.mx\/wp-content\/uploads\/2020\/04\/85F14857-552A-4F4C-9DF0-BB0FE55C10CE.jpeg\" \/>\n\t<meta property=\"og:image:width\" content=\"1280\" \/>\n\t<meta property=\"og:image:height\" content=\"720\" \/>\n\t<meta property=\"og:image:type\" content=\"image\/jpeg\" \/>\n<meta name=\"author\" content=\"Expresso Metropolitano\" \/>\n<meta name=\"twitter:label1\" content=\"Escrito por\" \/>\n\t<meta name=\"twitter:data1\" content=\"Expresso Metropolitano\" \/>\n\t<meta name=\"twitter:label2\" content=\"Tiempo de lectura\" \/>\n\t<meta name=\"twitter:data2\" content=\"3 minutos\" \/>\n<script type=\"application\/ld+json\" class=\"yoast-schema-graph\">{\"@context\":\"https:\\\/\\\/schema.org\",\"@graph\":[{\"@type\":\"Article\",\"@id\":\"https:\\\/\\\/expressometro.mx\\\/index.php\\\/2020\\\/04\\\/03\\\/informa-alfredo-del-mazo-acciones-para-proteger-a-mujeres-y-ninos-que-puedan-sufrir-violencia-intrafamiliar-durante-periodo-de-resguardo-por-pandemia-del-covid-19\\\/#article\",\"isPartOf\":{\"@id\":\"https:\\\/\\\/expressometro.mx\\\/index.php\\\/2020\\\/04\\\/03\\\/informa-alfredo-del-mazo-acciones-para-proteger-a-mujeres-y-ninos-que-puedan-sufrir-violencia-intrafamiliar-durante-periodo-de-resguardo-por-pandemia-del-covid-19\\\/\"},\"author\":{\"name\":\"Expresso Metropolitano\",\"@id\":\"https:\\\/\\\/expressometro.mx\\\/#\\\/schema\\\/person\\\/efa971b4a0664db8ed5c22b1b0dd2f5d\"},\"headline\":\"INFORMA ALFREDO DEL MAZO ACCIONES PARA PROTEGER A MUJERES Y NI\u00d1OS QUE PUEDAN SUFRIR VIOLENCIA INTRAFAMILIAR DURANTE PERIODO DE RESGUARDO POR PANDEMIA DEL COVID-19\",\"datePublished\":\"2020-04-03T22:35:58+00:00\",\"dateModified\":\"2020-04-03T23:41:44+00:00\",\"mainEntityOfPage\":{\"@id\":\"https:\\\/\\\/expressometro.mx\\\/index.php\\\/2020\\\/04\\\/03\\\/informa-alfredo-del-mazo-acciones-para-proteger-a-mujeres-y-ninos-que-puedan-sufrir-violencia-intrafamiliar-durante-periodo-de-resguardo-por-pandemia-del-covid-19\\\/\"},\"wordCount\":710,\"commentCount\":0,\"publisher\":{\"@id\":\"https:\\\/\\\/expressometro.mx\\\/#organization\"},\"image\":{\"@id\":\"https:\\\/\\\/expressometro.mx\\\/index.php\\\/2020\\\/04\\\/03\\\/informa-alfredo-del-mazo-acciones-para-proteger-a-mujeres-y-ninos-que-puedan-sufrir-violencia-intrafamiliar-durante-periodo-de-resguardo-por-pandemia-del-covid-19\\\/#primaryimage\"},\"thumbnailUrl\":\"https:\\\/\\\/expressometro.mx\\\/wp-content\\\/uploads\\\/2020\\\/04\\\/85F14857-552A-4F4C-9DF0-BB0FE55C10CE.jpeg\",\"articleSection\":[\"Otros\"],\"inLanguage\":\"es\",\"potentialAction\":[{\"@type\":\"CommentAction\",\"name\":\"Comment\",\"target\":[\"https:\\\/\\\/expressometro.mx\\\/index.php\\\/2020\\\/04\\\/03\\\/informa-alfredo-del-mazo-acciones-para-proteger-a-mujeres-y-ninos-que-puedan-sufrir-violencia-intrafamiliar-durante-periodo-de-resguardo-por-pandemia-del-covid-19\\\/#respond\"]}]},{\"@type\":\"WebPage\",\"@id\":\"https:\\\/\\\/expressometro.mx\\\/index.php\\\/2020\\\/04\\\/03\\\/informa-alfredo-del-mazo-acciones-para-proteger-a-mujeres-y-ninos-que-puedan-sufrir-violencia-intrafamiliar-durante-periodo-de-resguardo-por-pandemia-del-covid-19\\\/\",\"url\":\"https:\\\/\\\/expressometro.mx\\\/index.php\\\/2020\\\/04\\\/03\\\/informa-alfredo-del-mazo-acciones-para-proteger-a-mujeres-y-ninos-que-puedan-sufrir-violencia-intrafamiliar-durante-periodo-de-resguardo-por-pandemia-del-covid-19\\\/\",\"name\":\"INFORMA ALFREDO DEL MAZO ACCIONES PARA PROTEGER A MUJERES Y NI\u00d1OS QUE PUEDAN SUFRIR VIOLENCIA INTRAFAMILIAR DURANTE PERIODO DE RESGUARDO POR PANDEMIA DEL COVID-19 - Expresso Metropolitano\",\"isPartOf\":{\"@id\":\"https:\\\/\\\/expressometro.mx\\\/#website\"},\"primaryImageOfPage\":{\"@id\":\"https:\\\/\\\/expressometro.mx\\\/index.php\\\/2020\\\/04\\\/03\\\/informa-alfredo-del-mazo-acciones-para-proteger-a-mujeres-y-ninos-que-puedan-sufrir-violencia-intrafamiliar-durante-periodo-de-resguardo-por-pandemia-del-covid-19\\\/#primaryimage\"},\"image\":{\"@id\":\"https:\\\/\\\/expressometro.mx\\\/index.php\\\/2020\\\/04\\\/03\\\/informa-alfredo-del-mazo-acciones-para-proteger-a-mujeres-y-ninos-que-puedan-sufrir-violencia-intrafamiliar-durante-periodo-de-resguardo-por-pandemia-del-covid-19\\\/#primaryimage\"},\"thumbnailUrl\":\"https:\\\/\\\/expressometro.mx\\\/wp-content\\\/uploads\\\/2020\\\/04\\\/85F14857-552A-4F4C-9DF0-BB0FE55C10CE.jpeg\",\"datePublished\":\"2020-04-03T22:35:58+00:00\",\"dateModified\":\"2020-04-03T23:41:44+00:00\",\"breadcrumb\":{\"@id\":\"https:\\\/\\\/expressometro.mx\\\/index.php\\\/2020\\\/04\\\/03\\\/informa-alfredo-del-mazo-acciones-para-proteger-a-mujeres-y-ninos-que-puedan-sufrir-violencia-intrafamiliar-durante-periodo-de-resguardo-por-pandemia-del-covid-19\\\/#breadcrumb\"},\"inLanguage\":\"es\",\"potentialAction\":[{\"@type\":\"ReadAction\",\"target\":[\"https:\\\/\\\/expressometro.mx\\\/index.php\\\/2020\\\/04\\\/03\\\/informa-alfredo-del-mazo-acciones-para-proteger-a-mujeres-y-ninos-que-puedan-sufrir-violencia-intrafamiliar-durante-periodo-de-resguardo-por-pandemia-del-covid-19\\\/\"]}]},{\"@type\":\"ImageObject\",\"inLanguage\":\"es\",\"@id\":\"https:\\\/\\\/expressometro.mx\\\/index.php\\\/2020\\\/04\\\/03\\\/informa-alfredo-del-mazo-acciones-para-proteger-a-mujeres-y-ninos-que-puedan-sufrir-violencia-intrafamiliar-durante-periodo-de-resguardo-por-pandemia-del-covid-19\\\/#primaryimage\",\"url\":\"https:\\\/\\\/expressometro.mx\\\/wp-content\\\/uploads\\\/2020\\\/04\\\/85F14857-552A-4F4C-9DF0-BB0FE55C10CE.jpeg\",\"contentUrl\":\"https:\\\/\\\/expressometro.mx\\\/wp-content\\\/uploads\\\/2020\\\/04\\\/85F14857-552A-4F4C-9DF0-BB0FE55C10CE.jpeg\",\"width\":1280,\"height\":720},{\"@type\":\"BreadcrumbList\",\"@id\":\"https:\\\/\\\/expressometro.mx\\\/index.php\\\/2020\\\/04\\\/03\\\/informa-alfredo-del-mazo-acciones-para-proteger-a-mujeres-y-ninos-que-puedan-sufrir-violencia-intrafamiliar-durante-periodo-de-resguardo-por-pandemia-del-covid-19\\\/#breadcrumb\",\"itemListElement\":[{\"@type\":\"ListItem\",\"position\":1,\"name\":\"Inicio\",\"item\":\"https:\\\/\\\/expressometro.mx\\\/\"},{\"@type\":\"ListItem\",\"position\":2,\"name\":\"INFORMA ALFREDO DEL MAZO ACCIONES PARA PROTEGER A MUJERES Y NI\u00d1OS QUE PUEDAN SUFRIR VIOLENCIA INTRAFAMILIAR DURANTE PERIODO DE RESGUARDO POR PANDEMIA DEL COVID-19\"}]},{\"@type\":\"WebSite\",\"@id\":\"https:\\\/\\\/expressometro.mx\\\/#website\",\"url\":\"https:\\\/\\\/expressometro.mx\\\/\",\"name\":\"Expresso Metropolitano\",\"description\":\"Periodismo comprometido, informaci\u00f3n, investigaci\u00f3n y an\u00e1lisis\",\"publisher\":{\"@id\":\"https:\\\/\\\/expressometro.mx\\\/#organization\"},\"potentialAction\":[{\"@type\":\"SearchAction\",\"target\":{\"@type\":\"EntryPoint\",\"urlTemplate\":\"https:\\\/\\\/expressometro.mx\\\/?s={search_term_string}\"},\"query-input\":{\"@type\":\"PropertyValueSpecification\",\"valueRequired\":true,\"valueName\":\"search_term_string\"}}],\"inLanguage\":\"es\"},{\"@type\":\"Organization\",\"@id\":\"https:\\\/\\\/expressometro.mx\\\/#organization\",\"name\":\"Expresso Metropolitano\",\"url\":\"https:\\\/\\\/expressometro.mx\\\/\",\"logo\":{\"@type\":\"ImageObject\",\"inLanguage\":\"es\",\"@id\":\"https:\\\/\\\/expressometro.mx\\\/#\\\/schema\\\/logo\\\/image\\\/\",\"url\":\"https:\\\/\\\/expressometro.mx\\\/wp-content\\\/uploads\\\/2019\\\/07\\\/cropped-Logo-Expresso-Metropolitano-1-1.jpeg\",\"contentUrl\":\"https:\\\/\\\/expressometro.mx\\\/wp-content\\\/uploads\\\/2019\\\/07\\\/cropped-Logo-Expresso-Metropolitano-1-1.jpeg\",\"width\":290,\"height\":73,\"caption\":\"Expresso Metropolitano\"},\"image\":{\"@id\":\"https:\\\/\\\/expressometro.mx\\\/#\\\/schema\\\/logo\\\/image\\\/\"}},{\"@type\":\"Person\",\"@id\":\"https:\\\/\\\/expressometro.mx\\\/#\\\/schema\\\/person\\\/efa971b4a0664db8ed5c22b1b0dd2f5d\",\"name\":\"Expresso Metropolitano\",\"image\":{\"@type\":\"ImageObject\",\"inLanguage\":\"es\",\"@id\":\"https:\\\/\\\/secure.gravatar.com\\\/avatar\\\/a89f802b8de18c6952f223c88d3d106e9e3679839f4e25a02f4a6cc2ae6ba3b3?s=96&d=mm&r=g\",\"url\":\"https:\\\/\\\/secure.gravatar.com\\\/avatar\\\/a89f802b8de18c6952f223c88d3d106e9e3679839f4e25a02f4a6cc2ae6ba3b3?s=96&d=mm&r=g\",\"contentUrl\":\"https:\\\/\\\/secure.gravatar.com\\\/avatar\\\/a89f802b8de18c6952f223c88d3d106e9e3679839f4e25a02f4a6cc2ae6ba3b3?s=96&d=mm&r=g\",\"caption\":\"Expresso Metropolitano\"},\"url\":\"https:\\\/\\\/expressometro.mx\\\/index.php\\\/author\\\/diego\\\/\"}]}<\/script>\n<!-- \/ Yoast SEO plugin. -->","yoast_head_json":{"title":"INFORMA ALFREDO DEL MAZO ACCIONES PARA PROTEGER A MUJERES Y NI\u00d1OS QUE PUEDAN SUFRIR VIOLENCIA INTRAFAMILIAR DURANTE PERIODO DE RESGUARDO POR PANDEMIA DEL COVID-19 - Expresso Metropolitano","robots":{"index":"index","follow":"follow","max-snippet":"max-snippet:-1","max-image-preview":"max-image-preview:large","max-video-preview":"max-video-preview:-1"},"canonical":"https:\/\/expressometro.mx\/index.php\/2020\/04\/03\/informa-alfredo-del-mazo-acciones-para-proteger-a-mujeres-y-ninos-que-puedan-sufrir-violencia-intrafamiliar-durante-periodo-de-resguardo-por-pandemia-del-covid-19\/","og_locale":"es_MX","og_type":"article","og_title":"INFORMA ALFREDO DEL MAZO ACCIONES PARA PROTEGER A MUJERES Y NI\u00d1OS QUE PUEDAN SUFRIR VIOLENCIA INTRAFAMILIAR DURANTE PERIODO DE RESGUARDO POR PANDEMIA DEL COVID-19 - Expresso Metropolitano","og_description":"El Gobernador Alfredo Del Mazo Maza se\u00f1al\u00f3 que ante el llamado a permanecer en casa para evitar contagios por Covid-19, esta situaci\u00f3n puede generar conflictos que lleven a la violencia al interior de los hogares, por lo que dio a conocer las acciones que la administraci\u00f3n estatal impulsa para proteger, principalmente a las mujeres y ni\u00f1os que puedan sufrir violencia intrafamiliar. \u201cLa permanencia en casa por largos periodos de tiempo a causa de la pandemia, nos puede generar estr\u00e9s, tensi\u00f3n, angustia, preocupaci\u00f3n y en algunos casos puede generar conflictos que&hellip;","og_url":"https:\/\/expressometro.mx\/index.php\/2020\/04\/03\/informa-alfredo-del-mazo-acciones-para-proteger-a-mujeres-y-ninos-que-puedan-sufrir-violencia-intrafamiliar-durante-periodo-de-resguardo-por-pandemia-del-covid-19\/","og_site_name":"Expresso Metropolitano","article_published_time":"2020-04-03T22:35:58+00:00","article_modified_time":"2020-04-03T23:41:44+00:00","og_image":[{"width":1280,"height":720,"url":"https:\/\/expressometro.mx\/wp-content\/uploads\/2020\/04\/85F14857-552A-4F4C-9DF0-BB0FE55C10CE.jpeg","type":"image\/jpeg"}],"author":"Expresso Metropolitano","twitter_misc":{"Escrito por":"Expresso Metropolitano","Tiempo de lectura":"3 minutos"},"schema":{"@context":"https:\/\/schema.org","@graph":[{"@type":"Article","@id":"https:\/\/expressometro.mx\/index.php\/2020\/04\/03\/informa-alfredo-del-mazo-acciones-para-proteger-a-mujeres-y-ninos-que-puedan-sufrir-violencia-intrafamiliar-durante-periodo-de-resguardo-por-pandemia-del-covid-19\/#article","isPartOf":{"@id":"https:\/\/expressometro.mx\/index.php\/2020\/04\/03\/informa-alfredo-del-mazo-acciones-para-proteger-a-mujeres-y-ninos-que-puedan-sufrir-violencia-intrafamiliar-durante-periodo-de-resguardo-por-pandemia-del-covid-19\/"},"author":{"name":"Expresso Metropolitano","@id":"https:\/\/expressometro.mx\/#\/schema\/person\/efa971b4a0664db8ed5c22b1b0dd2f5d"},"headline":"INFORMA ALFREDO DEL MAZO ACCIONES PARA PROTEGER A MUJERES Y NI\u00d1OS QUE PUEDAN SUFRIR VIOLENCIA INTRAFAMILIAR DURANTE PERIODO DE RESGUARDO POR PANDEMIA DEL COVID-19","datePublished":"2020-04-03T22:35:58+00:00","dateModified":"2020-04-03T23:41:44+00:00","mainEntityOfPage":{"@id":"https:\/\/expressometro.mx\/index.php\/2020\/04\/03\/informa-alfredo-del-mazo-acciones-para-proteger-a-mujeres-y-ninos-que-puedan-sufrir-violencia-intrafamiliar-durante-periodo-de-resguardo-por-pandemia-del-covid-19\/"},"wordCount":710,"commentCount":0,"publisher":{"@id":"https:\/\/expressometro.mx\/#organization"},"image":{"@id":"https:\/\/expressometro.mx\/index.php\/2020\/04\/03\/informa-alfredo-del-mazo-acciones-para-proteger-a-mujeres-y-ninos-que-puedan-sufrir-violencia-intrafamiliar-durante-periodo-de-resguardo-por-pandemia-del-covid-19\/#primaryimage"},"thumbnailUrl":"https:\/\/expressometro.mx\/wp-content\/uploads\/2020\/04\/85F14857-552A-4F4C-9DF0-BB0FE55C10CE.jpeg","articleSection":["Otros"],"inLanguage":"es","potentialAction":[{"@type":"CommentAction","name":"Comment","target":["https:\/\/expressometro.mx\/index.php\/2020\/04\/03\/informa-alfredo-del-mazo-acciones-para-proteger-a-mujeres-y-ninos-que-puedan-sufrir-violencia-intrafamiliar-durante-periodo-de-resguardo-por-pandemia-del-covid-19\/#respond"]}]},{"@type":"WebPage","@id":"https:\/\/expressometro.mx\/index.php\/2020\/04\/03\/informa-alfredo-del-mazo-acciones-para-proteger-a-mujeres-y-ninos-que-puedan-sufrir-violencia-intrafamiliar-durante-periodo-de-resguardo-por-pandemia-del-covid-19\/","url":"https:\/\/expressometro.mx\/index.php\/2020\/04\/03\/informa-alfredo-del-mazo-acciones-para-proteger-a-mujeres-y-ninos-que-puedan-sufrir-violencia-intrafamiliar-durante-periodo-de-resguardo-por-pandemia-del-covid-19\/","name":"INFORMA ALFREDO DEL MAZO ACCIONES PARA PROTEGER A MUJERES Y NI\u00d1OS QUE PUEDAN SUFRIR VIOLENCIA INTRAFAMILIAR DURANTE PERIODO DE RESGUARDO POR PANDEMIA DEL COVID-19 - Expresso Metropolitano","isPartOf":{"@id":"https:\/\/expressometro.mx\/#website"},"primaryImageOfPage":{"@id":"https:\/\/expressometro.mx\/index.php\/2020\/04\/03\/informa-alfredo-del-mazo-acciones-para-proteger-a-mujeres-y-ninos-que-puedan-sufrir-violencia-intrafamiliar-durante-periodo-de-resguardo-por-pandemia-del-covid-19\/#primaryimage"},"image":{"@id":"https:\/\/expressometro.mx\/index.php\/2020\/04\/03\/informa-alfredo-del-mazo-acciones-para-proteger-a-mujeres-y-ninos-que-puedan-sufrir-violencia-intrafamiliar-durante-periodo-de-resguardo-por-pandemia-del-covid-19\/#primaryimage"},"thumbnailUrl":"https:\/\/expressometro.mx\/wp-content\/uploads\/2020\/04\/85F14857-552A-4F4C-9DF0-BB0FE55C10CE.jpeg","datePublished":"2020-04-03T22:35:58+00:00","dateModified":"2020-04-03T23:41:44+00:00","breadcrumb":{"@id":"https:\/\/expressometro.mx\/index.php\/2020\/04\/03\/informa-alfredo-del-mazo-acciones-para-proteger-a-mujeres-y-ninos-que-puedan-sufrir-violencia-intrafamiliar-durante-periodo-de-resguardo-por-pandemia-del-covid-19\/#breadcrumb"},"inLanguage":"es","potentialAction":[{"@type":"ReadAction","target":["https:\/\/expressometro.mx\/index.php\/2020\/04\/03\/informa-alfredo-del-mazo-acciones-para-proteger-a-mujeres-y-ninos-que-puedan-sufrir-violencia-intrafamiliar-durante-periodo-de-resguardo-por-pandemia-del-covid-19\/"]}]},{"@type":"ImageObject","inLanguage":"es","@id":"https:\/\/expressometro.mx\/index.php\/2020\/04\/03\/informa-alfredo-del-mazo-acciones-para-proteger-a-mujeres-y-ninos-que-puedan-sufrir-violencia-intrafamiliar-durante-periodo-de-resguardo-por-pandemia-del-covid-19\/#primaryimage","url":"https:\/\/expressometro.mx\/wp-content\/uploads\/2020\/04\/85F14857-552A-4F4C-9DF0-BB0FE55C10CE.jpeg","contentUrl":"https:\/\/expressometro.mx\/wp-content\/uploads\/2020\/04\/85F14857-552A-4F4C-9DF0-BB0FE55C10CE.jpeg","width":1280,"height":720},{"@type":"BreadcrumbList","@id":"https:\/\/expressometro.mx\/index.php\/2020\/04\/03\/informa-alfredo-del-mazo-acciones-para-proteger-a-mujeres-y-ninos-que-puedan-sufrir-violencia-intrafamiliar-durante-periodo-de-resguardo-por-pandemia-del-covid-19\/#breadcrumb","itemListElement":[{"@type":"ListItem","position":1,"name":"Inicio","item":"https:\/\/expressometro.mx\/"},{"@type":"ListItem","position":2,"name":"INFORMA ALFREDO DEL MAZO ACCIONES PARA PROTEGER A MUJERES Y NI\u00d1OS QUE PUEDAN SUFRIR VIOLENCIA INTRAFAMILIAR DURANTE PERIODO DE RESGUARDO POR PANDEMIA DEL COVID-19"}]},{"@type":"WebSite","@id":"https:\/\/expressometro.mx\/#website","url":"https:\/\/expressometro.mx\/","name":"Expresso Metropolitano","description":"Periodismo comprometido, informaci\u00f3n, investigaci\u00f3n y an\u00e1lisis","publisher":{"@id":"https:\/\/expressometro.mx\/#organization"},"potentialAction":[{"@type":"SearchAction","target":{"@type":"EntryPoint","urlTemplate":"https:\/\/expressometro.mx\/?s={search_term_string}"},"query-input":{"@type":"PropertyValueSpecification","valueRequired":true,"valueName":"search_term_string"}}],"inLanguage":"es"},{"@type":"Organization","@id":"https:\/\/expressometro.mx\/#organization","name":"Expresso Metropolitano","url":"https:\/\/expressometro.mx\/","logo":{"@type":"ImageObject","inLanguage":"es","@id":"https:\/\/expressometro.mx\/#\/schema\/logo\/image\/","url":"https:\/\/expressometro.mx\/wp-content\/uploads\/2019\/07\/cropped-Logo-Expresso-Metropolitano-1-1.jpeg","contentUrl":"https:\/\/expressometro.mx\/wp-content\/uploads\/2019\/07\/cropped-Logo-Expresso-Metropolitano-1-1.jpeg","width":290,"height":73,"caption":"Expresso Metropolitano"},"image":{"@id":"https:\/\/expressometro.mx\/#\/schema\/logo\/image\/"}},{"@type":"Person","@id":"https:\/\/expressometro.mx\/#\/schema\/person\/efa971b4a0664db8ed5c22b1b0dd2f5d","name":"Expresso Metropolitano","image":{"@type":"ImageObject","inLanguage":"es","@id":"https:\/\/secure.gravatar.com\/avatar\/a89f802b8de18c6952f223c88d3d106e9e3679839f4e25a02f4a6cc2ae6ba3b3?s=96&d=mm&r=g","url":"https:\/\/secure.gravatar.com\/avatar\/a89f802b8de18c6952f223c88d3d106e9e3679839f4e25a02f4a6cc2ae6ba3b3?s=96&d=mm&r=g","contentUrl":"https:\/\/secure.gravatar.com\/avatar\/a89f802b8de18c6952f223c88d3d106e9e3679839f4e25a02f4a6cc2ae6ba3b3?s=96&d=mm&r=g","caption":"Expresso Metropolitano"},"url":"https:\/\/expressometro.mx\/index.php\/author\/diego\/"}]}},"amp_enabled":true,"_links":{"self":[{"href":"https:\/\/expressometro.mx\/index.php\/wp-json\/wp\/v2\/posts\/1420","targetHints":{"allow":["GET"]}}],"collection":[{"href":"https:\/\/expressometro.mx\/index.php\/wp-json\/wp\/v2\/posts"}],"about":[{"href":"https:\/\/expressometro.mx\/index.php\/wp-json\/wp\/v2\/types\/post"}],"author":[{"embeddable":true,"href":"https:\/\/expressometro.mx\/index.php\/wp-json\/wp\/v2\/users\/1"}],"replies":[{"embeddable":true,"href":"https:\/\/expressometro.mx\/index.php\/wp-json\/wp\/v2\/comments?post=1420"}],"version-history":[{"count":2,"href":"https:\/\/expressometro.mx\/index.php\/wp-json\/wp\/v2\/posts\/1420\/revisions"}],"predecessor-version":[{"id":1424,"href":"https:\/\/expressometro.mx\/index.php\/wp-json\/wp\/v2\/posts\/1420\/revisions\/1424"}],"wp:featuredmedia":[{"embeddable":true,"href":"https:\/\/expressometro.mx\/index.php\/wp-json\/wp\/v2\/media\/1421"}],"wp:attachment":[{"href":"https:\/\/expressometro.mx\/index.php\/wp-json\/wp\/v2\/media?parent=1420"}],"wp:term":[{"taxonomy":"category","embeddable":true,"href":"https:\/\/expressometro.mx\/index.php\/wp-json\/wp\/v2\/categories?post=1420"},{"taxonomy":"post_tag","embeddable":true,"href":"https:\/\/expressometro.mx\/index.php\/wp-json\/wp\/v2\/tags?post=1420"}],"curies":[{"name":"wp","href":"https:\/\/api.w.org\/{rel}","templated":true}]}}